{"id":910,"date":"2014-02-26T12:56:53","date_gmt":"2014-02-26T10:56:53","guid":{"rendered":"http:\/\/localhost\/blogProclinic\/web\/?p=910"},"modified":"2015-09-30T09:45:30","modified_gmt":"2015-09-30T07:45:30","slug":"entrevista-a-tuomas-lokki-vicepresidente-de-planmeca","status":"publish","type":"post","link":"https:\/\/www.proclinic.es\/blog\/entrevista-a-tuomas-lokki-vicepresidente-de-planmeca\/","title":{"rendered":"Entrevista a Tuomas Lokki, vicepresidente de Planmeca"},"content":{"rendered":"<p><strong>Planmeca, uno de los fabricantes l\u00edderes en tecnolog\u00eda dental, ha introducido una gama completa\u00a0de soluciones abiertas de CAD\/CAM para dentistas y laboratorios.<\/strong> <!--more--><strong>Su nueva gama de productos\u00a0completa la oferta de la compa\u00f1\u00eda en dispositivos de imagen 3D, equipos dentales y software,\u00a0todos l\u00edderes en el sector, aportando rentabilidad, calidad y precisi\u00f3n al trabajo dental diario.<\/strong><\/p>\n<p>&nbsp;<\/p>\n<div id=\"ez-toc-container\" class=\"ez-toc-v2_0_76 counter-hierarchy ez-toc-counter ez-toc-white ez-toc-container-direction\">\n<div class=\"ez-toc-title-container\">\n<p class=\"ez-toc-title\" style=\"cursor:inherit\">\u00cdndice de contenidos<\/p>\n<span class=\"ez-toc-title-toggle\"><a href=\"#\" class=\"ez-toc-pull-right ez-toc-btn ez-toc-btn-xs ez-toc-btn-default ez-toc-toggle\" aria-label=\"Toggle Table of Content\"><span class=\"ez-toc-js-icon-con\"><span class=\"\"><span class=\"eztoc-hide\" style=\"display:none;\">Toggle<\/span><span class=\"ez-toc-icon-toggle-span\"><svg style=\"fill: #0098a7;color:#0098a7\" xmlns=\"http:\/\/www.w3.org\/2000\/svg\" class=\"list-377408\" width=\"20px\" height=\"20px\" viewBox=\"0 0 24 24\" fill=\"none\"><path d=\"M6 6H4v2h2V6zm14 0H8v2h12V6zM4 11h2v2H4v-2zm16 0H8v2h12v-2zM4 16h2v2H4v-2zm16 0H8v2h12v-2z\" fill=\"currentColor\"><\/path><\/svg><svg style=\"fill: #0098a7;color:#0098a7\" class=\"arrow-unsorted-368013\" xmlns=\"http:\/\/www.w3.org\/2000\/svg\" width=\"10px\" height=\"10px\" viewBox=\"0 0 24 24\" version=\"1.2\" baseProfile=\"tiny\"><path d=\"M18.2 9.3l-6.2-6.3-6.2 6.3c-.2.2-.3.4-.3.7s.1.5.3.7c.2.2.4.3.7.3h11c.3 0 .5-.1.7-.3.2-.2.3-.5.3-.7s-.1-.5-.3-.7zM5.8 14.7l6.2 6.3 6.2-6.3c.2-.2.3-.5.3-.7s-.1-.5-.3-.7c-.2-.2-.4-.3-.7-.3h-11c-.3 0-.5.1-.7.3-.2.2-.3.5-.3.7s.1.5.3.7z\"\/><\/svg><\/span><\/span><\/span><\/a><\/span><\/div>\n<nav><ul class='ez-toc-list ez-toc-list-level-1 ' ><li class='ez-toc-page-1 ez-toc-heading-level-3'><a class=\"ez-toc-link ez-toc-heading-1\" href=\"https:\/\/www.proclinic.es\/blog\/entrevista-a-tuomas-lokki-vicepresidente-de-planmeca\/#Tuomas_Lokki_vicepresidente_de_Planmeca_nos_habla_sobre_la_nueva_gama_CADCAM_para_clinicas_dentales_las_claves_del_exito_de_la_compania_y_su_estrecha_cooperacion_con_el_distribuidor_espanol_Fadente\" >Tuomas Lokki, vicepresidente de Planmeca, nos habla sobre la nueva gama CAD\/CAM para cl\u00ednicas dentales; las claves del \u00e9xito\u00a0de la compa\u00f1\u00eda y su estrecha cooperaci\u00f3n con el distribuidor espa\u00f1ol Fadente.<\/a><\/li><li class='ez-toc-page-1 ez-toc-heading-level-3'><a class=\"ez-toc-link ez-toc-heading-2\" href=\"https:\/\/www.proclinic.es\/blog\/entrevista-a-tuomas-lokki-vicepresidente-de-planmeca\/#%E2%80%9CLos_diagnosticos_dentales_seran_completamente_digitales_en_el_futuro_asi_que_creemos_en_las_posibilidades_infinitas_y_en_el_futuro_crecimiento_de_la_odontologia_con_CADCAM_Nuestro_objetivo_constante_es_ofrecer_el_mejor_flujo_de_trabajo_digital_para_nuestros_clientes_y_estas_nuevas_soluciones_con_CADCAM_junto_con_nuestros_avanzados_dispositivos_de_imagen_3D_y_nuestro_software_ayudaran_a_elevar_la_odontologia_%E2%80%9Ctodo_hecho_el_mismo_dia%E2%80%9D_al_siguiente_nivel%C2%BB_afirma_Tuomas_Lokki_vicepresidente_del_Grupo_Planmeca\" >\u201cLos diagn\u00f3sticos dentales ser\u00e1n\u00a0completamente digitales en el futuro, as\u00ed que\u00a0creemos en las posibilidades infinitas y en el\u00a0futuro crecimiento de la odontolog\u00eda con CAD\/CAM. Nuestro objetivo constante es ofrecer\u00a0el mejor flujo de trabajo digital para nuestros\u00a0clientes y estas nuevas soluciones con CAD\/CAM, junto con nuestros avanzados dispositivos\u00a0de imagen 3D y nuestro software, ayudar\u00e1n\u00a0a elevar la odontolog\u00eda \u201ctodo hecho el mismo\u00a0d\u00eda\u201d al siguiente nivel\u00bb, afirma Tuomas Lokki,\u00a0vicepresidente del Grupo Planmeca.<\/a><\/li><li class='ez-toc-page-1 ez-toc-heading-level-3'><a class=\"ez-toc-link ez-toc-heading-3\" href=\"https:\/\/www.proclinic.es\/blog\/entrevista-a-tuomas-lokki-vicepresidente-de-planmeca\/#%E2%80%9CNecesitamos_proporcionar_una_formacion_extensa_en_CADCAM_a_nuestra_red_de_distribucion_y_a_nuestros_clientes_que_se_encuentran_repartidos_en_unos_120_paises_Por_ello_hemos_ampliado_recientemente_en_10000_m2_nuestras_instalaciones_junto_a_nuestras_oficinas_principales_de_Helsinki_que_se_destinaran_a_formacion_almacen_y_produccion_lo_que_nos_ayudara_a_afrontar_nuestras_nuevas_necesidades%E2%80%9D\" >\u201cNecesitamos proporcionar una formaci\u00f3n\u00a0extensa en CAD\/CAM a nuestra red de\u00a0distribuci\u00f3n y a nuestros clientes que se\u00a0encuentran repartidos en unos 120 pa\u00edses.\u00a0Por ello, hemos ampliado recientemente en\u00a010.000 m2 nuestras instalaciones junto a\u00a0nuestras oficinas principales de Helsinki, que se\u00a0destinar\u00e1n a formaci\u00f3n, almac\u00e9n y producci\u00f3n,\u00a0lo que nos ayudar\u00e1 a afrontar nuestras nuevas necesidades\u201d.<\/a><\/li><li class='ez-toc-page-1 ez-toc-heading-level-3'><a class=\"ez-toc-link ez-toc-heading-4\" href=\"https:\/\/www.proclinic.es\/blog\/entrevista-a-tuomas-lokki-vicepresidente-de-planmeca\/#%E2%80%9CEsperamos_de_nuestros_especialistas_en_ventas_un_alto_nivel_de_especializacion_tecnica_y_de_IT_y_animamos_a_nuestros_distribuidores_a_proporcionar_a_su_personal_de_ventas_una_amplia_formacion_en_soluciones_digitales_radiologia_y_trabajo_dental_de_laboratorio_Nuestros_productos_son_conocidos_por_su_excelente_facilidad_de_manejo_al_poder_adaptarse_a_diferentes_entornos_de_instalacion_nuestros_especialistas_en_ventas_deben_tener_la_mejor_formacion_posible%E2%80%9C_comenta_Tuomas_Lokki\" >\u201cEsperamos de nuestros especialistas en\u00a0ventas un alto nivel de especializaci\u00f3n t\u00e9cnica\u00a0y de IT, y animamos a nuestros distribuidores a\u00a0proporcionar a su personal de ventas una amplia\u00a0formaci\u00f3n en soluciones digitales, radiolog\u00eda\u00a0y trabajo dental de laboratorio. Nuestros\u00a0productos son conocidos por su excelente\u00a0facilidad de manejo, al poder adaptarse a\u00a0diferentes entornos de instalaci\u00f3n nuestros\u00a0especialistas en ventas deben tener la mejor\u00a0formaci\u00f3n posible\u201c comenta Tuomas Lokki.<\/a><\/li><li class='ez-toc-page-1 ez-toc-heading-level-3'><a class=\"ez-toc-link ez-toc-heading-5\" href=\"https:\/\/www.proclinic.es\/blog\/entrevista-a-tuomas-lokki-vicepresidente-de-planmeca\/#%E2%80%9CLa_inversion_continua_de_Planmeca_en_el_desarrollo_interno_de_productos_es_lo_que_ha_hecho_de_nosotros_lideres_mundiales_durante_tantos_anos_Disenamos_construimos_y_ensamblamos_todos_nuestros_productos_bajo_el_mismo_techo_utilizando_las_ultimas_tecnologias_y_los_mejores_materiales_Creemos_que_las_soluciones_mas_avanzadas_solo_pueden_crearse_trabajando_estrechamente_junto_a_los_profesionales_dentales_y_a_las_principales_universidades_del_mundo_y_siempre_mirando_hacia_el_futuro%E2%80%9D\" >\u201cLa inversi\u00f3n continua de Planmeca en\u00a0el desarrollo interno de productos es lo que\u00a0ha hecho de nosotros l\u00edderes mundiales\u00a0durante tantos a\u00f1os. Dise\u00f1amos, construimos\u00a0y ensamblamos todos nuestros productos\u00a0bajo el mismo techo, utilizando las \u00faltimas\u00a0tecnolog\u00edas y los mejores materiales. Creemos\u00a0que las soluciones m\u00e1s avanzadas solo pueden\u00a0crearse trabajando estrechamente junto a\u00a0los profesionales dentales y a las principales\u00a0universidades del mundo y siempre mirando\u00a0hacia el futuro\u201d.<\/a><\/li><li class='ez-toc-page-1 ez-toc-heading-level-3'><a class=\"ez-toc-link ez-toc-heading-6\" href=\"https:\/\/www.proclinic.es\/blog\/entrevista-a-tuomas-lokki-vicepresidente-de-planmeca\/#%E2%80%9CHemos_sido_capaces_de_conseguir_un_crecimiento_continuo_y_global_independientemente_de_la_situacion_economica_actual_En_este_momento_somos_lideres_del_mercado_escandinavo_y_frances_numero_uno_en_imagen_panoramica_2D_en_EEUU_lider_de_mercado_en_China_tanto_en_imagen_2D_y_3D_y_numero_uno_en_Oriente_Medio_mencionando_solo_algunos_paises%E2%80%9D_afirma_Tuomas_Lokki\" >\u201cHemos sido capaces de conseguir un crecimiento continuo y global\u00a0independientemente de la situaci\u00f3n econ\u00f3mica\u00a0actual. En este momento somos l\u00edderes del\u00a0mercado escandinavo y franc\u00e9s, n\u00famero uno\u00a0en imagen panor\u00e1mica 2D en EEUU, l\u00edder\u00a0de mercado en China tanto en imagen 2D y\u00a03D y n\u00famero uno en Oriente Medio, mencionando s\u00f3lo algunos pa\u00edses\u201d, afirma Tuomas\u00a0Lokki.<\/a><\/li><\/ul><\/nav><\/div>\n<h3><span class=\"ez-toc-section\" id=\"Tuomas_Lokki_vicepresidente_de_Planmeca_nos_habla_sobre_la_nueva_gama_CADCAM_para_clinicas_dentales_las_claves_del_exito_de_la_compania_y_su_estrecha_cooperacion_con_el_distribuidor_espanol_Fadente\"><\/span><span style=\"color: #008080;\">Tuomas Lokki, vicepresidente de Planmeca, nos habla sobre la nueva gama CAD\/CAM para cl\u00ednicas dentales; las claves del \u00e9xito\u00a0de la compa\u00f1\u00eda y su estrecha cooperaci\u00f3n con el distribuidor espa\u00f1ol Fadente.<\/span><span class=\"ez-toc-section-end\"><\/span><\/h3>\n<p>&nbsp;<\/p>\n<p><strong>La soluci\u00f3n Planmeca Chairside CAD\/CAM\u2122<\/strong> para cl\u00ednicas dentales <strong>ofrece a\u00a0los dentistas un flujo de trabajo digital\u00a0completamente integrado en tres pasos\u00a0sencillos: escaneado intraoral ultra\u00a0r\u00e1pido, dise\u00f1o sofisticado y fresado\u00a0in situ de alta precisi\u00f3n.<\/strong> Todo ello\u00a0perfectamente integrado en el software de\u00a0imagen Planmeca Romexis\u00ae, por lo que\u00a0por primera vez, un paquete de software\u00a0se usa tanto para im\u00e1genes radiol\u00f3gicas\u00a0como para el trabajo con CAD\/CAM.<\/p>\n<p>&nbsp;<\/p>\n<p><strong>Esto significa que las restauraciones\u00a0dentales se pueden unir f\u00e1cilmente con\u00a0las im\u00e1genes 3D del paciente para una\u00a0simulaci\u00f3n tridimensional de sus implantes\u00a0o se pueden compartir a trav\u00e9s del servicio\u00a0seguro de transferencia de im\u00e1genes\u00a0en la nube Planmeca Romexis\u00ae Cloud.<\/strong><\/p>\n<p>&nbsp;<\/p>\n<h3><span class=\"ez-toc-section\" id=\"%E2%80%9CLos_diagnosticos_dentales_seran_completamente_digitales_en_el_futuro_asi_que_creemos_en_las_posibilidades_infinitas_y_en_el_futuro_crecimiento_de_la_odontologia_con_CADCAM_Nuestro_objetivo_constante_es_ofrecer_el_mejor_flujo_de_trabajo_digital_para_nuestros_clientes_y_estas_nuevas_soluciones_con_CADCAM_junto_con_nuestros_avanzados_dispositivos_de_imagen_3D_y_nuestro_software_ayudaran_a_elevar_la_odontologia_%E2%80%9Ctodo_hecho_el_mismo_dia%E2%80%9D_al_siguiente_nivel%C2%BB_afirma_Tuomas_Lokki_vicepresidente_del_Grupo_Planmeca\"><\/span>\u201c<strong>Los diagn\u00f3sticos dentales ser\u00e1n\u00a0completamente digitales en el futuro, as\u00ed que\u00a0creemos en las posibilidades infinitas y en el\u00a0futuro crecimiento de la odontolog\u00eda con CAD\/CAM.<\/strong> Nuestro objetivo constante es ofrecer\u00a0el mejor flujo de trabajo digital para nuestros\u00a0clientes y estas nuevas soluciones con CAD\/CAM, junto con nuestros avanzados dispositivos\u00a0de imagen 3D y nuestro software, ayudar\u00e1n\u00a0a elevar la odontolog\u00eda \u201ctodo hecho el mismo\u00a0d\u00eda\u201d al siguiente nivel\u00bb, afirma Tuomas Lokki,\u00a0vicepresidente del Grupo Planmeca.<span class=\"ez-toc-section-end\"><\/span><\/h3>\n<p>&nbsp;<\/p>\n<p>Afirma tambi\u00e9n que introducirse en un\u00a0nuevo campo de la odontolog\u00eda, tambi\u00e9n ha creado\u00a0nuevas necesidades para la\u00a0compa\u00f1\u00eda.<\/p>\n<h3><span class=\"ez-toc-section\" id=\"%E2%80%9CNecesitamos_proporcionar_una_formacion_extensa_en_CADCAM_a_nuestra_red_de_distribucion_y_a_nuestros_clientes_que_se_encuentran_repartidos_en_unos_120_paises_Por_ello_hemos_ampliado_recientemente_en_10000_m2_nuestras_instalaciones_junto_a_nuestras_oficinas_principales_de_Helsinki_que_se_destinaran_a_formacion_almacen_y_produccion_lo_que_nos_ayudara_a_afrontar_nuestras_nuevas_necesidades%E2%80%9D\"><\/span><strong>\u201cNecesitamos proporcionar una formaci\u00f3n\u00a0extensa en CAD\/CAM a nuestra red de\u00a0distribuci\u00f3n y a nuestros clientes que se\u00a0encuentran repartidos en unos 120 pa\u00edses.\u00a0Por ello, hemos ampliado recientemente en\u00a010.000 m2 nuestras instalaciones junto a\u00a0nuestras oficinas principales de Helsinki, que se\u00a0destinar\u00e1n a formaci\u00f3n, almac\u00e9n y producci\u00f3n,\u00a0lo que nos ayudar\u00e1 a afrontar nuestras nuevas necesidades\u201d.<\/strong><span class=\"ez-toc-section-end\"><\/span><\/h3>\n<p>&nbsp;<\/p>\n<p>Uno de los fundamentos del \u00e9xito a largo\u00a0plazo de Planmeca es la amplia formaci\u00f3n\u00a0al distribuidor. <strong>En Espa\u00f1a, la perfecta\u00a0cooperaci\u00f3n con Fadente, (distribuidor de\u00a0Planmeca), se basa en el di\u00e1logo constante\u00a0y en el objetivo com\u00fan para el desarrollo\u00a0continuado. Solo durante el \u00faltimo a\u00f1o, 18\u00a0empleados de Fadente entre comerciales,\u00a0especialistas de producto y t\u00e9cnicos,\u00a0estuvieron form\u00e1ndose en Finlandia\u00a0casi 60 d\u00edas.<\/strong> Adem\u00e1s, el jefe del \u00e1rea de\u00a0exportaci\u00f3n de Planmeca, Karri Anttila,\u00a0pasa casi una semana al mes en Espa\u00f1a\u00a0con comerciales y t\u00e9cnicos de Fadente.<\/p>\n<p>&nbsp;<\/p>\n<h3><span class=\"ez-toc-section\" id=\"%E2%80%9CEsperamos_de_nuestros_especialistas_en_ventas_un_alto_nivel_de_especializacion_tecnica_y_de_IT_y_animamos_a_nuestros_distribuidores_a_proporcionar_a_su_personal_de_ventas_una_amplia_formacion_en_soluciones_digitales_radiologia_y_trabajo_dental_de_laboratorio_Nuestros_productos_son_conocidos_por_su_excelente_facilidad_de_manejo_al_poder_adaptarse_a_diferentes_entornos_de_instalacion_nuestros_especialistas_en_ventas_deben_tener_la_mejor_formacion_posible%E2%80%9C_comenta_Tuomas_Lokki\"><\/span>\u201c<strong>Esperamos de nuestros especialistas en\u00a0ventas un alto nivel de especializaci\u00f3n t\u00e9cnica\u00a0y de IT, y animamos a nuestros distribuidores a\u00a0proporcionar a su personal de ventas una amplia\u00a0formaci\u00f3n en soluciones digitales, radiolog\u00eda\u00a0y trabajo dental de laboratorio.<\/strong> Nuestros\u00a0productos son conocidos por su excelente\u00a0facilidad de manejo, al poder adaptarse a\u00a0diferentes entornos de instalaci\u00f3n nuestros\u00a0especialistas en ventas deben tener la mejor\u00a0formaci\u00f3n posible\u201c comenta Tuomas Lokki.<span class=\"ez-toc-section-end\"><\/span><\/h3>\n<p>&nbsp;<\/p>\n<p><strong>En 2014, Planmeca pretende alcanzar una\u00a0cifra de negocio de 800 millones de euros.\u00a0<\/strong>La compa\u00f1\u00eda da empleo a unas 2.650 personas\u00a0en todo el mundo.<\/p>\n<h3><span class=\"ez-toc-section\" id=\"%E2%80%9CLa_inversion_continua_de_Planmeca_en_el_desarrollo_interno_de_productos_es_lo_que_ha_hecho_de_nosotros_lideres_mundiales_durante_tantos_anos_Disenamos_construimos_y_ensamblamos_todos_nuestros_productos_bajo_el_mismo_techo_utilizando_las_ultimas_tecnologias_y_los_mejores_materiales_Creemos_que_las_soluciones_mas_avanzadas_solo_pueden_crearse_trabajando_estrechamente_junto_a_los_profesionales_dentales_y_a_las_principales_universidades_del_mundo_y_siempre_mirando_hacia_el_futuro%E2%80%9D\"><\/span><strong>\u201cLa inversi\u00f3n continua de Planmeca en\u00a0el desarrollo interno de productos es lo que\u00a0ha hecho de nosotros l\u00edderes mundiales\u00a0durante tantos a\u00f1os. Dise\u00f1amos, construimos\u00a0y ensamblamos todos nuestros productos\u00a0bajo el mismo techo, utilizando las \u00faltimas\u00a0tecnolog\u00edas y los mejores materiales. Creemos\u00a0que las soluciones m\u00e1s avanzadas solo pueden\u00a0crearse trabajando estrechamente junto a\u00a0los profesionales dentales y a las principales\u00a0universidades del mundo y siempre mirando\u00a0hacia el futuro\u201d.<\/strong><span class=\"ez-toc-section-end\"><\/span><\/h3>\n<p>&nbsp;<\/p>\n<p>La inversi\u00f3n en I+D, la formaci\u00f3n y la\u00a0estrecha colaboraci\u00f3n con los profesionales\u00a0de la salud es lo que ha mantenido a\u00a0Planmeca en la vanguardia de la industria.<\/p>\n<h3><span class=\"ez-toc-section\" id=\"%E2%80%9CHemos_sido_capaces_de_conseguir_un_crecimiento_continuo_y_global_independientemente_de_la_situacion_economica_actual_En_este_momento_somos_lideres_del_mercado_escandinavo_y_frances_numero_uno_en_imagen_panoramica_2D_en_EEUU_lider_de_mercado_en_China_tanto_en_imagen_2D_y_3D_y_numero_uno_en_Oriente_Medio_mencionando_solo_algunos_paises%E2%80%9D_afirma_Tuomas_Lokki\"><\/span><strong>\u201cHemos sido capaces de conseguir un crecimiento continuo y global\u00a0independientemente de la situaci\u00f3n econ\u00f3mica\u00a0actual. En este momento somos l\u00edderes del\u00a0mercado escandinavo y franc\u00e9s, n\u00famero uno\u00a0en imagen panor\u00e1mica 2D en EEUU, l\u00edder\u00a0de mercado en China tanto en imagen 2D y\u00a03D y n\u00famero uno en Oriente Medio, mencionando s\u00f3lo algunos pa\u00edses\u201d, afirma Tuomas\u00a0Lokki.<\/strong><span class=\"ez-toc-section-end\"><\/span><\/h3>\n<p>&nbsp;<\/p>\n<p>&nbsp;<\/p>\n","protected":false},"excerpt":{"rendered":"<p>Planmeca, uno de los fabricantes l\u00edderes en tecnolog\u00eda dental, ha introducido una gama completa\u00a0de soluciones abiertas de CAD\/CAM para dentistas y laboratorios.<\/p>\n","protected":false},"author":101011,"featured_media":946,"comment_status":"open","ping_status":"open","sticky":false,"template":"","format":"standard","meta":{"footnotes":""},"categories":[53],"tags":[],"class_list":["post-910","post","type-post","status-publish","format-standard","has-post-thumbnail","hentry","category-equipamiento-dental"],"yoast_head":"<!-- This site is optimized with the Yoast SEO plugin v27.4 - https:\/\/yoast.com\/product\/yoast-seo-wordpress\/ -->\n<title>Entrevista al vicepresidente de Planmeca - Blog Proclinic<\/title>\n<meta name=\"description\" content=\"Tuomas Lokki, vicepresidente de Planmeca, nos habla sobre la nueva gama CAD\/CAM para cl\u00ednicas dentales y las claves del \u00e9xito de la compa\u00f1\u00eda.\" \/>\n<meta name=\"robots\" content=\"index, follow, max-snippet:-1, max-image-preview:large, max-video-preview:-1\" \/>\n<link rel=\"canonical\" href=\"https:\/\/www.proclinic.es\/blog\/entrevista-a-tuomas-lokki-vicepresidente-de-planmeca\/\" \/>\n<meta property=\"og:locale\" content=\"es_ES\" \/>\n<meta property=\"og:type\" content=\"article\" \/>\n<meta property=\"og:title\" content=\"Entrevista al vicepresidente de Planmeca - Blog Proclinic\" \/>\n<meta property=\"og:description\" content=\"Tuomas Lokki, vicepresidente de Planmeca, nos habla sobre la nueva gama CAD\/CAM para cl\u00ednicas dentales y las claves del \u00e9xito de la compa\u00f1\u00eda.\" \/>\n<meta property=\"og:url\" content=\"https:\/\/www.proclinic.es\/blog\/entrevista-a-tuomas-lokki-vicepresidente-de-planmeca\/\" \/>\n<meta property=\"og:site_name\" content=\"Blog Proclinic\" \/>\n<meta property=\"article:publisher\" content=\"https:\/\/www.facebook.com\/proclinicsa\" \/>\n<meta property=\"article:published_time\" content=\"2014-02-26T10:56:53+00:00\" \/>\n<meta property=\"article:modified_time\" content=\"2015-09-30T07:45:30+00:00\" \/>\n<meta property=\"og:image\" content=\"https:\/\/www.proclinic.es\/blog\/wp-content\/uploads\/2014\/02\/Lokki-2.jpg\" \/>\n\t<meta property=\"og:image:width\" content=\"800\" \/>\n\t<meta property=\"og:image:height\" content=\"453\" \/>\n\t<meta property=\"og:image:type\" content=\"image\/jpeg\" \/>\n<meta name=\"author\" content=\"Anna\" \/>\n<meta name=\"twitter:card\" content=\"summary_large_image\" \/>\n<meta name=\"twitter:creator\" content=\"@Proclinic_SA\" \/>\n<meta name=\"twitter:site\" content=\"@Proclinic_SA\" \/>\n<meta name=\"twitter:label1\" content=\"Escrito por\" \/>\n\t<meta name=\"twitter:data1\" content=\"Anna\" \/>\n\t<meta name=\"twitter:label2\" content=\"Tiempo de lectura\" \/>\n\t<meta name=\"twitter:data2\" content=\"4 minutos\" \/>\n<script type=\"application\/ld+json\" class=\"yoast-schema-graph\">{\"@context\":\"https:\\\/\\\/schema.org\",\"@graph\":[{\"@type\":\"Article\",\"@id\":\"https:\\\/\\\/www.proclinic.es\\\/blog\\\/entrevista-a-tuomas-lokki-vicepresidente-de-planmeca\\\/#article\",\"isPartOf\":{\"@id\":\"https:\\\/\\\/www.proclinic.es\\\/blog\\\/entrevista-a-tuomas-lokki-vicepresidente-de-planmeca\\\/\"},\"author\":{\"name\":\"Anna\",\"@id\":\"https:\\\/\\\/www.proclinic.es\\\/blog\\\/#\\\/schema\\\/person\\\/85e304ea367ce3922003b0d8b388e527\"},\"headline\":\"Entrevista a Tuomas Lokki, vicepresidente de Planmeca\",\"datePublished\":\"2014-02-26T10:56:53+00:00\",\"dateModified\":\"2015-09-30T07:45:30+00:00\",\"mainEntityOfPage\":{\"@id\":\"https:\\\/\\\/www.proclinic.es\\\/blog\\\/entrevista-a-tuomas-lokki-vicepresidente-de-planmeca\\\/\"},\"wordCount\":793,\"commentCount\":0,\"image\":{\"@id\":\"https:\\\/\\\/www.proclinic.es\\\/blog\\\/entrevista-a-tuomas-lokki-vicepresidente-de-planmeca\\\/#primaryimage\"},\"thumbnailUrl\":\"https:\\\/\\\/www.proclinic.es\\\/blog\\\/wp-content\\\/uploads\\\/2014\\\/02\\\/Lokki-2.jpg\",\"articleSection\":[\"Equipamiento dental\"],\"inLanguage\":\"es\",\"potentialAction\":[{\"@type\":\"CommentAction\",\"name\":\"Comment\",\"target\":[\"https:\\\/\\\/www.proclinic.es\\\/blog\\\/entrevista-a-tuomas-lokki-vicepresidente-de-planmeca\\\/#respond\"]}]},{\"@type\":\"WebPage\",\"@id\":\"https:\\\/\\\/www.proclinic.es\\\/blog\\\/entrevista-a-tuomas-lokki-vicepresidente-de-planmeca\\\/\",\"url\":\"https:\\\/\\\/www.proclinic.es\\\/blog\\\/entrevista-a-tuomas-lokki-vicepresidente-de-planmeca\\\/\",\"name\":\"Entrevista al vicepresidente de Planmeca - Blog Proclinic\",\"isPartOf\":{\"@id\":\"https:\\\/\\\/www.proclinic.es\\\/blog\\\/#website\"},\"primaryImageOfPage\":{\"@id\":\"https:\\\/\\\/www.proclinic.es\\\/blog\\\/entrevista-a-tuomas-lokki-vicepresidente-de-planmeca\\\/#primaryimage\"},\"image\":{\"@id\":\"https:\\\/\\\/www.proclinic.es\\\/blog\\\/entrevista-a-tuomas-lokki-vicepresidente-de-planmeca\\\/#primaryimage\"},\"thumbnailUrl\":\"https:\\\/\\\/www.proclinic.es\\\/blog\\\/wp-content\\\/uploads\\\/2014\\\/02\\\/Lokki-2.jpg\",\"datePublished\":\"2014-02-26T10:56:53+00:00\",\"dateModified\":\"2015-09-30T07:45:30+00:00\",\"author\":{\"@id\":\"https:\\\/\\\/www.proclinic.es\\\/blog\\\/#\\\/schema\\\/person\\\/85e304ea367ce3922003b0d8b388e527\"},\"description\":\"Tuomas Lokki, vicepresidente de Planmeca, nos habla sobre la nueva gama CAD\\\/CAM para cl\u00ednicas dentales y las claves del \u00e9xito de la compa\u00f1\u00eda.\",\"breadcrumb\":{\"@id\":\"https:\\\/\\\/www.proclinic.es\\\/blog\\\/entrevista-a-tuomas-lokki-vicepresidente-de-planmeca\\\/#breadcrumb\"},\"inLanguage\":\"es\",\"potentialAction\":[{\"@type\":\"ReadAction\",\"target\":[\"https:\\\/\\\/www.proclinic.es\\\/blog\\\/entrevista-a-tuomas-lokki-vicepresidente-de-planmeca\\\/\"]}]},{\"@type\":\"ImageObject\",\"inLanguage\":\"es\",\"@id\":\"https:\\\/\\\/www.proclinic.es\\\/blog\\\/entrevista-a-tuomas-lokki-vicepresidente-de-planmeca\\\/#primaryimage\",\"url\":\"https:\\\/\\\/www.proclinic.es\\\/blog\\\/wp-content\\\/uploads\\\/2014\\\/02\\\/Lokki-2.jpg\",\"contentUrl\":\"https:\\\/\\\/www.proclinic.es\\\/blog\\\/wp-content\\\/uploads\\\/2014\\\/02\\\/Lokki-2.jpg\",\"width\":800,\"height\":453,\"caption\":\"Vicepresidente de Planmeca\"},{\"@type\":\"BreadcrumbList\",\"@id\":\"https:\\\/\\\/www.proclinic.es\\\/blog\\\/entrevista-a-tuomas-lokki-vicepresidente-de-planmeca\\\/#breadcrumb\",\"itemListElement\":[{\"@type\":\"ListItem\",\"position\":1,\"name\":\"Home\",\"item\":\"https:\\\/\\\/www.proclinic.es\\\/blog\\\/\"},{\"@type\":\"ListItem\",\"position\":2,\"name\":\"Entrevista a Tuomas Lokki, vicepresidente de Planmeca\"}]},{\"@type\":\"WebSite\",\"@id\":\"https:\\\/\\\/www.proclinic.es\\\/blog\\\/#website\",\"url\":\"https:\\\/\\\/www.proclinic.es\\\/blog\\\/\",\"name\":\"Blog Proclinic\",\"description\":\"\u00a1Bienvenido al blog de Proclinic! En este espacio, nos enfocamos en brindar informaci\u00f3n valiosa y actualizada para todos los profesionales del sector dental. Nuestra misi\u00f3n es mantenerte al d\u00eda de las \u00faltimas tendencias, investigaciones y t\u00e9cnicas en el campo de la odontolog\u00eda. Exploraremos temas que van desde las novedades en materiales odontol\u00f3gicos, consejos pr\u00e1cticos para la gesti\u00f3n de cl\u00ednicas dentales hasta casos cl\u00ednicos con base cient\u00edfica, eventos del sector y mucho m\u00e1s. Te invitamos a seguir nuestro contenido, dise\u00f1ado para mantener tu pr\u00e1ctica en la vanguardia de la odontolog\u00eda moderna.\",\"potentialAction\":[{\"@type\":\"SearchAction\",\"target\":{\"@type\":\"EntryPoint\",\"urlTemplate\":\"https:\\\/\\\/www.proclinic.es\\\/blog\\\/?s={search_term_string}\"},\"query-input\":{\"@type\":\"PropertyValueSpecification\",\"valueRequired\":true,\"valueName\":\"search_term_string\"}}],\"inLanguage\":\"es\"},{\"@type\":\"Person\",\"@id\":\"https:\\\/\\\/www.proclinic.es\\\/blog\\\/#\\\/schema\\\/person\\\/85e304ea367ce3922003b0d8b388e527\",\"name\":\"Anna\",\"image\":{\"@type\":\"ImageObject\",\"inLanguage\":\"es\",\"@id\":\"https:\\\/\\\/secure.gravatar.com\\\/avatar\\\/b8b19455b6924f97d0afcdeb2791066e8c8af798468c71e0fe7e686c5d0b49f4?s=96&d=mm&r=g\",\"url\":\"https:\\\/\\\/secure.gravatar.com\\\/avatar\\\/b8b19455b6924f97d0afcdeb2791066e8c8af798468c71e0fe7e686c5d0b49f4?s=96&d=mm&r=g\",\"contentUrl\":\"https:\\\/\\\/secure.gravatar.com\\\/avatar\\\/b8b19455b6924f97d0afcdeb2791066e8c8af798468c71e0fe7e686c5d0b49f4?s=96&d=mm&r=g\",\"caption\":\"Anna\"},\"description\":\"Community Manager\",\"url\":\"https:\\\/\\\/www.proclinic.es\\\/blog\\\/author\\\/anna\\\/\"}]}<\/script>\n<!-- \/ Yoast SEO plugin. -->","yoast_head_json":{"title":"Entrevista al vicepresidente de Planmeca - Blog Proclinic","description":"Tuomas Lokki, vicepresidente de Planmeca, nos habla sobre la nueva gama CAD\/CAM para cl\u00ednicas dentales y las claves del \u00e9xito de la compa\u00f1\u00eda.","robots":{"index":"index","follow":"follow","max-snippet":"max-snippet:-1","max-image-preview":"max-image-preview:large","max-video-preview":"max-video-preview:-1"},"canonical":"https:\/\/www.proclinic.es\/blog\/entrevista-a-tuomas-lokki-vicepresidente-de-planmeca\/","og_locale":"es_ES","og_type":"article","og_title":"Entrevista al vicepresidente de Planmeca - Blog Proclinic","og_description":"Tuomas Lokki, vicepresidente de Planmeca, nos habla sobre la nueva gama CAD\/CAM para cl\u00ednicas dentales y las claves del \u00e9xito de la compa\u00f1\u00eda.","og_url":"https:\/\/www.proclinic.es\/blog\/entrevista-a-tuomas-lokki-vicepresidente-de-planmeca\/","og_site_name":"Blog Proclinic","article_publisher":"https:\/\/www.facebook.com\/proclinicsa","article_published_time":"2014-02-26T10:56:53+00:00","article_modified_time":"2015-09-30T07:45:30+00:00","og_image":[{"width":800,"height":453,"url":"https:\/\/www.proclinic.es\/blog\/wp-content\/uploads\/2014\/02\/Lokki-2.jpg","type":"image\/jpeg"}],"author":"Anna","twitter_card":"summary_large_image","twitter_creator":"@Proclinic_SA","twitter_site":"@Proclinic_SA","twitter_misc":{"Escrito por":"Anna","Tiempo de lectura":"4 minutos"},"schema":{"@context":"https:\/\/schema.org","@graph":[{"@type":"Article","@id":"https:\/\/www.proclinic.es\/blog\/entrevista-a-tuomas-lokki-vicepresidente-de-planmeca\/#article","isPartOf":{"@id":"https:\/\/www.proclinic.es\/blog\/entrevista-a-tuomas-lokki-vicepresidente-de-planmeca\/"},"author":{"name":"Anna","@id":"https:\/\/www.proclinic.es\/blog\/#\/schema\/person\/85e304ea367ce3922003b0d8b388e527"},"headline":"Entrevista a Tuomas Lokki, vicepresidente de Planmeca","datePublished":"2014-02-26T10:56:53+00:00","dateModified":"2015-09-30T07:45:30+00:00","mainEntityOfPage":{"@id":"https:\/\/www.proclinic.es\/blog\/entrevista-a-tuomas-lokki-vicepresidente-de-planmeca\/"},"wordCount":793,"commentCount":0,"image":{"@id":"https:\/\/www.proclinic.es\/blog\/entrevista-a-tuomas-lokki-vicepresidente-de-planmeca\/#primaryimage"},"thumbnailUrl":"https:\/\/www.proclinic.es\/blog\/wp-content\/uploads\/2014\/02\/Lokki-2.jpg","articleSection":["Equipamiento dental"],"inLanguage":"es","potentialAction":[{"@type":"CommentAction","name":"Comment","target":["https:\/\/www.proclinic.es\/blog\/entrevista-a-tuomas-lokki-vicepresidente-de-planmeca\/#respond"]}]},{"@type":"WebPage","@id":"https:\/\/www.proclinic.es\/blog\/entrevista-a-tuomas-lokki-vicepresidente-de-planmeca\/","url":"https:\/\/www.proclinic.es\/blog\/entrevista-a-tuomas-lokki-vicepresidente-de-planmeca\/","name":"Entrevista al vicepresidente de Planmeca - Blog Proclinic","isPartOf":{"@id":"https:\/\/www.proclinic.es\/blog\/#website"},"primaryImageOfPage":{"@id":"https:\/\/www.proclinic.es\/blog\/entrevista-a-tuomas-lokki-vicepresidente-de-planmeca\/#primaryimage"},"image":{"@id":"https:\/\/www.proclinic.es\/blog\/entrevista-a-tuomas-lokki-vicepresidente-de-planmeca\/#primaryimage"},"thumbnailUrl":"https:\/\/www.proclinic.es\/blog\/wp-content\/uploads\/2014\/02\/Lokki-2.jpg","datePublished":"2014-02-26T10:56:53+00:00","dateModified":"2015-09-30T07:45:30+00:00","author":{"@id":"https:\/\/www.proclinic.es\/blog\/#\/schema\/person\/85e304ea367ce3922003b0d8b388e527"},"description":"Tuomas Lokki, vicepresidente de Planmeca, nos habla sobre la nueva gama CAD\/CAM para cl\u00ednicas dentales y las claves del \u00e9xito de la compa\u00f1\u00eda.","breadcrumb":{"@id":"https:\/\/www.proclinic.es\/blog\/entrevista-a-tuomas-lokki-vicepresidente-de-planmeca\/#breadcrumb"},"inLanguage":"es","potentialAction":[{"@type":"ReadAction","target":["https:\/\/www.proclinic.es\/blog\/entrevista-a-tuomas-lokki-vicepresidente-de-planmeca\/"]}]},{"@type":"ImageObject","inLanguage":"es","@id":"https:\/\/www.proclinic.es\/blog\/entrevista-a-tuomas-lokki-vicepresidente-de-planmeca\/#primaryimage","url":"https:\/\/www.proclinic.es\/blog\/wp-content\/uploads\/2014\/02\/Lokki-2.jpg","contentUrl":"https:\/\/www.proclinic.es\/blog\/wp-content\/uploads\/2014\/02\/Lokki-2.jpg","width":800,"height":453,"caption":"Vicepresidente de Planmeca"},{"@type":"BreadcrumbList","@id":"https:\/\/www.proclinic.es\/blog\/entrevista-a-tuomas-lokki-vicepresidente-de-planmeca\/#breadcrumb","itemListElement":[{"@type":"ListItem","position":1,"name":"Home","item":"https:\/\/www.proclinic.es\/blog\/"},{"@type":"ListItem","position":2,"name":"Entrevista a Tuomas Lokki, vicepresidente de Planmeca"}]},{"@type":"WebSite","@id":"https:\/\/www.proclinic.es\/blog\/#website","url":"https:\/\/www.proclinic.es\/blog\/","name":"Blog Proclinic","description":"\u00a1Bienvenido al blog de Proclinic! En este espacio, nos enfocamos en brindar informaci\u00f3n valiosa y actualizada para todos los profesionales del sector dental. Nuestra misi\u00f3n es mantenerte al d\u00eda de las \u00faltimas tendencias, investigaciones y t\u00e9cnicas en el campo de la odontolog\u00eda. Exploraremos temas que van desde las novedades en materiales odontol\u00f3gicos, consejos pr\u00e1cticos para la gesti\u00f3n de cl\u00ednicas dentales hasta casos cl\u00ednicos con base cient\u00edfica, eventos del sector y mucho m\u00e1s. Te invitamos a seguir nuestro contenido, dise\u00f1ado para mantener tu pr\u00e1ctica en la vanguardia de la odontolog\u00eda moderna.","potentialAction":[{"@type":"SearchAction","target":{"@type":"EntryPoint","urlTemplate":"https:\/\/www.proclinic.es\/blog\/?s={search_term_string}"},"query-input":{"@type":"PropertyValueSpecification","valueRequired":true,"valueName":"search_term_string"}}],"inLanguage":"es"},{"@type":"Person","@id":"https:\/\/www.proclinic.es\/blog\/#\/schema\/person\/85e304ea367ce3922003b0d8b388e527","name":"Anna","image":{"@type":"ImageObject","inLanguage":"es","@id":"https:\/\/secure.gravatar.com\/avatar\/b8b19455b6924f97d0afcdeb2791066e8c8af798468c71e0fe7e686c5d0b49f4?s=96&d=mm&r=g","url":"https:\/\/secure.gravatar.com\/avatar\/b8b19455b6924f97d0afcdeb2791066e8c8af798468c71e0fe7e686c5d0b49f4?s=96&d=mm&r=g","contentUrl":"https:\/\/secure.gravatar.com\/avatar\/b8b19455b6924f97d0afcdeb2791066e8c8af798468c71e0fe7e686c5d0b49f4?s=96&d=mm&r=g","caption":"Anna"},"description":"Community Manager","url":"https:\/\/www.proclinic.es\/blog\/author\/anna\/"}]}},"jetpack_featured_media_url":"https:\/\/www.proclinic.es\/blog\/wp-content\/uploads\/2014\/02\/Lokki-2.jpg","_links":{"self":[{"href":"https:\/\/www.proclinic.es\/blog\/wp-json\/wp\/v2\/posts\/910","targetHints":{"allow":["GET"]}}],"collection":[{"href":"https:\/\/www.proclinic.es\/blog\/wp-json\/wp\/v2\/posts"}],"about":[{"href":"https:\/\/www.proclinic.es\/blog\/wp-json\/wp\/v2\/types\/post"}],"author":[{"embeddable":true,"href":"https:\/\/www.proclinic.es\/blog\/wp-json\/wp\/v2\/users\/101011"}],"replies":[{"embeddable":true,"href":"https:\/\/www.proclinic.es\/blog\/wp-json\/wp\/v2\/comments?post=910"}],"version-history":[{"count":9,"href":"https:\/\/www.proclinic.es\/blog\/wp-json\/wp\/v2\/posts\/910\/revisions"}],"predecessor-version":[{"id":920,"href":"https:\/\/www.proclinic.es\/blog\/wp-json\/wp\/v2\/posts\/910\/revisions\/920"}],"wp:featuredmedia":[{"embeddable":true,"href":"https:\/\/www.proclinic.es\/blog\/wp-json\/wp\/v2\/media\/946"}],"wp:attachment":[{"href":"https:\/\/www.proclinic.es\/blog\/wp-json\/wp\/v2\/media?parent=910"}],"wp:term":[{"taxonomy":"category","embeddable":true,"href":"https:\/\/www.proclinic.es\/blog\/wp-json\/wp\/v2\/categories?post=910"},{"taxonomy":"post_tag","embeddable":true,"href":"https:\/\/www.proclinic.es\/blog\/wp-json\/wp\/v2\/tags?post=910"}],"curies":[{"name":"wp","href":"https:\/\/api.w.org\/{rel}","templated":true}]}}