{"id":828,"date":"2014-02-15T17:13:59","date_gmt":"2014-02-15T16:13:59","guid":{"rendered":"http:\/\/localhost\/blogProclinic\/web\/?p=828"},"modified":"2014-06-30T14:36:07","modified_gmt":"2014-06-30T13:36:07","slug":"en-2014-hacienda-subira-el-iva-sanitario-al-21","status":"publish","type":"post","link":"https:\/\/www.proclinic.es\/blog\/en-2014-hacienda-subira-el-iva-sanitario-al-21\/","title":{"rendered":"En 2014 Hacienda subir\u00e1 el IVA sanitario al 21%"},"content":{"rendered":"<p><strong>El 17 de enero de 2013, el Tribunal de Justicia de la Uni\u00f3n Europea dict\u00f3 una sentencia en la que declar\u00f3 que Espa\u00f1a era el \u00fanico pa\u00eds que incumpl\u00eda una directiva comunitaria al aplicar un tipo de IVA reducido (10%) a una serie de productos sanitarios, y instaba al Gobierno a gravar todos esos productos con el 21% de IVA.<\/strong><!--more--><\/p>\n<p>&nbsp;<\/p>\n<p>Bruselas considera que los productos sanitarios, material, equipos e instrumental que s\u00f3lo puedan utilizarse para diagnosticar, tratar o curar enfermedades deben ir al tipo general del IVA del 21%. <strong>La subida del 10% al 21% afectar\u00e1 a esc\u00e1neres, TAC, aparatos de rayos X, mobiliario y equipamiento para centros sanitarios.<\/strong><\/p>\n<blockquote><p><span style=\"color: #008080;\"><strong>La medida no afectar\u00e1 a los productos farmac\u00e9uticos para la salud y la prevenci\u00f3n de las enfermedades\u00a0<\/strong><strong>ni a los equipos m\u00e9dicos e instrumental para tratar enfermedades de minusv\u00e1lidos.<\/strong><\/span><\/p><\/blockquote>\n<p>La Uni\u00f3n Europea establece que tan <strong>solo se puede aplicar un IVA reducido a los productos farmac\u00e9uticos para el cuidado de la salud y la prevenci\u00f3n de las enfermedades<\/strong> (incluidos los contraceptivos y productos de higiene femenina) <strong>y a los equipos m\u00e9dicos e instrumental para aliviar o tratar enfermedades de minusv\u00e1lidos<\/strong>, tales como sillas de ruedas, muletas, camas adaptadas o aparatos ortop\u00e9dicos.<\/p>\n<p>&nbsp;<\/p>\n<p>Las negociaciones del Gobierno con Bruselas han permitido retrasar al menos un a\u00f1o la subida de impuestos. Un aspecto muy relevante, teniendo en cuenta que el incremento del 10% al 21% disparar\u00e1 el gasto auton\u00f3mico. <strong>La Federaci\u00f3n Espa\u00f1ola de Empresas de Tecnolog\u00eda Sanitaria (Fenin) estima en m\u00e1s de 1000 millones el impacto en las cuentas auton\u00f3micas en el 2014<\/strong>. Aumento que beneficiar\u00e1 \u00fanica y exclusivamente a Hacienda.<\/p>\n<p>&nbsp;<\/p>\n<p>Lo que es seguro es que esta subida no tardar\u00e1 mucho en llegar, ya que el incumplimiento de las sentencias del Tribunal de Justicia de la UE acarrea importantes sanciones econ\u00f3micas. <strong>Todav\u00eda no se sabe cuando se har\u00e1 efectiva esta subida, pero os mantendremos informados tan pronto como sepamos cuando est\u00e1 previsto que se produzca este incremento.<\/strong><\/p>\n<p>&nbsp;<\/p>\n<p>&nbsp;<\/p>\n","protected":false},"excerpt":{"rendered":"<p>El 17 de enero de 2013, el Tribunal de Justicia de la Uni\u00f3n Europea dict\u00f3 una sentencia en la que declar\u00f3 que Espa\u00f1a era el \u00fanico pa\u00eds que incumpl\u00eda una directiva comunitaria al aplicar un tipo de IVA reducido (10%) a una serie de productos sanitarios, y instaba al Gobierno a gravar todos esos productos &#8230; <a title=\"En 2014 Hacienda subir\u00e1 el IVA sanitario al 21%\" class=\"read-more\" href=\"https:\/\/www.proclinic.es\/blog\/en-2014-hacienda-subira-el-iva-sanitario-al-21\/\" aria-label=\"More on En 2014 Hacienda subir\u00e1 el IVA sanitario al 21%\">Read more<\/a><\/p>\n","protected":false},"author":101011,"featured_media":1029,"comment_status":"open","ping_status":"open","sticky":false,"template":"","format":"standard","meta":{"footnotes":""},"categories":[45],"tags":[],"class_list":["post-828","post","type-post","status-publish","format-standard","has-post-thumbnail","hentry","category-actualidad"],"yoast_head":"<!-- This site is optimized with the Yoast SEO plugin v27.4 - https:\/\/yoast.com\/product\/yoast-seo-wordpress\/ -->\n<title>Hacienda subir\u00e1 el IVA sanitario al 21% - Blog Proclinic<\/title>\n<meta name=\"description\" content=\"El 17 de enero de 2013, el Tribunal de Justicia de la Uni\u00f3n Europea dict\u00f3 una sentencia en la que declar\u00f3 que Espa\u00f1a era el \u00fanico pa\u00eds que incumpl\u00eda...\" \/>\n<meta name=\"robots\" content=\"index, follow, max-snippet:-1, max-image-preview:large, max-video-preview:-1\" \/>\n<link rel=\"canonical\" href=\"https:\/\/www.proclinic.es\/blog\/en-2014-hacienda-subira-el-iva-sanitario-al-21\/\" \/>\n<meta property=\"og:locale\" content=\"es_ES\" \/>\n<meta property=\"og:type\" content=\"article\" \/>\n<meta property=\"og:title\" content=\"Hacienda subir\u00e1 el IVA sanitario al 21% - Blog Proclinic\" \/>\n<meta property=\"og:description\" content=\"El 17 de enero de 2013, el Tribunal de Justicia de la Uni\u00f3n Europea dict\u00f3 una sentencia en la que declar\u00f3 que Espa\u00f1a era el \u00fanico pa\u00eds que incumpl\u00eda...\" \/>\n<meta property=\"og:url\" content=\"https:\/\/www.proclinic.es\/blog\/en-2014-hacienda-subira-el-iva-sanitario-al-21\/\" \/>\n<meta property=\"og:site_name\" content=\"Blog Proclinic\" \/>\n<meta property=\"article:publisher\" content=\"https:\/\/www.facebook.com\/proclinicsa\" \/>\n<meta property=\"article:published_time\" content=\"2014-02-15T16:13:59+00:00\" \/>\n<meta property=\"article:modified_time\" content=\"2014-06-30T13:36:07+00:00\" \/>\n<meta property=\"og:image\" content=\"https:\/\/www.proclinic.es\/blog\/wp-content\/uploads\/2014\/02\/Bajada-de-iva.png\" \/>\n\t<meta property=\"og:image:width\" content=\"1000\" \/>\n\t<meta property=\"og:image:height\" content=\"794\" \/>\n\t<meta property=\"og:image:type\" content=\"image\/png\" \/>\n<meta name=\"author\" content=\"Anna\" \/>\n<meta name=\"twitter:card\" content=\"summary_large_image\" \/>\n<meta name=\"twitter:creator\" content=\"@Proclinic_SA\" \/>\n<meta name=\"twitter:site\" content=\"@Proclinic_SA\" \/>\n<meta name=\"twitter:label1\" content=\"Escrito por\" \/>\n\t<meta name=\"twitter:data1\" content=\"Anna\" \/>\n\t<meta name=\"twitter:label2\" content=\"Tiempo de lectura\" \/>\n\t<meta name=\"twitter:data2\" content=\"2 minutos\" \/>\n<script type=\"application\/ld+json\" class=\"yoast-schema-graph\">{\"@context\":\"https:\\\/\\\/schema.org\",\"@graph\":[{\"@type\":\"Article\",\"@id\":\"https:\\\/\\\/www.proclinic.es\\\/blog\\\/en-2014-hacienda-subira-el-iva-sanitario-al-21\\\/#article\",\"isPartOf\":{\"@id\":\"https:\\\/\\\/www.proclinic.es\\\/blog\\\/en-2014-hacienda-subira-el-iva-sanitario-al-21\\\/\"},\"author\":{\"name\":\"Anna\",\"@id\":\"https:\\\/\\\/www.proclinic.es\\\/blog\\\/#\\\/schema\\\/person\\\/85e304ea367ce3922003b0d8b388e527\"},\"headline\":\"En 2014 Hacienda subir\u00e1 el IVA sanitario al 21%\",\"datePublished\":\"2014-02-15T16:13:59+00:00\",\"dateModified\":\"2014-06-30T13:36:07+00:00\",\"mainEntityOfPage\":{\"@id\":\"https:\\\/\\\/www.proclinic.es\\\/blog\\\/en-2014-hacienda-subira-el-iva-sanitario-al-21\\\/\"},\"wordCount\":350,\"commentCount\":0,\"image\":{\"@id\":\"https:\\\/\\\/www.proclinic.es\\\/blog\\\/en-2014-hacienda-subira-el-iva-sanitario-al-21\\\/#primaryimage\"},\"thumbnailUrl\":\"https:\\\/\\\/www.proclinic.es\\\/blog\\\/wp-content\\\/uploads\\\/2014\\\/02\\\/Bajada-de-iva.png\",\"articleSection\":[\"Actualidad\"],\"inLanguage\":\"es\",\"potentialAction\":[{\"@type\":\"CommentAction\",\"name\":\"Comment\",\"target\":[\"https:\\\/\\\/www.proclinic.es\\\/blog\\\/en-2014-hacienda-subira-el-iva-sanitario-al-21\\\/#respond\"]}]},{\"@type\":\"WebPage\",\"@id\":\"https:\\\/\\\/www.proclinic.es\\\/blog\\\/en-2014-hacienda-subira-el-iva-sanitario-al-21\\\/\",\"url\":\"https:\\\/\\\/www.proclinic.es\\\/blog\\\/en-2014-hacienda-subira-el-iva-sanitario-al-21\\\/\",\"name\":\"Hacienda subir\u00e1 el IVA sanitario al 21% - Blog Proclinic\",\"isPartOf\":{\"@id\":\"https:\\\/\\\/www.proclinic.es\\\/blog\\\/#website\"},\"primaryImageOfPage\":{\"@id\":\"https:\\\/\\\/www.proclinic.es\\\/blog\\\/en-2014-hacienda-subira-el-iva-sanitario-al-21\\\/#primaryimage\"},\"image\":{\"@id\":\"https:\\\/\\\/www.proclinic.es\\\/blog\\\/en-2014-hacienda-subira-el-iva-sanitario-al-21\\\/#primaryimage\"},\"thumbnailUrl\":\"https:\\\/\\\/www.proclinic.es\\\/blog\\\/wp-content\\\/uploads\\\/2014\\\/02\\\/Bajada-de-iva.png\",\"datePublished\":\"2014-02-15T16:13:59+00:00\",\"dateModified\":\"2014-06-30T13:36:07+00:00\",\"author\":{\"@id\":\"https:\\\/\\\/www.proclinic.es\\\/blog\\\/#\\\/schema\\\/person\\\/85e304ea367ce3922003b0d8b388e527\"},\"description\":\"El 17 de enero de 2013, el Tribunal de Justicia de la Uni\u00f3n Europea dict\u00f3 una sentencia en la que declar\u00f3 que Espa\u00f1a era el \u00fanico pa\u00eds que incumpl\u00eda...\",\"breadcrumb\":{\"@id\":\"https:\\\/\\\/www.proclinic.es\\\/blog\\\/en-2014-hacienda-subira-el-iva-sanitario-al-21\\\/#breadcrumb\"},\"inLanguage\":\"es\",\"potentialAction\":[{\"@type\":\"ReadAction\",\"target\":[\"https:\\\/\\\/www.proclinic.es\\\/blog\\\/en-2014-hacienda-subira-el-iva-sanitario-al-21\\\/\"]}]},{\"@type\":\"ImageObject\",\"inLanguage\":\"es\",\"@id\":\"https:\\\/\\\/www.proclinic.es\\\/blog\\\/en-2014-hacienda-subira-el-iva-sanitario-al-21\\\/#primaryimage\",\"url\":\"https:\\\/\\\/www.proclinic.es\\\/blog\\\/wp-content\\\/uploads\\\/2014\\\/02\\\/Bajada-de-iva.png\",\"contentUrl\":\"https:\\\/\\\/www.proclinic.es\\\/blog\\\/wp-content\\\/uploads\\\/2014\\\/02\\\/Bajada-de-iva.png\",\"width\":1000,\"height\":794,\"caption\":\"IVA productos Proclinic\"},{\"@type\":\"BreadcrumbList\",\"@id\":\"https:\\\/\\\/www.proclinic.es\\\/blog\\\/en-2014-hacienda-subira-el-iva-sanitario-al-21\\\/#breadcrumb\",\"itemListElement\":[{\"@type\":\"ListItem\",\"position\":1,\"name\":\"Home\",\"item\":\"https:\\\/\\\/www.proclinic.es\\\/blog\\\/\"},{\"@type\":\"ListItem\",\"position\":2,\"name\":\"En 2014 Hacienda subir\u00e1 el IVA sanitario al 21%\"}]},{\"@type\":\"WebSite\",\"@id\":\"https:\\\/\\\/www.proclinic.es\\\/blog\\\/#website\",\"url\":\"https:\\\/\\\/www.proclinic.es\\\/blog\\\/\",\"name\":\"Blog Proclinic\",\"description\":\"\u00a1Bienvenido al blog de Proclinic! En este espacio, nos enfocamos en brindar informaci\u00f3n valiosa y actualizada para todos los profesionales del sector dental. Nuestra misi\u00f3n es mantenerte al d\u00eda de las \u00faltimas tendencias, investigaciones y t\u00e9cnicas en el campo de la odontolog\u00eda. Exploraremos temas que van desde las novedades en materiales odontol\u00f3gicos, consejos pr\u00e1cticos para la gesti\u00f3n de cl\u00ednicas dentales hasta casos cl\u00ednicos con base cient\u00edfica, eventos del sector y mucho m\u00e1s. Te invitamos a seguir nuestro contenido, dise\u00f1ado para mantener tu pr\u00e1ctica en la vanguardia de la odontolog\u00eda moderna.\",\"potentialAction\":[{\"@type\":\"SearchAction\",\"target\":{\"@type\":\"EntryPoint\",\"urlTemplate\":\"https:\\\/\\\/www.proclinic.es\\\/blog\\\/?s={search_term_string}\"},\"query-input\":{\"@type\":\"PropertyValueSpecification\",\"valueRequired\":true,\"valueName\":\"search_term_string\"}}],\"inLanguage\":\"es\"},{\"@type\":\"Person\",\"@id\":\"https:\\\/\\\/www.proclinic.es\\\/blog\\\/#\\\/schema\\\/person\\\/85e304ea367ce3922003b0d8b388e527\",\"name\":\"Anna\",\"image\":{\"@type\":\"ImageObject\",\"inLanguage\":\"es\",\"@id\":\"https:\\\/\\\/secure.gravatar.com\\\/avatar\\\/b8b19455b6924f97d0afcdeb2791066e8c8af798468c71e0fe7e686c5d0b49f4?s=96&d=mm&r=g\",\"url\":\"https:\\\/\\\/secure.gravatar.com\\\/avatar\\\/b8b19455b6924f97d0afcdeb2791066e8c8af798468c71e0fe7e686c5d0b49f4?s=96&d=mm&r=g\",\"contentUrl\":\"https:\\\/\\\/secure.gravatar.com\\\/avatar\\\/b8b19455b6924f97d0afcdeb2791066e8c8af798468c71e0fe7e686c5d0b49f4?s=96&d=mm&r=g\",\"caption\":\"Anna\"},\"description\":\"Community Manager\",\"url\":\"https:\\\/\\\/www.proclinic.es\\\/blog\\\/author\\\/anna\\\/\"}]}<\/script>\n<!-- \/ Yoast SEO plugin. -->","yoast_head_json":{"title":"Hacienda subir\u00e1 el IVA sanitario al 21% - Blog Proclinic","description":"El 17 de enero de 2013, el Tribunal de Justicia de la Uni\u00f3n Europea dict\u00f3 una sentencia en la que declar\u00f3 que Espa\u00f1a era el \u00fanico pa\u00eds que incumpl\u00eda...","robots":{"index":"index","follow":"follow","max-snippet":"max-snippet:-1","max-image-preview":"max-image-preview:large","max-video-preview":"max-video-preview:-1"},"canonical":"https:\/\/www.proclinic.es\/blog\/en-2014-hacienda-subira-el-iva-sanitario-al-21\/","og_locale":"es_ES","og_type":"article","og_title":"Hacienda subir\u00e1 el IVA sanitario al 21% - Blog Proclinic","og_description":"El 17 de enero de 2013, el Tribunal de Justicia de la Uni\u00f3n Europea dict\u00f3 una sentencia en la que declar\u00f3 que Espa\u00f1a era el \u00fanico pa\u00eds que incumpl\u00eda...","og_url":"https:\/\/www.proclinic.es\/blog\/en-2014-hacienda-subira-el-iva-sanitario-al-21\/","og_site_name":"Blog Proclinic","article_publisher":"https:\/\/www.facebook.com\/proclinicsa","article_published_time":"2014-02-15T16:13:59+00:00","article_modified_time":"2014-06-30T13:36:07+00:00","og_image":[{"width":1000,"height":794,"url":"https:\/\/www.proclinic.es\/blog\/wp-content\/uploads\/2014\/02\/Bajada-de-iva.png","type":"image\/png"}],"author":"Anna","twitter_card":"summary_large_image","twitter_creator":"@Proclinic_SA","twitter_site":"@Proclinic_SA","twitter_misc":{"Escrito por":"Anna","Tiempo de lectura":"2 minutos"},"schema":{"@context":"https:\/\/schema.org","@graph":[{"@type":"Article","@id":"https:\/\/www.proclinic.es\/blog\/en-2014-hacienda-subira-el-iva-sanitario-al-21\/#article","isPartOf":{"@id":"https:\/\/www.proclinic.es\/blog\/en-2014-hacienda-subira-el-iva-sanitario-al-21\/"},"author":{"name":"Anna","@id":"https:\/\/www.proclinic.es\/blog\/#\/schema\/person\/85e304ea367ce3922003b0d8b388e527"},"headline":"En 2014 Hacienda subir\u00e1 el IVA sanitario al 21%","datePublished":"2014-02-15T16:13:59+00:00","dateModified":"2014-06-30T13:36:07+00:00","mainEntityOfPage":{"@id":"https:\/\/www.proclinic.es\/blog\/en-2014-hacienda-subira-el-iva-sanitario-al-21\/"},"wordCount":350,"commentCount":0,"image":{"@id":"https:\/\/www.proclinic.es\/blog\/en-2014-hacienda-subira-el-iva-sanitario-al-21\/#primaryimage"},"thumbnailUrl":"https:\/\/www.proclinic.es\/blog\/wp-content\/uploads\/2014\/02\/Bajada-de-iva.png","articleSection":["Actualidad"],"inLanguage":"es","potentialAction":[{"@type":"CommentAction","name":"Comment","target":["https:\/\/www.proclinic.es\/blog\/en-2014-hacienda-subira-el-iva-sanitario-al-21\/#respond"]}]},{"@type":"WebPage","@id":"https:\/\/www.proclinic.es\/blog\/en-2014-hacienda-subira-el-iva-sanitario-al-21\/","url":"https:\/\/www.proclinic.es\/blog\/en-2014-hacienda-subira-el-iva-sanitario-al-21\/","name":"Hacienda subir\u00e1 el IVA sanitario al 21% - Blog Proclinic","isPartOf":{"@id":"https:\/\/www.proclinic.es\/blog\/#website"},"primaryImageOfPage":{"@id":"https:\/\/www.proclinic.es\/blog\/en-2014-hacienda-subira-el-iva-sanitario-al-21\/#primaryimage"},"image":{"@id":"https:\/\/www.proclinic.es\/blog\/en-2014-hacienda-subira-el-iva-sanitario-al-21\/#primaryimage"},"thumbnailUrl":"https:\/\/www.proclinic.es\/blog\/wp-content\/uploads\/2014\/02\/Bajada-de-iva.png","datePublished":"2014-02-15T16:13:59+00:00","dateModified":"2014-06-30T13:36:07+00:00","author":{"@id":"https:\/\/www.proclinic.es\/blog\/#\/schema\/person\/85e304ea367ce3922003b0d8b388e527"},"description":"El 17 de enero de 2013, el Tribunal de Justicia de la Uni\u00f3n Europea dict\u00f3 una sentencia en la que declar\u00f3 que Espa\u00f1a era el \u00fanico pa\u00eds que incumpl\u00eda...","breadcrumb":{"@id":"https:\/\/www.proclinic.es\/blog\/en-2014-hacienda-subira-el-iva-sanitario-al-21\/#breadcrumb"},"inLanguage":"es","potentialAction":[{"@type":"ReadAction","target":["https:\/\/www.proclinic.es\/blog\/en-2014-hacienda-subira-el-iva-sanitario-al-21\/"]}]},{"@type":"ImageObject","inLanguage":"es","@id":"https:\/\/www.proclinic.es\/blog\/en-2014-hacienda-subira-el-iva-sanitario-al-21\/#primaryimage","url":"https:\/\/www.proclinic.es\/blog\/wp-content\/uploads\/2014\/02\/Bajada-de-iva.png","contentUrl":"https:\/\/www.proclinic.es\/blog\/wp-content\/uploads\/2014\/02\/Bajada-de-iva.png","width":1000,"height":794,"caption":"IVA productos Proclinic"},{"@type":"BreadcrumbList","@id":"https:\/\/www.proclinic.es\/blog\/en-2014-hacienda-subira-el-iva-sanitario-al-21\/#breadcrumb","itemListElement":[{"@type":"ListItem","position":1,"name":"Home","item":"https:\/\/www.proclinic.es\/blog\/"},{"@type":"ListItem","position":2,"name":"En 2014 Hacienda subir\u00e1 el IVA sanitario al 21%"}]},{"@type":"WebSite","@id":"https:\/\/www.proclinic.es\/blog\/#website","url":"https:\/\/www.proclinic.es\/blog\/","name":"Blog Proclinic","description":"\u00a1Bienvenido al blog de Proclinic! En este espacio, nos enfocamos en brindar informaci\u00f3n valiosa y actualizada para todos los profesionales del sector dental. Nuestra misi\u00f3n es mantenerte al d\u00eda de las \u00faltimas tendencias, investigaciones y t\u00e9cnicas en el campo de la odontolog\u00eda. Exploraremos temas que van desde las novedades en materiales odontol\u00f3gicos, consejos pr\u00e1cticos para la gesti\u00f3n de cl\u00ednicas dentales hasta casos cl\u00ednicos con base cient\u00edfica, eventos del sector y mucho m\u00e1s. Te invitamos a seguir nuestro contenido, dise\u00f1ado para mantener tu pr\u00e1ctica en la vanguardia de la odontolog\u00eda moderna.","potentialAction":[{"@type":"SearchAction","target":{"@type":"EntryPoint","urlTemplate":"https:\/\/www.proclinic.es\/blog\/?s={search_term_string}"},"query-input":{"@type":"PropertyValueSpecification","valueRequired":true,"valueName":"search_term_string"}}],"inLanguage":"es"},{"@type":"Person","@id":"https:\/\/www.proclinic.es\/blog\/#\/schema\/person\/85e304ea367ce3922003b0d8b388e527","name":"Anna","image":{"@type":"ImageObject","inLanguage":"es","@id":"https:\/\/secure.gravatar.com\/avatar\/b8b19455b6924f97d0afcdeb2791066e8c8af798468c71e0fe7e686c5d0b49f4?s=96&d=mm&r=g","url":"https:\/\/secure.gravatar.com\/avatar\/b8b19455b6924f97d0afcdeb2791066e8c8af798468c71e0fe7e686c5d0b49f4?s=96&d=mm&r=g","contentUrl":"https:\/\/secure.gravatar.com\/avatar\/b8b19455b6924f97d0afcdeb2791066e8c8af798468c71e0fe7e686c5d0b49f4?s=96&d=mm&r=g","caption":"Anna"},"description":"Community Manager","url":"https:\/\/www.proclinic.es\/blog\/author\/anna\/"}]}},"jetpack_featured_media_url":"https:\/\/www.proclinic.es\/blog\/wp-content\/uploads\/2014\/02\/Bajada-de-iva.png","_links":{"self":[{"href":"https:\/\/www.proclinic.es\/blog\/wp-json\/wp\/v2\/posts\/828","targetHints":{"allow":["GET"]}}],"collection":[{"href":"https:\/\/www.proclinic.es\/blog\/wp-json\/wp\/v2\/posts"}],"about":[{"href":"https:\/\/www.proclinic.es\/blog\/wp-json\/wp\/v2\/types\/post"}],"author":[{"embeddable":true,"href":"https:\/\/www.proclinic.es\/blog\/wp-json\/wp\/v2\/users\/101011"}],"replies":[{"embeddable":true,"href":"https:\/\/www.proclinic.es\/blog\/wp-json\/wp\/v2\/comments?post=828"}],"version-history":[{"count":12,"href":"https:\/\/www.proclinic.es\/blog\/wp-json\/wp\/v2\/posts\/828\/revisions"}],"predecessor-version":[{"id":841,"href":"https:\/\/www.proclinic.es\/blog\/wp-json\/wp\/v2\/posts\/828\/revisions\/841"}],"wp:featuredmedia":[{"embeddable":true,"href":"https:\/\/www.proclinic.es\/blog\/wp-json\/wp\/v2\/media\/1029"}],"wp:attachment":[{"href":"https:\/\/www.proclinic.es\/blog\/wp-json\/wp\/v2\/media?parent=828"}],"wp:term":[{"taxonomy":"category","embeddable":true,"href":"https:\/\/www.proclinic.es\/blog\/wp-json\/wp\/v2\/categories?post=828"},{"taxonomy":"post_tag","embeddable":true,"href":"https:\/\/www.proclinic.es\/blog\/wp-json\/wp\/v2\/tags?post=828"}],"curies":[{"name":"wp","href":"https:\/\/api.w.org\/{rel}","templated":true}]}}