{"id":5140,"date":"2018-11-05T13:49:52","date_gmt":"2018-11-05T11:49:52","guid":{"rendered":"https:\/\/www.proclinic.es\/blog\/?p=5140"},"modified":"2023-02-13T11:43:29","modified_gmt":"2023-02-13T09:43:29","slug":"cuidado-con-las-alergias-al-niquel-en-tratamientos-de-ortodoncia","status":"publish","type":"post","link":"https:\/\/www.proclinic.es\/blog\/cuidado-con-las-alergias-al-niquel-en-tratamientos-de-ortodoncia\/","title":{"rendered":"Cuidado con las alergias al n\u00edquel en tratamientos de ortodoncia"},"content":{"rendered":"<p>La <strong>alergia al n\u00edquel<\/strong> se encuentra dentro de las enfermedades denominadas dermatitis por contacto, y es la alergia a un metal m\u00e1s com\u00fan.<\/p>\n<p>No se conoce la causa exacta por la que un paciente es al\u00e9rgico al n\u00edquel, pero si se sabe que es <strong>m\u00e1s frecuente en mujeres<\/strong> que en hombres y que si se tienen <strong>antecedentes familiares<\/strong> de al\u00e9rgico al n\u00edquel tambi\u00e9n es m\u00e1s probable que lo sea.<\/p>\n<p>Muchas personas se dan cuenta de que padecen esta alergia al ponerse ciertas joyas como anillos o pendientes, pero no debemos olvidar que en <strong>los tratamientos de ortodoncia se utilizan muchos metales<\/strong> que pueden afectar a nuestros pacientes.<\/p>\n<p>Una reacci\u00f3n al\u00e9rgica (dermatitis de contacto) no se suele apreciar al instante de entrar en contacto con el metal, por lo general,<strong> comienza tras horas o d\u00edas<\/strong>&nbsp;tras la exposici\u00f3n al n\u00edquel, y normalmente ocurre s\u00f3lo donde la piel entra en contacto con el mismo, pero puede aparecer en otras partes del cuerpo.<\/p>\n<p>Los s\u00edntomas de la alergia al n\u00edquel pueden ser:<\/p>\n<ul>\n<li><strong>Erupci\u00f3n<\/strong> cut\u00e1nea o bultos en la piel.<\/li>\n<li><strong>Picaz\u00f3n<\/strong>, que puede ser intensa.<\/li>\n<li><strong>Enrojecimient<\/strong>o o cambios en el color de la piel.<\/li>\n<li><strong>Manchas<\/strong> de piel seca que pueden parecerse a una quemadura.<\/li>\n<li><strong>Ampollas<\/strong> y drenaje de l\u00edquido en los casos graves.<\/li>\n<\/ul>\n<p>En concreto, las personas con alergia al n\u00edquel y que tienen ortodoncia suelen presentar s\u00edntomas<strong> en la piel y en la boca<\/strong>.<\/p>\n<hr>\n<div id=\"ez-toc-container\" class=\"ez-toc-v2_0_76 counter-hierarchy ez-toc-counter ez-toc-white ez-toc-container-direction\">\n<div class=\"ez-toc-title-container\">\n<p class=\"ez-toc-title\" style=\"cursor:inherit\">\u00cdndice de contenidos<\/p>\n<span class=\"ez-toc-title-toggle\"><a href=\"#\" class=\"ez-toc-pull-right ez-toc-btn ez-toc-btn-xs ez-toc-btn-default ez-toc-toggle\" aria-label=\"Toggle Table of Content\"><span class=\"ez-toc-js-icon-con\"><span class=\"\"><span class=\"eztoc-hide\" style=\"display:none;\">Toggle<\/span><span class=\"ez-toc-icon-toggle-span\"><svg style=\"fill: #0098a7;color:#0098a7\" xmlns=\"http:\/\/www.w3.org\/2000\/svg\" class=\"list-377408\" width=\"20px\" height=\"20px\" viewBox=\"0 0 24 24\" fill=\"none\"><path d=\"M6 6H4v2h2V6zm14 0H8v2h12V6zM4 11h2v2H4v-2zm16 0H8v2h12v-2zM4 16h2v2H4v-2zm16 0H8v2h12v-2z\" fill=\"currentColor\"><\/path><\/svg><svg style=\"fill: #0098a7;color:#0098a7\" class=\"arrow-unsorted-368013\" xmlns=\"http:\/\/www.w3.org\/2000\/svg\" width=\"10px\" height=\"10px\" viewBox=\"0 0 24 24\" version=\"1.2\" baseProfile=\"tiny\"><path d=\"M18.2 9.3l-6.2-6.3-6.2 6.3c-.2.2-.3.4-.3.7s.1.5.3.7c.2.2.4.3.7.3h11c.3 0 .5-.1.7-.3.2-.2.3-.5.3-.7s-.1-.5-.3-.7zM5.8 14.7l6.2 6.3 6.2-6.3c.2-.2.3-.5.3-.7s-.1-.5-.3-.7c-.2-.2-.4-.3-.7-.3h-11c-.3 0-.5.1-.7.3-.2.2-.3.5-.3.7s.1.5.3.7z\"\/><\/svg><\/span><\/span><\/span><\/a><\/span><\/div>\n<nav><ul class='ez-toc-list ez-toc-list-level-1 ' ><li class='ez-toc-page-1 ez-toc-heading-level-2'><a class=\"ez-toc-link ez-toc-heading-1\" href=\"https:\/\/www.proclinic.es\/blog\/cuidado-con-las-alergias-al-niquel-en-tratamientos-de-ortodoncia\/#%C2%BFQue_productos_podemos_usar_con_este_tipo_de_pacientes\" >\u00bfQu\u00e9 productos podemos usar con este tipo de pacientes?<\/a><ul class='ez-toc-list-level-3' ><li class='ez-toc-heading-level-3'><a class=\"ez-toc-link ez-toc-heading-2\" href=\"https:\/\/www.proclinic.es\/blog\/cuidado-con-las-alergias-al-niquel-en-tratamientos-de-ortodoncia\/#Brackets\" >Brackets<\/a><\/li><li class='ez-toc-page-1 ez-toc-heading-level-3'><a class=\"ez-toc-link ez-toc-heading-3\" href=\"https:\/\/www.proclinic.es\/blog\/cuidado-con-las-alergias-al-niquel-en-tratamientos-de-ortodoncia\/#Arcos\" >Arcos<\/a><\/li><li class='ez-toc-page-1 ez-toc-heading-level-3'><a class=\"ez-toc-link ez-toc-heading-4\" href=\"https:\/\/www.proclinic.es\/blog\/cuidado-con-las-alergias-al-niquel-en-tratamientos-de-ortodoncia\/#Tubos_bucales\" >Tubos bucales<\/a><\/li><li class='ez-toc-page-1 ez-toc-heading-level-3'><a class=\"ez-toc-link ez-toc-heading-5\" href=\"https:\/\/www.proclinic.es\/blog\/cuidado-con-las-alergias-al-niquel-en-tratamientos-de-ortodoncia\/#Botones\" >Botones<\/a><\/li><li class='ez-toc-page-1 ez-toc-heading-level-3'><a class=\"ez-toc-link ez-toc-heading-6\" href=\"https:\/\/www.proclinic.es\/blog\/cuidado-con-las-alergias-al-niquel-en-tratamientos-de-ortodoncia\/#Ligaduras\" >Ligaduras<\/a><\/li><li class='ez-toc-page-1 ez-toc-heading-level-3'><a class=\"ez-toc-link ez-toc-heading-7\" href=\"https:\/\/www.proclinic.es\/blog\/cuidado-con-las-alergias-al-niquel-en-tratamientos-de-ortodoncia\/#Retenedores\" >Retenedores<\/a><\/li><\/ul><\/li><\/ul><\/nav><\/div>\n<h2><span class=\"ez-toc-section\" id=\"%C2%BFQue_productos_podemos_usar_con_este_tipo_de_pacientes\"><\/span>\u00bfQu\u00e9 productos podemos usar con este tipo de pacientes?<span class=\"ez-toc-section-end\"><\/span><\/h2>\n<h3><span class=\"ez-toc-section\" id=\"Brackets\"><\/span>Brackets<span class=\"ez-toc-section-end\"><\/span><\/h3>\n<p><strong>Los brackets est\u00e9ticos que no llevan ranura met\u00e1lica<\/strong> no contienen metales y por tanto todos son adecuados, ya sean de cer\u00e1mica, zafiro o composite. Incluso los <a href=\"https:\/\/www.proclinic.es\/tienda\/brackets-ceramicos-con-ranura-de-plata.html\/\" target=\"_blank\" rel=\"noopener\">brackets cer\u00e1micos con ranura met\u00e1lica de Proclinic<\/a>&nbsp;lo son ya que su ranura es de plata. Si quieres utilizar un <strong>bracket met\u00e1lico sin n\u00edquel<\/strong> los puede encontrar de marca<a href=\"https:\/\/www.proclinic.es\/tienda\/brackets-biocompatibles-mbt-022-n-11.html\/\" target=\"_blank\" rel=\"noopener\"> Pro<\/a><a href=\"https:\/\/www.proclinic.es\/tienda\/brackets-biocompatibles-mbt-022-n-11.html\/\" target=\"_blank\" rel=\"noopener\">clinic<\/a>&nbsp; y de marca <a href=\"https:\/\/www.proclinic.es\/tienda\/brackets-sprint-roth-018x030-kit-1-caso.html\/\" target=\"_blank\" rel=\"noopener\">Forestadent.<\/a><\/p>\n<p><img loading=\"lazy\" decoding=\"async\" class=\"aligncenter size-full wp-image-9370\" src=\"https:\/\/www.proclinic.es\/blog\/wp-content\/uploads\/2018\/10\/Brackets-cer\u00e1micos-Proclinic.jpg\" alt=\"\" width=\"924\" height=\"494\" srcset=\"https:\/\/www.proclinic.es\/blog\/wp-content\/uploads\/2018\/10\/Brackets-cer\u00e1micos-Proclinic.jpg 924w, https:\/\/www.proclinic.es\/blog\/wp-content\/uploads\/2018\/10\/Brackets-cer\u00e1micos-Proclinic-300x160.jpg 300w, https:\/\/www.proclinic.es\/blog\/wp-content\/uploads\/2018\/10\/Brackets-cer\u00e1micos-Proclinic-768x411.jpg 768w, https:\/\/www.proclinic.es\/blog\/wp-content\/uploads\/2018\/10\/Brackets-cer\u00e1micos-Proclinic-800x428.jpg 800w\" sizes=\"auto, (max-width: 924px) 100vw, 924px\" \/><\/p>\n<h3><span class=\"ez-toc-section\" id=\"Arcos\"><\/span>Arcos<span class=\"ez-toc-section-end\"><\/span><\/h3>\n<p>Por supuesto, los arcos de n\u00edquel-titanio o ni-ti no deben utilizarse. Los arcos de acero inoxidable en su aleaci\u00f3n contienen una cantidad menor de n\u00edquel, entorno al 9%, pero tampoco se recomiendan en estos casos. Lo mejor es utilizar<strong style=\"font-size: 16px;\"> arcos de titanio<\/strong><span style=\"font-size: 16px;\"> como los <\/span><a style=\"font-size: 16px;\" href=\"https:\/\/www.proclinic.es\/tienda\/arcos-bt3-beta-ti-tma-forma-trueform-y-europa-ii.html\/\" target=\"_blank\" rel=\"noopener\">TitanMoly de G&amp;H<\/a><span style=\"font-size: 16px;\"> que no contienen n\u00edquel y cuya ficha de seguridad puedes consultar en nuestra<a href=\"http:\/\/www.proclinic.es\/tienda\" target=\"_blank\" rel=\"noopener\">&nbsp;web.<\/a><\/span><\/p>\n<p>https:\/\/www.youtube.com\/watch?time_continue=45&amp;v=K-k8T7ojqF0<\/p>\n<h3><\/h3>\n<h3><span class=\"ez-toc-section\" id=\"Tubos_bucales\"><\/span>Tubos bucales<span class=\"ez-toc-section-end\"><\/span><\/h3>\n<p>Puedes encontrar <strong>tubos bucales met\u00e1licos de bajo contenido en n\u00edquel<\/strong> de marca<a href=\"https:\/\/www.proclinic.es\/tienda\/tubos-de-cementado-directo-roth-022-sup-der.html\/\" target=\"_blank\" rel=\"noopener\"> Leone<\/a>&nbsp;y tambi\u00e9n <strong>tubos est\u00e9ticos que no contienen ning\u00fan metal<\/strong> de<a href=\"https:\/\/www.proclinic.es\/tienda\/tubo-bucal-image.html\" target=\"_blank\" rel=\"noopener\"> Gestenco<\/a>.<\/p>\n<h3><span class=\"ez-toc-section\" id=\"Botones\"><\/span>Botones<span class=\"ez-toc-section-end\"><\/span><\/h3>\n<p>Si necesitas utilizarlos met\u00e1licos, Leone tiene un<a href=\"https:\/\/www.proclinic.es\/tienda\/boton-lingual-plano-extemo-no-niquel.html\" target=\"_blank\" rel=\"noopener\"> bot\u00f3n lingual con bajo contenido en n\u00edquel<\/a> y tambi\u00e9n dispone de<a href=\"https:\/\/www.proclinic.es\/tienda\/boton-de-composite-de-cementado-directo.html\" target=\"_blank\" rel=\"noopener\"> botones totalmente est\u00e9ticos<\/a> que<strong> no contienen ning\u00fan metal<\/strong> tanto de base redonda &nbsp;como de base rectangular.<\/p>\n<p><img loading=\"lazy\" decoding=\"async\" class=\"aligncenter wp-image-9369\" src=\"https:\/\/www.proclinic.es\/blog\/wp-content\/uploads\/2018\/10\/botones-Proclinic.jpg\" alt=\"\" width=\"739\" height=\"552\" srcset=\"https:\/\/www.proclinic.es\/blog\/wp-content\/uploads\/2018\/10\/botones-Proclinic.jpg 855w, https:\/\/www.proclinic.es\/blog\/wp-content\/uploads\/2018\/10\/botones-Proclinic-300x224.jpg 300w, https:\/\/www.proclinic.es\/blog\/wp-content\/uploads\/2018\/10\/botones-Proclinic-768x574.jpg 768w, https:\/\/www.proclinic.es\/blog\/wp-content\/uploads\/2018\/10\/botones-Proclinic-800x598.jpg 800w\" sizes=\"auto, (max-width: 739px) 100vw, 739px\" \/><\/p>\n<h3><span class=\"ez-toc-section\" id=\"Ligaduras\"><\/span>Ligaduras<span class=\"ez-toc-section-end\"><\/span><\/h3>\n<p>Es el producto menos problem\u00e1tico, ya que no se podr\u00e1n utilizar ligaduras met\u00e1licas pero<strong> si el\u00e1sticas,<\/strong> adem\u00e1s las de <a href=\"https:\/\/www.proclinic.es\/tienda\/ligaduras-en-barras-individuales.html\/\" target=\"_blank\" rel=\"noopener\">Proclinic<\/a> no contienen l\u00e1tex que es otro material que causa alergias.<\/p>\n<h3><span class=\"ez-toc-section\" id=\"Retenedores\"><\/span>Retenedores<span class=\"ez-toc-section-end\"><\/span><\/h3>\n<p>Con los retenedores sucede lo mismo que con los arcos, muchos son de acero inoxidable y es un material que no se recomienda al contener n\u00edquel. En este caso existen <strong>retenedores de titanio<\/strong> como el <a href=\"https:\/\/www.proclinic.es\/tienda\/retainium-alambre-sin-niquel.html\/\" target=\"_blank\" rel=\"noopener\">Retainium de Reliance<\/a> &nbsp;y tambi\u00e9n dispones de <a href=\"https:\/\/www.proclinic.es\/tienda\/alambre-trenzado-titanio-para-retenedores.html\/\" target=\"_blank\" rel=\"noopener\">retenedores de titanio trenzados<\/a> o <a href=\"https:\/\/www.proclinic.es\/tienda\/alambre-trenzado-titanio-para-retenedores.html\/\" target=\"_blank\" rel=\"noopener\">planos<\/a> de marca Bestdent.<\/p>\n","protected":false},"excerpt":{"rendered":"<p>La alergia al n\u00edquel se encuentra dentro de las enfermedades denominadas dermatitis por contacto, y es la alergia a un metal m\u00e1s com\u00fan. No se conoce la causa exacta por la que un paciente es al\u00e9rgico al n\u00edquel, pero si se sabe que es m\u00e1s frecuente en mujeres que en hombres y que si se &#8230; <a title=\"Cuidado con las alergias al n\u00edquel en tratamientos de ortodoncia\" class=\"read-more\" href=\"https:\/\/www.proclinic.es\/blog\/cuidado-con-las-alergias-al-niquel-en-tratamientos-de-ortodoncia\/\" aria-label=\"More on Cuidado con las alergias al n\u00edquel en tratamientos de ortodoncia\">Read more<\/a><\/p>\n","protected":false},"author":101011,"featured_media":10252,"comment_status":"open","ping_status":"open","sticky":false,"template":"","format":"standard","meta":{"footnotes":""},"categories":[146],"tags":[307,301,298,299,297,57,63,300,308,309],"class_list":["post-5140","post","type-post","status-publish","format-standard","has-post-thumbnail","hentry","category-ortodoncia-clinica","tag-alergias-al-niquel","tag-arcos","tag-botones","tag-ligaduras","tag-niquel","tag-ortodoncia","tag-proclinic","tag-retenedores","tag-titanium","tag-tubos-bucales"],"yoast_head":"<!-- This site is optimized with the Yoast SEO plugin v27.4 - https:\/\/yoast.com\/product\/yoast-seo-wordpress\/ -->\n<title>Cuidado con las alergias al n\u00edquel en tratamientos de ortodoncia - Blog Proclinic<\/title>\n<meta name=\"robots\" content=\"index, follow, max-snippet:-1, max-image-preview:large, max-video-preview:-1\" \/>\n<link rel=\"canonical\" href=\"https:\/\/www.proclinic.es\/blog\/cuidado-con-las-alergias-al-niquel-en-tratamientos-de-ortodoncia\/\" \/>\n<meta property=\"og:locale\" content=\"es_ES\" \/>\n<meta property=\"og:type\" content=\"article\" \/>\n<meta property=\"og:title\" content=\"Cuidado con las alergias al n\u00edquel en tratamientos de ortodoncia - Blog Proclinic\" \/>\n<meta property=\"og:description\" content=\"La alergia al n\u00edquel se encuentra dentro de las enfermedades denominadas dermatitis por contacto, y es la alergia a un metal m\u00e1s com\u00fan. No se conoce la causa exacta por la que un paciente es al\u00e9rgico al n\u00edquel, pero si se sabe que es m\u00e1s frecuente en mujeres que en hombres y que si se ... Read more\" \/>\n<meta property=\"og:url\" content=\"https:\/\/www.proclinic.es\/blog\/cuidado-con-las-alergias-al-niquel-en-tratamientos-de-ortodoncia\/\" \/>\n<meta property=\"og:site_name\" content=\"Blog Proclinic\" \/>\n<meta property=\"article:publisher\" content=\"https:\/\/www.facebook.com\/proclinicsa\" \/>\n<meta property=\"article:published_time\" content=\"2018-11-05T11:49:52+00:00\" \/>\n<meta property=\"article:modified_time\" content=\"2023-02-13T09:43:29+00:00\" \/>\n<meta property=\"og:image\" content=\"https:\/\/www.proclinic.es\/blog\/wp-content\/uploads\/2018\/11\/alergias_niquel_Proclinic_brackets_titanium_ortodoncia.jpg\" \/>\n\t<meta property=\"og:image:width\" content=\"1200\" \/>\n\t<meta property=\"og:image:height\" content=\"800\" \/>\n\t<meta property=\"og:image:type\" content=\"image\/jpeg\" \/>\n<meta name=\"author\" content=\"Anna\" \/>\n<meta name=\"twitter:card\" content=\"summary_large_image\" \/>\n<meta name=\"twitter:creator\" content=\"@Proclinic_SA\" \/>\n<meta name=\"twitter:site\" content=\"@Proclinic_SA\" \/>\n<meta name=\"twitter:label1\" content=\"Escrito por\" \/>\n\t<meta name=\"twitter:data1\" content=\"Anna\" \/>\n\t<meta name=\"twitter:label2\" content=\"Tiempo de lectura\" \/>\n\t<meta name=\"twitter:data2\" content=\"3 minutos\" \/>\n<script type=\"application\/ld+json\" class=\"yoast-schema-graph\">{\"@context\":\"https:\\\/\\\/schema.org\",\"@graph\":[{\"@type\":\"Article\",\"@id\":\"https:\\\/\\\/www.proclinic.es\\\/blog\\\/cuidado-con-las-alergias-al-niquel-en-tratamientos-de-ortodoncia\\\/#article\",\"isPartOf\":{\"@id\":\"https:\\\/\\\/www.proclinic.es\\\/blog\\\/cuidado-con-las-alergias-al-niquel-en-tratamientos-de-ortodoncia\\\/\"},\"author\":{\"name\":\"Anna\",\"@id\":\"https:\\\/\\\/www.proclinic.es\\\/blog\\\/#\\\/schema\\\/person\\\/85e304ea367ce3922003b0d8b388e527\"},\"headline\":\"Cuidado con las alergias al n\u00edquel en tratamientos de ortodoncia\",\"datePublished\":\"2018-11-05T11:49:52+00:00\",\"dateModified\":\"2023-02-13T09:43:29+00:00\",\"mainEntityOfPage\":{\"@id\":\"https:\\\/\\\/www.proclinic.es\\\/blog\\\/cuidado-con-las-alergias-al-niquel-en-tratamientos-de-ortodoncia\\\/\"},\"wordCount\":594,\"commentCount\":0,\"image\":{\"@id\":\"https:\\\/\\\/www.proclinic.es\\\/blog\\\/cuidado-con-las-alergias-al-niquel-en-tratamientos-de-ortodoncia\\\/#primaryimage\"},\"thumbnailUrl\":\"https:\\\/\\\/www.proclinic.es\\\/blog\\\/wp-content\\\/uploads\\\/2018\\\/11\\\/alergias_niquel_Proclinic_brackets_titanium_ortodoncia.jpg\",\"keywords\":[\"alergias al niquel\",\"arcos\",\"botones\",\"ligaduras\",\"niquel\",\"ortodoncia\",\"proclinic\",\"retenedores\",\"titanium\",\"tubos bucales\"],\"articleSection\":[\"Ortodoncia\"],\"inLanguage\":\"es\",\"potentialAction\":[{\"@type\":\"CommentAction\",\"name\":\"Comment\",\"target\":[\"https:\\\/\\\/www.proclinic.es\\\/blog\\\/cuidado-con-las-alergias-al-niquel-en-tratamientos-de-ortodoncia\\\/#respond\"]}]},{\"@type\":\"WebPage\",\"@id\":\"https:\\\/\\\/www.proclinic.es\\\/blog\\\/cuidado-con-las-alergias-al-niquel-en-tratamientos-de-ortodoncia\\\/\",\"url\":\"https:\\\/\\\/www.proclinic.es\\\/blog\\\/cuidado-con-las-alergias-al-niquel-en-tratamientos-de-ortodoncia\\\/\",\"name\":\"Cuidado con las alergias al n\u00edquel en tratamientos de ortodoncia - Blog Proclinic\",\"isPartOf\":{\"@id\":\"https:\\\/\\\/www.proclinic.es\\\/blog\\\/#website\"},\"primaryImageOfPage\":{\"@id\":\"https:\\\/\\\/www.proclinic.es\\\/blog\\\/cuidado-con-las-alergias-al-niquel-en-tratamientos-de-ortodoncia\\\/#primaryimage\"},\"image\":{\"@id\":\"https:\\\/\\\/www.proclinic.es\\\/blog\\\/cuidado-con-las-alergias-al-niquel-en-tratamientos-de-ortodoncia\\\/#primaryimage\"},\"thumbnailUrl\":\"https:\\\/\\\/www.proclinic.es\\\/blog\\\/wp-content\\\/uploads\\\/2018\\\/11\\\/alergias_niquel_Proclinic_brackets_titanium_ortodoncia.jpg\",\"datePublished\":\"2018-11-05T11:49:52+00:00\",\"dateModified\":\"2023-02-13T09:43:29+00:00\",\"author\":{\"@id\":\"https:\\\/\\\/www.proclinic.es\\\/blog\\\/#\\\/schema\\\/person\\\/85e304ea367ce3922003b0d8b388e527\"},\"breadcrumb\":{\"@id\":\"https:\\\/\\\/www.proclinic.es\\\/blog\\\/cuidado-con-las-alergias-al-niquel-en-tratamientos-de-ortodoncia\\\/#breadcrumb\"},\"inLanguage\":\"es\",\"potentialAction\":[{\"@type\":\"ReadAction\",\"target\":[\"https:\\\/\\\/www.proclinic.es\\\/blog\\\/cuidado-con-las-alergias-al-niquel-en-tratamientos-de-ortodoncia\\\/\"]}]},{\"@type\":\"ImageObject\",\"inLanguage\":\"es\",\"@id\":\"https:\\\/\\\/www.proclinic.es\\\/blog\\\/cuidado-con-las-alergias-al-niquel-en-tratamientos-de-ortodoncia\\\/#primaryimage\",\"url\":\"https:\\\/\\\/www.proclinic.es\\\/blog\\\/wp-content\\\/uploads\\\/2018\\\/11\\\/alergias_niquel_Proclinic_brackets_titanium_ortodoncia.jpg\",\"contentUrl\":\"https:\\\/\\\/www.proclinic.es\\\/blog\\\/wp-content\\\/uploads\\\/2018\\\/11\\\/alergias_niquel_Proclinic_brackets_titanium_ortodoncia.jpg\",\"width\":1200,\"height\":800},{\"@type\":\"BreadcrumbList\",\"@id\":\"https:\\\/\\\/www.proclinic.es\\\/blog\\\/cuidado-con-las-alergias-al-niquel-en-tratamientos-de-ortodoncia\\\/#breadcrumb\",\"itemListElement\":[{\"@type\":\"ListItem\",\"position\":1,\"name\":\"Home\",\"item\":\"https:\\\/\\\/www.proclinic.es\\\/blog\\\/\"},{\"@type\":\"ListItem\",\"position\":2,\"name\":\"Cuidado con las alergias al n\u00edquel en tratamientos de ortodoncia\"}]},{\"@type\":\"WebSite\",\"@id\":\"https:\\\/\\\/www.proclinic.es\\\/blog\\\/#website\",\"url\":\"https:\\\/\\\/www.proclinic.es\\\/blog\\\/\",\"name\":\"Blog Proclinic\",\"description\":\"\u00a1Bienvenido al blog de Proclinic! En este espacio, nos enfocamos en brindar informaci\u00f3n valiosa y actualizada para todos los profesionales del sector dental. Nuestra misi\u00f3n es mantenerte al d\u00eda de las \u00faltimas tendencias, investigaciones y t\u00e9cnicas en el campo de la odontolog\u00eda. Exploraremos temas que van desde las novedades en materiales odontol\u00f3gicos, consejos pr\u00e1cticos para la gesti\u00f3n de cl\u00ednicas dentales hasta casos cl\u00ednicos con base cient\u00edfica, eventos del sector y mucho m\u00e1s. Te invitamos a seguir nuestro contenido, dise\u00f1ado para mantener tu pr\u00e1ctica en la vanguardia de la odontolog\u00eda moderna.\",\"potentialAction\":[{\"@type\":\"SearchAction\",\"target\":{\"@type\":\"EntryPoint\",\"urlTemplate\":\"https:\\\/\\\/www.proclinic.es\\\/blog\\\/?s={search_term_string}\"},\"query-input\":{\"@type\":\"PropertyValueSpecification\",\"valueRequired\":true,\"valueName\":\"search_term_string\"}}],\"inLanguage\":\"es\"},{\"@type\":\"Person\",\"@id\":\"https:\\\/\\\/www.proclinic.es\\\/blog\\\/#\\\/schema\\\/person\\\/85e304ea367ce3922003b0d8b388e527\",\"name\":\"Anna\",\"image\":{\"@type\":\"ImageObject\",\"inLanguage\":\"es\",\"@id\":\"https:\\\/\\\/secure.gravatar.com\\\/avatar\\\/b8b19455b6924f97d0afcdeb2791066e8c8af798468c71e0fe7e686c5d0b49f4?s=96&d=mm&r=g\",\"url\":\"https:\\\/\\\/secure.gravatar.com\\\/avatar\\\/b8b19455b6924f97d0afcdeb2791066e8c8af798468c71e0fe7e686c5d0b49f4?s=96&d=mm&r=g\",\"contentUrl\":\"https:\\\/\\\/secure.gravatar.com\\\/avatar\\\/b8b19455b6924f97d0afcdeb2791066e8c8af798468c71e0fe7e686c5d0b49f4?s=96&d=mm&r=g\",\"caption\":\"Anna\"},\"description\":\"Community Manager\",\"url\":\"https:\\\/\\\/www.proclinic.es\\\/blog\\\/author\\\/anna\\\/\"}]}<\/script>\n<!-- \/ Yoast SEO plugin. -->","yoast_head_json":{"title":"Cuidado con las alergias al n\u00edquel en tratamientos de ortodoncia - Blog Proclinic","robots":{"index":"index","follow":"follow","max-snippet":"max-snippet:-1","max-image-preview":"max-image-preview:large","max-video-preview":"max-video-preview:-1"},"canonical":"https:\/\/www.proclinic.es\/blog\/cuidado-con-las-alergias-al-niquel-en-tratamientos-de-ortodoncia\/","og_locale":"es_ES","og_type":"article","og_title":"Cuidado con las alergias al n\u00edquel en tratamientos de ortodoncia - Blog Proclinic","og_description":"La alergia al n\u00edquel se encuentra dentro de las enfermedades denominadas dermatitis por contacto, y es la alergia a un metal m\u00e1s com\u00fan. No se conoce la causa exacta por la que un paciente es al\u00e9rgico al n\u00edquel, pero si se sabe que es m\u00e1s frecuente en mujeres que en hombres y que si se ... Read more","og_url":"https:\/\/www.proclinic.es\/blog\/cuidado-con-las-alergias-al-niquel-en-tratamientos-de-ortodoncia\/","og_site_name":"Blog Proclinic","article_publisher":"https:\/\/www.facebook.com\/proclinicsa","article_published_time":"2018-11-05T11:49:52+00:00","article_modified_time":"2023-02-13T09:43:29+00:00","og_image":[{"width":1200,"height":800,"url":"https:\/\/www.proclinic.es\/blog\/wp-content\/uploads\/2018\/11\/alergias_niquel_Proclinic_brackets_titanium_ortodoncia.jpg","type":"image\/jpeg"}],"author":"Anna","twitter_card":"summary_large_image","twitter_creator":"@Proclinic_SA","twitter_site":"@Proclinic_SA","twitter_misc":{"Escrito por":"Anna","Tiempo de lectura":"3 minutos"},"schema":{"@context":"https:\/\/schema.org","@graph":[{"@type":"Article","@id":"https:\/\/www.proclinic.es\/blog\/cuidado-con-las-alergias-al-niquel-en-tratamientos-de-ortodoncia\/#article","isPartOf":{"@id":"https:\/\/www.proclinic.es\/blog\/cuidado-con-las-alergias-al-niquel-en-tratamientos-de-ortodoncia\/"},"author":{"name":"Anna","@id":"https:\/\/www.proclinic.es\/blog\/#\/schema\/person\/85e304ea367ce3922003b0d8b388e527"},"headline":"Cuidado con las alergias al n\u00edquel en tratamientos de ortodoncia","datePublished":"2018-11-05T11:49:52+00:00","dateModified":"2023-02-13T09:43:29+00:00","mainEntityOfPage":{"@id":"https:\/\/www.proclinic.es\/blog\/cuidado-con-las-alergias-al-niquel-en-tratamientos-de-ortodoncia\/"},"wordCount":594,"commentCount":0,"image":{"@id":"https:\/\/www.proclinic.es\/blog\/cuidado-con-las-alergias-al-niquel-en-tratamientos-de-ortodoncia\/#primaryimage"},"thumbnailUrl":"https:\/\/www.proclinic.es\/blog\/wp-content\/uploads\/2018\/11\/alergias_niquel_Proclinic_brackets_titanium_ortodoncia.jpg","keywords":["alergias al niquel","arcos","botones","ligaduras","niquel","ortodoncia","proclinic","retenedores","titanium","tubos bucales"],"articleSection":["Ortodoncia"],"inLanguage":"es","potentialAction":[{"@type":"CommentAction","name":"Comment","target":["https:\/\/www.proclinic.es\/blog\/cuidado-con-las-alergias-al-niquel-en-tratamientos-de-ortodoncia\/#respond"]}]},{"@type":"WebPage","@id":"https:\/\/www.proclinic.es\/blog\/cuidado-con-las-alergias-al-niquel-en-tratamientos-de-ortodoncia\/","url":"https:\/\/www.proclinic.es\/blog\/cuidado-con-las-alergias-al-niquel-en-tratamientos-de-ortodoncia\/","name":"Cuidado con las alergias al n\u00edquel en tratamientos de ortodoncia - Blog Proclinic","isPartOf":{"@id":"https:\/\/www.proclinic.es\/blog\/#website"},"primaryImageOfPage":{"@id":"https:\/\/www.proclinic.es\/blog\/cuidado-con-las-alergias-al-niquel-en-tratamientos-de-ortodoncia\/#primaryimage"},"image":{"@id":"https:\/\/www.proclinic.es\/blog\/cuidado-con-las-alergias-al-niquel-en-tratamientos-de-ortodoncia\/#primaryimage"},"thumbnailUrl":"https:\/\/www.proclinic.es\/blog\/wp-content\/uploads\/2018\/11\/alergias_niquel_Proclinic_brackets_titanium_ortodoncia.jpg","datePublished":"2018-11-05T11:49:52+00:00","dateModified":"2023-02-13T09:43:29+00:00","author":{"@id":"https:\/\/www.proclinic.es\/blog\/#\/schema\/person\/85e304ea367ce3922003b0d8b388e527"},"breadcrumb":{"@id":"https:\/\/www.proclinic.es\/blog\/cuidado-con-las-alergias-al-niquel-en-tratamientos-de-ortodoncia\/#breadcrumb"},"inLanguage":"es","potentialAction":[{"@type":"ReadAction","target":["https:\/\/www.proclinic.es\/blog\/cuidado-con-las-alergias-al-niquel-en-tratamientos-de-ortodoncia\/"]}]},{"@type":"ImageObject","inLanguage":"es","@id":"https:\/\/www.proclinic.es\/blog\/cuidado-con-las-alergias-al-niquel-en-tratamientos-de-ortodoncia\/#primaryimage","url":"https:\/\/www.proclinic.es\/blog\/wp-content\/uploads\/2018\/11\/alergias_niquel_Proclinic_brackets_titanium_ortodoncia.jpg","contentUrl":"https:\/\/www.proclinic.es\/blog\/wp-content\/uploads\/2018\/11\/alergias_niquel_Proclinic_brackets_titanium_ortodoncia.jpg","width":1200,"height":800},{"@type":"BreadcrumbList","@id":"https:\/\/www.proclinic.es\/blog\/cuidado-con-las-alergias-al-niquel-en-tratamientos-de-ortodoncia\/#breadcrumb","itemListElement":[{"@type":"ListItem","position":1,"name":"Home","item":"https:\/\/www.proclinic.es\/blog\/"},{"@type":"ListItem","position":2,"name":"Cuidado con las alergias al n\u00edquel en tratamientos de ortodoncia"}]},{"@type":"WebSite","@id":"https:\/\/www.proclinic.es\/blog\/#website","url":"https:\/\/www.proclinic.es\/blog\/","name":"Blog Proclinic","description":"\u00a1Bienvenido al blog de Proclinic! En este espacio, nos enfocamos en brindar informaci\u00f3n valiosa y actualizada para todos los profesionales del sector dental. Nuestra misi\u00f3n es mantenerte al d\u00eda de las \u00faltimas tendencias, investigaciones y t\u00e9cnicas en el campo de la odontolog\u00eda. Exploraremos temas que van desde las novedades en materiales odontol\u00f3gicos, consejos pr\u00e1cticos para la gesti\u00f3n de cl\u00ednicas dentales hasta casos cl\u00ednicos con base cient\u00edfica, eventos del sector y mucho m\u00e1s. Te invitamos a seguir nuestro contenido, dise\u00f1ado para mantener tu pr\u00e1ctica en la vanguardia de la odontolog\u00eda moderna.","potentialAction":[{"@type":"SearchAction","target":{"@type":"EntryPoint","urlTemplate":"https:\/\/www.proclinic.es\/blog\/?s={search_term_string}"},"query-input":{"@type":"PropertyValueSpecification","valueRequired":true,"valueName":"search_term_string"}}],"inLanguage":"es"},{"@type":"Person","@id":"https:\/\/www.proclinic.es\/blog\/#\/schema\/person\/85e304ea367ce3922003b0d8b388e527","name":"Anna","image":{"@type":"ImageObject","inLanguage":"es","@id":"https:\/\/secure.gravatar.com\/avatar\/b8b19455b6924f97d0afcdeb2791066e8c8af798468c71e0fe7e686c5d0b49f4?s=96&d=mm&r=g","url":"https:\/\/secure.gravatar.com\/avatar\/b8b19455b6924f97d0afcdeb2791066e8c8af798468c71e0fe7e686c5d0b49f4?s=96&d=mm&r=g","contentUrl":"https:\/\/secure.gravatar.com\/avatar\/b8b19455b6924f97d0afcdeb2791066e8c8af798468c71e0fe7e686c5d0b49f4?s=96&d=mm&r=g","caption":"Anna"},"description":"Community Manager","url":"https:\/\/www.proclinic.es\/blog\/author\/anna\/"}]}},"jetpack_featured_media_url":"https:\/\/www.proclinic.es\/blog\/wp-content\/uploads\/2018\/11\/alergias_niquel_Proclinic_brackets_titanium_ortodoncia.jpg","_links":{"self":[{"href":"https:\/\/www.proclinic.es\/blog\/wp-json\/wp\/v2\/posts\/5140","targetHints":{"allow":["GET"]}}],"collection":[{"href":"https:\/\/www.proclinic.es\/blog\/wp-json\/wp\/v2\/posts"}],"about":[{"href":"https:\/\/www.proclinic.es\/blog\/wp-json\/wp\/v2\/types\/post"}],"author":[{"embeddable":true,"href":"https:\/\/www.proclinic.es\/blog\/wp-json\/wp\/v2\/users\/101011"}],"replies":[{"embeddable":true,"href":"https:\/\/www.proclinic.es\/blog\/wp-json\/wp\/v2\/comments?post=5140"}],"version-history":[{"count":13,"href":"https:\/\/www.proclinic.es\/blog\/wp-json\/wp\/v2\/posts\/5140\/revisions"}],"predecessor-version":[{"id":13723,"href":"https:\/\/www.proclinic.es\/blog\/wp-json\/wp\/v2\/posts\/5140\/revisions\/13723"}],"wp:featuredmedia":[{"embeddable":true,"href":"https:\/\/www.proclinic.es\/blog\/wp-json\/wp\/v2\/media\/10252"}],"wp:attachment":[{"href":"https:\/\/www.proclinic.es\/blog\/wp-json\/wp\/v2\/media?parent=5140"}],"wp:term":[{"taxonomy":"category","embeddable":true,"href":"https:\/\/www.proclinic.es\/blog\/wp-json\/wp\/v2\/categories?post=5140"},{"taxonomy":"post_tag","embeddable":true,"href":"https:\/\/www.proclinic.es\/blog\/wp-json\/wp\/v2\/tags?post=5140"}],"curies":[{"name":"wp","href":"https:\/\/api.w.org\/{rel}","templated":true}]}}