{"id":3666,"date":"2018-03-29T10:19:57","date_gmt":"2018-03-29T08:19:57","guid":{"rendered":"https:\/\/www.proclinic.es\/blog\/?p=3666"},"modified":"2023-02-13T13:21:54","modified_gmt":"2023-02-13T11:21:54","slug":"asi-fue-nuestro-paso-por-expodental-2018-video-resumen","status":"publish","type":"post","link":"https:\/\/www.proclinic.es\/blog\/asi-fue-nuestro-paso-por-expodental-2018-video-resumen\/","title":{"rendered":"As\u00ed fue nuestro paso por Expodental 2018 &#8211; V\u00eddeo Resumen"},"content":{"rendered":"<p>Mereces revivir con nosotros los mejores momentos de <strong>Expodental 2018<\/strong>.<\/p>\n<p>Durante tres d\u00edas de feria, el Sal\u00f3n, organizado por <a href=\"https:\/\/www.ifema.es\/\" target=\"_blank\" rel=\"noopener\">IFEMA<\/a> y promovido por la Federaci\u00f3n Espa\u00f1ola de Empresas de Tecnolog\u00eda Sanitaria (Fenin), reuni\u00f3 las propuestas de <strong>358 expositores,<\/strong> un 8,6% m\u00e1s que en 2016, <strong>412 empresas<\/strong> representadas y <strong>1.458 marcas, y la visita de 31.144 profesionales<\/strong> del sector de 73 pa\u00edses.<\/p>\n<p>En un innovador y sorprendente escenario de presentaci\u00f3n alineado con la evoluci\u00f3n y tendencias de futuro de la industria dental, los procesos de digitalizaci\u00f3n y los avances tecnol\u00f3gicos fueron los grandes protagonistas.<\/p>\n<p>Este a\u00f1o en particular, fue una <strong>edici\u00f3n muy especial para nosotros<\/strong> ya que <strong>celebramos nuestro 35 aniversario<\/strong> junto a todos\u00a0\u00a0vosotros.<\/p>\n<p>Para compartir nuestra evoluci\u00f3n a lo largo de todo este tiempo que llevamos creciendo juntos, creamos <strong>The Proclinic Experience,<\/strong> un recorrido por nuestros 35 a\u00f1os de historia en forma de caja de expedici\u00f3n de nuestros pedidos.<\/p>\n<p>Adem\u00e1s, pudimos mostrarte los \u00faltimos avances en tecnolog\u00eda digital, <a href=\"https:\/\/www.fadente.es\/fadente\/cad-cam\" target=\"_blank\" rel=\"noopener\">CAD CAM<\/a>, laboratorio y <a href=\"https:\/\/www.proclinic.es\/tienda\/equipamiento.html\">equipamiento dental<\/a> en nuestros stands de Fadente y equipamiento.<\/p>\n<p>Y por si fuera poco, tuvimos el agrado de invitar a dise\u00f1adores de gran reconocimiento como Cosima Ramirez, Ulises Merida y Modesto Lomba quienes nos hablaron sobre sus dise\u00f1os exclusivos para los <a href=\"https:\/\/www.proclinic.es\/blog\/nueva-gama-de-uniformes-winder\/\">uniformes de trabajo Winder.<\/a><\/p>\n<p>En el siguiente v\u00eddeo podr\u00e9is ver un resumen de estos 3 d\u00edas tan llenos de emociones en los que os hemos mostrado que somos mucho m\u00e1s que un\u00a0dep\u00f3sito dental: somos un proveedor integral de\u00a0servicios para el sector odontol\u00f3gico.<\/p>\n<p><strong>\u00a1Muchas gracias por hacer posible esta nueva edici\u00f3n, en 2020 m\u00e1s y mejor!<\/strong><\/p>\n<p><a href=\"https:\/\/www.youtube.com\/watch?v=HtRNAu3SIqY\">https:\/\/www.youtube.com\/watch?v=HtRNAu3SIqY<\/a><\/p>\n","protected":false},"excerpt":{"rendered":"<p>Mereces revivir con nosotros los mejores momentos de Expodental 2018. Durante tres d\u00edas de feria, el Sal\u00f3n, organizado por IFEMA y promovido por la Federaci\u00f3n Espa\u00f1ola de Empresas de Tecnolog\u00eda Sanitaria (Fenin), reuni\u00f3 las propuestas de 358 expositores, un 8,6% m\u00e1s que en 2016, 412 empresas representadas y 1.458 marcas, y la visita de 31.144 &#8230; <a title=\"As\u00ed fue nuestro paso por Expodental 2018 &#8211; V\u00eddeo Resumen\" class=\"read-more\" href=\"https:\/\/www.proclinic.es\/blog\/asi-fue-nuestro-paso-por-expodental-2018-video-resumen\/\" aria-label=\"More on As\u00ed fue nuestro paso por Expodental 2018 &#8211; V\u00eddeo Resumen\">Read more<\/a><\/p>\n","protected":false},"author":101011,"featured_media":3686,"comment_status":"open","ping_status":"open","sticky":false,"template":"","format":"gallery","meta":{"footnotes":""},"categories":[45],"tags":[58,173,64,63,190],"class_list":["post-3666","post","type-post","status-publish","format-gallery","has-post-thumbnail","hentry","category-actualidad","tag-cadcam","tag-expodental-2018","tag-fadente","tag-proclinic","tag-the-proclinic-experience","post_format-post-format-gallery"],"yoast_head":"<!-- This site is optimized with the Yoast SEO plugin v25.9 - https:\/\/yoast.com\/wordpress\/plugins\/seo\/ -->\n<title>As\u00ed fue nuestro paso por Expodental 2018 - V\u00eddeo Resumen - Blog Proclinic<\/title>\n<meta name=\"description\" content=\"Mereces revivir con nosotros los mejores momentos de Expodental 2018. Ha sido una edici\u00f3n muy especial ya que hemos celebrado nuestro 35 aniversario\" \/>\n<meta name=\"robots\" content=\"index, follow, max-snippet:-1, max-image-preview:large, max-video-preview:-1\" \/>\n<link rel=\"canonical\" href=\"https:\/\/www.proclinic.es\/blog\/asi-fue-nuestro-paso-por-expodental-2018-video-resumen\/\" \/>\n<meta property=\"og:locale\" content=\"es_ES\" \/>\n<meta property=\"og:type\" content=\"article\" \/>\n<meta property=\"og:title\" content=\"As\u00ed fue nuestro paso por Expodental 2018 - V\u00eddeo Resumen - Blog Proclinic\" \/>\n<meta property=\"og:description\" content=\"Mereces revivir con nosotros los mejores momentos de Expodental 2018. Ha sido una edici\u00f3n muy especial ya que hemos celebrado nuestro 35 aniversario\" \/>\n<meta property=\"og:url\" content=\"https:\/\/www.proclinic.es\/blog\/asi-fue-nuestro-paso-por-expodental-2018-video-resumen\/\" \/>\n<meta property=\"og:site_name\" content=\"Blog Proclinic\" \/>\n<meta property=\"article:publisher\" content=\"https:\/\/www.facebook.com\/proclinicsa\" \/>\n<meta property=\"article:published_time\" content=\"2018-03-29T08:19:57+00:00\" \/>\n<meta property=\"article:modified_time\" content=\"2023-02-13T11:21:54+00:00\" \/>\n<meta property=\"og:image\" content=\"https:\/\/www.proclinic.es\/blog\/wp-content\/uploads\/2018\/03\/portada-blogpost-expo.jpg\" \/>\n\t<meta property=\"og:image:width\" content=\"807\" \/>\n\t<meta property=\"og:image:height\" content=\"600\" \/>\n\t<meta property=\"og:image:type\" content=\"image\/jpeg\" \/>\n<meta name=\"author\" content=\"Anna\" \/>\n<meta name=\"twitter:card\" content=\"summary_large_image\" \/>\n<meta name=\"twitter:creator\" content=\"@Proclinic_SA\" \/>\n<meta name=\"twitter:site\" content=\"@Proclinic_SA\" \/>\n<meta name=\"twitter:label1\" content=\"Escrito por\" \/>\n\t<meta name=\"twitter:data1\" content=\"Anna\" \/>\n\t<meta name=\"twitter:label2\" content=\"Tiempo de lectura\" \/>\n\t<meta name=\"twitter:data2\" content=\"1 minuto\" \/>\n<script type=\"application\/ld+json\" class=\"yoast-schema-graph\">{\"@context\":\"https:\/\/schema.org\",\"@graph\":[{\"@type\":\"WebPage\",\"@id\":\"https:\/\/www.proclinic.es\/blog\/asi-fue-nuestro-paso-por-expodental-2018-video-resumen\/\",\"url\":\"https:\/\/www.proclinic.es\/blog\/asi-fue-nuestro-paso-por-expodental-2018-video-resumen\/\",\"name\":\"As\u00ed fue nuestro paso por Expodental 2018 - V\u00eddeo Resumen - Blog Proclinic\",\"isPartOf\":{\"@id\":\"https:\/\/www.proclinic.es\/blog\/#website\"},\"primaryImageOfPage\":{\"@id\":\"https:\/\/www.proclinic.es\/blog\/asi-fue-nuestro-paso-por-expodental-2018-video-resumen\/#primaryimage\"},\"image\":{\"@id\":\"https:\/\/www.proclinic.es\/blog\/asi-fue-nuestro-paso-por-expodental-2018-video-resumen\/#primaryimage\"},\"thumbnailUrl\":\"https:\/\/www.proclinic.es\/blog\/wp-content\/uploads\/2018\/03\/portada-blogpost-expo.jpg\",\"datePublished\":\"2018-03-29T08:19:57+00:00\",\"dateModified\":\"2023-02-13T11:21:54+00:00\",\"author\":{\"@id\":\"https:\/\/www.proclinic.es\/blog\/#\/schema\/person\/85e304ea367ce3922003b0d8b388e527\"},\"description\":\"Mereces revivir con nosotros los mejores momentos de Expodental 2018. Ha sido una edici\u00f3n muy especial ya que hemos celebrado nuestro 35 aniversario\",\"breadcrumb\":{\"@id\":\"https:\/\/www.proclinic.es\/blog\/asi-fue-nuestro-paso-por-expodental-2018-video-resumen\/#breadcrumb\"},\"inLanguage\":\"es\",\"potentialAction\":[{\"@type\":\"ReadAction\",\"target\":[\"https:\/\/www.proclinic.es\/blog\/asi-fue-nuestro-paso-por-expodental-2018-video-resumen\/\"]}]},{\"@type\":\"ImageObject\",\"inLanguage\":\"es\",\"@id\":\"https:\/\/www.proclinic.es\/blog\/asi-fue-nuestro-paso-por-expodental-2018-video-resumen\/#primaryimage\",\"url\":\"https:\/\/www.proclinic.es\/blog\/wp-content\/uploads\/2018\/03\/portada-blogpost-expo.jpg\",\"contentUrl\":\"https:\/\/www.proclinic.es\/blog\/wp-content\/uploads\/2018\/03\/portada-blogpost-expo.jpg\",\"width\":807,\"height\":600},{\"@type\":\"BreadcrumbList\",\"@id\":\"https:\/\/www.proclinic.es\/blog\/asi-fue-nuestro-paso-por-expodental-2018-video-resumen\/#breadcrumb\",\"itemListElement\":[{\"@type\":\"ListItem\",\"position\":1,\"name\":\"Home\",\"item\":\"https:\/\/www.proclinic.es\/blog\/\"},{\"@type\":\"ListItem\",\"position\":2,\"name\":\"As\u00ed fue nuestro paso por Expodental 2018 &#8211; V\u00eddeo Resumen\"}]},{\"@type\":\"WebSite\",\"@id\":\"https:\/\/www.proclinic.es\/blog\/#website\",\"url\":\"https:\/\/www.proclinic.es\/blog\/\",\"name\":\"Blog Proclinic\",\"description\":\"\u00a1Bienvenido al blog de Proclinic! En este espacio, nos enfocamos en brindar informaci\u00f3n valiosa y actualizada para todos los profesionales del sector dental. Nuestra misi\u00f3n es mantenerte al d\u00eda de las \u00faltimas tendencias, investigaciones y t\u00e9cnicas en el campo de la odontolog\u00eda. Exploraremos temas que van desde las novedades en materiales odontol\u00f3gicos, consejos pr\u00e1cticos para la gesti\u00f3n de cl\u00ednicas dentales hasta casos cl\u00ednicos con base cient\u00edfica, eventos del sector y mucho m\u00e1s. Te invitamos a seguir nuestro contenido, dise\u00f1ado para mantener tu pr\u00e1ctica en la vanguardia de la odontolog\u00eda moderna.\",\"potentialAction\":[{\"@type\":\"SearchAction\",\"target\":{\"@type\":\"EntryPoint\",\"urlTemplate\":\"https:\/\/www.proclinic.es\/blog\/?s={search_term_string}\"},\"query-input\":{\"@type\":\"PropertyValueSpecification\",\"valueRequired\":true,\"valueName\":\"search_term_string\"}}],\"inLanguage\":\"es\"},{\"@type\":\"Person\",\"@id\":\"https:\/\/www.proclinic.es\/blog\/#\/schema\/person\/85e304ea367ce3922003b0d8b388e527\",\"name\":\"Anna\",\"image\":{\"@type\":\"ImageObject\",\"inLanguage\":\"es\",\"@id\":\"https:\/\/www.proclinic.es\/blog\/#\/schema\/person\/image\/\",\"url\":\"https:\/\/secure.gravatar.com\/avatar\/b8b19455b6924f97d0afcdeb2791066e8c8af798468c71e0fe7e686c5d0b49f4?s=96&d=mm&r=g\",\"contentUrl\":\"https:\/\/secure.gravatar.com\/avatar\/b8b19455b6924f97d0afcdeb2791066e8c8af798468c71e0fe7e686c5d0b49f4?s=96&d=mm&r=g\",\"caption\":\"Anna\"},\"description\":\"Community Manager\",\"url\":\"https:\/\/www.proclinic.es\/blog\/author\/anna\/\"}]}<\/script>\n<!-- \/ Yoast SEO plugin. -->","yoast_head_json":{"title":"As\u00ed fue nuestro paso por Expodental 2018 - V\u00eddeo Resumen - Blog Proclinic","description":"Mereces revivir con nosotros los mejores momentos de Expodental 2018. Ha sido una edici\u00f3n muy especial ya que hemos celebrado nuestro 35 aniversario","robots":{"index":"index","follow":"follow","max-snippet":"max-snippet:-1","max-image-preview":"max-image-preview:large","max-video-preview":"max-video-preview:-1"},"canonical":"https:\/\/www.proclinic.es\/blog\/asi-fue-nuestro-paso-por-expodental-2018-video-resumen\/","og_locale":"es_ES","og_type":"article","og_title":"As\u00ed fue nuestro paso por Expodental 2018 - V\u00eddeo Resumen - Blog Proclinic","og_description":"Mereces revivir con nosotros los mejores momentos de Expodental 2018. Ha sido una edici\u00f3n muy especial ya que hemos celebrado nuestro 35 aniversario","og_url":"https:\/\/www.proclinic.es\/blog\/asi-fue-nuestro-paso-por-expodental-2018-video-resumen\/","og_site_name":"Blog Proclinic","article_publisher":"https:\/\/www.facebook.com\/proclinicsa","article_published_time":"2018-03-29T08:19:57+00:00","article_modified_time":"2023-02-13T11:21:54+00:00","og_image":[{"width":807,"height":600,"url":"https:\/\/www.proclinic.es\/blog\/wp-content\/uploads\/2018\/03\/portada-blogpost-expo.jpg","type":"image\/jpeg"}],"author":"Anna","twitter_card":"summary_large_image","twitter_creator":"@Proclinic_SA","twitter_site":"@Proclinic_SA","twitter_misc":{"Escrito por":"Anna","Tiempo de lectura":"1 minuto"},"schema":{"@context":"https:\/\/schema.org","@graph":[{"@type":"WebPage","@id":"https:\/\/www.proclinic.es\/blog\/asi-fue-nuestro-paso-por-expodental-2018-video-resumen\/","url":"https:\/\/www.proclinic.es\/blog\/asi-fue-nuestro-paso-por-expodental-2018-video-resumen\/","name":"As\u00ed fue nuestro paso por Expodental 2018 - V\u00eddeo Resumen - Blog Proclinic","isPartOf":{"@id":"https:\/\/www.proclinic.es\/blog\/#website"},"primaryImageOfPage":{"@id":"https:\/\/www.proclinic.es\/blog\/asi-fue-nuestro-paso-por-expodental-2018-video-resumen\/#primaryimage"},"image":{"@id":"https:\/\/www.proclinic.es\/blog\/asi-fue-nuestro-paso-por-expodental-2018-video-resumen\/#primaryimage"},"thumbnailUrl":"https:\/\/www.proclinic.es\/blog\/wp-content\/uploads\/2018\/03\/portada-blogpost-expo.jpg","datePublished":"2018-03-29T08:19:57+00:00","dateModified":"2023-02-13T11:21:54+00:00","author":{"@id":"https:\/\/www.proclinic.es\/blog\/#\/schema\/person\/85e304ea367ce3922003b0d8b388e527"},"description":"Mereces revivir con nosotros los mejores momentos de Expodental 2018. Ha sido una edici\u00f3n muy especial ya que hemos celebrado nuestro 35 aniversario","breadcrumb":{"@id":"https:\/\/www.proclinic.es\/blog\/asi-fue-nuestro-paso-por-expodental-2018-video-resumen\/#breadcrumb"},"inLanguage":"es","potentialAction":[{"@type":"ReadAction","target":["https:\/\/www.proclinic.es\/blog\/asi-fue-nuestro-paso-por-expodental-2018-video-resumen\/"]}]},{"@type":"ImageObject","inLanguage":"es","@id":"https:\/\/www.proclinic.es\/blog\/asi-fue-nuestro-paso-por-expodental-2018-video-resumen\/#primaryimage","url":"https:\/\/www.proclinic.es\/blog\/wp-content\/uploads\/2018\/03\/portada-blogpost-expo.jpg","contentUrl":"https:\/\/www.proclinic.es\/blog\/wp-content\/uploads\/2018\/03\/portada-blogpost-expo.jpg","width":807,"height":600},{"@type":"BreadcrumbList","@id":"https:\/\/www.proclinic.es\/blog\/asi-fue-nuestro-paso-por-expodental-2018-video-resumen\/#breadcrumb","itemListElement":[{"@type":"ListItem","position":1,"name":"Home","item":"https:\/\/www.proclinic.es\/blog\/"},{"@type":"ListItem","position":2,"name":"As\u00ed fue nuestro paso por Expodental 2018 &#8211; V\u00eddeo Resumen"}]},{"@type":"WebSite","@id":"https:\/\/www.proclinic.es\/blog\/#website","url":"https:\/\/www.proclinic.es\/blog\/","name":"Blog Proclinic","description":"\u00a1Bienvenido al blog de Proclinic! En este espacio, nos enfocamos en brindar informaci\u00f3n valiosa y actualizada para todos los profesionales del sector dental. Nuestra misi\u00f3n es mantenerte al d\u00eda de las \u00faltimas tendencias, investigaciones y t\u00e9cnicas en el campo de la odontolog\u00eda. Exploraremos temas que van desde las novedades en materiales odontol\u00f3gicos, consejos pr\u00e1cticos para la gesti\u00f3n de cl\u00ednicas dentales hasta casos cl\u00ednicos con base cient\u00edfica, eventos del sector y mucho m\u00e1s. Te invitamos a seguir nuestro contenido, dise\u00f1ado para mantener tu pr\u00e1ctica en la vanguardia de la odontolog\u00eda moderna.","potentialAction":[{"@type":"SearchAction","target":{"@type":"EntryPoint","urlTemplate":"https:\/\/www.proclinic.es\/blog\/?s={search_term_string}"},"query-input":{"@type":"PropertyValueSpecification","valueRequired":true,"valueName":"search_term_string"}}],"inLanguage":"es"},{"@type":"Person","@id":"https:\/\/www.proclinic.es\/blog\/#\/schema\/person\/85e304ea367ce3922003b0d8b388e527","name":"Anna","image":{"@type":"ImageObject","inLanguage":"es","@id":"https:\/\/www.proclinic.es\/blog\/#\/schema\/person\/image\/","url":"https:\/\/secure.gravatar.com\/avatar\/b8b19455b6924f97d0afcdeb2791066e8c8af798468c71e0fe7e686c5d0b49f4?s=96&d=mm&r=g","contentUrl":"https:\/\/secure.gravatar.com\/avatar\/b8b19455b6924f97d0afcdeb2791066e8c8af798468c71e0fe7e686c5d0b49f4?s=96&d=mm&r=g","caption":"Anna"},"description":"Community Manager","url":"https:\/\/www.proclinic.es\/blog\/author\/anna\/"}]}},"jetpack_featured_media_url":"https:\/\/www.proclinic.es\/blog\/wp-content\/uploads\/2018\/03\/portada-blogpost-expo.jpg","_links":{"self":[{"href":"https:\/\/www.proclinic.es\/blog\/wp-json\/wp\/v2\/posts\/3666","targetHints":{"allow":["GET"]}}],"collection":[{"href":"https:\/\/www.proclinic.es\/blog\/wp-json\/wp\/v2\/posts"}],"about":[{"href":"https:\/\/www.proclinic.es\/blog\/wp-json\/wp\/v2\/types\/post"}],"author":[{"embeddable":true,"href":"https:\/\/www.proclinic.es\/blog\/wp-json\/wp\/v2\/users\/101011"}],"replies":[{"embeddable":true,"href":"https:\/\/www.proclinic.es\/blog\/wp-json\/wp\/v2\/comments?post=3666"}],"version-history":[{"count":9,"href":"https:\/\/www.proclinic.es\/blog\/wp-json\/wp\/v2\/posts\/3666\/revisions"}],"predecessor-version":[{"id":13742,"href":"https:\/\/www.proclinic.es\/blog\/wp-json\/wp\/v2\/posts\/3666\/revisions\/13742"}],"wp:featuredmedia":[{"embeddable":true,"href":"https:\/\/www.proclinic.es\/blog\/wp-json\/wp\/v2\/media\/3686"}],"wp:attachment":[{"href":"https:\/\/www.proclinic.es\/blog\/wp-json\/wp\/v2\/media?parent=3666"}],"wp:term":[{"taxonomy":"category","embeddable":true,"href":"https:\/\/www.proclinic.es\/blog\/wp-json\/wp\/v2\/categories?post=3666"},{"taxonomy":"post_tag","embeddable":true,"href":"https:\/\/www.proclinic.es\/blog\/wp-json\/wp\/v2\/tags?post=3666"}],"curies":[{"name":"wp","href":"https:\/\/api.w.org\/{rel}","templated":true}]}}