{"id":3593,"date":"2018-02-12T13:07:15","date_gmt":"2018-02-12T11:07:15","guid":{"rendered":"https:\/\/www.proclinic.es\/blog\/?p=3593"},"modified":"2018-03-07T13:31:17","modified_gmt":"2018-03-07T11:31:17","slug":"proclinic-presenta-deac-la-academia-dental-que-apuesta-por-una-formacion-innovadora","status":"publish","type":"post","link":"https:\/\/www.proclinic.es\/blog\/proclinic-presenta-deac-la-academia-dental-que-apuesta-por-una-formacion-innovadora\/","title":{"rendered":"Proclinic presenta DEAC, la Academia dental que apuesta por una formaci\u00f3n innovadora"},"content":{"rendered":"<p><span style=\"color: #333333; font-family: Georgia;\">El pasado 8 de febrero, presentamos en\u00a0<\/span><b><span style=\"color: #333333; font-family: Georgia;\">Madrid<\/span><\/b><span style=\"color: #333333; font-family: Georgia;\">\u00a0ante los medios especializados nuestra\u00a0<\/span><b><span style=\"color: #333333; font-family: Georgia;\">Academia Dental Deac by Proclinic,\u00a0<\/span><\/b><span style=\"color: #333333; font-family: Georgia;\">en el cual disfrutamos de un desayuno muy original y cercano para profundizar m\u00e1s sobre este maravilloso proyecto<\/span><\/p>\n<p><img loading=\"lazy\" decoding=\"async\" class=\"aligncenter wp-image-3582 size-large\" src=\"https:\/\/www.proclinic.es\/blog\/wp-content\/uploads\/2018\/02\/04b37573-8180-426c-aefd-82d5b24c071c-800x600.jpg\" alt=\"\" width=\"625\" height=\"469\" srcset=\"https:\/\/www.proclinic.es\/blog\/wp-content\/uploads\/2018\/02\/04b37573-8180-426c-aefd-82d5b24c071c-800x600.jpg 800w, https:\/\/www.proclinic.es\/blog\/wp-content\/uploads\/2018\/02\/04b37573-8180-426c-aefd-82d5b24c071c-1536x1152.jpg 1536w, https:\/\/www.proclinic.es\/blog\/wp-content\/uploads\/2018\/02\/04b37573-8180-426c-aefd-82d5b24c071c-300x225.jpg 300w, https:\/\/www.proclinic.es\/blog\/wp-content\/uploads\/2018\/02\/04b37573-8180-426c-aefd-82d5b24c071c-768x576.jpg 768w, https:\/\/www.proclinic.es\/blog\/wp-content\/uploads\/2018\/02\/04b37573-8180-426c-aefd-82d5b24c071c.jpg 1600w\" sizes=\"auto, (max-width: 625px) 100vw, 625px\" \/><\/p>\n<p><span style=\"color: #333333; font-family: Georgia;\">La academia dental Deac ha nacido con la intenci\u00f3n de ofrecer experiencias formativas de primer nivel a todos los profesionales de la Odontolog\u00eda.<\/span><\/p>\n<p><span style=\"color: #333333; font-family: Georgia;\">Para ello contamos con un equipo de personas con amplia experiencia en el campo acad\u00e9mico, que han desarrollado una m\u00e1s que interesante oferta de formaciones de primer nivel impartidas por profesionales de reconocido prestigio, como los doctores\u00a0<\/span><b><span style=\"color: #333333; font-family: Georgia;\">Malag\u00f3n, Pi (sr. Y jr.<\/span><\/b><span style=\"color: #333333; font-family: Georgia;\">) y las doctoras\u00a0<\/span><b><span style=\"color: #333333; font-family: Georgia;\">Ana Llorente, Anna Salat<\/span><\/b><span style=\"color: #333333; font-family: Georgia;\">\u00a0y muchos otros. Contamos en nuestro plantel de formadores con aut\u00e9nticas referencias a nivel internacional.<\/span><\/p>\n<p><img loading=\"lazy\" decoding=\"async\" class=\"alignnone size-full wp-image-3579\" src=\"https:\/\/www.proclinic.es\/blog\/wp-content\/uploads\/2018\/02\/ana-lorente.jpg\" alt=\"\" width=\"208\" height=\"209\" srcset=\"https:\/\/www.proclinic.es\/blog\/wp-content\/uploads\/2018\/02\/ana-lorente.jpg 208w, https:\/\/www.proclinic.es\/blog\/wp-content\/uploads\/2018\/02\/ana-lorente-150x150.jpg 150w, https:\/\/www.proclinic.es\/blog\/wp-content\/uploads\/2018\/02\/ana-lorente-85x85.jpg 85w\" sizes=\"auto, (max-width: 208px) 100vw, 208px\" \/> <img loading=\"lazy\" decoding=\"async\" class=\"alignnone size-full wp-image-3578\" src=\"https:\/\/www.proclinic.es\/blog\/wp-content\/uploads\/2018\/02\/ivan-malagon.jpg\" alt=\"\" width=\"208\" height=\"210\" srcset=\"https:\/\/www.proclinic.es\/blog\/wp-content\/uploads\/2018\/02\/ivan-malagon.jpg 208w, https:\/\/www.proclinic.es\/blog\/wp-content\/uploads\/2018\/02\/ivan-malagon-150x150.jpg 150w, https:\/\/www.proclinic.es\/blog\/wp-content\/uploads\/2018\/02\/ivan-malagon-85x85.jpg 85w\" sizes=\"auto, (max-width: 208px) 100vw, 208px\" \/> <img loading=\"lazy\" decoding=\"async\" class=\"alignnone size-full wp-image-3580\" src=\"https:\/\/www.proclinic.es\/blog\/wp-content\/uploads\/2018\/02\/anna-salat.jpg\" alt=\"\" width=\"208\" height=\"209\" srcset=\"https:\/\/www.proclinic.es\/blog\/wp-content\/uploads\/2018\/02\/anna-salat.jpg 208w, https:\/\/www.proclinic.es\/blog\/wp-content\/uploads\/2018\/02\/anna-salat-150x150.jpg 150w, https:\/\/www.proclinic.es\/blog\/wp-content\/uploads\/2018\/02\/anna-salat-85x85.jpg 85w\" sizes=\"auto, (max-width: 208px) 100vw, 208px\" \/><\/p>\n<p><span style=\"color: #333333; font-family: Georgia;\">Nuestro objetivo es ser un referente de excelencia con el firme prop\u00f3sito de contribuir a la mejora del sector dental, y por ello queremos ofrecer programas que ayuden al profesional a dotarse y capacitarse de las \u00faltimas t\u00e9cnicas y procedimientos en cualquier campo y especialidad de la Odontolog\u00eda.<\/span><\/p>\n<p><span style=\"color: #333333; font-family: Georgia;\">Ya hemos realizado varios cursos que nos han permitido ver la gran aceptaci\u00f3n de este modelo \u00fanico en el que, al conocimiento profundo de las tendencias en el sector, se une una amplia experiencia en el mundo acad\u00e9mico, lo que nos permite ofrecer unas formaciones eminentemente pr\u00e1cticas y que est\u00e1n a la vanguardia de la formaci\u00f3n continuada en Europa.<\/span><\/p>\n<p><b><span style=\"color: #333333; font-family: Georgia;\">DEAC<\/span><\/b><span style=\"color: #333333; font-family: Georgia;\">\u00a0quiere ser el mejor apoyo de cualquier profesional a lo largo de toda su carrera, y estamos convencidos de que lo podemos hacer.<\/span><\/p>\n<p><span style=\"color: #333333; font-family: Georgia;\">\u00a1Visita nuestra web y encuentra tu curso acreditado!\u00a0<\/span><a href=\"http:\/\/www.deacbyproclinic.com\/\" target=\"_blank\" rel=\"noopener\"><b><u><span style=\"color: #0000ff; font-family: Georgia;\">www.deacbyproclinic.com<\/span><\/u><\/b><\/a><\/p>\n","protected":false},"excerpt":{"rendered":"<p>El pasado 8 de febrero, presentamos en\u00a0Madrid\u00a0ante los medios especializados nuestra\u00a0Academia Dental Deac by Proclinic,\u00a0en el cual disfrutamos de un desayuno muy original y cercano para profundizar m\u00e1s sobre este maravilloso proyecto La academia dental Deac ha nacido con la intenci\u00f3n de ofrecer experiencias formativas de primer nivel a todos los profesionales de la Odontolog\u00eda. &#8230; <a title=\"Proclinic presenta DEAC, la Academia dental que apuesta por una formaci\u00f3n innovadora\" class=\"read-more\" href=\"https:\/\/www.proclinic.es\/blog\/proclinic-presenta-deac-la-academia-dental-que-apuesta-por-una-formacion-innovadora\/\" aria-label=\"More on Proclinic presenta DEAC, la Academia dental que apuesta por una formaci\u00f3n innovadora\">Read more<\/a><\/p>\n","protected":false},"author":101013,"featured_media":3618,"comment_status":"open","ping_status":"open","sticky":false,"template":"","format":"standard","meta":{"footnotes":""},"categories":[43],"tags":[137,139,140,142,136,141,143,138,100,111,63],"class_list":["post-3593","post","type-post","status-publish","format-standard","has-post-thumbnail","hentry","category-formacion","tag-academia-dental","tag-ana-lorente","tag-anna-salat","tag-cursos-acreditados","tag-deac","tag-formacion","tag-implantes","tag-ivan-malagon","tag-odontologia","tag-odontopediatria","tag-proclinic"],"yoast_head":"<!-- This site is optimized with the Yoast SEO plugin v27.4 - https:\/\/yoast.com\/product\/yoast-seo-wordpress\/ -->\n<title>Proclinic presenta DEAC, la Academia dental que apuesta por una formaci\u00f3n innovadora - Blog Proclinic<\/title>\n<meta name=\"description\" content=\"Presentamos en Madrid ante los medios especializados nuestra Academia Dental Deac by Proclinic apostando por una formaci\u00f3n innovadora\" \/>\n<meta name=\"robots\" content=\"index, follow, max-snippet:-1, max-image-preview:large, max-video-preview:-1\" \/>\n<link rel=\"canonical\" href=\"https:\/\/www.proclinic.es\/blog\/proclinic-presenta-deac-la-academia-dental-que-apuesta-por-una-formacion-innovadora\/\" \/>\n<meta property=\"og:locale\" content=\"es_ES\" \/>\n<meta property=\"og:type\" content=\"article\" \/>\n<meta property=\"og:title\" content=\"Proclinic presenta DEAC, la Academia dental que apuesta por una formaci\u00f3n innovadora - Blog Proclinic\" \/>\n<meta property=\"og:description\" content=\"Presentamos en Madrid ante los medios especializados nuestra Academia Dental Deac by Proclinic apostando por una formaci\u00f3n innovadora\" \/>\n<meta property=\"og:url\" content=\"https:\/\/www.proclinic.es\/blog\/proclinic-presenta-deac-la-academia-dental-que-apuesta-por-una-formacion-innovadora\/\" \/>\n<meta property=\"og:site_name\" content=\"Blog Proclinic\" \/>\n<meta property=\"article:publisher\" content=\"https:\/\/www.facebook.com\/proclinicsa\" \/>\n<meta property=\"article:published_time\" content=\"2018-02-12T11:07:15+00:00\" \/>\n<meta property=\"article:modified_time\" content=\"2018-03-07T11:31:17+00:00\" \/>\n<meta property=\"og:image\" content=\"https:\/\/www.proclinic.es\/blog\/wp-content\/uploads\/2018\/02\/academia-dental-portada-blog-1.jpg\" \/>\n\t<meta property=\"og:image:width\" content=\"370\" \/>\n\t<meta property=\"og:image:height\" content=\"230\" \/>\n\t<meta property=\"og:image:type\" content=\"image\/jpeg\" \/>\n<meta name=\"author\" content=\"David Reig\" \/>\n<meta name=\"twitter:card\" content=\"summary_large_image\" \/>\n<meta name=\"twitter:creator\" content=\"@Proclinic_SA\" \/>\n<meta name=\"twitter:site\" content=\"@Proclinic_SA\" \/>\n<meta name=\"twitter:label1\" content=\"Escrito por\" \/>\n\t<meta name=\"twitter:data1\" content=\"David Reig\" \/>\n\t<meta name=\"twitter:label2\" content=\"Tiempo de lectura\" \/>\n\t<meta name=\"twitter:data2\" content=\"1 minuto\" \/>\n<script type=\"application\/ld+json\" class=\"yoast-schema-graph\">{\"@context\":\"https:\\\/\\\/schema.org\",\"@graph\":[{\"@type\":\"Article\",\"@id\":\"https:\\\/\\\/www.proclinic.es\\\/blog\\\/proclinic-presenta-deac-la-academia-dental-que-apuesta-por-una-formacion-innovadora\\\/#article\",\"isPartOf\":{\"@id\":\"https:\\\/\\\/www.proclinic.es\\\/blog\\\/proclinic-presenta-deac-la-academia-dental-que-apuesta-por-una-formacion-innovadora\\\/\"},\"author\":{\"name\":\"David Reig\",\"@id\":\"https:\\\/\\\/www.proclinic.es\\\/blog\\\/#\\\/schema\\\/person\\\/1f1430aaea9426ae6fb7250ede1a5e87\"},\"headline\":\"Proclinic presenta DEAC, la Academia dental que apuesta por una formaci\u00f3n innovadora\",\"datePublished\":\"2018-02-12T11:07:15+00:00\",\"dateModified\":\"2018-03-07T11:31:17+00:00\",\"mainEntityOfPage\":{\"@id\":\"https:\\\/\\\/www.proclinic.es\\\/blog\\\/proclinic-presenta-deac-la-academia-dental-que-apuesta-por-una-formacion-innovadora\\\/\"},\"wordCount\":292,\"commentCount\":0,\"image\":{\"@id\":\"https:\\\/\\\/www.proclinic.es\\\/blog\\\/proclinic-presenta-deac-la-academia-dental-que-apuesta-por-una-formacion-innovadora\\\/#primaryimage\"},\"thumbnailUrl\":\"https:\\\/\\\/www.proclinic.es\\\/blog\\\/wp-content\\\/uploads\\\/2018\\\/02\\\/academia-dental-portada-blog-1.jpg\",\"keywords\":[\"Academia dental\",\"Ana Lorente\",\"Anna Salat\",\"Cursos acreditados\",\"Deac\",\"Formaci\u00f3n\",\"Implantes\",\"Iv\u00e1n Malag\u00f3n\",\"odontolog\u00eda\",\"odontopediatr\u00eda\",\"proclinic\"],\"articleSection\":[\"Formaci\u00f3n y Eventos\"],\"inLanguage\":\"es\",\"potentialAction\":[{\"@type\":\"CommentAction\",\"name\":\"Comment\",\"target\":[\"https:\\\/\\\/www.proclinic.es\\\/blog\\\/proclinic-presenta-deac-la-academia-dental-que-apuesta-por-una-formacion-innovadora\\\/#respond\"]}]},{\"@type\":\"WebPage\",\"@id\":\"https:\\\/\\\/www.proclinic.es\\\/blog\\\/proclinic-presenta-deac-la-academia-dental-que-apuesta-por-una-formacion-innovadora\\\/\",\"url\":\"https:\\\/\\\/www.proclinic.es\\\/blog\\\/proclinic-presenta-deac-la-academia-dental-que-apuesta-por-una-formacion-innovadora\\\/\",\"name\":\"Proclinic presenta DEAC, la Academia dental que apuesta por una formaci\u00f3n innovadora - Blog Proclinic\",\"isPartOf\":{\"@id\":\"https:\\\/\\\/www.proclinic.es\\\/blog\\\/#website\"},\"primaryImageOfPage\":{\"@id\":\"https:\\\/\\\/www.proclinic.es\\\/blog\\\/proclinic-presenta-deac-la-academia-dental-que-apuesta-por-una-formacion-innovadora\\\/#primaryimage\"},\"image\":{\"@id\":\"https:\\\/\\\/www.proclinic.es\\\/blog\\\/proclinic-presenta-deac-la-academia-dental-que-apuesta-por-una-formacion-innovadora\\\/#primaryimage\"},\"thumbnailUrl\":\"https:\\\/\\\/www.proclinic.es\\\/blog\\\/wp-content\\\/uploads\\\/2018\\\/02\\\/academia-dental-portada-blog-1.jpg\",\"datePublished\":\"2018-02-12T11:07:15+00:00\",\"dateModified\":\"2018-03-07T11:31:17+00:00\",\"author\":{\"@id\":\"https:\\\/\\\/www.proclinic.es\\\/blog\\\/#\\\/schema\\\/person\\\/1f1430aaea9426ae6fb7250ede1a5e87\"},\"description\":\"Presentamos en Madrid ante los medios especializados nuestra Academia Dental Deac by Proclinic apostando por una formaci\u00f3n innovadora\",\"breadcrumb\":{\"@id\":\"https:\\\/\\\/www.proclinic.es\\\/blog\\\/proclinic-presenta-deac-la-academia-dental-que-apuesta-por-una-formacion-innovadora\\\/#breadcrumb\"},\"inLanguage\":\"es\",\"potentialAction\":[{\"@type\":\"ReadAction\",\"target\":[\"https:\\\/\\\/www.proclinic.es\\\/blog\\\/proclinic-presenta-deac-la-academia-dental-que-apuesta-por-una-formacion-innovadora\\\/\"]}]},{\"@type\":\"ImageObject\",\"inLanguage\":\"es\",\"@id\":\"https:\\\/\\\/www.proclinic.es\\\/blog\\\/proclinic-presenta-deac-la-academia-dental-que-apuesta-por-una-formacion-innovadora\\\/#primaryimage\",\"url\":\"https:\\\/\\\/www.proclinic.es\\\/blog\\\/wp-content\\\/uploads\\\/2018\\\/02\\\/academia-dental-portada-blog-1.jpg\",\"contentUrl\":\"https:\\\/\\\/www.proclinic.es\\\/blog\\\/wp-content\\\/uploads\\\/2018\\\/02\\\/academia-dental-portada-blog-1.jpg\",\"width\":370,\"height\":230},{\"@type\":\"BreadcrumbList\",\"@id\":\"https:\\\/\\\/www.proclinic.es\\\/blog\\\/proclinic-presenta-deac-la-academia-dental-que-apuesta-por-una-formacion-innovadora\\\/#breadcrumb\",\"itemListElement\":[{\"@type\":\"ListItem\",\"position\":1,\"name\":\"Home\",\"item\":\"https:\\\/\\\/www.proclinic.es\\\/blog\\\/\"},{\"@type\":\"ListItem\",\"position\":2,\"name\":\"Proclinic presenta DEAC, la Academia dental que apuesta por una formaci\u00f3n innovadora\"}]},{\"@type\":\"WebSite\",\"@id\":\"https:\\\/\\\/www.proclinic.es\\\/blog\\\/#website\",\"url\":\"https:\\\/\\\/www.proclinic.es\\\/blog\\\/\",\"name\":\"Blog Proclinic\",\"description\":\"\u00a1Bienvenido al blog de Proclinic! En este espacio, nos enfocamos en brindar informaci\u00f3n valiosa y actualizada para todos los profesionales del sector dental. Nuestra misi\u00f3n es mantenerte al d\u00eda de las \u00faltimas tendencias, investigaciones y t\u00e9cnicas en el campo de la odontolog\u00eda. Exploraremos temas que van desde las novedades en materiales odontol\u00f3gicos, consejos pr\u00e1cticos para la gesti\u00f3n de cl\u00ednicas dentales hasta casos cl\u00ednicos con base cient\u00edfica, eventos del sector y mucho m\u00e1s. Te invitamos a seguir nuestro contenido, dise\u00f1ado para mantener tu pr\u00e1ctica en la vanguardia de la odontolog\u00eda moderna.\",\"potentialAction\":[{\"@type\":\"SearchAction\",\"target\":{\"@type\":\"EntryPoint\",\"urlTemplate\":\"https:\\\/\\\/www.proclinic.es\\\/blog\\\/?s={search_term_string}\"},\"query-input\":{\"@type\":\"PropertyValueSpecification\",\"valueRequired\":true,\"valueName\":\"search_term_string\"}}],\"inLanguage\":\"es\"},{\"@type\":\"Person\",\"@id\":\"https:\\\/\\\/www.proclinic.es\\\/blog\\\/#\\\/schema\\\/person\\\/1f1430aaea9426ae6fb7250ede1a5e87\",\"name\":\"David Reig\",\"image\":{\"@type\":\"ImageObject\",\"inLanguage\":\"es\",\"@id\":\"https:\\\/\\\/secure.gravatar.com\\\/avatar\\\/7a71d1d48a1adb9059a2c4752d6db9431c2e2e22cf86849698bd9893e3790788?s=96&d=mm&r=g\",\"url\":\"https:\\\/\\\/secure.gravatar.com\\\/avatar\\\/7a71d1d48a1adb9059a2c4752d6db9431c2e2e22cf86849698bd9893e3790788?s=96&d=mm&r=g\",\"contentUrl\":\"https:\\\/\\\/secure.gravatar.com\\\/avatar\\\/7a71d1d48a1adb9059a2c4752d6db9431c2e2e22cf86849698bd9893e3790788?s=96&d=mm&r=g\",\"caption\":\"David Reig\"},\"url\":\"https:\\\/\\\/www.proclinic.es\\\/blog\\\/author\\\/david-reigproclinic-es\\\/\"}]}<\/script>\n<!-- \/ Yoast SEO plugin. -->","yoast_head_json":{"title":"Proclinic presenta DEAC, la Academia dental que apuesta por una formaci\u00f3n innovadora - Blog Proclinic","description":"Presentamos en Madrid ante los medios especializados nuestra Academia Dental Deac by Proclinic apostando por una formaci\u00f3n innovadora","robots":{"index":"index","follow":"follow","max-snippet":"max-snippet:-1","max-image-preview":"max-image-preview:large","max-video-preview":"max-video-preview:-1"},"canonical":"https:\/\/www.proclinic.es\/blog\/proclinic-presenta-deac-la-academia-dental-que-apuesta-por-una-formacion-innovadora\/","og_locale":"es_ES","og_type":"article","og_title":"Proclinic presenta DEAC, la Academia dental que apuesta por una formaci\u00f3n innovadora - Blog Proclinic","og_description":"Presentamos en Madrid ante los medios especializados nuestra Academia Dental Deac by Proclinic apostando por una formaci\u00f3n innovadora","og_url":"https:\/\/www.proclinic.es\/blog\/proclinic-presenta-deac-la-academia-dental-que-apuesta-por-una-formacion-innovadora\/","og_site_name":"Blog Proclinic","article_publisher":"https:\/\/www.facebook.com\/proclinicsa","article_published_time":"2018-02-12T11:07:15+00:00","article_modified_time":"2018-03-07T11:31:17+00:00","og_image":[{"width":370,"height":230,"url":"https:\/\/www.proclinic.es\/blog\/wp-content\/uploads\/2018\/02\/academia-dental-portada-blog-1.jpg","type":"image\/jpeg"}],"author":"David Reig","twitter_card":"summary_large_image","twitter_creator":"@Proclinic_SA","twitter_site":"@Proclinic_SA","twitter_misc":{"Escrito por":"David Reig","Tiempo de lectura":"1 minuto"},"schema":{"@context":"https:\/\/schema.org","@graph":[{"@type":"Article","@id":"https:\/\/www.proclinic.es\/blog\/proclinic-presenta-deac-la-academia-dental-que-apuesta-por-una-formacion-innovadora\/#article","isPartOf":{"@id":"https:\/\/www.proclinic.es\/blog\/proclinic-presenta-deac-la-academia-dental-que-apuesta-por-una-formacion-innovadora\/"},"author":{"name":"David Reig","@id":"https:\/\/www.proclinic.es\/blog\/#\/schema\/person\/1f1430aaea9426ae6fb7250ede1a5e87"},"headline":"Proclinic presenta DEAC, la Academia dental que apuesta por una formaci\u00f3n innovadora","datePublished":"2018-02-12T11:07:15+00:00","dateModified":"2018-03-07T11:31:17+00:00","mainEntityOfPage":{"@id":"https:\/\/www.proclinic.es\/blog\/proclinic-presenta-deac-la-academia-dental-que-apuesta-por-una-formacion-innovadora\/"},"wordCount":292,"commentCount":0,"image":{"@id":"https:\/\/www.proclinic.es\/blog\/proclinic-presenta-deac-la-academia-dental-que-apuesta-por-una-formacion-innovadora\/#primaryimage"},"thumbnailUrl":"https:\/\/www.proclinic.es\/blog\/wp-content\/uploads\/2018\/02\/academia-dental-portada-blog-1.jpg","keywords":["Academia dental","Ana Lorente","Anna Salat","Cursos acreditados","Deac","Formaci\u00f3n","Implantes","Iv\u00e1n Malag\u00f3n","odontolog\u00eda","odontopediatr\u00eda","proclinic"],"articleSection":["Formaci\u00f3n y Eventos"],"inLanguage":"es","potentialAction":[{"@type":"CommentAction","name":"Comment","target":["https:\/\/www.proclinic.es\/blog\/proclinic-presenta-deac-la-academia-dental-que-apuesta-por-una-formacion-innovadora\/#respond"]}]},{"@type":"WebPage","@id":"https:\/\/www.proclinic.es\/blog\/proclinic-presenta-deac-la-academia-dental-que-apuesta-por-una-formacion-innovadora\/","url":"https:\/\/www.proclinic.es\/blog\/proclinic-presenta-deac-la-academia-dental-que-apuesta-por-una-formacion-innovadora\/","name":"Proclinic presenta DEAC, la Academia dental que apuesta por una formaci\u00f3n innovadora - Blog Proclinic","isPartOf":{"@id":"https:\/\/www.proclinic.es\/blog\/#website"},"primaryImageOfPage":{"@id":"https:\/\/www.proclinic.es\/blog\/proclinic-presenta-deac-la-academia-dental-que-apuesta-por-una-formacion-innovadora\/#primaryimage"},"image":{"@id":"https:\/\/www.proclinic.es\/blog\/proclinic-presenta-deac-la-academia-dental-que-apuesta-por-una-formacion-innovadora\/#primaryimage"},"thumbnailUrl":"https:\/\/www.proclinic.es\/blog\/wp-content\/uploads\/2018\/02\/academia-dental-portada-blog-1.jpg","datePublished":"2018-02-12T11:07:15+00:00","dateModified":"2018-03-07T11:31:17+00:00","author":{"@id":"https:\/\/www.proclinic.es\/blog\/#\/schema\/person\/1f1430aaea9426ae6fb7250ede1a5e87"},"description":"Presentamos en Madrid ante los medios especializados nuestra Academia Dental Deac by Proclinic apostando por una formaci\u00f3n innovadora","breadcrumb":{"@id":"https:\/\/www.proclinic.es\/blog\/proclinic-presenta-deac-la-academia-dental-que-apuesta-por-una-formacion-innovadora\/#breadcrumb"},"inLanguage":"es","potentialAction":[{"@type":"ReadAction","target":["https:\/\/www.proclinic.es\/blog\/proclinic-presenta-deac-la-academia-dental-que-apuesta-por-una-formacion-innovadora\/"]}]},{"@type":"ImageObject","inLanguage":"es","@id":"https:\/\/www.proclinic.es\/blog\/proclinic-presenta-deac-la-academia-dental-que-apuesta-por-una-formacion-innovadora\/#primaryimage","url":"https:\/\/www.proclinic.es\/blog\/wp-content\/uploads\/2018\/02\/academia-dental-portada-blog-1.jpg","contentUrl":"https:\/\/www.proclinic.es\/blog\/wp-content\/uploads\/2018\/02\/academia-dental-portada-blog-1.jpg","width":370,"height":230},{"@type":"BreadcrumbList","@id":"https:\/\/www.proclinic.es\/blog\/proclinic-presenta-deac-la-academia-dental-que-apuesta-por-una-formacion-innovadora\/#breadcrumb","itemListElement":[{"@type":"ListItem","position":1,"name":"Home","item":"https:\/\/www.proclinic.es\/blog\/"},{"@type":"ListItem","position":2,"name":"Proclinic presenta DEAC, la Academia dental que apuesta por una formaci\u00f3n innovadora"}]},{"@type":"WebSite","@id":"https:\/\/www.proclinic.es\/blog\/#website","url":"https:\/\/www.proclinic.es\/blog\/","name":"Blog Proclinic","description":"\u00a1Bienvenido al blog de Proclinic! En este espacio, nos enfocamos en brindar informaci\u00f3n valiosa y actualizada para todos los profesionales del sector dental. Nuestra misi\u00f3n es mantenerte al d\u00eda de las \u00faltimas tendencias, investigaciones y t\u00e9cnicas en el campo de la odontolog\u00eda. Exploraremos temas que van desde las novedades en materiales odontol\u00f3gicos, consejos pr\u00e1cticos para la gesti\u00f3n de cl\u00ednicas dentales hasta casos cl\u00ednicos con base cient\u00edfica, eventos del sector y mucho m\u00e1s. Te invitamos a seguir nuestro contenido, dise\u00f1ado para mantener tu pr\u00e1ctica en la vanguardia de la odontolog\u00eda moderna.","potentialAction":[{"@type":"SearchAction","target":{"@type":"EntryPoint","urlTemplate":"https:\/\/www.proclinic.es\/blog\/?s={search_term_string}"},"query-input":{"@type":"PropertyValueSpecification","valueRequired":true,"valueName":"search_term_string"}}],"inLanguage":"es"},{"@type":"Person","@id":"https:\/\/www.proclinic.es\/blog\/#\/schema\/person\/1f1430aaea9426ae6fb7250ede1a5e87","name":"David Reig","image":{"@type":"ImageObject","inLanguage":"es","@id":"https:\/\/secure.gravatar.com\/avatar\/7a71d1d48a1adb9059a2c4752d6db9431c2e2e22cf86849698bd9893e3790788?s=96&d=mm&r=g","url":"https:\/\/secure.gravatar.com\/avatar\/7a71d1d48a1adb9059a2c4752d6db9431c2e2e22cf86849698bd9893e3790788?s=96&d=mm&r=g","contentUrl":"https:\/\/secure.gravatar.com\/avatar\/7a71d1d48a1adb9059a2c4752d6db9431c2e2e22cf86849698bd9893e3790788?s=96&d=mm&r=g","caption":"David Reig"},"url":"https:\/\/www.proclinic.es\/blog\/author\/david-reigproclinic-es\/"}]}},"jetpack_featured_media_url":"https:\/\/www.proclinic.es\/blog\/wp-content\/uploads\/2018\/02\/academia-dental-portada-blog-1.jpg","_links":{"self":[{"href":"https:\/\/www.proclinic.es\/blog\/wp-json\/wp\/v2\/posts\/3593","targetHints":{"allow":["GET"]}}],"collection":[{"href":"https:\/\/www.proclinic.es\/blog\/wp-json\/wp\/v2\/posts"}],"about":[{"href":"https:\/\/www.proclinic.es\/blog\/wp-json\/wp\/v2\/types\/post"}],"author":[{"embeddable":true,"href":"https:\/\/www.proclinic.es\/blog\/wp-json\/wp\/v2\/users\/101013"}],"replies":[{"embeddable":true,"href":"https:\/\/www.proclinic.es\/blog\/wp-json\/wp\/v2\/comments?post=3593"}],"version-history":[{"count":4,"href":"https:\/\/www.proclinic.es\/blog\/wp-json\/wp\/v2\/posts\/3593\/revisions"}],"predecessor-version":[{"id":3615,"href":"https:\/\/www.proclinic.es\/blog\/wp-json\/wp\/v2\/posts\/3593\/revisions\/3615"}],"wp:featuredmedia":[{"embeddable":true,"href":"https:\/\/www.proclinic.es\/blog\/wp-json\/wp\/v2\/media\/3618"}],"wp:attachment":[{"href":"https:\/\/www.proclinic.es\/blog\/wp-json\/wp\/v2\/media?parent=3593"}],"wp:term":[{"taxonomy":"category","embeddable":true,"href":"https:\/\/www.proclinic.es\/blog\/wp-json\/wp\/v2\/categories?post=3593"},{"taxonomy":"post_tag","embeddable":true,"href":"https:\/\/www.proclinic.es\/blog\/wp-json\/wp\/v2\/tags?post=3593"}],"curies":[{"name":"wp","href":"https:\/\/api.w.org\/{rel}","templated":true}]}}