{"id":3465,"date":"2017-12-12T17:38:12","date_gmt":"2017-12-12T15:38:12","guid":{"rendered":"http:\/\/localhost\/blogProclinic\/web\/?p=3465"},"modified":"2017-12-12T17:40:09","modified_gmt":"2017-12-12T15:40:09","slug":"descubre-nuestro-centro-logistico-el-corazon-de-proclinic","status":"publish","type":"post","link":"https:\/\/www.proclinic.es\/blog\/descubre-nuestro-centro-logistico-el-corazon-de-proclinic\/","title":{"rendered":"Descubre nuestro centro log\u00edstico: el coraz\u00f3n de Proclinic."},"content":{"rendered":"<p>Proclinic est\u00e1 presente en <strong>Zaragoza desde el a\u00f1o 1983<\/strong> con la apertura de una de nuestras primeras tiendas f\u00edsicas. Posteriormente, en 2006 construimos nuestro <strong>centro log\u00edstico<\/strong> de 6.000m<sup>2<\/sup> y en 2013 ampliamos su capacidad a 12.000m<sup>2<\/sup>.<\/p>\n<p>En la actualidad nuestro centro log\u00edstico de Zaragoza cuenta con 12.000m<sup>2<\/sup> y est\u00e1 <strong>dotado de la mejor tecnolog\u00eda<\/strong> que nos permite llevar a cabo el manejo de los m\u00e1s de 25.000 art\u00edculos que diariamente recibimos.<\/p>\n<p>Disponemos de la mayor<strong> variedad de productos de las mejores marcas del sector<\/strong>, con m\u00e1s de 55.000 referencias y una <strong>disponibilidad de producto del 99%<\/strong> para satisfacer las necesidades de nuestros clientes.<\/p>\n<p>El centro log\u00edstico dispone de modernas instalaciones, est\u00e1 totalmente equipado, refrigerado y automatizado. Esto nos permite preparar m\u00e1s de 850.000 paquetes y gestionar tu pedido con el mayor cuidado posible, entreg\u00e1ndolo en un plazo m\u00e1ximo de 24h.<\/p>\n<p>&nbsp;<\/p>\n<h3><strong>Adem\u00e1s, ofrecemos diversos beneficios a nuestros clientes como:<\/strong><\/h3>\n<ul>\n<li>La trazabilidad de su pedido en tiempo real<\/li>\n<li>La recogida de las devoluciones de forma gratuita<\/li>\n<li>El env\u00edo de tu pedido a cualquier parte de Europa<\/li>\n<li>La entrega es gratuita seg\u00fan el importe y el 95% de nuestros env\u00edos han sido con importe pagado.<\/li>\n<\/ul>\n<p>&nbsp;<\/p>\n<p><a href=\"https:\/\/www.youtube.com\/watch?v=6Kjt2qIaVkg&#038;t=2s\">https:\/\/www.youtube.com\/watch?v=6Kjt2qIaVkg&amp;t=2s<\/a><\/p>\n<p>&nbsp;<\/p>\n<p>Adem\u00e1s, Proclinic dispone del <a href=\"https:\/\/www.proclinic.es\/blog\/proclinic-dispone-del-certificado-de-bpd\/\">Certificado de Buenas Pr\u00e1cticas de Distribuci\u00f3n<\/a>, lo que significa que cumplimos con las <a href=\"http:\/\/eur-lex.europa.eu\/LexUriServ\/LexUriServ.do?uri=OJ:C:2013:343:0001:0014:ES:PDF\" target=\"_blank\">directrices europeas<\/a> que hacen referencia a la regulaci\u00f3n de la distribuci\u00f3n al por mayor de medicamentos en la Uni\u00f3n Europea<\/p>\n<p>La tecnolog\u00eda e innovaci\u00f3n de nuestro centro log\u00edstico nos permite <strong>garantizar la seguridad y la calidad de los medicamentos a lo largo de toda la red de distribuci\u00f3n.<\/strong><\/p>\n<p><img loading=\"lazy\" decoding=\"async\" class=\"wp-image-3466 aligncenter\" src=\"https:\/\/www.proclinic.es\/blog\/wp-content\/uploads\/2017\/12\/Certificado-BPD.png\" alt=\"\" width=\"661\" height=\"553\" srcset=\"https:\/\/www.proclinic.es\/blog\/wp-content\/uploads\/2017\/12\/Certificado-BPD.png 1019w, https:\/\/www.proclinic.es\/blog\/wp-content\/uploads\/2017\/12\/Certificado-BPD-300x251.png 300w, https:\/\/www.proclinic.es\/blog\/wp-content\/uploads\/2017\/12\/Certificado-BPD-768x642.png 768w, https:\/\/www.proclinic.es\/blog\/wp-content\/uploads\/2017\/12\/Certificado-BPD-800x669.png 800w, https:\/\/www.proclinic.es\/blog\/wp-content\/uploads\/2017\/12\/Certificado-BPD-85x70.png 85w\" sizes=\"auto, (max-width: 661px) 100vw, 661px\" \/><\/p>\n<p class=\"Standard\">Desde 1983 estamos a la vanguardia de la odontolog\u00eda.<\/p>\n<p class=\"Standard\">Llevamos <strong>34 a\u00f1os evolucionando a tu lado<\/strong>.<\/p>\n<p class=\"Standard\">Y nuestro compromiso es seguir mejorando d\u00eda a d\u00eda para <strong>ofrecerte productos de alt\u00edsima calidad<\/strong> y brindarte el mejor servicio.<\/p>\n<p>&nbsp;<\/p>\n<p>&nbsp;<\/p>\n","protected":false},"excerpt":{"rendered":"<p>Proclinic est\u00e1 presente en Zaragoza desde el a\u00f1o 1983 con la apertura de una de nuestras primeras tiendas f\u00edsicas. Posteriormente, en 2006 construimos nuestro centro log\u00edstico de 6.000m2 y en 2013 ampliamos su capacidad a 12.000m2. En la actualidad nuestro centro log\u00edstico de Zaragoza cuenta con 12.000m2 y est\u00e1 dotado de la mejor tecnolog\u00eda que &#8230; <a title=\"Descubre nuestro centro log\u00edstico: el coraz\u00f3n de Proclinic.\" class=\"read-more\" href=\"https:\/\/www.proclinic.es\/blog\/descubre-nuestro-centro-logistico-el-corazon-de-proclinic\/\" aria-label=\"More on Descubre nuestro centro log\u00edstico: el coraz\u00f3n de Proclinic.\">Read more<\/a><\/p>\n","protected":false},"author":101011,"featured_media":3467,"comment_status":"open","ping_status":"open","sticky":false,"template":"","format":"standard","meta":{"footnotes":""},"categories":[41],"tags":[97,96,73,100,63,99,98],"class_list":["post-3465","post","type-post","status-publish","format-standard","has-post-thumbnail","hentry","category-corporativo","tag-almacen","tag-centro-logistico","tag-certificado-bpd","tag-odontologia","tag-proclinic","tag-productos","tag-zaragoza"],"yoast_head":"<!-- This site is optimized with the Yoast SEO plugin v27.4 - https:\/\/yoast.com\/product\/yoast-seo-wordpress\/ -->\n<title>Descubre nuestro centro log\u00edstico: el coraz\u00f3n de Proclinic. - Blog Proclinic<\/title>\n<meta name=\"description\" content=\"En el a\u00f1o 2006 construimos nuestro centro log\u00edstico en Zaragoza que actualmente cuenta con 12.000m2 y est\u00e1 dotado de la mejor tecnolog\u00eda\" \/>\n<meta name=\"robots\" content=\"index, follow, max-snippet:-1, max-image-preview:large, max-video-preview:-1\" \/>\n<link rel=\"canonical\" href=\"https:\/\/www.proclinic.es\/blog\/descubre-nuestro-centro-logistico-el-corazon-de-proclinic\/\" \/>\n<meta property=\"og:locale\" content=\"es_ES\" \/>\n<meta property=\"og:type\" content=\"article\" \/>\n<meta property=\"og:title\" content=\"Descubre nuestro centro log\u00edstico: el coraz\u00f3n de Proclinic. - Blog Proclinic\" \/>\n<meta property=\"og:description\" content=\"En el a\u00f1o 2006 construimos nuestro centro log\u00edstico en Zaragoza que actualmente cuenta con 12.000m2 y est\u00e1 dotado de la mejor tecnolog\u00eda\" \/>\n<meta property=\"og:url\" content=\"https:\/\/www.proclinic.es\/blog\/descubre-nuestro-centro-logistico-el-corazon-de-proclinic\/\" \/>\n<meta property=\"og:site_name\" content=\"Blog Proclinic\" \/>\n<meta property=\"article:publisher\" content=\"https:\/\/www.facebook.com\/proclinicsa\" \/>\n<meta property=\"article:published_time\" content=\"2017-12-12T15:38:12+00:00\" \/>\n<meta property=\"article:modified_time\" content=\"2017-12-12T15:40:09+00:00\" \/>\n<meta property=\"og:image\" content=\"https:\/\/www.proclinic.es\/blog\/wp-content\/uploads\/2017\/12\/centro_logistico_proclinic.jpg\" \/>\n\t<meta property=\"og:image:width\" content=\"738\" \/>\n\t<meta property=\"og:image:height\" content=\"514\" \/>\n\t<meta property=\"og:image:type\" content=\"image\/jpeg\" \/>\n<meta name=\"author\" content=\"Anna\" \/>\n<meta name=\"twitter:card\" content=\"summary_large_image\" \/>\n<meta name=\"twitter:creator\" content=\"@Proclinic_SA\" \/>\n<meta name=\"twitter:site\" content=\"@Proclinic_SA\" \/>\n<meta name=\"twitter:label1\" content=\"Escrito por\" \/>\n\t<meta name=\"twitter:data1\" content=\"Anna\" \/>\n\t<meta name=\"twitter:label2\" content=\"Tiempo de lectura\" \/>\n\t<meta name=\"twitter:data2\" content=\"2 minutos\" \/>\n<script type=\"application\/ld+json\" class=\"yoast-schema-graph\">{\"@context\":\"https:\\\/\\\/schema.org\",\"@graph\":[{\"@type\":\"Article\",\"@id\":\"https:\\\/\\\/www.proclinic.es\\\/blog\\\/descubre-nuestro-centro-logistico-el-corazon-de-proclinic\\\/#article\",\"isPartOf\":{\"@id\":\"https:\\\/\\\/www.proclinic.es\\\/blog\\\/descubre-nuestro-centro-logistico-el-corazon-de-proclinic\\\/\"},\"author\":{\"name\":\"Anna\",\"@id\":\"https:\\\/\\\/www.proclinic.es\\\/blog\\\/#\\\/schema\\\/person\\\/85e304ea367ce3922003b0d8b388e527\"},\"headline\":\"Descubre nuestro centro log\u00edstico: el coraz\u00f3n de Proclinic.\",\"datePublished\":\"2017-12-12T15:38:12+00:00\",\"dateModified\":\"2017-12-12T15:40:09+00:00\",\"mainEntityOfPage\":{\"@id\":\"https:\\\/\\\/www.proclinic.es\\\/blog\\\/descubre-nuestro-centro-logistico-el-corazon-de-proclinic\\\/\"},\"wordCount\":341,\"commentCount\":0,\"image\":{\"@id\":\"https:\\\/\\\/www.proclinic.es\\\/blog\\\/descubre-nuestro-centro-logistico-el-corazon-de-proclinic\\\/#primaryimage\"},\"thumbnailUrl\":\"https:\\\/\\\/www.proclinic.es\\\/blog\\\/wp-content\\\/uploads\\\/2017\\\/12\\\/centro_logistico_proclinic.jpg\",\"keywords\":[\"almac\u00e9n\",\"Centro log\u00edstico\",\"Certificado BPD\",\"odontolog\u00eda\",\"proclinic\",\"productos\",\"Zaragoza\"],\"articleSection\":[\"Corporativo\"],\"inLanguage\":\"es\",\"potentialAction\":[{\"@type\":\"CommentAction\",\"name\":\"Comment\",\"target\":[\"https:\\\/\\\/www.proclinic.es\\\/blog\\\/descubre-nuestro-centro-logistico-el-corazon-de-proclinic\\\/#respond\"]}]},{\"@type\":\"WebPage\",\"@id\":\"https:\\\/\\\/www.proclinic.es\\\/blog\\\/descubre-nuestro-centro-logistico-el-corazon-de-proclinic\\\/\",\"url\":\"https:\\\/\\\/www.proclinic.es\\\/blog\\\/descubre-nuestro-centro-logistico-el-corazon-de-proclinic\\\/\",\"name\":\"Descubre nuestro centro log\u00edstico: el coraz\u00f3n de Proclinic. - Blog Proclinic\",\"isPartOf\":{\"@id\":\"https:\\\/\\\/www.proclinic.es\\\/blog\\\/#website\"},\"primaryImageOfPage\":{\"@id\":\"https:\\\/\\\/www.proclinic.es\\\/blog\\\/descubre-nuestro-centro-logistico-el-corazon-de-proclinic\\\/#primaryimage\"},\"image\":{\"@id\":\"https:\\\/\\\/www.proclinic.es\\\/blog\\\/descubre-nuestro-centro-logistico-el-corazon-de-proclinic\\\/#primaryimage\"},\"thumbnailUrl\":\"https:\\\/\\\/www.proclinic.es\\\/blog\\\/wp-content\\\/uploads\\\/2017\\\/12\\\/centro_logistico_proclinic.jpg\",\"datePublished\":\"2017-12-12T15:38:12+00:00\",\"dateModified\":\"2017-12-12T15:40:09+00:00\",\"author\":{\"@id\":\"https:\\\/\\\/www.proclinic.es\\\/blog\\\/#\\\/schema\\\/person\\\/85e304ea367ce3922003b0d8b388e527\"},\"description\":\"En el a\u00f1o 2006 construimos nuestro centro log\u00edstico en Zaragoza que actualmente cuenta con 12.000m2 y est\u00e1 dotado de la mejor tecnolog\u00eda\",\"breadcrumb\":{\"@id\":\"https:\\\/\\\/www.proclinic.es\\\/blog\\\/descubre-nuestro-centro-logistico-el-corazon-de-proclinic\\\/#breadcrumb\"},\"inLanguage\":\"es\",\"potentialAction\":[{\"@type\":\"ReadAction\",\"target\":[\"https:\\\/\\\/www.proclinic.es\\\/blog\\\/descubre-nuestro-centro-logistico-el-corazon-de-proclinic\\\/\"]}]},{\"@type\":\"ImageObject\",\"inLanguage\":\"es\",\"@id\":\"https:\\\/\\\/www.proclinic.es\\\/blog\\\/descubre-nuestro-centro-logistico-el-corazon-de-proclinic\\\/#primaryimage\",\"url\":\"https:\\\/\\\/www.proclinic.es\\\/blog\\\/wp-content\\\/uploads\\\/2017\\\/12\\\/centro_logistico_proclinic.jpg\",\"contentUrl\":\"https:\\\/\\\/www.proclinic.es\\\/blog\\\/wp-content\\\/uploads\\\/2017\\\/12\\\/centro_logistico_proclinic.jpg\",\"width\":738,\"height\":514},{\"@type\":\"BreadcrumbList\",\"@id\":\"https:\\\/\\\/www.proclinic.es\\\/blog\\\/descubre-nuestro-centro-logistico-el-corazon-de-proclinic\\\/#breadcrumb\",\"itemListElement\":[{\"@type\":\"ListItem\",\"position\":1,\"name\":\"Home\",\"item\":\"https:\\\/\\\/www.proclinic.es\\\/blog\\\/\"},{\"@type\":\"ListItem\",\"position\":2,\"name\":\"Descubre nuestro centro log\u00edstico: el coraz\u00f3n de Proclinic.\"}]},{\"@type\":\"WebSite\",\"@id\":\"https:\\\/\\\/www.proclinic.es\\\/blog\\\/#website\",\"url\":\"https:\\\/\\\/www.proclinic.es\\\/blog\\\/\",\"name\":\"Blog Proclinic\",\"description\":\"\u00a1Bienvenido al blog de Proclinic! En este espacio, nos enfocamos en brindar informaci\u00f3n valiosa y actualizada para todos los profesionales del sector dental. Nuestra misi\u00f3n es mantenerte al d\u00eda de las \u00faltimas tendencias, investigaciones y t\u00e9cnicas en el campo de la odontolog\u00eda. Exploraremos temas que van desde las novedades en materiales odontol\u00f3gicos, consejos pr\u00e1cticos para la gesti\u00f3n de cl\u00ednicas dentales hasta casos cl\u00ednicos con base cient\u00edfica, eventos del sector y mucho m\u00e1s. Te invitamos a seguir nuestro contenido, dise\u00f1ado para mantener tu pr\u00e1ctica en la vanguardia de la odontolog\u00eda moderna.\",\"potentialAction\":[{\"@type\":\"SearchAction\",\"target\":{\"@type\":\"EntryPoint\",\"urlTemplate\":\"https:\\\/\\\/www.proclinic.es\\\/blog\\\/?s={search_term_string}\"},\"query-input\":{\"@type\":\"PropertyValueSpecification\",\"valueRequired\":true,\"valueName\":\"search_term_string\"}}],\"inLanguage\":\"es\"},{\"@type\":\"Person\",\"@id\":\"https:\\\/\\\/www.proclinic.es\\\/blog\\\/#\\\/schema\\\/person\\\/85e304ea367ce3922003b0d8b388e527\",\"name\":\"Anna\",\"image\":{\"@type\":\"ImageObject\",\"inLanguage\":\"es\",\"@id\":\"https:\\\/\\\/secure.gravatar.com\\\/avatar\\\/b8b19455b6924f97d0afcdeb2791066e8c8af798468c71e0fe7e686c5d0b49f4?s=96&d=mm&r=g\",\"url\":\"https:\\\/\\\/secure.gravatar.com\\\/avatar\\\/b8b19455b6924f97d0afcdeb2791066e8c8af798468c71e0fe7e686c5d0b49f4?s=96&d=mm&r=g\",\"contentUrl\":\"https:\\\/\\\/secure.gravatar.com\\\/avatar\\\/b8b19455b6924f97d0afcdeb2791066e8c8af798468c71e0fe7e686c5d0b49f4?s=96&d=mm&r=g\",\"caption\":\"Anna\"},\"description\":\"Community Manager\",\"url\":\"https:\\\/\\\/www.proclinic.es\\\/blog\\\/author\\\/anna\\\/\"}]}<\/script>\n<!-- \/ Yoast SEO plugin. -->","yoast_head_json":{"title":"Descubre nuestro centro log\u00edstico: el coraz\u00f3n de Proclinic. - Blog Proclinic","description":"En el a\u00f1o 2006 construimos nuestro centro log\u00edstico en Zaragoza que actualmente cuenta con 12.000m2 y est\u00e1 dotado de la mejor tecnolog\u00eda","robots":{"index":"index","follow":"follow","max-snippet":"max-snippet:-1","max-image-preview":"max-image-preview:large","max-video-preview":"max-video-preview:-1"},"canonical":"https:\/\/www.proclinic.es\/blog\/descubre-nuestro-centro-logistico-el-corazon-de-proclinic\/","og_locale":"es_ES","og_type":"article","og_title":"Descubre nuestro centro log\u00edstico: el coraz\u00f3n de Proclinic. - Blog Proclinic","og_description":"En el a\u00f1o 2006 construimos nuestro centro log\u00edstico en Zaragoza que actualmente cuenta con 12.000m2 y est\u00e1 dotado de la mejor tecnolog\u00eda","og_url":"https:\/\/www.proclinic.es\/blog\/descubre-nuestro-centro-logistico-el-corazon-de-proclinic\/","og_site_name":"Blog Proclinic","article_publisher":"https:\/\/www.facebook.com\/proclinicsa","article_published_time":"2017-12-12T15:38:12+00:00","article_modified_time":"2017-12-12T15:40:09+00:00","og_image":[{"width":738,"height":514,"url":"https:\/\/www.proclinic.es\/blog\/wp-content\/uploads\/2017\/12\/centro_logistico_proclinic.jpg","type":"image\/jpeg"}],"author":"Anna","twitter_card":"summary_large_image","twitter_creator":"@Proclinic_SA","twitter_site":"@Proclinic_SA","twitter_misc":{"Escrito por":"Anna","Tiempo de lectura":"2 minutos"},"schema":{"@context":"https:\/\/schema.org","@graph":[{"@type":"Article","@id":"https:\/\/www.proclinic.es\/blog\/descubre-nuestro-centro-logistico-el-corazon-de-proclinic\/#article","isPartOf":{"@id":"https:\/\/www.proclinic.es\/blog\/descubre-nuestro-centro-logistico-el-corazon-de-proclinic\/"},"author":{"name":"Anna","@id":"https:\/\/www.proclinic.es\/blog\/#\/schema\/person\/85e304ea367ce3922003b0d8b388e527"},"headline":"Descubre nuestro centro log\u00edstico: el coraz\u00f3n de Proclinic.","datePublished":"2017-12-12T15:38:12+00:00","dateModified":"2017-12-12T15:40:09+00:00","mainEntityOfPage":{"@id":"https:\/\/www.proclinic.es\/blog\/descubre-nuestro-centro-logistico-el-corazon-de-proclinic\/"},"wordCount":341,"commentCount":0,"image":{"@id":"https:\/\/www.proclinic.es\/blog\/descubre-nuestro-centro-logistico-el-corazon-de-proclinic\/#primaryimage"},"thumbnailUrl":"https:\/\/www.proclinic.es\/blog\/wp-content\/uploads\/2017\/12\/centro_logistico_proclinic.jpg","keywords":["almac\u00e9n","Centro log\u00edstico","Certificado BPD","odontolog\u00eda","proclinic","productos","Zaragoza"],"articleSection":["Corporativo"],"inLanguage":"es","potentialAction":[{"@type":"CommentAction","name":"Comment","target":["https:\/\/www.proclinic.es\/blog\/descubre-nuestro-centro-logistico-el-corazon-de-proclinic\/#respond"]}]},{"@type":"WebPage","@id":"https:\/\/www.proclinic.es\/blog\/descubre-nuestro-centro-logistico-el-corazon-de-proclinic\/","url":"https:\/\/www.proclinic.es\/blog\/descubre-nuestro-centro-logistico-el-corazon-de-proclinic\/","name":"Descubre nuestro centro log\u00edstico: el coraz\u00f3n de Proclinic. - Blog Proclinic","isPartOf":{"@id":"https:\/\/www.proclinic.es\/blog\/#website"},"primaryImageOfPage":{"@id":"https:\/\/www.proclinic.es\/blog\/descubre-nuestro-centro-logistico-el-corazon-de-proclinic\/#primaryimage"},"image":{"@id":"https:\/\/www.proclinic.es\/blog\/descubre-nuestro-centro-logistico-el-corazon-de-proclinic\/#primaryimage"},"thumbnailUrl":"https:\/\/www.proclinic.es\/blog\/wp-content\/uploads\/2017\/12\/centro_logistico_proclinic.jpg","datePublished":"2017-12-12T15:38:12+00:00","dateModified":"2017-12-12T15:40:09+00:00","author":{"@id":"https:\/\/www.proclinic.es\/blog\/#\/schema\/person\/85e304ea367ce3922003b0d8b388e527"},"description":"En el a\u00f1o 2006 construimos nuestro centro log\u00edstico en Zaragoza que actualmente cuenta con 12.000m2 y est\u00e1 dotado de la mejor tecnolog\u00eda","breadcrumb":{"@id":"https:\/\/www.proclinic.es\/blog\/descubre-nuestro-centro-logistico-el-corazon-de-proclinic\/#breadcrumb"},"inLanguage":"es","potentialAction":[{"@type":"ReadAction","target":["https:\/\/www.proclinic.es\/blog\/descubre-nuestro-centro-logistico-el-corazon-de-proclinic\/"]}]},{"@type":"ImageObject","inLanguage":"es","@id":"https:\/\/www.proclinic.es\/blog\/descubre-nuestro-centro-logistico-el-corazon-de-proclinic\/#primaryimage","url":"https:\/\/www.proclinic.es\/blog\/wp-content\/uploads\/2017\/12\/centro_logistico_proclinic.jpg","contentUrl":"https:\/\/www.proclinic.es\/blog\/wp-content\/uploads\/2017\/12\/centro_logistico_proclinic.jpg","width":738,"height":514},{"@type":"BreadcrumbList","@id":"https:\/\/www.proclinic.es\/blog\/descubre-nuestro-centro-logistico-el-corazon-de-proclinic\/#breadcrumb","itemListElement":[{"@type":"ListItem","position":1,"name":"Home","item":"https:\/\/www.proclinic.es\/blog\/"},{"@type":"ListItem","position":2,"name":"Descubre nuestro centro log\u00edstico: el coraz\u00f3n de Proclinic."}]},{"@type":"WebSite","@id":"https:\/\/www.proclinic.es\/blog\/#website","url":"https:\/\/www.proclinic.es\/blog\/","name":"Blog Proclinic","description":"\u00a1Bienvenido al blog de Proclinic! En este espacio, nos enfocamos en brindar informaci\u00f3n valiosa y actualizada para todos los profesionales del sector dental. Nuestra misi\u00f3n es mantenerte al d\u00eda de las \u00faltimas tendencias, investigaciones y t\u00e9cnicas en el campo de la odontolog\u00eda. Exploraremos temas que van desde las novedades en materiales odontol\u00f3gicos, consejos pr\u00e1cticos para la gesti\u00f3n de cl\u00ednicas dentales hasta casos cl\u00ednicos con base cient\u00edfica, eventos del sector y mucho m\u00e1s. Te invitamos a seguir nuestro contenido, dise\u00f1ado para mantener tu pr\u00e1ctica en la vanguardia de la odontolog\u00eda moderna.","potentialAction":[{"@type":"SearchAction","target":{"@type":"EntryPoint","urlTemplate":"https:\/\/www.proclinic.es\/blog\/?s={search_term_string}"},"query-input":{"@type":"PropertyValueSpecification","valueRequired":true,"valueName":"search_term_string"}}],"inLanguage":"es"},{"@type":"Person","@id":"https:\/\/www.proclinic.es\/blog\/#\/schema\/person\/85e304ea367ce3922003b0d8b388e527","name":"Anna","image":{"@type":"ImageObject","inLanguage":"es","@id":"https:\/\/secure.gravatar.com\/avatar\/b8b19455b6924f97d0afcdeb2791066e8c8af798468c71e0fe7e686c5d0b49f4?s=96&d=mm&r=g","url":"https:\/\/secure.gravatar.com\/avatar\/b8b19455b6924f97d0afcdeb2791066e8c8af798468c71e0fe7e686c5d0b49f4?s=96&d=mm&r=g","contentUrl":"https:\/\/secure.gravatar.com\/avatar\/b8b19455b6924f97d0afcdeb2791066e8c8af798468c71e0fe7e686c5d0b49f4?s=96&d=mm&r=g","caption":"Anna"},"description":"Community Manager","url":"https:\/\/www.proclinic.es\/blog\/author\/anna\/"}]}},"jetpack_featured_media_url":"https:\/\/www.proclinic.es\/blog\/wp-content\/uploads\/2017\/12\/centro_logistico_proclinic.jpg","_links":{"self":[{"href":"https:\/\/www.proclinic.es\/blog\/wp-json\/wp\/v2\/posts\/3465","targetHints":{"allow":["GET"]}}],"collection":[{"href":"https:\/\/www.proclinic.es\/blog\/wp-json\/wp\/v2\/posts"}],"about":[{"href":"https:\/\/www.proclinic.es\/blog\/wp-json\/wp\/v2\/types\/post"}],"author":[{"embeddable":true,"href":"https:\/\/www.proclinic.es\/blog\/wp-json\/wp\/v2\/users\/101011"}],"replies":[{"embeddable":true,"href":"https:\/\/www.proclinic.es\/blog\/wp-json\/wp\/v2\/comments?post=3465"}],"version-history":[{"count":4,"href":"https:\/\/www.proclinic.es\/blog\/wp-json\/wp\/v2\/posts\/3465\/revisions"}],"predecessor-version":[{"id":3471,"href":"https:\/\/www.proclinic.es\/blog\/wp-json\/wp\/v2\/posts\/3465\/revisions\/3471"}],"wp:featuredmedia":[{"embeddable":true,"href":"https:\/\/www.proclinic.es\/blog\/wp-json\/wp\/v2\/media\/3467"}],"wp:attachment":[{"href":"https:\/\/www.proclinic.es\/blog\/wp-json\/wp\/v2\/media?parent=3465"}],"wp:term":[{"taxonomy":"category","embeddable":true,"href":"https:\/\/www.proclinic.es\/blog\/wp-json\/wp\/v2\/categories?post=3465"},{"taxonomy":"post_tag","embeddable":true,"href":"https:\/\/www.proclinic.es\/blog\/wp-json\/wp\/v2\/tags?post=3465"}],"curies":[{"name":"wp","href":"https:\/\/api.w.org\/{rel}","templated":true}]}}