{"id":3418,"date":"2017-11-16T15:47:21","date_gmt":"2017-11-16T13:47:21","guid":{"rendered":"http:\/\/localhost\/blogProclinic\/web\/?p=3418"},"modified":"2017-11-16T15:47:21","modified_gmt":"2017-11-16T13:47:21","slug":"celebramos-junto-a-la-asociacion-esclat-su-cena-solidaria","status":"publish","type":"post","link":"https:\/\/www.proclinic.es\/blog\/celebramos-junto-a-la-asociacion-esclat-su-cena-solidaria\/","title":{"rendered":"Celebramos Junto a la Asociaci\u00f3n Esclat su 40 aniversario"},"content":{"rendered":"<p>Proclinic colabora con la<strong> asociaci\u00f3n Esclat<\/strong> desde el a\u00f1o 2016, una entidad sin \u00e1nimo de lucro que contribuye\u00a0 a que las personas con par\u00e1lisis cerebral u otras discapacidades similares y su familia puedan desarrollar su proyecto de vida con calidad, as\u00ed como a promover su inclusi\u00f3n como ciudadanos de pleno derecho en una sociedad justa y solidaria.<\/p>\n<p>El pasado 10 de noviembre, <strong><a href=\"http:\/\/associacioesclat.com\/es\/\" target=\"_blank\">Esclat<\/a><\/strong> celebr\u00f3 la <strong>Cena Solidaria anual<\/strong>, esta vez con motivo de su <strong>40 aniversario<\/strong>, en la que se dieron cita <strong>561 asistentes<\/strong> entre usuarios, empleados de Esclat, voluntarios, empresas colaboradoras y entidades p\u00fablicas.<\/p>\n<p><img loading=\"lazy\" decoding=\"async\" class=\"size-full wp-image-3419 aligncenter\" src=\"https:\/\/www.proclinic.es\/blog\/wp-content\/uploads\/2017\/11\/Banner-Sopar-40\u00e8_Esclat-2.jpg\" alt=\"\" width=\"1024\" height=\"371\" srcset=\"https:\/\/www.proclinic.es\/blog\/wp-content\/uploads\/2017\/11\/Banner-Sopar-40\u00e8_Esclat-2.jpg 1024w, https:\/\/www.proclinic.es\/blog\/wp-content\/uploads\/2017\/11\/Banner-Sopar-40\u00e8_Esclat-2-300x109.jpg 300w, https:\/\/www.proclinic.es\/blog\/wp-content\/uploads\/2017\/11\/Banner-Sopar-40\u00e8_Esclat-2-768x278.jpg 768w, https:\/\/www.proclinic.es\/blog\/wp-content\/uploads\/2017\/11\/Banner-Sopar-40\u00e8_Esclat-2-800x290.jpg 800w\" sizes=\"auto, (max-width: 1024px) 100vw, 1024px\" \/><\/p>\n<p>Este a\u00f1o pudimos disfrutar de una cena con estrellas, ya que <strong>15 chefs de renombre mundial<\/strong>, con estrella Michel\u00edn fueron los responsables de la elaboraci\u00f3n de las tapas y platillos \u00a0que pudieron degustar los asistentes al evento.<\/p>\n<p>En esta ocasi\u00f3n, el <strong>equipo de voluntarios de Proclinic<\/strong> tuvo la oportunidad de colaborar por primera vez en un evento solidario y disfrutar de una velada repleta de emociones, m\u00fasica y solidaridad para y por las personas con par\u00e1lisis cerebral y discapacidades m\u00faltiples.<\/p>\n<p><img loading=\"lazy\" decoding=\"async\" class=\"aligncenter wp-image-3424\" title=\"Cena_solidaria_esclat\" src=\"https:\/\/www.proclinic.es\/blog\/wp-content\/uploads\/2017\/11\/07C5265E-B240-4FAA-9B6C-75D94611D1B1_1-1.jpg\" alt=\"cena_solidaria_esclat\" width=\"889\" height=\"667\" srcset=\"https:\/\/www.proclinic.es\/blog\/wp-content\/uploads\/2017\/11\/07C5265E-B240-4FAA-9B6C-75D94611D1B1_1-1.jpg 2016w, https:\/\/www.proclinic.es\/blog\/wp-content\/uploads\/2017\/11\/07C5265E-B240-4FAA-9B6C-75D94611D1B1_1-1-1536x1152.jpg 1536w, https:\/\/www.proclinic.es\/blog\/wp-content\/uploads\/2017\/11\/07C5265E-B240-4FAA-9B6C-75D94611D1B1_1-1-300x225.jpg 300w, https:\/\/www.proclinic.es\/blog\/wp-content\/uploads\/2017\/11\/07C5265E-B240-4FAA-9B6C-75D94611D1B1_1-1-768x576.jpg 768w, https:\/\/www.proclinic.es\/blog\/wp-content\/uploads\/2017\/11\/07C5265E-B240-4FAA-9B6C-75D94611D1B1_1-1-800x600.jpg 800w\" sizes=\"auto, (max-width: 889px) 100vw, 889px\" \/><\/p>\n<p>Con la recaudaci\u00f3n que se obtuvo de la <strong>Cena Solidaria<\/strong>, la asociaci\u00f3n fomentar\u00e1 actividades deportivas adaptadas a las capacidades de cada uno, salidas culturales, terapias alternativas y mucho m\u00e1s.<\/p>\n<p><img loading=\"lazy\" decoding=\"async\" class=\"aligncenter wp-image-3427\" title=\"cena_solidaria_esclat\" src=\"https:\/\/www.proclinic.es\/blog\/wp-content\/uploads\/2017\/11\/22F5FEC1-0F5C-4B8F-A4BC-6E44E0121EEF_1.jpg\" alt=\"\" width=\"890\" height=\"667\" \/><\/p>\n<p><strong>En Proclinic estamos comprometidos con el desarrollo y la ayuda social<\/strong>, por ello nuestra <strong><a href=\"https:\/\/www.proclinic.es\/responsabilidad-social-corporativa\/\">RSC <\/a><\/strong>est\u00e1 muy trabajada en el tiempo. Proyectos como, fomentar la investigaci\u00f3n en el sector de la odontolog\u00eda, a trav\u00e9s de nuestras Becas para posgrados, colaboraciones con diferentes ONG a nivel mundial, voluntariado corporativo y proyectos internos solidarios varios con los colectivos m\u00e1s vulnerables hacen de Proclinic un excelente lugar para trabajar, como lo demuestra el haber logrado estar, durante diez a\u00f1os consecutivos, entre las 50 mejores empresas para trabajar en Espa\u00f1a.<\/p>\n<p>&nbsp;<\/p>\n<p>&nbsp;<\/p>\n","protected":false},"excerpt":{"rendered":"<p>Proclinic colabora con la asociaci\u00f3n Esclat desde el a\u00f1o 2016, una entidad sin \u00e1nimo de lucro que contribuye\u00a0 a que las personas con par\u00e1lisis cerebral u otras discapacidades similares y su familia puedan desarrollar su proyecto de vida con calidad, as\u00ed como a promover su inclusi\u00f3n como ciudadanos de pleno derecho en una sociedad justa &#8230; <a title=\"Celebramos Junto a la Asociaci\u00f3n Esclat su 40 aniversario\" class=\"read-more\" href=\"https:\/\/www.proclinic.es\/blog\/celebramos-junto-a-la-asociacion-esclat-su-cena-solidaria\/\" aria-label=\"More on Celebramos Junto a la Asociaci\u00f3n Esclat su 40 aniversario\">Read more<\/a><\/p>\n","protected":false},"author":101011,"featured_media":3423,"comment_status":"open","ping_status":"open","sticky":false,"template":"","format":"standard","meta":{"footnotes":""},"categories":[43],"tags":[78,77,63,79,80],"class_list":["post-3418","post","type-post","status-publish","format-standard","has-post-thumbnail","hentry","category-formacion","tag-asosiacion-esclat","tag-cena-solidaria-esclat","tag-proclinic","tag-rsc","tag-voluntarios"],"yoast_head":"<!-- This site is optimized with the Yoast SEO plugin v27.4 - https:\/\/yoast.com\/product\/yoast-seo-wordpress\/ -->\n<title>Celebramos Junto a la Asociaci\u00f3n Esclat su 40 aniversario - Blog Proclinic<\/title>\n<meta name=\"description\" content=\"Este a\u00f1o Proclinic celebr\u00f3 junto con un equipo de voluntarios, la Cena solidaria de la asociaci\u00f3n Esclat con motivo a su 40 aniversario\" \/>\n<meta name=\"robots\" content=\"index, follow, max-snippet:-1, max-image-preview:large, max-video-preview:-1\" \/>\n<link rel=\"canonical\" href=\"https:\/\/www.proclinic.es\/blog\/celebramos-junto-a-la-asociacion-esclat-su-cena-solidaria\/\" \/>\n<meta property=\"og:locale\" content=\"es_ES\" \/>\n<meta property=\"og:type\" content=\"article\" \/>\n<meta property=\"og:title\" content=\"Celebramos Junto a la Asociaci\u00f3n Esclat su 40 aniversario - Blog Proclinic\" \/>\n<meta property=\"og:description\" content=\"Este a\u00f1o Proclinic celebr\u00f3 junto con un equipo de voluntarios, la Cena solidaria de la asociaci\u00f3n Esclat con motivo a su 40 aniversario\" \/>\n<meta property=\"og:url\" content=\"https:\/\/www.proclinic.es\/blog\/celebramos-junto-a-la-asociacion-esclat-su-cena-solidaria\/\" \/>\n<meta property=\"og:site_name\" content=\"Blog Proclinic\" \/>\n<meta property=\"article:publisher\" content=\"https:\/\/www.facebook.com\/proclinicsa\" \/>\n<meta property=\"article:published_time\" content=\"2017-11-16T13:47:21+00:00\" \/>\n<meta property=\"og:image\" content=\"https:\/\/www.proclinic.es\/blog\/wp-content\/uploads\/2017\/11\/D6926F0D-99D2-4950-ACF8-B1F680196387_1.jpg\" \/>\n\t<meta property=\"og:image:width\" content=\"1512\" \/>\n\t<meta property=\"og:image:height\" content=\"1098\" \/>\n\t<meta property=\"og:image:type\" content=\"image\/jpeg\" \/>\n<meta name=\"author\" content=\"Anna\" \/>\n<meta name=\"twitter:card\" content=\"summary_large_image\" \/>\n<meta name=\"twitter:creator\" content=\"@Proclinic_SA\" \/>\n<meta name=\"twitter:site\" content=\"@Proclinic_SA\" \/>\n<meta name=\"twitter:label1\" content=\"Escrito por\" \/>\n\t<meta name=\"twitter:data1\" content=\"Anna\" \/>\n\t<meta name=\"twitter:label2\" content=\"Tiempo de lectura\" \/>\n\t<meta name=\"twitter:data2\" content=\"2 minutos\" \/>\n<script type=\"application\/ld+json\" class=\"yoast-schema-graph\">{\"@context\":\"https:\\\/\\\/schema.org\",\"@graph\":[{\"@type\":\"Article\",\"@id\":\"https:\\\/\\\/www.proclinic.es\\\/blog\\\/celebramos-junto-a-la-asociacion-esclat-su-cena-solidaria\\\/#article\",\"isPartOf\":{\"@id\":\"https:\\\/\\\/www.proclinic.es\\\/blog\\\/celebramos-junto-a-la-asociacion-esclat-su-cena-solidaria\\\/\"},\"author\":{\"name\":\"Anna\",\"@id\":\"https:\\\/\\\/www.proclinic.es\\\/blog\\\/#\\\/schema\\\/person\\\/85e304ea367ce3922003b0d8b388e527\"},\"headline\":\"Celebramos Junto a la Asociaci\u00f3n Esclat su 40 aniversario\",\"datePublished\":\"2017-11-16T13:47:21+00:00\",\"mainEntityOfPage\":{\"@id\":\"https:\\\/\\\/www.proclinic.es\\\/blog\\\/celebramos-junto-a-la-asociacion-esclat-su-cena-solidaria\\\/\"},\"wordCount\":316,\"commentCount\":0,\"image\":{\"@id\":\"https:\\\/\\\/www.proclinic.es\\\/blog\\\/celebramos-junto-a-la-asociacion-esclat-su-cena-solidaria\\\/#primaryimage\"},\"thumbnailUrl\":\"https:\\\/\\\/www.proclinic.es\\\/blog\\\/wp-content\\\/uploads\\\/2017\\\/11\\\/D6926F0D-99D2-4950-ACF8-B1F680196387_1.jpg\",\"keywords\":[\"Asosiaci\u00f3n Esclat\",\"Cena Solidaria Esclat\",\"proclinic\",\"RSC\",\"voluntarios\"],\"articleSection\":[\"Formaci\u00f3n y Eventos\"],\"inLanguage\":\"es\",\"potentialAction\":[{\"@type\":\"CommentAction\",\"name\":\"Comment\",\"target\":[\"https:\\\/\\\/www.proclinic.es\\\/blog\\\/celebramos-junto-a-la-asociacion-esclat-su-cena-solidaria\\\/#respond\"]}]},{\"@type\":\"WebPage\",\"@id\":\"https:\\\/\\\/www.proclinic.es\\\/blog\\\/celebramos-junto-a-la-asociacion-esclat-su-cena-solidaria\\\/\",\"url\":\"https:\\\/\\\/www.proclinic.es\\\/blog\\\/celebramos-junto-a-la-asociacion-esclat-su-cena-solidaria\\\/\",\"name\":\"Celebramos Junto a la Asociaci\u00f3n Esclat su 40 aniversario - Blog Proclinic\",\"isPartOf\":{\"@id\":\"https:\\\/\\\/www.proclinic.es\\\/blog\\\/#website\"},\"primaryImageOfPage\":{\"@id\":\"https:\\\/\\\/www.proclinic.es\\\/blog\\\/celebramos-junto-a-la-asociacion-esclat-su-cena-solidaria\\\/#primaryimage\"},\"image\":{\"@id\":\"https:\\\/\\\/www.proclinic.es\\\/blog\\\/celebramos-junto-a-la-asociacion-esclat-su-cena-solidaria\\\/#primaryimage\"},\"thumbnailUrl\":\"https:\\\/\\\/www.proclinic.es\\\/blog\\\/wp-content\\\/uploads\\\/2017\\\/11\\\/D6926F0D-99D2-4950-ACF8-B1F680196387_1.jpg\",\"datePublished\":\"2017-11-16T13:47:21+00:00\",\"author\":{\"@id\":\"https:\\\/\\\/www.proclinic.es\\\/blog\\\/#\\\/schema\\\/person\\\/85e304ea367ce3922003b0d8b388e527\"},\"description\":\"Este a\u00f1o Proclinic celebr\u00f3 junto con un equipo de voluntarios, la Cena solidaria de la asociaci\u00f3n Esclat con motivo a su 40 aniversario\",\"breadcrumb\":{\"@id\":\"https:\\\/\\\/www.proclinic.es\\\/blog\\\/celebramos-junto-a-la-asociacion-esclat-su-cena-solidaria\\\/#breadcrumb\"},\"inLanguage\":\"es\",\"potentialAction\":[{\"@type\":\"ReadAction\",\"target\":[\"https:\\\/\\\/www.proclinic.es\\\/blog\\\/celebramos-junto-a-la-asociacion-esclat-su-cena-solidaria\\\/\"]}]},{\"@type\":\"ImageObject\",\"inLanguage\":\"es\",\"@id\":\"https:\\\/\\\/www.proclinic.es\\\/blog\\\/celebramos-junto-a-la-asociacion-esclat-su-cena-solidaria\\\/#primaryimage\",\"url\":\"https:\\\/\\\/www.proclinic.es\\\/blog\\\/wp-content\\\/uploads\\\/2017\\\/11\\\/D6926F0D-99D2-4950-ACF8-B1F680196387_1.jpg\",\"contentUrl\":\"https:\\\/\\\/www.proclinic.es\\\/blog\\\/wp-content\\\/uploads\\\/2017\\\/11\\\/D6926F0D-99D2-4950-ACF8-B1F680196387_1.jpg\",\"width\":1512,\"height\":1098},{\"@type\":\"BreadcrumbList\",\"@id\":\"https:\\\/\\\/www.proclinic.es\\\/blog\\\/celebramos-junto-a-la-asociacion-esclat-su-cena-solidaria\\\/#breadcrumb\",\"itemListElement\":[{\"@type\":\"ListItem\",\"position\":1,\"name\":\"Home\",\"item\":\"https:\\\/\\\/www.proclinic.es\\\/blog\\\/\"},{\"@type\":\"ListItem\",\"position\":2,\"name\":\"Celebramos Junto a la Asociaci\u00f3n Esclat su 40 aniversario\"}]},{\"@type\":\"WebSite\",\"@id\":\"https:\\\/\\\/www.proclinic.es\\\/blog\\\/#website\",\"url\":\"https:\\\/\\\/www.proclinic.es\\\/blog\\\/\",\"name\":\"Blog Proclinic\",\"description\":\"\u00a1Bienvenido al blog de Proclinic! En este espacio, nos enfocamos en brindar informaci\u00f3n valiosa y actualizada para todos los profesionales del sector dental. Nuestra misi\u00f3n es mantenerte al d\u00eda de las \u00faltimas tendencias, investigaciones y t\u00e9cnicas en el campo de la odontolog\u00eda. Exploraremos temas que van desde las novedades en materiales odontol\u00f3gicos, consejos pr\u00e1cticos para la gesti\u00f3n de cl\u00ednicas dentales hasta casos cl\u00ednicos con base cient\u00edfica, eventos del sector y mucho m\u00e1s. Te invitamos a seguir nuestro contenido, dise\u00f1ado para mantener tu pr\u00e1ctica en la vanguardia de la odontolog\u00eda moderna.\",\"potentialAction\":[{\"@type\":\"SearchAction\",\"target\":{\"@type\":\"EntryPoint\",\"urlTemplate\":\"https:\\\/\\\/www.proclinic.es\\\/blog\\\/?s={search_term_string}\"},\"query-input\":{\"@type\":\"PropertyValueSpecification\",\"valueRequired\":true,\"valueName\":\"search_term_string\"}}],\"inLanguage\":\"es\"},{\"@type\":\"Person\",\"@id\":\"https:\\\/\\\/www.proclinic.es\\\/blog\\\/#\\\/schema\\\/person\\\/85e304ea367ce3922003b0d8b388e527\",\"name\":\"Anna\",\"image\":{\"@type\":\"ImageObject\",\"inLanguage\":\"es\",\"@id\":\"https:\\\/\\\/secure.gravatar.com\\\/avatar\\\/b8b19455b6924f97d0afcdeb2791066e8c8af798468c71e0fe7e686c5d0b49f4?s=96&d=mm&r=g\",\"url\":\"https:\\\/\\\/secure.gravatar.com\\\/avatar\\\/b8b19455b6924f97d0afcdeb2791066e8c8af798468c71e0fe7e686c5d0b49f4?s=96&d=mm&r=g\",\"contentUrl\":\"https:\\\/\\\/secure.gravatar.com\\\/avatar\\\/b8b19455b6924f97d0afcdeb2791066e8c8af798468c71e0fe7e686c5d0b49f4?s=96&d=mm&r=g\",\"caption\":\"Anna\"},\"description\":\"Community Manager\",\"url\":\"https:\\\/\\\/www.proclinic.es\\\/blog\\\/author\\\/anna\\\/\"}]}<\/script>\n<!-- \/ Yoast SEO plugin. -->","yoast_head_json":{"title":"Celebramos Junto a la Asociaci\u00f3n Esclat su 40 aniversario - Blog Proclinic","description":"Este a\u00f1o Proclinic celebr\u00f3 junto con un equipo de voluntarios, la Cena solidaria de la asociaci\u00f3n Esclat con motivo a su 40 aniversario","robots":{"index":"index","follow":"follow","max-snippet":"max-snippet:-1","max-image-preview":"max-image-preview:large","max-video-preview":"max-video-preview:-1"},"canonical":"https:\/\/www.proclinic.es\/blog\/celebramos-junto-a-la-asociacion-esclat-su-cena-solidaria\/","og_locale":"es_ES","og_type":"article","og_title":"Celebramos Junto a la Asociaci\u00f3n Esclat su 40 aniversario - Blog Proclinic","og_description":"Este a\u00f1o Proclinic celebr\u00f3 junto con un equipo de voluntarios, la Cena solidaria de la asociaci\u00f3n Esclat con motivo a su 40 aniversario","og_url":"https:\/\/www.proclinic.es\/blog\/celebramos-junto-a-la-asociacion-esclat-su-cena-solidaria\/","og_site_name":"Blog Proclinic","article_publisher":"https:\/\/www.facebook.com\/proclinicsa","article_published_time":"2017-11-16T13:47:21+00:00","og_image":[{"width":1512,"height":1098,"url":"https:\/\/www.proclinic.es\/blog\/wp-content\/uploads\/2017\/11\/D6926F0D-99D2-4950-ACF8-B1F680196387_1.jpg","type":"image\/jpeg"}],"author":"Anna","twitter_card":"summary_large_image","twitter_creator":"@Proclinic_SA","twitter_site":"@Proclinic_SA","twitter_misc":{"Escrito por":"Anna","Tiempo de lectura":"2 minutos"},"schema":{"@context":"https:\/\/schema.org","@graph":[{"@type":"Article","@id":"https:\/\/www.proclinic.es\/blog\/celebramos-junto-a-la-asociacion-esclat-su-cena-solidaria\/#article","isPartOf":{"@id":"https:\/\/www.proclinic.es\/blog\/celebramos-junto-a-la-asociacion-esclat-su-cena-solidaria\/"},"author":{"name":"Anna","@id":"https:\/\/www.proclinic.es\/blog\/#\/schema\/person\/85e304ea367ce3922003b0d8b388e527"},"headline":"Celebramos Junto a la Asociaci\u00f3n Esclat su 40 aniversario","datePublished":"2017-11-16T13:47:21+00:00","mainEntityOfPage":{"@id":"https:\/\/www.proclinic.es\/blog\/celebramos-junto-a-la-asociacion-esclat-su-cena-solidaria\/"},"wordCount":316,"commentCount":0,"image":{"@id":"https:\/\/www.proclinic.es\/blog\/celebramos-junto-a-la-asociacion-esclat-su-cena-solidaria\/#primaryimage"},"thumbnailUrl":"https:\/\/www.proclinic.es\/blog\/wp-content\/uploads\/2017\/11\/D6926F0D-99D2-4950-ACF8-B1F680196387_1.jpg","keywords":["Asosiaci\u00f3n Esclat","Cena Solidaria Esclat","proclinic","RSC","voluntarios"],"articleSection":["Formaci\u00f3n y Eventos"],"inLanguage":"es","potentialAction":[{"@type":"CommentAction","name":"Comment","target":["https:\/\/www.proclinic.es\/blog\/celebramos-junto-a-la-asociacion-esclat-su-cena-solidaria\/#respond"]}]},{"@type":"WebPage","@id":"https:\/\/www.proclinic.es\/blog\/celebramos-junto-a-la-asociacion-esclat-su-cena-solidaria\/","url":"https:\/\/www.proclinic.es\/blog\/celebramos-junto-a-la-asociacion-esclat-su-cena-solidaria\/","name":"Celebramos Junto a la Asociaci\u00f3n Esclat su 40 aniversario - Blog Proclinic","isPartOf":{"@id":"https:\/\/www.proclinic.es\/blog\/#website"},"primaryImageOfPage":{"@id":"https:\/\/www.proclinic.es\/blog\/celebramos-junto-a-la-asociacion-esclat-su-cena-solidaria\/#primaryimage"},"image":{"@id":"https:\/\/www.proclinic.es\/blog\/celebramos-junto-a-la-asociacion-esclat-su-cena-solidaria\/#primaryimage"},"thumbnailUrl":"https:\/\/www.proclinic.es\/blog\/wp-content\/uploads\/2017\/11\/D6926F0D-99D2-4950-ACF8-B1F680196387_1.jpg","datePublished":"2017-11-16T13:47:21+00:00","author":{"@id":"https:\/\/www.proclinic.es\/blog\/#\/schema\/person\/85e304ea367ce3922003b0d8b388e527"},"description":"Este a\u00f1o Proclinic celebr\u00f3 junto con un equipo de voluntarios, la Cena solidaria de la asociaci\u00f3n Esclat con motivo a su 40 aniversario","breadcrumb":{"@id":"https:\/\/www.proclinic.es\/blog\/celebramos-junto-a-la-asociacion-esclat-su-cena-solidaria\/#breadcrumb"},"inLanguage":"es","potentialAction":[{"@type":"ReadAction","target":["https:\/\/www.proclinic.es\/blog\/celebramos-junto-a-la-asociacion-esclat-su-cena-solidaria\/"]}]},{"@type":"ImageObject","inLanguage":"es","@id":"https:\/\/www.proclinic.es\/blog\/celebramos-junto-a-la-asociacion-esclat-su-cena-solidaria\/#primaryimage","url":"https:\/\/www.proclinic.es\/blog\/wp-content\/uploads\/2017\/11\/D6926F0D-99D2-4950-ACF8-B1F680196387_1.jpg","contentUrl":"https:\/\/www.proclinic.es\/blog\/wp-content\/uploads\/2017\/11\/D6926F0D-99D2-4950-ACF8-B1F680196387_1.jpg","width":1512,"height":1098},{"@type":"BreadcrumbList","@id":"https:\/\/www.proclinic.es\/blog\/celebramos-junto-a-la-asociacion-esclat-su-cena-solidaria\/#breadcrumb","itemListElement":[{"@type":"ListItem","position":1,"name":"Home","item":"https:\/\/www.proclinic.es\/blog\/"},{"@type":"ListItem","position":2,"name":"Celebramos Junto a la Asociaci\u00f3n Esclat su 40 aniversario"}]},{"@type":"WebSite","@id":"https:\/\/www.proclinic.es\/blog\/#website","url":"https:\/\/www.proclinic.es\/blog\/","name":"Blog Proclinic","description":"\u00a1Bienvenido al blog de Proclinic! En este espacio, nos enfocamos en brindar informaci\u00f3n valiosa y actualizada para todos los profesionales del sector dental. Nuestra misi\u00f3n es mantenerte al d\u00eda de las \u00faltimas tendencias, investigaciones y t\u00e9cnicas en el campo de la odontolog\u00eda. Exploraremos temas que van desde las novedades en materiales odontol\u00f3gicos, consejos pr\u00e1cticos para la gesti\u00f3n de cl\u00ednicas dentales hasta casos cl\u00ednicos con base cient\u00edfica, eventos del sector y mucho m\u00e1s. Te invitamos a seguir nuestro contenido, dise\u00f1ado para mantener tu pr\u00e1ctica en la vanguardia de la odontolog\u00eda moderna.","potentialAction":[{"@type":"SearchAction","target":{"@type":"EntryPoint","urlTemplate":"https:\/\/www.proclinic.es\/blog\/?s={search_term_string}"},"query-input":{"@type":"PropertyValueSpecification","valueRequired":true,"valueName":"search_term_string"}}],"inLanguage":"es"},{"@type":"Person","@id":"https:\/\/www.proclinic.es\/blog\/#\/schema\/person\/85e304ea367ce3922003b0d8b388e527","name":"Anna","image":{"@type":"ImageObject","inLanguage":"es","@id":"https:\/\/secure.gravatar.com\/avatar\/b8b19455b6924f97d0afcdeb2791066e8c8af798468c71e0fe7e686c5d0b49f4?s=96&d=mm&r=g","url":"https:\/\/secure.gravatar.com\/avatar\/b8b19455b6924f97d0afcdeb2791066e8c8af798468c71e0fe7e686c5d0b49f4?s=96&d=mm&r=g","contentUrl":"https:\/\/secure.gravatar.com\/avatar\/b8b19455b6924f97d0afcdeb2791066e8c8af798468c71e0fe7e686c5d0b49f4?s=96&d=mm&r=g","caption":"Anna"},"description":"Community Manager","url":"https:\/\/www.proclinic.es\/blog\/author\/anna\/"}]}},"jetpack_featured_media_url":"https:\/\/www.proclinic.es\/blog\/wp-content\/uploads\/2017\/11\/D6926F0D-99D2-4950-ACF8-B1F680196387_1.jpg","_links":{"self":[{"href":"https:\/\/www.proclinic.es\/blog\/wp-json\/wp\/v2\/posts\/3418","targetHints":{"allow":["GET"]}}],"collection":[{"href":"https:\/\/www.proclinic.es\/blog\/wp-json\/wp\/v2\/posts"}],"about":[{"href":"https:\/\/www.proclinic.es\/blog\/wp-json\/wp\/v2\/types\/post"}],"author":[{"embeddable":true,"href":"https:\/\/www.proclinic.es\/blog\/wp-json\/wp\/v2\/users\/101011"}],"replies":[{"embeddable":true,"href":"https:\/\/www.proclinic.es\/blog\/wp-json\/wp\/v2\/comments?post=3418"}],"version-history":[{"count":5,"href":"https:\/\/www.proclinic.es\/blog\/wp-json\/wp\/v2\/posts\/3418\/revisions"}],"predecessor-version":[{"id":3429,"href":"https:\/\/www.proclinic.es\/blog\/wp-json\/wp\/v2\/posts\/3418\/revisions\/3429"}],"wp:featuredmedia":[{"embeddable":true,"href":"https:\/\/www.proclinic.es\/blog\/wp-json\/wp\/v2\/media\/3423"}],"wp:attachment":[{"href":"https:\/\/www.proclinic.es\/blog\/wp-json\/wp\/v2\/media?parent=3418"}],"wp:term":[{"taxonomy":"category","embeddable":true,"href":"https:\/\/www.proclinic.es\/blog\/wp-json\/wp\/v2\/categories?post=3418"},{"taxonomy":"post_tag","embeddable":true,"href":"https:\/\/www.proclinic.es\/blog\/wp-json\/wp\/v2\/tags?post=3418"}],"curies":[{"name":"wp","href":"https:\/\/api.w.org\/{rel}","templated":true}]}}