{"id":3379,"date":"2017-10-31T16:46:57","date_gmt":"2017-10-31T14:46:57","guid":{"rendered":"http:\/\/localhost\/blogProclinic\/web\/?p=3379"},"modified":"2017-10-31T16:46:57","modified_gmt":"2017-10-31T14:46:57","slug":"premios-excelencia-mejor-expediente-proclinic","status":"publish","type":"post","link":"https:\/\/www.proclinic.es\/blog\/premios-excelencia-mejor-expediente-proclinic\/","title":{"rendered":"VI Edici\u00f3n Premios Excelencia Mejor Expediente Proclinic"},"content":{"rendered":"<p>El pasado 23 de octubre se celebr\u00f3 en la <a href=\"http:\/\/odontologia.ucm.es\/\" target=\"_blank\"><strong>Facultad de Odontolog\u00eda de la Universidad Complutense<\/strong><\/a> de Madrid el Acto de Entrega de la <strong>VI Edici\u00f3n de los Premios Proclinic<\/strong> a la Excelencia en los Estudios de Odontolog\u00eda, que cada a\u00f1o patrocinamos en colaboraci\u00f3n con la<strong> Conferencia de Decanos de Facultades de Odontolog\u00eda<\/strong>.<\/p>\n<p><img loading=\"lazy\" decoding=\"async\" class=\"aligncenter wp-image-3400 size-large\" title=\"VI Edici\u00f3n Premios Excelencia Mejor Expediente Proclinic\" src=\"https:\/\/www.proclinic.es\/blog\/wp-content\/uploads\/2017\/10\/IMG_4349-800x533.jpg\" alt=\"\" width=\"625\" height=\"416\" srcset=\"https:\/\/www.proclinic.es\/blog\/wp-content\/uploads\/2017\/10\/IMG_4349-800x533.jpg 800w, https:\/\/www.proclinic.es\/blog\/wp-content\/uploads\/2017\/10\/IMG_4349-2048x1365.jpg 2048w, https:\/\/www.proclinic.es\/blog\/wp-content\/uploads\/2017\/10\/IMG_4349-300x200.jpg 300w, https:\/\/www.proclinic.es\/blog\/wp-content\/uploads\/2017\/10\/IMG_4349-768x512.jpg 768w, https:\/\/www.proclinic.es\/blog\/wp-content\/uploads\/2017\/10\/IMG_4349-1536x1024.jpg 1536w\" sizes=\"auto, (max-width: 625px) 100vw, 625px\" \/><\/p>\n<p>El premio se otorga al alumno que ha obtenido el mejor expediente acad\u00e9mico de su promoci\u00f3n y facultad.<\/p>\n<p>El Acto estuvo presidido por el<strong> Dr. Jos\u00e9 Carlos de la Macorra<\/strong> (Presidente de la Conferencia de Decanos y Decano de la Facultad de Odontolog\u00eda de la Universidad Complutense de Madrid), <strong>Dr. Lluis Giner<\/strong> (Secretario de la Conferencia de Decanos y Decano de la Facultad de Odontolog\u00eda de la Universitat Internacional de Catalunya);\u00a0 adem\u00e1s asistieron los Decanos y Directores de Odontolog\u00eda de\u00a0 las\u00a0 F<strong>acultades de Odontolog\u00eda espa\u00f1olas<\/strong>, as\u00ed como\u00a0 familiares de los premiados y prensa acreditada del sector.<\/p>\n<p><img loading=\"lazy\" decoding=\"async\" class=\"aligncenter wp-image-3392 size-large\" title=\"VI Edici\u00f3n Premios Excelencia Mejor Expediente Proclinic\" src=\"https:\/\/www.proclinic.es\/blog\/wp-content\/uploads\/2017\/10\/IMG_4230-800x533.jpg\" alt=\"\" width=\"625\" height=\"416\" srcset=\"https:\/\/www.proclinic.es\/blog\/wp-content\/uploads\/2017\/10\/IMG_4230-800x533.jpg 800w, https:\/\/www.proclinic.es\/blog\/wp-content\/uploads\/2017\/10\/IMG_4230-300x200.jpg 300w, https:\/\/www.proclinic.es\/blog\/wp-content\/uploads\/2017\/10\/IMG_4230-768x512.jpg 768w\" sizes=\"auto, (max-width: 625px) 100vw, 625px\" \/><\/p>\n<p>&nbsp;<\/p>\n<p>Salvador Torres, Director de Relaciones Humanas e Institucionales de Proclinic, en su intervenci\u00f3n felicit\u00f3 a los alumnos por su excelencia y les anim\u00f3 a continuar en esa l\u00ednea.<\/p>\n<p>Cada alumno recibi\u00f3 los galardones de mano del Presidente de la Conferencia de Decanos, el Decano de su Facultad y la Coordinadora del \u00c1rea Institucional de Proclinic.<\/p>\n<p>D\u00f1a Leire Boccio Samaniego (galardonada en 2016 con el Premio a la Excelencia en los Estudios de Odontolog\u00eda), actu\u00f3 como madrina de esta promoci\u00f3n.<\/p>\n<p>Nuestro m\u00e1s sincero agradecimiento al equipo humano de <strong>Proclinic\u00a0 y Fadente<\/strong> que nos acompa\u00f1\u00f3 en dicho Acto: Paco Moya, Luis Pozo, Guillermo de la Horra y Oscar Iglesias.<\/p>\n","protected":false},"excerpt":{"rendered":"<p>El pasado 23 de octubre se celebr\u00f3 en la Facultad de Odontolog\u00eda de la Universidad Complutense de Madrid el Acto de Entrega de la VI Edici\u00f3n de los Premios Proclinic a la Excelencia en los Estudios de Odontolog\u00eda, que cada a\u00f1o patrocinamos en colaboraci\u00f3n con la Conferencia de Decanos de Facultades de Odontolog\u00eda. El premio &#8230; <a title=\"VI Edici\u00f3n Premios Excelencia Mejor Expediente Proclinic\" class=\"read-more\" href=\"https:\/\/www.proclinic.es\/blog\/premios-excelencia-mejor-expediente-proclinic\/\" aria-label=\"More on VI Edici\u00f3n Premios Excelencia Mejor Expediente Proclinic\">Read more<\/a><\/p>\n","protected":false},"author":101011,"featured_media":3400,"comment_status":"open","ping_status":"open","sticky":false,"template":"","format":"gallery","meta":{"footnotes":""},"categories":[43],"tags":[69,67,68,63,70],"class_list":["post-3379","post","type-post","status-publish","format-gallery","has-post-thumbnail","hentry","category-formacion","tag-falcultad-de-odontologia","tag-premios","tag-premios-excelencia","tag-proclinic","tag-universidad-complutense","post_format-post-format-gallery"],"yoast_head":"<!-- This site is optimized with the Yoast SEO plugin v27.4 - https:\/\/yoast.com\/product\/yoast-seo-wordpress\/ -->\n<title>VI Edici\u00f3n Premios Excelencia Mejor Expediente Proclinic - Blog Proclinic<\/title>\n<meta name=\"description\" content=\"Se celebr\u00f3 en la Facultad de Odontolog\u00eda de la Universidad Complutense de Madrid el Acto de Entrega de la VI Edici\u00f3n de los los Premios Proclinic\" \/>\n<meta name=\"robots\" content=\"index, follow, max-snippet:-1, max-image-preview:large, max-video-preview:-1\" \/>\n<link rel=\"canonical\" href=\"https:\/\/www.proclinic.es\/blog\/premios-excelencia-mejor-expediente-proclinic\/\" \/>\n<meta property=\"og:locale\" content=\"es_ES\" \/>\n<meta property=\"og:type\" content=\"article\" \/>\n<meta property=\"og:title\" content=\"VI Edici\u00f3n Premios Excelencia Mejor Expediente Proclinic - Blog Proclinic\" \/>\n<meta property=\"og:description\" content=\"Se celebr\u00f3 en la Facultad de Odontolog\u00eda de la Universidad Complutense de Madrid el Acto de Entrega de la VI Edici\u00f3n de los los Premios Proclinic\" \/>\n<meta property=\"og:url\" content=\"https:\/\/www.proclinic.es\/blog\/premios-excelencia-mejor-expediente-proclinic\/\" \/>\n<meta property=\"og:site_name\" content=\"Blog Proclinic\" \/>\n<meta property=\"article:publisher\" content=\"https:\/\/www.facebook.com\/proclinicsa\" \/>\n<meta property=\"article:published_time\" content=\"2017-10-31T14:46:57+00:00\" \/>\n<meta property=\"og:image\" content=\"https:\/\/www.proclinic.es\/blog\/wp-content\/uploads\/2017\/10\/IMG_4349-scaled.jpg\" \/>\n\t<meta property=\"og:image:width\" content=\"2560\" \/>\n\t<meta property=\"og:image:height\" content=\"1707\" \/>\n\t<meta property=\"og:image:type\" content=\"image\/jpeg\" \/>\n<meta name=\"author\" content=\"Anna\" \/>\n<meta name=\"twitter:card\" content=\"summary_large_image\" \/>\n<meta name=\"twitter:creator\" content=\"@Proclinic_SA\" \/>\n<meta name=\"twitter:site\" content=\"@Proclinic_SA\" \/>\n<meta name=\"twitter:label1\" content=\"Escrito por\" \/>\n\t<meta name=\"twitter:data1\" content=\"Anna\" \/>\n\t<meta name=\"twitter:label2\" content=\"Tiempo de lectura\" \/>\n\t<meta name=\"twitter:data2\" content=\"1 minuto\" \/>\n<script type=\"application\/ld+json\" class=\"yoast-schema-graph\">{\"@context\":\"https:\\\/\\\/schema.org\",\"@graph\":[{\"@type\":\"Article\",\"@id\":\"https:\\\/\\\/www.proclinic.es\\\/blog\\\/premios-excelencia-mejor-expediente-proclinic\\\/#article\",\"isPartOf\":{\"@id\":\"https:\\\/\\\/www.proclinic.es\\\/blog\\\/premios-excelencia-mejor-expediente-proclinic\\\/\"},\"author\":{\"name\":\"Anna\",\"@id\":\"https:\\\/\\\/www.proclinic.es\\\/blog\\\/#\\\/schema\\\/person\\\/85e304ea367ce3922003b0d8b388e527\"},\"headline\":\"VI Edici\u00f3n Premios Excelencia Mejor Expediente Proclinic\",\"datePublished\":\"2017-10-31T14:46:57+00:00\",\"mainEntityOfPage\":{\"@id\":\"https:\\\/\\\/www.proclinic.es\\\/blog\\\/premios-excelencia-mejor-expediente-proclinic\\\/\"},\"wordCount\":283,\"commentCount\":0,\"image\":{\"@id\":\"https:\\\/\\\/www.proclinic.es\\\/blog\\\/premios-excelencia-mejor-expediente-proclinic\\\/#primaryimage\"},\"thumbnailUrl\":\"https:\\\/\\\/www.proclinic.es\\\/blog\\\/wp-content\\\/uploads\\\/2017\\\/10\\\/IMG_4349-scaled.jpg\",\"keywords\":[\"Falcultad de odontolog\u00eda\",\"Premios\",\"Premios Excelencia\",\"proclinic\",\"Universidad Complutense\"],\"articleSection\":[\"Formaci\u00f3n y Eventos\"],\"inLanguage\":\"es\",\"potentialAction\":[{\"@type\":\"CommentAction\",\"name\":\"Comment\",\"target\":[\"https:\\\/\\\/www.proclinic.es\\\/blog\\\/premios-excelencia-mejor-expediente-proclinic\\\/#respond\"]}]},{\"@type\":\"WebPage\",\"@id\":\"https:\\\/\\\/www.proclinic.es\\\/blog\\\/premios-excelencia-mejor-expediente-proclinic\\\/\",\"url\":\"https:\\\/\\\/www.proclinic.es\\\/blog\\\/premios-excelencia-mejor-expediente-proclinic\\\/\",\"name\":\"VI Edici\u00f3n Premios Excelencia Mejor Expediente Proclinic - Blog Proclinic\",\"isPartOf\":{\"@id\":\"https:\\\/\\\/www.proclinic.es\\\/blog\\\/#website\"},\"primaryImageOfPage\":{\"@id\":\"https:\\\/\\\/www.proclinic.es\\\/blog\\\/premios-excelencia-mejor-expediente-proclinic\\\/#primaryimage\"},\"image\":{\"@id\":\"https:\\\/\\\/www.proclinic.es\\\/blog\\\/premios-excelencia-mejor-expediente-proclinic\\\/#primaryimage\"},\"thumbnailUrl\":\"https:\\\/\\\/www.proclinic.es\\\/blog\\\/wp-content\\\/uploads\\\/2017\\\/10\\\/IMG_4349-scaled.jpg\",\"datePublished\":\"2017-10-31T14:46:57+00:00\",\"author\":{\"@id\":\"https:\\\/\\\/www.proclinic.es\\\/blog\\\/#\\\/schema\\\/person\\\/85e304ea367ce3922003b0d8b388e527\"},\"description\":\"Se celebr\u00f3 en la Facultad de Odontolog\u00eda de la Universidad Complutense de Madrid el Acto de Entrega de la VI Edici\u00f3n de los los Premios Proclinic\",\"breadcrumb\":{\"@id\":\"https:\\\/\\\/www.proclinic.es\\\/blog\\\/premios-excelencia-mejor-expediente-proclinic\\\/#breadcrumb\"},\"inLanguage\":\"es\",\"potentialAction\":[{\"@type\":\"ReadAction\",\"target\":[\"https:\\\/\\\/www.proclinic.es\\\/blog\\\/premios-excelencia-mejor-expediente-proclinic\\\/\"]}]},{\"@type\":\"ImageObject\",\"inLanguage\":\"es\",\"@id\":\"https:\\\/\\\/www.proclinic.es\\\/blog\\\/premios-excelencia-mejor-expediente-proclinic\\\/#primaryimage\",\"url\":\"https:\\\/\\\/www.proclinic.es\\\/blog\\\/wp-content\\\/uploads\\\/2017\\\/10\\\/IMG_4349-scaled.jpg\",\"contentUrl\":\"https:\\\/\\\/www.proclinic.es\\\/blog\\\/wp-content\\\/uploads\\\/2017\\\/10\\\/IMG_4349-scaled.jpg\",\"width\":2560,\"height\":1707},{\"@type\":\"BreadcrumbList\",\"@id\":\"https:\\\/\\\/www.proclinic.es\\\/blog\\\/premios-excelencia-mejor-expediente-proclinic\\\/#breadcrumb\",\"itemListElement\":[{\"@type\":\"ListItem\",\"position\":1,\"name\":\"Home\",\"item\":\"https:\\\/\\\/www.proclinic.es\\\/blog\\\/\"},{\"@type\":\"ListItem\",\"position\":2,\"name\":\"VI Edici\u00f3n Premios Excelencia Mejor Expediente Proclinic\"}]},{\"@type\":\"WebSite\",\"@id\":\"https:\\\/\\\/www.proclinic.es\\\/blog\\\/#website\",\"url\":\"https:\\\/\\\/www.proclinic.es\\\/blog\\\/\",\"name\":\"Blog Proclinic\",\"description\":\"\u00a1Bienvenido al blog de Proclinic! En este espacio, nos enfocamos en brindar informaci\u00f3n valiosa y actualizada para todos los profesionales del sector dental. Nuestra misi\u00f3n es mantenerte al d\u00eda de las \u00faltimas tendencias, investigaciones y t\u00e9cnicas en el campo de la odontolog\u00eda. Exploraremos temas que van desde las novedades en materiales odontol\u00f3gicos, consejos pr\u00e1cticos para la gesti\u00f3n de cl\u00ednicas dentales hasta casos cl\u00ednicos con base cient\u00edfica, eventos del sector y mucho m\u00e1s. Te invitamos a seguir nuestro contenido, dise\u00f1ado para mantener tu pr\u00e1ctica en la vanguardia de la odontolog\u00eda moderna.\",\"potentialAction\":[{\"@type\":\"SearchAction\",\"target\":{\"@type\":\"EntryPoint\",\"urlTemplate\":\"https:\\\/\\\/www.proclinic.es\\\/blog\\\/?s={search_term_string}\"},\"query-input\":{\"@type\":\"PropertyValueSpecification\",\"valueRequired\":true,\"valueName\":\"search_term_string\"}}],\"inLanguage\":\"es\"},{\"@type\":\"Person\",\"@id\":\"https:\\\/\\\/www.proclinic.es\\\/blog\\\/#\\\/schema\\\/person\\\/85e304ea367ce3922003b0d8b388e527\",\"name\":\"Anna\",\"image\":{\"@type\":\"ImageObject\",\"inLanguage\":\"es\",\"@id\":\"https:\\\/\\\/secure.gravatar.com\\\/avatar\\\/b8b19455b6924f97d0afcdeb2791066e8c8af798468c71e0fe7e686c5d0b49f4?s=96&d=mm&r=g\",\"url\":\"https:\\\/\\\/secure.gravatar.com\\\/avatar\\\/b8b19455b6924f97d0afcdeb2791066e8c8af798468c71e0fe7e686c5d0b49f4?s=96&d=mm&r=g\",\"contentUrl\":\"https:\\\/\\\/secure.gravatar.com\\\/avatar\\\/b8b19455b6924f97d0afcdeb2791066e8c8af798468c71e0fe7e686c5d0b49f4?s=96&d=mm&r=g\",\"caption\":\"Anna\"},\"description\":\"Community Manager\",\"url\":\"https:\\\/\\\/www.proclinic.es\\\/blog\\\/author\\\/anna\\\/\"}]}<\/script>\n<!-- \/ Yoast SEO plugin. -->","yoast_head_json":{"title":"VI Edici\u00f3n Premios Excelencia Mejor Expediente Proclinic - Blog Proclinic","description":"Se celebr\u00f3 en la Facultad de Odontolog\u00eda de la Universidad Complutense de Madrid el Acto de Entrega de la VI Edici\u00f3n de los los Premios Proclinic","robots":{"index":"index","follow":"follow","max-snippet":"max-snippet:-1","max-image-preview":"max-image-preview:large","max-video-preview":"max-video-preview:-1"},"canonical":"https:\/\/www.proclinic.es\/blog\/premios-excelencia-mejor-expediente-proclinic\/","og_locale":"es_ES","og_type":"article","og_title":"VI Edici\u00f3n Premios Excelencia Mejor Expediente Proclinic - Blog Proclinic","og_description":"Se celebr\u00f3 en la Facultad de Odontolog\u00eda de la Universidad Complutense de Madrid el Acto de Entrega de la VI Edici\u00f3n de los los Premios Proclinic","og_url":"https:\/\/www.proclinic.es\/blog\/premios-excelencia-mejor-expediente-proclinic\/","og_site_name":"Blog Proclinic","article_publisher":"https:\/\/www.facebook.com\/proclinicsa","article_published_time":"2017-10-31T14:46:57+00:00","og_image":[{"width":2560,"height":1707,"url":"https:\/\/www.proclinic.es\/blog\/wp-content\/uploads\/2017\/10\/IMG_4349-scaled.jpg","type":"image\/jpeg"}],"author":"Anna","twitter_card":"summary_large_image","twitter_creator":"@Proclinic_SA","twitter_site":"@Proclinic_SA","twitter_misc":{"Escrito por":"Anna","Tiempo de lectura":"1 minuto"},"schema":{"@context":"https:\/\/schema.org","@graph":[{"@type":"Article","@id":"https:\/\/www.proclinic.es\/blog\/premios-excelencia-mejor-expediente-proclinic\/#article","isPartOf":{"@id":"https:\/\/www.proclinic.es\/blog\/premios-excelencia-mejor-expediente-proclinic\/"},"author":{"name":"Anna","@id":"https:\/\/www.proclinic.es\/blog\/#\/schema\/person\/85e304ea367ce3922003b0d8b388e527"},"headline":"VI Edici\u00f3n Premios Excelencia Mejor Expediente Proclinic","datePublished":"2017-10-31T14:46:57+00:00","mainEntityOfPage":{"@id":"https:\/\/www.proclinic.es\/blog\/premios-excelencia-mejor-expediente-proclinic\/"},"wordCount":283,"commentCount":0,"image":{"@id":"https:\/\/www.proclinic.es\/blog\/premios-excelencia-mejor-expediente-proclinic\/#primaryimage"},"thumbnailUrl":"https:\/\/www.proclinic.es\/blog\/wp-content\/uploads\/2017\/10\/IMG_4349-scaled.jpg","keywords":["Falcultad de odontolog\u00eda","Premios","Premios Excelencia","proclinic","Universidad Complutense"],"articleSection":["Formaci\u00f3n y Eventos"],"inLanguage":"es","potentialAction":[{"@type":"CommentAction","name":"Comment","target":["https:\/\/www.proclinic.es\/blog\/premios-excelencia-mejor-expediente-proclinic\/#respond"]}]},{"@type":"WebPage","@id":"https:\/\/www.proclinic.es\/blog\/premios-excelencia-mejor-expediente-proclinic\/","url":"https:\/\/www.proclinic.es\/blog\/premios-excelencia-mejor-expediente-proclinic\/","name":"VI Edici\u00f3n Premios Excelencia Mejor Expediente Proclinic - Blog Proclinic","isPartOf":{"@id":"https:\/\/www.proclinic.es\/blog\/#website"},"primaryImageOfPage":{"@id":"https:\/\/www.proclinic.es\/blog\/premios-excelencia-mejor-expediente-proclinic\/#primaryimage"},"image":{"@id":"https:\/\/www.proclinic.es\/blog\/premios-excelencia-mejor-expediente-proclinic\/#primaryimage"},"thumbnailUrl":"https:\/\/www.proclinic.es\/blog\/wp-content\/uploads\/2017\/10\/IMG_4349-scaled.jpg","datePublished":"2017-10-31T14:46:57+00:00","author":{"@id":"https:\/\/www.proclinic.es\/blog\/#\/schema\/person\/85e304ea367ce3922003b0d8b388e527"},"description":"Se celebr\u00f3 en la Facultad de Odontolog\u00eda de la Universidad Complutense de Madrid el Acto de Entrega de la VI Edici\u00f3n de los los Premios Proclinic","breadcrumb":{"@id":"https:\/\/www.proclinic.es\/blog\/premios-excelencia-mejor-expediente-proclinic\/#breadcrumb"},"inLanguage":"es","potentialAction":[{"@type":"ReadAction","target":["https:\/\/www.proclinic.es\/blog\/premios-excelencia-mejor-expediente-proclinic\/"]}]},{"@type":"ImageObject","inLanguage":"es","@id":"https:\/\/www.proclinic.es\/blog\/premios-excelencia-mejor-expediente-proclinic\/#primaryimage","url":"https:\/\/www.proclinic.es\/blog\/wp-content\/uploads\/2017\/10\/IMG_4349-scaled.jpg","contentUrl":"https:\/\/www.proclinic.es\/blog\/wp-content\/uploads\/2017\/10\/IMG_4349-scaled.jpg","width":2560,"height":1707},{"@type":"BreadcrumbList","@id":"https:\/\/www.proclinic.es\/blog\/premios-excelencia-mejor-expediente-proclinic\/#breadcrumb","itemListElement":[{"@type":"ListItem","position":1,"name":"Home","item":"https:\/\/www.proclinic.es\/blog\/"},{"@type":"ListItem","position":2,"name":"VI Edici\u00f3n Premios Excelencia Mejor Expediente Proclinic"}]},{"@type":"WebSite","@id":"https:\/\/www.proclinic.es\/blog\/#website","url":"https:\/\/www.proclinic.es\/blog\/","name":"Blog Proclinic","description":"\u00a1Bienvenido al blog de Proclinic! En este espacio, nos enfocamos en brindar informaci\u00f3n valiosa y actualizada para todos los profesionales del sector dental. Nuestra misi\u00f3n es mantenerte al d\u00eda de las \u00faltimas tendencias, investigaciones y t\u00e9cnicas en el campo de la odontolog\u00eda. Exploraremos temas que van desde las novedades en materiales odontol\u00f3gicos, consejos pr\u00e1cticos para la gesti\u00f3n de cl\u00ednicas dentales hasta casos cl\u00ednicos con base cient\u00edfica, eventos del sector y mucho m\u00e1s. Te invitamos a seguir nuestro contenido, dise\u00f1ado para mantener tu pr\u00e1ctica en la vanguardia de la odontolog\u00eda moderna.","potentialAction":[{"@type":"SearchAction","target":{"@type":"EntryPoint","urlTemplate":"https:\/\/www.proclinic.es\/blog\/?s={search_term_string}"},"query-input":{"@type":"PropertyValueSpecification","valueRequired":true,"valueName":"search_term_string"}}],"inLanguage":"es"},{"@type":"Person","@id":"https:\/\/www.proclinic.es\/blog\/#\/schema\/person\/85e304ea367ce3922003b0d8b388e527","name":"Anna","image":{"@type":"ImageObject","inLanguage":"es","@id":"https:\/\/secure.gravatar.com\/avatar\/b8b19455b6924f97d0afcdeb2791066e8c8af798468c71e0fe7e686c5d0b49f4?s=96&d=mm&r=g","url":"https:\/\/secure.gravatar.com\/avatar\/b8b19455b6924f97d0afcdeb2791066e8c8af798468c71e0fe7e686c5d0b49f4?s=96&d=mm&r=g","contentUrl":"https:\/\/secure.gravatar.com\/avatar\/b8b19455b6924f97d0afcdeb2791066e8c8af798468c71e0fe7e686c5d0b49f4?s=96&d=mm&r=g","caption":"Anna"},"description":"Community Manager","url":"https:\/\/www.proclinic.es\/blog\/author\/anna\/"}]}},"jetpack_featured_media_url":"https:\/\/www.proclinic.es\/blog\/wp-content\/uploads\/2017\/10\/IMG_4349-scaled.jpg","_links":{"self":[{"href":"https:\/\/www.proclinic.es\/blog\/wp-json\/wp\/v2\/posts\/3379","targetHints":{"allow":["GET"]}}],"collection":[{"href":"https:\/\/www.proclinic.es\/blog\/wp-json\/wp\/v2\/posts"}],"about":[{"href":"https:\/\/www.proclinic.es\/blog\/wp-json\/wp\/v2\/types\/post"}],"author":[{"embeddable":true,"href":"https:\/\/www.proclinic.es\/blog\/wp-json\/wp\/v2\/users\/101011"}],"replies":[{"embeddable":true,"href":"https:\/\/www.proclinic.es\/blog\/wp-json\/wp\/v2\/comments?post=3379"}],"version-history":[{"count":7,"href":"https:\/\/www.proclinic.es\/blog\/wp-json\/wp\/v2\/posts\/3379\/revisions"}],"predecessor-version":[{"id":3405,"href":"https:\/\/www.proclinic.es\/blog\/wp-json\/wp\/v2\/posts\/3379\/revisions\/3405"}],"wp:featuredmedia":[{"embeddable":true,"href":"https:\/\/www.proclinic.es\/blog\/wp-json\/wp\/v2\/media\/3400"}],"wp:attachment":[{"href":"https:\/\/www.proclinic.es\/blog\/wp-json\/wp\/v2\/media?parent=3379"}],"wp:term":[{"taxonomy":"category","embeddable":true,"href":"https:\/\/www.proclinic.es\/blog\/wp-json\/wp\/v2\/categories?post=3379"},{"taxonomy":"post_tag","embeddable":true,"href":"https:\/\/www.proclinic.es\/blog\/wp-json\/wp\/v2\/tags?post=3379"}],"curies":[{"name":"wp","href":"https:\/\/api.w.org\/{rel}","templated":true}]}}