{"id":3323,"date":"2017-09-05T18:48:47","date_gmt":"2017-09-05T16:48:47","guid":{"rendered":"http:\/\/localhost\/blogProclinic\/web\/?p=3323"},"modified":"2017-09-13T17:31:48","modified_gmt":"2017-09-13T15:31:48","slug":"madrid-cierra-sus-puertas-la-105a-edicion-fdi","status":"publish","type":"post","link":"https:\/\/www.proclinic.es\/blog\/madrid-cierra-sus-puertas-la-105a-edicion-fdi\/","title":{"rendered":"El FDI World Dental Congress Madrid cierra sus puertas en su 105\u00aa edici\u00f3n"},"content":{"rendered":"<p><strong>FDI, el Congreso Mundial de la Federaci\u00f3n Dental Internacional, cierra sus puertas con la visi\u00f3n de \u201cLiderar el mundo hacia una salud bucodental \u00f3ptima\u201d.<\/strong><\/p>\n<p><!--more--><\/p>\n<p>&nbsp;<\/p>\n<p>Este congreso, considerado el m\u00e1s importante de la d\u00e9cada en\u00a0Espa\u00f1a, ha contado con la presencia de miles de dentistas y profesionales de la\u00a0<strong>Odontolog\u00eda, Periodoncia, Endodoncia y Cirug\u00eda Oral<\/strong> de m\u00e1s de 90 pa\u00edses y un extenso programa cient\u00edfico de la mano de los principales expertos en todas las \u00e1reas de la odontolog\u00eda.<\/p>\n<p>&nbsp;<\/p>\n<p>Tambi\u00e9n se dieron cita profesionales nacionales e internacionales de primer nivel que <strong>abordaron en sus ponencias los \u00faltimos avances tecnol\u00f3gicos relativos a la odontolog\u00eda y a la salud bucodental<\/strong>, lo que ha supuesto una gran oportunidad para los dentistas que quieren actualizarse en los distintos campos de la odontolog\u00eda.<\/p>\n<p>&nbsp;<\/p>\n<p>La ceremonia inaugural del FDI se celebr\u00f3 en el Palacio de Congresos. En este emotivo acto participaron diversas autoridades, adem\u00e1s de \u00d3scar Castro, presidente del Consejo General de Dentistas de Espa\u00f1a, Patrick Hescot, presidente saliente del FDI y Kathryn Kell, presidenta electa del FDI. No falt\u00f3 tampoco la visita de la ministra de Sanidad, Servicios Sociales e Igualdad, Dolors Montserrat.<\/p>\n<p>&nbsp;<\/p>\n<p><strong>Miles de dentistas y profesionales de todo el mundo pudieron disfrutar de una excelente exposici\u00f3n comercial donde se dieron cita las principales marcas del sector. Proclinic-Fadente y Planmeca contaron con un espacio de 360m2 y 64 miembros de nuestro equipo\u00a0ofrecieron al visitante un servicio de atenci\u00f3n excelente.<\/strong><\/p>\n<p>&nbsp;<\/p>\n<p>Nuestro stand, dise\u00f1ado y dividido por especialidades, tuvo cabida para albergar un espacio exclusivo para cada una de las novedades presentadas.<\/p>\n<p>&nbsp;<\/p>\n<p>\u2013\u00a0<strong>Proclinic Expert.<\/strong>\u00a0Presentamos nuestra nueva gama de cementos de endodoncia y de resina <strong>Proclinic Expert<\/strong>, que permite dar soluci\u00f3n a las necesidades del profesional m\u00e1s exigente.<\/p>\n<p><strong>\u2013 Ortodoncia.\u00a0<\/strong>Hemos presentado como novedades las fundas para cajas de retenedores y el nuevo resorte de Warren marca Proclinic.<br \/>\n\u2013 <strong>Laboratorio. <\/strong>Present\u00f3 el nuevo software CAM-7 para fresadoras VHF que permite procesar trabajos con mu\u00f1ones angulados y gestionar todo el proceso de c\u00e1lculo con mayor rapidez. Y la presentaci\u00f3n de la <strong>nueva l\u00ednea de productos para Cad Cam de la marca 4Design<\/strong>. En la actualidad disponemos de circonio blanco, coloreado y multicapa, con el\u00a0que se puede conseguir una est\u00e9tica excepcional.<\/p>\n<p><strong>\u00a0<\/strong><strong>\u2013 Fadente-Planmeca.<\/strong>\u00a0Radiolog\u00eda digital 3D y sistema CadCam Planmeca. Planmeca Romexis Smile Design\u00ae, Planmeca Emerald\u00ae y Planmeca Prosensor\u00ae y el modelo de 3D de campo grande Visi\u00f3n. Unidades dentales Planmeca. Planmeca Sovereign\u00ae Classic\u00ae. Sistema CadCam Planmeca. Y Planmeca PlanScan\u00ae.<br \/>\n\u2013<strong>Aparatos.<\/strong>\u00a0Sedaflow Slim Line Digital Completo, scaler de ultrasonidos, l\u00e1mparas de polimerizaci\u00f3n Woodpecker y los sistemas de esterilizaci\u00f3n Euronda.<\/p>\n<p>&nbsp;<\/p>\n<p>M\u00e1s informaci\u00f3n en\u00a0<a href=\"https:\/\/www.proclinic.es\" target=\"_blank\">www.proclinic.es<\/a> y <a href=\"http:\/\/www.world-dental-congress.org\" target=\"_blank\">www.world-dental-congress.org<\/a><\/p>\n<p>&nbsp;<\/p>\n<p>&nbsp;<\/p>\n<p>&nbsp;<\/p>\n<p>&nbsp;<\/p>\n<p>&nbsp;<\/p>\n","protected":false},"excerpt":{"rendered":"<p>FDI, el Congreso Mundial de la Federaci\u00f3n Dental Internacional, cierra sus puertas con la visi\u00f3n de \u201cLiderar el mundo hacia una salud bucodental \u00f3ptima\u201d.<\/p>\n","protected":false},"author":101011,"featured_media":3325,"comment_status":"open","ping_status":"open","sticky":false,"template":"","format":"gallery","meta":{"footnotes":""},"categories":[41,43],"tags":[58,60,66,62,64,56,59,61,57,65,63],"class_list":["post-3323","post","type-post","status-publish","format-gallery","has-post-thumbnail","hentry","category-corporativo","category-formacion","tag-cadcam","tag-clinica-dental","tag-congreso-dental","tag-estomatologo","tag-fadente","tag-fdi","tag-laboratorio-protesis","tag-odontologo","tag-ortodoncia","tag-planmeca","tag-proclinic","post_format-post-format-gallery"],"yoast_head":"<!-- This site is optimized with the Yoast SEO plugin v27.4 - https:\/\/yoast.com\/product\/yoast-seo-wordpress\/ -->\n<title>El FDI World Dental Congress Madrid cierra sus puertas-Blog Proclinic<\/title>\n<meta name=\"description\" content=\"FDI, el Congreso Mundial de la Federaci\u00f3n Dental Internacional, cierra sus puertas con la visi\u00f3n de \u201cLiderar el mundo hacia una salud bucodental \u00f3ptima\u201d.\" \/>\n<meta name=\"robots\" content=\"index, follow, max-snippet:-1, max-image-preview:large, max-video-preview:-1\" \/>\n<link rel=\"canonical\" href=\"https:\/\/www.proclinic.es\/blog\/madrid-cierra-sus-puertas-la-105a-edicion-fdi\/\" \/>\n<meta property=\"og:locale\" content=\"es_ES\" \/>\n<meta property=\"og:type\" content=\"article\" \/>\n<meta property=\"og:title\" content=\"El FDI World Dental Congress Madrid cierra sus puertas-Blog Proclinic\" \/>\n<meta property=\"og:description\" content=\"FDI, el Congreso Mundial de la Federaci\u00f3n Dental Internacional, cierra sus puertas con la visi\u00f3n de \u201cLiderar el mundo hacia una salud bucodental \u00f3ptima\u201d.\" \/>\n<meta property=\"og:url\" content=\"https:\/\/www.proclinic.es\/blog\/madrid-cierra-sus-puertas-la-105a-edicion-fdi\/\" \/>\n<meta property=\"og:site_name\" content=\"Blog Proclinic\" \/>\n<meta property=\"article:publisher\" content=\"https:\/\/www.facebook.com\/proclinicsa\" \/>\n<meta property=\"article:published_time\" content=\"2017-09-05T16:48:47+00:00\" \/>\n<meta property=\"article:modified_time\" content=\"2017-09-13T15:31:48+00:00\" \/>\n<meta property=\"og:image\" content=\"https:\/\/www.proclinic.es\/blog\/wp-content\/uploads\/2017\/09\/IMG-20170902-WA0009.jpg\" \/>\n\t<meta property=\"og:image:width\" content=\"1600\" \/>\n\t<meta property=\"og:image:height\" content=\"694\" \/>\n\t<meta property=\"og:image:type\" content=\"image\/jpeg\" \/>\n<meta name=\"author\" content=\"Anna\" \/>\n<meta name=\"twitter:card\" content=\"summary_large_image\" \/>\n<meta name=\"twitter:creator\" content=\"@Proclinic_SA\" \/>\n<meta name=\"twitter:site\" content=\"@Proclinic_SA\" \/>\n<meta name=\"twitter:label1\" content=\"Escrito por\" \/>\n\t<meta name=\"twitter:data1\" content=\"Anna\" \/>\n\t<meta name=\"twitter:label2\" content=\"Tiempo de lectura\" \/>\n\t<meta name=\"twitter:data2\" content=\"2 minutos\" \/>\n<script type=\"application\/ld+json\" class=\"yoast-schema-graph\">{\"@context\":\"https:\\\/\\\/schema.org\",\"@graph\":[{\"@type\":\"Article\",\"@id\":\"https:\\\/\\\/www.proclinic.es\\\/blog\\\/madrid-cierra-sus-puertas-la-105a-edicion-fdi\\\/#article\",\"isPartOf\":{\"@id\":\"https:\\\/\\\/www.proclinic.es\\\/blog\\\/madrid-cierra-sus-puertas-la-105a-edicion-fdi\\\/\"},\"author\":{\"name\":\"Anna\",\"@id\":\"https:\\\/\\\/www.proclinic.es\\\/blog\\\/#\\\/schema\\\/person\\\/85e304ea367ce3922003b0d8b388e527\"},\"headline\":\"El FDI World Dental Congress Madrid cierra sus puertas en su 105\u00aa edici\u00f3n\",\"datePublished\":\"2017-09-05T16:48:47+00:00\",\"dateModified\":\"2017-09-13T15:31:48+00:00\",\"mainEntityOfPage\":{\"@id\":\"https:\\\/\\\/www.proclinic.es\\\/blog\\\/madrid-cierra-sus-puertas-la-105a-edicion-fdi\\\/\"},\"wordCount\":486,\"commentCount\":0,\"image\":{\"@id\":\"https:\\\/\\\/www.proclinic.es\\\/blog\\\/madrid-cierra-sus-puertas-la-105a-edicion-fdi\\\/#primaryimage\"},\"thumbnailUrl\":\"https:\\\/\\\/www.proclinic.es\\\/blog\\\/wp-content\\\/uploads\\\/2017\\\/09\\\/IMG-20170902-WA0009.jpg\",\"keywords\":[\"cadcam\",\"cl\u00ednica dental\",\"congreso dental\",\"estomat\u00f3logo\",\"fadente\",\"fdi\",\"laboratorio pr\u00f3tesis\",\"odont\u00f3logo\",\"ortodoncia\",\"planmeca\",\"proclinic\"],\"articleSection\":[\"Corporativo\",\"Formaci\u00f3n y Eventos\"],\"inLanguage\":\"es\",\"potentialAction\":[{\"@type\":\"CommentAction\",\"name\":\"Comment\",\"target\":[\"https:\\\/\\\/www.proclinic.es\\\/blog\\\/madrid-cierra-sus-puertas-la-105a-edicion-fdi\\\/#respond\"]}]},{\"@type\":\"WebPage\",\"@id\":\"https:\\\/\\\/www.proclinic.es\\\/blog\\\/madrid-cierra-sus-puertas-la-105a-edicion-fdi\\\/\",\"url\":\"https:\\\/\\\/www.proclinic.es\\\/blog\\\/madrid-cierra-sus-puertas-la-105a-edicion-fdi\\\/\",\"name\":\"El FDI World Dental Congress Madrid cierra sus puertas-Blog Proclinic\",\"isPartOf\":{\"@id\":\"https:\\\/\\\/www.proclinic.es\\\/blog\\\/#website\"},\"primaryImageOfPage\":{\"@id\":\"https:\\\/\\\/www.proclinic.es\\\/blog\\\/madrid-cierra-sus-puertas-la-105a-edicion-fdi\\\/#primaryimage\"},\"image\":{\"@id\":\"https:\\\/\\\/www.proclinic.es\\\/blog\\\/madrid-cierra-sus-puertas-la-105a-edicion-fdi\\\/#primaryimage\"},\"thumbnailUrl\":\"https:\\\/\\\/www.proclinic.es\\\/blog\\\/wp-content\\\/uploads\\\/2017\\\/09\\\/IMG-20170902-WA0009.jpg\",\"datePublished\":\"2017-09-05T16:48:47+00:00\",\"dateModified\":\"2017-09-13T15:31:48+00:00\",\"author\":{\"@id\":\"https:\\\/\\\/www.proclinic.es\\\/blog\\\/#\\\/schema\\\/person\\\/85e304ea367ce3922003b0d8b388e527\"},\"description\":\"FDI, el Congreso Mundial de la Federaci\u00f3n Dental Internacional, cierra sus puertas con la visi\u00f3n de \u201cLiderar el mundo hacia una salud bucodental \u00f3ptima\u201d.\",\"breadcrumb\":{\"@id\":\"https:\\\/\\\/www.proclinic.es\\\/blog\\\/madrid-cierra-sus-puertas-la-105a-edicion-fdi\\\/#breadcrumb\"},\"inLanguage\":\"es\",\"potentialAction\":[{\"@type\":\"ReadAction\",\"target\":[\"https:\\\/\\\/www.proclinic.es\\\/blog\\\/madrid-cierra-sus-puertas-la-105a-edicion-fdi\\\/\"]}]},{\"@type\":\"ImageObject\",\"inLanguage\":\"es\",\"@id\":\"https:\\\/\\\/www.proclinic.es\\\/blog\\\/madrid-cierra-sus-puertas-la-105a-edicion-fdi\\\/#primaryimage\",\"url\":\"https:\\\/\\\/www.proclinic.es\\\/blog\\\/wp-content\\\/uploads\\\/2017\\\/09\\\/IMG-20170902-WA0009.jpg\",\"contentUrl\":\"https:\\\/\\\/www.proclinic.es\\\/blog\\\/wp-content\\\/uploads\\\/2017\\\/09\\\/IMG-20170902-WA0009.jpg\",\"width\":1600,\"height\":694},{\"@type\":\"BreadcrumbList\",\"@id\":\"https:\\\/\\\/www.proclinic.es\\\/blog\\\/madrid-cierra-sus-puertas-la-105a-edicion-fdi\\\/#breadcrumb\",\"itemListElement\":[{\"@type\":\"ListItem\",\"position\":1,\"name\":\"Home\",\"item\":\"https:\\\/\\\/www.proclinic.es\\\/blog\\\/\"},{\"@type\":\"ListItem\",\"position\":2,\"name\":\"El FDI World Dental Congress Madrid cierra sus puertas en su 105\u00aa edici\u00f3n\"}]},{\"@type\":\"WebSite\",\"@id\":\"https:\\\/\\\/www.proclinic.es\\\/blog\\\/#website\",\"url\":\"https:\\\/\\\/www.proclinic.es\\\/blog\\\/\",\"name\":\"Blog Proclinic\",\"description\":\"\u00a1Bienvenido al blog de Proclinic! En este espacio, nos enfocamos en brindar informaci\u00f3n valiosa y actualizada para todos los profesionales del sector dental. Nuestra misi\u00f3n es mantenerte al d\u00eda de las \u00faltimas tendencias, investigaciones y t\u00e9cnicas en el campo de la odontolog\u00eda. Exploraremos temas que van desde las novedades en materiales odontol\u00f3gicos, consejos pr\u00e1cticos para la gesti\u00f3n de cl\u00ednicas dentales hasta casos cl\u00ednicos con base cient\u00edfica, eventos del sector y mucho m\u00e1s. Te invitamos a seguir nuestro contenido, dise\u00f1ado para mantener tu pr\u00e1ctica en la vanguardia de la odontolog\u00eda moderna.\",\"potentialAction\":[{\"@type\":\"SearchAction\",\"target\":{\"@type\":\"EntryPoint\",\"urlTemplate\":\"https:\\\/\\\/www.proclinic.es\\\/blog\\\/?s={search_term_string}\"},\"query-input\":{\"@type\":\"PropertyValueSpecification\",\"valueRequired\":true,\"valueName\":\"search_term_string\"}}],\"inLanguage\":\"es\"},{\"@type\":\"Person\",\"@id\":\"https:\\\/\\\/www.proclinic.es\\\/blog\\\/#\\\/schema\\\/person\\\/85e304ea367ce3922003b0d8b388e527\",\"name\":\"Anna\",\"image\":{\"@type\":\"ImageObject\",\"inLanguage\":\"es\",\"@id\":\"https:\\\/\\\/secure.gravatar.com\\\/avatar\\\/b8b19455b6924f97d0afcdeb2791066e8c8af798468c71e0fe7e686c5d0b49f4?s=96&d=mm&r=g\",\"url\":\"https:\\\/\\\/secure.gravatar.com\\\/avatar\\\/b8b19455b6924f97d0afcdeb2791066e8c8af798468c71e0fe7e686c5d0b49f4?s=96&d=mm&r=g\",\"contentUrl\":\"https:\\\/\\\/secure.gravatar.com\\\/avatar\\\/b8b19455b6924f97d0afcdeb2791066e8c8af798468c71e0fe7e686c5d0b49f4?s=96&d=mm&r=g\",\"caption\":\"Anna\"},\"description\":\"Community Manager\",\"url\":\"https:\\\/\\\/www.proclinic.es\\\/blog\\\/author\\\/anna\\\/\"}]}<\/script>\n<!-- \/ Yoast SEO plugin. -->","yoast_head_json":{"title":"El FDI World Dental Congress Madrid cierra sus puertas-Blog Proclinic","description":"FDI, el Congreso Mundial de la Federaci\u00f3n Dental Internacional, cierra sus puertas con la visi\u00f3n de \u201cLiderar el mundo hacia una salud bucodental \u00f3ptima\u201d.","robots":{"index":"index","follow":"follow","max-snippet":"max-snippet:-1","max-image-preview":"max-image-preview:large","max-video-preview":"max-video-preview:-1"},"canonical":"https:\/\/www.proclinic.es\/blog\/madrid-cierra-sus-puertas-la-105a-edicion-fdi\/","og_locale":"es_ES","og_type":"article","og_title":"El FDI World Dental Congress Madrid cierra sus puertas-Blog Proclinic","og_description":"FDI, el Congreso Mundial de la Federaci\u00f3n Dental Internacional, cierra sus puertas con la visi\u00f3n de \u201cLiderar el mundo hacia una salud bucodental \u00f3ptima\u201d.","og_url":"https:\/\/www.proclinic.es\/blog\/madrid-cierra-sus-puertas-la-105a-edicion-fdi\/","og_site_name":"Blog Proclinic","article_publisher":"https:\/\/www.facebook.com\/proclinicsa","article_published_time":"2017-09-05T16:48:47+00:00","article_modified_time":"2017-09-13T15:31:48+00:00","og_image":[{"width":1600,"height":694,"url":"https:\/\/www.proclinic.es\/blog\/wp-content\/uploads\/2017\/09\/IMG-20170902-WA0009.jpg","type":"image\/jpeg"}],"author":"Anna","twitter_card":"summary_large_image","twitter_creator":"@Proclinic_SA","twitter_site":"@Proclinic_SA","twitter_misc":{"Escrito por":"Anna","Tiempo de lectura":"2 minutos"},"schema":{"@context":"https:\/\/schema.org","@graph":[{"@type":"Article","@id":"https:\/\/www.proclinic.es\/blog\/madrid-cierra-sus-puertas-la-105a-edicion-fdi\/#article","isPartOf":{"@id":"https:\/\/www.proclinic.es\/blog\/madrid-cierra-sus-puertas-la-105a-edicion-fdi\/"},"author":{"name":"Anna","@id":"https:\/\/www.proclinic.es\/blog\/#\/schema\/person\/85e304ea367ce3922003b0d8b388e527"},"headline":"El FDI World Dental Congress Madrid cierra sus puertas en su 105\u00aa edici\u00f3n","datePublished":"2017-09-05T16:48:47+00:00","dateModified":"2017-09-13T15:31:48+00:00","mainEntityOfPage":{"@id":"https:\/\/www.proclinic.es\/blog\/madrid-cierra-sus-puertas-la-105a-edicion-fdi\/"},"wordCount":486,"commentCount":0,"image":{"@id":"https:\/\/www.proclinic.es\/blog\/madrid-cierra-sus-puertas-la-105a-edicion-fdi\/#primaryimage"},"thumbnailUrl":"https:\/\/www.proclinic.es\/blog\/wp-content\/uploads\/2017\/09\/IMG-20170902-WA0009.jpg","keywords":["cadcam","cl\u00ednica dental","congreso dental","estomat\u00f3logo","fadente","fdi","laboratorio pr\u00f3tesis","odont\u00f3logo","ortodoncia","planmeca","proclinic"],"articleSection":["Corporativo","Formaci\u00f3n y Eventos"],"inLanguage":"es","potentialAction":[{"@type":"CommentAction","name":"Comment","target":["https:\/\/www.proclinic.es\/blog\/madrid-cierra-sus-puertas-la-105a-edicion-fdi\/#respond"]}]},{"@type":"WebPage","@id":"https:\/\/www.proclinic.es\/blog\/madrid-cierra-sus-puertas-la-105a-edicion-fdi\/","url":"https:\/\/www.proclinic.es\/blog\/madrid-cierra-sus-puertas-la-105a-edicion-fdi\/","name":"El FDI World Dental Congress Madrid cierra sus puertas-Blog Proclinic","isPartOf":{"@id":"https:\/\/www.proclinic.es\/blog\/#website"},"primaryImageOfPage":{"@id":"https:\/\/www.proclinic.es\/blog\/madrid-cierra-sus-puertas-la-105a-edicion-fdi\/#primaryimage"},"image":{"@id":"https:\/\/www.proclinic.es\/blog\/madrid-cierra-sus-puertas-la-105a-edicion-fdi\/#primaryimage"},"thumbnailUrl":"https:\/\/www.proclinic.es\/blog\/wp-content\/uploads\/2017\/09\/IMG-20170902-WA0009.jpg","datePublished":"2017-09-05T16:48:47+00:00","dateModified":"2017-09-13T15:31:48+00:00","author":{"@id":"https:\/\/www.proclinic.es\/blog\/#\/schema\/person\/85e304ea367ce3922003b0d8b388e527"},"description":"FDI, el Congreso Mundial de la Federaci\u00f3n Dental Internacional, cierra sus puertas con la visi\u00f3n de \u201cLiderar el mundo hacia una salud bucodental \u00f3ptima\u201d.","breadcrumb":{"@id":"https:\/\/www.proclinic.es\/blog\/madrid-cierra-sus-puertas-la-105a-edicion-fdi\/#breadcrumb"},"inLanguage":"es","potentialAction":[{"@type":"ReadAction","target":["https:\/\/www.proclinic.es\/blog\/madrid-cierra-sus-puertas-la-105a-edicion-fdi\/"]}]},{"@type":"ImageObject","inLanguage":"es","@id":"https:\/\/www.proclinic.es\/blog\/madrid-cierra-sus-puertas-la-105a-edicion-fdi\/#primaryimage","url":"https:\/\/www.proclinic.es\/blog\/wp-content\/uploads\/2017\/09\/IMG-20170902-WA0009.jpg","contentUrl":"https:\/\/www.proclinic.es\/blog\/wp-content\/uploads\/2017\/09\/IMG-20170902-WA0009.jpg","width":1600,"height":694},{"@type":"BreadcrumbList","@id":"https:\/\/www.proclinic.es\/blog\/madrid-cierra-sus-puertas-la-105a-edicion-fdi\/#breadcrumb","itemListElement":[{"@type":"ListItem","position":1,"name":"Home","item":"https:\/\/www.proclinic.es\/blog\/"},{"@type":"ListItem","position":2,"name":"El FDI World Dental Congress Madrid cierra sus puertas en su 105\u00aa edici\u00f3n"}]},{"@type":"WebSite","@id":"https:\/\/www.proclinic.es\/blog\/#website","url":"https:\/\/www.proclinic.es\/blog\/","name":"Blog Proclinic","description":"\u00a1Bienvenido al blog de Proclinic! En este espacio, nos enfocamos en brindar informaci\u00f3n valiosa y actualizada para todos los profesionales del sector dental. Nuestra misi\u00f3n es mantenerte al d\u00eda de las \u00faltimas tendencias, investigaciones y t\u00e9cnicas en el campo de la odontolog\u00eda. Exploraremos temas que van desde las novedades en materiales odontol\u00f3gicos, consejos pr\u00e1cticos para la gesti\u00f3n de cl\u00ednicas dentales hasta casos cl\u00ednicos con base cient\u00edfica, eventos del sector y mucho m\u00e1s. Te invitamos a seguir nuestro contenido, dise\u00f1ado para mantener tu pr\u00e1ctica en la vanguardia de la odontolog\u00eda moderna.","potentialAction":[{"@type":"SearchAction","target":{"@type":"EntryPoint","urlTemplate":"https:\/\/www.proclinic.es\/blog\/?s={search_term_string}"},"query-input":{"@type":"PropertyValueSpecification","valueRequired":true,"valueName":"search_term_string"}}],"inLanguage":"es"},{"@type":"Person","@id":"https:\/\/www.proclinic.es\/blog\/#\/schema\/person\/85e304ea367ce3922003b0d8b388e527","name":"Anna","image":{"@type":"ImageObject","inLanguage":"es","@id":"https:\/\/secure.gravatar.com\/avatar\/b8b19455b6924f97d0afcdeb2791066e8c8af798468c71e0fe7e686c5d0b49f4?s=96&d=mm&r=g","url":"https:\/\/secure.gravatar.com\/avatar\/b8b19455b6924f97d0afcdeb2791066e8c8af798468c71e0fe7e686c5d0b49f4?s=96&d=mm&r=g","contentUrl":"https:\/\/secure.gravatar.com\/avatar\/b8b19455b6924f97d0afcdeb2791066e8c8af798468c71e0fe7e686c5d0b49f4?s=96&d=mm&r=g","caption":"Anna"},"description":"Community Manager","url":"https:\/\/www.proclinic.es\/blog\/author\/anna\/"}]}},"jetpack_featured_media_url":"https:\/\/www.proclinic.es\/blog\/wp-content\/uploads\/2017\/09\/IMG-20170902-WA0009.jpg","_links":{"self":[{"href":"https:\/\/www.proclinic.es\/blog\/wp-json\/wp\/v2\/posts\/3323","targetHints":{"allow":["GET"]}}],"collection":[{"href":"https:\/\/www.proclinic.es\/blog\/wp-json\/wp\/v2\/posts"}],"about":[{"href":"https:\/\/www.proclinic.es\/blog\/wp-json\/wp\/v2\/types\/post"}],"author":[{"embeddable":true,"href":"https:\/\/www.proclinic.es\/blog\/wp-json\/wp\/v2\/users\/101011"}],"replies":[{"embeddable":true,"href":"https:\/\/www.proclinic.es\/blog\/wp-json\/wp\/v2\/comments?post=3323"}],"version-history":[{"count":13,"href":"https:\/\/www.proclinic.es\/blog\/wp-json\/wp\/v2\/posts\/3323\/revisions"}],"predecessor-version":[{"id":3349,"href":"https:\/\/www.proclinic.es\/blog\/wp-json\/wp\/v2\/posts\/3323\/revisions\/3349"}],"wp:featuredmedia":[{"embeddable":true,"href":"https:\/\/www.proclinic.es\/blog\/wp-json\/wp\/v2\/media\/3325"}],"wp:attachment":[{"href":"https:\/\/www.proclinic.es\/blog\/wp-json\/wp\/v2\/media?parent=3323"}],"wp:term":[{"taxonomy":"category","embeddable":true,"href":"https:\/\/www.proclinic.es\/blog\/wp-json\/wp\/v2\/categories?post=3323"},{"taxonomy":"post_tag","embeddable":true,"href":"https:\/\/www.proclinic.es\/blog\/wp-json\/wp\/v2\/tags?post=3323"}],"curies":[{"name":"wp","href":"https:\/\/api.w.org\/{rel}","templated":true}]}}