{"id":3281,"date":"2017-07-17T10:09:21","date_gmt":"2017-07-17T08:09:21","guid":{"rendered":"http:\/\/localhost\/blogProclinic\/web\/?p=3281"},"modified":"2017-07-17T10:09:21","modified_gmt":"2017-07-17T08:09:21","slug":"digitalizacion-del-equipo-de-laboratorio-y-los-tecnicos-cad-cam","status":"publish","type":"post","link":"https:\/\/www.proclinic.es\/blog\/digitalizacion-del-equipo-de-laboratorio-y-los-tecnicos-cad-cam\/","title":{"rendered":"Digitalizaci\u00f3n del equipo de Laboratorio y los t\u00e9cnicos CAD CAM"},"content":{"rendered":"<p><strong>Nuestro equipo de promoci\u00f3n de Laboratorio y nuestros t\u00e9cnicos de CAD CAM asistieron a unas\u00a0jornadas de transformaci\u00f3n digital los d\u00edas 6 y 7 de julio.<\/strong><!--more--><\/p>\n<p>&nbsp;<\/p>\n<p>La transformaci\u00f3n digital puede considerarse como la tercera etapa de adoptar las tecnolog\u00edas digitales. <strong>Los usos digitales permiten de forma inherente\u00a0nuevos tipos de innovaci\u00f3n y creatividad<\/strong> en un \u00e1mbito particular, m\u00e1s que sencillamente mejorar y apoyar los m\u00e9todos tradicionales.<\/p>\n<p>&nbsp;<\/p>\n<p><strong>Esta transformaci\u00f3n digital afecta a toda la sociedad<\/strong>, por lo que nuestro equipo de promoci\u00f3n de Laboratorio y nuestros t\u00e9cnicos especialistas de tecnolog\u00eda CAD CAM, asistieron a dichas\u00a0jornadas donde se trataron\u00a0estos cambios teniendo a nuestros clientes como foco principal y haciendo un an\u00e1lisis de nuestro sector, donde <strong>la impresi\u00f3n 3D parece ser el \u00faltimo gran paso para la transformaci\u00f3n digital en la pr\u00f3tesis dental<\/strong>.<\/p>\n<p>&nbsp;<\/p>\n<p>&nbsp;<\/p>\n<p>&nbsp;<\/p>\n<p>&nbsp;<\/p>\n<p>&nbsp;<\/p>\n<p>&nbsp;<\/p>\n<p>&nbsp;<\/p>\n<p>&nbsp;<\/p>\n<p>&nbsp;<\/p>\n<p>&nbsp;<\/p>\n","protected":false},"excerpt":{"rendered":"<p>Nuestro equipo de promoci\u00f3n de Laboratorio y nuestros t\u00e9cnicos de CAD CAM asistieron a unas\u00a0jornadas de transformaci\u00f3n digital los d\u00edas 6 y 7 de julio.<\/p>\n","protected":false},"author":101011,"featured_media":3282,"comment_status":"open","ping_status":"open","sticky":false,"template":"","format":"standard","meta":{"footnotes":""},"categories":[52],"tags":[],"class_list":["post-3281","post","type-post","status-publish","format-standard","has-post-thumbnail","hentry","category-laboratorio-dental"],"yoast_head":"<!-- This site is optimized with the Yoast SEO plugin v25.9 - https:\/\/yoast.com\/wordpress\/plugins\/seo\/ -->\n<title>Digitalizaci\u00f3n del equipo de Laboratorio - Blog Proclinic<\/title>\n<meta name=\"description\" content=\"Nuestro equipo de promoci\u00f3n de Laboratorio y nuestros t\u00e9cnicos de CAD CAM asistieron a unas jornadas de transformaci\u00f3n digital los d\u00edas 6 y 7 de julio.\" \/>\n<meta name=\"robots\" content=\"index, follow, max-snippet:-1, max-image-preview:large, max-video-preview:-1\" \/>\n<link rel=\"canonical\" href=\"https:\/\/www.proclinic.es\/blog\/digitalizacion-del-equipo-de-laboratorio-y-los-tecnicos-cad-cam\/\" \/>\n<meta property=\"og:locale\" content=\"es_ES\" \/>\n<meta property=\"og:type\" content=\"article\" \/>\n<meta property=\"og:title\" content=\"Digitalizaci\u00f3n del equipo de Laboratorio - Blog Proclinic\" \/>\n<meta property=\"og:description\" content=\"Nuestro equipo de promoci\u00f3n de Laboratorio y nuestros t\u00e9cnicos de CAD CAM asistieron a unas jornadas de transformaci\u00f3n digital los d\u00edas 6 y 7 de julio.\" \/>\n<meta property=\"og:url\" content=\"https:\/\/www.proclinic.es\/blog\/digitalizacion-del-equipo-de-laboratorio-y-los-tecnicos-cad-cam\/\" \/>\n<meta property=\"og:site_name\" content=\"Blog Proclinic\" \/>\n<meta property=\"article:publisher\" content=\"https:\/\/www.facebook.com\/proclinicsa\" \/>\n<meta property=\"article:published_time\" content=\"2017-07-17T08:09:21+00:00\" \/>\n<meta property=\"og:image\" content=\"https:\/\/www.proclinic.es\/blog\/wp-content\/uploads\/2017\/07\/Jornada-Convivencia-Laboratorio-copy.jpg\" \/>\n\t<meta property=\"og:image:width\" content=\"1459\" \/>\n\t<meta property=\"og:image:height\" content=\"1037\" \/>\n\t<meta property=\"og:image:type\" content=\"image\/jpeg\" \/>\n<meta name=\"author\" content=\"Anna\" \/>\n<meta name=\"twitter:card\" content=\"summary_large_image\" \/>\n<meta name=\"twitter:creator\" content=\"@Proclinic_SA\" \/>\n<meta name=\"twitter:site\" content=\"@Proclinic_SA\" \/>\n<meta name=\"twitter:label1\" content=\"Escrito por\" \/>\n\t<meta name=\"twitter:data1\" content=\"Anna\" \/>\n\t<meta name=\"twitter:label2\" content=\"Tiempo de lectura\" \/>\n\t<meta name=\"twitter:data2\" content=\"1 minuto\" \/>\n<script type=\"application\/ld+json\" class=\"yoast-schema-graph\">{\"@context\":\"https:\/\/schema.org\",\"@graph\":[{\"@type\":\"WebPage\",\"@id\":\"https:\/\/www.proclinic.es\/blog\/digitalizacion-del-equipo-de-laboratorio-y-los-tecnicos-cad-cam\/\",\"url\":\"https:\/\/www.proclinic.es\/blog\/digitalizacion-del-equipo-de-laboratorio-y-los-tecnicos-cad-cam\/\",\"name\":\"Digitalizaci\u00f3n del equipo de Laboratorio - Blog Proclinic\",\"isPartOf\":{\"@id\":\"https:\/\/www.proclinic.es\/blog\/#website\"},\"primaryImageOfPage\":{\"@id\":\"https:\/\/www.proclinic.es\/blog\/digitalizacion-del-equipo-de-laboratorio-y-los-tecnicos-cad-cam\/#primaryimage\"},\"image\":{\"@id\":\"https:\/\/www.proclinic.es\/blog\/digitalizacion-del-equipo-de-laboratorio-y-los-tecnicos-cad-cam\/#primaryimage\"},\"thumbnailUrl\":\"https:\/\/www.proclinic.es\/blog\/wp-content\/uploads\/2017\/07\/Jornada-Convivencia-Laboratorio-copy.jpg\",\"datePublished\":\"2017-07-17T08:09:21+00:00\",\"author\":{\"@id\":\"https:\/\/www.proclinic.es\/blog\/#\/schema\/person\/85e304ea367ce3922003b0d8b388e527\"},\"description\":\"Nuestro equipo de promoci\u00f3n de Laboratorio y nuestros t\u00e9cnicos de CAD CAM asistieron a unas jornadas de transformaci\u00f3n digital los d\u00edas 6 y 7 de julio.\",\"breadcrumb\":{\"@id\":\"https:\/\/www.proclinic.es\/blog\/digitalizacion-del-equipo-de-laboratorio-y-los-tecnicos-cad-cam\/#breadcrumb\"},\"inLanguage\":\"es\",\"potentialAction\":[{\"@type\":\"ReadAction\",\"target\":[\"https:\/\/www.proclinic.es\/blog\/digitalizacion-del-equipo-de-laboratorio-y-los-tecnicos-cad-cam\/\"]}]},{\"@type\":\"ImageObject\",\"inLanguage\":\"es\",\"@id\":\"https:\/\/www.proclinic.es\/blog\/digitalizacion-del-equipo-de-laboratorio-y-los-tecnicos-cad-cam\/#primaryimage\",\"url\":\"https:\/\/www.proclinic.es\/blog\/wp-content\/uploads\/2017\/07\/Jornada-Convivencia-Laboratorio-copy.jpg\",\"contentUrl\":\"https:\/\/www.proclinic.es\/blog\/wp-content\/uploads\/2017\/07\/Jornada-Convivencia-Laboratorio-copy.jpg\",\"width\":1459,\"height\":1037},{\"@type\":\"BreadcrumbList\",\"@id\":\"https:\/\/www.proclinic.es\/blog\/digitalizacion-del-equipo-de-laboratorio-y-los-tecnicos-cad-cam\/#breadcrumb\",\"itemListElement\":[{\"@type\":\"ListItem\",\"position\":1,\"name\":\"Home\",\"item\":\"https:\/\/www.proclinic.es\/blog\/\"},{\"@type\":\"ListItem\",\"position\":2,\"name\":\"Digitalizaci\u00f3n del equipo de Laboratorio y los t\u00e9cnicos CAD CAM\"}]},{\"@type\":\"WebSite\",\"@id\":\"https:\/\/www.proclinic.es\/blog\/#website\",\"url\":\"https:\/\/www.proclinic.es\/blog\/\",\"name\":\"Blog Proclinic\",\"description\":\"\u00a1Bienvenido al blog de Proclinic! En este espacio, nos enfocamos en brindar informaci\u00f3n valiosa y actualizada para todos los profesionales del sector dental. Nuestra misi\u00f3n es mantenerte al d\u00eda de las \u00faltimas tendencias, investigaciones y t\u00e9cnicas en el campo de la odontolog\u00eda. Exploraremos temas que van desde las novedades en materiales odontol\u00f3gicos, consejos pr\u00e1cticos para la gesti\u00f3n de cl\u00ednicas dentales hasta casos cl\u00ednicos con base cient\u00edfica, eventos del sector y mucho m\u00e1s. Te invitamos a seguir nuestro contenido, dise\u00f1ado para mantener tu pr\u00e1ctica en la vanguardia de la odontolog\u00eda moderna.\",\"potentialAction\":[{\"@type\":\"SearchAction\",\"target\":{\"@type\":\"EntryPoint\",\"urlTemplate\":\"https:\/\/www.proclinic.es\/blog\/?s={search_term_string}\"},\"query-input\":{\"@type\":\"PropertyValueSpecification\",\"valueRequired\":true,\"valueName\":\"search_term_string\"}}],\"inLanguage\":\"es\"},{\"@type\":\"Person\",\"@id\":\"https:\/\/www.proclinic.es\/blog\/#\/schema\/person\/85e304ea367ce3922003b0d8b388e527\",\"name\":\"Anna\",\"image\":{\"@type\":\"ImageObject\",\"inLanguage\":\"es\",\"@id\":\"https:\/\/www.proclinic.es\/blog\/#\/schema\/person\/image\/\",\"url\":\"https:\/\/secure.gravatar.com\/avatar\/b8b19455b6924f97d0afcdeb2791066e8c8af798468c71e0fe7e686c5d0b49f4?s=96&d=mm&r=g\",\"contentUrl\":\"https:\/\/secure.gravatar.com\/avatar\/b8b19455b6924f97d0afcdeb2791066e8c8af798468c71e0fe7e686c5d0b49f4?s=96&d=mm&r=g\",\"caption\":\"Anna\"},\"description\":\"Community Manager\",\"url\":\"https:\/\/www.proclinic.es\/blog\/author\/anna\/\"}]}<\/script>\n<!-- \/ Yoast SEO plugin. -->","yoast_head_json":{"title":"Digitalizaci\u00f3n del equipo de Laboratorio - Blog Proclinic","description":"Nuestro equipo de promoci\u00f3n de Laboratorio y nuestros t\u00e9cnicos de CAD CAM asistieron a unas jornadas de transformaci\u00f3n digital los d\u00edas 6 y 7 de julio.","robots":{"index":"index","follow":"follow","max-snippet":"max-snippet:-1","max-image-preview":"max-image-preview:large","max-video-preview":"max-video-preview:-1"},"canonical":"https:\/\/www.proclinic.es\/blog\/digitalizacion-del-equipo-de-laboratorio-y-los-tecnicos-cad-cam\/","og_locale":"es_ES","og_type":"article","og_title":"Digitalizaci\u00f3n del equipo de Laboratorio - Blog Proclinic","og_description":"Nuestro equipo de promoci\u00f3n de Laboratorio y nuestros t\u00e9cnicos de CAD CAM asistieron a unas jornadas de transformaci\u00f3n digital los d\u00edas 6 y 7 de julio.","og_url":"https:\/\/www.proclinic.es\/blog\/digitalizacion-del-equipo-de-laboratorio-y-los-tecnicos-cad-cam\/","og_site_name":"Blog Proclinic","article_publisher":"https:\/\/www.facebook.com\/proclinicsa","article_published_time":"2017-07-17T08:09:21+00:00","og_image":[{"width":1459,"height":1037,"url":"https:\/\/www.proclinic.es\/blog\/wp-content\/uploads\/2017\/07\/Jornada-Convivencia-Laboratorio-copy.jpg","type":"image\/jpeg"}],"author":"Anna","twitter_card":"summary_large_image","twitter_creator":"@Proclinic_SA","twitter_site":"@Proclinic_SA","twitter_misc":{"Escrito por":"Anna","Tiempo de lectura":"1 minuto"},"schema":{"@context":"https:\/\/schema.org","@graph":[{"@type":"WebPage","@id":"https:\/\/www.proclinic.es\/blog\/digitalizacion-del-equipo-de-laboratorio-y-los-tecnicos-cad-cam\/","url":"https:\/\/www.proclinic.es\/blog\/digitalizacion-del-equipo-de-laboratorio-y-los-tecnicos-cad-cam\/","name":"Digitalizaci\u00f3n del equipo de Laboratorio - Blog Proclinic","isPartOf":{"@id":"https:\/\/www.proclinic.es\/blog\/#website"},"primaryImageOfPage":{"@id":"https:\/\/www.proclinic.es\/blog\/digitalizacion-del-equipo-de-laboratorio-y-los-tecnicos-cad-cam\/#primaryimage"},"image":{"@id":"https:\/\/www.proclinic.es\/blog\/digitalizacion-del-equipo-de-laboratorio-y-los-tecnicos-cad-cam\/#primaryimage"},"thumbnailUrl":"https:\/\/www.proclinic.es\/blog\/wp-content\/uploads\/2017\/07\/Jornada-Convivencia-Laboratorio-copy.jpg","datePublished":"2017-07-17T08:09:21+00:00","author":{"@id":"https:\/\/www.proclinic.es\/blog\/#\/schema\/person\/85e304ea367ce3922003b0d8b388e527"},"description":"Nuestro equipo de promoci\u00f3n de Laboratorio y nuestros t\u00e9cnicos de CAD CAM asistieron a unas jornadas de transformaci\u00f3n digital los d\u00edas 6 y 7 de julio.","breadcrumb":{"@id":"https:\/\/www.proclinic.es\/blog\/digitalizacion-del-equipo-de-laboratorio-y-los-tecnicos-cad-cam\/#breadcrumb"},"inLanguage":"es","potentialAction":[{"@type":"ReadAction","target":["https:\/\/www.proclinic.es\/blog\/digitalizacion-del-equipo-de-laboratorio-y-los-tecnicos-cad-cam\/"]}]},{"@type":"ImageObject","inLanguage":"es","@id":"https:\/\/www.proclinic.es\/blog\/digitalizacion-del-equipo-de-laboratorio-y-los-tecnicos-cad-cam\/#primaryimage","url":"https:\/\/www.proclinic.es\/blog\/wp-content\/uploads\/2017\/07\/Jornada-Convivencia-Laboratorio-copy.jpg","contentUrl":"https:\/\/www.proclinic.es\/blog\/wp-content\/uploads\/2017\/07\/Jornada-Convivencia-Laboratorio-copy.jpg","width":1459,"height":1037},{"@type":"BreadcrumbList","@id":"https:\/\/www.proclinic.es\/blog\/digitalizacion-del-equipo-de-laboratorio-y-los-tecnicos-cad-cam\/#breadcrumb","itemListElement":[{"@type":"ListItem","position":1,"name":"Home","item":"https:\/\/www.proclinic.es\/blog\/"},{"@type":"ListItem","position":2,"name":"Digitalizaci\u00f3n del equipo de Laboratorio y los t\u00e9cnicos CAD CAM"}]},{"@type":"WebSite","@id":"https:\/\/www.proclinic.es\/blog\/#website","url":"https:\/\/www.proclinic.es\/blog\/","name":"Blog Proclinic","description":"\u00a1Bienvenido al blog de Proclinic! En este espacio, nos enfocamos en brindar informaci\u00f3n valiosa y actualizada para todos los profesionales del sector dental. Nuestra misi\u00f3n es mantenerte al d\u00eda de las \u00faltimas tendencias, investigaciones y t\u00e9cnicas en el campo de la odontolog\u00eda. Exploraremos temas que van desde las novedades en materiales odontol\u00f3gicos, consejos pr\u00e1cticos para la gesti\u00f3n de cl\u00ednicas dentales hasta casos cl\u00ednicos con base cient\u00edfica, eventos del sector y mucho m\u00e1s. Te invitamos a seguir nuestro contenido, dise\u00f1ado para mantener tu pr\u00e1ctica en la vanguardia de la odontolog\u00eda moderna.","potentialAction":[{"@type":"SearchAction","target":{"@type":"EntryPoint","urlTemplate":"https:\/\/www.proclinic.es\/blog\/?s={search_term_string}"},"query-input":{"@type":"PropertyValueSpecification","valueRequired":true,"valueName":"search_term_string"}}],"inLanguage":"es"},{"@type":"Person","@id":"https:\/\/www.proclinic.es\/blog\/#\/schema\/person\/85e304ea367ce3922003b0d8b388e527","name":"Anna","image":{"@type":"ImageObject","inLanguage":"es","@id":"https:\/\/www.proclinic.es\/blog\/#\/schema\/person\/image\/","url":"https:\/\/secure.gravatar.com\/avatar\/b8b19455b6924f97d0afcdeb2791066e8c8af798468c71e0fe7e686c5d0b49f4?s=96&d=mm&r=g","contentUrl":"https:\/\/secure.gravatar.com\/avatar\/b8b19455b6924f97d0afcdeb2791066e8c8af798468c71e0fe7e686c5d0b49f4?s=96&d=mm&r=g","caption":"Anna"},"description":"Community Manager","url":"https:\/\/www.proclinic.es\/blog\/author\/anna\/"}]}},"jetpack_featured_media_url":"https:\/\/www.proclinic.es\/blog\/wp-content\/uploads\/2017\/07\/Jornada-Convivencia-Laboratorio-copy.jpg","_links":{"self":[{"href":"https:\/\/www.proclinic.es\/blog\/wp-json\/wp\/v2\/posts\/3281","targetHints":{"allow":["GET"]}}],"collection":[{"href":"https:\/\/www.proclinic.es\/blog\/wp-json\/wp\/v2\/posts"}],"about":[{"href":"https:\/\/www.proclinic.es\/blog\/wp-json\/wp\/v2\/types\/post"}],"author":[{"embeddable":true,"href":"https:\/\/www.proclinic.es\/blog\/wp-json\/wp\/v2\/users\/101011"}],"replies":[{"embeddable":true,"href":"https:\/\/www.proclinic.es\/blog\/wp-json\/wp\/v2\/comments?post=3281"}],"version-history":[{"count":2,"href":"https:\/\/www.proclinic.es\/blog\/wp-json\/wp\/v2\/posts\/3281\/revisions"}],"predecessor-version":[{"id":3284,"href":"https:\/\/www.proclinic.es\/blog\/wp-json\/wp\/v2\/posts\/3281\/revisions\/3284"}],"wp:featuredmedia":[{"embeddable":true,"href":"https:\/\/www.proclinic.es\/blog\/wp-json\/wp\/v2\/media\/3282"}],"wp:attachment":[{"href":"https:\/\/www.proclinic.es\/blog\/wp-json\/wp\/v2\/media?parent=3281"}],"wp:term":[{"taxonomy":"category","embeddable":true,"href":"https:\/\/www.proclinic.es\/blog\/wp-json\/wp\/v2\/categories?post=3281"},{"taxonomy":"post_tag","embeddable":true,"href":"https:\/\/www.proclinic.es\/blog\/wp-json\/wp\/v2\/tags?post=3281"}],"curies":[{"name":"wp","href":"https:\/\/api.w.org\/{rel}","templated":true}]}}