{"id":3202,"date":"2017-05-12T12:52:43","date_gmt":"2017-05-12T10:52:43","guid":{"rendered":"http:\/\/localhost\/blogProclinic\/web\/?p=3202"},"modified":"2017-05-12T12:52:43","modified_gmt":"2017-05-12T10:52:43","slug":"asistimos-la-feria-de-monastir-en-tunez","status":"publish","type":"post","link":"https:\/\/www.proclinic.es\/blog\/asistimos-la-feria-de-monastir-en-tunez\/","title":{"rendered":"Asistimos a la feria de Monastir en T\u00fanez"},"content":{"rendered":"<p><strong>Del 27 al 29 de abril hemos estado presentes en la\u00a0feria de la Facultad de Odontolog\u00eda de Monastir, T\u00fanez, junto con nuestro distribuidor Saba Import Medical. <\/strong><!--more--><\/p>\n<p>&nbsp;<\/p>\n<p>Esta feria es una importante cita anual donde se agrupan tanto especialistas como alumnos de la Facultad de Odontolog\u00eda de Monastir.<\/p>\n<p>&nbsp;<\/p>\n<p>Nuestra valoraci\u00f3n global ha sido muy positiva y satisfactoria, tanto en lo que se refiere al n\u00famero de visitantes al stand como en la respuesta a nuestra propuesta y oferta de productos.<\/p>\n<p>&nbsp;<\/p>\n<p>&nbsp;<\/p>\n<p>&nbsp;<\/p>\n<p>&nbsp;<\/p>\n<p>&nbsp;<\/p>\n<p>&nbsp;<\/p>\n","protected":false},"excerpt":{"rendered":"<p>Del 27 al 29 de abril hemos estado presentes en la\u00a0feria de la Facultad de Odontolog\u00eda de Monastir, T\u00fanez, junto con nuestro distribuidor Saba Import Medical.<\/p>\n","protected":false},"author":101011,"featured_media":3203,"comment_status":"open","ping_status":"open","sticky":false,"template":"","format":"standard","meta":{"footnotes":""},"categories":[43],"tags":[],"class_list":["post-3202","post","type-post","status-publish","format-standard","has-post-thumbnail","hentry","category-formacion"],"yoast_head":"<!-- This site is optimized with the Yoast SEO plugin v27.4 - https:\/\/yoast.com\/product\/yoast-seo-wordpress\/ -->\n<title>Asistimos a la feria de Monastir en T\u00fanez - Blog Proclinic<\/title>\n<meta name=\"description\" content=\"Del 27 al 29 de abril hemos estado presentes en la feria de la Facultad de Odontolog\u00eda de Monastir, T\u00fanez, junto con nuestro distribuidor Saba Import Medical.\" \/>\n<meta name=\"robots\" content=\"index, follow, max-snippet:-1, max-image-preview:large, max-video-preview:-1\" \/>\n<link rel=\"canonical\" href=\"https:\/\/www.proclinic.es\/blog\/asistimos-la-feria-de-monastir-en-tunez\/\" \/>\n<meta property=\"og:locale\" content=\"es_ES\" \/>\n<meta property=\"og:type\" content=\"article\" \/>\n<meta property=\"og:title\" content=\"Asistimos a la feria de Monastir en T\u00fanez - Blog Proclinic\" \/>\n<meta property=\"og:description\" content=\"Del 27 al 29 de abril hemos estado presentes en la feria de la Facultad de Odontolog\u00eda de Monastir, T\u00fanez, junto con nuestro distribuidor Saba Import Medical.\" \/>\n<meta property=\"og:url\" content=\"https:\/\/www.proclinic.es\/blog\/asistimos-la-feria-de-monastir-en-tunez\/\" \/>\n<meta property=\"og:site_name\" content=\"Blog Proclinic\" \/>\n<meta property=\"article:publisher\" content=\"https:\/\/www.facebook.com\/proclinicsa\" \/>\n<meta property=\"article:published_time\" content=\"2017-05-12T10:52:43+00:00\" \/>\n<meta property=\"og:image\" content=\"https:\/\/www.proclinic.es\/blog\/wp-content\/uploads\/2017\/05\/IMG-20170508-WA0003.jpg\" \/>\n\t<meta property=\"og:image:width\" content=\"768\" \/>\n\t<meta property=\"og:image:height\" content=\"1024\" \/>\n\t<meta property=\"og:image:type\" content=\"image\/jpeg\" \/>\n<meta name=\"author\" content=\"Anna\" \/>\n<meta name=\"twitter:card\" content=\"summary_large_image\" \/>\n<meta name=\"twitter:creator\" content=\"@Proclinic_SA\" \/>\n<meta name=\"twitter:site\" content=\"@Proclinic_SA\" \/>\n<meta name=\"twitter:label1\" content=\"Escrito por\" \/>\n\t<meta name=\"twitter:data1\" content=\"Anna\" \/>\n<script type=\"application\/ld+json\" class=\"yoast-schema-graph\">{\"@context\":\"https:\\\/\\\/schema.org\",\"@graph\":[{\"@type\":\"Article\",\"@id\":\"https:\\\/\\\/www.proclinic.es\\\/blog\\\/asistimos-la-feria-de-monastir-en-tunez\\\/#article\",\"isPartOf\":{\"@id\":\"https:\\\/\\\/www.proclinic.es\\\/blog\\\/asistimos-la-feria-de-monastir-en-tunez\\\/\"},\"author\":{\"name\":\"Anna\",\"@id\":\"https:\\\/\\\/www.proclinic.es\\\/blog\\\/#\\\/schema\\\/person\\\/85e304ea367ce3922003b0d8b388e527\"},\"headline\":\"Asistimos a la feria de Monastir en T\u00fanez\",\"datePublished\":\"2017-05-12T10:52:43+00:00\",\"mainEntityOfPage\":{\"@id\":\"https:\\\/\\\/www.proclinic.es\\\/blog\\\/asistimos-la-feria-de-monastir-en-tunez\\\/\"},\"wordCount\":100,\"commentCount\":0,\"image\":{\"@id\":\"https:\\\/\\\/www.proclinic.es\\\/blog\\\/asistimos-la-feria-de-monastir-en-tunez\\\/#primaryimage\"},\"thumbnailUrl\":\"https:\\\/\\\/www.proclinic.es\\\/blog\\\/wp-content\\\/uploads\\\/2017\\\/05\\\/IMG-20170508-WA0003.jpg\",\"articleSection\":[\"Formaci\u00f3n y Eventos\"],\"inLanguage\":\"es\",\"potentialAction\":[{\"@type\":\"CommentAction\",\"name\":\"Comment\",\"target\":[\"https:\\\/\\\/www.proclinic.es\\\/blog\\\/asistimos-la-feria-de-monastir-en-tunez\\\/#respond\"]}]},{\"@type\":\"WebPage\",\"@id\":\"https:\\\/\\\/www.proclinic.es\\\/blog\\\/asistimos-la-feria-de-monastir-en-tunez\\\/\",\"url\":\"https:\\\/\\\/www.proclinic.es\\\/blog\\\/asistimos-la-feria-de-monastir-en-tunez\\\/\",\"name\":\"Asistimos a la feria de Monastir en T\u00fanez - Blog Proclinic\",\"isPartOf\":{\"@id\":\"https:\\\/\\\/www.proclinic.es\\\/blog\\\/#website\"},\"primaryImageOfPage\":{\"@id\":\"https:\\\/\\\/www.proclinic.es\\\/blog\\\/asistimos-la-feria-de-monastir-en-tunez\\\/#primaryimage\"},\"image\":{\"@id\":\"https:\\\/\\\/www.proclinic.es\\\/blog\\\/asistimos-la-feria-de-monastir-en-tunez\\\/#primaryimage\"},\"thumbnailUrl\":\"https:\\\/\\\/www.proclinic.es\\\/blog\\\/wp-content\\\/uploads\\\/2017\\\/05\\\/IMG-20170508-WA0003.jpg\",\"datePublished\":\"2017-05-12T10:52:43+00:00\",\"author\":{\"@id\":\"https:\\\/\\\/www.proclinic.es\\\/blog\\\/#\\\/schema\\\/person\\\/85e304ea367ce3922003b0d8b388e527\"},\"description\":\"Del 27 al 29 de abril hemos estado presentes en la feria de la Facultad de Odontolog\u00eda de Monastir, T\u00fanez, junto con nuestro distribuidor Saba Import Medical.\",\"breadcrumb\":{\"@id\":\"https:\\\/\\\/www.proclinic.es\\\/blog\\\/asistimos-la-feria-de-monastir-en-tunez\\\/#breadcrumb\"},\"inLanguage\":\"es\",\"potentialAction\":[{\"@type\":\"ReadAction\",\"target\":[\"https:\\\/\\\/www.proclinic.es\\\/blog\\\/asistimos-la-feria-de-monastir-en-tunez\\\/\"]}]},{\"@type\":\"ImageObject\",\"inLanguage\":\"es\",\"@id\":\"https:\\\/\\\/www.proclinic.es\\\/blog\\\/asistimos-la-feria-de-monastir-en-tunez\\\/#primaryimage\",\"url\":\"https:\\\/\\\/www.proclinic.es\\\/blog\\\/wp-content\\\/uploads\\\/2017\\\/05\\\/IMG-20170508-WA0003.jpg\",\"contentUrl\":\"https:\\\/\\\/www.proclinic.es\\\/blog\\\/wp-content\\\/uploads\\\/2017\\\/05\\\/IMG-20170508-WA0003.jpg\",\"width\":768,\"height\":1024},{\"@type\":\"BreadcrumbList\",\"@id\":\"https:\\\/\\\/www.proclinic.es\\\/blog\\\/asistimos-la-feria-de-monastir-en-tunez\\\/#breadcrumb\",\"itemListElement\":[{\"@type\":\"ListItem\",\"position\":1,\"name\":\"Home\",\"item\":\"https:\\\/\\\/www.proclinic.es\\\/blog\\\/\"},{\"@type\":\"ListItem\",\"position\":2,\"name\":\"Asistimos a la feria de Monastir en T\u00fanez\"}]},{\"@type\":\"WebSite\",\"@id\":\"https:\\\/\\\/www.proclinic.es\\\/blog\\\/#website\",\"url\":\"https:\\\/\\\/www.proclinic.es\\\/blog\\\/\",\"name\":\"Blog Proclinic\",\"description\":\"\u00a1Bienvenido al blog de Proclinic! En este espacio, nos enfocamos en brindar informaci\u00f3n valiosa y actualizada para todos los profesionales del sector dental. Nuestra misi\u00f3n es mantenerte al d\u00eda de las \u00faltimas tendencias, investigaciones y t\u00e9cnicas en el campo de la odontolog\u00eda. Exploraremos temas que van desde las novedades en materiales odontol\u00f3gicos, consejos pr\u00e1cticos para la gesti\u00f3n de cl\u00ednicas dentales hasta casos cl\u00ednicos con base cient\u00edfica, eventos del sector y mucho m\u00e1s. Te invitamos a seguir nuestro contenido, dise\u00f1ado para mantener tu pr\u00e1ctica en la vanguardia de la odontolog\u00eda moderna.\",\"potentialAction\":[{\"@type\":\"SearchAction\",\"target\":{\"@type\":\"EntryPoint\",\"urlTemplate\":\"https:\\\/\\\/www.proclinic.es\\\/blog\\\/?s={search_term_string}\"},\"query-input\":{\"@type\":\"PropertyValueSpecification\",\"valueRequired\":true,\"valueName\":\"search_term_string\"}}],\"inLanguage\":\"es\"},{\"@type\":\"Person\",\"@id\":\"https:\\\/\\\/www.proclinic.es\\\/blog\\\/#\\\/schema\\\/person\\\/85e304ea367ce3922003b0d8b388e527\",\"name\":\"Anna\",\"image\":{\"@type\":\"ImageObject\",\"inLanguage\":\"es\",\"@id\":\"https:\\\/\\\/secure.gravatar.com\\\/avatar\\\/b8b19455b6924f97d0afcdeb2791066e8c8af798468c71e0fe7e686c5d0b49f4?s=96&d=mm&r=g\",\"url\":\"https:\\\/\\\/secure.gravatar.com\\\/avatar\\\/b8b19455b6924f97d0afcdeb2791066e8c8af798468c71e0fe7e686c5d0b49f4?s=96&d=mm&r=g\",\"contentUrl\":\"https:\\\/\\\/secure.gravatar.com\\\/avatar\\\/b8b19455b6924f97d0afcdeb2791066e8c8af798468c71e0fe7e686c5d0b49f4?s=96&d=mm&r=g\",\"caption\":\"Anna\"},\"description\":\"Community Manager\",\"url\":\"https:\\\/\\\/www.proclinic.es\\\/blog\\\/author\\\/anna\\\/\"}]}<\/script>\n<!-- \/ Yoast SEO plugin. -->","yoast_head_json":{"title":"Asistimos a la feria de Monastir en T\u00fanez - Blog Proclinic","description":"Del 27 al 29 de abril hemos estado presentes en la feria de la Facultad de Odontolog\u00eda de Monastir, T\u00fanez, junto con nuestro distribuidor Saba Import Medical.","robots":{"index":"index","follow":"follow","max-snippet":"max-snippet:-1","max-image-preview":"max-image-preview:large","max-video-preview":"max-video-preview:-1"},"canonical":"https:\/\/www.proclinic.es\/blog\/asistimos-la-feria-de-monastir-en-tunez\/","og_locale":"es_ES","og_type":"article","og_title":"Asistimos a la feria de Monastir en T\u00fanez - Blog Proclinic","og_description":"Del 27 al 29 de abril hemos estado presentes en la feria de la Facultad de Odontolog\u00eda de Monastir, T\u00fanez, junto con nuestro distribuidor Saba Import Medical.","og_url":"https:\/\/www.proclinic.es\/blog\/asistimos-la-feria-de-monastir-en-tunez\/","og_site_name":"Blog Proclinic","article_publisher":"https:\/\/www.facebook.com\/proclinicsa","article_published_time":"2017-05-12T10:52:43+00:00","og_image":[{"width":768,"height":1024,"url":"https:\/\/www.proclinic.es\/blog\/wp-content\/uploads\/2017\/05\/IMG-20170508-WA0003.jpg","type":"image\/jpeg"}],"author":"Anna","twitter_card":"summary_large_image","twitter_creator":"@Proclinic_SA","twitter_site":"@Proclinic_SA","twitter_misc":{"Escrito por":"Anna"},"schema":{"@context":"https:\/\/schema.org","@graph":[{"@type":"Article","@id":"https:\/\/www.proclinic.es\/blog\/asistimos-la-feria-de-monastir-en-tunez\/#article","isPartOf":{"@id":"https:\/\/www.proclinic.es\/blog\/asistimos-la-feria-de-monastir-en-tunez\/"},"author":{"name":"Anna","@id":"https:\/\/www.proclinic.es\/blog\/#\/schema\/person\/85e304ea367ce3922003b0d8b388e527"},"headline":"Asistimos a la feria de Monastir en T\u00fanez","datePublished":"2017-05-12T10:52:43+00:00","mainEntityOfPage":{"@id":"https:\/\/www.proclinic.es\/blog\/asistimos-la-feria-de-monastir-en-tunez\/"},"wordCount":100,"commentCount":0,"image":{"@id":"https:\/\/www.proclinic.es\/blog\/asistimos-la-feria-de-monastir-en-tunez\/#primaryimage"},"thumbnailUrl":"https:\/\/www.proclinic.es\/blog\/wp-content\/uploads\/2017\/05\/IMG-20170508-WA0003.jpg","articleSection":["Formaci\u00f3n y Eventos"],"inLanguage":"es","potentialAction":[{"@type":"CommentAction","name":"Comment","target":["https:\/\/www.proclinic.es\/blog\/asistimos-la-feria-de-monastir-en-tunez\/#respond"]}]},{"@type":"WebPage","@id":"https:\/\/www.proclinic.es\/blog\/asistimos-la-feria-de-monastir-en-tunez\/","url":"https:\/\/www.proclinic.es\/blog\/asistimos-la-feria-de-monastir-en-tunez\/","name":"Asistimos a la feria de Monastir en T\u00fanez - Blog Proclinic","isPartOf":{"@id":"https:\/\/www.proclinic.es\/blog\/#website"},"primaryImageOfPage":{"@id":"https:\/\/www.proclinic.es\/blog\/asistimos-la-feria-de-monastir-en-tunez\/#primaryimage"},"image":{"@id":"https:\/\/www.proclinic.es\/blog\/asistimos-la-feria-de-monastir-en-tunez\/#primaryimage"},"thumbnailUrl":"https:\/\/www.proclinic.es\/blog\/wp-content\/uploads\/2017\/05\/IMG-20170508-WA0003.jpg","datePublished":"2017-05-12T10:52:43+00:00","author":{"@id":"https:\/\/www.proclinic.es\/blog\/#\/schema\/person\/85e304ea367ce3922003b0d8b388e527"},"description":"Del 27 al 29 de abril hemos estado presentes en la feria de la Facultad de Odontolog\u00eda de Monastir, T\u00fanez, junto con nuestro distribuidor Saba Import Medical.","breadcrumb":{"@id":"https:\/\/www.proclinic.es\/blog\/asistimos-la-feria-de-monastir-en-tunez\/#breadcrumb"},"inLanguage":"es","potentialAction":[{"@type":"ReadAction","target":["https:\/\/www.proclinic.es\/blog\/asistimos-la-feria-de-monastir-en-tunez\/"]}]},{"@type":"ImageObject","inLanguage":"es","@id":"https:\/\/www.proclinic.es\/blog\/asistimos-la-feria-de-monastir-en-tunez\/#primaryimage","url":"https:\/\/www.proclinic.es\/blog\/wp-content\/uploads\/2017\/05\/IMG-20170508-WA0003.jpg","contentUrl":"https:\/\/www.proclinic.es\/blog\/wp-content\/uploads\/2017\/05\/IMG-20170508-WA0003.jpg","width":768,"height":1024},{"@type":"BreadcrumbList","@id":"https:\/\/www.proclinic.es\/blog\/asistimos-la-feria-de-monastir-en-tunez\/#breadcrumb","itemListElement":[{"@type":"ListItem","position":1,"name":"Home","item":"https:\/\/www.proclinic.es\/blog\/"},{"@type":"ListItem","position":2,"name":"Asistimos a la feria de Monastir en T\u00fanez"}]},{"@type":"WebSite","@id":"https:\/\/www.proclinic.es\/blog\/#website","url":"https:\/\/www.proclinic.es\/blog\/","name":"Blog Proclinic","description":"\u00a1Bienvenido al blog de Proclinic! En este espacio, nos enfocamos en brindar informaci\u00f3n valiosa y actualizada para todos los profesionales del sector dental. Nuestra misi\u00f3n es mantenerte al d\u00eda de las \u00faltimas tendencias, investigaciones y t\u00e9cnicas en el campo de la odontolog\u00eda. Exploraremos temas que van desde las novedades en materiales odontol\u00f3gicos, consejos pr\u00e1cticos para la gesti\u00f3n de cl\u00ednicas dentales hasta casos cl\u00ednicos con base cient\u00edfica, eventos del sector y mucho m\u00e1s. Te invitamos a seguir nuestro contenido, dise\u00f1ado para mantener tu pr\u00e1ctica en la vanguardia de la odontolog\u00eda moderna.","potentialAction":[{"@type":"SearchAction","target":{"@type":"EntryPoint","urlTemplate":"https:\/\/www.proclinic.es\/blog\/?s={search_term_string}"},"query-input":{"@type":"PropertyValueSpecification","valueRequired":true,"valueName":"search_term_string"}}],"inLanguage":"es"},{"@type":"Person","@id":"https:\/\/www.proclinic.es\/blog\/#\/schema\/person\/85e304ea367ce3922003b0d8b388e527","name":"Anna","image":{"@type":"ImageObject","inLanguage":"es","@id":"https:\/\/secure.gravatar.com\/avatar\/b8b19455b6924f97d0afcdeb2791066e8c8af798468c71e0fe7e686c5d0b49f4?s=96&d=mm&r=g","url":"https:\/\/secure.gravatar.com\/avatar\/b8b19455b6924f97d0afcdeb2791066e8c8af798468c71e0fe7e686c5d0b49f4?s=96&d=mm&r=g","contentUrl":"https:\/\/secure.gravatar.com\/avatar\/b8b19455b6924f97d0afcdeb2791066e8c8af798468c71e0fe7e686c5d0b49f4?s=96&d=mm&r=g","caption":"Anna"},"description":"Community Manager","url":"https:\/\/www.proclinic.es\/blog\/author\/anna\/"}]}},"jetpack_featured_media_url":"https:\/\/www.proclinic.es\/blog\/wp-content\/uploads\/2017\/05\/IMG-20170508-WA0003.jpg","_links":{"self":[{"href":"https:\/\/www.proclinic.es\/blog\/wp-json\/wp\/v2\/posts\/3202","targetHints":{"allow":["GET"]}}],"collection":[{"href":"https:\/\/www.proclinic.es\/blog\/wp-json\/wp\/v2\/posts"}],"about":[{"href":"https:\/\/www.proclinic.es\/blog\/wp-json\/wp\/v2\/types\/post"}],"author":[{"embeddable":true,"href":"https:\/\/www.proclinic.es\/blog\/wp-json\/wp\/v2\/users\/101011"}],"replies":[{"embeddable":true,"href":"https:\/\/www.proclinic.es\/blog\/wp-json\/wp\/v2\/comments?post=3202"}],"version-history":[{"count":2,"href":"https:\/\/www.proclinic.es\/blog\/wp-json\/wp\/v2\/posts\/3202\/revisions"}],"predecessor-version":[{"id":3205,"href":"https:\/\/www.proclinic.es\/blog\/wp-json\/wp\/v2\/posts\/3202\/revisions\/3205"}],"wp:featuredmedia":[{"embeddable":true,"href":"https:\/\/www.proclinic.es\/blog\/wp-json\/wp\/v2\/media\/3203"}],"wp:attachment":[{"href":"https:\/\/www.proclinic.es\/blog\/wp-json\/wp\/v2\/media?parent=3202"}],"wp:term":[{"taxonomy":"category","embeddable":true,"href":"https:\/\/www.proclinic.es\/blog\/wp-json\/wp\/v2\/categories?post=3202"},{"taxonomy":"post_tag","embeddable":true,"href":"https:\/\/www.proclinic.es\/blog\/wp-json\/wp\/v2\/tags?post=3202"}],"curies":[{"name":"wp","href":"https:\/\/api.w.org\/{rel}","templated":true}]}}