{"id":3176,"date":"2017-04-13T16:33:38","date_gmt":"2017-04-13T14:33:38","guid":{"rendered":"http:\/\/localhost\/blogProclinic\/web\/?p=3176"},"modified":"2017-04-13T16:33:38","modified_gmt":"2017-04-13T14:33:38","slug":"participamos-en-el-bom-barcelona-orthodontic-meeting","status":"publish","type":"post","link":"https:\/\/www.proclinic.es\/blog\/participamos-en-el-bom-barcelona-orthodontic-meeting\/","title":{"rendered":"Participamos en el BOM Barcelona Orthodontic Meeting"},"content":{"rendered":"<p><strong>Del 9 al 11 de marzo participamos en el\u00a0BOM Barcelona Orthodontic Meeting que tuvo lugar en la sede del COEC.<\/strong><!--more--><\/p>\n<p>&nbsp;<\/p>\n<p>El programa de este evento fue el siguiente:<\/p>\n<p><strong>Jueves 9 de Marzo: Curso Pre-congreso: (9-19h)<\/strong><br \/>\n<em>\u201cDame un punto de apoyo y mover\u00e9 el mundo.\u201d<\/em><br \/>\n<em>\u201cNew ways to more space: Expanding the esqueletal limits.\u201d<\/em><br \/>\nDres: Heinz Winsauer (Austria) y Andr\u00e9 Walter (Espa\u00f1a).<\/p>\n<p>&nbsp;<\/p>\n<p><strong>Viernes 10 de Marzo: Congreso. (9-19h)<\/strong><br \/>\n<em>\u201cDiferentes caminos hacia la excelencia.\u201d<\/em><br \/>\nMesa redonda 1: <strong>Extracciones y tratamiento ortod\u00f3ncico<\/strong><br \/>\nMesa redonda 2: <strong>Control de la dimensi\u00f3n vertical durante el tratamiento<\/strong><br \/>\nMesa redonda 3: <strong>Reabsorciones radiculares<\/strong><br \/>\nMesa redonda 4: <strong>Protocolo de acabado de casos<\/strong><\/p>\n<p>&nbsp;<\/p>\n<p><strong>Ponentes:<\/strong><br \/>\nJes\u00fas Carrascal<br \/>\nFernando Dur\u00e1n Sindreu<br \/>\nEduardo Espinar<br \/>\nJulia Garc\u00eda Baeza<br \/>\nJos\u00e9 M\u00aa Llamas<br \/>\nAna Molina<br \/>\nRam\u00f3n Perera<br \/>\nManuel Rom\u00e1n<\/p>\n<p>&nbsp;<\/p>\n<p><strong>S\u00e1bado 11 de Marzo: Conferencia de clausura (9-14h)<\/strong><br \/>\nDra. Birte Melsen: <em>\u201cLas claves de la ortodoncia en adultos.\u201d<\/em><\/p>\n<p>&nbsp;<\/p>\n<p><strong>S\u00e1bado 11 de Marzo. Jornada para Auxiliares de Cl\u00ednica (9-14h)<\/strong><br \/>\n<em>\u201cPaso a paso hacia el futuro con alineadores.\u201d<\/em><\/p>\n<p>&nbsp;<\/p>\n<p>En la imagen podemos ver a M\u00f3nica Mayoral y Paco Arias que asistieron en representaci\u00f3n de Proclinic.<\/p>\n<p>&nbsp;<\/p>\n<p>&nbsp;<\/p>\n<p>&nbsp;<\/p>\n<p>&nbsp;<\/p>\n<p>&nbsp;<\/p>\n<p>&nbsp;<\/p>\n<p>&nbsp;<\/p>\n<p>&nbsp;<\/p>\n<p>&nbsp;<\/p>\n","protected":false},"excerpt":{"rendered":"<p>Del 9 al 11 de marzo participamos en el\u00a0BOM Barcelona Orthodontic Meeting que tuvo lugar en la sede del COEC.<\/p>\n","protected":false},"author":101011,"featured_media":3177,"comment_status":"open","ping_status":"open","sticky":false,"template":"","format":"standard","meta":{"footnotes":""},"categories":[43],"tags":[],"class_list":["post-3176","post","type-post","status-publish","format-standard","has-post-thumbnail","hentry","category-formacion"],"yoast_head":"<!-- This site is optimized with the Yoast SEO plugin v27.4 - https:\/\/yoast.com\/product\/yoast-seo-wordpress\/ -->\n<title>Participamos en el BOM Orthodontic Meeting - Blog Proclinic<\/title>\n<meta name=\"description\" content=\"Del 9 al 11 de marzo participamos en el BOM Barcelona Orthodontic Meeting que tuvo lugar en la sede del COEC.\" \/>\n<meta name=\"robots\" content=\"index, follow, max-snippet:-1, max-image-preview:large, max-video-preview:-1\" \/>\n<link rel=\"canonical\" href=\"https:\/\/www.proclinic.es\/blog\/participamos-en-el-bom-barcelona-orthodontic-meeting\/\" \/>\n<meta property=\"og:locale\" content=\"es_ES\" \/>\n<meta property=\"og:type\" content=\"article\" \/>\n<meta property=\"og:title\" content=\"Participamos en el BOM Orthodontic Meeting - Blog Proclinic\" \/>\n<meta property=\"og:description\" content=\"Del 9 al 11 de marzo participamos en el BOM Barcelona Orthodontic Meeting que tuvo lugar en la sede del COEC.\" \/>\n<meta property=\"og:url\" content=\"https:\/\/www.proclinic.es\/blog\/participamos-en-el-bom-barcelona-orthodontic-meeting\/\" \/>\n<meta property=\"og:site_name\" content=\"Blog Proclinic\" \/>\n<meta property=\"article:publisher\" content=\"https:\/\/www.facebook.com\/proclinicsa\" \/>\n<meta property=\"article:published_time\" content=\"2017-04-13T14:33:38+00:00\" \/>\n<meta property=\"og:image\" content=\"https:\/\/www.proclinic.es\/blog\/wp-content\/uploads\/2017\/04\/20170310_124659b-scaled.jpg\" \/>\n\t<meta property=\"og:image:width\" content=\"2560\" \/>\n\t<meta property=\"og:image:height\" content=\"1920\" \/>\n\t<meta property=\"og:image:type\" content=\"image\/jpeg\" \/>\n<meta name=\"author\" content=\"Anna\" \/>\n<meta name=\"twitter:card\" content=\"summary_large_image\" \/>\n<meta name=\"twitter:creator\" content=\"@Proclinic_SA\" \/>\n<meta name=\"twitter:site\" content=\"@Proclinic_SA\" \/>\n<meta name=\"twitter:label1\" content=\"Escrito por\" \/>\n\t<meta name=\"twitter:data1\" content=\"Anna\" \/>\n\t<meta name=\"twitter:label2\" content=\"Tiempo de lectura\" \/>\n\t<meta name=\"twitter:data2\" content=\"1 minuto\" \/>\n<script type=\"application\/ld+json\" class=\"yoast-schema-graph\">{\"@context\":\"https:\\\/\\\/schema.org\",\"@graph\":[{\"@type\":\"Article\",\"@id\":\"https:\\\/\\\/www.proclinic.es\\\/blog\\\/participamos-en-el-bom-barcelona-orthodontic-meeting\\\/#article\",\"isPartOf\":{\"@id\":\"https:\\\/\\\/www.proclinic.es\\\/blog\\\/participamos-en-el-bom-barcelona-orthodontic-meeting\\\/\"},\"author\":{\"name\":\"Anna\",\"@id\":\"https:\\\/\\\/www.proclinic.es\\\/blog\\\/#\\\/schema\\\/person\\\/85e304ea367ce3922003b0d8b388e527\"},\"headline\":\"Participamos en el BOM Barcelona Orthodontic Meeting\",\"datePublished\":\"2017-04-13T14:33:38+00:00\",\"mainEntityOfPage\":{\"@id\":\"https:\\\/\\\/www.proclinic.es\\\/blog\\\/participamos-en-el-bom-barcelona-orthodontic-meeting\\\/\"},\"wordCount\":206,\"commentCount\":0,\"image\":{\"@id\":\"https:\\\/\\\/www.proclinic.es\\\/blog\\\/participamos-en-el-bom-barcelona-orthodontic-meeting\\\/#primaryimage\"},\"thumbnailUrl\":\"https:\\\/\\\/www.proclinic.es\\\/blog\\\/wp-content\\\/uploads\\\/2017\\\/04\\\/20170310_124659b-scaled.jpg\",\"articleSection\":[\"Formaci\u00f3n y Eventos\"],\"inLanguage\":\"es\",\"potentialAction\":[{\"@type\":\"CommentAction\",\"name\":\"Comment\",\"target\":[\"https:\\\/\\\/www.proclinic.es\\\/blog\\\/participamos-en-el-bom-barcelona-orthodontic-meeting\\\/#respond\"]}]},{\"@type\":\"WebPage\",\"@id\":\"https:\\\/\\\/www.proclinic.es\\\/blog\\\/participamos-en-el-bom-barcelona-orthodontic-meeting\\\/\",\"url\":\"https:\\\/\\\/www.proclinic.es\\\/blog\\\/participamos-en-el-bom-barcelona-orthodontic-meeting\\\/\",\"name\":\"Participamos en el BOM Orthodontic Meeting - Blog Proclinic\",\"isPartOf\":{\"@id\":\"https:\\\/\\\/www.proclinic.es\\\/blog\\\/#website\"},\"primaryImageOfPage\":{\"@id\":\"https:\\\/\\\/www.proclinic.es\\\/blog\\\/participamos-en-el-bom-barcelona-orthodontic-meeting\\\/#primaryimage\"},\"image\":{\"@id\":\"https:\\\/\\\/www.proclinic.es\\\/blog\\\/participamos-en-el-bom-barcelona-orthodontic-meeting\\\/#primaryimage\"},\"thumbnailUrl\":\"https:\\\/\\\/www.proclinic.es\\\/blog\\\/wp-content\\\/uploads\\\/2017\\\/04\\\/20170310_124659b-scaled.jpg\",\"datePublished\":\"2017-04-13T14:33:38+00:00\",\"author\":{\"@id\":\"https:\\\/\\\/www.proclinic.es\\\/blog\\\/#\\\/schema\\\/person\\\/85e304ea367ce3922003b0d8b388e527\"},\"description\":\"Del 9 al 11 de marzo participamos en el BOM Barcelona Orthodontic Meeting que tuvo lugar en la sede del COEC.\",\"breadcrumb\":{\"@id\":\"https:\\\/\\\/www.proclinic.es\\\/blog\\\/participamos-en-el-bom-barcelona-orthodontic-meeting\\\/#breadcrumb\"},\"inLanguage\":\"es\",\"potentialAction\":[{\"@type\":\"ReadAction\",\"target\":[\"https:\\\/\\\/www.proclinic.es\\\/blog\\\/participamos-en-el-bom-barcelona-orthodontic-meeting\\\/\"]}]},{\"@type\":\"ImageObject\",\"inLanguage\":\"es\",\"@id\":\"https:\\\/\\\/www.proclinic.es\\\/blog\\\/participamos-en-el-bom-barcelona-orthodontic-meeting\\\/#primaryimage\",\"url\":\"https:\\\/\\\/www.proclinic.es\\\/blog\\\/wp-content\\\/uploads\\\/2017\\\/04\\\/20170310_124659b-scaled.jpg\",\"contentUrl\":\"https:\\\/\\\/www.proclinic.es\\\/blog\\\/wp-content\\\/uploads\\\/2017\\\/04\\\/20170310_124659b-scaled.jpg\",\"width\":2560,\"height\":1920},{\"@type\":\"BreadcrumbList\",\"@id\":\"https:\\\/\\\/www.proclinic.es\\\/blog\\\/participamos-en-el-bom-barcelona-orthodontic-meeting\\\/#breadcrumb\",\"itemListElement\":[{\"@type\":\"ListItem\",\"position\":1,\"name\":\"Home\",\"item\":\"https:\\\/\\\/www.proclinic.es\\\/blog\\\/\"},{\"@type\":\"ListItem\",\"position\":2,\"name\":\"Participamos en el BOM Barcelona Orthodontic Meeting\"}]},{\"@type\":\"WebSite\",\"@id\":\"https:\\\/\\\/www.proclinic.es\\\/blog\\\/#website\",\"url\":\"https:\\\/\\\/www.proclinic.es\\\/blog\\\/\",\"name\":\"Blog Proclinic\",\"description\":\"\u00a1Bienvenido al blog de Proclinic! En este espacio, nos enfocamos en brindar informaci\u00f3n valiosa y actualizada para todos los profesionales del sector dental. Nuestra misi\u00f3n es mantenerte al d\u00eda de las \u00faltimas tendencias, investigaciones y t\u00e9cnicas en el campo de la odontolog\u00eda. Exploraremos temas que van desde las novedades en materiales odontol\u00f3gicos, consejos pr\u00e1cticos para la gesti\u00f3n de cl\u00ednicas dentales hasta casos cl\u00ednicos con base cient\u00edfica, eventos del sector y mucho m\u00e1s. Te invitamos a seguir nuestro contenido, dise\u00f1ado para mantener tu pr\u00e1ctica en la vanguardia de la odontolog\u00eda moderna.\",\"potentialAction\":[{\"@type\":\"SearchAction\",\"target\":{\"@type\":\"EntryPoint\",\"urlTemplate\":\"https:\\\/\\\/www.proclinic.es\\\/blog\\\/?s={search_term_string}\"},\"query-input\":{\"@type\":\"PropertyValueSpecification\",\"valueRequired\":true,\"valueName\":\"search_term_string\"}}],\"inLanguage\":\"es\"},{\"@type\":\"Person\",\"@id\":\"https:\\\/\\\/www.proclinic.es\\\/blog\\\/#\\\/schema\\\/person\\\/85e304ea367ce3922003b0d8b388e527\",\"name\":\"Anna\",\"image\":{\"@type\":\"ImageObject\",\"inLanguage\":\"es\",\"@id\":\"https:\\\/\\\/secure.gravatar.com\\\/avatar\\\/b8b19455b6924f97d0afcdeb2791066e8c8af798468c71e0fe7e686c5d0b49f4?s=96&d=mm&r=g\",\"url\":\"https:\\\/\\\/secure.gravatar.com\\\/avatar\\\/b8b19455b6924f97d0afcdeb2791066e8c8af798468c71e0fe7e686c5d0b49f4?s=96&d=mm&r=g\",\"contentUrl\":\"https:\\\/\\\/secure.gravatar.com\\\/avatar\\\/b8b19455b6924f97d0afcdeb2791066e8c8af798468c71e0fe7e686c5d0b49f4?s=96&d=mm&r=g\",\"caption\":\"Anna\"},\"description\":\"Community Manager\",\"url\":\"https:\\\/\\\/www.proclinic.es\\\/blog\\\/author\\\/anna\\\/\"}]}<\/script>\n<!-- \/ Yoast SEO plugin. -->","yoast_head_json":{"title":"Participamos en el BOM Orthodontic Meeting - Blog Proclinic","description":"Del 9 al 11 de marzo participamos en el BOM Barcelona Orthodontic Meeting que tuvo lugar en la sede del COEC.","robots":{"index":"index","follow":"follow","max-snippet":"max-snippet:-1","max-image-preview":"max-image-preview:large","max-video-preview":"max-video-preview:-1"},"canonical":"https:\/\/www.proclinic.es\/blog\/participamos-en-el-bom-barcelona-orthodontic-meeting\/","og_locale":"es_ES","og_type":"article","og_title":"Participamos en el BOM Orthodontic Meeting - Blog Proclinic","og_description":"Del 9 al 11 de marzo participamos en el BOM Barcelona Orthodontic Meeting que tuvo lugar en la sede del COEC.","og_url":"https:\/\/www.proclinic.es\/blog\/participamos-en-el-bom-barcelona-orthodontic-meeting\/","og_site_name":"Blog Proclinic","article_publisher":"https:\/\/www.facebook.com\/proclinicsa","article_published_time":"2017-04-13T14:33:38+00:00","og_image":[{"width":2560,"height":1920,"url":"https:\/\/www.proclinic.es\/blog\/wp-content\/uploads\/2017\/04\/20170310_124659b-scaled.jpg","type":"image\/jpeg"}],"author":"Anna","twitter_card":"summary_large_image","twitter_creator":"@Proclinic_SA","twitter_site":"@Proclinic_SA","twitter_misc":{"Escrito por":"Anna","Tiempo de lectura":"1 minuto"},"schema":{"@context":"https:\/\/schema.org","@graph":[{"@type":"Article","@id":"https:\/\/www.proclinic.es\/blog\/participamos-en-el-bom-barcelona-orthodontic-meeting\/#article","isPartOf":{"@id":"https:\/\/www.proclinic.es\/blog\/participamos-en-el-bom-barcelona-orthodontic-meeting\/"},"author":{"name":"Anna","@id":"https:\/\/www.proclinic.es\/blog\/#\/schema\/person\/85e304ea367ce3922003b0d8b388e527"},"headline":"Participamos en el BOM Barcelona Orthodontic Meeting","datePublished":"2017-04-13T14:33:38+00:00","mainEntityOfPage":{"@id":"https:\/\/www.proclinic.es\/blog\/participamos-en-el-bom-barcelona-orthodontic-meeting\/"},"wordCount":206,"commentCount":0,"image":{"@id":"https:\/\/www.proclinic.es\/blog\/participamos-en-el-bom-barcelona-orthodontic-meeting\/#primaryimage"},"thumbnailUrl":"https:\/\/www.proclinic.es\/blog\/wp-content\/uploads\/2017\/04\/20170310_124659b-scaled.jpg","articleSection":["Formaci\u00f3n y Eventos"],"inLanguage":"es","potentialAction":[{"@type":"CommentAction","name":"Comment","target":["https:\/\/www.proclinic.es\/blog\/participamos-en-el-bom-barcelona-orthodontic-meeting\/#respond"]}]},{"@type":"WebPage","@id":"https:\/\/www.proclinic.es\/blog\/participamos-en-el-bom-barcelona-orthodontic-meeting\/","url":"https:\/\/www.proclinic.es\/blog\/participamos-en-el-bom-barcelona-orthodontic-meeting\/","name":"Participamos en el BOM Orthodontic Meeting - Blog Proclinic","isPartOf":{"@id":"https:\/\/www.proclinic.es\/blog\/#website"},"primaryImageOfPage":{"@id":"https:\/\/www.proclinic.es\/blog\/participamos-en-el-bom-barcelona-orthodontic-meeting\/#primaryimage"},"image":{"@id":"https:\/\/www.proclinic.es\/blog\/participamos-en-el-bom-barcelona-orthodontic-meeting\/#primaryimage"},"thumbnailUrl":"https:\/\/www.proclinic.es\/blog\/wp-content\/uploads\/2017\/04\/20170310_124659b-scaled.jpg","datePublished":"2017-04-13T14:33:38+00:00","author":{"@id":"https:\/\/www.proclinic.es\/blog\/#\/schema\/person\/85e304ea367ce3922003b0d8b388e527"},"description":"Del 9 al 11 de marzo participamos en el BOM Barcelona Orthodontic Meeting que tuvo lugar en la sede del COEC.","breadcrumb":{"@id":"https:\/\/www.proclinic.es\/blog\/participamos-en-el-bom-barcelona-orthodontic-meeting\/#breadcrumb"},"inLanguage":"es","potentialAction":[{"@type":"ReadAction","target":["https:\/\/www.proclinic.es\/blog\/participamos-en-el-bom-barcelona-orthodontic-meeting\/"]}]},{"@type":"ImageObject","inLanguage":"es","@id":"https:\/\/www.proclinic.es\/blog\/participamos-en-el-bom-barcelona-orthodontic-meeting\/#primaryimage","url":"https:\/\/www.proclinic.es\/blog\/wp-content\/uploads\/2017\/04\/20170310_124659b-scaled.jpg","contentUrl":"https:\/\/www.proclinic.es\/blog\/wp-content\/uploads\/2017\/04\/20170310_124659b-scaled.jpg","width":2560,"height":1920},{"@type":"BreadcrumbList","@id":"https:\/\/www.proclinic.es\/blog\/participamos-en-el-bom-barcelona-orthodontic-meeting\/#breadcrumb","itemListElement":[{"@type":"ListItem","position":1,"name":"Home","item":"https:\/\/www.proclinic.es\/blog\/"},{"@type":"ListItem","position":2,"name":"Participamos en el BOM Barcelona Orthodontic Meeting"}]},{"@type":"WebSite","@id":"https:\/\/www.proclinic.es\/blog\/#website","url":"https:\/\/www.proclinic.es\/blog\/","name":"Blog Proclinic","description":"\u00a1Bienvenido al blog de Proclinic! En este espacio, nos enfocamos en brindar informaci\u00f3n valiosa y actualizada para todos los profesionales del sector dental. Nuestra misi\u00f3n es mantenerte al d\u00eda de las \u00faltimas tendencias, investigaciones y t\u00e9cnicas en el campo de la odontolog\u00eda. Exploraremos temas que van desde las novedades en materiales odontol\u00f3gicos, consejos pr\u00e1cticos para la gesti\u00f3n de cl\u00ednicas dentales hasta casos cl\u00ednicos con base cient\u00edfica, eventos del sector y mucho m\u00e1s. Te invitamos a seguir nuestro contenido, dise\u00f1ado para mantener tu pr\u00e1ctica en la vanguardia de la odontolog\u00eda moderna.","potentialAction":[{"@type":"SearchAction","target":{"@type":"EntryPoint","urlTemplate":"https:\/\/www.proclinic.es\/blog\/?s={search_term_string}"},"query-input":{"@type":"PropertyValueSpecification","valueRequired":true,"valueName":"search_term_string"}}],"inLanguage":"es"},{"@type":"Person","@id":"https:\/\/www.proclinic.es\/blog\/#\/schema\/person\/85e304ea367ce3922003b0d8b388e527","name":"Anna","image":{"@type":"ImageObject","inLanguage":"es","@id":"https:\/\/secure.gravatar.com\/avatar\/b8b19455b6924f97d0afcdeb2791066e8c8af798468c71e0fe7e686c5d0b49f4?s=96&d=mm&r=g","url":"https:\/\/secure.gravatar.com\/avatar\/b8b19455b6924f97d0afcdeb2791066e8c8af798468c71e0fe7e686c5d0b49f4?s=96&d=mm&r=g","contentUrl":"https:\/\/secure.gravatar.com\/avatar\/b8b19455b6924f97d0afcdeb2791066e8c8af798468c71e0fe7e686c5d0b49f4?s=96&d=mm&r=g","caption":"Anna"},"description":"Community Manager","url":"https:\/\/www.proclinic.es\/blog\/author\/anna\/"}]}},"jetpack_featured_media_url":"https:\/\/www.proclinic.es\/blog\/wp-content\/uploads\/2017\/04\/20170310_124659b-scaled.jpg","_links":{"self":[{"href":"https:\/\/www.proclinic.es\/blog\/wp-json\/wp\/v2\/posts\/3176","targetHints":{"allow":["GET"]}}],"collection":[{"href":"https:\/\/www.proclinic.es\/blog\/wp-json\/wp\/v2\/posts"}],"about":[{"href":"https:\/\/www.proclinic.es\/blog\/wp-json\/wp\/v2\/types\/post"}],"author":[{"embeddable":true,"href":"https:\/\/www.proclinic.es\/blog\/wp-json\/wp\/v2\/users\/101011"}],"replies":[{"embeddable":true,"href":"https:\/\/www.proclinic.es\/blog\/wp-json\/wp\/v2\/comments?post=3176"}],"version-history":[{"count":3,"href":"https:\/\/www.proclinic.es\/blog\/wp-json\/wp\/v2\/posts\/3176\/revisions"}],"predecessor-version":[{"id":3180,"href":"https:\/\/www.proclinic.es\/blog\/wp-json\/wp\/v2\/posts\/3176\/revisions\/3180"}],"wp:featuredmedia":[{"embeddable":true,"href":"https:\/\/www.proclinic.es\/blog\/wp-json\/wp\/v2\/media\/3177"}],"wp:attachment":[{"href":"https:\/\/www.proclinic.es\/blog\/wp-json\/wp\/v2\/media?parent=3176"}],"wp:term":[{"taxonomy":"category","embeddable":true,"href":"https:\/\/www.proclinic.es\/blog\/wp-json\/wp\/v2\/categories?post=3176"},{"taxonomy":"post_tag","embeddable":true,"href":"https:\/\/www.proclinic.es\/blog\/wp-json\/wp\/v2\/tags?post=3176"}],"curies":[{"name":"wp","href":"https:\/\/api.w.org\/{rel}","templated":true}]}}