{"id":3136,"date":"2017-03-09T12:02:29","date_gmt":"2017-03-09T10:02:29","guid":{"rendered":"http:\/\/localhost\/blogProclinic\/web\/?p=3136"},"modified":"2017-03-09T12:03:47","modified_gmt":"2017-03-09T10:03:47","slug":"asistimos-al-iii-simposio-de-ortodoncia-de-salamanca","status":"publish","type":"post","link":"https:\/\/www.proclinic.es\/blog\/asistimos-al-iii-simposio-de-ortodoncia-de-salamanca\/","title":{"rendered":"Asistimos al III Simposio de Ortodoncia de Salamanca"},"content":{"rendered":"<p><strong>Los pasados 24 y 25 de febrero asistimos al III Simposio de Ortodoncia en el Palacio de Congresos y Exposiciones de\u00a0Salamanca.<\/strong><!--more--><\/p>\n<p>&nbsp;<\/p>\n<p>El evento estuvo <strong>coordinado por el Dr. Alberto Albaladejo<\/strong> que se mostr\u00f3 en todo momento muy atento con todos los asistentes y expositores. El Dr. Albaladejo tambi\u00e9n imparti\u00f3\u00a0una <strong>ponencia sobre el uso del Twin Block y\/o el\u00e1sticos de clase II en pacientes en crecimiento<\/strong>.<\/p>\n<p>&nbsp;<\/p>\n<p>En este simposio\u00a0hubieron\u00a0iniciativas tan originales como una persona haciendo graffitis de ortodoncia en la entrada al congreso, una persona haciendo body painting y un DJ\u00a0durante los descansos.<\/p>\n<p>&nbsp;<\/p>\n<p>Al stand de Proclinic se acercaron muchos doctores durante\u00a0los descansos y tambi\u00e9n\u00a0<strong>contamos con la ayuda de Chiara Mazzota, Directora de Ventas de Intensiv<\/strong>, <strong>que hizo demostraciones de stripping mec\u00e1nico y manual.<\/strong><\/p>\n<p>&nbsp;<\/p>\n<p>Si quieres conocer toda nuestra gama de productos de ortodoncia entra <a href=\"https:\/\/www.proclinic.es\/clinica\/ortodoncia.html\" target=\"_blank\">aqu\u00ed<\/a>.<\/p>\n<p>&nbsp;<\/p>\n<p>&nbsp;<\/p>\n<p>&nbsp;<\/p>\n<p>&nbsp;<\/p>\n<p>&nbsp;<\/p>\n<p>&nbsp;<\/p>\n<p>&nbsp;<\/p>\n<p>&nbsp;<\/p>\n","protected":false},"excerpt":{"rendered":"<p>Los pasados 24 y 25 de febrero asistimos al III Simposio de Ortodoncia en el Palacio de Congresos y Exposiciones de\u00a0Salamanca.<\/p>\n","protected":false},"author":101011,"featured_media":3137,"comment_status":"open","ping_status":"open","sticky":false,"template":"","format":"standard","meta":{"footnotes":""},"categories":[43],"tags":[],"class_list":["post-3136","post","type-post","status-publish","format-standard","has-post-thumbnail","hentry","category-formacion"],"yoast_head":"<!-- This site is optimized with the Yoast SEO plugin v27.4 - https:\/\/yoast.com\/product\/yoast-seo-wordpress\/ -->\n<title>Asistimos al III Simposio de Ortodoncia - Blog Proclinic<\/title>\n<meta name=\"description\" content=\"Los pasados 24 y 25 de febrero asistimos al III Simposio de Ortodoncia en el Palacio de Congresos y Exposiciones en Salamanca.\" \/>\n<meta name=\"robots\" content=\"index, follow, max-snippet:-1, max-image-preview:large, max-video-preview:-1\" \/>\n<link rel=\"canonical\" href=\"https:\/\/www.proclinic.es\/blog\/asistimos-al-iii-simposio-de-ortodoncia-de-salamanca\/\" \/>\n<meta property=\"og:locale\" content=\"es_ES\" \/>\n<meta property=\"og:type\" content=\"article\" \/>\n<meta property=\"og:title\" content=\"Asistimos al III Simposio de Ortodoncia - Blog Proclinic\" \/>\n<meta property=\"og:description\" content=\"Los pasados 24 y 25 de febrero asistimos al III Simposio de Ortodoncia en el Palacio de Congresos y Exposiciones en Salamanca.\" \/>\n<meta property=\"og:url\" content=\"https:\/\/www.proclinic.es\/blog\/asistimos-al-iii-simposio-de-ortodoncia-de-salamanca\/\" \/>\n<meta property=\"og:site_name\" content=\"Blog Proclinic\" \/>\n<meta property=\"article:publisher\" content=\"https:\/\/www.facebook.com\/proclinicsa\" \/>\n<meta property=\"article:published_time\" content=\"2017-03-09T10:02:29+00:00\" \/>\n<meta property=\"article:modified_time\" content=\"2017-03-09T10:03:47+00:00\" \/>\n<meta property=\"og:image\" content=\"https:\/\/www.proclinic.es\/blog\/wp-content\/uploads\/2017\/03\/foto-1b-scaled.jpg\" \/>\n\t<meta property=\"og:image:width\" content=\"2560\" \/>\n\t<meta property=\"og:image:height\" content=\"2055\" \/>\n\t<meta property=\"og:image:type\" content=\"image\/jpeg\" \/>\n<meta name=\"author\" content=\"Anna\" \/>\n<meta name=\"twitter:card\" content=\"summary_large_image\" \/>\n<meta name=\"twitter:creator\" content=\"@Proclinic_SA\" \/>\n<meta name=\"twitter:site\" content=\"@Proclinic_SA\" \/>\n<meta name=\"twitter:label1\" content=\"Escrito por\" \/>\n\t<meta name=\"twitter:data1\" content=\"Anna\" \/>\n\t<meta name=\"twitter:label2\" content=\"Tiempo de lectura\" \/>\n\t<meta name=\"twitter:data2\" content=\"1 minuto\" \/>\n<script type=\"application\/ld+json\" class=\"yoast-schema-graph\">{\"@context\":\"https:\\\/\\\/schema.org\",\"@graph\":[{\"@type\":\"Article\",\"@id\":\"https:\\\/\\\/www.proclinic.es\\\/blog\\\/asistimos-al-iii-simposio-de-ortodoncia-de-salamanca\\\/#article\",\"isPartOf\":{\"@id\":\"https:\\\/\\\/www.proclinic.es\\\/blog\\\/asistimos-al-iii-simposio-de-ortodoncia-de-salamanca\\\/\"},\"author\":{\"name\":\"Anna\",\"@id\":\"https:\\\/\\\/www.proclinic.es\\\/blog\\\/#\\\/schema\\\/person\\\/85e304ea367ce3922003b0d8b388e527\"},\"headline\":\"Asistimos al III Simposio de Ortodoncia de Salamanca\",\"datePublished\":\"2017-03-09T10:02:29+00:00\",\"dateModified\":\"2017-03-09T10:03:47+00:00\",\"mainEntityOfPage\":{\"@id\":\"https:\\\/\\\/www.proclinic.es\\\/blog\\\/asistimos-al-iii-simposio-de-ortodoncia-de-salamanca\\\/\"},\"wordCount\":165,\"commentCount\":0,\"image\":{\"@id\":\"https:\\\/\\\/www.proclinic.es\\\/blog\\\/asistimos-al-iii-simposio-de-ortodoncia-de-salamanca\\\/#primaryimage\"},\"thumbnailUrl\":\"https:\\\/\\\/www.proclinic.es\\\/blog\\\/wp-content\\\/uploads\\\/2017\\\/03\\\/foto-1b-scaled.jpg\",\"articleSection\":[\"Formaci\u00f3n y Eventos\"],\"inLanguage\":\"es\",\"potentialAction\":[{\"@type\":\"CommentAction\",\"name\":\"Comment\",\"target\":[\"https:\\\/\\\/www.proclinic.es\\\/blog\\\/asistimos-al-iii-simposio-de-ortodoncia-de-salamanca\\\/#respond\"]}]},{\"@type\":\"WebPage\",\"@id\":\"https:\\\/\\\/www.proclinic.es\\\/blog\\\/asistimos-al-iii-simposio-de-ortodoncia-de-salamanca\\\/\",\"url\":\"https:\\\/\\\/www.proclinic.es\\\/blog\\\/asistimos-al-iii-simposio-de-ortodoncia-de-salamanca\\\/\",\"name\":\"Asistimos al III Simposio de Ortodoncia - Blog Proclinic\",\"isPartOf\":{\"@id\":\"https:\\\/\\\/www.proclinic.es\\\/blog\\\/#website\"},\"primaryImageOfPage\":{\"@id\":\"https:\\\/\\\/www.proclinic.es\\\/blog\\\/asistimos-al-iii-simposio-de-ortodoncia-de-salamanca\\\/#primaryimage\"},\"image\":{\"@id\":\"https:\\\/\\\/www.proclinic.es\\\/blog\\\/asistimos-al-iii-simposio-de-ortodoncia-de-salamanca\\\/#primaryimage\"},\"thumbnailUrl\":\"https:\\\/\\\/www.proclinic.es\\\/blog\\\/wp-content\\\/uploads\\\/2017\\\/03\\\/foto-1b-scaled.jpg\",\"datePublished\":\"2017-03-09T10:02:29+00:00\",\"dateModified\":\"2017-03-09T10:03:47+00:00\",\"author\":{\"@id\":\"https:\\\/\\\/www.proclinic.es\\\/blog\\\/#\\\/schema\\\/person\\\/85e304ea367ce3922003b0d8b388e527\"},\"description\":\"Los pasados 24 y 25 de febrero asistimos al III Simposio de Ortodoncia en el Palacio de Congresos y Exposiciones en Salamanca.\",\"breadcrumb\":{\"@id\":\"https:\\\/\\\/www.proclinic.es\\\/blog\\\/asistimos-al-iii-simposio-de-ortodoncia-de-salamanca\\\/#breadcrumb\"},\"inLanguage\":\"es\",\"potentialAction\":[{\"@type\":\"ReadAction\",\"target\":[\"https:\\\/\\\/www.proclinic.es\\\/blog\\\/asistimos-al-iii-simposio-de-ortodoncia-de-salamanca\\\/\"]}]},{\"@type\":\"ImageObject\",\"inLanguage\":\"es\",\"@id\":\"https:\\\/\\\/www.proclinic.es\\\/blog\\\/asistimos-al-iii-simposio-de-ortodoncia-de-salamanca\\\/#primaryimage\",\"url\":\"https:\\\/\\\/www.proclinic.es\\\/blog\\\/wp-content\\\/uploads\\\/2017\\\/03\\\/foto-1b-scaled.jpg\",\"contentUrl\":\"https:\\\/\\\/www.proclinic.es\\\/blog\\\/wp-content\\\/uploads\\\/2017\\\/03\\\/foto-1b-scaled.jpg\",\"width\":2560,\"height\":2055},{\"@type\":\"BreadcrumbList\",\"@id\":\"https:\\\/\\\/www.proclinic.es\\\/blog\\\/asistimos-al-iii-simposio-de-ortodoncia-de-salamanca\\\/#breadcrumb\",\"itemListElement\":[{\"@type\":\"ListItem\",\"position\":1,\"name\":\"Home\",\"item\":\"https:\\\/\\\/www.proclinic.es\\\/blog\\\/\"},{\"@type\":\"ListItem\",\"position\":2,\"name\":\"Asistimos al III Simposio de Ortodoncia de Salamanca\"}]},{\"@type\":\"WebSite\",\"@id\":\"https:\\\/\\\/www.proclinic.es\\\/blog\\\/#website\",\"url\":\"https:\\\/\\\/www.proclinic.es\\\/blog\\\/\",\"name\":\"Blog Proclinic\",\"description\":\"\u00a1Bienvenido al blog de Proclinic! En este espacio, nos enfocamos en brindar informaci\u00f3n valiosa y actualizada para todos los profesionales del sector dental. Nuestra misi\u00f3n es mantenerte al d\u00eda de las \u00faltimas tendencias, investigaciones y t\u00e9cnicas en el campo de la odontolog\u00eda. Exploraremos temas que van desde las novedades en materiales odontol\u00f3gicos, consejos pr\u00e1cticos para la gesti\u00f3n de cl\u00ednicas dentales hasta casos cl\u00ednicos con base cient\u00edfica, eventos del sector y mucho m\u00e1s. Te invitamos a seguir nuestro contenido, dise\u00f1ado para mantener tu pr\u00e1ctica en la vanguardia de la odontolog\u00eda moderna.\",\"potentialAction\":[{\"@type\":\"SearchAction\",\"target\":{\"@type\":\"EntryPoint\",\"urlTemplate\":\"https:\\\/\\\/www.proclinic.es\\\/blog\\\/?s={search_term_string}\"},\"query-input\":{\"@type\":\"PropertyValueSpecification\",\"valueRequired\":true,\"valueName\":\"search_term_string\"}}],\"inLanguage\":\"es\"},{\"@type\":\"Person\",\"@id\":\"https:\\\/\\\/www.proclinic.es\\\/blog\\\/#\\\/schema\\\/person\\\/85e304ea367ce3922003b0d8b388e527\",\"name\":\"Anna\",\"image\":{\"@type\":\"ImageObject\",\"inLanguage\":\"es\",\"@id\":\"https:\\\/\\\/secure.gravatar.com\\\/avatar\\\/b8b19455b6924f97d0afcdeb2791066e8c8af798468c71e0fe7e686c5d0b49f4?s=96&d=mm&r=g\",\"url\":\"https:\\\/\\\/secure.gravatar.com\\\/avatar\\\/b8b19455b6924f97d0afcdeb2791066e8c8af798468c71e0fe7e686c5d0b49f4?s=96&d=mm&r=g\",\"contentUrl\":\"https:\\\/\\\/secure.gravatar.com\\\/avatar\\\/b8b19455b6924f97d0afcdeb2791066e8c8af798468c71e0fe7e686c5d0b49f4?s=96&d=mm&r=g\",\"caption\":\"Anna\"},\"description\":\"Community Manager\",\"url\":\"https:\\\/\\\/www.proclinic.es\\\/blog\\\/author\\\/anna\\\/\"}]}<\/script>\n<!-- \/ Yoast SEO plugin. -->","yoast_head_json":{"title":"Asistimos al III Simposio de Ortodoncia - Blog Proclinic","description":"Los pasados 24 y 25 de febrero asistimos al III Simposio de Ortodoncia en el Palacio de Congresos y Exposiciones en Salamanca.","robots":{"index":"index","follow":"follow","max-snippet":"max-snippet:-1","max-image-preview":"max-image-preview:large","max-video-preview":"max-video-preview:-1"},"canonical":"https:\/\/www.proclinic.es\/blog\/asistimos-al-iii-simposio-de-ortodoncia-de-salamanca\/","og_locale":"es_ES","og_type":"article","og_title":"Asistimos al III Simposio de Ortodoncia - Blog Proclinic","og_description":"Los pasados 24 y 25 de febrero asistimos al III Simposio de Ortodoncia en el Palacio de Congresos y Exposiciones en Salamanca.","og_url":"https:\/\/www.proclinic.es\/blog\/asistimos-al-iii-simposio-de-ortodoncia-de-salamanca\/","og_site_name":"Blog Proclinic","article_publisher":"https:\/\/www.facebook.com\/proclinicsa","article_published_time":"2017-03-09T10:02:29+00:00","article_modified_time":"2017-03-09T10:03:47+00:00","og_image":[{"width":2560,"height":2055,"url":"https:\/\/www.proclinic.es\/blog\/wp-content\/uploads\/2017\/03\/foto-1b-scaled.jpg","type":"image\/jpeg"}],"author":"Anna","twitter_card":"summary_large_image","twitter_creator":"@Proclinic_SA","twitter_site":"@Proclinic_SA","twitter_misc":{"Escrito por":"Anna","Tiempo de lectura":"1 minuto"},"schema":{"@context":"https:\/\/schema.org","@graph":[{"@type":"Article","@id":"https:\/\/www.proclinic.es\/blog\/asistimos-al-iii-simposio-de-ortodoncia-de-salamanca\/#article","isPartOf":{"@id":"https:\/\/www.proclinic.es\/blog\/asistimos-al-iii-simposio-de-ortodoncia-de-salamanca\/"},"author":{"name":"Anna","@id":"https:\/\/www.proclinic.es\/blog\/#\/schema\/person\/85e304ea367ce3922003b0d8b388e527"},"headline":"Asistimos al III Simposio de Ortodoncia de Salamanca","datePublished":"2017-03-09T10:02:29+00:00","dateModified":"2017-03-09T10:03:47+00:00","mainEntityOfPage":{"@id":"https:\/\/www.proclinic.es\/blog\/asistimos-al-iii-simposio-de-ortodoncia-de-salamanca\/"},"wordCount":165,"commentCount":0,"image":{"@id":"https:\/\/www.proclinic.es\/blog\/asistimos-al-iii-simposio-de-ortodoncia-de-salamanca\/#primaryimage"},"thumbnailUrl":"https:\/\/www.proclinic.es\/blog\/wp-content\/uploads\/2017\/03\/foto-1b-scaled.jpg","articleSection":["Formaci\u00f3n y Eventos"],"inLanguage":"es","potentialAction":[{"@type":"CommentAction","name":"Comment","target":["https:\/\/www.proclinic.es\/blog\/asistimos-al-iii-simposio-de-ortodoncia-de-salamanca\/#respond"]}]},{"@type":"WebPage","@id":"https:\/\/www.proclinic.es\/blog\/asistimos-al-iii-simposio-de-ortodoncia-de-salamanca\/","url":"https:\/\/www.proclinic.es\/blog\/asistimos-al-iii-simposio-de-ortodoncia-de-salamanca\/","name":"Asistimos al III Simposio de Ortodoncia - Blog Proclinic","isPartOf":{"@id":"https:\/\/www.proclinic.es\/blog\/#website"},"primaryImageOfPage":{"@id":"https:\/\/www.proclinic.es\/blog\/asistimos-al-iii-simposio-de-ortodoncia-de-salamanca\/#primaryimage"},"image":{"@id":"https:\/\/www.proclinic.es\/blog\/asistimos-al-iii-simposio-de-ortodoncia-de-salamanca\/#primaryimage"},"thumbnailUrl":"https:\/\/www.proclinic.es\/blog\/wp-content\/uploads\/2017\/03\/foto-1b-scaled.jpg","datePublished":"2017-03-09T10:02:29+00:00","dateModified":"2017-03-09T10:03:47+00:00","author":{"@id":"https:\/\/www.proclinic.es\/blog\/#\/schema\/person\/85e304ea367ce3922003b0d8b388e527"},"description":"Los pasados 24 y 25 de febrero asistimos al III Simposio de Ortodoncia en el Palacio de Congresos y Exposiciones en Salamanca.","breadcrumb":{"@id":"https:\/\/www.proclinic.es\/blog\/asistimos-al-iii-simposio-de-ortodoncia-de-salamanca\/#breadcrumb"},"inLanguage":"es","potentialAction":[{"@type":"ReadAction","target":["https:\/\/www.proclinic.es\/blog\/asistimos-al-iii-simposio-de-ortodoncia-de-salamanca\/"]}]},{"@type":"ImageObject","inLanguage":"es","@id":"https:\/\/www.proclinic.es\/blog\/asistimos-al-iii-simposio-de-ortodoncia-de-salamanca\/#primaryimage","url":"https:\/\/www.proclinic.es\/blog\/wp-content\/uploads\/2017\/03\/foto-1b-scaled.jpg","contentUrl":"https:\/\/www.proclinic.es\/blog\/wp-content\/uploads\/2017\/03\/foto-1b-scaled.jpg","width":2560,"height":2055},{"@type":"BreadcrumbList","@id":"https:\/\/www.proclinic.es\/blog\/asistimos-al-iii-simposio-de-ortodoncia-de-salamanca\/#breadcrumb","itemListElement":[{"@type":"ListItem","position":1,"name":"Home","item":"https:\/\/www.proclinic.es\/blog\/"},{"@type":"ListItem","position":2,"name":"Asistimos al III Simposio de Ortodoncia de Salamanca"}]},{"@type":"WebSite","@id":"https:\/\/www.proclinic.es\/blog\/#website","url":"https:\/\/www.proclinic.es\/blog\/","name":"Blog Proclinic","description":"\u00a1Bienvenido al blog de Proclinic! En este espacio, nos enfocamos en brindar informaci\u00f3n valiosa y actualizada para todos los profesionales del sector dental. Nuestra misi\u00f3n es mantenerte al d\u00eda de las \u00faltimas tendencias, investigaciones y t\u00e9cnicas en el campo de la odontolog\u00eda. Exploraremos temas que van desde las novedades en materiales odontol\u00f3gicos, consejos pr\u00e1cticos para la gesti\u00f3n de cl\u00ednicas dentales hasta casos cl\u00ednicos con base cient\u00edfica, eventos del sector y mucho m\u00e1s. Te invitamos a seguir nuestro contenido, dise\u00f1ado para mantener tu pr\u00e1ctica en la vanguardia de la odontolog\u00eda moderna.","potentialAction":[{"@type":"SearchAction","target":{"@type":"EntryPoint","urlTemplate":"https:\/\/www.proclinic.es\/blog\/?s={search_term_string}"},"query-input":{"@type":"PropertyValueSpecification","valueRequired":true,"valueName":"search_term_string"}}],"inLanguage":"es"},{"@type":"Person","@id":"https:\/\/www.proclinic.es\/blog\/#\/schema\/person\/85e304ea367ce3922003b0d8b388e527","name":"Anna","image":{"@type":"ImageObject","inLanguage":"es","@id":"https:\/\/secure.gravatar.com\/avatar\/b8b19455b6924f97d0afcdeb2791066e8c8af798468c71e0fe7e686c5d0b49f4?s=96&d=mm&r=g","url":"https:\/\/secure.gravatar.com\/avatar\/b8b19455b6924f97d0afcdeb2791066e8c8af798468c71e0fe7e686c5d0b49f4?s=96&d=mm&r=g","contentUrl":"https:\/\/secure.gravatar.com\/avatar\/b8b19455b6924f97d0afcdeb2791066e8c8af798468c71e0fe7e686c5d0b49f4?s=96&d=mm&r=g","caption":"Anna"},"description":"Community Manager","url":"https:\/\/www.proclinic.es\/blog\/author\/anna\/"}]}},"jetpack_featured_media_url":"https:\/\/www.proclinic.es\/blog\/wp-content\/uploads\/2017\/03\/foto-1b-scaled.jpg","_links":{"self":[{"href":"https:\/\/www.proclinic.es\/blog\/wp-json\/wp\/v2\/posts\/3136","targetHints":{"allow":["GET"]}}],"collection":[{"href":"https:\/\/www.proclinic.es\/blog\/wp-json\/wp\/v2\/posts"}],"about":[{"href":"https:\/\/www.proclinic.es\/blog\/wp-json\/wp\/v2\/types\/post"}],"author":[{"embeddable":true,"href":"https:\/\/www.proclinic.es\/blog\/wp-json\/wp\/v2\/users\/101011"}],"replies":[{"embeddable":true,"href":"https:\/\/www.proclinic.es\/blog\/wp-json\/wp\/v2\/comments?post=3136"}],"version-history":[{"count":4,"href":"https:\/\/www.proclinic.es\/blog\/wp-json\/wp\/v2\/posts\/3136\/revisions"}],"predecessor-version":[{"id":3141,"href":"https:\/\/www.proclinic.es\/blog\/wp-json\/wp\/v2\/posts\/3136\/revisions\/3141"}],"wp:featuredmedia":[{"embeddable":true,"href":"https:\/\/www.proclinic.es\/blog\/wp-json\/wp\/v2\/media\/3137"}],"wp:attachment":[{"href":"https:\/\/www.proclinic.es\/blog\/wp-json\/wp\/v2\/media?parent=3136"}],"wp:term":[{"taxonomy":"category","embeddable":true,"href":"https:\/\/www.proclinic.es\/blog\/wp-json\/wp\/v2\/categories?post=3136"},{"taxonomy":"post_tag","embeddable":true,"href":"https:\/\/www.proclinic.es\/blog\/wp-json\/wp\/v2\/tags?post=3136"}],"curies":[{"name":"wp","href":"https:\/\/api.w.org\/{rel}","templated":true}]}}