{"id":3037,"date":"2016-11-30T11:41:35","date_gmt":"2016-11-30T09:41:35","guid":{"rendered":"http:\/\/localhost\/blogProclinic\/web\/?p=3037"},"modified":"2023-02-09T13:03:23","modified_gmt":"2023-02-09T11:03:23","slug":"la-marca-proclinic-amplia-su-gama-de-instrumentos","status":"publish","type":"post","link":"https:\/\/www.proclinic.es\/blog\/la-marca-proclinic-amplia-su-gama-de-instrumentos\/","title":{"rendered":"La marca Proclinic ampl\u00eda su gama de instrumentos"},"content":{"rendered":"<p><strong>Seguimos ampliando nuestra gama de productos marca Proclinic, en este caso incorporamos m\u00e1s de 30 referencias de instrumental para laboratorios dentales.<\/strong><!--more--><\/p>\n<p>&nbsp;<\/p>\n<p>La <strong>marca Proclinic<\/strong> ha logrado ganarse la confianza de los profesionales de la odontolog\u00eda,&nbsp;seg\u00fan&nbsp;revelan los datos de la consultora internacional especializada en el sector dental Keystone, que <strong>la sit\u00faan en quinto&nbsp;lugar en el ranking de ventas en Espa\u00f1a<\/strong>.<\/p>\n<p>&nbsp;<\/p>\n<p>Durante los \u00faltimos meses&nbsp;hemos trabajado para incorporar un total de 36 nuevas referencias de instrumental para prot\u00e9sicos dentales, que ampl\u00edan nuestra gama de instrumentos y nos permiten seguir ofreciendo nuevas soluciones para el&nbsp;trabajo diario en los laboratorios dentales. Entre ellas destaca <strong>una nueva gama Color de instrumentos de modelar cera y composites con identificaci\u00f3n de color, nuevos instrumentos de medici\u00f3n y una gama de alicates New.<\/strong><\/p>\n<p>&nbsp;<\/p>\n<p>Descubre todas las novedades en <a href=\"https:\/\/www.proclinic.es\/laboratorio\/instrumental-bandejas-y-cajas\/marca\/proclinic.html?p=1\" target=\"_blank\" rel=\"noopener\">www.proclinic.es<\/a> y <strong>aprovecha&nbsp;la oferta de lanzamiento<\/strong>.<\/p>\n<p>&nbsp;<\/p>\n<p>&nbsp;<\/p>\n<p>&nbsp;<\/p>\n<p>&nbsp;<\/p>\n<p>&nbsp;<\/p>\n<p>&nbsp;<\/p>\n<p>&nbsp;<\/p>\n<p>&nbsp;<\/p>\n<p>&nbsp;<\/p>\n","protected":false},"excerpt":{"rendered":"<p>Seguimos ampliando nuestra gama de productos marca Proclinic, en este caso incorporamos m\u00e1s de 30 referencias de instrumental para laboratorios dentales.<\/p>\n","protected":false},"author":101011,"featured_media":3038,"comment_status":"open","ping_status":"open","sticky":false,"template":"","format":"standard","meta":{"footnotes":""},"categories":[45],"tags":[],"class_list":["post-3037","post","type-post","status-publish","format-standard","has-post-thumbnail","hentry","category-actualidad"],"yoast_head":"<!-- This site is optimized with the Yoast SEO plugin v25.9 - https:\/\/yoast.com\/wordpress\/plugins\/seo\/ -->\n<title>La marca Proclinic ampl\u00eda su gama de instrumentos - Blog Proclinic<\/title>\n<meta name=\"description\" content=\"Seguimos ampliando nuestra gama de productos marca Proclinic, en este caso incorporamos m\u00e1s de 30 referencias de instrumental para laboratorios dentales.\" \/>\n<meta name=\"robots\" content=\"index, follow, max-snippet:-1, max-image-preview:large, max-video-preview:-1\" \/>\n<link rel=\"canonical\" href=\"https:\/\/www.proclinic.es\/blog\/la-marca-proclinic-amplia-su-gama-de-instrumentos\/\" \/>\n<meta property=\"og:locale\" content=\"es_ES\" \/>\n<meta property=\"og:type\" content=\"article\" \/>\n<meta property=\"og:title\" content=\"La marca Proclinic ampl\u00eda su gama de instrumentos - Blog Proclinic\" \/>\n<meta property=\"og:description\" content=\"Seguimos ampliando nuestra gama de productos marca Proclinic, en este caso incorporamos m\u00e1s de 30 referencias de instrumental para laboratorios dentales.\" \/>\n<meta property=\"og:url\" content=\"https:\/\/www.proclinic.es\/blog\/la-marca-proclinic-amplia-su-gama-de-instrumentos\/\" \/>\n<meta property=\"og:site_name\" content=\"Blog Proclinic\" \/>\n<meta property=\"article:publisher\" content=\"https:\/\/www.facebook.com\/proclinicsa\" \/>\n<meta property=\"article:published_time\" content=\"2016-11-30T09:41:35+00:00\" \/>\n<meta property=\"article:modified_time\" content=\"2023-02-09T11:03:23+00:00\" \/>\n<meta property=\"og:image\" content=\"https:\/\/www.proclinic.es\/blog\/wp-content\/uploads\/2016\/11\/Instrumental-Proclinic.jpg\" \/>\n\t<meta property=\"og:image:width\" content=\"583\" \/>\n\t<meta property=\"og:image:height\" content=\"463\" \/>\n\t<meta property=\"og:image:type\" content=\"image\/jpeg\" \/>\n<meta name=\"author\" content=\"Anna\" \/>\n<meta name=\"twitter:card\" content=\"summary_large_image\" \/>\n<meta name=\"twitter:creator\" content=\"@Proclinic_SA\" \/>\n<meta name=\"twitter:site\" content=\"@Proclinic_SA\" \/>\n<meta name=\"twitter:label1\" content=\"Escrito por\" \/>\n\t<meta name=\"twitter:data1\" content=\"Anna\" \/>\n\t<meta name=\"twitter:label2\" content=\"Tiempo de lectura\" \/>\n\t<meta name=\"twitter:data2\" content=\"1 minuto\" \/>\n<script type=\"application\/ld+json\" class=\"yoast-schema-graph\">{\"@context\":\"https:\/\/schema.org\",\"@graph\":[{\"@type\":\"WebPage\",\"@id\":\"https:\/\/www.proclinic.es\/blog\/la-marca-proclinic-amplia-su-gama-de-instrumentos\/\",\"url\":\"https:\/\/www.proclinic.es\/blog\/la-marca-proclinic-amplia-su-gama-de-instrumentos\/\",\"name\":\"La marca Proclinic ampl\u00eda su gama de instrumentos - Blog Proclinic\",\"isPartOf\":{\"@id\":\"https:\/\/www.proclinic.es\/blog\/#website\"},\"primaryImageOfPage\":{\"@id\":\"https:\/\/www.proclinic.es\/blog\/la-marca-proclinic-amplia-su-gama-de-instrumentos\/#primaryimage\"},\"image\":{\"@id\":\"https:\/\/www.proclinic.es\/blog\/la-marca-proclinic-amplia-su-gama-de-instrumentos\/#primaryimage\"},\"thumbnailUrl\":\"https:\/\/www.proclinic.es\/blog\/wp-content\/uploads\/2016\/11\/Instrumental-Proclinic.jpg\",\"datePublished\":\"2016-11-30T09:41:35+00:00\",\"dateModified\":\"2023-02-09T11:03:23+00:00\",\"author\":{\"@id\":\"https:\/\/www.proclinic.es\/blog\/#\/schema\/person\/85e304ea367ce3922003b0d8b388e527\"},\"description\":\"Seguimos ampliando nuestra gama de productos marca Proclinic, en este caso incorporamos m\u00e1s de 30 referencias de instrumental para laboratorios dentales.\",\"breadcrumb\":{\"@id\":\"https:\/\/www.proclinic.es\/blog\/la-marca-proclinic-amplia-su-gama-de-instrumentos\/#breadcrumb\"},\"inLanguage\":\"es\",\"potentialAction\":[{\"@type\":\"ReadAction\",\"target\":[\"https:\/\/www.proclinic.es\/blog\/la-marca-proclinic-amplia-su-gama-de-instrumentos\/\"]}]},{\"@type\":\"ImageObject\",\"inLanguage\":\"es\",\"@id\":\"https:\/\/www.proclinic.es\/blog\/la-marca-proclinic-amplia-su-gama-de-instrumentos\/#primaryimage\",\"url\":\"https:\/\/www.proclinic.es\/blog\/wp-content\/uploads\/2016\/11\/Instrumental-Proclinic.jpg\",\"contentUrl\":\"https:\/\/www.proclinic.es\/blog\/wp-content\/uploads\/2016\/11\/Instrumental-Proclinic.jpg\",\"width\":583,\"height\":463},{\"@type\":\"BreadcrumbList\",\"@id\":\"https:\/\/www.proclinic.es\/blog\/la-marca-proclinic-amplia-su-gama-de-instrumentos\/#breadcrumb\",\"itemListElement\":[{\"@type\":\"ListItem\",\"position\":1,\"name\":\"Home\",\"item\":\"https:\/\/www.proclinic.es\/blog\/\"},{\"@type\":\"ListItem\",\"position\":2,\"name\":\"La marca Proclinic ampl\u00eda su gama de instrumentos\"}]},{\"@type\":\"WebSite\",\"@id\":\"https:\/\/www.proclinic.es\/blog\/#website\",\"url\":\"https:\/\/www.proclinic.es\/blog\/\",\"name\":\"Blog Proclinic\",\"description\":\"\u00a1Bienvenido al blog de Proclinic! En este espacio, nos enfocamos en brindar informaci\u00f3n valiosa y actualizada para todos los profesionales del sector dental. Nuestra misi\u00f3n es mantenerte al d\u00eda de las \u00faltimas tendencias, investigaciones y t\u00e9cnicas en el campo de la odontolog\u00eda. Exploraremos temas que van desde las novedades en materiales odontol\u00f3gicos, consejos pr\u00e1cticos para la gesti\u00f3n de cl\u00ednicas dentales hasta casos cl\u00ednicos con base cient\u00edfica, eventos del sector y mucho m\u00e1s. Te invitamos a seguir nuestro contenido, dise\u00f1ado para mantener tu pr\u00e1ctica en la vanguardia de la odontolog\u00eda moderna.\",\"potentialAction\":[{\"@type\":\"SearchAction\",\"target\":{\"@type\":\"EntryPoint\",\"urlTemplate\":\"https:\/\/www.proclinic.es\/blog\/?s={search_term_string}\"},\"query-input\":{\"@type\":\"PropertyValueSpecification\",\"valueRequired\":true,\"valueName\":\"search_term_string\"}}],\"inLanguage\":\"es\"},{\"@type\":\"Person\",\"@id\":\"https:\/\/www.proclinic.es\/blog\/#\/schema\/person\/85e304ea367ce3922003b0d8b388e527\",\"name\":\"Anna\",\"image\":{\"@type\":\"ImageObject\",\"inLanguage\":\"es\",\"@id\":\"https:\/\/www.proclinic.es\/blog\/#\/schema\/person\/image\/\",\"url\":\"https:\/\/secure.gravatar.com\/avatar\/b8b19455b6924f97d0afcdeb2791066e8c8af798468c71e0fe7e686c5d0b49f4?s=96&d=mm&r=g\",\"contentUrl\":\"https:\/\/secure.gravatar.com\/avatar\/b8b19455b6924f97d0afcdeb2791066e8c8af798468c71e0fe7e686c5d0b49f4?s=96&d=mm&r=g\",\"caption\":\"Anna\"},\"description\":\"Community Manager\",\"url\":\"https:\/\/www.proclinic.es\/blog\/author\/anna\/\"}]}<\/script>\n<!-- \/ Yoast SEO plugin. -->","yoast_head_json":{"title":"La marca Proclinic ampl\u00eda su gama de instrumentos - Blog Proclinic","description":"Seguimos ampliando nuestra gama de productos marca Proclinic, en este caso incorporamos m\u00e1s de 30 referencias de instrumental para laboratorios dentales.","robots":{"index":"index","follow":"follow","max-snippet":"max-snippet:-1","max-image-preview":"max-image-preview:large","max-video-preview":"max-video-preview:-1"},"canonical":"https:\/\/www.proclinic.es\/blog\/la-marca-proclinic-amplia-su-gama-de-instrumentos\/","og_locale":"es_ES","og_type":"article","og_title":"La marca Proclinic ampl\u00eda su gama de instrumentos - Blog Proclinic","og_description":"Seguimos ampliando nuestra gama de productos marca Proclinic, en este caso incorporamos m\u00e1s de 30 referencias de instrumental para laboratorios dentales.","og_url":"https:\/\/www.proclinic.es\/blog\/la-marca-proclinic-amplia-su-gama-de-instrumentos\/","og_site_name":"Blog Proclinic","article_publisher":"https:\/\/www.facebook.com\/proclinicsa","article_published_time":"2016-11-30T09:41:35+00:00","article_modified_time":"2023-02-09T11:03:23+00:00","og_image":[{"width":583,"height":463,"url":"https:\/\/www.proclinic.es\/blog\/wp-content\/uploads\/2016\/11\/Instrumental-Proclinic.jpg","type":"image\/jpeg"}],"author":"Anna","twitter_card":"summary_large_image","twitter_creator":"@Proclinic_SA","twitter_site":"@Proclinic_SA","twitter_misc":{"Escrito por":"Anna","Tiempo de lectura":"1 minuto"},"schema":{"@context":"https:\/\/schema.org","@graph":[{"@type":"WebPage","@id":"https:\/\/www.proclinic.es\/blog\/la-marca-proclinic-amplia-su-gama-de-instrumentos\/","url":"https:\/\/www.proclinic.es\/blog\/la-marca-proclinic-amplia-su-gama-de-instrumentos\/","name":"La marca Proclinic ampl\u00eda su gama de instrumentos - Blog Proclinic","isPartOf":{"@id":"https:\/\/www.proclinic.es\/blog\/#website"},"primaryImageOfPage":{"@id":"https:\/\/www.proclinic.es\/blog\/la-marca-proclinic-amplia-su-gama-de-instrumentos\/#primaryimage"},"image":{"@id":"https:\/\/www.proclinic.es\/blog\/la-marca-proclinic-amplia-su-gama-de-instrumentos\/#primaryimage"},"thumbnailUrl":"https:\/\/www.proclinic.es\/blog\/wp-content\/uploads\/2016\/11\/Instrumental-Proclinic.jpg","datePublished":"2016-11-30T09:41:35+00:00","dateModified":"2023-02-09T11:03:23+00:00","author":{"@id":"https:\/\/www.proclinic.es\/blog\/#\/schema\/person\/85e304ea367ce3922003b0d8b388e527"},"description":"Seguimos ampliando nuestra gama de productos marca Proclinic, en este caso incorporamos m\u00e1s de 30 referencias de instrumental para laboratorios dentales.","breadcrumb":{"@id":"https:\/\/www.proclinic.es\/blog\/la-marca-proclinic-amplia-su-gama-de-instrumentos\/#breadcrumb"},"inLanguage":"es","potentialAction":[{"@type":"ReadAction","target":["https:\/\/www.proclinic.es\/blog\/la-marca-proclinic-amplia-su-gama-de-instrumentos\/"]}]},{"@type":"ImageObject","inLanguage":"es","@id":"https:\/\/www.proclinic.es\/blog\/la-marca-proclinic-amplia-su-gama-de-instrumentos\/#primaryimage","url":"https:\/\/www.proclinic.es\/blog\/wp-content\/uploads\/2016\/11\/Instrumental-Proclinic.jpg","contentUrl":"https:\/\/www.proclinic.es\/blog\/wp-content\/uploads\/2016\/11\/Instrumental-Proclinic.jpg","width":583,"height":463},{"@type":"BreadcrumbList","@id":"https:\/\/www.proclinic.es\/blog\/la-marca-proclinic-amplia-su-gama-de-instrumentos\/#breadcrumb","itemListElement":[{"@type":"ListItem","position":1,"name":"Home","item":"https:\/\/www.proclinic.es\/blog\/"},{"@type":"ListItem","position":2,"name":"La marca Proclinic ampl\u00eda su gama de instrumentos"}]},{"@type":"WebSite","@id":"https:\/\/www.proclinic.es\/blog\/#website","url":"https:\/\/www.proclinic.es\/blog\/","name":"Blog Proclinic","description":"\u00a1Bienvenido al blog de Proclinic! En este espacio, nos enfocamos en brindar informaci\u00f3n valiosa y actualizada para todos los profesionales del sector dental. Nuestra misi\u00f3n es mantenerte al d\u00eda de las \u00faltimas tendencias, investigaciones y t\u00e9cnicas en el campo de la odontolog\u00eda. Exploraremos temas que van desde las novedades en materiales odontol\u00f3gicos, consejos pr\u00e1cticos para la gesti\u00f3n de cl\u00ednicas dentales hasta casos cl\u00ednicos con base cient\u00edfica, eventos del sector y mucho m\u00e1s. Te invitamos a seguir nuestro contenido, dise\u00f1ado para mantener tu pr\u00e1ctica en la vanguardia de la odontolog\u00eda moderna.","potentialAction":[{"@type":"SearchAction","target":{"@type":"EntryPoint","urlTemplate":"https:\/\/www.proclinic.es\/blog\/?s={search_term_string}"},"query-input":{"@type":"PropertyValueSpecification","valueRequired":true,"valueName":"search_term_string"}}],"inLanguage":"es"},{"@type":"Person","@id":"https:\/\/www.proclinic.es\/blog\/#\/schema\/person\/85e304ea367ce3922003b0d8b388e527","name":"Anna","image":{"@type":"ImageObject","inLanguage":"es","@id":"https:\/\/www.proclinic.es\/blog\/#\/schema\/person\/image\/","url":"https:\/\/secure.gravatar.com\/avatar\/b8b19455b6924f97d0afcdeb2791066e8c8af798468c71e0fe7e686c5d0b49f4?s=96&d=mm&r=g","contentUrl":"https:\/\/secure.gravatar.com\/avatar\/b8b19455b6924f97d0afcdeb2791066e8c8af798468c71e0fe7e686c5d0b49f4?s=96&d=mm&r=g","caption":"Anna"},"description":"Community Manager","url":"https:\/\/www.proclinic.es\/blog\/author\/anna\/"}]}},"jetpack_featured_media_url":"https:\/\/www.proclinic.es\/blog\/wp-content\/uploads\/2016\/11\/Instrumental-Proclinic.jpg","_links":{"self":[{"href":"https:\/\/www.proclinic.es\/blog\/wp-json\/wp\/v2\/posts\/3037","targetHints":{"allow":["GET"]}}],"collection":[{"href":"https:\/\/www.proclinic.es\/blog\/wp-json\/wp\/v2\/posts"}],"about":[{"href":"https:\/\/www.proclinic.es\/blog\/wp-json\/wp\/v2\/types\/post"}],"author":[{"embeddable":true,"href":"https:\/\/www.proclinic.es\/blog\/wp-json\/wp\/v2\/users\/101011"}],"replies":[{"embeddable":true,"href":"https:\/\/www.proclinic.es\/blog\/wp-json\/wp\/v2\/comments?post=3037"}],"version-history":[{"count":4,"href":"https:\/\/www.proclinic.es\/blog\/wp-json\/wp\/v2\/posts\/3037\/revisions"}],"predecessor-version":[{"id":13705,"href":"https:\/\/www.proclinic.es\/blog\/wp-json\/wp\/v2\/posts\/3037\/revisions\/13705"}],"wp:featuredmedia":[{"embeddable":true,"href":"https:\/\/www.proclinic.es\/blog\/wp-json\/wp\/v2\/media\/3038"}],"wp:attachment":[{"href":"https:\/\/www.proclinic.es\/blog\/wp-json\/wp\/v2\/media?parent=3037"}],"wp:term":[{"taxonomy":"category","embeddable":true,"href":"https:\/\/www.proclinic.es\/blog\/wp-json\/wp\/v2\/categories?post=3037"},{"taxonomy":"post_tag","embeddable":true,"href":"https:\/\/www.proclinic.es\/blog\/wp-json\/wp\/v2\/tags?post=3037"}],"curies":[{"name":"wp","href":"https:\/\/api.w.org\/{rel}","templated":true}]}}