{"id":2981,"date":"2016-10-25T13:05:55","date_gmt":"2016-10-25T11:05:55","guid":{"rendered":"http:\/\/localhost\/blogProclinic\/web\/?p=2981"},"modified":"2016-10-25T13:16:26","modified_gmt":"2016-10-25T11:16:26","slug":"participamos-en-el-congreso-dental-tecnic","status":"publish","type":"post","link":"https:\/\/www.proclinic.es\/blog\/participamos-en-el-congreso-dental-tecnic\/","title":{"rendered":"Participamos en el Congreso Dental T\u00e8cnic"},"content":{"rendered":"<p><strong>El 30 de septiembre y 1 de octubre participamos en el Congreso Dental T\u00e8cnic en Barcelona, organizado por el COPDEC, Colegio Oficial de Prot\u00e9sicos Dentales de Catalu\u00f1a.<\/strong><!--more--><\/p>\n<p>&nbsp;<\/p>\n<p>El evento tuvo lugar en el Hotel Catalonia Plaza y durante las 2 jornadas se celebraron las siguientes conferencias:<\/p>\n<p><strong>Viernes 30 de septiembre<\/strong><\/p>\n<ul>\n<li>Sr. WALDO ZARCO<br \/>\n\u00abVirtual2Real\u00bb<\/li>\n<li>Sr. LUIS MACIEIRA<br \/>\n\u00abEl arte de la implantolog\u00eda &#8211; realidad o consecuencia\u00bb<\/li>\n<li>Sr. FRAN\u00c7OIS BERNARD BERSON<br \/>\n\u00abEst\u00e9tica y precisi\u00f3n, tradici\u00f3n o modernidad\u00bb<\/li>\n<li>Sr. JOSE LUIS VALDES<br \/>\n\u00abAnatom\u00eda y oclusi\u00f3n: claves en la rehabilitaci\u00f3n\u00a0est\u00e9tico funcional\u00bb<\/li>\n<li>Sr. LANFRANCO SANTOCHI<br \/>\n\u00abAnatom\u00eda y oclusi\u00f3n: claves en la rehabilitaci\u00f3n\u00a0est\u00e9tico funcional\u00bb<\/li>\n<li>Sr. NONDAS VLACHOPOULUS<br \/>\n\u00abRestauraciones cer\u00e1micas completas:\u00a0el arte detr\u00e1s del dise\u00f1o\u00bb<\/li>\n<\/ul>\n<p>&nbsp;<\/p>\n<p><strong>S\u00e1bado 1 de octubre<\/strong><\/p>\n<ul>\n<li>Sr. FRANCO SCHIPANI<br \/>\n\u00abEl ciclo de trabajo digital estudio laboratorio,\u00a0entre la excelencia y el dinamismo\u00bb<\/li>\n<li>Sr. MANUEL MINGUEZ<br \/>\n\u00abL\u00e1mina de platino; t\u00e9cnica antigua \/ soluciones\u00a0est\u00e9ticas actuales\u00bb<\/li>\n<li>Sr. PAOLO MICELI<br \/>\n\u00abCAD CAM + man&#8230;\u00bb<\/li>\n<li>Sr. JOSE A. PAMPLONA<br \/>\n\u00abPeque\u00f1os detalles: personalizaci\u00f3n y naturalidad en\u00a0restauraciones prot\u00e9sicas\u00bb<\/li>\n<li>Sr. SANTI DALMAU<br \/>\nDr. JUAN ZUFIA<br \/>\n\u00abTratamiento conjunto cl\u00ednica laboratorio\u00a0en casos de alto requerimiento est\u00e9tico\u00bb<\/li>\n<li>Sr. JUNGO ENDO<br \/>\n\u00abGesti\u00f3n de la cer\u00e1mica gingival: c\u00f3mo crear un\u00a0equilibrio entre la restauraci\u00f3n con implantes y\u00a0la naturaleza\u00bb<\/li>\n<\/ul>\n<p>&nbsp;<\/p>\n<p>&nbsp;<\/p>\n<p>&nbsp;<\/p>\n<p>&nbsp;<\/p>\n","protected":false},"excerpt":{"rendered":"<p>El 30 de septiembre y 1 de octubre participamos en el Congreso Dental T\u00e8cnic en Barcelona, organizado por el COPDEC, Colegio Oficial de Prot\u00e9sicos Dentales de Catalu\u00f1a.<\/p>\n","protected":false},"author":101011,"featured_media":2982,"comment_status":"open","ping_status":"open","sticky":false,"template":"","format":"standard","meta":{"footnotes":""},"categories":[43],"tags":[],"class_list":["post-2981","post","type-post","status-publish","format-standard","has-post-thumbnail","hentry","category-formacion"],"yoast_head":"<!-- This site is optimized with the Yoast SEO plugin v27.4 - https:\/\/yoast.com\/product\/yoast-seo-wordpress\/ -->\n<title>Participamos en el Congreso Dental T\u00e8cnic - Blog Proclinic<\/title>\n<meta name=\"description\" content=\"El 30 de septiembre y 1 de octubre participamos en el Congreso Dental T\u00e8cnic en Barcelona, organizado por el COPDEC, Colegio oficial de Prot\u00e9sicos Dentales de Catalu\u00f1a.\" \/>\n<meta name=\"robots\" content=\"index, follow, max-snippet:-1, max-image-preview:large, max-video-preview:-1\" \/>\n<link rel=\"canonical\" href=\"https:\/\/www.proclinic.es\/blog\/participamos-en-el-congreso-dental-tecnic\/\" \/>\n<meta property=\"og:locale\" content=\"es_ES\" \/>\n<meta property=\"og:type\" content=\"article\" \/>\n<meta property=\"og:title\" content=\"Participamos en el Congreso Dental T\u00e8cnic - Blog Proclinic\" \/>\n<meta property=\"og:description\" content=\"El 30 de septiembre y 1 de octubre participamos en el Congreso Dental T\u00e8cnic en Barcelona, organizado por el COPDEC, Colegio oficial de Prot\u00e9sicos Dentales de Catalu\u00f1a.\" \/>\n<meta property=\"og:url\" content=\"https:\/\/www.proclinic.es\/blog\/participamos-en-el-congreso-dental-tecnic\/\" \/>\n<meta property=\"og:site_name\" content=\"Blog Proclinic\" \/>\n<meta property=\"article:publisher\" content=\"https:\/\/www.facebook.com\/proclinicsa\" \/>\n<meta property=\"article:published_time\" content=\"2016-10-25T11:05:55+00:00\" \/>\n<meta property=\"article:modified_time\" content=\"2016-10-25T11:16:26+00:00\" \/>\n<meta property=\"og:image\" content=\"https:\/\/www.proclinic.es\/blog\/wp-content\/uploads\/2016\/10\/IMG_20160930_112442b-scaled.jpg\" \/>\n\t<meta property=\"og:image:width\" content=\"2560\" \/>\n\t<meta property=\"og:image:height\" content=\"1440\" \/>\n\t<meta property=\"og:image:type\" content=\"image\/jpeg\" \/>\n<meta name=\"author\" content=\"Anna\" \/>\n<meta name=\"twitter:card\" content=\"summary_large_image\" \/>\n<meta name=\"twitter:creator\" content=\"@Proclinic_SA\" \/>\n<meta name=\"twitter:site\" content=\"@Proclinic_SA\" \/>\n<meta name=\"twitter:label1\" content=\"Escrito por\" \/>\n\t<meta name=\"twitter:data1\" content=\"Anna\" \/>\n\t<meta name=\"twitter:label2\" content=\"Tiempo de lectura\" \/>\n\t<meta name=\"twitter:data2\" content=\"1 minuto\" \/>\n<script type=\"application\/ld+json\" class=\"yoast-schema-graph\">{\"@context\":\"https:\\\/\\\/schema.org\",\"@graph\":[{\"@type\":\"Article\",\"@id\":\"https:\\\/\\\/www.proclinic.es\\\/blog\\\/participamos-en-el-congreso-dental-tecnic\\\/#article\",\"isPartOf\":{\"@id\":\"https:\\\/\\\/www.proclinic.es\\\/blog\\\/participamos-en-el-congreso-dental-tecnic\\\/\"},\"author\":{\"name\":\"Anna\",\"@id\":\"https:\\\/\\\/www.proclinic.es\\\/blog\\\/#\\\/schema\\\/person\\\/85e304ea367ce3922003b0d8b388e527\"},\"headline\":\"Participamos en el Congreso Dental T\u00e8cnic\",\"datePublished\":\"2016-10-25T11:05:55+00:00\",\"dateModified\":\"2016-10-25T11:16:26+00:00\",\"mainEntityOfPage\":{\"@id\":\"https:\\\/\\\/www.proclinic.es\\\/blog\\\/participamos-en-el-congreso-dental-tecnic\\\/\"},\"wordCount\":238,\"commentCount\":0,\"image\":{\"@id\":\"https:\\\/\\\/www.proclinic.es\\\/blog\\\/participamos-en-el-congreso-dental-tecnic\\\/#primaryimage\"},\"thumbnailUrl\":\"https:\\\/\\\/www.proclinic.es\\\/blog\\\/wp-content\\\/uploads\\\/2016\\\/10\\\/IMG_20160930_112442b-scaled.jpg\",\"articleSection\":[\"Formaci\u00f3n y Eventos\"],\"inLanguage\":\"es\",\"potentialAction\":[{\"@type\":\"CommentAction\",\"name\":\"Comment\",\"target\":[\"https:\\\/\\\/www.proclinic.es\\\/blog\\\/participamos-en-el-congreso-dental-tecnic\\\/#respond\"]}]},{\"@type\":\"WebPage\",\"@id\":\"https:\\\/\\\/www.proclinic.es\\\/blog\\\/participamos-en-el-congreso-dental-tecnic\\\/\",\"url\":\"https:\\\/\\\/www.proclinic.es\\\/blog\\\/participamos-en-el-congreso-dental-tecnic\\\/\",\"name\":\"Participamos en el Congreso Dental T\u00e8cnic - Blog Proclinic\",\"isPartOf\":{\"@id\":\"https:\\\/\\\/www.proclinic.es\\\/blog\\\/#website\"},\"primaryImageOfPage\":{\"@id\":\"https:\\\/\\\/www.proclinic.es\\\/blog\\\/participamos-en-el-congreso-dental-tecnic\\\/#primaryimage\"},\"image\":{\"@id\":\"https:\\\/\\\/www.proclinic.es\\\/blog\\\/participamos-en-el-congreso-dental-tecnic\\\/#primaryimage\"},\"thumbnailUrl\":\"https:\\\/\\\/www.proclinic.es\\\/blog\\\/wp-content\\\/uploads\\\/2016\\\/10\\\/IMG_20160930_112442b-scaled.jpg\",\"datePublished\":\"2016-10-25T11:05:55+00:00\",\"dateModified\":\"2016-10-25T11:16:26+00:00\",\"author\":{\"@id\":\"https:\\\/\\\/www.proclinic.es\\\/blog\\\/#\\\/schema\\\/person\\\/85e304ea367ce3922003b0d8b388e527\"},\"description\":\"El 30 de septiembre y 1 de octubre participamos en el Congreso Dental T\u00e8cnic en Barcelona, organizado por el COPDEC, Colegio oficial de Prot\u00e9sicos Dentales de Catalu\u00f1a.\",\"breadcrumb\":{\"@id\":\"https:\\\/\\\/www.proclinic.es\\\/blog\\\/participamos-en-el-congreso-dental-tecnic\\\/#breadcrumb\"},\"inLanguage\":\"es\",\"potentialAction\":[{\"@type\":\"ReadAction\",\"target\":[\"https:\\\/\\\/www.proclinic.es\\\/blog\\\/participamos-en-el-congreso-dental-tecnic\\\/\"]}]},{\"@type\":\"ImageObject\",\"inLanguage\":\"es\",\"@id\":\"https:\\\/\\\/www.proclinic.es\\\/blog\\\/participamos-en-el-congreso-dental-tecnic\\\/#primaryimage\",\"url\":\"https:\\\/\\\/www.proclinic.es\\\/blog\\\/wp-content\\\/uploads\\\/2016\\\/10\\\/IMG_20160930_112442b-scaled.jpg\",\"contentUrl\":\"https:\\\/\\\/www.proclinic.es\\\/blog\\\/wp-content\\\/uploads\\\/2016\\\/10\\\/IMG_20160930_112442b-scaled.jpg\",\"width\":2560,\"height\":1440},{\"@type\":\"BreadcrumbList\",\"@id\":\"https:\\\/\\\/www.proclinic.es\\\/blog\\\/participamos-en-el-congreso-dental-tecnic\\\/#breadcrumb\",\"itemListElement\":[{\"@type\":\"ListItem\",\"position\":1,\"name\":\"Home\",\"item\":\"https:\\\/\\\/www.proclinic.es\\\/blog\\\/\"},{\"@type\":\"ListItem\",\"position\":2,\"name\":\"Participamos en el Congreso Dental T\u00e8cnic\"}]},{\"@type\":\"WebSite\",\"@id\":\"https:\\\/\\\/www.proclinic.es\\\/blog\\\/#website\",\"url\":\"https:\\\/\\\/www.proclinic.es\\\/blog\\\/\",\"name\":\"Blog Proclinic\",\"description\":\"\u00a1Bienvenido al blog de Proclinic! En este espacio, nos enfocamos en brindar informaci\u00f3n valiosa y actualizada para todos los profesionales del sector dental. Nuestra misi\u00f3n es mantenerte al d\u00eda de las \u00faltimas tendencias, investigaciones y t\u00e9cnicas en el campo de la odontolog\u00eda. Exploraremos temas que van desde las novedades en materiales odontol\u00f3gicos, consejos pr\u00e1cticos para la gesti\u00f3n de cl\u00ednicas dentales hasta casos cl\u00ednicos con base cient\u00edfica, eventos del sector y mucho m\u00e1s. Te invitamos a seguir nuestro contenido, dise\u00f1ado para mantener tu pr\u00e1ctica en la vanguardia de la odontolog\u00eda moderna.\",\"potentialAction\":[{\"@type\":\"SearchAction\",\"target\":{\"@type\":\"EntryPoint\",\"urlTemplate\":\"https:\\\/\\\/www.proclinic.es\\\/blog\\\/?s={search_term_string}\"},\"query-input\":{\"@type\":\"PropertyValueSpecification\",\"valueRequired\":true,\"valueName\":\"search_term_string\"}}],\"inLanguage\":\"es\"},{\"@type\":\"Person\",\"@id\":\"https:\\\/\\\/www.proclinic.es\\\/blog\\\/#\\\/schema\\\/person\\\/85e304ea367ce3922003b0d8b388e527\",\"name\":\"Anna\",\"image\":{\"@type\":\"ImageObject\",\"inLanguage\":\"es\",\"@id\":\"https:\\\/\\\/secure.gravatar.com\\\/avatar\\\/b8b19455b6924f97d0afcdeb2791066e8c8af798468c71e0fe7e686c5d0b49f4?s=96&d=mm&r=g\",\"url\":\"https:\\\/\\\/secure.gravatar.com\\\/avatar\\\/b8b19455b6924f97d0afcdeb2791066e8c8af798468c71e0fe7e686c5d0b49f4?s=96&d=mm&r=g\",\"contentUrl\":\"https:\\\/\\\/secure.gravatar.com\\\/avatar\\\/b8b19455b6924f97d0afcdeb2791066e8c8af798468c71e0fe7e686c5d0b49f4?s=96&d=mm&r=g\",\"caption\":\"Anna\"},\"description\":\"Community Manager\",\"url\":\"https:\\\/\\\/www.proclinic.es\\\/blog\\\/author\\\/anna\\\/\"}]}<\/script>\n<!-- \/ Yoast SEO plugin. -->","yoast_head_json":{"title":"Participamos en el Congreso Dental T\u00e8cnic - Blog Proclinic","description":"El 30 de septiembre y 1 de octubre participamos en el Congreso Dental T\u00e8cnic en Barcelona, organizado por el COPDEC, Colegio oficial de Prot\u00e9sicos Dentales de Catalu\u00f1a.","robots":{"index":"index","follow":"follow","max-snippet":"max-snippet:-1","max-image-preview":"max-image-preview:large","max-video-preview":"max-video-preview:-1"},"canonical":"https:\/\/www.proclinic.es\/blog\/participamos-en-el-congreso-dental-tecnic\/","og_locale":"es_ES","og_type":"article","og_title":"Participamos en el Congreso Dental T\u00e8cnic - Blog Proclinic","og_description":"El 30 de septiembre y 1 de octubre participamos en el Congreso Dental T\u00e8cnic en Barcelona, organizado por el COPDEC, Colegio oficial de Prot\u00e9sicos Dentales de Catalu\u00f1a.","og_url":"https:\/\/www.proclinic.es\/blog\/participamos-en-el-congreso-dental-tecnic\/","og_site_name":"Blog Proclinic","article_publisher":"https:\/\/www.facebook.com\/proclinicsa","article_published_time":"2016-10-25T11:05:55+00:00","article_modified_time":"2016-10-25T11:16:26+00:00","og_image":[{"width":2560,"height":1440,"url":"https:\/\/www.proclinic.es\/blog\/wp-content\/uploads\/2016\/10\/IMG_20160930_112442b-scaled.jpg","type":"image\/jpeg"}],"author":"Anna","twitter_card":"summary_large_image","twitter_creator":"@Proclinic_SA","twitter_site":"@Proclinic_SA","twitter_misc":{"Escrito por":"Anna","Tiempo de lectura":"1 minuto"},"schema":{"@context":"https:\/\/schema.org","@graph":[{"@type":"Article","@id":"https:\/\/www.proclinic.es\/blog\/participamos-en-el-congreso-dental-tecnic\/#article","isPartOf":{"@id":"https:\/\/www.proclinic.es\/blog\/participamos-en-el-congreso-dental-tecnic\/"},"author":{"name":"Anna","@id":"https:\/\/www.proclinic.es\/blog\/#\/schema\/person\/85e304ea367ce3922003b0d8b388e527"},"headline":"Participamos en el Congreso Dental T\u00e8cnic","datePublished":"2016-10-25T11:05:55+00:00","dateModified":"2016-10-25T11:16:26+00:00","mainEntityOfPage":{"@id":"https:\/\/www.proclinic.es\/blog\/participamos-en-el-congreso-dental-tecnic\/"},"wordCount":238,"commentCount":0,"image":{"@id":"https:\/\/www.proclinic.es\/blog\/participamos-en-el-congreso-dental-tecnic\/#primaryimage"},"thumbnailUrl":"https:\/\/www.proclinic.es\/blog\/wp-content\/uploads\/2016\/10\/IMG_20160930_112442b-scaled.jpg","articleSection":["Formaci\u00f3n y Eventos"],"inLanguage":"es","potentialAction":[{"@type":"CommentAction","name":"Comment","target":["https:\/\/www.proclinic.es\/blog\/participamos-en-el-congreso-dental-tecnic\/#respond"]}]},{"@type":"WebPage","@id":"https:\/\/www.proclinic.es\/blog\/participamos-en-el-congreso-dental-tecnic\/","url":"https:\/\/www.proclinic.es\/blog\/participamos-en-el-congreso-dental-tecnic\/","name":"Participamos en el Congreso Dental T\u00e8cnic - Blog Proclinic","isPartOf":{"@id":"https:\/\/www.proclinic.es\/blog\/#website"},"primaryImageOfPage":{"@id":"https:\/\/www.proclinic.es\/blog\/participamos-en-el-congreso-dental-tecnic\/#primaryimage"},"image":{"@id":"https:\/\/www.proclinic.es\/blog\/participamos-en-el-congreso-dental-tecnic\/#primaryimage"},"thumbnailUrl":"https:\/\/www.proclinic.es\/blog\/wp-content\/uploads\/2016\/10\/IMG_20160930_112442b-scaled.jpg","datePublished":"2016-10-25T11:05:55+00:00","dateModified":"2016-10-25T11:16:26+00:00","author":{"@id":"https:\/\/www.proclinic.es\/blog\/#\/schema\/person\/85e304ea367ce3922003b0d8b388e527"},"description":"El 30 de septiembre y 1 de octubre participamos en el Congreso Dental T\u00e8cnic en Barcelona, organizado por el COPDEC, Colegio oficial de Prot\u00e9sicos Dentales de Catalu\u00f1a.","breadcrumb":{"@id":"https:\/\/www.proclinic.es\/blog\/participamos-en-el-congreso-dental-tecnic\/#breadcrumb"},"inLanguage":"es","potentialAction":[{"@type":"ReadAction","target":["https:\/\/www.proclinic.es\/blog\/participamos-en-el-congreso-dental-tecnic\/"]}]},{"@type":"ImageObject","inLanguage":"es","@id":"https:\/\/www.proclinic.es\/blog\/participamos-en-el-congreso-dental-tecnic\/#primaryimage","url":"https:\/\/www.proclinic.es\/blog\/wp-content\/uploads\/2016\/10\/IMG_20160930_112442b-scaled.jpg","contentUrl":"https:\/\/www.proclinic.es\/blog\/wp-content\/uploads\/2016\/10\/IMG_20160930_112442b-scaled.jpg","width":2560,"height":1440},{"@type":"BreadcrumbList","@id":"https:\/\/www.proclinic.es\/blog\/participamos-en-el-congreso-dental-tecnic\/#breadcrumb","itemListElement":[{"@type":"ListItem","position":1,"name":"Home","item":"https:\/\/www.proclinic.es\/blog\/"},{"@type":"ListItem","position":2,"name":"Participamos en el Congreso Dental T\u00e8cnic"}]},{"@type":"WebSite","@id":"https:\/\/www.proclinic.es\/blog\/#website","url":"https:\/\/www.proclinic.es\/blog\/","name":"Blog Proclinic","description":"\u00a1Bienvenido al blog de Proclinic! En este espacio, nos enfocamos en brindar informaci\u00f3n valiosa y actualizada para todos los profesionales del sector dental. Nuestra misi\u00f3n es mantenerte al d\u00eda de las \u00faltimas tendencias, investigaciones y t\u00e9cnicas en el campo de la odontolog\u00eda. Exploraremos temas que van desde las novedades en materiales odontol\u00f3gicos, consejos pr\u00e1cticos para la gesti\u00f3n de cl\u00ednicas dentales hasta casos cl\u00ednicos con base cient\u00edfica, eventos del sector y mucho m\u00e1s. Te invitamos a seguir nuestro contenido, dise\u00f1ado para mantener tu pr\u00e1ctica en la vanguardia de la odontolog\u00eda moderna.","potentialAction":[{"@type":"SearchAction","target":{"@type":"EntryPoint","urlTemplate":"https:\/\/www.proclinic.es\/blog\/?s={search_term_string}"},"query-input":{"@type":"PropertyValueSpecification","valueRequired":true,"valueName":"search_term_string"}}],"inLanguage":"es"},{"@type":"Person","@id":"https:\/\/www.proclinic.es\/blog\/#\/schema\/person\/85e304ea367ce3922003b0d8b388e527","name":"Anna","image":{"@type":"ImageObject","inLanguage":"es","@id":"https:\/\/secure.gravatar.com\/avatar\/b8b19455b6924f97d0afcdeb2791066e8c8af798468c71e0fe7e686c5d0b49f4?s=96&d=mm&r=g","url":"https:\/\/secure.gravatar.com\/avatar\/b8b19455b6924f97d0afcdeb2791066e8c8af798468c71e0fe7e686c5d0b49f4?s=96&d=mm&r=g","contentUrl":"https:\/\/secure.gravatar.com\/avatar\/b8b19455b6924f97d0afcdeb2791066e8c8af798468c71e0fe7e686c5d0b49f4?s=96&d=mm&r=g","caption":"Anna"},"description":"Community Manager","url":"https:\/\/www.proclinic.es\/blog\/author\/anna\/"}]}},"jetpack_featured_media_url":"https:\/\/www.proclinic.es\/blog\/wp-content\/uploads\/2016\/10\/IMG_20160930_112442b-scaled.jpg","_links":{"self":[{"href":"https:\/\/www.proclinic.es\/blog\/wp-json\/wp\/v2\/posts\/2981","targetHints":{"allow":["GET"]}}],"collection":[{"href":"https:\/\/www.proclinic.es\/blog\/wp-json\/wp\/v2\/posts"}],"about":[{"href":"https:\/\/www.proclinic.es\/blog\/wp-json\/wp\/v2\/types\/post"}],"author":[{"embeddable":true,"href":"https:\/\/www.proclinic.es\/blog\/wp-json\/wp\/v2\/users\/101011"}],"replies":[{"embeddable":true,"href":"https:\/\/www.proclinic.es\/blog\/wp-json\/wp\/v2\/comments?post=2981"}],"version-history":[{"count":3,"href":"https:\/\/www.proclinic.es\/blog\/wp-json\/wp\/v2\/posts\/2981\/revisions"}],"predecessor-version":[{"id":2985,"href":"https:\/\/www.proclinic.es\/blog\/wp-json\/wp\/v2\/posts\/2981\/revisions\/2985"}],"wp:featuredmedia":[{"embeddable":true,"href":"https:\/\/www.proclinic.es\/blog\/wp-json\/wp\/v2\/media\/2982"}],"wp:attachment":[{"href":"https:\/\/www.proclinic.es\/blog\/wp-json\/wp\/v2\/media?parent=2981"}],"wp:term":[{"taxonomy":"category","embeddable":true,"href":"https:\/\/www.proclinic.es\/blog\/wp-json\/wp\/v2\/categories?post=2981"},{"taxonomy":"post_tag","embeddable":true,"href":"https:\/\/www.proclinic.es\/blog\/wp-json\/wp\/v2\/tags?post=2981"}],"curies":[{"name":"wp","href":"https:\/\/api.w.org\/{rel}","templated":true}]}}