{"id":2855,"date":"2016-07-13T10:58:54","date_gmt":"2016-07-13T08:58:54","guid":{"rendered":"http:\/\/localhost\/blogProclinic\/web\/?p=2855"},"modified":"2016-07-13T11:00:40","modified_gmt":"2016-07-13T09:00:40","slug":"5-ejes-de-trabajo-simultaneos-para-el-laboratorio-fija-removible","status":"publish","type":"post","link":"https:\/\/www.proclinic.es\/blog\/5-ejes-de-trabajo-simultaneos-para-el-laboratorio-fija-removible\/","title":{"rendered":"5 Ejes de trabajo simult\u00e1neos para el Laboratorio Fija &#038; Removible"},"content":{"rendered":"<p><strong>Otro de nuestros clientes ha decidido instalar un sistema de Cad Cam en su laboratorio dental, se trata del Laboratorio Fija &amp; Removible S.L. de Fuenlabrada (Madrid).\u00a0<\/strong><!--more--><\/p>\n<p>&nbsp;<\/p>\n<p>El modelo elegido ha sido la\u00a0<strong>Fresadora K5 de VHF<\/strong>. Una fresadora con hasta <strong>5 ejes de trabajo simult\u00e1neos<\/strong> y con un mecanismo sofisticado de protecci\u00f3n con <strong>seguro de bloqueo frontal<\/strong>.<\/p>\n<p>&nbsp;<\/p>\n<p>Esta fresadora es <strong>altamente precisa y sincronizada<\/strong>, con una rotaci\u00f3n de hasta 35 grados, para bloques de cualquier material de hasta 40mm.\u00a0Est\u00e1 <strong>fabricada en acero macizo<\/strong>, con un cargador de 16 fresas y un pr\u00e1ctico caj\u00f3n inferior para almacenar accesorios (bloques o fresas).<\/p>\n<p>&nbsp;<\/p>\n<p>Nuestro cliente lo tiene claro:<\/p>\n<blockquote><p>La Fresadora K5 de VHF ha sido para nosotros la m\u00e1quina Cam m\u00e1s consistente del mercado en fresado y precisi\u00f3n. Tambi\u00e9n es la de menor tama\u00f1o de todas las marcas que hab\u00edamos visto en cuanto a sus dimensiones.<\/p><\/blockquote>\n<p>&nbsp;<\/p>\n<p>No esperes m\u00e1s para ahorrar en los procesos del laboratorio con la \u00faltima tecnolog\u00eda.\u00a0<a href=\"https:\/\/www.proclinic.es\/laboratorio\/cad-cam\/aparatos-cad-cam\/fresadora-vhf-cam-k5-5-ejes.html\" target=\"_blank\">Consulta nuestra oferta<\/a>.<\/p>\n<p>&nbsp;<\/p>\n<p>&nbsp;<\/p>\n<p>&nbsp;<\/p>\n<p>&nbsp;<\/p>\n<p>&nbsp;<\/p>\n<p>&nbsp;<\/p>\n<p>&nbsp;<\/p>\n","protected":false},"excerpt":{"rendered":"<p>Otro de nuestros clientes ha decidido instalar un sistema de Cad Cam en su laboratorio dental, se trata del Laboratorio Fija &amp; Removible S.L. de Fuenlabrada (Madrid).\u00a0<\/p>\n","protected":false},"author":101011,"featured_media":2856,"comment_status":"open","ping_status":"open","sticky":false,"template":"","format":"standard","meta":{"footnotes":""},"categories":[52],"tags":[],"class_list":["post-2855","post","type-post","status-publish","format-standard","has-post-thumbnail","hentry","category-laboratorio-dental"],"yoast_head":"<!-- This site is optimized with the Yoast SEO plugin v25.9 - https:\/\/yoast.com\/wordpress\/plugins\/seo\/ -->\n<title>5 Ejes de trabajo simult\u00e1neos - Blog Proclinic<\/title>\n<meta name=\"description\" content=\"Otro de nuestros clientes ha decidido instalar un sistema de Cad Cam en su laboratorio dental, se trata del Laboratorio Fija &amp; Removible S.L. de Fuenlabrada.\" \/>\n<meta name=\"robots\" content=\"index, follow, max-snippet:-1, max-image-preview:large, max-video-preview:-1\" \/>\n<link rel=\"canonical\" href=\"https:\/\/www.proclinic.es\/blog\/5-ejes-de-trabajo-simultaneos-para-el-laboratorio-fija-removible\/\" \/>\n<meta property=\"og:locale\" content=\"es_ES\" \/>\n<meta property=\"og:type\" content=\"article\" \/>\n<meta property=\"og:title\" content=\"5 Ejes de trabajo simult\u00e1neos - Blog Proclinic\" \/>\n<meta property=\"og:description\" content=\"Otro de nuestros clientes ha decidido instalar un sistema de Cad Cam en su laboratorio dental, se trata del Laboratorio Fija &amp; Removible S.L. de Fuenlabrada.\" \/>\n<meta property=\"og:url\" content=\"https:\/\/www.proclinic.es\/blog\/5-ejes-de-trabajo-simultaneos-para-el-laboratorio-fija-removible\/\" \/>\n<meta property=\"og:site_name\" content=\"Blog Proclinic\" \/>\n<meta property=\"article:publisher\" content=\"https:\/\/www.facebook.com\/proclinicsa\" \/>\n<meta property=\"article:published_time\" content=\"2016-07-13T08:58:54+00:00\" \/>\n<meta property=\"article:modified_time\" content=\"2016-07-13T09:00:40+00:00\" \/>\n<meta property=\"og:image\" content=\"https:\/\/www.proclinic.es\/blog\/wp-content\/uploads\/2016\/07\/IMG_0277b-scaled.jpg\" \/>\n\t<meta property=\"og:image:width\" content=\"2560\" \/>\n\t<meta property=\"og:image:height\" content=\"1912\" \/>\n\t<meta property=\"og:image:type\" content=\"image\/jpeg\" \/>\n<meta name=\"author\" content=\"Anna\" \/>\n<meta name=\"twitter:card\" content=\"summary_large_image\" \/>\n<meta name=\"twitter:creator\" content=\"@Proclinic_SA\" \/>\n<meta name=\"twitter:site\" content=\"@Proclinic_SA\" \/>\n<meta name=\"twitter:label1\" content=\"Escrito por\" \/>\n\t<meta name=\"twitter:data1\" content=\"Anna\" \/>\n\t<meta name=\"twitter:label2\" content=\"Tiempo de lectura\" \/>\n\t<meta name=\"twitter:data2\" content=\"1 minuto\" \/>\n<script type=\"application\/ld+json\" class=\"yoast-schema-graph\">{\"@context\":\"https:\/\/schema.org\",\"@graph\":[{\"@type\":\"WebPage\",\"@id\":\"https:\/\/www.proclinic.es\/blog\/5-ejes-de-trabajo-simultaneos-para-el-laboratorio-fija-removible\/\",\"url\":\"https:\/\/www.proclinic.es\/blog\/5-ejes-de-trabajo-simultaneos-para-el-laboratorio-fija-removible\/\",\"name\":\"5 Ejes de trabajo simult\u00e1neos - Blog Proclinic\",\"isPartOf\":{\"@id\":\"https:\/\/www.proclinic.es\/blog\/#website\"},\"primaryImageOfPage\":{\"@id\":\"https:\/\/www.proclinic.es\/blog\/5-ejes-de-trabajo-simultaneos-para-el-laboratorio-fija-removible\/#primaryimage\"},\"image\":{\"@id\":\"https:\/\/www.proclinic.es\/blog\/5-ejes-de-trabajo-simultaneos-para-el-laboratorio-fija-removible\/#primaryimage\"},\"thumbnailUrl\":\"https:\/\/www.proclinic.es\/blog\/wp-content\/uploads\/2016\/07\/IMG_0277b-scaled.jpg\",\"datePublished\":\"2016-07-13T08:58:54+00:00\",\"dateModified\":\"2016-07-13T09:00:40+00:00\",\"author\":{\"@id\":\"https:\/\/www.proclinic.es\/blog\/#\/schema\/person\/85e304ea367ce3922003b0d8b388e527\"},\"description\":\"Otro de nuestros clientes ha decidido instalar un sistema de Cad Cam en su laboratorio dental, se trata del Laboratorio Fija & Removible S.L. de Fuenlabrada.\",\"breadcrumb\":{\"@id\":\"https:\/\/www.proclinic.es\/blog\/5-ejes-de-trabajo-simultaneos-para-el-laboratorio-fija-removible\/#breadcrumb\"},\"inLanguage\":\"es\",\"potentialAction\":[{\"@type\":\"ReadAction\",\"target\":[\"https:\/\/www.proclinic.es\/blog\/5-ejes-de-trabajo-simultaneos-para-el-laboratorio-fija-removible\/\"]}]},{\"@type\":\"ImageObject\",\"inLanguage\":\"es\",\"@id\":\"https:\/\/www.proclinic.es\/blog\/5-ejes-de-trabajo-simultaneos-para-el-laboratorio-fija-removible\/#primaryimage\",\"url\":\"https:\/\/www.proclinic.es\/blog\/wp-content\/uploads\/2016\/07\/IMG_0277b-scaled.jpg\",\"contentUrl\":\"https:\/\/www.proclinic.es\/blog\/wp-content\/uploads\/2016\/07\/IMG_0277b-scaled.jpg\",\"width\":2560,\"height\":1912},{\"@type\":\"BreadcrumbList\",\"@id\":\"https:\/\/www.proclinic.es\/blog\/5-ejes-de-trabajo-simultaneos-para-el-laboratorio-fija-removible\/#breadcrumb\",\"itemListElement\":[{\"@type\":\"ListItem\",\"position\":1,\"name\":\"Home\",\"item\":\"https:\/\/www.proclinic.es\/blog\/\"},{\"@type\":\"ListItem\",\"position\":2,\"name\":\"5 Ejes de trabajo simult\u00e1neos para el Laboratorio Fija &#038; Removible\"}]},{\"@type\":\"WebSite\",\"@id\":\"https:\/\/www.proclinic.es\/blog\/#website\",\"url\":\"https:\/\/www.proclinic.es\/blog\/\",\"name\":\"Blog Proclinic\",\"description\":\"\u00a1Bienvenido al blog de Proclinic! En este espacio, nos enfocamos en brindar informaci\u00f3n valiosa y actualizada para todos los profesionales del sector dental. Nuestra misi\u00f3n es mantenerte al d\u00eda de las \u00faltimas tendencias, investigaciones y t\u00e9cnicas en el campo de la odontolog\u00eda. Exploraremos temas que van desde las novedades en materiales odontol\u00f3gicos, consejos pr\u00e1cticos para la gesti\u00f3n de cl\u00ednicas dentales hasta casos cl\u00ednicos con base cient\u00edfica, eventos del sector y mucho m\u00e1s. Te invitamos a seguir nuestro contenido, dise\u00f1ado para mantener tu pr\u00e1ctica en la vanguardia de la odontolog\u00eda moderna.\",\"potentialAction\":[{\"@type\":\"SearchAction\",\"target\":{\"@type\":\"EntryPoint\",\"urlTemplate\":\"https:\/\/www.proclinic.es\/blog\/?s={search_term_string}\"},\"query-input\":{\"@type\":\"PropertyValueSpecification\",\"valueRequired\":true,\"valueName\":\"search_term_string\"}}],\"inLanguage\":\"es\"},{\"@type\":\"Person\",\"@id\":\"https:\/\/www.proclinic.es\/blog\/#\/schema\/person\/85e304ea367ce3922003b0d8b388e527\",\"name\":\"Anna\",\"image\":{\"@type\":\"ImageObject\",\"inLanguage\":\"es\",\"@id\":\"https:\/\/www.proclinic.es\/blog\/#\/schema\/person\/image\/\",\"url\":\"https:\/\/secure.gravatar.com\/avatar\/b8b19455b6924f97d0afcdeb2791066e8c8af798468c71e0fe7e686c5d0b49f4?s=96&d=mm&r=g\",\"contentUrl\":\"https:\/\/secure.gravatar.com\/avatar\/b8b19455b6924f97d0afcdeb2791066e8c8af798468c71e0fe7e686c5d0b49f4?s=96&d=mm&r=g\",\"caption\":\"Anna\"},\"description\":\"Community Manager\",\"url\":\"https:\/\/www.proclinic.es\/blog\/author\/anna\/\"}]}<\/script>\n<!-- \/ Yoast SEO plugin. -->","yoast_head_json":{"title":"5 Ejes de trabajo simult\u00e1neos - Blog Proclinic","description":"Otro de nuestros clientes ha decidido instalar un sistema de Cad Cam en su laboratorio dental, se trata del Laboratorio Fija & Removible S.L. de Fuenlabrada.","robots":{"index":"index","follow":"follow","max-snippet":"max-snippet:-1","max-image-preview":"max-image-preview:large","max-video-preview":"max-video-preview:-1"},"canonical":"https:\/\/www.proclinic.es\/blog\/5-ejes-de-trabajo-simultaneos-para-el-laboratorio-fija-removible\/","og_locale":"es_ES","og_type":"article","og_title":"5 Ejes de trabajo simult\u00e1neos - Blog Proclinic","og_description":"Otro de nuestros clientes ha decidido instalar un sistema de Cad Cam en su laboratorio dental, se trata del Laboratorio Fija & Removible S.L. de Fuenlabrada.","og_url":"https:\/\/www.proclinic.es\/blog\/5-ejes-de-trabajo-simultaneos-para-el-laboratorio-fija-removible\/","og_site_name":"Blog Proclinic","article_publisher":"https:\/\/www.facebook.com\/proclinicsa","article_published_time":"2016-07-13T08:58:54+00:00","article_modified_time":"2016-07-13T09:00:40+00:00","og_image":[{"width":2560,"height":1912,"url":"https:\/\/www.proclinic.es\/blog\/wp-content\/uploads\/2016\/07\/IMG_0277b-scaled.jpg","type":"image\/jpeg"}],"author":"Anna","twitter_card":"summary_large_image","twitter_creator":"@Proclinic_SA","twitter_site":"@Proclinic_SA","twitter_misc":{"Escrito por":"Anna","Tiempo de lectura":"1 minuto"},"schema":{"@context":"https:\/\/schema.org","@graph":[{"@type":"WebPage","@id":"https:\/\/www.proclinic.es\/blog\/5-ejes-de-trabajo-simultaneos-para-el-laboratorio-fija-removible\/","url":"https:\/\/www.proclinic.es\/blog\/5-ejes-de-trabajo-simultaneos-para-el-laboratorio-fija-removible\/","name":"5 Ejes de trabajo simult\u00e1neos - Blog Proclinic","isPartOf":{"@id":"https:\/\/www.proclinic.es\/blog\/#website"},"primaryImageOfPage":{"@id":"https:\/\/www.proclinic.es\/blog\/5-ejes-de-trabajo-simultaneos-para-el-laboratorio-fija-removible\/#primaryimage"},"image":{"@id":"https:\/\/www.proclinic.es\/blog\/5-ejes-de-trabajo-simultaneos-para-el-laboratorio-fija-removible\/#primaryimage"},"thumbnailUrl":"https:\/\/www.proclinic.es\/blog\/wp-content\/uploads\/2016\/07\/IMG_0277b-scaled.jpg","datePublished":"2016-07-13T08:58:54+00:00","dateModified":"2016-07-13T09:00:40+00:00","author":{"@id":"https:\/\/www.proclinic.es\/blog\/#\/schema\/person\/85e304ea367ce3922003b0d8b388e527"},"description":"Otro de nuestros clientes ha decidido instalar un sistema de Cad Cam en su laboratorio dental, se trata del Laboratorio Fija & Removible S.L. de Fuenlabrada.","breadcrumb":{"@id":"https:\/\/www.proclinic.es\/blog\/5-ejes-de-trabajo-simultaneos-para-el-laboratorio-fija-removible\/#breadcrumb"},"inLanguage":"es","potentialAction":[{"@type":"ReadAction","target":["https:\/\/www.proclinic.es\/blog\/5-ejes-de-trabajo-simultaneos-para-el-laboratorio-fija-removible\/"]}]},{"@type":"ImageObject","inLanguage":"es","@id":"https:\/\/www.proclinic.es\/blog\/5-ejes-de-trabajo-simultaneos-para-el-laboratorio-fija-removible\/#primaryimage","url":"https:\/\/www.proclinic.es\/blog\/wp-content\/uploads\/2016\/07\/IMG_0277b-scaled.jpg","contentUrl":"https:\/\/www.proclinic.es\/blog\/wp-content\/uploads\/2016\/07\/IMG_0277b-scaled.jpg","width":2560,"height":1912},{"@type":"BreadcrumbList","@id":"https:\/\/www.proclinic.es\/blog\/5-ejes-de-trabajo-simultaneos-para-el-laboratorio-fija-removible\/#breadcrumb","itemListElement":[{"@type":"ListItem","position":1,"name":"Home","item":"https:\/\/www.proclinic.es\/blog\/"},{"@type":"ListItem","position":2,"name":"5 Ejes de trabajo simult\u00e1neos para el Laboratorio Fija &#038; Removible"}]},{"@type":"WebSite","@id":"https:\/\/www.proclinic.es\/blog\/#website","url":"https:\/\/www.proclinic.es\/blog\/","name":"Blog Proclinic","description":"\u00a1Bienvenido al blog de Proclinic! En este espacio, nos enfocamos en brindar informaci\u00f3n valiosa y actualizada para todos los profesionales del sector dental. Nuestra misi\u00f3n es mantenerte al d\u00eda de las \u00faltimas tendencias, investigaciones y t\u00e9cnicas en el campo de la odontolog\u00eda. Exploraremos temas que van desde las novedades en materiales odontol\u00f3gicos, consejos pr\u00e1cticos para la gesti\u00f3n de cl\u00ednicas dentales hasta casos cl\u00ednicos con base cient\u00edfica, eventos del sector y mucho m\u00e1s. Te invitamos a seguir nuestro contenido, dise\u00f1ado para mantener tu pr\u00e1ctica en la vanguardia de la odontolog\u00eda moderna.","potentialAction":[{"@type":"SearchAction","target":{"@type":"EntryPoint","urlTemplate":"https:\/\/www.proclinic.es\/blog\/?s={search_term_string}"},"query-input":{"@type":"PropertyValueSpecification","valueRequired":true,"valueName":"search_term_string"}}],"inLanguage":"es"},{"@type":"Person","@id":"https:\/\/www.proclinic.es\/blog\/#\/schema\/person\/85e304ea367ce3922003b0d8b388e527","name":"Anna","image":{"@type":"ImageObject","inLanguage":"es","@id":"https:\/\/www.proclinic.es\/blog\/#\/schema\/person\/image\/","url":"https:\/\/secure.gravatar.com\/avatar\/b8b19455b6924f97d0afcdeb2791066e8c8af798468c71e0fe7e686c5d0b49f4?s=96&d=mm&r=g","contentUrl":"https:\/\/secure.gravatar.com\/avatar\/b8b19455b6924f97d0afcdeb2791066e8c8af798468c71e0fe7e686c5d0b49f4?s=96&d=mm&r=g","caption":"Anna"},"description":"Community Manager","url":"https:\/\/www.proclinic.es\/blog\/author\/anna\/"}]}},"jetpack_featured_media_url":"https:\/\/www.proclinic.es\/blog\/wp-content\/uploads\/2016\/07\/IMG_0277b-scaled.jpg","_links":{"self":[{"href":"https:\/\/www.proclinic.es\/blog\/wp-json\/wp\/v2\/posts\/2855","targetHints":{"allow":["GET"]}}],"collection":[{"href":"https:\/\/www.proclinic.es\/blog\/wp-json\/wp\/v2\/posts"}],"about":[{"href":"https:\/\/www.proclinic.es\/blog\/wp-json\/wp\/v2\/types\/post"}],"author":[{"embeddable":true,"href":"https:\/\/www.proclinic.es\/blog\/wp-json\/wp\/v2\/users\/101011"}],"replies":[{"embeddable":true,"href":"https:\/\/www.proclinic.es\/blog\/wp-json\/wp\/v2\/comments?post=2855"}],"version-history":[{"count":5,"href":"https:\/\/www.proclinic.es\/blog\/wp-json\/wp\/v2\/posts\/2855\/revisions"}],"predecessor-version":[{"id":2861,"href":"https:\/\/www.proclinic.es\/blog\/wp-json\/wp\/v2\/posts\/2855\/revisions\/2861"}],"wp:featuredmedia":[{"embeddable":true,"href":"https:\/\/www.proclinic.es\/blog\/wp-json\/wp\/v2\/media\/2856"}],"wp:attachment":[{"href":"https:\/\/www.proclinic.es\/blog\/wp-json\/wp\/v2\/media?parent=2855"}],"wp:term":[{"taxonomy":"category","embeddable":true,"href":"https:\/\/www.proclinic.es\/blog\/wp-json\/wp\/v2\/categories?post=2855"},{"taxonomy":"post_tag","embeddable":true,"href":"https:\/\/www.proclinic.es\/blog\/wp-json\/wp\/v2\/tags?post=2855"}],"curies":[{"name":"wp","href":"https:\/\/api.w.org\/{rel}","templated":true}]}}