{"id":2745,"date":"2016-04-14T16:11:02","date_gmt":"2016-04-14T14:11:02","guid":{"rendered":"http:\/\/localhost\/blogProclinic\/web\/?p=2745"},"modified":"2018-05-25T12:03:59","modified_gmt":"2018-05-25T10:03:59","slug":"lanzamos-la-8a-edicion-de-la-beca-proclinic","status":"publish","type":"post","link":"https:\/\/www.proclinic.es\/blog\/lanzamos-la-8a-edicion-de-la-beca-proclinic\/","title":{"rendered":"Lanzamos la 8\u00aa Edici\u00f3n de la Beca Proclinic"},"content":{"rendered":"<p><strong>Este a\u00f1o celebramos la 8\u00aa Edici\u00f3n de nuestro Programa de Becas. Este innovador programa, forma parte de la pol\u00edtica de acciones de RSC que desarrolla nuestra compa\u00f1\u00eda.\u00a0<\/strong><!--more--><\/p>\n<p>&nbsp;<\/p>\n<p>Las Becas Proclinic tienen una dotaci\u00f3n econ\u00f3mica de <strong>20.000\u20ac y 15.000\u20ac<\/strong>.<\/p>\n<p>A lo largo de estas cinco ediciones, <strong>13 odont\u00f3logos reci\u00e9n licenciados han obtenido y disfrutado las Becas Proclinic<\/strong>. El jurado de las distintas ediciones, formado por Directores de Odontolog\u00eda y Decanos de las universidades espa\u00f1olas, ha distinguido sus candidaturas con estos galardones.<\/p>\n<p>Mar\u00eda Valiente, Mar\u00eda Galv\u00e1n, Mar\u00eda M\u00ednguez, Esther Gonz\u00e1lez, Mar\u00eda Garc\u00eda, Paula Vaquero, Ana Molina, Javier Sanz, Alfonso Gil, Lourdes Rom\u00e1n, Rodrigo Mart\u00edn, Pedro Diz y Nagore Ambrosio han sido los odont\u00f3logos galardonados con las becas Proclinic a lo largo de estas seis ediciones.<\/p>\n<h3 style=\"text-align: center;\">\u00a1Este a\u00f1o puedes ser T\u00fa!<br \/>\n\u201cAbre las puertas de tu futuro\u201c<br \/>\nBecas Proclinic, siempre a tu lado<\/h3>\n<p>Ellos ya <strong>han hecho realidad su sue\u00f1o, han cursado diferentes Programas de Formaci\u00f3n de Postgrado en Universidades de todo el mundo<\/strong>: \u00c1msterdam, California, Madrid, Estrasburgo, Sevilla, Barcelona&#8230;<\/p>\n<p>&nbsp;<\/p>\n<p style=\"text-align: center;\"><img loading=\"lazy\" decoding=\"async\" class=\" wp-image-2747 aligncenter\" src=\"https:\/\/www.proclinic.es\/blog\/wp-content\/uploads\/2016\/04\/opiniones.jpg\" alt=\"Ganadores Beca Proclinic\" width=\"735\" height=\"326\" srcset=\"https:\/\/www.proclinic.es\/blog\/wp-content\/uploads\/2016\/04\/opiniones.jpg 1021w, https:\/\/www.proclinic.es\/blog\/wp-content\/uploads\/2016\/04\/opiniones-300x133.jpg 300w, https:\/\/www.proclinic.es\/blog\/wp-content\/uploads\/2016\/04\/opiniones-768x340.jpg 768w, https:\/\/www.proclinic.es\/blog\/wp-content\/uploads\/2016\/04\/opiniones-800x354.jpg 800w\" sizes=\"auto, (max-width: 735px) 100vw, 735px\" \/><\/p>\n<p>Adem\u00e1s, han obtenido <strong>el reconocimiento de la Conferencia de Decanos de Odontolog\u00eda<\/strong> a trav\u00e9s de la decisi\u00f3n de sus responsables, miembros del jurado.<\/p>\n<p>&nbsp;<\/p>\n<p>Somos conscientes del valor de tu tiempo, formalizar la candidatura supone un tr\u00e1mite muy sencillo y tienes mucho que ganar.\u00a0S\u00f3lo <strong>tienes que<\/strong> <strong>enviarnos tu propuesta antes del 30 de diciembre de 2016.<\/strong><br \/>\nConsulta las bases en:\u00a0<a title=\"Beca Proclinic\" href=\"http:\/\/beca.proclinic.es\/\" target=\"_blank\" rel=\"noopener\">http:\/\/beca.proclinic.es\/<\/a><\/p>\n<p>&nbsp;<\/p>\n<p><a href=\"https:\/\/www.proclinic.es\/blog\/presenta-tu-candidatura-a-la-10a-edicion-de-la-beca-proclinic-2018\/\"><strong>Ya puedes presentar tu candidatura a la 10ma edici\u00f3n de la Beca Proclinic 2018<\/strong><\/a><\/p>\n<p>&nbsp;<\/p>\n<p>&nbsp;<\/p>\n<p>&nbsp;<\/p>\n<p>&nbsp;<\/p>\n<p>&nbsp;<\/p>\n<p>&nbsp;<\/p>\n","protected":false},"excerpt":{"rendered":"<p>Este a\u00f1o celebramos la 8\u00aa Edici\u00f3n de nuestro Programa de Becas. Este innovador programa, forma parte de la pol\u00edtica de acciones de RSC que desarrolla nuestra compa\u00f1\u00eda.\u00a0<\/p>\n","protected":false},"author":101011,"featured_media":2746,"comment_status":"open","ping_status":"open","sticky":false,"template":"","format":"standard","meta":{"footnotes":""},"categories":[41],"tags":[],"class_list":["post-2745","post","type-post","status-publish","format-standard","has-post-thumbnail","hentry","category-corporativo"],"yoast_head":"<!-- This site is optimized with the Yoast SEO plugin v27.4 - https:\/\/yoast.com\/product\/yoast-seo-wordpress\/ -->\n<title>Lanzamos la 8\u00aa Edici\u00f3n de la Beca Proclinic - Blog Proclinic<\/title>\n<meta name=\"description\" content=\"Este a\u00f1o celebramos la 8\u00aa Edici\u00f3n de nuestro Programa de Becas. Este innovador programa, forma parte de la pol\u00edtica de acciones de RSC que desarrolla nuestra compa\u00f1\u00eda.\" \/>\n<meta name=\"robots\" content=\"index, follow, max-snippet:-1, max-image-preview:large, max-video-preview:-1\" \/>\n<link rel=\"canonical\" href=\"https:\/\/www.proclinic.es\/blog\/lanzamos-la-8a-edicion-de-la-beca-proclinic\/\" \/>\n<meta property=\"og:locale\" content=\"es_ES\" \/>\n<meta property=\"og:type\" content=\"article\" \/>\n<meta property=\"og:title\" content=\"Lanzamos la 8\u00aa Edici\u00f3n de la Beca Proclinic - Blog Proclinic\" \/>\n<meta property=\"og:description\" content=\"Este a\u00f1o celebramos la 8\u00aa Edici\u00f3n de nuestro Programa de Becas. Este innovador programa, forma parte de la pol\u00edtica de acciones de RSC que desarrolla nuestra compa\u00f1\u00eda.\" \/>\n<meta property=\"og:url\" content=\"https:\/\/www.proclinic.es\/blog\/lanzamos-la-8a-edicion-de-la-beca-proclinic\/\" \/>\n<meta property=\"og:site_name\" content=\"Blog Proclinic\" \/>\n<meta property=\"article:publisher\" content=\"https:\/\/www.facebook.com\/proclinicsa\" \/>\n<meta property=\"article:published_time\" content=\"2016-04-14T14:11:02+00:00\" \/>\n<meta property=\"article:modified_time\" content=\"2018-05-25T10:03:59+00:00\" \/>\n<meta property=\"og:image\" content=\"https:\/\/www.proclinic.es\/blog\/wp-content\/uploads\/2016\/04\/blog1.jpg\" \/>\n\t<meta property=\"og:image:width\" content=\"700\" \/>\n\t<meta property=\"og:image:height\" content=\"460\" \/>\n\t<meta property=\"og:image:type\" content=\"image\/jpeg\" \/>\n<meta name=\"author\" content=\"Anna\" \/>\n<meta name=\"twitter:card\" content=\"summary_large_image\" \/>\n<meta name=\"twitter:creator\" content=\"@Proclinic_SA\" \/>\n<meta name=\"twitter:site\" content=\"@Proclinic_SA\" \/>\n<meta name=\"twitter:label1\" content=\"Escrito por\" \/>\n\t<meta name=\"twitter:data1\" content=\"Anna\" \/>\n\t<meta name=\"twitter:label2\" content=\"Tiempo de lectura\" \/>\n\t<meta name=\"twitter:data2\" content=\"1 minuto\" \/>\n<script type=\"application\/ld+json\" class=\"yoast-schema-graph\">{\"@context\":\"https:\\\/\\\/schema.org\",\"@graph\":[{\"@type\":\"Article\",\"@id\":\"https:\\\/\\\/www.proclinic.es\\\/blog\\\/lanzamos-la-8a-edicion-de-la-beca-proclinic\\\/#article\",\"isPartOf\":{\"@id\":\"https:\\\/\\\/www.proclinic.es\\\/blog\\\/lanzamos-la-8a-edicion-de-la-beca-proclinic\\\/\"},\"author\":{\"name\":\"Anna\",\"@id\":\"https:\\\/\\\/www.proclinic.es\\\/blog\\\/#\\\/schema\\\/person\\\/85e304ea367ce3922003b0d8b388e527\"},\"headline\":\"Lanzamos la 8\u00aa Edici\u00f3n de la Beca Proclinic\",\"datePublished\":\"2016-04-14T14:11:02+00:00\",\"dateModified\":\"2018-05-25T10:03:59+00:00\",\"mainEntityOfPage\":{\"@id\":\"https:\\\/\\\/www.proclinic.es\\\/blog\\\/lanzamos-la-8a-edicion-de-la-beca-proclinic\\\/\"},\"wordCount\":287,\"commentCount\":2,\"image\":{\"@id\":\"https:\\\/\\\/www.proclinic.es\\\/blog\\\/lanzamos-la-8a-edicion-de-la-beca-proclinic\\\/#primaryimage\"},\"thumbnailUrl\":\"https:\\\/\\\/www.proclinic.es\\\/blog\\\/wp-content\\\/uploads\\\/2016\\\/04\\\/blog1.jpg\",\"articleSection\":[\"Corporativo\"],\"inLanguage\":\"es\",\"potentialAction\":[{\"@type\":\"CommentAction\",\"name\":\"Comment\",\"target\":[\"https:\\\/\\\/www.proclinic.es\\\/blog\\\/lanzamos-la-8a-edicion-de-la-beca-proclinic\\\/#respond\"]}]},{\"@type\":\"WebPage\",\"@id\":\"https:\\\/\\\/www.proclinic.es\\\/blog\\\/lanzamos-la-8a-edicion-de-la-beca-proclinic\\\/\",\"url\":\"https:\\\/\\\/www.proclinic.es\\\/blog\\\/lanzamos-la-8a-edicion-de-la-beca-proclinic\\\/\",\"name\":\"Lanzamos la 8\u00aa Edici\u00f3n de la Beca Proclinic - Blog Proclinic\",\"isPartOf\":{\"@id\":\"https:\\\/\\\/www.proclinic.es\\\/blog\\\/#website\"},\"primaryImageOfPage\":{\"@id\":\"https:\\\/\\\/www.proclinic.es\\\/blog\\\/lanzamos-la-8a-edicion-de-la-beca-proclinic\\\/#primaryimage\"},\"image\":{\"@id\":\"https:\\\/\\\/www.proclinic.es\\\/blog\\\/lanzamos-la-8a-edicion-de-la-beca-proclinic\\\/#primaryimage\"},\"thumbnailUrl\":\"https:\\\/\\\/www.proclinic.es\\\/blog\\\/wp-content\\\/uploads\\\/2016\\\/04\\\/blog1.jpg\",\"datePublished\":\"2016-04-14T14:11:02+00:00\",\"dateModified\":\"2018-05-25T10:03:59+00:00\",\"author\":{\"@id\":\"https:\\\/\\\/www.proclinic.es\\\/blog\\\/#\\\/schema\\\/person\\\/85e304ea367ce3922003b0d8b388e527\"},\"description\":\"Este a\u00f1o celebramos la 8\u00aa Edici\u00f3n de nuestro Programa de Becas. Este innovador programa, forma parte de la pol\u00edtica de acciones de RSC que desarrolla nuestra compa\u00f1\u00eda.\",\"breadcrumb\":{\"@id\":\"https:\\\/\\\/www.proclinic.es\\\/blog\\\/lanzamos-la-8a-edicion-de-la-beca-proclinic\\\/#breadcrumb\"},\"inLanguage\":\"es\",\"potentialAction\":[{\"@type\":\"ReadAction\",\"target\":[\"https:\\\/\\\/www.proclinic.es\\\/blog\\\/lanzamos-la-8a-edicion-de-la-beca-proclinic\\\/\"]}]},{\"@type\":\"ImageObject\",\"inLanguage\":\"es\",\"@id\":\"https:\\\/\\\/www.proclinic.es\\\/blog\\\/lanzamos-la-8a-edicion-de-la-beca-proclinic\\\/#primaryimage\",\"url\":\"https:\\\/\\\/www.proclinic.es\\\/blog\\\/wp-content\\\/uploads\\\/2016\\\/04\\\/blog1.jpg\",\"contentUrl\":\"https:\\\/\\\/www.proclinic.es\\\/blog\\\/wp-content\\\/uploads\\\/2016\\\/04\\\/blog1.jpg\",\"width\":700,\"height\":460},{\"@type\":\"BreadcrumbList\",\"@id\":\"https:\\\/\\\/www.proclinic.es\\\/blog\\\/lanzamos-la-8a-edicion-de-la-beca-proclinic\\\/#breadcrumb\",\"itemListElement\":[{\"@type\":\"ListItem\",\"position\":1,\"name\":\"Home\",\"item\":\"https:\\\/\\\/www.proclinic.es\\\/blog\\\/\"},{\"@type\":\"ListItem\",\"position\":2,\"name\":\"Lanzamos la 8\u00aa Edici\u00f3n de la Beca Proclinic\"}]},{\"@type\":\"WebSite\",\"@id\":\"https:\\\/\\\/www.proclinic.es\\\/blog\\\/#website\",\"url\":\"https:\\\/\\\/www.proclinic.es\\\/blog\\\/\",\"name\":\"Blog Proclinic\",\"description\":\"\u00a1Bienvenido al blog de Proclinic! En este espacio, nos enfocamos en brindar informaci\u00f3n valiosa y actualizada para todos los profesionales del sector dental. Nuestra misi\u00f3n es mantenerte al d\u00eda de las \u00faltimas tendencias, investigaciones y t\u00e9cnicas en el campo de la odontolog\u00eda. Exploraremos temas que van desde las novedades en materiales odontol\u00f3gicos, consejos pr\u00e1cticos para la gesti\u00f3n de cl\u00ednicas dentales hasta casos cl\u00ednicos con base cient\u00edfica, eventos del sector y mucho m\u00e1s. Te invitamos a seguir nuestro contenido, dise\u00f1ado para mantener tu pr\u00e1ctica en la vanguardia de la odontolog\u00eda moderna.\",\"potentialAction\":[{\"@type\":\"SearchAction\",\"target\":{\"@type\":\"EntryPoint\",\"urlTemplate\":\"https:\\\/\\\/www.proclinic.es\\\/blog\\\/?s={search_term_string}\"},\"query-input\":{\"@type\":\"PropertyValueSpecification\",\"valueRequired\":true,\"valueName\":\"search_term_string\"}}],\"inLanguage\":\"es\"},{\"@type\":\"Person\",\"@id\":\"https:\\\/\\\/www.proclinic.es\\\/blog\\\/#\\\/schema\\\/person\\\/85e304ea367ce3922003b0d8b388e527\",\"name\":\"Anna\",\"image\":{\"@type\":\"ImageObject\",\"inLanguage\":\"es\",\"@id\":\"https:\\\/\\\/secure.gravatar.com\\\/avatar\\\/b8b19455b6924f97d0afcdeb2791066e8c8af798468c71e0fe7e686c5d0b49f4?s=96&d=mm&r=g\",\"url\":\"https:\\\/\\\/secure.gravatar.com\\\/avatar\\\/b8b19455b6924f97d0afcdeb2791066e8c8af798468c71e0fe7e686c5d0b49f4?s=96&d=mm&r=g\",\"contentUrl\":\"https:\\\/\\\/secure.gravatar.com\\\/avatar\\\/b8b19455b6924f97d0afcdeb2791066e8c8af798468c71e0fe7e686c5d0b49f4?s=96&d=mm&r=g\",\"caption\":\"Anna\"},\"description\":\"Community Manager\",\"url\":\"https:\\\/\\\/www.proclinic.es\\\/blog\\\/author\\\/anna\\\/\"}]}<\/script>\n<!-- \/ Yoast SEO plugin. -->","yoast_head_json":{"title":"Lanzamos la 8\u00aa Edici\u00f3n de la Beca Proclinic - Blog Proclinic","description":"Este a\u00f1o celebramos la 8\u00aa Edici\u00f3n de nuestro Programa de Becas. Este innovador programa, forma parte de la pol\u00edtica de acciones de RSC que desarrolla nuestra compa\u00f1\u00eda.","robots":{"index":"index","follow":"follow","max-snippet":"max-snippet:-1","max-image-preview":"max-image-preview:large","max-video-preview":"max-video-preview:-1"},"canonical":"https:\/\/www.proclinic.es\/blog\/lanzamos-la-8a-edicion-de-la-beca-proclinic\/","og_locale":"es_ES","og_type":"article","og_title":"Lanzamos la 8\u00aa Edici\u00f3n de la Beca Proclinic - Blog Proclinic","og_description":"Este a\u00f1o celebramos la 8\u00aa Edici\u00f3n de nuestro Programa de Becas. Este innovador programa, forma parte de la pol\u00edtica de acciones de RSC que desarrolla nuestra compa\u00f1\u00eda.","og_url":"https:\/\/www.proclinic.es\/blog\/lanzamos-la-8a-edicion-de-la-beca-proclinic\/","og_site_name":"Blog Proclinic","article_publisher":"https:\/\/www.facebook.com\/proclinicsa","article_published_time":"2016-04-14T14:11:02+00:00","article_modified_time":"2018-05-25T10:03:59+00:00","og_image":[{"width":700,"height":460,"url":"https:\/\/www.proclinic.es\/blog\/wp-content\/uploads\/2016\/04\/blog1.jpg","type":"image\/jpeg"}],"author":"Anna","twitter_card":"summary_large_image","twitter_creator":"@Proclinic_SA","twitter_site":"@Proclinic_SA","twitter_misc":{"Escrito por":"Anna","Tiempo de lectura":"1 minuto"},"schema":{"@context":"https:\/\/schema.org","@graph":[{"@type":"Article","@id":"https:\/\/www.proclinic.es\/blog\/lanzamos-la-8a-edicion-de-la-beca-proclinic\/#article","isPartOf":{"@id":"https:\/\/www.proclinic.es\/blog\/lanzamos-la-8a-edicion-de-la-beca-proclinic\/"},"author":{"name":"Anna","@id":"https:\/\/www.proclinic.es\/blog\/#\/schema\/person\/85e304ea367ce3922003b0d8b388e527"},"headline":"Lanzamos la 8\u00aa Edici\u00f3n de la Beca Proclinic","datePublished":"2016-04-14T14:11:02+00:00","dateModified":"2018-05-25T10:03:59+00:00","mainEntityOfPage":{"@id":"https:\/\/www.proclinic.es\/blog\/lanzamos-la-8a-edicion-de-la-beca-proclinic\/"},"wordCount":287,"commentCount":2,"image":{"@id":"https:\/\/www.proclinic.es\/blog\/lanzamos-la-8a-edicion-de-la-beca-proclinic\/#primaryimage"},"thumbnailUrl":"https:\/\/www.proclinic.es\/blog\/wp-content\/uploads\/2016\/04\/blog1.jpg","articleSection":["Corporativo"],"inLanguage":"es","potentialAction":[{"@type":"CommentAction","name":"Comment","target":["https:\/\/www.proclinic.es\/blog\/lanzamos-la-8a-edicion-de-la-beca-proclinic\/#respond"]}]},{"@type":"WebPage","@id":"https:\/\/www.proclinic.es\/blog\/lanzamos-la-8a-edicion-de-la-beca-proclinic\/","url":"https:\/\/www.proclinic.es\/blog\/lanzamos-la-8a-edicion-de-la-beca-proclinic\/","name":"Lanzamos la 8\u00aa Edici\u00f3n de la Beca Proclinic - Blog Proclinic","isPartOf":{"@id":"https:\/\/www.proclinic.es\/blog\/#website"},"primaryImageOfPage":{"@id":"https:\/\/www.proclinic.es\/blog\/lanzamos-la-8a-edicion-de-la-beca-proclinic\/#primaryimage"},"image":{"@id":"https:\/\/www.proclinic.es\/blog\/lanzamos-la-8a-edicion-de-la-beca-proclinic\/#primaryimage"},"thumbnailUrl":"https:\/\/www.proclinic.es\/blog\/wp-content\/uploads\/2016\/04\/blog1.jpg","datePublished":"2016-04-14T14:11:02+00:00","dateModified":"2018-05-25T10:03:59+00:00","author":{"@id":"https:\/\/www.proclinic.es\/blog\/#\/schema\/person\/85e304ea367ce3922003b0d8b388e527"},"description":"Este a\u00f1o celebramos la 8\u00aa Edici\u00f3n de nuestro Programa de Becas. Este innovador programa, forma parte de la pol\u00edtica de acciones de RSC que desarrolla nuestra compa\u00f1\u00eda.","breadcrumb":{"@id":"https:\/\/www.proclinic.es\/blog\/lanzamos-la-8a-edicion-de-la-beca-proclinic\/#breadcrumb"},"inLanguage":"es","potentialAction":[{"@type":"ReadAction","target":["https:\/\/www.proclinic.es\/blog\/lanzamos-la-8a-edicion-de-la-beca-proclinic\/"]}]},{"@type":"ImageObject","inLanguage":"es","@id":"https:\/\/www.proclinic.es\/blog\/lanzamos-la-8a-edicion-de-la-beca-proclinic\/#primaryimage","url":"https:\/\/www.proclinic.es\/blog\/wp-content\/uploads\/2016\/04\/blog1.jpg","contentUrl":"https:\/\/www.proclinic.es\/blog\/wp-content\/uploads\/2016\/04\/blog1.jpg","width":700,"height":460},{"@type":"BreadcrumbList","@id":"https:\/\/www.proclinic.es\/blog\/lanzamos-la-8a-edicion-de-la-beca-proclinic\/#breadcrumb","itemListElement":[{"@type":"ListItem","position":1,"name":"Home","item":"https:\/\/www.proclinic.es\/blog\/"},{"@type":"ListItem","position":2,"name":"Lanzamos la 8\u00aa Edici\u00f3n de la Beca Proclinic"}]},{"@type":"WebSite","@id":"https:\/\/www.proclinic.es\/blog\/#website","url":"https:\/\/www.proclinic.es\/blog\/","name":"Blog Proclinic","description":"\u00a1Bienvenido al blog de Proclinic! En este espacio, nos enfocamos en brindar informaci\u00f3n valiosa y actualizada para todos los profesionales del sector dental. Nuestra misi\u00f3n es mantenerte al d\u00eda de las \u00faltimas tendencias, investigaciones y t\u00e9cnicas en el campo de la odontolog\u00eda. Exploraremos temas que van desde las novedades en materiales odontol\u00f3gicos, consejos pr\u00e1cticos para la gesti\u00f3n de cl\u00ednicas dentales hasta casos cl\u00ednicos con base cient\u00edfica, eventos del sector y mucho m\u00e1s. Te invitamos a seguir nuestro contenido, dise\u00f1ado para mantener tu pr\u00e1ctica en la vanguardia de la odontolog\u00eda moderna.","potentialAction":[{"@type":"SearchAction","target":{"@type":"EntryPoint","urlTemplate":"https:\/\/www.proclinic.es\/blog\/?s={search_term_string}"},"query-input":{"@type":"PropertyValueSpecification","valueRequired":true,"valueName":"search_term_string"}}],"inLanguage":"es"},{"@type":"Person","@id":"https:\/\/www.proclinic.es\/blog\/#\/schema\/person\/85e304ea367ce3922003b0d8b388e527","name":"Anna","image":{"@type":"ImageObject","inLanguage":"es","@id":"https:\/\/secure.gravatar.com\/avatar\/b8b19455b6924f97d0afcdeb2791066e8c8af798468c71e0fe7e686c5d0b49f4?s=96&d=mm&r=g","url":"https:\/\/secure.gravatar.com\/avatar\/b8b19455b6924f97d0afcdeb2791066e8c8af798468c71e0fe7e686c5d0b49f4?s=96&d=mm&r=g","contentUrl":"https:\/\/secure.gravatar.com\/avatar\/b8b19455b6924f97d0afcdeb2791066e8c8af798468c71e0fe7e686c5d0b49f4?s=96&d=mm&r=g","caption":"Anna"},"description":"Community Manager","url":"https:\/\/www.proclinic.es\/blog\/author\/anna\/"}]}},"jetpack_featured_media_url":"https:\/\/www.proclinic.es\/blog\/wp-content\/uploads\/2016\/04\/blog1.jpg","_links":{"self":[{"href":"https:\/\/www.proclinic.es\/blog\/wp-json\/wp\/v2\/posts\/2745","targetHints":{"allow":["GET"]}}],"collection":[{"href":"https:\/\/www.proclinic.es\/blog\/wp-json\/wp\/v2\/posts"}],"about":[{"href":"https:\/\/www.proclinic.es\/blog\/wp-json\/wp\/v2\/types\/post"}],"author":[{"embeddable":true,"href":"https:\/\/www.proclinic.es\/blog\/wp-json\/wp\/v2\/users\/101011"}],"replies":[{"embeddable":true,"href":"https:\/\/www.proclinic.es\/blog\/wp-json\/wp\/v2\/comments?post=2745"}],"version-history":[{"count":7,"href":"https:\/\/www.proclinic.es\/blog\/wp-json\/wp\/v2\/posts\/2745\/revisions"}],"predecessor-version":[{"id":3886,"href":"https:\/\/www.proclinic.es\/blog\/wp-json\/wp\/v2\/posts\/2745\/revisions\/3886"}],"wp:featuredmedia":[{"embeddable":true,"href":"https:\/\/www.proclinic.es\/blog\/wp-json\/wp\/v2\/media\/2746"}],"wp:attachment":[{"href":"https:\/\/www.proclinic.es\/blog\/wp-json\/wp\/v2\/media?parent=2745"}],"wp:term":[{"taxonomy":"category","embeddable":true,"href":"https:\/\/www.proclinic.es\/blog\/wp-json\/wp\/v2\/categories?post=2745"},{"taxonomy":"post_tag","embeddable":true,"href":"https:\/\/www.proclinic.es\/blog\/wp-json\/wp\/v2\/tags?post=2745"}],"curies":[{"name":"wp","href":"https:\/\/api.w.org\/{rel}","templated":true}]}}