{"id":2713,"date":"2016-04-05T09:40:53","date_gmt":"2016-04-05T07:40:53","guid":{"rendered":"http:\/\/localhost\/blogProclinic\/web\/?p=2713"},"modified":"2016-04-05T09:43:57","modified_gmt":"2016-04-05T07:43:57","slug":"una-edicion-de-expodental-con-mas-de-30-000-profesionales","status":"publish","type":"post","link":"https:\/\/www.proclinic.es\/blog\/una-edicion-de-expodental-con-mas-de-30-000-profesionales\/","title":{"rendered":"Una edici\u00f3n de Expodental con m\u00e1s de 30.000 profesionales"},"content":{"rendered":"<p><strong>Expodental 2016 cerr\u00f3 sus puertas con una participaci\u00f3n un 12% superior a la del a\u00f1o anterior y con una presencia de profesionales de 74 pa\u00edses diferentes.<!--more--><\/strong><\/p>\n<p>&nbsp;<\/p>\n<p>En Proclinic y Fadente tambi\u00e9n estamos muy satisfechos con los resultados obtenidos en esta edici\u00f3n, ya que cientos de clientes nos visitaron en nuestro stand. De todos estos clientes, <strong>448 entraron en el sorteo de 10 lotes de productos de nuestra nueva l\u00ednea Proclinic Expert<\/strong> (valorados en 250\u20ac), que obtuvieron su participaci\u00f3n por cada 100\u20ac de compra. <strong>El sorteo tendr\u00e1 lugar el pr\u00f3ximo 8 de abril.<\/strong><\/p>\n<p>Nuestro stand, formado por 3 islas diferentes, tuvo cabida para albergar un espacio exclusivo para cada una de las novedades presentadas.<\/p>\n<h3><\/h3>\n<p>&nbsp;<\/p>\n<div id=\"ez-toc-container\" class=\"ez-toc-v2_0_76 counter-hierarchy ez-toc-counter ez-toc-white ez-toc-container-direction\">\n<div class=\"ez-toc-title-container\">\n<p class=\"ez-toc-title\" style=\"cursor:inherit\">\u00cdndice de contenidos<\/p>\n<span class=\"ez-toc-title-toggle\"><a href=\"#\" class=\"ez-toc-pull-right ez-toc-btn ez-toc-btn-xs ez-toc-btn-default ez-toc-toggle\" aria-label=\"Toggle Table of Content\"><span class=\"ez-toc-js-icon-con\"><span class=\"\"><span class=\"eztoc-hide\" style=\"display:none;\">Toggle<\/span><span class=\"ez-toc-icon-toggle-span\"><svg style=\"fill: #0098a7;color:#0098a7\" xmlns=\"http:\/\/www.w3.org\/2000\/svg\" class=\"list-377408\" width=\"20px\" height=\"20px\" viewBox=\"0 0 24 24\" fill=\"none\"><path d=\"M6 6H4v2h2V6zm14 0H8v2h12V6zM4 11h2v2H4v-2zm16 0H8v2h12v-2zM4 16h2v2H4v-2zm16 0H8v2h12v-2z\" fill=\"currentColor\"><\/path><\/svg><svg style=\"fill: #0098a7;color:#0098a7\" class=\"arrow-unsorted-368013\" xmlns=\"http:\/\/www.w3.org\/2000\/svg\" width=\"10px\" height=\"10px\" viewBox=\"0 0 24 24\" version=\"1.2\" baseProfile=\"tiny\"><path d=\"M18.2 9.3l-6.2-6.3-6.2 6.3c-.2.2-.3.4-.3.7s.1.5.3.7c.2.2.4.3.7.3h11c.3 0 .5-.1.7-.3.2-.2.3-.5.3-.7s-.1-.5-.3-.7zM5.8 14.7l6.2 6.3 6.2-6.3c.2-.2.3-.5.3-.7s-.1-.5-.3-.7c-.2-.2-.4-.3-.7-.3h-11c-.3 0-.5.1-.7.3-.2.2-.3.5-.3.7s.1.5.3.7z\"\/><\/svg><\/span><\/span><\/span><\/a><\/span><\/div>\n<nav><ul class='ez-toc-list ez-toc-list-level-1 ' ><li class='ez-toc-page-1 ez-toc-heading-level-3'><a class=\"ez-toc-link ez-toc-heading-1\" href=\"https:\/\/www.proclinic.es\/blog\/una-edicion-de-expodental-con-mas-de-30-000-profesionales\/#Isla_1\" >Isla 1<\/a><\/li><li class='ez-toc-page-1 ez-toc-heading-level-3'><a class=\"ez-toc-link ez-toc-heading-2\" href=\"https:\/\/www.proclinic.es\/blog\/una-edicion-de-expodental-con-mas-de-30-000-profesionales\/#Isla_2\" >Isla 2<\/a><\/li><li class='ez-toc-page-1 ez-toc-heading-level-3'><a class=\"ez-toc-link ez-toc-heading-3\" href=\"https:\/\/www.proclinic.es\/blog\/una-edicion-de-expodental-con-mas-de-30-000-profesionales\/#Isla_3\" >Isla 3<\/a><\/li><\/ul><\/nav><\/div>\n<h3><span class=\"ez-toc-section\" id=\"Isla_1\"><\/span>Isla 1<span class=\"ez-toc-section-end\"><\/span><\/h3>\n<p>&#8211;<strong>Proclinic Expert.<\/strong> Presentamos nuestra nueva gama de restauraci\u00f3n renovada y de mayor calidad, que proporciona soluciones a un mayor n\u00famero de casos cl\u00ednicos.<br \/>\n&#8211;<strong>Innovation corner.<\/strong> Un espacio para dar cabida a los principales fabricantes del sector.<br \/>\n&#8211;<strong>CadCam 3M Espe.<\/strong> Un lugar para la demostraci\u00f3n de nuestro avanzado sistema de escaneo, dise\u00f1o y fabricaci\u00f3n de restauraciones con el sistema CadCam.<br \/>\n&#8211;<strong>Espacio Beca Proclinic.<\/strong> 13 j\u00f3venes odont\u00f3logos han podido ampliar su formaci\u00f3n en las mejores universidades del mundo gracias a la Beca Proclinic y seguimos apostando por el futuro de la profesi\u00f3n.<br \/>\n&#8211;<strong>Fotomat\u00f3n.<\/strong> Los clientes que nos visitaron en nuestro stand pudieron llevarse una bonita foto como recuerdo de esta edici\u00f3n, ya que se convirti\u00f3 en la sensaci\u00f3n de la feria formando numerosas colas en los momentos de m\u00e1xima afluencia.<\/p>\n<p>&nbsp;<\/p>\n<h3><span class=\"ez-toc-section\" id=\"Isla_2\"><\/span>Isla 2<span class=\"ez-toc-section-end\"><\/span><\/h3>\n<p>&#8211;<strong>Implantes Proclinic.<\/strong> Nuevo implante Proclinic Aqua CM, la precisi\u00f3n del cono morse.<br \/>\n&#8211;<strong>Ortodoncia.<\/strong> Nuevos Brackets MiniPrevail.<br \/>\n&#8211;<strong>Laboratorio.<\/strong> Impresora 3D Varseo de Bego y las fresadoras N4 de VHF para el fresado en h\u00famedo y K5 de VHF para el fresado en seco.<br \/>\n&#8211;<strong>Aparatos.<\/strong> Planmeca Prosensor HD, microscopio Leica, c\u00e1mara Surgicam HD de Sony.<br \/>\n&#8211;<strong>Radiolog\u00eda digital 3D y sistema CadCam Planmeca.<\/strong> Planmeca Romexis Smile Design y Planmeca PlanScan.<\/p>\n<p>&nbsp;<\/p>\n<h3><span class=\"ez-toc-section\" id=\"Isla_3\"><\/span>Isla 3<span class=\"ez-toc-section-end\"><\/span><\/h3>\n<p>&#8211;<strong>Unidades dentales Planmeca.<\/strong> Planmeca Sovereign\u00aeClassic.<br \/>\n&#8211;<strong>Sistema CadCam Planmeca.<\/strong> Planmeca PlanScan\u00ae.<br \/>\n&#8211;<strong>Aparatos.<\/strong> Sedaflow Slim Line Digital Completo; l\u00e1mpara Mach LED 2SC, l\u00edder de la iluminaci\u00f3n; unidad de blanqueamiento Beyond Polus\u00aeadvanced.<\/p>\n<p>&nbsp;<\/p>\n<p>Volveremos en 2018.<\/p>\n<p>&nbsp;<\/p>\n<p>&nbsp;<\/p>\n<p>&nbsp;<\/p>\n<p>&nbsp;<\/p>\n<p>&nbsp;<\/p>\n","protected":false},"excerpt":{"rendered":"<p>Expodental 2016 cerr\u00f3 sus puertas con una participaci\u00f3n un 12% superior a la del a\u00f1o anterior y con una presencia de profesionales de 74 pa\u00edses diferentes.<\/p>\n","protected":false},"author":101011,"featured_media":2714,"comment_status":"open","ping_status":"open","sticky":false,"template":"","format":"gallery","meta":{"footnotes":""},"categories":[43],"tags":[],"class_list":["post-2713","post","type-post","status-publish","format-gallery","has-post-thumbnail","hentry","category-formacion","post_format-post-format-gallery"],"yoast_head":"<!-- This site is optimized with the Yoast SEO plugin v27.4 - https:\/\/yoast.com\/product\/yoast-seo-wordpress\/ -->\n<title>Expodental con m\u00e1s de 30.000 profesionales - Blog Proclinic<\/title>\n<meta name=\"description\" content=\"Expodental 2016 cerr\u00f3 sus puertas con una participaci\u00f3n un 12% superior a la del a\u00f1o anterior y con una presencia de profesionales de 74 pa\u00edses diferentes.\" \/>\n<meta name=\"robots\" content=\"index, follow, max-snippet:-1, max-image-preview:large, max-video-preview:-1\" \/>\n<link rel=\"canonical\" href=\"https:\/\/www.proclinic.es\/blog\/una-edicion-de-expodental-con-mas-de-30-000-profesionales\/\" \/>\n<meta property=\"og:locale\" content=\"es_ES\" \/>\n<meta property=\"og:type\" content=\"article\" \/>\n<meta property=\"og:title\" content=\"Expodental con m\u00e1s de 30.000 profesionales - Blog Proclinic\" \/>\n<meta property=\"og:description\" content=\"Expodental 2016 cerr\u00f3 sus puertas con una participaci\u00f3n un 12% superior a la del a\u00f1o anterior y con una presencia de profesionales de 74 pa\u00edses diferentes.\" \/>\n<meta property=\"og:url\" content=\"https:\/\/www.proclinic.es\/blog\/una-edicion-de-expodental-con-mas-de-30-000-profesionales\/\" \/>\n<meta property=\"og:site_name\" content=\"Blog Proclinic\" \/>\n<meta property=\"article:publisher\" content=\"https:\/\/www.facebook.com\/proclinicsa\" \/>\n<meta property=\"article:published_time\" content=\"2016-04-05T07:40:53+00:00\" \/>\n<meta property=\"article:modified_time\" content=\"2016-04-05T07:43:57+00:00\" \/>\n<meta property=\"og:image\" content=\"https:\/\/www.proclinic.es\/blog\/wp-content\/uploads\/2016\/04\/IMG_3379-scaled.jpg\" \/>\n\t<meta property=\"og:image:width\" content=\"2560\" \/>\n\t<meta property=\"og:image:height\" content=\"1707\" \/>\n\t<meta property=\"og:image:type\" content=\"image\/jpeg\" \/>\n<meta name=\"author\" content=\"Anna\" \/>\n<meta name=\"twitter:card\" content=\"summary_large_image\" \/>\n<meta name=\"twitter:creator\" content=\"@Proclinic_SA\" \/>\n<meta name=\"twitter:site\" content=\"@Proclinic_SA\" \/>\n<meta name=\"twitter:label1\" content=\"Escrito por\" \/>\n\t<meta name=\"twitter:data1\" content=\"Anna\" \/>\n\t<meta name=\"twitter:label2\" content=\"Tiempo de lectura\" \/>\n\t<meta name=\"twitter:data2\" content=\"2 minutos\" \/>\n<script type=\"application\/ld+json\" class=\"yoast-schema-graph\">{\"@context\":\"https:\\\/\\\/schema.org\",\"@graph\":[{\"@type\":\"Article\",\"@id\":\"https:\\\/\\\/www.proclinic.es\\\/blog\\\/una-edicion-de-expodental-con-mas-de-30-000-profesionales\\\/#article\",\"isPartOf\":{\"@id\":\"https:\\\/\\\/www.proclinic.es\\\/blog\\\/una-edicion-de-expodental-con-mas-de-30-000-profesionales\\\/\"},\"author\":{\"name\":\"Anna\",\"@id\":\"https:\\\/\\\/www.proclinic.es\\\/blog\\\/#\\\/schema\\\/person\\\/85e304ea367ce3922003b0d8b388e527\"},\"headline\":\"Una edici\u00f3n de Expodental con m\u00e1s de 30.000 profesionales\",\"datePublished\":\"2016-04-05T07:40:53+00:00\",\"dateModified\":\"2016-04-05T07:43:57+00:00\",\"mainEntityOfPage\":{\"@id\":\"https:\\\/\\\/www.proclinic.es\\\/blog\\\/una-edicion-de-expodental-con-mas-de-30-000-profesionales\\\/\"},\"wordCount\":383,\"commentCount\":0,\"image\":{\"@id\":\"https:\\\/\\\/www.proclinic.es\\\/blog\\\/una-edicion-de-expodental-con-mas-de-30-000-profesionales\\\/#primaryimage\"},\"thumbnailUrl\":\"https:\\\/\\\/www.proclinic.es\\\/blog\\\/wp-content\\\/uploads\\\/2016\\\/04\\\/IMG_3379-scaled.jpg\",\"articleSection\":[\"Formaci\u00f3n y Eventos\"],\"inLanguage\":\"es\",\"potentialAction\":[{\"@type\":\"CommentAction\",\"name\":\"Comment\",\"target\":[\"https:\\\/\\\/www.proclinic.es\\\/blog\\\/una-edicion-de-expodental-con-mas-de-30-000-profesionales\\\/#respond\"]}]},{\"@type\":\"WebPage\",\"@id\":\"https:\\\/\\\/www.proclinic.es\\\/blog\\\/una-edicion-de-expodental-con-mas-de-30-000-profesionales\\\/\",\"url\":\"https:\\\/\\\/www.proclinic.es\\\/blog\\\/una-edicion-de-expodental-con-mas-de-30-000-profesionales\\\/\",\"name\":\"Expodental con m\u00e1s de 30.000 profesionales - Blog Proclinic\",\"isPartOf\":{\"@id\":\"https:\\\/\\\/www.proclinic.es\\\/blog\\\/#website\"},\"primaryImageOfPage\":{\"@id\":\"https:\\\/\\\/www.proclinic.es\\\/blog\\\/una-edicion-de-expodental-con-mas-de-30-000-profesionales\\\/#primaryimage\"},\"image\":{\"@id\":\"https:\\\/\\\/www.proclinic.es\\\/blog\\\/una-edicion-de-expodental-con-mas-de-30-000-profesionales\\\/#primaryimage\"},\"thumbnailUrl\":\"https:\\\/\\\/www.proclinic.es\\\/blog\\\/wp-content\\\/uploads\\\/2016\\\/04\\\/IMG_3379-scaled.jpg\",\"datePublished\":\"2016-04-05T07:40:53+00:00\",\"dateModified\":\"2016-04-05T07:43:57+00:00\",\"author\":{\"@id\":\"https:\\\/\\\/www.proclinic.es\\\/blog\\\/#\\\/schema\\\/person\\\/85e304ea367ce3922003b0d8b388e527\"},\"description\":\"Expodental 2016 cerr\u00f3 sus puertas con una participaci\u00f3n un 12% superior a la del a\u00f1o anterior y con una presencia de profesionales de 74 pa\u00edses diferentes.\",\"breadcrumb\":{\"@id\":\"https:\\\/\\\/www.proclinic.es\\\/blog\\\/una-edicion-de-expodental-con-mas-de-30-000-profesionales\\\/#breadcrumb\"},\"inLanguage\":\"es\",\"potentialAction\":[{\"@type\":\"ReadAction\",\"target\":[\"https:\\\/\\\/www.proclinic.es\\\/blog\\\/una-edicion-de-expodental-con-mas-de-30-000-profesionales\\\/\"]}]},{\"@type\":\"ImageObject\",\"inLanguage\":\"es\",\"@id\":\"https:\\\/\\\/www.proclinic.es\\\/blog\\\/una-edicion-de-expodental-con-mas-de-30-000-profesionales\\\/#primaryimage\",\"url\":\"https:\\\/\\\/www.proclinic.es\\\/blog\\\/wp-content\\\/uploads\\\/2016\\\/04\\\/IMG_3379-scaled.jpg\",\"contentUrl\":\"https:\\\/\\\/www.proclinic.es\\\/blog\\\/wp-content\\\/uploads\\\/2016\\\/04\\\/IMG_3379-scaled.jpg\",\"width\":2560,\"height\":1707},{\"@type\":\"BreadcrumbList\",\"@id\":\"https:\\\/\\\/www.proclinic.es\\\/blog\\\/una-edicion-de-expodental-con-mas-de-30-000-profesionales\\\/#breadcrumb\",\"itemListElement\":[{\"@type\":\"ListItem\",\"position\":1,\"name\":\"Home\",\"item\":\"https:\\\/\\\/www.proclinic.es\\\/blog\\\/\"},{\"@type\":\"ListItem\",\"position\":2,\"name\":\"Una edici\u00f3n de Expodental con m\u00e1s de 30.000 profesionales\"}]},{\"@type\":\"WebSite\",\"@id\":\"https:\\\/\\\/www.proclinic.es\\\/blog\\\/#website\",\"url\":\"https:\\\/\\\/www.proclinic.es\\\/blog\\\/\",\"name\":\"Blog Proclinic\",\"description\":\"\u00a1Bienvenido al blog de Proclinic! En este espacio, nos enfocamos en brindar informaci\u00f3n valiosa y actualizada para todos los profesionales del sector dental. Nuestra misi\u00f3n es mantenerte al d\u00eda de las \u00faltimas tendencias, investigaciones y t\u00e9cnicas en el campo de la odontolog\u00eda. Exploraremos temas que van desde las novedades en materiales odontol\u00f3gicos, consejos pr\u00e1cticos para la gesti\u00f3n de cl\u00ednicas dentales hasta casos cl\u00ednicos con base cient\u00edfica, eventos del sector y mucho m\u00e1s. Te invitamos a seguir nuestro contenido, dise\u00f1ado para mantener tu pr\u00e1ctica en la vanguardia de la odontolog\u00eda moderna.\",\"potentialAction\":[{\"@type\":\"SearchAction\",\"target\":{\"@type\":\"EntryPoint\",\"urlTemplate\":\"https:\\\/\\\/www.proclinic.es\\\/blog\\\/?s={search_term_string}\"},\"query-input\":{\"@type\":\"PropertyValueSpecification\",\"valueRequired\":true,\"valueName\":\"search_term_string\"}}],\"inLanguage\":\"es\"},{\"@type\":\"Person\",\"@id\":\"https:\\\/\\\/www.proclinic.es\\\/blog\\\/#\\\/schema\\\/person\\\/85e304ea367ce3922003b0d8b388e527\",\"name\":\"Anna\",\"image\":{\"@type\":\"ImageObject\",\"inLanguage\":\"es\",\"@id\":\"https:\\\/\\\/secure.gravatar.com\\\/avatar\\\/b8b19455b6924f97d0afcdeb2791066e8c8af798468c71e0fe7e686c5d0b49f4?s=96&d=mm&r=g\",\"url\":\"https:\\\/\\\/secure.gravatar.com\\\/avatar\\\/b8b19455b6924f97d0afcdeb2791066e8c8af798468c71e0fe7e686c5d0b49f4?s=96&d=mm&r=g\",\"contentUrl\":\"https:\\\/\\\/secure.gravatar.com\\\/avatar\\\/b8b19455b6924f97d0afcdeb2791066e8c8af798468c71e0fe7e686c5d0b49f4?s=96&d=mm&r=g\",\"caption\":\"Anna\"},\"description\":\"Community Manager\",\"url\":\"https:\\\/\\\/www.proclinic.es\\\/blog\\\/author\\\/anna\\\/\"}]}<\/script>\n<!-- \/ Yoast SEO plugin. -->","yoast_head_json":{"title":"Expodental con m\u00e1s de 30.000 profesionales - Blog Proclinic","description":"Expodental 2016 cerr\u00f3 sus puertas con una participaci\u00f3n un 12% superior a la del a\u00f1o anterior y con una presencia de profesionales de 74 pa\u00edses diferentes.","robots":{"index":"index","follow":"follow","max-snippet":"max-snippet:-1","max-image-preview":"max-image-preview:large","max-video-preview":"max-video-preview:-1"},"canonical":"https:\/\/www.proclinic.es\/blog\/una-edicion-de-expodental-con-mas-de-30-000-profesionales\/","og_locale":"es_ES","og_type":"article","og_title":"Expodental con m\u00e1s de 30.000 profesionales - Blog Proclinic","og_description":"Expodental 2016 cerr\u00f3 sus puertas con una participaci\u00f3n un 12% superior a la del a\u00f1o anterior y con una presencia de profesionales de 74 pa\u00edses diferentes.","og_url":"https:\/\/www.proclinic.es\/blog\/una-edicion-de-expodental-con-mas-de-30-000-profesionales\/","og_site_name":"Blog Proclinic","article_publisher":"https:\/\/www.facebook.com\/proclinicsa","article_published_time":"2016-04-05T07:40:53+00:00","article_modified_time":"2016-04-05T07:43:57+00:00","og_image":[{"width":2560,"height":1707,"url":"https:\/\/www.proclinic.es\/blog\/wp-content\/uploads\/2016\/04\/IMG_3379-scaled.jpg","type":"image\/jpeg"}],"author":"Anna","twitter_card":"summary_large_image","twitter_creator":"@Proclinic_SA","twitter_site":"@Proclinic_SA","twitter_misc":{"Escrito por":"Anna","Tiempo de lectura":"2 minutos"},"schema":{"@context":"https:\/\/schema.org","@graph":[{"@type":"Article","@id":"https:\/\/www.proclinic.es\/blog\/una-edicion-de-expodental-con-mas-de-30-000-profesionales\/#article","isPartOf":{"@id":"https:\/\/www.proclinic.es\/blog\/una-edicion-de-expodental-con-mas-de-30-000-profesionales\/"},"author":{"name":"Anna","@id":"https:\/\/www.proclinic.es\/blog\/#\/schema\/person\/85e304ea367ce3922003b0d8b388e527"},"headline":"Una edici\u00f3n de Expodental con m\u00e1s de 30.000 profesionales","datePublished":"2016-04-05T07:40:53+00:00","dateModified":"2016-04-05T07:43:57+00:00","mainEntityOfPage":{"@id":"https:\/\/www.proclinic.es\/blog\/una-edicion-de-expodental-con-mas-de-30-000-profesionales\/"},"wordCount":383,"commentCount":0,"image":{"@id":"https:\/\/www.proclinic.es\/blog\/una-edicion-de-expodental-con-mas-de-30-000-profesionales\/#primaryimage"},"thumbnailUrl":"https:\/\/www.proclinic.es\/blog\/wp-content\/uploads\/2016\/04\/IMG_3379-scaled.jpg","articleSection":["Formaci\u00f3n y Eventos"],"inLanguage":"es","potentialAction":[{"@type":"CommentAction","name":"Comment","target":["https:\/\/www.proclinic.es\/blog\/una-edicion-de-expodental-con-mas-de-30-000-profesionales\/#respond"]}]},{"@type":"WebPage","@id":"https:\/\/www.proclinic.es\/blog\/una-edicion-de-expodental-con-mas-de-30-000-profesionales\/","url":"https:\/\/www.proclinic.es\/blog\/una-edicion-de-expodental-con-mas-de-30-000-profesionales\/","name":"Expodental con m\u00e1s de 30.000 profesionales - Blog Proclinic","isPartOf":{"@id":"https:\/\/www.proclinic.es\/blog\/#website"},"primaryImageOfPage":{"@id":"https:\/\/www.proclinic.es\/blog\/una-edicion-de-expodental-con-mas-de-30-000-profesionales\/#primaryimage"},"image":{"@id":"https:\/\/www.proclinic.es\/blog\/una-edicion-de-expodental-con-mas-de-30-000-profesionales\/#primaryimage"},"thumbnailUrl":"https:\/\/www.proclinic.es\/blog\/wp-content\/uploads\/2016\/04\/IMG_3379-scaled.jpg","datePublished":"2016-04-05T07:40:53+00:00","dateModified":"2016-04-05T07:43:57+00:00","author":{"@id":"https:\/\/www.proclinic.es\/blog\/#\/schema\/person\/85e304ea367ce3922003b0d8b388e527"},"description":"Expodental 2016 cerr\u00f3 sus puertas con una participaci\u00f3n un 12% superior a la del a\u00f1o anterior y con una presencia de profesionales de 74 pa\u00edses diferentes.","breadcrumb":{"@id":"https:\/\/www.proclinic.es\/blog\/una-edicion-de-expodental-con-mas-de-30-000-profesionales\/#breadcrumb"},"inLanguage":"es","potentialAction":[{"@type":"ReadAction","target":["https:\/\/www.proclinic.es\/blog\/una-edicion-de-expodental-con-mas-de-30-000-profesionales\/"]}]},{"@type":"ImageObject","inLanguage":"es","@id":"https:\/\/www.proclinic.es\/blog\/una-edicion-de-expodental-con-mas-de-30-000-profesionales\/#primaryimage","url":"https:\/\/www.proclinic.es\/blog\/wp-content\/uploads\/2016\/04\/IMG_3379-scaled.jpg","contentUrl":"https:\/\/www.proclinic.es\/blog\/wp-content\/uploads\/2016\/04\/IMG_3379-scaled.jpg","width":2560,"height":1707},{"@type":"BreadcrumbList","@id":"https:\/\/www.proclinic.es\/blog\/una-edicion-de-expodental-con-mas-de-30-000-profesionales\/#breadcrumb","itemListElement":[{"@type":"ListItem","position":1,"name":"Home","item":"https:\/\/www.proclinic.es\/blog\/"},{"@type":"ListItem","position":2,"name":"Una edici\u00f3n de Expodental con m\u00e1s de 30.000 profesionales"}]},{"@type":"WebSite","@id":"https:\/\/www.proclinic.es\/blog\/#website","url":"https:\/\/www.proclinic.es\/blog\/","name":"Blog Proclinic","description":"\u00a1Bienvenido al blog de Proclinic! En este espacio, nos enfocamos en brindar informaci\u00f3n valiosa y actualizada para todos los profesionales del sector dental. Nuestra misi\u00f3n es mantenerte al d\u00eda de las \u00faltimas tendencias, investigaciones y t\u00e9cnicas en el campo de la odontolog\u00eda. Exploraremos temas que van desde las novedades en materiales odontol\u00f3gicos, consejos pr\u00e1cticos para la gesti\u00f3n de cl\u00ednicas dentales hasta casos cl\u00ednicos con base cient\u00edfica, eventos del sector y mucho m\u00e1s. Te invitamos a seguir nuestro contenido, dise\u00f1ado para mantener tu pr\u00e1ctica en la vanguardia de la odontolog\u00eda moderna.","potentialAction":[{"@type":"SearchAction","target":{"@type":"EntryPoint","urlTemplate":"https:\/\/www.proclinic.es\/blog\/?s={search_term_string}"},"query-input":{"@type":"PropertyValueSpecification","valueRequired":true,"valueName":"search_term_string"}}],"inLanguage":"es"},{"@type":"Person","@id":"https:\/\/www.proclinic.es\/blog\/#\/schema\/person\/85e304ea367ce3922003b0d8b388e527","name":"Anna","image":{"@type":"ImageObject","inLanguage":"es","@id":"https:\/\/secure.gravatar.com\/avatar\/b8b19455b6924f97d0afcdeb2791066e8c8af798468c71e0fe7e686c5d0b49f4?s=96&d=mm&r=g","url":"https:\/\/secure.gravatar.com\/avatar\/b8b19455b6924f97d0afcdeb2791066e8c8af798468c71e0fe7e686c5d0b49f4?s=96&d=mm&r=g","contentUrl":"https:\/\/secure.gravatar.com\/avatar\/b8b19455b6924f97d0afcdeb2791066e8c8af798468c71e0fe7e686c5d0b49f4?s=96&d=mm&r=g","caption":"Anna"},"description":"Community Manager","url":"https:\/\/www.proclinic.es\/blog\/author\/anna\/"}]}},"jetpack_featured_media_url":"https:\/\/www.proclinic.es\/blog\/wp-content\/uploads\/2016\/04\/IMG_3379-scaled.jpg","_links":{"self":[{"href":"https:\/\/www.proclinic.es\/blog\/wp-json\/wp\/v2\/posts\/2713","targetHints":{"allow":["GET"]}}],"collection":[{"href":"https:\/\/www.proclinic.es\/blog\/wp-json\/wp\/v2\/posts"}],"about":[{"href":"https:\/\/www.proclinic.es\/blog\/wp-json\/wp\/v2\/types\/post"}],"author":[{"embeddable":true,"href":"https:\/\/www.proclinic.es\/blog\/wp-json\/wp\/v2\/users\/101011"}],"replies":[{"embeddable":true,"href":"https:\/\/www.proclinic.es\/blog\/wp-json\/wp\/v2\/comments?post=2713"}],"version-history":[{"count":7,"href":"https:\/\/www.proclinic.es\/blog\/wp-json\/wp\/v2\/posts\/2713\/revisions"}],"predecessor-version":[{"id":2736,"href":"https:\/\/www.proclinic.es\/blog\/wp-json\/wp\/v2\/posts\/2713\/revisions\/2736"}],"wp:featuredmedia":[{"embeddable":true,"href":"https:\/\/www.proclinic.es\/blog\/wp-json\/wp\/v2\/media\/2714"}],"wp:attachment":[{"href":"https:\/\/www.proclinic.es\/blog\/wp-json\/wp\/v2\/media?parent=2713"}],"wp:term":[{"taxonomy":"category","embeddable":true,"href":"https:\/\/www.proclinic.es\/blog\/wp-json\/wp\/v2\/categories?post=2713"},{"taxonomy":"post_tag","embeddable":true,"href":"https:\/\/www.proclinic.es\/blog\/wp-json\/wp\/v2\/tags?post=2713"}],"curies":[{"name":"wp","href":"https:\/\/api.w.org\/{rel}","templated":true}]}}