{"id":2661,"date":"2016-03-03T12:58:49","date_gmt":"2016-03-03T10:58:49","guid":{"rendered":"http:\/\/localhost\/blogProclinic\/web\/?p=2661"},"modified":"2023-02-09T12:17:54","modified_gmt":"2023-02-09T10:17:54","slug":"fadente-celebra-en-expodental-el-45o-aniversario-de-planmeca","status":"publish","type":"post","link":"https:\/\/www.proclinic.es\/blog\/fadente-celebra-en-expodental-el-45o-aniversario-de-planmeca\/","title":{"rendered":"Fadente celebra en Expodental el 45\u00ba Aniversario de Planmeca"},"content":{"rendered":"<p><strong>Este a\u00f1o la compa\u00f1\u00eda finlandesa Planmeca, uno de los principales fabricantes mundiales de equipos de alta gama para el sector odontol\u00f3gico, cumple 45 a\u00f1os en el mercado. Fadente presentar\u00e1 las siguientes novedades que ser\u00e1n su apuesta fuerte en la feria Expodental.<!--more--><\/strong><\/p>\n<p>&nbsp;<\/p>\n<p><strong>Planmeca Sovereign Classic<\/strong><\/p>\n<p>La unidad dental Planmeca Sovereign Classic <strong>es el resultado perfecto de detalles de dise\u00f1o inteligentes que facilitan el trabajo diario.<\/strong> Desde el tratamiento del paciente hasta el control de riesgo de infecciones, esta unidad es inteligente por dentro y por fuera. El Sovereign Classic se ha construido teniendo en mente la <strong>ergonom\u00eda<\/strong>, la <strong>comodidad<\/strong> y la <strong>facilidad de uso<\/strong>. El dise\u00f1o, centrado en el usuario, es una elecci\u00f3n perfecta tanto para el dentista como para el paciente.<\/p>\n<p>&nbsp;<\/p>\n<p><strong>Sistema CAD\/CAM<\/strong><\/p>\n<p>Planmeca ofrece una gama completa de soluciones CAD\/CAM abiertas para odont\u00f3logos. Estas soluciones digitales de vanguardia incorporan <strong>todas las herramientas necesarias para proporcionar un flujo de trabajo completamente integrado y digital, que abarca desde el escaneo intraoral ultrarr\u00e1pido hasta el fresado de alta precisi\u00f3n.<\/strong> Las interfaces abiertas entre los dispositivos y el software le permiten elegir la soluci\u00f3n completa para el flujo de trabajo o solo ciertas partes, en funci\u00f3n de sus necesidades.<br \/>\nEscanee con Planmeca PlanScan, dise\u00f1e con Planmeca PlanCAD y fabrique con Planmeca Planmill 40.<\/p>\n<p>&nbsp;<\/p>\n<p><strong>Vis\u00edtanos en el Stand 7B03 &#8211; Pabell\u00f3n 7 de Expodental para conocer estos productos en profundidad.<\/strong><\/p>\n<p>&nbsp;<\/p>\n<p>&nbsp;<\/p>\n<p>&nbsp;<\/p>\n<p>&nbsp;<\/p>\n<p>&nbsp;<\/p>\n<p>&nbsp;<\/p>\n","protected":false},"excerpt":{"rendered":"<p>Este a\u00f1o la compa\u00f1\u00eda finlandesa Planmeca, uno de los principales fabricantes mundiales de equipos de alta gama para el sector odontol\u00f3gico, cumple 45 a\u00f1os en el mercado. Fadente presentar\u00e1 las siguientes novedades que ser\u00e1n su apuesta fuerte en la feria Expodental.<\/p>\n","protected":false},"author":101011,"featured_media":2662,"comment_status":"open","ping_status":"open","sticky":false,"template":"","format":"gallery","meta":{"footnotes":""},"categories":[45],"tags":[],"class_list":["post-2661","post","type-post","status-publish","format-gallery","has-post-thumbnail","hentry","category-actualidad","post_format-post-format-gallery"],"yoast_head":"<!-- This site is optimized with the Yoast SEO plugin v27.4 - https:\/\/yoast.com\/product\/yoast-seo-wordpress\/ -->\n<title>Fadente celebra el 45\u00ba Aniversario de Planmeca -Blog Proclinic<\/title>\n<meta name=\"description\" content=\"Este a\u00f1o la compa\u00f1\u00eda finlandesa Planmeca, uno de los principales fabricantes mundiales de equipos de alta gama para el sector odontol\u00f3gico, cumple 45 a\u00f1os en el mercado.\" \/>\n<meta name=\"robots\" content=\"index, follow, max-snippet:-1, max-image-preview:large, max-video-preview:-1\" \/>\n<link rel=\"canonical\" href=\"https:\/\/www.proclinic.es\/blog\/fadente-celebra-en-expodental-el-45o-aniversario-de-planmeca\/\" \/>\n<meta property=\"og:locale\" content=\"es_ES\" \/>\n<meta property=\"og:type\" content=\"article\" \/>\n<meta property=\"og:title\" content=\"Fadente celebra el 45\u00ba Aniversario de Planmeca -Blog Proclinic\" \/>\n<meta property=\"og:description\" content=\"Este a\u00f1o la compa\u00f1\u00eda finlandesa Planmeca, uno de los principales fabricantes mundiales de equipos de alta gama para el sector odontol\u00f3gico, cumple 45 a\u00f1os en el mercado.\" \/>\n<meta property=\"og:url\" content=\"https:\/\/www.proclinic.es\/blog\/fadente-celebra-en-expodental-el-45o-aniversario-de-planmeca\/\" \/>\n<meta property=\"og:site_name\" content=\"Blog Proclinic\" \/>\n<meta property=\"article:publisher\" content=\"https:\/\/www.facebook.com\/proclinicsa\" \/>\n<meta property=\"article:published_time\" content=\"2016-03-03T10:58:49+00:00\" \/>\n<meta property=\"article:modified_time\" content=\"2023-02-09T10:17:54+00:00\" \/>\n<meta property=\"og:image\" content=\"https:\/\/www.proclinic.es\/blog\/wp-content\/uploads\/2016\/03\/SGNcla_b.jpg\" \/>\n\t<meta property=\"og:image:width\" content=\"700\" \/>\n\t<meta property=\"og:image:height\" content=\"460\" \/>\n\t<meta property=\"og:image:type\" content=\"image\/jpeg\" \/>\n<meta name=\"author\" content=\"Anna\" \/>\n<meta name=\"twitter:card\" content=\"summary_large_image\" \/>\n<meta name=\"twitter:creator\" content=\"@Proclinic_SA\" \/>\n<meta name=\"twitter:site\" content=\"@Proclinic_SA\" \/>\n<meta name=\"twitter:label1\" content=\"Escrito por\" \/>\n\t<meta name=\"twitter:data1\" content=\"Anna\" \/>\n\t<meta name=\"twitter:label2\" content=\"Tiempo de lectura\" \/>\n\t<meta name=\"twitter:data2\" content=\"1 minuto\" \/>\n<script type=\"application\/ld+json\" class=\"yoast-schema-graph\">{\"@context\":\"https:\\\/\\\/schema.org\",\"@graph\":[{\"@type\":\"Article\",\"@id\":\"https:\\\/\\\/www.proclinic.es\\\/blog\\\/fadente-celebra-en-expodental-el-45o-aniversario-de-planmeca\\\/#article\",\"isPartOf\":{\"@id\":\"https:\\\/\\\/www.proclinic.es\\\/blog\\\/fadente-celebra-en-expodental-el-45o-aniversario-de-planmeca\\\/\"},\"author\":{\"name\":\"Anna\",\"@id\":\"https:\\\/\\\/www.proclinic.es\\\/blog\\\/#\\\/schema\\\/person\\\/85e304ea367ce3922003b0d8b388e527\"},\"headline\":\"Fadente celebra en Expodental el 45\u00ba Aniversario de Planmeca\",\"datePublished\":\"2016-03-03T10:58:49+00:00\",\"dateModified\":\"2023-02-09T10:17:54+00:00\",\"mainEntityOfPage\":{\"@id\":\"https:\\\/\\\/www.proclinic.es\\\/blog\\\/fadente-celebra-en-expodental-el-45o-aniversario-de-planmeca\\\/\"},\"wordCount\":259,\"commentCount\":0,\"image\":{\"@id\":\"https:\\\/\\\/www.proclinic.es\\\/blog\\\/fadente-celebra-en-expodental-el-45o-aniversario-de-planmeca\\\/#primaryimage\"},\"thumbnailUrl\":\"https:\\\/\\\/www.proclinic.es\\\/blog\\\/wp-content\\\/uploads\\\/2016\\\/03\\\/SGNcla_b.jpg\",\"articleSection\":[\"Actualidad\"],\"inLanguage\":\"es\",\"potentialAction\":[{\"@type\":\"CommentAction\",\"name\":\"Comment\",\"target\":[\"https:\\\/\\\/www.proclinic.es\\\/blog\\\/fadente-celebra-en-expodental-el-45o-aniversario-de-planmeca\\\/#respond\"]}]},{\"@type\":\"WebPage\",\"@id\":\"https:\\\/\\\/www.proclinic.es\\\/blog\\\/fadente-celebra-en-expodental-el-45o-aniversario-de-planmeca\\\/\",\"url\":\"https:\\\/\\\/www.proclinic.es\\\/blog\\\/fadente-celebra-en-expodental-el-45o-aniversario-de-planmeca\\\/\",\"name\":\"Fadente celebra el 45\u00ba Aniversario de Planmeca -Blog Proclinic\",\"isPartOf\":{\"@id\":\"https:\\\/\\\/www.proclinic.es\\\/blog\\\/#website\"},\"primaryImageOfPage\":{\"@id\":\"https:\\\/\\\/www.proclinic.es\\\/blog\\\/fadente-celebra-en-expodental-el-45o-aniversario-de-planmeca\\\/#primaryimage\"},\"image\":{\"@id\":\"https:\\\/\\\/www.proclinic.es\\\/blog\\\/fadente-celebra-en-expodental-el-45o-aniversario-de-planmeca\\\/#primaryimage\"},\"thumbnailUrl\":\"https:\\\/\\\/www.proclinic.es\\\/blog\\\/wp-content\\\/uploads\\\/2016\\\/03\\\/SGNcla_b.jpg\",\"datePublished\":\"2016-03-03T10:58:49+00:00\",\"dateModified\":\"2023-02-09T10:17:54+00:00\",\"author\":{\"@id\":\"https:\\\/\\\/www.proclinic.es\\\/blog\\\/#\\\/schema\\\/person\\\/85e304ea367ce3922003b0d8b388e527\"},\"description\":\"Este a\u00f1o la compa\u00f1\u00eda finlandesa Planmeca, uno de los principales fabricantes mundiales de equipos de alta gama para el sector odontol\u00f3gico, cumple 45 a\u00f1os en el mercado.\",\"breadcrumb\":{\"@id\":\"https:\\\/\\\/www.proclinic.es\\\/blog\\\/fadente-celebra-en-expodental-el-45o-aniversario-de-planmeca\\\/#breadcrumb\"},\"inLanguage\":\"es\",\"potentialAction\":[{\"@type\":\"ReadAction\",\"target\":[\"https:\\\/\\\/www.proclinic.es\\\/blog\\\/fadente-celebra-en-expodental-el-45o-aniversario-de-planmeca\\\/\"]}]},{\"@type\":\"ImageObject\",\"inLanguage\":\"es\",\"@id\":\"https:\\\/\\\/www.proclinic.es\\\/blog\\\/fadente-celebra-en-expodental-el-45o-aniversario-de-planmeca\\\/#primaryimage\",\"url\":\"https:\\\/\\\/www.proclinic.es\\\/blog\\\/wp-content\\\/uploads\\\/2016\\\/03\\\/SGNcla_b.jpg\",\"contentUrl\":\"https:\\\/\\\/www.proclinic.es\\\/blog\\\/wp-content\\\/uploads\\\/2016\\\/03\\\/SGNcla_b.jpg\",\"width\":700,\"height\":460},{\"@type\":\"BreadcrumbList\",\"@id\":\"https:\\\/\\\/www.proclinic.es\\\/blog\\\/fadente-celebra-en-expodental-el-45o-aniversario-de-planmeca\\\/#breadcrumb\",\"itemListElement\":[{\"@type\":\"ListItem\",\"position\":1,\"name\":\"Home\",\"item\":\"https:\\\/\\\/www.proclinic.es\\\/blog\\\/\"},{\"@type\":\"ListItem\",\"position\":2,\"name\":\"Fadente celebra en Expodental el 45\u00ba Aniversario de Planmeca\"}]},{\"@type\":\"WebSite\",\"@id\":\"https:\\\/\\\/www.proclinic.es\\\/blog\\\/#website\",\"url\":\"https:\\\/\\\/www.proclinic.es\\\/blog\\\/\",\"name\":\"Blog Proclinic\",\"description\":\"\u00a1Bienvenido al blog de Proclinic! En este espacio, nos enfocamos en brindar informaci\u00f3n valiosa y actualizada para todos los profesionales del sector dental. Nuestra misi\u00f3n es mantenerte al d\u00eda de las \u00faltimas tendencias, investigaciones y t\u00e9cnicas en el campo de la odontolog\u00eda. Exploraremos temas que van desde las novedades en materiales odontol\u00f3gicos, consejos pr\u00e1cticos para la gesti\u00f3n de cl\u00ednicas dentales hasta casos cl\u00ednicos con base cient\u00edfica, eventos del sector y mucho m\u00e1s. Te invitamos a seguir nuestro contenido, dise\u00f1ado para mantener tu pr\u00e1ctica en la vanguardia de la odontolog\u00eda moderna.\",\"potentialAction\":[{\"@type\":\"SearchAction\",\"target\":{\"@type\":\"EntryPoint\",\"urlTemplate\":\"https:\\\/\\\/www.proclinic.es\\\/blog\\\/?s={search_term_string}\"},\"query-input\":{\"@type\":\"PropertyValueSpecification\",\"valueRequired\":true,\"valueName\":\"search_term_string\"}}],\"inLanguage\":\"es\"},{\"@type\":\"Person\",\"@id\":\"https:\\\/\\\/www.proclinic.es\\\/blog\\\/#\\\/schema\\\/person\\\/85e304ea367ce3922003b0d8b388e527\",\"name\":\"Anna\",\"image\":{\"@type\":\"ImageObject\",\"inLanguage\":\"es\",\"@id\":\"https:\\\/\\\/secure.gravatar.com\\\/avatar\\\/b8b19455b6924f97d0afcdeb2791066e8c8af798468c71e0fe7e686c5d0b49f4?s=96&d=mm&r=g\",\"url\":\"https:\\\/\\\/secure.gravatar.com\\\/avatar\\\/b8b19455b6924f97d0afcdeb2791066e8c8af798468c71e0fe7e686c5d0b49f4?s=96&d=mm&r=g\",\"contentUrl\":\"https:\\\/\\\/secure.gravatar.com\\\/avatar\\\/b8b19455b6924f97d0afcdeb2791066e8c8af798468c71e0fe7e686c5d0b49f4?s=96&d=mm&r=g\",\"caption\":\"Anna\"},\"description\":\"Community Manager\",\"url\":\"https:\\\/\\\/www.proclinic.es\\\/blog\\\/author\\\/anna\\\/\"}]}<\/script>\n<!-- \/ Yoast SEO plugin. -->","yoast_head_json":{"title":"Fadente celebra el 45\u00ba Aniversario de Planmeca -Blog Proclinic","description":"Este a\u00f1o la compa\u00f1\u00eda finlandesa Planmeca, uno de los principales fabricantes mundiales de equipos de alta gama para el sector odontol\u00f3gico, cumple 45 a\u00f1os en el mercado.","robots":{"index":"index","follow":"follow","max-snippet":"max-snippet:-1","max-image-preview":"max-image-preview:large","max-video-preview":"max-video-preview:-1"},"canonical":"https:\/\/www.proclinic.es\/blog\/fadente-celebra-en-expodental-el-45o-aniversario-de-planmeca\/","og_locale":"es_ES","og_type":"article","og_title":"Fadente celebra el 45\u00ba Aniversario de Planmeca -Blog Proclinic","og_description":"Este a\u00f1o la compa\u00f1\u00eda finlandesa Planmeca, uno de los principales fabricantes mundiales de equipos de alta gama para el sector odontol\u00f3gico, cumple 45 a\u00f1os en el mercado.","og_url":"https:\/\/www.proclinic.es\/blog\/fadente-celebra-en-expodental-el-45o-aniversario-de-planmeca\/","og_site_name":"Blog Proclinic","article_publisher":"https:\/\/www.facebook.com\/proclinicsa","article_published_time":"2016-03-03T10:58:49+00:00","article_modified_time":"2023-02-09T10:17:54+00:00","og_image":[{"width":700,"height":460,"url":"https:\/\/www.proclinic.es\/blog\/wp-content\/uploads\/2016\/03\/SGNcla_b.jpg","type":"image\/jpeg"}],"author":"Anna","twitter_card":"summary_large_image","twitter_creator":"@Proclinic_SA","twitter_site":"@Proclinic_SA","twitter_misc":{"Escrito por":"Anna","Tiempo de lectura":"1 minuto"},"schema":{"@context":"https:\/\/schema.org","@graph":[{"@type":"Article","@id":"https:\/\/www.proclinic.es\/blog\/fadente-celebra-en-expodental-el-45o-aniversario-de-planmeca\/#article","isPartOf":{"@id":"https:\/\/www.proclinic.es\/blog\/fadente-celebra-en-expodental-el-45o-aniversario-de-planmeca\/"},"author":{"name":"Anna","@id":"https:\/\/www.proclinic.es\/blog\/#\/schema\/person\/85e304ea367ce3922003b0d8b388e527"},"headline":"Fadente celebra en Expodental el 45\u00ba Aniversario de Planmeca","datePublished":"2016-03-03T10:58:49+00:00","dateModified":"2023-02-09T10:17:54+00:00","mainEntityOfPage":{"@id":"https:\/\/www.proclinic.es\/blog\/fadente-celebra-en-expodental-el-45o-aniversario-de-planmeca\/"},"wordCount":259,"commentCount":0,"image":{"@id":"https:\/\/www.proclinic.es\/blog\/fadente-celebra-en-expodental-el-45o-aniversario-de-planmeca\/#primaryimage"},"thumbnailUrl":"https:\/\/www.proclinic.es\/blog\/wp-content\/uploads\/2016\/03\/SGNcla_b.jpg","articleSection":["Actualidad"],"inLanguage":"es","potentialAction":[{"@type":"CommentAction","name":"Comment","target":["https:\/\/www.proclinic.es\/blog\/fadente-celebra-en-expodental-el-45o-aniversario-de-planmeca\/#respond"]}]},{"@type":"WebPage","@id":"https:\/\/www.proclinic.es\/blog\/fadente-celebra-en-expodental-el-45o-aniversario-de-planmeca\/","url":"https:\/\/www.proclinic.es\/blog\/fadente-celebra-en-expodental-el-45o-aniversario-de-planmeca\/","name":"Fadente celebra el 45\u00ba Aniversario de Planmeca -Blog Proclinic","isPartOf":{"@id":"https:\/\/www.proclinic.es\/blog\/#website"},"primaryImageOfPage":{"@id":"https:\/\/www.proclinic.es\/blog\/fadente-celebra-en-expodental-el-45o-aniversario-de-planmeca\/#primaryimage"},"image":{"@id":"https:\/\/www.proclinic.es\/blog\/fadente-celebra-en-expodental-el-45o-aniversario-de-planmeca\/#primaryimage"},"thumbnailUrl":"https:\/\/www.proclinic.es\/blog\/wp-content\/uploads\/2016\/03\/SGNcla_b.jpg","datePublished":"2016-03-03T10:58:49+00:00","dateModified":"2023-02-09T10:17:54+00:00","author":{"@id":"https:\/\/www.proclinic.es\/blog\/#\/schema\/person\/85e304ea367ce3922003b0d8b388e527"},"description":"Este a\u00f1o la compa\u00f1\u00eda finlandesa Planmeca, uno de los principales fabricantes mundiales de equipos de alta gama para el sector odontol\u00f3gico, cumple 45 a\u00f1os en el mercado.","breadcrumb":{"@id":"https:\/\/www.proclinic.es\/blog\/fadente-celebra-en-expodental-el-45o-aniversario-de-planmeca\/#breadcrumb"},"inLanguage":"es","potentialAction":[{"@type":"ReadAction","target":["https:\/\/www.proclinic.es\/blog\/fadente-celebra-en-expodental-el-45o-aniversario-de-planmeca\/"]}]},{"@type":"ImageObject","inLanguage":"es","@id":"https:\/\/www.proclinic.es\/blog\/fadente-celebra-en-expodental-el-45o-aniversario-de-planmeca\/#primaryimage","url":"https:\/\/www.proclinic.es\/blog\/wp-content\/uploads\/2016\/03\/SGNcla_b.jpg","contentUrl":"https:\/\/www.proclinic.es\/blog\/wp-content\/uploads\/2016\/03\/SGNcla_b.jpg","width":700,"height":460},{"@type":"BreadcrumbList","@id":"https:\/\/www.proclinic.es\/blog\/fadente-celebra-en-expodental-el-45o-aniversario-de-planmeca\/#breadcrumb","itemListElement":[{"@type":"ListItem","position":1,"name":"Home","item":"https:\/\/www.proclinic.es\/blog\/"},{"@type":"ListItem","position":2,"name":"Fadente celebra en Expodental el 45\u00ba Aniversario de Planmeca"}]},{"@type":"WebSite","@id":"https:\/\/www.proclinic.es\/blog\/#website","url":"https:\/\/www.proclinic.es\/blog\/","name":"Blog Proclinic","description":"\u00a1Bienvenido al blog de Proclinic! En este espacio, nos enfocamos en brindar informaci\u00f3n valiosa y actualizada para todos los profesionales del sector dental. Nuestra misi\u00f3n es mantenerte al d\u00eda de las \u00faltimas tendencias, investigaciones y t\u00e9cnicas en el campo de la odontolog\u00eda. Exploraremos temas que van desde las novedades en materiales odontol\u00f3gicos, consejos pr\u00e1cticos para la gesti\u00f3n de cl\u00ednicas dentales hasta casos cl\u00ednicos con base cient\u00edfica, eventos del sector y mucho m\u00e1s. Te invitamos a seguir nuestro contenido, dise\u00f1ado para mantener tu pr\u00e1ctica en la vanguardia de la odontolog\u00eda moderna.","potentialAction":[{"@type":"SearchAction","target":{"@type":"EntryPoint","urlTemplate":"https:\/\/www.proclinic.es\/blog\/?s={search_term_string}"},"query-input":{"@type":"PropertyValueSpecification","valueRequired":true,"valueName":"search_term_string"}}],"inLanguage":"es"},{"@type":"Person","@id":"https:\/\/www.proclinic.es\/blog\/#\/schema\/person\/85e304ea367ce3922003b0d8b388e527","name":"Anna","image":{"@type":"ImageObject","inLanguage":"es","@id":"https:\/\/secure.gravatar.com\/avatar\/b8b19455b6924f97d0afcdeb2791066e8c8af798468c71e0fe7e686c5d0b49f4?s=96&d=mm&r=g","url":"https:\/\/secure.gravatar.com\/avatar\/b8b19455b6924f97d0afcdeb2791066e8c8af798468c71e0fe7e686c5d0b49f4?s=96&d=mm&r=g","contentUrl":"https:\/\/secure.gravatar.com\/avatar\/b8b19455b6924f97d0afcdeb2791066e8c8af798468c71e0fe7e686c5d0b49f4?s=96&d=mm&r=g","caption":"Anna"},"description":"Community Manager","url":"https:\/\/www.proclinic.es\/blog\/author\/anna\/"}]}},"jetpack_featured_media_url":"https:\/\/www.proclinic.es\/blog\/wp-content\/uploads\/2016\/03\/SGNcla_b.jpg","_links":{"self":[{"href":"https:\/\/www.proclinic.es\/blog\/wp-json\/wp\/v2\/posts\/2661","targetHints":{"allow":["GET"]}}],"collection":[{"href":"https:\/\/www.proclinic.es\/blog\/wp-json\/wp\/v2\/posts"}],"about":[{"href":"https:\/\/www.proclinic.es\/blog\/wp-json\/wp\/v2\/types\/post"}],"author":[{"embeddable":true,"href":"https:\/\/www.proclinic.es\/blog\/wp-json\/wp\/v2\/users\/101011"}],"replies":[{"embeddable":true,"href":"https:\/\/www.proclinic.es\/blog\/wp-json\/wp\/v2\/comments?post=2661"}],"version-history":[{"count":2,"href":"https:\/\/www.proclinic.es\/blog\/wp-json\/wp\/v2\/posts\/2661\/revisions"}],"predecessor-version":[{"id":2665,"href":"https:\/\/www.proclinic.es\/blog\/wp-json\/wp\/v2\/posts\/2661\/revisions\/2665"}],"wp:featuredmedia":[{"embeddable":true,"href":"https:\/\/www.proclinic.es\/blog\/wp-json\/wp\/v2\/media\/2662"}],"wp:attachment":[{"href":"https:\/\/www.proclinic.es\/blog\/wp-json\/wp\/v2\/media?parent=2661"}],"wp:term":[{"taxonomy":"category","embeddable":true,"href":"https:\/\/www.proclinic.es\/blog\/wp-json\/wp\/v2\/categories?post=2661"},{"taxonomy":"post_tag","embeddable":true,"href":"https:\/\/www.proclinic.es\/blog\/wp-json\/wp\/v2\/tags?post=2661"}],"curies":[{"name":"wp","href":"https:\/\/api.w.org\/{rel}","templated":true}]}}