{"id":2544,"date":"2015-12-16T13:59:07","date_gmt":"2015-12-16T11:59:07","guid":{"rendered":"http:\/\/localhost\/blogProclinic\/web\/?p=2544"},"modified":"2015-12-16T14:00:45","modified_gmt":"2015-12-16T12:00:45","slug":"asistimos-la-reunion-de-invierno-de-la-sedo","status":"publish","type":"post","link":"https:\/\/www.proclinic.es\/blog\/asistimos-la-reunion-de-invierno-de-la-sedo\/","title":{"rendered":"Asistimos a la reuni\u00f3n de invierno de la SEDO"},"content":{"rendered":"<p><strong>Los pasados 20 y 21 de noviembre asistimos a la 23\u00aa Reuni\u00f3n de Invierno de la SEDO, la Sociedad Espa\u00f1ola de Ortodoncia y Ortopedia Dentofacial, que tuvo lugar en la Facultad de Medicina de la Universidad Complutense de Madrid.<\/strong><!--more--><\/p>\n<p>&nbsp;<\/p>\n<p>En esta edici\u00f3n el tema principal fue el <strong>tratamiento temprano de la mordida cruzada anterior y posterior<\/strong>.<\/p>\n<p>&nbsp;<\/p>\n<p>Proclinic tuvo un espacio dedicado a la exposici\u00f3n de los nuevos productos de ortodoncia, donde muchos de los asistentes se interesaron por los mismos y se les hizo un <strong>descuento especial<\/strong> para que pudieran beneficiarse <strong>hasta el 30 de noviembre<\/strong>.<\/p>\n<p>Por parte de Proclinic asistieron Almudena Ortiz, M\u00f3nica Mayoral, Sergio Caballero y Guillermo de la Horra.<\/p>\n<p>&nbsp;<\/p>\n<p>Consulta los pr\u00f3ximos cursos que estamos organizando para el 2016 en la\u00a0<a title=\"Formaci\u00f3n Proclinic\" href=\"https:\/\/www.proclinic.es\/eventos\" target=\"_blank\">Agenda Proclinic.<\/a><\/p>\n<p>&nbsp;<\/p>\n<p>&nbsp;<\/p>\n<p>&nbsp;<\/p>\n<p>&nbsp;<\/p>\n<p>&nbsp;<\/p>\n<p>&nbsp;<\/p>\n<p>&nbsp;<\/p>\n","protected":false},"excerpt":{"rendered":"<p>Los pasados 20 y 21 de noviembre asistimos a la 23\u00aa Reuni\u00f3n de Invierno de la SEDO, la Sociedad Espa\u00f1ola de Ortodoncia y Ortopedia Dentofacial, que tuvo lugar en la Facultad de Medicina de la Universidad Complutense de Madrid.<\/p>\n","protected":false},"author":101011,"featured_media":2545,"comment_status":"open","ping_status":"open","sticky":false,"template":"","format":"standard","meta":{"footnotes":""},"categories":[43],"tags":[],"class_list":["post-2544","post","type-post","status-publish","format-standard","has-post-thumbnail","hentry","category-formacion"],"yoast_head":"<!-- This site is optimized with the Yoast SEO plugin v27.4 - https:\/\/yoast.com\/product\/yoast-seo-wordpress\/ -->\n<title>Asistimos a la reuni\u00f3n de invierno de la SEDO - Blog Proclinic<\/title>\n<meta name=\"description\" content=\"Los pasados 20 y 21 de noviembre asistimos a la 23\u00aa Reuni\u00f3n de Invierno de la SEDO, la Sociedad Espa\u00f1ola de Ortodoncia y Ortopedia Dentofacial, que tuvo lugar en la Facultad de Medicina de la Universidad Complutense de Madrid.\" \/>\n<meta name=\"robots\" content=\"index, follow, max-snippet:-1, max-image-preview:large, max-video-preview:-1\" \/>\n<link rel=\"canonical\" href=\"https:\/\/www.proclinic.es\/blog\/asistimos-la-reunion-de-invierno-de-la-sedo\/\" \/>\n<meta property=\"og:locale\" content=\"es_ES\" \/>\n<meta property=\"og:type\" content=\"article\" \/>\n<meta property=\"og:title\" content=\"Asistimos a la reuni\u00f3n de invierno de la SEDO - Blog Proclinic\" \/>\n<meta property=\"og:description\" content=\"Los pasados 20 y 21 de noviembre asistimos a la 23\u00aa Reuni\u00f3n de Invierno de la SEDO, la Sociedad Espa\u00f1ola de Ortodoncia y Ortopedia Dentofacial, que tuvo lugar en la Facultad de Medicina de la Universidad Complutense de Madrid.\" \/>\n<meta property=\"og:url\" content=\"https:\/\/www.proclinic.es\/blog\/asistimos-la-reunion-de-invierno-de-la-sedo\/\" \/>\n<meta property=\"og:site_name\" content=\"Blog Proclinic\" \/>\n<meta property=\"article:publisher\" content=\"https:\/\/www.facebook.com\/proclinicsa\" \/>\n<meta property=\"article:published_time\" content=\"2015-12-16T11:59:07+00:00\" \/>\n<meta property=\"article:modified_time\" content=\"2015-12-16T12:00:45+00:00\" \/>\n<meta property=\"og:image\" content=\"https:\/\/www.proclinic.es\/blog\/wp-content\/uploads\/2015\/12\/IMG-20151202-WA0001.jpg\" \/>\n\t<meta property=\"og:image:width\" content=\"1600\" \/>\n\t<meta property=\"og:image:height\" content=\"1200\" \/>\n\t<meta property=\"og:image:type\" content=\"image\/jpeg\" \/>\n<meta name=\"author\" content=\"Anna\" \/>\n<meta name=\"twitter:card\" content=\"summary_large_image\" \/>\n<meta name=\"twitter:creator\" content=\"@Proclinic_SA\" \/>\n<meta name=\"twitter:site\" content=\"@Proclinic_SA\" \/>\n<meta name=\"twitter:label1\" content=\"Escrito por\" \/>\n\t<meta name=\"twitter:data1\" content=\"Anna\" \/>\n\t<meta name=\"twitter:label2\" content=\"Tiempo de lectura\" \/>\n\t<meta name=\"twitter:data2\" content=\"1 minuto\" \/>\n<script type=\"application\/ld+json\" class=\"yoast-schema-graph\">{\"@context\":\"https:\\\/\\\/schema.org\",\"@graph\":[{\"@type\":\"Article\",\"@id\":\"https:\\\/\\\/www.proclinic.es\\\/blog\\\/asistimos-la-reunion-de-invierno-de-la-sedo\\\/#article\",\"isPartOf\":{\"@id\":\"https:\\\/\\\/www.proclinic.es\\\/blog\\\/asistimos-la-reunion-de-invierno-de-la-sedo\\\/\"},\"author\":{\"name\":\"Anna\",\"@id\":\"https:\\\/\\\/www.proclinic.es\\\/blog\\\/#\\\/schema\\\/person\\\/85e304ea367ce3922003b0d8b388e527\"},\"headline\":\"Asistimos a la reuni\u00f3n de invierno de la SEDO\",\"datePublished\":\"2015-12-16T11:59:07+00:00\",\"dateModified\":\"2015-12-16T12:00:45+00:00\",\"mainEntityOfPage\":{\"@id\":\"https:\\\/\\\/www.proclinic.es\\\/blog\\\/asistimos-la-reunion-de-invierno-de-la-sedo\\\/\"},\"wordCount\":147,\"commentCount\":0,\"image\":{\"@id\":\"https:\\\/\\\/www.proclinic.es\\\/blog\\\/asistimos-la-reunion-de-invierno-de-la-sedo\\\/#primaryimage\"},\"thumbnailUrl\":\"https:\\\/\\\/www.proclinic.es\\\/blog\\\/wp-content\\\/uploads\\\/2015\\\/12\\\/IMG-20151202-WA0001.jpg\",\"articleSection\":[\"Formaci\u00f3n y Eventos\"],\"inLanguage\":\"es\",\"potentialAction\":[{\"@type\":\"CommentAction\",\"name\":\"Comment\",\"target\":[\"https:\\\/\\\/www.proclinic.es\\\/blog\\\/asistimos-la-reunion-de-invierno-de-la-sedo\\\/#respond\"]}]},{\"@type\":\"WebPage\",\"@id\":\"https:\\\/\\\/www.proclinic.es\\\/blog\\\/asistimos-la-reunion-de-invierno-de-la-sedo\\\/\",\"url\":\"https:\\\/\\\/www.proclinic.es\\\/blog\\\/asistimos-la-reunion-de-invierno-de-la-sedo\\\/\",\"name\":\"Asistimos a la reuni\u00f3n de invierno de la SEDO - Blog Proclinic\",\"isPartOf\":{\"@id\":\"https:\\\/\\\/www.proclinic.es\\\/blog\\\/#website\"},\"primaryImageOfPage\":{\"@id\":\"https:\\\/\\\/www.proclinic.es\\\/blog\\\/asistimos-la-reunion-de-invierno-de-la-sedo\\\/#primaryimage\"},\"image\":{\"@id\":\"https:\\\/\\\/www.proclinic.es\\\/blog\\\/asistimos-la-reunion-de-invierno-de-la-sedo\\\/#primaryimage\"},\"thumbnailUrl\":\"https:\\\/\\\/www.proclinic.es\\\/blog\\\/wp-content\\\/uploads\\\/2015\\\/12\\\/IMG-20151202-WA0001.jpg\",\"datePublished\":\"2015-12-16T11:59:07+00:00\",\"dateModified\":\"2015-12-16T12:00:45+00:00\",\"author\":{\"@id\":\"https:\\\/\\\/www.proclinic.es\\\/blog\\\/#\\\/schema\\\/person\\\/85e304ea367ce3922003b0d8b388e527\"},\"description\":\"Los pasados 20 y 21 de noviembre asistimos a la 23\u00aa Reuni\u00f3n de Invierno de la SEDO, la Sociedad Espa\u00f1ola de Ortodoncia y Ortopedia Dentofacial, que tuvo lugar en la Facultad de Medicina de la Universidad Complutense de Madrid.\",\"breadcrumb\":{\"@id\":\"https:\\\/\\\/www.proclinic.es\\\/blog\\\/asistimos-la-reunion-de-invierno-de-la-sedo\\\/#breadcrumb\"},\"inLanguage\":\"es\",\"potentialAction\":[{\"@type\":\"ReadAction\",\"target\":[\"https:\\\/\\\/www.proclinic.es\\\/blog\\\/asistimos-la-reunion-de-invierno-de-la-sedo\\\/\"]}]},{\"@type\":\"ImageObject\",\"inLanguage\":\"es\",\"@id\":\"https:\\\/\\\/www.proclinic.es\\\/blog\\\/asistimos-la-reunion-de-invierno-de-la-sedo\\\/#primaryimage\",\"url\":\"https:\\\/\\\/www.proclinic.es\\\/blog\\\/wp-content\\\/uploads\\\/2015\\\/12\\\/IMG-20151202-WA0001.jpg\",\"contentUrl\":\"https:\\\/\\\/www.proclinic.es\\\/blog\\\/wp-content\\\/uploads\\\/2015\\\/12\\\/IMG-20151202-WA0001.jpg\",\"width\":1600,\"height\":1200},{\"@type\":\"BreadcrumbList\",\"@id\":\"https:\\\/\\\/www.proclinic.es\\\/blog\\\/asistimos-la-reunion-de-invierno-de-la-sedo\\\/#breadcrumb\",\"itemListElement\":[{\"@type\":\"ListItem\",\"position\":1,\"name\":\"Home\",\"item\":\"https:\\\/\\\/www.proclinic.es\\\/blog\\\/\"},{\"@type\":\"ListItem\",\"position\":2,\"name\":\"Asistimos a la reuni\u00f3n de invierno de la SEDO\"}]},{\"@type\":\"WebSite\",\"@id\":\"https:\\\/\\\/www.proclinic.es\\\/blog\\\/#website\",\"url\":\"https:\\\/\\\/www.proclinic.es\\\/blog\\\/\",\"name\":\"Blog Proclinic\",\"description\":\"\u00a1Bienvenido al blog de Proclinic! En este espacio, nos enfocamos en brindar informaci\u00f3n valiosa y actualizada para todos los profesionales del sector dental. Nuestra misi\u00f3n es mantenerte al d\u00eda de las \u00faltimas tendencias, investigaciones y t\u00e9cnicas en el campo de la odontolog\u00eda. Exploraremos temas que van desde las novedades en materiales odontol\u00f3gicos, consejos pr\u00e1cticos para la gesti\u00f3n de cl\u00ednicas dentales hasta casos cl\u00ednicos con base cient\u00edfica, eventos del sector y mucho m\u00e1s. Te invitamos a seguir nuestro contenido, dise\u00f1ado para mantener tu pr\u00e1ctica en la vanguardia de la odontolog\u00eda moderna.\",\"potentialAction\":[{\"@type\":\"SearchAction\",\"target\":{\"@type\":\"EntryPoint\",\"urlTemplate\":\"https:\\\/\\\/www.proclinic.es\\\/blog\\\/?s={search_term_string}\"},\"query-input\":{\"@type\":\"PropertyValueSpecification\",\"valueRequired\":true,\"valueName\":\"search_term_string\"}}],\"inLanguage\":\"es\"},{\"@type\":\"Person\",\"@id\":\"https:\\\/\\\/www.proclinic.es\\\/blog\\\/#\\\/schema\\\/person\\\/85e304ea367ce3922003b0d8b388e527\",\"name\":\"Anna\",\"image\":{\"@type\":\"ImageObject\",\"inLanguage\":\"es\",\"@id\":\"https:\\\/\\\/secure.gravatar.com\\\/avatar\\\/b8b19455b6924f97d0afcdeb2791066e8c8af798468c71e0fe7e686c5d0b49f4?s=96&d=mm&r=g\",\"url\":\"https:\\\/\\\/secure.gravatar.com\\\/avatar\\\/b8b19455b6924f97d0afcdeb2791066e8c8af798468c71e0fe7e686c5d0b49f4?s=96&d=mm&r=g\",\"contentUrl\":\"https:\\\/\\\/secure.gravatar.com\\\/avatar\\\/b8b19455b6924f97d0afcdeb2791066e8c8af798468c71e0fe7e686c5d0b49f4?s=96&d=mm&r=g\",\"caption\":\"Anna\"},\"description\":\"Community Manager\",\"url\":\"https:\\\/\\\/www.proclinic.es\\\/blog\\\/author\\\/anna\\\/\"}]}<\/script>\n<!-- \/ Yoast SEO plugin. -->","yoast_head_json":{"title":"Asistimos a la reuni\u00f3n de invierno de la SEDO - Blog Proclinic","description":"Los pasados 20 y 21 de noviembre asistimos a la 23\u00aa Reuni\u00f3n de Invierno de la SEDO, la Sociedad Espa\u00f1ola de Ortodoncia y Ortopedia Dentofacial, que tuvo lugar en la Facultad de Medicina de la Universidad Complutense de Madrid.","robots":{"index":"index","follow":"follow","max-snippet":"max-snippet:-1","max-image-preview":"max-image-preview:large","max-video-preview":"max-video-preview:-1"},"canonical":"https:\/\/www.proclinic.es\/blog\/asistimos-la-reunion-de-invierno-de-la-sedo\/","og_locale":"es_ES","og_type":"article","og_title":"Asistimos a la reuni\u00f3n de invierno de la SEDO - Blog Proclinic","og_description":"Los pasados 20 y 21 de noviembre asistimos a la 23\u00aa Reuni\u00f3n de Invierno de la SEDO, la Sociedad Espa\u00f1ola de Ortodoncia y Ortopedia Dentofacial, que tuvo lugar en la Facultad de Medicina de la Universidad Complutense de Madrid.","og_url":"https:\/\/www.proclinic.es\/blog\/asistimos-la-reunion-de-invierno-de-la-sedo\/","og_site_name":"Blog Proclinic","article_publisher":"https:\/\/www.facebook.com\/proclinicsa","article_published_time":"2015-12-16T11:59:07+00:00","article_modified_time":"2015-12-16T12:00:45+00:00","og_image":[{"width":1600,"height":1200,"url":"https:\/\/www.proclinic.es\/blog\/wp-content\/uploads\/2015\/12\/IMG-20151202-WA0001.jpg","type":"image\/jpeg"}],"author":"Anna","twitter_card":"summary_large_image","twitter_creator":"@Proclinic_SA","twitter_site":"@Proclinic_SA","twitter_misc":{"Escrito por":"Anna","Tiempo de lectura":"1 minuto"},"schema":{"@context":"https:\/\/schema.org","@graph":[{"@type":"Article","@id":"https:\/\/www.proclinic.es\/blog\/asistimos-la-reunion-de-invierno-de-la-sedo\/#article","isPartOf":{"@id":"https:\/\/www.proclinic.es\/blog\/asistimos-la-reunion-de-invierno-de-la-sedo\/"},"author":{"name":"Anna","@id":"https:\/\/www.proclinic.es\/blog\/#\/schema\/person\/85e304ea367ce3922003b0d8b388e527"},"headline":"Asistimos a la reuni\u00f3n de invierno de la SEDO","datePublished":"2015-12-16T11:59:07+00:00","dateModified":"2015-12-16T12:00:45+00:00","mainEntityOfPage":{"@id":"https:\/\/www.proclinic.es\/blog\/asistimos-la-reunion-de-invierno-de-la-sedo\/"},"wordCount":147,"commentCount":0,"image":{"@id":"https:\/\/www.proclinic.es\/blog\/asistimos-la-reunion-de-invierno-de-la-sedo\/#primaryimage"},"thumbnailUrl":"https:\/\/www.proclinic.es\/blog\/wp-content\/uploads\/2015\/12\/IMG-20151202-WA0001.jpg","articleSection":["Formaci\u00f3n y Eventos"],"inLanguage":"es","potentialAction":[{"@type":"CommentAction","name":"Comment","target":["https:\/\/www.proclinic.es\/blog\/asistimos-la-reunion-de-invierno-de-la-sedo\/#respond"]}]},{"@type":"WebPage","@id":"https:\/\/www.proclinic.es\/blog\/asistimos-la-reunion-de-invierno-de-la-sedo\/","url":"https:\/\/www.proclinic.es\/blog\/asistimos-la-reunion-de-invierno-de-la-sedo\/","name":"Asistimos a la reuni\u00f3n de invierno de la SEDO - Blog Proclinic","isPartOf":{"@id":"https:\/\/www.proclinic.es\/blog\/#website"},"primaryImageOfPage":{"@id":"https:\/\/www.proclinic.es\/blog\/asistimos-la-reunion-de-invierno-de-la-sedo\/#primaryimage"},"image":{"@id":"https:\/\/www.proclinic.es\/blog\/asistimos-la-reunion-de-invierno-de-la-sedo\/#primaryimage"},"thumbnailUrl":"https:\/\/www.proclinic.es\/blog\/wp-content\/uploads\/2015\/12\/IMG-20151202-WA0001.jpg","datePublished":"2015-12-16T11:59:07+00:00","dateModified":"2015-12-16T12:00:45+00:00","author":{"@id":"https:\/\/www.proclinic.es\/blog\/#\/schema\/person\/85e304ea367ce3922003b0d8b388e527"},"description":"Los pasados 20 y 21 de noviembre asistimos a la 23\u00aa Reuni\u00f3n de Invierno de la SEDO, la Sociedad Espa\u00f1ola de Ortodoncia y Ortopedia Dentofacial, que tuvo lugar en la Facultad de Medicina de la Universidad Complutense de Madrid.","breadcrumb":{"@id":"https:\/\/www.proclinic.es\/blog\/asistimos-la-reunion-de-invierno-de-la-sedo\/#breadcrumb"},"inLanguage":"es","potentialAction":[{"@type":"ReadAction","target":["https:\/\/www.proclinic.es\/blog\/asistimos-la-reunion-de-invierno-de-la-sedo\/"]}]},{"@type":"ImageObject","inLanguage":"es","@id":"https:\/\/www.proclinic.es\/blog\/asistimos-la-reunion-de-invierno-de-la-sedo\/#primaryimage","url":"https:\/\/www.proclinic.es\/blog\/wp-content\/uploads\/2015\/12\/IMG-20151202-WA0001.jpg","contentUrl":"https:\/\/www.proclinic.es\/blog\/wp-content\/uploads\/2015\/12\/IMG-20151202-WA0001.jpg","width":1600,"height":1200},{"@type":"BreadcrumbList","@id":"https:\/\/www.proclinic.es\/blog\/asistimos-la-reunion-de-invierno-de-la-sedo\/#breadcrumb","itemListElement":[{"@type":"ListItem","position":1,"name":"Home","item":"https:\/\/www.proclinic.es\/blog\/"},{"@type":"ListItem","position":2,"name":"Asistimos a la reuni\u00f3n de invierno de la SEDO"}]},{"@type":"WebSite","@id":"https:\/\/www.proclinic.es\/blog\/#website","url":"https:\/\/www.proclinic.es\/blog\/","name":"Blog Proclinic","description":"\u00a1Bienvenido al blog de Proclinic! En este espacio, nos enfocamos en brindar informaci\u00f3n valiosa y actualizada para todos los profesionales del sector dental. Nuestra misi\u00f3n es mantenerte al d\u00eda de las \u00faltimas tendencias, investigaciones y t\u00e9cnicas en el campo de la odontolog\u00eda. Exploraremos temas que van desde las novedades en materiales odontol\u00f3gicos, consejos pr\u00e1cticos para la gesti\u00f3n de cl\u00ednicas dentales hasta casos cl\u00ednicos con base cient\u00edfica, eventos del sector y mucho m\u00e1s. Te invitamos a seguir nuestro contenido, dise\u00f1ado para mantener tu pr\u00e1ctica en la vanguardia de la odontolog\u00eda moderna.","potentialAction":[{"@type":"SearchAction","target":{"@type":"EntryPoint","urlTemplate":"https:\/\/www.proclinic.es\/blog\/?s={search_term_string}"},"query-input":{"@type":"PropertyValueSpecification","valueRequired":true,"valueName":"search_term_string"}}],"inLanguage":"es"},{"@type":"Person","@id":"https:\/\/www.proclinic.es\/blog\/#\/schema\/person\/85e304ea367ce3922003b0d8b388e527","name":"Anna","image":{"@type":"ImageObject","inLanguage":"es","@id":"https:\/\/secure.gravatar.com\/avatar\/b8b19455b6924f97d0afcdeb2791066e8c8af798468c71e0fe7e686c5d0b49f4?s=96&d=mm&r=g","url":"https:\/\/secure.gravatar.com\/avatar\/b8b19455b6924f97d0afcdeb2791066e8c8af798468c71e0fe7e686c5d0b49f4?s=96&d=mm&r=g","contentUrl":"https:\/\/secure.gravatar.com\/avatar\/b8b19455b6924f97d0afcdeb2791066e8c8af798468c71e0fe7e686c5d0b49f4?s=96&d=mm&r=g","caption":"Anna"},"description":"Community Manager","url":"https:\/\/www.proclinic.es\/blog\/author\/anna\/"}]}},"jetpack_featured_media_url":"https:\/\/www.proclinic.es\/blog\/wp-content\/uploads\/2015\/12\/IMG-20151202-WA0001.jpg","_links":{"self":[{"href":"https:\/\/www.proclinic.es\/blog\/wp-json\/wp\/v2\/posts\/2544","targetHints":{"allow":["GET"]}}],"collection":[{"href":"https:\/\/www.proclinic.es\/blog\/wp-json\/wp\/v2\/posts"}],"about":[{"href":"https:\/\/www.proclinic.es\/blog\/wp-json\/wp\/v2\/types\/post"}],"author":[{"embeddable":true,"href":"https:\/\/www.proclinic.es\/blog\/wp-json\/wp\/v2\/users\/101011"}],"replies":[{"embeddable":true,"href":"https:\/\/www.proclinic.es\/blog\/wp-json\/wp\/v2\/comments?post=2544"}],"version-history":[{"count":3,"href":"https:\/\/www.proclinic.es\/blog\/wp-json\/wp\/v2\/posts\/2544\/revisions"}],"predecessor-version":[{"id":2548,"href":"https:\/\/www.proclinic.es\/blog\/wp-json\/wp\/v2\/posts\/2544\/revisions\/2548"}],"wp:featuredmedia":[{"embeddable":true,"href":"https:\/\/www.proclinic.es\/blog\/wp-json\/wp\/v2\/media\/2545"}],"wp:attachment":[{"href":"https:\/\/www.proclinic.es\/blog\/wp-json\/wp\/v2\/media?parent=2544"}],"wp:term":[{"taxonomy":"category","embeddable":true,"href":"https:\/\/www.proclinic.es\/blog\/wp-json\/wp\/v2\/categories?post=2544"},{"taxonomy":"post_tag","embeddable":true,"href":"https:\/\/www.proclinic.es\/blog\/wp-json\/wp\/v2\/tags?post=2544"}],"curies":[{"name":"wp","href":"https:\/\/api.w.org\/{rel}","templated":true}]}}