{"id":2455,"date":"2015-11-10T18:08:22","date_gmt":"2015-11-10T16:08:22","guid":{"rendered":"http:\/\/localhost\/blogProclinic\/web\/?p=2455"},"modified":"2015-11-10T18:14:52","modified_gmt":"2015-11-10T16:14:52","slug":"congresos-y-formaciones-realizadas-en-octubre","status":"publish","type":"post","link":"https:\/\/www.proclinic.es\/blog\/congresos-y-formaciones-realizadas-en-octubre\/","title":{"rendered":"Congresos y formaciones realizadas en octubre"},"content":{"rendered":"<p><strong>El mes de octubre ha estado repleto de formaciones y congresos en diferentes puntos de la geograf\u00eda espa\u00f1ola y Proclinic ha estado presente en todos ellos. A continuaci\u00f3n os detallamos cuales son.<\/strong><!--more--><\/p>\n<p>&nbsp;<\/p>\n<p>Los d\u00edas 1, 2 y 3 de octubre se celebr\u00f3 el <strong>3er Simposium Internacional en Piezosurgery, en Barcelona<\/strong>. Este congreso de car\u00e1cter internacional cont\u00f3 con 300 asistentes.\u00a0En representaci\u00f3n de Proclinic asistieron Paco Arias, Alex N\u00fa\u00f1ez y Luis Pozo.<\/p>\n<p>&nbsp;<\/p>\n<p>El 9, 10 y 11 de octubre se celebr\u00f3 el <strong>45 Congreso Anual de la Sociedad Espa\u00f1ola de Pr\u00f3tesis Estomatol\u00f3gica y Est\u00e9tica (SEPES) en Sevilla<\/strong>. Este congreso congrega a un gran n\u00famero de personas a\u00f1o tras a\u00f1o, en esta edici\u00f3n han habido\u00a0m\u00e1s de 2.500 asistentes. En representaci\u00f3n de Proclinic asistieron Luis\u00a0Pozo y Rafa Baena. Tambi\u00e9n <strong>queremos dar las gracias al Dr. Fern\u00e1ndez por su participaci\u00f3n como ponente<\/strong>.<\/p>\n<p>&nbsp;<\/p>\n<p>El viernes 16 de octubre se celebr\u00f3 la <strong>3\u00aa Jornada de Implantolog\u00eda Avanzada en Barcelona, con la colaboraci\u00f3n como conferenciantes de los doctores Juan Alberto Fern\u00e1ndez Ruiz y Josep Planas S\u00e1nchez<\/strong>. Hubo un total de 28 asistentes.\u00a0En representaci\u00f3n de Proclinic asistieron Luis Pozo, Koldo Insausti, Paco Arias y Alex N\u00fa\u00f1ez.<\/p>\n<p>&nbsp;<\/p>\n<p>El 23 de octubre se celebr\u00f3 la <strong>1\u00aa Jornada de Prostodoncia Proclinic en Madrid, con la colaboraci\u00f3n de los doctores Francisco Mart\u00ednez Rus y Ra\u00fal Fern\u00e1ndez Encinas como conferenciantes<\/strong>. Hubo un total de 38 asistentes.\u00a0En representaci\u00f3n de Proclinic asistieron Luis Pozo, Alex N\u00fa\u00f1ez, Miguel Otero y Carlos L\u00f3pez.<\/p>\n<p>&nbsp;<\/p>\n<p>Y finalmente, los d\u00edas 29, 30 y 31 de octubre se celebr\u00f3 el <strong>XIII Congreso Nacional de la Sociedad Espa\u00f1ola de Cirug\u00eda Bucal (SECIB) en Bilbao<\/strong>. Agradecemos <strong>la colaboraci\u00f3n del Dr. Fern\u00e1ndez como conferenciante en este congreso<\/strong> en el que hubo m\u00e1s\u00a0de 900 asistentes.\u00a0En representaci\u00f3n de Proclinic asistieron Luis Pozo, Alex N\u00fa\u00f1ez y Jose Luis Firvida.<\/p>\n<p>&nbsp;<\/p>\n<p>Consulta los pr\u00f3ximos cursos que estamos organizando en la\u00a0<a title=\"Formaci\u00f3n Proclinic\" href=\"https:\/\/www.proclinic.es\/eventos\" target=\"_blank\">Agenda Proclinic.<\/a><\/p>\n<p>&nbsp;<\/p>\n<p>&nbsp;<\/p>\n<p>&nbsp;<\/p>\n<p>&nbsp;<\/p>\n<p>&nbsp;<\/p>\n<p>&nbsp;<\/p>\n<p>&nbsp;<\/p>\n","protected":false},"excerpt":{"rendered":"<p>El mes de octubre ha estado repleto de formaciones y congresos en diferentes puntos de la geograf\u00eda espa\u00f1ola y Proclinic ha estado presente en todos ellos. A continuaci\u00f3n os detallamos cuales son.<\/p>\n","protected":false},"author":101011,"featured_media":2456,"comment_status":"open","ping_status":"open","sticky":false,"template":"","format":"gallery","meta":{"footnotes":""},"categories":[43],"tags":[],"class_list":["post-2455","post","type-post","status-publish","format-gallery","has-post-thumbnail","hentry","category-formacion","post_format-post-format-gallery"],"yoast_head":"<!-- This site is optimized with the Yoast SEO plugin v27.4 - https:\/\/yoast.com\/product\/yoast-seo-wordpress\/ -->\n<title>Congresos y formaciones realizadas en octubre - Blog Proclinic<\/title>\n<meta name=\"description\" content=\"El mes de octubre ha estado repleto de formaciones y congresos en diferentes puntos de la geograf\u00eda espa\u00f1ola y Proclinic ha estado presente en todos ellos.\" \/>\n<meta name=\"robots\" content=\"index, follow, max-snippet:-1, max-image-preview:large, max-video-preview:-1\" \/>\n<link rel=\"canonical\" href=\"https:\/\/www.proclinic.es\/blog\/congresos-y-formaciones-realizadas-en-octubre\/\" \/>\n<meta property=\"og:locale\" content=\"es_ES\" \/>\n<meta property=\"og:type\" content=\"article\" \/>\n<meta property=\"og:title\" content=\"Congresos y formaciones realizadas en octubre - Blog Proclinic\" \/>\n<meta property=\"og:description\" content=\"El mes de octubre ha estado repleto de formaciones y congresos en diferentes puntos de la geograf\u00eda espa\u00f1ola y Proclinic ha estado presente en todos ellos.\" \/>\n<meta property=\"og:url\" content=\"https:\/\/www.proclinic.es\/blog\/congresos-y-formaciones-realizadas-en-octubre\/\" \/>\n<meta property=\"og:site_name\" content=\"Blog Proclinic\" \/>\n<meta property=\"article:publisher\" content=\"https:\/\/www.facebook.com\/proclinicsa\" \/>\n<meta property=\"article:published_time\" content=\"2015-11-10T16:08:22+00:00\" \/>\n<meta property=\"article:modified_time\" content=\"2015-11-10T16:14:52+00:00\" \/>\n<meta property=\"og:image\" content=\"https:\/\/www.proclinic.es\/blog\/wp-content\/uploads\/2015\/11\/IMG_5861b-scaled.jpg\" \/>\n\t<meta property=\"og:image:width\" content=\"2560\" \/>\n\t<meta property=\"og:image:height\" content=\"1920\" \/>\n\t<meta property=\"og:image:type\" content=\"image\/jpeg\" \/>\n<meta name=\"author\" content=\"Anna\" \/>\n<meta name=\"twitter:card\" content=\"summary_large_image\" \/>\n<meta name=\"twitter:creator\" content=\"@Proclinic_SA\" \/>\n<meta name=\"twitter:site\" content=\"@Proclinic_SA\" \/>\n<meta name=\"twitter:label1\" content=\"Escrito por\" \/>\n\t<meta name=\"twitter:data1\" content=\"Anna\" \/>\n\t<meta name=\"twitter:label2\" content=\"Tiempo de lectura\" \/>\n\t<meta name=\"twitter:data2\" content=\"2 minutos\" \/>\n<script type=\"application\/ld+json\" class=\"yoast-schema-graph\">{\"@context\":\"https:\\\/\\\/schema.org\",\"@graph\":[{\"@type\":\"Article\",\"@id\":\"https:\\\/\\\/www.proclinic.es\\\/blog\\\/congresos-y-formaciones-realizadas-en-octubre\\\/#article\",\"isPartOf\":{\"@id\":\"https:\\\/\\\/www.proclinic.es\\\/blog\\\/congresos-y-formaciones-realizadas-en-octubre\\\/\"},\"author\":{\"name\":\"Anna\",\"@id\":\"https:\\\/\\\/www.proclinic.es\\\/blog\\\/#\\\/schema\\\/person\\\/85e304ea367ce3922003b0d8b388e527\"},\"headline\":\"Congresos y formaciones realizadas en octubre\",\"datePublished\":\"2015-11-10T16:08:22+00:00\",\"dateModified\":\"2015-11-10T16:14:52+00:00\",\"mainEntityOfPage\":{\"@id\":\"https:\\\/\\\/www.proclinic.es\\\/blog\\\/congresos-y-formaciones-realizadas-en-octubre\\\/\"},\"wordCount\":351,\"commentCount\":0,\"image\":{\"@id\":\"https:\\\/\\\/www.proclinic.es\\\/blog\\\/congresos-y-formaciones-realizadas-en-octubre\\\/#primaryimage\"},\"thumbnailUrl\":\"https:\\\/\\\/www.proclinic.es\\\/blog\\\/wp-content\\\/uploads\\\/2015\\\/11\\\/IMG_5861b-scaled.jpg\",\"articleSection\":[\"Formaci\u00f3n y Eventos\"],\"inLanguage\":\"es\",\"potentialAction\":[{\"@type\":\"CommentAction\",\"name\":\"Comment\",\"target\":[\"https:\\\/\\\/www.proclinic.es\\\/blog\\\/congresos-y-formaciones-realizadas-en-octubre\\\/#respond\"]}]},{\"@type\":\"WebPage\",\"@id\":\"https:\\\/\\\/www.proclinic.es\\\/blog\\\/congresos-y-formaciones-realizadas-en-octubre\\\/\",\"url\":\"https:\\\/\\\/www.proclinic.es\\\/blog\\\/congresos-y-formaciones-realizadas-en-octubre\\\/\",\"name\":\"Congresos y formaciones realizadas en octubre - Blog Proclinic\",\"isPartOf\":{\"@id\":\"https:\\\/\\\/www.proclinic.es\\\/blog\\\/#website\"},\"primaryImageOfPage\":{\"@id\":\"https:\\\/\\\/www.proclinic.es\\\/blog\\\/congresos-y-formaciones-realizadas-en-octubre\\\/#primaryimage\"},\"image\":{\"@id\":\"https:\\\/\\\/www.proclinic.es\\\/blog\\\/congresos-y-formaciones-realizadas-en-octubre\\\/#primaryimage\"},\"thumbnailUrl\":\"https:\\\/\\\/www.proclinic.es\\\/blog\\\/wp-content\\\/uploads\\\/2015\\\/11\\\/IMG_5861b-scaled.jpg\",\"datePublished\":\"2015-11-10T16:08:22+00:00\",\"dateModified\":\"2015-11-10T16:14:52+00:00\",\"author\":{\"@id\":\"https:\\\/\\\/www.proclinic.es\\\/blog\\\/#\\\/schema\\\/person\\\/85e304ea367ce3922003b0d8b388e527\"},\"description\":\"El mes de octubre ha estado repleto de formaciones y congresos en diferentes puntos de la geograf\u00eda espa\u00f1ola y Proclinic ha estado presente en todos ellos.\",\"breadcrumb\":{\"@id\":\"https:\\\/\\\/www.proclinic.es\\\/blog\\\/congresos-y-formaciones-realizadas-en-octubre\\\/#breadcrumb\"},\"inLanguage\":\"es\",\"potentialAction\":[{\"@type\":\"ReadAction\",\"target\":[\"https:\\\/\\\/www.proclinic.es\\\/blog\\\/congresos-y-formaciones-realizadas-en-octubre\\\/\"]}]},{\"@type\":\"ImageObject\",\"inLanguage\":\"es\",\"@id\":\"https:\\\/\\\/www.proclinic.es\\\/blog\\\/congresos-y-formaciones-realizadas-en-octubre\\\/#primaryimage\",\"url\":\"https:\\\/\\\/www.proclinic.es\\\/blog\\\/wp-content\\\/uploads\\\/2015\\\/11\\\/IMG_5861b-scaled.jpg\",\"contentUrl\":\"https:\\\/\\\/www.proclinic.es\\\/blog\\\/wp-content\\\/uploads\\\/2015\\\/11\\\/IMG_5861b-scaled.jpg\",\"width\":2560,\"height\":1920},{\"@type\":\"BreadcrumbList\",\"@id\":\"https:\\\/\\\/www.proclinic.es\\\/blog\\\/congresos-y-formaciones-realizadas-en-octubre\\\/#breadcrumb\",\"itemListElement\":[{\"@type\":\"ListItem\",\"position\":1,\"name\":\"Home\",\"item\":\"https:\\\/\\\/www.proclinic.es\\\/blog\\\/\"},{\"@type\":\"ListItem\",\"position\":2,\"name\":\"Congresos y formaciones realizadas en octubre\"}]},{\"@type\":\"WebSite\",\"@id\":\"https:\\\/\\\/www.proclinic.es\\\/blog\\\/#website\",\"url\":\"https:\\\/\\\/www.proclinic.es\\\/blog\\\/\",\"name\":\"Blog Proclinic\",\"description\":\"\u00a1Bienvenido al blog de Proclinic! En este espacio, nos enfocamos en brindar informaci\u00f3n valiosa y actualizada para todos los profesionales del sector dental. Nuestra misi\u00f3n es mantenerte al d\u00eda de las \u00faltimas tendencias, investigaciones y t\u00e9cnicas en el campo de la odontolog\u00eda. Exploraremos temas que van desde las novedades en materiales odontol\u00f3gicos, consejos pr\u00e1cticos para la gesti\u00f3n de cl\u00ednicas dentales hasta casos cl\u00ednicos con base cient\u00edfica, eventos del sector y mucho m\u00e1s. Te invitamos a seguir nuestro contenido, dise\u00f1ado para mantener tu pr\u00e1ctica en la vanguardia de la odontolog\u00eda moderna.\",\"potentialAction\":[{\"@type\":\"SearchAction\",\"target\":{\"@type\":\"EntryPoint\",\"urlTemplate\":\"https:\\\/\\\/www.proclinic.es\\\/blog\\\/?s={search_term_string}\"},\"query-input\":{\"@type\":\"PropertyValueSpecification\",\"valueRequired\":true,\"valueName\":\"search_term_string\"}}],\"inLanguage\":\"es\"},{\"@type\":\"Person\",\"@id\":\"https:\\\/\\\/www.proclinic.es\\\/blog\\\/#\\\/schema\\\/person\\\/85e304ea367ce3922003b0d8b388e527\",\"name\":\"Anna\",\"image\":{\"@type\":\"ImageObject\",\"inLanguage\":\"es\",\"@id\":\"https:\\\/\\\/secure.gravatar.com\\\/avatar\\\/b8b19455b6924f97d0afcdeb2791066e8c8af798468c71e0fe7e686c5d0b49f4?s=96&d=mm&r=g\",\"url\":\"https:\\\/\\\/secure.gravatar.com\\\/avatar\\\/b8b19455b6924f97d0afcdeb2791066e8c8af798468c71e0fe7e686c5d0b49f4?s=96&d=mm&r=g\",\"contentUrl\":\"https:\\\/\\\/secure.gravatar.com\\\/avatar\\\/b8b19455b6924f97d0afcdeb2791066e8c8af798468c71e0fe7e686c5d0b49f4?s=96&d=mm&r=g\",\"caption\":\"Anna\"},\"description\":\"Community Manager\",\"url\":\"https:\\\/\\\/www.proclinic.es\\\/blog\\\/author\\\/anna\\\/\"}]}<\/script>\n<!-- \/ Yoast SEO plugin. -->","yoast_head_json":{"title":"Congresos y formaciones realizadas en octubre - Blog Proclinic","description":"El mes de octubre ha estado repleto de formaciones y congresos en diferentes puntos de la geograf\u00eda espa\u00f1ola y Proclinic ha estado presente en todos ellos.","robots":{"index":"index","follow":"follow","max-snippet":"max-snippet:-1","max-image-preview":"max-image-preview:large","max-video-preview":"max-video-preview:-1"},"canonical":"https:\/\/www.proclinic.es\/blog\/congresos-y-formaciones-realizadas-en-octubre\/","og_locale":"es_ES","og_type":"article","og_title":"Congresos y formaciones realizadas en octubre - Blog Proclinic","og_description":"El mes de octubre ha estado repleto de formaciones y congresos en diferentes puntos de la geograf\u00eda espa\u00f1ola y Proclinic ha estado presente en todos ellos.","og_url":"https:\/\/www.proclinic.es\/blog\/congresos-y-formaciones-realizadas-en-octubre\/","og_site_name":"Blog Proclinic","article_publisher":"https:\/\/www.facebook.com\/proclinicsa","article_published_time":"2015-11-10T16:08:22+00:00","article_modified_time":"2015-11-10T16:14:52+00:00","og_image":[{"width":2560,"height":1920,"url":"https:\/\/www.proclinic.es\/blog\/wp-content\/uploads\/2015\/11\/IMG_5861b-scaled.jpg","type":"image\/jpeg"}],"author":"Anna","twitter_card":"summary_large_image","twitter_creator":"@Proclinic_SA","twitter_site":"@Proclinic_SA","twitter_misc":{"Escrito por":"Anna","Tiempo de lectura":"2 minutos"},"schema":{"@context":"https:\/\/schema.org","@graph":[{"@type":"Article","@id":"https:\/\/www.proclinic.es\/blog\/congresos-y-formaciones-realizadas-en-octubre\/#article","isPartOf":{"@id":"https:\/\/www.proclinic.es\/blog\/congresos-y-formaciones-realizadas-en-octubre\/"},"author":{"name":"Anna","@id":"https:\/\/www.proclinic.es\/blog\/#\/schema\/person\/85e304ea367ce3922003b0d8b388e527"},"headline":"Congresos y formaciones realizadas en octubre","datePublished":"2015-11-10T16:08:22+00:00","dateModified":"2015-11-10T16:14:52+00:00","mainEntityOfPage":{"@id":"https:\/\/www.proclinic.es\/blog\/congresos-y-formaciones-realizadas-en-octubre\/"},"wordCount":351,"commentCount":0,"image":{"@id":"https:\/\/www.proclinic.es\/blog\/congresos-y-formaciones-realizadas-en-octubre\/#primaryimage"},"thumbnailUrl":"https:\/\/www.proclinic.es\/blog\/wp-content\/uploads\/2015\/11\/IMG_5861b-scaled.jpg","articleSection":["Formaci\u00f3n y Eventos"],"inLanguage":"es","potentialAction":[{"@type":"CommentAction","name":"Comment","target":["https:\/\/www.proclinic.es\/blog\/congresos-y-formaciones-realizadas-en-octubre\/#respond"]}]},{"@type":"WebPage","@id":"https:\/\/www.proclinic.es\/blog\/congresos-y-formaciones-realizadas-en-octubre\/","url":"https:\/\/www.proclinic.es\/blog\/congresos-y-formaciones-realizadas-en-octubre\/","name":"Congresos y formaciones realizadas en octubre - Blog Proclinic","isPartOf":{"@id":"https:\/\/www.proclinic.es\/blog\/#website"},"primaryImageOfPage":{"@id":"https:\/\/www.proclinic.es\/blog\/congresos-y-formaciones-realizadas-en-octubre\/#primaryimage"},"image":{"@id":"https:\/\/www.proclinic.es\/blog\/congresos-y-formaciones-realizadas-en-octubre\/#primaryimage"},"thumbnailUrl":"https:\/\/www.proclinic.es\/blog\/wp-content\/uploads\/2015\/11\/IMG_5861b-scaled.jpg","datePublished":"2015-11-10T16:08:22+00:00","dateModified":"2015-11-10T16:14:52+00:00","author":{"@id":"https:\/\/www.proclinic.es\/blog\/#\/schema\/person\/85e304ea367ce3922003b0d8b388e527"},"description":"El mes de octubre ha estado repleto de formaciones y congresos en diferentes puntos de la geograf\u00eda espa\u00f1ola y Proclinic ha estado presente en todos ellos.","breadcrumb":{"@id":"https:\/\/www.proclinic.es\/blog\/congresos-y-formaciones-realizadas-en-octubre\/#breadcrumb"},"inLanguage":"es","potentialAction":[{"@type":"ReadAction","target":["https:\/\/www.proclinic.es\/blog\/congresos-y-formaciones-realizadas-en-octubre\/"]}]},{"@type":"ImageObject","inLanguage":"es","@id":"https:\/\/www.proclinic.es\/blog\/congresos-y-formaciones-realizadas-en-octubre\/#primaryimage","url":"https:\/\/www.proclinic.es\/blog\/wp-content\/uploads\/2015\/11\/IMG_5861b-scaled.jpg","contentUrl":"https:\/\/www.proclinic.es\/blog\/wp-content\/uploads\/2015\/11\/IMG_5861b-scaled.jpg","width":2560,"height":1920},{"@type":"BreadcrumbList","@id":"https:\/\/www.proclinic.es\/blog\/congresos-y-formaciones-realizadas-en-octubre\/#breadcrumb","itemListElement":[{"@type":"ListItem","position":1,"name":"Home","item":"https:\/\/www.proclinic.es\/blog\/"},{"@type":"ListItem","position":2,"name":"Congresos y formaciones realizadas en octubre"}]},{"@type":"WebSite","@id":"https:\/\/www.proclinic.es\/blog\/#website","url":"https:\/\/www.proclinic.es\/blog\/","name":"Blog Proclinic","description":"\u00a1Bienvenido al blog de Proclinic! En este espacio, nos enfocamos en brindar informaci\u00f3n valiosa y actualizada para todos los profesionales del sector dental. Nuestra misi\u00f3n es mantenerte al d\u00eda de las \u00faltimas tendencias, investigaciones y t\u00e9cnicas en el campo de la odontolog\u00eda. Exploraremos temas que van desde las novedades en materiales odontol\u00f3gicos, consejos pr\u00e1cticos para la gesti\u00f3n de cl\u00ednicas dentales hasta casos cl\u00ednicos con base cient\u00edfica, eventos del sector y mucho m\u00e1s. Te invitamos a seguir nuestro contenido, dise\u00f1ado para mantener tu pr\u00e1ctica en la vanguardia de la odontolog\u00eda moderna.","potentialAction":[{"@type":"SearchAction","target":{"@type":"EntryPoint","urlTemplate":"https:\/\/www.proclinic.es\/blog\/?s={search_term_string}"},"query-input":{"@type":"PropertyValueSpecification","valueRequired":true,"valueName":"search_term_string"}}],"inLanguage":"es"},{"@type":"Person","@id":"https:\/\/www.proclinic.es\/blog\/#\/schema\/person\/85e304ea367ce3922003b0d8b388e527","name":"Anna","image":{"@type":"ImageObject","inLanguage":"es","@id":"https:\/\/secure.gravatar.com\/avatar\/b8b19455b6924f97d0afcdeb2791066e8c8af798468c71e0fe7e686c5d0b49f4?s=96&d=mm&r=g","url":"https:\/\/secure.gravatar.com\/avatar\/b8b19455b6924f97d0afcdeb2791066e8c8af798468c71e0fe7e686c5d0b49f4?s=96&d=mm&r=g","contentUrl":"https:\/\/secure.gravatar.com\/avatar\/b8b19455b6924f97d0afcdeb2791066e8c8af798468c71e0fe7e686c5d0b49f4?s=96&d=mm&r=g","caption":"Anna"},"description":"Community Manager","url":"https:\/\/www.proclinic.es\/blog\/author\/anna\/"}]}},"jetpack_featured_media_url":"https:\/\/www.proclinic.es\/blog\/wp-content\/uploads\/2015\/11\/IMG_5861b-scaled.jpg","_links":{"self":[{"href":"https:\/\/www.proclinic.es\/blog\/wp-json\/wp\/v2\/posts\/2455","targetHints":{"allow":["GET"]}}],"collection":[{"href":"https:\/\/www.proclinic.es\/blog\/wp-json\/wp\/v2\/posts"}],"about":[{"href":"https:\/\/www.proclinic.es\/blog\/wp-json\/wp\/v2\/types\/post"}],"author":[{"embeddable":true,"href":"https:\/\/www.proclinic.es\/blog\/wp-json\/wp\/v2\/users\/101011"}],"replies":[{"embeddable":true,"href":"https:\/\/www.proclinic.es\/blog\/wp-json\/wp\/v2\/comments?post=2455"}],"version-history":[{"count":1,"href":"https:\/\/www.proclinic.es\/blog\/wp-json\/wp\/v2\/posts\/2455\/revisions"}],"predecessor-version":[{"id":2457,"href":"https:\/\/www.proclinic.es\/blog\/wp-json\/wp\/v2\/posts\/2455\/revisions\/2457"}],"wp:featuredmedia":[{"embeddable":true,"href":"https:\/\/www.proclinic.es\/blog\/wp-json\/wp\/v2\/media\/2456"}],"wp:attachment":[{"href":"https:\/\/www.proclinic.es\/blog\/wp-json\/wp\/v2\/media?parent=2455"}],"wp:term":[{"taxonomy":"category","embeddable":true,"href":"https:\/\/www.proclinic.es\/blog\/wp-json\/wp\/v2\/categories?post=2455"},{"taxonomy":"post_tag","embeddable":true,"href":"https:\/\/www.proclinic.es\/blog\/wp-json\/wp\/v2\/tags?post=2455"}],"curies":[{"name":"wp","href":"https:\/\/api.w.org\/{rel}","templated":true}]}}