{"id":2324,"date":"2015-10-15T13:35:29","date_gmt":"2015-10-15T11:35:29","guid":{"rendered":"http:\/\/localhost\/blogProclinic\/web\/?p=2324"},"modified":"2015-10-15T18:11:39","modified_gmt":"2015-10-15T16:11:39","slug":"24-c-avanzada-transposicion-del-dentario-regeneracion-osea-y-carga-inmediata-con-ext","status":"publish","type":"post","link":"https:\/\/www.proclinic.es\/blog\/24-c-avanzada-transposicion-del-dentario-regeneracion-osea-y-carga-inmediata-con-ext\/","title":{"rendered":"24.C.Avanzada. Transposici\u00f3n del Dentario, Regeneraci\u00f3n \u00d3sea y Carga Inmediata.CON. EXT"},"content":{"rendered":"<p><strong>Implantes Proclinic Formaci\u00f3n en Implantolog\u00eda.<\/strong><\/p>\n<p>Cirug\u00eda realizada por el Dr. Juan Alberto Fern\u00e1ndez.<!--more--><br \/>\nTransposici\u00f3n bilateral de nervio alveolo-dentario inferior con colocaci\u00f3n simult\u00e1nea de implantes Proclinic CON.EXT, regeneraci\u00f3n \u00f3sea y carga inmediata.<\/p>\n<p>&nbsp;<\/p>\n<p>Sigue todas las cirug\u00edas que vamos publicando en nuestro\u00a0<a title=\"Formaci\u00f3n en Implantolog\u00eda YouTube\" href=\"https:\/\/www.youtube.com\/playlist?list=PLaihmRrWspBQvUW22G65GiHdSr9QCce9T\" target=\"_blank\">canal de YouTube aqu\u00ed<\/a>.<\/p>\n<p>&nbsp;<\/p>\n<p>&nbsp;<\/p>\n<p>&nbsp;<\/p>\n<p>&nbsp;<\/p>\n","protected":false},"excerpt":{"rendered":"<p>Implantes Proclinic Formaci\u00f3n en Implantolog\u00eda. Cirug\u00eda realizada por el Dr. Juan Alberto Fern\u00e1ndez.<\/p>\n","protected":false},"author":101011,"featured_media":2364,"comment_status":"open","ping_status":"open","sticky":false,"template":"","format":"video","meta":{"footnotes":""},"categories":[47,15],"tags":[],"class_list":["post-2324","post","type-post","status-publish","format-video","has-post-thumbnail","hentry","category-cirugias-de-implantes","category-videos","post_format-post-format-video"],"yoast_head":"<!-- This site is optimized with the Yoast SEO plugin v27.4 - https:\/\/yoast.com\/product\/yoast-seo-wordpress\/ -->\n<title>24.C.Avanzada. Transposici\u00f3n del Dentario, Regeneraci\u00f3n \u00d3sea... - Blog Proclinic<\/title>\n<meta name=\"description\" content=\"Implantes Proclinic Formaci\u00f3n en Implantolog\u00eda. Cirug\u00eda realizada por el Dr. Juan Alberto Fern\u00e1ndez.\" \/>\n<meta name=\"robots\" content=\"index, follow, max-snippet:-1, max-image-preview:large, max-video-preview:-1\" \/>\n<link rel=\"canonical\" href=\"https:\/\/www.proclinic.es\/blog\/24-c-avanzada-transposicion-del-dentario-regeneracion-osea-y-carga-inmediata-con-ext\/\" \/>\n<meta property=\"og:locale\" content=\"es_ES\" \/>\n<meta property=\"og:type\" content=\"article\" \/>\n<meta property=\"og:title\" content=\"24.C.Avanzada. Transposici\u00f3n del Dentario, Regeneraci\u00f3n \u00d3sea... - Blog Proclinic\" \/>\n<meta property=\"og:description\" content=\"Implantes Proclinic Formaci\u00f3n en Implantolog\u00eda. Cirug\u00eda realizada por el Dr. Juan Alberto Fern\u00e1ndez.\" \/>\n<meta property=\"og:url\" content=\"https:\/\/www.proclinic.es\/blog\/24-c-avanzada-transposicion-del-dentario-regeneracion-osea-y-carga-inmediata-con-ext\/\" \/>\n<meta property=\"og:site_name\" content=\"Blog Proclinic\" \/>\n<meta property=\"article:publisher\" content=\"https:\/\/www.facebook.com\/proclinicsa\" \/>\n<meta property=\"article:published_time\" content=\"2015-10-15T11:35:29+00:00\" \/>\n<meta property=\"article:modified_time\" content=\"2015-10-15T16:11:39+00:00\" \/>\n<meta property=\"og:image\" content=\"https:\/\/www.proclinic.es\/blog\/wp-content\/uploads\/2015\/10\/241.jpg\" \/>\n\t<meta property=\"og:image:width\" content=\"640\" \/>\n\t<meta property=\"og:image:height\" content=\"492\" \/>\n\t<meta property=\"og:image:type\" content=\"image\/jpeg\" \/>\n<meta name=\"author\" content=\"Anna\" \/>\n<meta name=\"twitter:card\" content=\"summary_large_image\" \/>\n<meta name=\"twitter:creator\" content=\"@Proclinic_SA\" \/>\n<meta name=\"twitter:site\" content=\"@Proclinic_SA\" \/>\n<meta name=\"twitter:label1\" content=\"Escrito por\" \/>\n\t<meta name=\"twitter:data1\" content=\"Anna\" \/>\n<script type=\"application\/ld+json\" class=\"yoast-schema-graph\">{\"@context\":\"https:\\\/\\\/schema.org\",\"@graph\":[{\"@type\":\"Article\",\"@id\":\"https:\\\/\\\/www.proclinic.es\\\/blog\\\/24-c-avanzada-transposicion-del-dentario-regeneracion-osea-y-carga-inmediata-con-ext\\\/#article\",\"isPartOf\":{\"@id\":\"https:\\\/\\\/www.proclinic.es\\\/blog\\\/24-c-avanzada-transposicion-del-dentario-regeneracion-osea-y-carga-inmediata-con-ext\\\/\"},\"author\":{\"name\":\"Anna\",\"@id\":\"https:\\\/\\\/www.proclinic.es\\\/blog\\\/#\\\/schema\\\/person\\\/85e304ea367ce3922003b0d8b388e527\"},\"headline\":\"24.C.Avanzada. Transposici\u00f3n del Dentario, Regeneraci\u00f3n \u00d3sea y Carga Inmediata.CON. EXT\",\"datePublished\":\"2015-10-15T11:35:29+00:00\",\"dateModified\":\"2015-10-15T16:11:39+00:00\",\"mainEntityOfPage\":{\"@id\":\"https:\\\/\\\/www.proclinic.es\\\/blog\\\/24-c-avanzada-transposicion-del-dentario-regeneracion-osea-y-carga-inmediata-con-ext\\\/\"},\"wordCount\":73,\"commentCount\":0,\"image\":{\"@id\":\"https:\\\/\\\/www.proclinic.es\\\/blog\\\/24-c-avanzada-transposicion-del-dentario-regeneracion-osea-y-carga-inmediata-con-ext\\\/#primaryimage\"},\"thumbnailUrl\":\"https:\\\/\\\/www.proclinic.es\\\/blog\\\/wp-content\\\/uploads\\\/2015\\\/10\\\/241.jpg\",\"articleSection\":[\"Cirug\u00edas de implantes\",\"Videos\"],\"inLanguage\":\"es\",\"potentialAction\":[{\"@type\":\"CommentAction\",\"name\":\"Comment\",\"target\":[\"https:\\\/\\\/www.proclinic.es\\\/blog\\\/24-c-avanzada-transposicion-del-dentario-regeneracion-osea-y-carga-inmediata-con-ext\\\/#respond\"]}]},{\"@type\":\"WebPage\",\"@id\":\"https:\\\/\\\/www.proclinic.es\\\/blog\\\/24-c-avanzada-transposicion-del-dentario-regeneracion-osea-y-carga-inmediata-con-ext\\\/\",\"url\":\"https:\\\/\\\/www.proclinic.es\\\/blog\\\/24-c-avanzada-transposicion-del-dentario-regeneracion-osea-y-carga-inmediata-con-ext\\\/\",\"name\":\"24.C.Avanzada. Transposici\u00f3n del Dentario, Regeneraci\u00f3n \u00d3sea... - Blog Proclinic\",\"isPartOf\":{\"@id\":\"https:\\\/\\\/www.proclinic.es\\\/blog\\\/#website\"},\"primaryImageOfPage\":{\"@id\":\"https:\\\/\\\/www.proclinic.es\\\/blog\\\/24-c-avanzada-transposicion-del-dentario-regeneracion-osea-y-carga-inmediata-con-ext\\\/#primaryimage\"},\"image\":{\"@id\":\"https:\\\/\\\/www.proclinic.es\\\/blog\\\/24-c-avanzada-transposicion-del-dentario-regeneracion-osea-y-carga-inmediata-con-ext\\\/#primaryimage\"},\"thumbnailUrl\":\"https:\\\/\\\/www.proclinic.es\\\/blog\\\/wp-content\\\/uploads\\\/2015\\\/10\\\/241.jpg\",\"datePublished\":\"2015-10-15T11:35:29+00:00\",\"dateModified\":\"2015-10-15T16:11:39+00:00\",\"author\":{\"@id\":\"https:\\\/\\\/www.proclinic.es\\\/blog\\\/#\\\/schema\\\/person\\\/85e304ea367ce3922003b0d8b388e527\"},\"description\":\"Implantes Proclinic Formaci\u00f3n en Implantolog\u00eda. Cirug\u00eda realizada por el Dr. Juan Alberto Fern\u00e1ndez.\",\"breadcrumb\":{\"@id\":\"https:\\\/\\\/www.proclinic.es\\\/blog\\\/24-c-avanzada-transposicion-del-dentario-regeneracion-osea-y-carga-inmediata-con-ext\\\/#breadcrumb\"},\"inLanguage\":\"es\",\"potentialAction\":[{\"@type\":\"ReadAction\",\"target\":[\"https:\\\/\\\/www.proclinic.es\\\/blog\\\/24-c-avanzada-transposicion-del-dentario-regeneracion-osea-y-carga-inmediata-con-ext\\\/\"]}]},{\"@type\":\"ImageObject\",\"inLanguage\":\"es\",\"@id\":\"https:\\\/\\\/www.proclinic.es\\\/blog\\\/24-c-avanzada-transposicion-del-dentario-regeneracion-osea-y-carga-inmediata-con-ext\\\/#primaryimage\",\"url\":\"https:\\\/\\\/www.proclinic.es\\\/blog\\\/wp-content\\\/uploads\\\/2015\\\/10\\\/241.jpg\",\"contentUrl\":\"https:\\\/\\\/www.proclinic.es\\\/blog\\\/wp-content\\\/uploads\\\/2015\\\/10\\\/241.jpg\",\"width\":640,\"height\":492},{\"@type\":\"BreadcrumbList\",\"@id\":\"https:\\\/\\\/www.proclinic.es\\\/blog\\\/24-c-avanzada-transposicion-del-dentario-regeneracion-osea-y-carga-inmediata-con-ext\\\/#breadcrumb\",\"itemListElement\":[{\"@type\":\"ListItem\",\"position\":1,\"name\":\"Home\",\"item\":\"https:\\\/\\\/www.proclinic.es\\\/blog\\\/\"},{\"@type\":\"ListItem\",\"position\":2,\"name\":\"24.C.Avanzada. Transposici\u00f3n del Dentario, Regeneraci\u00f3n \u00d3sea y Carga Inmediata.CON. EXT\"}]},{\"@type\":\"WebSite\",\"@id\":\"https:\\\/\\\/www.proclinic.es\\\/blog\\\/#website\",\"url\":\"https:\\\/\\\/www.proclinic.es\\\/blog\\\/\",\"name\":\"Blog Proclinic\",\"description\":\"\u00a1Bienvenido al blog de Proclinic! En este espacio, nos enfocamos en brindar informaci\u00f3n valiosa y actualizada para todos los profesionales del sector dental. Nuestra misi\u00f3n es mantenerte al d\u00eda de las \u00faltimas tendencias, investigaciones y t\u00e9cnicas en el campo de la odontolog\u00eda. Exploraremos temas que van desde las novedades en materiales odontol\u00f3gicos, consejos pr\u00e1cticos para la gesti\u00f3n de cl\u00ednicas dentales hasta casos cl\u00ednicos con base cient\u00edfica, eventos del sector y mucho m\u00e1s. Te invitamos a seguir nuestro contenido, dise\u00f1ado para mantener tu pr\u00e1ctica en la vanguardia de la odontolog\u00eda moderna.\",\"potentialAction\":[{\"@type\":\"SearchAction\",\"target\":{\"@type\":\"EntryPoint\",\"urlTemplate\":\"https:\\\/\\\/www.proclinic.es\\\/blog\\\/?s={search_term_string}\"},\"query-input\":{\"@type\":\"PropertyValueSpecification\",\"valueRequired\":true,\"valueName\":\"search_term_string\"}}],\"inLanguage\":\"es\"},{\"@type\":\"Person\",\"@id\":\"https:\\\/\\\/www.proclinic.es\\\/blog\\\/#\\\/schema\\\/person\\\/85e304ea367ce3922003b0d8b388e527\",\"name\":\"Anna\",\"image\":{\"@type\":\"ImageObject\",\"inLanguage\":\"es\",\"@id\":\"https:\\\/\\\/secure.gravatar.com\\\/avatar\\\/b8b19455b6924f97d0afcdeb2791066e8c8af798468c71e0fe7e686c5d0b49f4?s=96&d=mm&r=g\",\"url\":\"https:\\\/\\\/secure.gravatar.com\\\/avatar\\\/b8b19455b6924f97d0afcdeb2791066e8c8af798468c71e0fe7e686c5d0b49f4?s=96&d=mm&r=g\",\"contentUrl\":\"https:\\\/\\\/secure.gravatar.com\\\/avatar\\\/b8b19455b6924f97d0afcdeb2791066e8c8af798468c71e0fe7e686c5d0b49f4?s=96&d=mm&r=g\",\"caption\":\"Anna\"},\"description\":\"Community Manager\",\"url\":\"https:\\\/\\\/www.proclinic.es\\\/blog\\\/author\\\/anna\\\/\"}]}<\/script>\n<!-- \/ Yoast SEO plugin. -->","yoast_head_json":{"title":"24.C.Avanzada. Transposici\u00f3n del Dentario, Regeneraci\u00f3n \u00d3sea... - Blog Proclinic","description":"Implantes Proclinic Formaci\u00f3n en Implantolog\u00eda. Cirug\u00eda realizada por el Dr. Juan Alberto Fern\u00e1ndez.","robots":{"index":"index","follow":"follow","max-snippet":"max-snippet:-1","max-image-preview":"max-image-preview:large","max-video-preview":"max-video-preview:-1"},"canonical":"https:\/\/www.proclinic.es\/blog\/24-c-avanzada-transposicion-del-dentario-regeneracion-osea-y-carga-inmediata-con-ext\/","og_locale":"es_ES","og_type":"article","og_title":"24.C.Avanzada. Transposici\u00f3n del Dentario, Regeneraci\u00f3n \u00d3sea... - Blog Proclinic","og_description":"Implantes Proclinic Formaci\u00f3n en Implantolog\u00eda. Cirug\u00eda realizada por el Dr. Juan Alberto Fern\u00e1ndez.","og_url":"https:\/\/www.proclinic.es\/blog\/24-c-avanzada-transposicion-del-dentario-regeneracion-osea-y-carga-inmediata-con-ext\/","og_site_name":"Blog Proclinic","article_publisher":"https:\/\/www.facebook.com\/proclinicsa","article_published_time":"2015-10-15T11:35:29+00:00","article_modified_time":"2015-10-15T16:11:39+00:00","og_image":[{"width":640,"height":492,"url":"https:\/\/www.proclinic.es\/blog\/wp-content\/uploads\/2015\/10\/241.jpg","type":"image\/jpeg"}],"author":"Anna","twitter_card":"summary_large_image","twitter_creator":"@Proclinic_SA","twitter_site":"@Proclinic_SA","twitter_misc":{"Escrito por":"Anna"},"schema":{"@context":"https:\/\/schema.org","@graph":[{"@type":"Article","@id":"https:\/\/www.proclinic.es\/blog\/24-c-avanzada-transposicion-del-dentario-regeneracion-osea-y-carga-inmediata-con-ext\/#article","isPartOf":{"@id":"https:\/\/www.proclinic.es\/blog\/24-c-avanzada-transposicion-del-dentario-regeneracion-osea-y-carga-inmediata-con-ext\/"},"author":{"name":"Anna","@id":"https:\/\/www.proclinic.es\/blog\/#\/schema\/person\/85e304ea367ce3922003b0d8b388e527"},"headline":"24.C.Avanzada. Transposici\u00f3n del Dentario, Regeneraci\u00f3n \u00d3sea y Carga Inmediata.CON. EXT","datePublished":"2015-10-15T11:35:29+00:00","dateModified":"2015-10-15T16:11:39+00:00","mainEntityOfPage":{"@id":"https:\/\/www.proclinic.es\/blog\/24-c-avanzada-transposicion-del-dentario-regeneracion-osea-y-carga-inmediata-con-ext\/"},"wordCount":73,"commentCount":0,"image":{"@id":"https:\/\/www.proclinic.es\/blog\/24-c-avanzada-transposicion-del-dentario-regeneracion-osea-y-carga-inmediata-con-ext\/#primaryimage"},"thumbnailUrl":"https:\/\/www.proclinic.es\/blog\/wp-content\/uploads\/2015\/10\/241.jpg","articleSection":["Cirug\u00edas de implantes","Videos"],"inLanguage":"es","potentialAction":[{"@type":"CommentAction","name":"Comment","target":["https:\/\/www.proclinic.es\/blog\/24-c-avanzada-transposicion-del-dentario-regeneracion-osea-y-carga-inmediata-con-ext\/#respond"]}]},{"@type":"WebPage","@id":"https:\/\/www.proclinic.es\/blog\/24-c-avanzada-transposicion-del-dentario-regeneracion-osea-y-carga-inmediata-con-ext\/","url":"https:\/\/www.proclinic.es\/blog\/24-c-avanzada-transposicion-del-dentario-regeneracion-osea-y-carga-inmediata-con-ext\/","name":"24.C.Avanzada. Transposici\u00f3n del Dentario, Regeneraci\u00f3n \u00d3sea... - Blog Proclinic","isPartOf":{"@id":"https:\/\/www.proclinic.es\/blog\/#website"},"primaryImageOfPage":{"@id":"https:\/\/www.proclinic.es\/blog\/24-c-avanzada-transposicion-del-dentario-regeneracion-osea-y-carga-inmediata-con-ext\/#primaryimage"},"image":{"@id":"https:\/\/www.proclinic.es\/blog\/24-c-avanzada-transposicion-del-dentario-regeneracion-osea-y-carga-inmediata-con-ext\/#primaryimage"},"thumbnailUrl":"https:\/\/www.proclinic.es\/blog\/wp-content\/uploads\/2015\/10\/241.jpg","datePublished":"2015-10-15T11:35:29+00:00","dateModified":"2015-10-15T16:11:39+00:00","author":{"@id":"https:\/\/www.proclinic.es\/blog\/#\/schema\/person\/85e304ea367ce3922003b0d8b388e527"},"description":"Implantes Proclinic Formaci\u00f3n en Implantolog\u00eda. Cirug\u00eda realizada por el Dr. Juan Alberto Fern\u00e1ndez.","breadcrumb":{"@id":"https:\/\/www.proclinic.es\/blog\/24-c-avanzada-transposicion-del-dentario-regeneracion-osea-y-carga-inmediata-con-ext\/#breadcrumb"},"inLanguage":"es","potentialAction":[{"@type":"ReadAction","target":["https:\/\/www.proclinic.es\/blog\/24-c-avanzada-transposicion-del-dentario-regeneracion-osea-y-carga-inmediata-con-ext\/"]}]},{"@type":"ImageObject","inLanguage":"es","@id":"https:\/\/www.proclinic.es\/blog\/24-c-avanzada-transposicion-del-dentario-regeneracion-osea-y-carga-inmediata-con-ext\/#primaryimage","url":"https:\/\/www.proclinic.es\/blog\/wp-content\/uploads\/2015\/10\/241.jpg","contentUrl":"https:\/\/www.proclinic.es\/blog\/wp-content\/uploads\/2015\/10\/241.jpg","width":640,"height":492},{"@type":"BreadcrumbList","@id":"https:\/\/www.proclinic.es\/blog\/24-c-avanzada-transposicion-del-dentario-regeneracion-osea-y-carga-inmediata-con-ext\/#breadcrumb","itemListElement":[{"@type":"ListItem","position":1,"name":"Home","item":"https:\/\/www.proclinic.es\/blog\/"},{"@type":"ListItem","position":2,"name":"24.C.Avanzada. Transposici\u00f3n del Dentario, Regeneraci\u00f3n \u00d3sea y Carga Inmediata.CON. EXT"}]},{"@type":"WebSite","@id":"https:\/\/www.proclinic.es\/blog\/#website","url":"https:\/\/www.proclinic.es\/blog\/","name":"Blog Proclinic","description":"\u00a1Bienvenido al blog de Proclinic! En este espacio, nos enfocamos en brindar informaci\u00f3n valiosa y actualizada para todos los profesionales del sector dental. Nuestra misi\u00f3n es mantenerte al d\u00eda de las \u00faltimas tendencias, investigaciones y t\u00e9cnicas en el campo de la odontolog\u00eda. Exploraremos temas que van desde las novedades en materiales odontol\u00f3gicos, consejos pr\u00e1cticos para la gesti\u00f3n de cl\u00ednicas dentales hasta casos cl\u00ednicos con base cient\u00edfica, eventos del sector y mucho m\u00e1s. Te invitamos a seguir nuestro contenido, dise\u00f1ado para mantener tu pr\u00e1ctica en la vanguardia de la odontolog\u00eda moderna.","potentialAction":[{"@type":"SearchAction","target":{"@type":"EntryPoint","urlTemplate":"https:\/\/www.proclinic.es\/blog\/?s={search_term_string}"},"query-input":{"@type":"PropertyValueSpecification","valueRequired":true,"valueName":"search_term_string"}}],"inLanguage":"es"},{"@type":"Person","@id":"https:\/\/www.proclinic.es\/blog\/#\/schema\/person\/85e304ea367ce3922003b0d8b388e527","name":"Anna","image":{"@type":"ImageObject","inLanguage":"es","@id":"https:\/\/secure.gravatar.com\/avatar\/b8b19455b6924f97d0afcdeb2791066e8c8af798468c71e0fe7e686c5d0b49f4?s=96&d=mm&r=g","url":"https:\/\/secure.gravatar.com\/avatar\/b8b19455b6924f97d0afcdeb2791066e8c8af798468c71e0fe7e686c5d0b49f4?s=96&d=mm&r=g","contentUrl":"https:\/\/secure.gravatar.com\/avatar\/b8b19455b6924f97d0afcdeb2791066e8c8af798468c71e0fe7e686c5d0b49f4?s=96&d=mm&r=g","caption":"Anna"},"description":"Community Manager","url":"https:\/\/www.proclinic.es\/blog\/author\/anna\/"}]}},"jetpack_featured_media_url":"https:\/\/www.proclinic.es\/blog\/wp-content\/uploads\/2015\/10\/241.jpg","_links":{"self":[{"href":"https:\/\/www.proclinic.es\/blog\/wp-json\/wp\/v2\/posts\/2324","targetHints":{"allow":["GET"]}}],"collection":[{"href":"https:\/\/www.proclinic.es\/blog\/wp-json\/wp\/v2\/posts"}],"about":[{"href":"https:\/\/www.proclinic.es\/blog\/wp-json\/wp\/v2\/types\/post"}],"author":[{"embeddable":true,"href":"https:\/\/www.proclinic.es\/blog\/wp-json\/wp\/v2\/users\/101011"}],"replies":[{"embeddable":true,"href":"https:\/\/www.proclinic.es\/blog\/wp-json\/wp\/v2\/comments?post=2324"}],"version-history":[{"count":2,"href":"https:\/\/www.proclinic.es\/blog\/wp-json\/wp\/v2\/posts\/2324\/revisions"}],"predecessor-version":[{"id":2326,"href":"https:\/\/www.proclinic.es\/blog\/wp-json\/wp\/v2\/posts\/2324\/revisions\/2326"}],"wp:featuredmedia":[{"embeddable":true,"href":"https:\/\/www.proclinic.es\/blog\/wp-json\/wp\/v2\/media\/2364"}],"wp:attachment":[{"href":"https:\/\/www.proclinic.es\/blog\/wp-json\/wp\/v2\/media?parent=2324"}],"wp:term":[{"taxonomy":"category","embeddable":true,"href":"https:\/\/www.proclinic.es\/blog\/wp-json\/wp\/v2\/categories?post=2324"},{"taxonomy":"post_tag","embeddable":true,"href":"https:\/\/www.proclinic.es\/blog\/wp-json\/wp\/v2\/tags?post=2324"}],"curies":[{"name":"wp","href":"https:\/\/api.w.org\/{rel}","templated":true}]}}