{"id":2151,"date":"2015-09-14T16:35:12","date_gmt":"2015-09-14T14:35:12","guid":{"rendered":"http:\/\/localhost\/blogProclinic\/web\/?p=2151"},"modified":"2023-02-09T13:06:27","modified_gmt":"2023-02-09T11:06:27","slug":"presentamos-los-nuevos-dientes-sr-vivodent-s-pe-de-ivoclar-vivadent","status":"publish","type":"post","link":"https:\/\/www.proclinic.es\/blog\/presentamos-los-nuevos-dientes-sr-vivodent-s-pe-de-ivoclar-vivadent\/","title":{"rendered":"Presentamos los nuevos dientes SR Vivodent S PE de Ivoclar Vivadent"},"content":{"rendered":"<p>La naturaleza crea las formas y los colores de los dientes&nbsp;m\u00e1s bellos y esto ha servido para dise\u00f1ar la <strong>nueva<\/strong><br \/>\n<strong>l\u00ednea de dientes Vivodent\u00ae S PE<\/strong>. <!--more-->Est\u00e9tica y <strong>prot\u00e9sicamente&nbsp;optimizada<\/strong>, la nueva l\u00ednea de dientes est\u00e1 dise\u00f1ada para&nbsp;satisfacer los requisitos individuales de los pacientes&nbsp;actuales y futuros.<\/p>\n<p>&nbsp;<\/p>\n<p><strong>El diente singular para elevadas exigencias.<\/strong><\/p>\n<p>El nuevo diente SR Vivodent S PE, nace con el esp\u00edritu de convertirse en referencia por su naturalidad, con un dise\u00f1o de formas <strong>mucho m\u00e1s moderno y detallado<\/strong>, adaptado a las exigencias actuales y <strong>fabricado con un PMMA de vanguardia<\/strong>, de doble reticulaci\u00f3n, denominado DCL, que le otorga al diente unas propiedades de <strong>resistencia al desgaste<\/strong> muy por encima de otros polimetilmetacrilatos, sin comprometer su estabilidad crom\u00e1tica y su <strong>alta resistencia al impacto<\/strong>.<\/p>\n<p>La nueva l\u00ednea de dientes <strong>se presenta en 20 colores con matices vivos<\/strong>. Su caracter\u00edstica intensidad, luminosidad y translucidez <strong>replican el color natural de los dientes<\/strong>, dando como resultado pr\u00f3tesis que se mimetizan arm\u00f3nicamente con su entorno.<\/p>\n<p>&nbsp;<\/p>\n<p><strong>Simplemente brillante.<\/strong><br \/>\nDise\u00f1o excepcional de efecto natural \u00fanico.<br \/>\nCada una de las formas est\u00e1 espec\u00edficamente dise\u00f1ada para adaptarse a las caracter\u00edsticas de cada diente individual:<\/p>\n<ul>\n<li>\n<div id=\"ez-toc-container\" class=\"ez-toc-v2_0_76 counter-hierarchy ez-toc-counter ez-toc-white ez-toc-container-direction\">\n<div class=\"ez-toc-title-container\">\n<p class=\"ez-toc-title\" style=\"cursor:inherit\">\u00cdndice de contenidos<\/p>\n<span class=\"ez-toc-title-toggle\"><a href=\"#\" class=\"ez-toc-pull-right ez-toc-btn ez-toc-btn-xs ez-toc-btn-default ez-toc-toggle\" aria-label=\"Toggle Table of Content\"><span class=\"ez-toc-js-icon-con\"><span class=\"\"><span class=\"eztoc-hide\" style=\"display:none;\">Toggle<\/span><span class=\"ez-toc-icon-toggle-span\"><svg style=\"fill: #0098a7;color:#0098a7\" xmlns=\"http:\/\/www.w3.org\/2000\/svg\" class=\"list-377408\" width=\"20px\" height=\"20px\" viewBox=\"0 0 24 24\" fill=\"none\"><path d=\"M6 6H4v2h2V6zm14 0H8v2h12V6zM4 11h2v2H4v-2zm16 0H8v2h12v-2zM4 16h2v2H4v-2zm16 0H8v2h12v-2z\" fill=\"currentColor\"><\/path><\/svg><svg style=\"fill: #0098a7;color:#0098a7\" class=\"arrow-unsorted-368013\" xmlns=\"http:\/\/www.w3.org\/2000\/svg\" width=\"10px\" height=\"10px\" viewBox=\"0 0 24 24\" version=\"1.2\" baseProfile=\"tiny\"><path d=\"M18.2 9.3l-6.2-6.3-6.2 6.3c-.2.2-.3.4-.3.7s.1.5.3.7c.2.2.4.3.7.3h11c.3 0 .5-.1.7-.3.2-.2.3-.5.3-.7s-.1-.5-.3-.7zM5.8 14.7l6.2 6.3 6.2-6.3c.2-.2.3-.5.3-.7s-.1-.5-.3-.7c-.2-.2-.4-.3-.7-.3h-11c-.3 0-.5.1-.7.3-.2.2-.3.5-.3.7s.1.5.3.7z\"\/><\/svg><\/span><\/span><\/span><\/a><\/span><\/div>\n<nav><ul class='ez-toc-list ez-toc-list-level-1 ' ><li class='ez-toc-page-1 ez-toc-heading-level-3'><a class=\"ez-toc-link ez-toc-heading-1\" href=\"https:\/\/www.proclinic.es\/blog\/presentamos-los-nuevos-dientes-sr-vivodent-s-pe-de-ivoclar-vivadent\/#Dimensiones_naturales\" >Dimensiones naturales<\/a><\/li><li class='ez-toc-page-1 ez-toc-heading-level-3'><a class=\"ez-toc-link ez-toc-heading-2\" href=\"https:\/\/www.proclinic.es\/blog\/presentamos-los-nuevos-dientes-sr-vivodent-s-pe-de-ivoclar-vivadent\/#Curvaturas_fisiologicas\" >Curvaturas fisiol\u00f3gicas<\/a><\/li><li class='ez-toc-page-1 ez-toc-heading-level-3'><a class=\"ez-toc-link ez-toc-heading-3\" href=\"https:\/\/www.proclinic.es\/blog\/presentamos-los-nuevos-dientes-sr-vivodent-s-pe-de-ivoclar-vivadent\/#Caracteristicas_superficiales_vivas\" >Caracter\u00edsticas superficiales vivas<\/a><\/li><li class='ez-toc-page-1 ez-toc-heading-level-3'><a class=\"ez-toc-link ez-toc-heading-4\" href=\"https:\/\/www.proclinic.es\/blog\/presentamos-los-nuevos-dientes-sr-vivodent-s-pe-de-ivoclar-vivadent\/#Estratificacion_natural\" >Estratificaci\u00f3n natural<\/a><\/li><li class='ez-toc-page-1 ez-toc-heading-level-3'><a class=\"ez-toc-link ez-toc-heading-5\" href=\"https:\/\/www.proclinic.es\/blog\/presentamos-los-nuevos-dientes-sr-vivodent-s-pe-de-ivoclar-vivadent\/#Cuellos_dentales_pronunciados\" >Cuellos dentales pronunciados<\/a><\/li><\/ul><\/nav><\/div>\n<h3><span class=\"ez-toc-section\" id=\"Dimensiones_naturales\"><\/span>Dimensiones naturales<span class=\"ez-toc-section-end\"><\/span><\/h3>\n<\/li>\n<li>\n<h3><span class=\"ez-toc-section\" id=\"Curvaturas_fisiologicas\"><\/span>Curvaturas fisiol\u00f3gicas<span class=\"ez-toc-section-end\"><\/span><\/h3>\n<\/li>\n<li>\n<h3><span class=\"ez-toc-section\" id=\"Caracteristicas_superficiales_vivas\"><\/span>Caracter\u00edsticas superficiales vivas<span class=\"ez-toc-section-end\"><\/span><\/h3>\n<\/li>\n<li>\n<h3><span class=\"ez-toc-section\" id=\"Estratificacion_natural\"><\/span>Estratificaci\u00f3n natural<span class=\"ez-toc-section-end\"><\/span><\/h3>\n<\/li>\n<li>\n<h3><span class=\"ez-toc-section\" id=\"Cuellos_dentales_pronunciados\"><\/span>Cuellos dentales pronunciados<span class=\"ez-toc-section-end\"><\/span><\/h3>\n<\/li>\n<\/ul>\n<p>&nbsp;<\/p>\n<p>Consulta nuestras ofertas de lanzamiento en nuestra <a title=\"DIENTES SR VIVODENT S PE\" href=\"https:\/\/www.proclinic.es\/dientes-anteriores-sr-vivodent-s-pe.html\" target=\"_blank\" rel=\"noopener\">web<\/a> o llamando al T. 900 800 880.<\/p>\n<p>&nbsp;<\/p>\n","protected":false},"excerpt":{"rendered":"<p>La naturaleza crea las formas y los colores de los dientes&nbsp;m\u00e1s bellos y esto ha servido para dise\u00f1ar la nueva l\u00ednea de dientes Vivodent\u00ae S PE.<\/p>\n","protected":false},"author":101011,"featured_media":2155,"comment_status":"open","ping_status":"open","sticky":false,"template":"","format":"standard","meta":{"footnotes":""},"categories":[52],"tags":[],"class_list":["post-2151","post","type-post","status-publish","format-standard","has-post-thumbnail","hentry","category-laboratorio-dental"],"yoast_head":"<!-- This site is optimized with the Yoast SEO plugin v25.9 - https:\/\/yoast.com\/wordpress\/plugins\/seo\/ -->\n<title>Presentamos los nuevos dientes de Ivoclar - Blog Proclinic<\/title>\n<meta name=\"description\" content=\"La naturaleza crea las formas y los colores de los dientes m\u00e1s bellos y esto ha servido para dise\u00f1ar la nueva l\u00ednea de dientes Vivodent\u00ae S PE.\" \/>\n<meta name=\"robots\" content=\"index, follow, max-snippet:-1, max-image-preview:large, max-video-preview:-1\" \/>\n<link rel=\"canonical\" href=\"https:\/\/www.proclinic.es\/blog\/presentamos-los-nuevos-dientes-sr-vivodent-s-pe-de-ivoclar-vivadent\/\" \/>\n<meta property=\"og:locale\" content=\"es_ES\" \/>\n<meta property=\"og:type\" content=\"article\" \/>\n<meta property=\"og:title\" content=\"Presentamos los nuevos dientes de Ivoclar - Blog Proclinic\" \/>\n<meta property=\"og:description\" content=\"La naturaleza crea las formas y los colores de los dientes m\u00e1s bellos y esto ha servido para dise\u00f1ar la nueva l\u00ednea de dientes Vivodent\u00ae S PE.\" \/>\n<meta property=\"og:url\" content=\"https:\/\/www.proclinic.es\/blog\/presentamos-los-nuevos-dientes-sr-vivodent-s-pe-de-ivoclar-vivadent\/\" \/>\n<meta property=\"og:site_name\" content=\"Blog Proclinic\" \/>\n<meta property=\"article:publisher\" content=\"https:\/\/www.facebook.com\/proclinicsa\" \/>\n<meta property=\"article:published_time\" content=\"2015-09-14T14:35:12+00:00\" \/>\n<meta property=\"article:modified_time\" content=\"2023-02-09T11:06:27+00:00\" \/>\n<meta property=\"og:image\" content=\"https:\/\/www.proclinic.es\/blog\/wp-content\/uploads\/2015\/09\/Novedad-Vivodent-S-PE-Proclinic-Ivoclarb.jpg\" \/>\n\t<meta property=\"og:image:width\" content=\"785\" \/>\n\t<meta property=\"og:image:height\" content=\"492\" \/>\n\t<meta property=\"og:image:type\" content=\"image\/jpeg\" \/>\n<meta name=\"author\" content=\"Anna\" \/>\n<meta name=\"twitter:card\" content=\"summary_large_image\" \/>\n<meta name=\"twitter:creator\" content=\"@Proclinic_SA\" \/>\n<meta name=\"twitter:site\" content=\"@Proclinic_SA\" \/>\n<meta name=\"twitter:label1\" content=\"Escrito por\" \/>\n\t<meta name=\"twitter:data1\" content=\"Anna\" \/>\n\t<meta name=\"twitter:label2\" content=\"Tiempo de lectura\" \/>\n\t<meta name=\"twitter:data2\" content=\"1 minuto\" \/>\n<script type=\"application\/ld+json\" class=\"yoast-schema-graph\">{\"@context\":\"https:\/\/schema.org\",\"@graph\":[{\"@type\":\"WebPage\",\"@id\":\"https:\/\/www.proclinic.es\/blog\/presentamos-los-nuevos-dientes-sr-vivodent-s-pe-de-ivoclar-vivadent\/\",\"url\":\"https:\/\/www.proclinic.es\/blog\/presentamos-los-nuevos-dientes-sr-vivodent-s-pe-de-ivoclar-vivadent\/\",\"name\":\"Presentamos los nuevos dientes de Ivoclar - Blog Proclinic\",\"isPartOf\":{\"@id\":\"https:\/\/www.proclinic.es\/blog\/#website\"},\"primaryImageOfPage\":{\"@id\":\"https:\/\/www.proclinic.es\/blog\/presentamos-los-nuevos-dientes-sr-vivodent-s-pe-de-ivoclar-vivadent\/#primaryimage\"},\"image\":{\"@id\":\"https:\/\/www.proclinic.es\/blog\/presentamos-los-nuevos-dientes-sr-vivodent-s-pe-de-ivoclar-vivadent\/#primaryimage\"},\"thumbnailUrl\":\"https:\/\/www.proclinic.es\/blog\/wp-content\/uploads\/2015\/09\/Novedad-Vivodent-S-PE-Proclinic-Ivoclarb.jpg\",\"datePublished\":\"2015-09-14T14:35:12+00:00\",\"dateModified\":\"2023-02-09T11:06:27+00:00\",\"author\":{\"@id\":\"https:\/\/www.proclinic.es\/blog\/#\/schema\/person\/85e304ea367ce3922003b0d8b388e527\"},\"description\":\"La naturaleza crea las formas y los colores de los dientes m\u00e1s bellos y esto ha servido para dise\u00f1ar la nueva l\u00ednea de dientes Vivodent\u00ae S PE.\",\"breadcrumb\":{\"@id\":\"https:\/\/www.proclinic.es\/blog\/presentamos-los-nuevos-dientes-sr-vivodent-s-pe-de-ivoclar-vivadent\/#breadcrumb\"},\"inLanguage\":\"es\",\"potentialAction\":[{\"@type\":\"ReadAction\",\"target\":[\"https:\/\/www.proclinic.es\/blog\/presentamos-los-nuevos-dientes-sr-vivodent-s-pe-de-ivoclar-vivadent\/\"]}]},{\"@type\":\"ImageObject\",\"inLanguage\":\"es\",\"@id\":\"https:\/\/www.proclinic.es\/blog\/presentamos-los-nuevos-dientes-sr-vivodent-s-pe-de-ivoclar-vivadent\/#primaryimage\",\"url\":\"https:\/\/www.proclinic.es\/blog\/wp-content\/uploads\/2015\/09\/Novedad-Vivodent-S-PE-Proclinic-Ivoclarb.jpg\",\"contentUrl\":\"https:\/\/www.proclinic.es\/blog\/wp-content\/uploads\/2015\/09\/Novedad-Vivodent-S-PE-Proclinic-Ivoclarb.jpg\",\"width\":785,\"height\":492},{\"@type\":\"BreadcrumbList\",\"@id\":\"https:\/\/www.proclinic.es\/blog\/presentamos-los-nuevos-dientes-sr-vivodent-s-pe-de-ivoclar-vivadent\/#breadcrumb\",\"itemListElement\":[{\"@type\":\"ListItem\",\"position\":1,\"name\":\"Home\",\"item\":\"https:\/\/www.proclinic.es\/blog\/\"},{\"@type\":\"ListItem\",\"position\":2,\"name\":\"Presentamos los nuevos dientes SR Vivodent S PE de Ivoclar Vivadent\"}]},{\"@type\":\"WebSite\",\"@id\":\"https:\/\/www.proclinic.es\/blog\/#website\",\"url\":\"https:\/\/www.proclinic.es\/blog\/\",\"name\":\"Blog Proclinic\",\"description\":\"\u00a1Bienvenido al blog de Proclinic! En este espacio, nos enfocamos en brindar informaci\u00f3n valiosa y actualizada para todos los profesionales del sector dental. Nuestra misi\u00f3n es mantenerte al d\u00eda de las \u00faltimas tendencias, investigaciones y t\u00e9cnicas en el campo de la odontolog\u00eda. Exploraremos temas que van desde las novedades en materiales odontol\u00f3gicos, consejos pr\u00e1cticos para la gesti\u00f3n de cl\u00ednicas dentales hasta casos cl\u00ednicos con base cient\u00edfica, eventos del sector y mucho m\u00e1s. Te invitamos a seguir nuestro contenido, dise\u00f1ado para mantener tu pr\u00e1ctica en la vanguardia de la odontolog\u00eda moderna.\",\"potentialAction\":[{\"@type\":\"SearchAction\",\"target\":{\"@type\":\"EntryPoint\",\"urlTemplate\":\"https:\/\/www.proclinic.es\/blog\/?s={search_term_string}\"},\"query-input\":{\"@type\":\"PropertyValueSpecification\",\"valueRequired\":true,\"valueName\":\"search_term_string\"}}],\"inLanguage\":\"es\"},{\"@type\":\"Person\",\"@id\":\"https:\/\/www.proclinic.es\/blog\/#\/schema\/person\/85e304ea367ce3922003b0d8b388e527\",\"name\":\"Anna\",\"image\":{\"@type\":\"ImageObject\",\"inLanguage\":\"es\",\"@id\":\"https:\/\/www.proclinic.es\/blog\/#\/schema\/person\/image\/\",\"url\":\"https:\/\/secure.gravatar.com\/avatar\/b8b19455b6924f97d0afcdeb2791066e8c8af798468c71e0fe7e686c5d0b49f4?s=96&d=mm&r=g\",\"contentUrl\":\"https:\/\/secure.gravatar.com\/avatar\/b8b19455b6924f97d0afcdeb2791066e8c8af798468c71e0fe7e686c5d0b49f4?s=96&d=mm&r=g\",\"caption\":\"Anna\"},\"description\":\"Community Manager\",\"url\":\"https:\/\/www.proclinic.es\/blog\/author\/anna\/\"}]}<\/script>\n<!-- \/ Yoast SEO plugin. -->","yoast_head_json":{"title":"Presentamos los nuevos dientes de Ivoclar - Blog Proclinic","description":"La naturaleza crea las formas y los colores de los dientes m\u00e1s bellos y esto ha servido para dise\u00f1ar la nueva l\u00ednea de dientes Vivodent\u00ae S PE.","robots":{"index":"index","follow":"follow","max-snippet":"max-snippet:-1","max-image-preview":"max-image-preview:large","max-video-preview":"max-video-preview:-1"},"canonical":"https:\/\/www.proclinic.es\/blog\/presentamos-los-nuevos-dientes-sr-vivodent-s-pe-de-ivoclar-vivadent\/","og_locale":"es_ES","og_type":"article","og_title":"Presentamos los nuevos dientes de Ivoclar - Blog Proclinic","og_description":"La naturaleza crea las formas y los colores de los dientes m\u00e1s bellos y esto ha servido para dise\u00f1ar la nueva l\u00ednea de dientes Vivodent\u00ae S PE.","og_url":"https:\/\/www.proclinic.es\/blog\/presentamos-los-nuevos-dientes-sr-vivodent-s-pe-de-ivoclar-vivadent\/","og_site_name":"Blog Proclinic","article_publisher":"https:\/\/www.facebook.com\/proclinicsa","article_published_time":"2015-09-14T14:35:12+00:00","article_modified_time":"2023-02-09T11:06:27+00:00","og_image":[{"width":785,"height":492,"url":"https:\/\/www.proclinic.es\/blog\/wp-content\/uploads\/2015\/09\/Novedad-Vivodent-S-PE-Proclinic-Ivoclarb.jpg","type":"image\/jpeg"}],"author":"Anna","twitter_card":"summary_large_image","twitter_creator":"@Proclinic_SA","twitter_site":"@Proclinic_SA","twitter_misc":{"Escrito por":"Anna","Tiempo de lectura":"1 minuto"},"schema":{"@context":"https:\/\/schema.org","@graph":[{"@type":"WebPage","@id":"https:\/\/www.proclinic.es\/blog\/presentamos-los-nuevos-dientes-sr-vivodent-s-pe-de-ivoclar-vivadent\/","url":"https:\/\/www.proclinic.es\/blog\/presentamos-los-nuevos-dientes-sr-vivodent-s-pe-de-ivoclar-vivadent\/","name":"Presentamos los nuevos dientes de Ivoclar - Blog Proclinic","isPartOf":{"@id":"https:\/\/www.proclinic.es\/blog\/#website"},"primaryImageOfPage":{"@id":"https:\/\/www.proclinic.es\/blog\/presentamos-los-nuevos-dientes-sr-vivodent-s-pe-de-ivoclar-vivadent\/#primaryimage"},"image":{"@id":"https:\/\/www.proclinic.es\/blog\/presentamos-los-nuevos-dientes-sr-vivodent-s-pe-de-ivoclar-vivadent\/#primaryimage"},"thumbnailUrl":"https:\/\/www.proclinic.es\/blog\/wp-content\/uploads\/2015\/09\/Novedad-Vivodent-S-PE-Proclinic-Ivoclarb.jpg","datePublished":"2015-09-14T14:35:12+00:00","dateModified":"2023-02-09T11:06:27+00:00","author":{"@id":"https:\/\/www.proclinic.es\/blog\/#\/schema\/person\/85e304ea367ce3922003b0d8b388e527"},"description":"La naturaleza crea las formas y los colores de los dientes m\u00e1s bellos y esto ha servido para dise\u00f1ar la nueva l\u00ednea de dientes Vivodent\u00ae S PE.","breadcrumb":{"@id":"https:\/\/www.proclinic.es\/blog\/presentamos-los-nuevos-dientes-sr-vivodent-s-pe-de-ivoclar-vivadent\/#breadcrumb"},"inLanguage":"es","potentialAction":[{"@type":"ReadAction","target":["https:\/\/www.proclinic.es\/blog\/presentamos-los-nuevos-dientes-sr-vivodent-s-pe-de-ivoclar-vivadent\/"]}]},{"@type":"ImageObject","inLanguage":"es","@id":"https:\/\/www.proclinic.es\/blog\/presentamos-los-nuevos-dientes-sr-vivodent-s-pe-de-ivoclar-vivadent\/#primaryimage","url":"https:\/\/www.proclinic.es\/blog\/wp-content\/uploads\/2015\/09\/Novedad-Vivodent-S-PE-Proclinic-Ivoclarb.jpg","contentUrl":"https:\/\/www.proclinic.es\/blog\/wp-content\/uploads\/2015\/09\/Novedad-Vivodent-S-PE-Proclinic-Ivoclarb.jpg","width":785,"height":492},{"@type":"BreadcrumbList","@id":"https:\/\/www.proclinic.es\/blog\/presentamos-los-nuevos-dientes-sr-vivodent-s-pe-de-ivoclar-vivadent\/#breadcrumb","itemListElement":[{"@type":"ListItem","position":1,"name":"Home","item":"https:\/\/www.proclinic.es\/blog\/"},{"@type":"ListItem","position":2,"name":"Presentamos los nuevos dientes SR Vivodent S PE de Ivoclar Vivadent"}]},{"@type":"WebSite","@id":"https:\/\/www.proclinic.es\/blog\/#website","url":"https:\/\/www.proclinic.es\/blog\/","name":"Blog Proclinic","description":"\u00a1Bienvenido al blog de Proclinic! En este espacio, nos enfocamos en brindar informaci\u00f3n valiosa y actualizada para todos los profesionales del sector dental. Nuestra misi\u00f3n es mantenerte al d\u00eda de las \u00faltimas tendencias, investigaciones y t\u00e9cnicas en el campo de la odontolog\u00eda. Exploraremos temas que van desde las novedades en materiales odontol\u00f3gicos, consejos pr\u00e1cticos para la gesti\u00f3n de cl\u00ednicas dentales hasta casos cl\u00ednicos con base cient\u00edfica, eventos del sector y mucho m\u00e1s. Te invitamos a seguir nuestro contenido, dise\u00f1ado para mantener tu pr\u00e1ctica en la vanguardia de la odontolog\u00eda moderna.","potentialAction":[{"@type":"SearchAction","target":{"@type":"EntryPoint","urlTemplate":"https:\/\/www.proclinic.es\/blog\/?s={search_term_string}"},"query-input":{"@type":"PropertyValueSpecification","valueRequired":true,"valueName":"search_term_string"}}],"inLanguage":"es"},{"@type":"Person","@id":"https:\/\/www.proclinic.es\/blog\/#\/schema\/person\/85e304ea367ce3922003b0d8b388e527","name":"Anna","image":{"@type":"ImageObject","inLanguage":"es","@id":"https:\/\/www.proclinic.es\/blog\/#\/schema\/person\/image\/","url":"https:\/\/secure.gravatar.com\/avatar\/b8b19455b6924f97d0afcdeb2791066e8c8af798468c71e0fe7e686c5d0b49f4?s=96&d=mm&r=g","contentUrl":"https:\/\/secure.gravatar.com\/avatar\/b8b19455b6924f97d0afcdeb2791066e8c8af798468c71e0fe7e686c5d0b49f4?s=96&d=mm&r=g","caption":"Anna"},"description":"Community Manager","url":"https:\/\/www.proclinic.es\/blog\/author\/anna\/"}]}},"jetpack_featured_media_url":"https:\/\/www.proclinic.es\/blog\/wp-content\/uploads\/2015\/09\/Novedad-Vivodent-S-PE-Proclinic-Ivoclarb.jpg","_links":{"self":[{"href":"https:\/\/www.proclinic.es\/blog\/wp-json\/wp\/v2\/posts\/2151","targetHints":{"allow":["GET"]}}],"collection":[{"href":"https:\/\/www.proclinic.es\/blog\/wp-json\/wp\/v2\/posts"}],"about":[{"href":"https:\/\/www.proclinic.es\/blog\/wp-json\/wp\/v2\/types\/post"}],"author":[{"embeddable":true,"href":"https:\/\/www.proclinic.es\/blog\/wp-json\/wp\/v2\/users\/101011"}],"replies":[{"embeddable":true,"href":"https:\/\/www.proclinic.es\/blog\/wp-json\/wp\/v2\/comments?post=2151"}],"version-history":[{"count":4,"href":"https:\/\/www.proclinic.es\/blog\/wp-json\/wp\/v2\/posts\/2151\/revisions"}],"predecessor-version":[{"id":13712,"href":"https:\/\/www.proclinic.es\/blog\/wp-json\/wp\/v2\/posts\/2151\/revisions\/13712"}],"wp:featuredmedia":[{"embeddable":true,"href":"https:\/\/www.proclinic.es\/blog\/wp-json\/wp\/v2\/media\/2155"}],"wp:attachment":[{"href":"https:\/\/www.proclinic.es\/blog\/wp-json\/wp\/v2\/media?parent=2151"}],"wp:term":[{"taxonomy":"category","embeddable":true,"href":"https:\/\/www.proclinic.es\/blog\/wp-json\/wp\/v2\/categories?post=2151"},{"taxonomy":"post_tag","embeddable":true,"href":"https:\/\/www.proclinic.es\/blog\/wp-json\/wp\/v2\/tags?post=2151"}],"curies":[{"name":"wp","href":"https:\/\/api.w.org\/{rel}","templated":true}]}}