{"id":1748,"date":"2015-01-19T17:51:25","date_gmt":"2015-01-19T15:51:25","guid":{"rendered":"http:\/\/localhost\/blogProclinic\/web\/?p=1748"},"modified":"2015-01-19T17:55:55","modified_gmt":"2015-01-19T15:55:55","slug":"los-dentistas-espanoles-ilusionados-con-su-profesion-pese-reconocer-una-situacion-mas-dura","status":"publish","type":"post","link":"https:\/\/www.proclinic.es\/blog\/los-dentistas-espanoles-ilusionados-con-su-profesion-pese-reconocer-una-situacion-mas-dura\/","title":{"rendered":"Los dentistas espa\u00f1oles, ilusionados con su profesi\u00f3n pese a reconocer una situaci\u00f3n m\u00e1s dura"},"content":{"rendered":"<p>As\u00ed lo atestiguan los datos de <strong>una reciente encuesta realizada a m\u00e1s de mil profesionales de la Odontolog\u00eda de todo el pa\u00eds<\/strong>, entre los meses de noviembre y diciembre de 2014.<!--more--><\/p>\n<p>&nbsp;<\/p>\n<p>La encuesta, coordinada por la prestigiosa <strong>revista Gaceta Dental<\/strong>, patrocinada por la compa\u00f1\u00eda distribuidora de productos odontol\u00f3gicos <strong>Proclinic<\/strong>, y llevada a cabo por la empresa de estudios de mercado <strong>Marketingcom<\/strong>, ten\u00eda como objetivo recoger la situaci\u00f3n de los profesionales de la Odontolog\u00eda en Espa\u00f1a y su actitud ante los nuevos retos a los que se enfrenta el sector.<\/p>\n<p>Y no son pocos: <strong>la pr\u00e1ctica totalidad de los encuestados piensa que hay demasiadas cl\u00ednicas dentales (el 93,5%) y un excesivo n\u00famero de licenciados (un 89,2%).<\/strong> El 88,2% siente que debe afrontar cada vez m\u00e1s obst\u00e1culos en su d\u00eda a d\u00eda, y un 66% asegura que la sociedad trataba mejor antes a los profesionales de la Odontolog\u00eda.<\/p>\n<p>Aunque no todo son malas noticias, y la moral del sector se mantiene optimista: <strong>el 74% de los odont\u00f3logos se sienten realizados en su trabajo<\/strong>, y un m\u00e1s moderado 58,2% avala que la Odontolog\u00eda es una excelente profesi\u00f3n que practicar, algo especialmente positivo dado el duro contexto que se est\u00e1 viviendo. Adem\u00e1s, <strong>la profesi\u00f3n en general se considera efectiva, recicl\u00e1ndose de forma continua (un 74,2% lo hace)<\/strong> y mostr\u00e1ndose proactiva para aportar un mejor servicio (84,3%).<\/p>\n<p>&nbsp;<\/p>\n<p>En cuanto a la evoluci\u00f3n del negocio fij\u00e1ndose en los ingresos, <strong>un 46,7% de las cl\u00ednicas presenta n\u00fameros semejantes a los de anteriores periodos<\/strong>, mientras que un 30,2% de ellas tuvo ingresos inferiores, y solo un 23,1% consigui\u00f3 elevarlos durante este pasado curso.<\/p>\n<p>La rentabilidad ha empeorado, y <strong>una cuarta parte de las cl\u00ednicas reconoce una rentabilidad mala o muy mala.<\/strong> Pese a ello, un 61,4% afirma encontrarse en niveles de rentabilidad adecuada, y solo un 13,9% asegura que su rentabilidad es alta o muy alta.<\/p>\n<p>\u00bfLos motivos? <strong>El 67,3% responde que los problemas econ\u00f3micos entre la clientela dificulta el acceso a los servicios odontol\u00f3gicos<\/strong>, a lo que un 65,9% a\u00f1ade que debido a esto, el precio se ha convertido en un factor importante.<\/p>\n<p>&nbsp;<\/p>\n<p>Las cl\u00ednicas participantes representan con gran homogeneidad el panorama del mercado, siendo un 36,1% las que abrieron sus puertas antes de 1995, un 28,9% las abiertas entre 1995 y 2004, y un 35,1% las aperturas posteriores a 2004 y hasta la fecha.<\/p>\n<p><strong>La gran mayor\u00eda de los perfiles participantes son Odont\u00f3logos Generalistas (38,1%)<\/strong>, seguidos de lejos por Implant\u00f3logos (14,2%), Ortodoncistas (13,5%), Endodoncistas (13,4%) y el resto de especialidades.<\/p>\n<p>&nbsp;<\/p>\n<p>&nbsp;<\/p>\n","protected":false},"excerpt":{"rendered":"<p>As\u00ed lo atestiguan los datos de una reciente encuesta realizada a m\u00e1s de mil profesionales de la Odontolog\u00eda de todo el pa\u00eds, entre los meses de noviembre y diciembre de 2014.<\/p>\n","protected":false},"author":101011,"featured_media":1747,"comment_status":"open","ping_status":"open","sticky":false,"template":"","format":"standard","meta":{"footnotes":""},"categories":[45],"tags":[],"class_list":["post-1748","post","type-post","status-publish","format-standard","has-post-thumbnail","hentry","category-actualidad"],"yoast_head":"<!-- This site is optimized with the Yoast SEO plugin v27.4 - https:\/\/yoast.com\/product\/yoast-seo-wordpress\/ -->\n<title>Los dentistas espa\u00f1oles, ilusionados - Blog Proclinic<\/title>\n<meta name=\"description\" content=\"As\u00ed lo atestiguan los datos de una reciente encuesta realizada a m\u00e1s de mil profesionales de la Odontolog\u00eda de todo el pa\u00eds, entre los meses de noviembre y diciembre de 2014.\" \/>\n<meta name=\"robots\" content=\"index, follow, max-snippet:-1, max-image-preview:large, max-video-preview:-1\" \/>\n<link rel=\"canonical\" href=\"https:\/\/www.proclinic.es\/blog\/los-dentistas-espanoles-ilusionados-con-su-profesion-pese-reconocer-una-situacion-mas-dura\/\" \/>\n<meta property=\"og:locale\" content=\"es_ES\" \/>\n<meta property=\"og:type\" content=\"article\" \/>\n<meta property=\"og:title\" content=\"Los dentistas espa\u00f1oles, ilusionados - Blog Proclinic\" \/>\n<meta property=\"og:description\" content=\"As\u00ed lo atestiguan los datos de una reciente encuesta realizada a m\u00e1s de mil profesionales de la Odontolog\u00eda de todo el pa\u00eds, entre los meses de noviembre y diciembre de 2014.\" \/>\n<meta property=\"og:url\" content=\"https:\/\/www.proclinic.es\/blog\/los-dentistas-espanoles-ilusionados-con-su-profesion-pese-reconocer-una-situacion-mas-dura\/\" \/>\n<meta property=\"og:site_name\" content=\"Blog Proclinic\" \/>\n<meta property=\"article:publisher\" content=\"https:\/\/www.facebook.com\/proclinicsa\" \/>\n<meta property=\"article:published_time\" content=\"2015-01-19T15:51:25+00:00\" \/>\n<meta property=\"article:modified_time\" content=\"2015-01-19T15:55:55+00:00\" \/>\n<meta property=\"og:image\" content=\"https:\/\/www.proclinic.es\/blog\/wp-content\/uploads\/2015\/01\/ESY-002384203-scaled.jpg\" \/>\n\t<meta property=\"og:image:width\" content=\"2560\" \/>\n\t<meta property=\"og:image:height\" content=\"1706\" \/>\n\t<meta property=\"og:image:type\" content=\"image\/jpeg\" \/>\n<meta name=\"author\" content=\"Anna\" \/>\n<meta name=\"twitter:card\" content=\"summary_large_image\" \/>\n<meta name=\"twitter:creator\" content=\"@Proclinic_SA\" \/>\n<meta name=\"twitter:site\" content=\"@Proclinic_SA\" \/>\n<meta name=\"twitter:label1\" content=\"Escrito por\" \/>\n\t<meta name=\"twitter:data1\" content=\"Anna\" \/>\n\t<meta name=\"twitter:label2\" content=\"Tiempo de lectura\" \/>\n\t<meta name=\"twitter:data2\" content=\"2 minutos\" \/>\n<script type=\"application\/ld+json\" class=\"yoast-schema-graph\">{\"@context\":\"https:\\\/\\\/schema.org\",\"@graph\":[{\"@type\":\"Article\",\"@id\":\"https:\\\/\\\/www.proclinic.es\\\/blog\\\/los-dentistas-espanoles-ilusionados-con-su-profesion-pese-reconocer-una-situacion-mas-dura\\\/#article\",\"isPartOf\":{\"@id\":\"https:\\\/\\\/www.proclinic.es\\\/blog\\\/los-dentistas-espanoles-ilusionados-con-su-profesion-pese-reconocer-una-situacion-mas-dura\\\/\"},\"author\":{\"name\":\"Anna\",\"@id\":\"https:\\\/\\\/www.proclinic.es\\\/blog\\\/#\\\/schema\\\/person\\\/85e304ea367ce3922003b0d8b388e527\"},\"headline\":\"Los dentistas espa\u00f1oles, ilusionados con su profesi\u00f3n pese a reconocer una situaci\u00f3n m\u00e1s dura\",\"datePublished\":\"2015-01-19T15:51:25+00:00\",\"dateModified\":\"2015-01-19T15:55:55+00:00\",\"mainEntityOfPage\":{\"@id\":\"https:\\\/\\\/www.proclinic.es\\\/blog\\\/los-dentistas-espanoles-ilusionados-con-su-profesion-pese-reconocer-una-situacion-mas-dura\\\/\"},\"wordCount\":447,\"commentCount\":1,\"image\":{\"@id\":\"https:\\\/\\\/www.proclinic.es\\\/blog\\\/los-dentistas-espanoles-ilusionados-con-su-profesion-pese-reconocer-una-situacion-mas-dura\\\/#primaryimage\"},\"thumbnailUrl\":\"https:\\\/\\\/www.proclinic.es\\\/blog\\\/wp-content\\\/uploads\\\/2015\\\/01\\\/ESY-002384203-scaled.jpg\",\"articleSection\":[\"Actualidad\"],\"inLanguage\":\"es\",\"potentialAction\":[{\"@type\":\"CommentAction\",\"name\":\"Comment\",\"target\":[\"https:\\\/\\\/www.proclinic.es\\\/blog\\\/los-dentistas-espanoles-ilusionados-con-su-profesion-pese-reconocer-una-situacion-mas-dura\\\/#respond\"]}]},{\"@type\":\"WebPage\",\"@id\":\"https:\\\/\\\/www.proclinic.es\\\/blog\\\/los-dentistas-espanoles-ilusionados-con-su-profesion-pese-reconocer-una-situacion-mas-dura\\\/\",\"url\":\"https:\\\/\\\/www.proclinic.es\\\/blog\\\/los-dentistas-espanoles-ilusionados-con-su-profesion-pese-reconocer-una-situacion-mas-dura\\\/\",\"name\":\"Los dentistas espa\u00f1oles, ilusionados - Blog Proclinic\",\"isPartOf\":{\"@id\":\"https:\\\/\\\/www.proclinic.es\\\/blog\\\/#website\"},\"primaryImageOfPage\":{\"@id\":\"https:\\\/\\\/www.proclinic.es\\\/blog\\\/los-dentistas-espanoles-ilusionados-con-su-profesion-pese-reconocer-una-situacion-mas-dura\\\/#primaryimage\"},\"image\":{\"@id\":\"https:\\\/\\\/www.proclinic.es\\\/blog\\\/los-dentistas-espanoles-ilusionados-con-su-profesion-pese-reconocer-una-situacion-mas-dura\\\/#primaryimage\"},\"thumbnailUrl\":\"https:\\\/\\\/www.proclinic.es\\\/blog\\\/wp-content\\\/uploads\\\/2015\\\/01\\\/ESY-002384203-scaled.jpg\",\"datePublished\":\"2015-01-19T15:51:25+00:00\",\"dateModified\":\"2015-01-19T15:55:55+00:00\",\"author\":{\"@id\":\"https:\\\/\\\/www.proclinic.es\\\/blog\\\/#\\\/schema\\\/person\\\/85e304ea367ce3922003b0d8b388e527\"},\"description\":\"As\u00ed lo atestiguan los datos de una reciente encuesta realizada a m\u00e1s de mil profesionales de la Odontolog\u00eda de todo el pa\u00eds, entre los meses de noviembre y diciembre de 2014.\",\"breadcrumb\":{\"@id\":\"https:\\\/\\\/www.proclinic.es\\\/blog\\\/los-dentistas-espanoles-ilusionados-con-su-profesion-pese-reconocer-una-situacion-mas-dura\\\/#breadcrumb\"},\"inLanguage\":\"es\",\"potentialAction\":[{\"@type\":\"ReadAction\",\"target\":[\"https:\\\/\\\/www.proclinic.es\\\/blog\\\/los-dentistas-espanoles-ilusionados-con-su-profesion-pese-reconocer-una-situacion-mas-dura\\\/\"]}]},{\"@type\":\"ImageObject\",\"inLanguage\":\"es\",\"@id\":\"https:\\\/\\\/www.proclinic.es\\\/blog\\\/los-dentistas-espanoles-ilusionados-con-su-profesion-pese-reconocer-una-situacion-mas-dura\\\/#primaryimage\",\"url\":\"https:\\\/\\\/www.proclinic.es\\\/blog\\\/wp-content\\\/uploads\\\/2015\\\/01\\\/ESY-002384203-scaled.jpg\",\"contentUrl\":\"https:\\\/\\\/www.proclinic.es\\\/blog\\\/wp-content\\\/uploads\\\/2015\\\/01\\\/ESY-002384203-scaled.jpg\",\"width\":2560,\"height\":1706,\"caption\":\"Encuesta sectorial odontolog\u00eda\"},{\"@type\":\"BreadcrumbList\",\"@id\":\"https:\\\/\\\/www.proclinic.es\\\/blog\\\/los-dentistas-espanoles-ilusionados-con-su-profesion-pese-reconocer-una-situacion-mas-dura\\\/#breadcrumb\",\"itemListElement\":[{\"@type\":\"ListItem\",\"position\":1,\"name\":\"Home\",\"item\":\"https:\\\/\\\/www.proclinic.es\\\/blog\\\/\"},{\"@type\":\"ListItem\",\"position\":2,\"name\":\"Los dentistas espa\u00f1oles, ilusionados con su profesi\u00f3n pese a reconocer una situaci\u00f3n m\u00e1s dura\"}]},{\"@type\":\"WebSite\",\"@id\":\"https:\\\/\\\/www.proclinic.es\\\/blog\\\/#website\",\"url\":\"https:\\\/\\\/www.proclinic.es\\\/blog\\\/\",\"name\":\"Blog Proclinic\",\"description\":\"\u00a1Bienvenido al blog de Proclinic! En este espacio, nos enfocamos en brindar informaci\u00f3n valiosa y actualizada para todos los profesionales del sector dental. Nuestra misi\u00f3n es mantenerte al d\u00eda de las \u00faltimas tendencias, investigaciones y t\u00e9cnicas en el campo de la odontolog\u00eda. Exploraremos temas que van desde las novedades en materiales odontol\u00f3gicos, consejos pr\u00e1cticos para la gesti\u00f3n de cl\u00ednicas dentales hasta casos cl\u00ednicos con base cient\u00edfica, eventos del sector y mucho m\u00e1s. Te invitamos a seguir nuestro contenido, dise\u00f1ado para mantener tu pr\u00e1ctica en la vanguardia de la odontolog\u00eda moderna.\",\"potentialAction\":[{\"@type\":\"SearchAction\",\"target\":{\"@type\":\"EntryPoint\",\"urlTemplate\":\"https:\\\/\\\/www.proclinic.es\\\/blog\\\/?s={search_term_string}\"},\"query-input\":{\"@type\":\"PropertyValueSpecification\",\"valueRequired\":true,\"valueName\":\"search_term_string\"}}],\"inLanguage\":\"es\"},{\"@type\":\"Person\",\"@id\":\"https:\\\/\\\/www.proclinic.es\\\/blog\\\/#\\\/schema\\\/person\\\/85e304ea367ce3922003b0d8b388e527\",\"name\":\"Anna\",\"image\":{\"@type\":\"ImageObject\",\"inLanguage\":\"es\",\"@id\":\"https:\\\/\\\/secure.gravatar.com\\\/avatar\\\/b8b19455b6924f97d0afcdeb2791066e8c8af798468c71e0fe7e686c5d0b49f4?s=96&d=mm&r=g\",\"url\":\"https:\\\/\\\/secure.gravatar.com\\\/avatar\\\/b8b19455b6924f97d0afcdeb2791066e8c8af798468c71e0fe7e686c5d0b49f4?s=96&d=mm&r=g\",\"contentUrl\":\"https:\\\/\\\/secure.gravatar.com\\\/avatar\\\/b8b19455b6924f97d0afcdeb2791066e8c8af798468c71e0fe7e686c5d0b49f4?s=96&d=mm&r=g\",\"caption\":\"Anna\"},\"description\":\"Community Manager\",\"url\":\"https:\\\/\\\/www.proclinic.es\\\/blog\\\/author\\\/anna\\\/\"}]}<\/script>\n<!-- \/ Yoast SEO plugin. -->","yoast_head_json":{"title":"Los dentistas espa\u00f1oles, ilusionados - Blog Proclinic","description":"As\u00ed lo atestiguan los datos de una reciente encuesta realizada a m\u00e1s de mil profesionales de la Odontolog\u00eda de todo el pa\u00eds, entre los meses de noviembre y diciembre de 2014.","robots":{"index":"index","follow":"follow","max-snippet":"max-snippet:-1","max-image-preview":"max-image-preview:large","max-video-preview":"max-video-preview:-1"},"canonical":"https:\/\/www.proclinic.es\/blog\/los-dentistas-espanoles-ilusionados-con-su-profesion-pese-reconocer-una-situacion-mas-dura\/","og_locale":"es_ES","og_type":"article","og_title":"Los dentistas espa\u00f1oles, ilusionados - Blog Proclinic","og_description":"As\u00ed lo atestiguan los datos de una reciente encuesta realizada a m\u00e1s de mil profesionales de la Odontolog\u00eda de todo el pa\u00eds, entre los meses de noviembre y diciembre de 2014.","og_url":"https:\/\/www.proclinic.es\/blog\/los-dentistas-espanoles-ilusionados-con-su-profesion-pese-reconocer-una-situacion-mas-dura\/","og_site_name":"Blog Proclinic","article_publisher":"https:\/\/www.facebook.com\/proclinicsa","article_published_time":"2015-01-19T15:51:25+00:00","article_modified_time":"2015-01-19T15:55:55+00:00","og_image":[{"width":2560,"height":1706,"url":"https:\/\/www.proclinic.es\/blog\/wp-content\/uploads\/2015\/01\/ESY-002384203-scaled.jpg","type":"image\/jpeg"}],"author":"Anna","twitter_card":"summary_large_image","twitter_creator":"@Proclinic_SA","twitter_site":"@Proclinic_SA","twitter_misc":{"Escrito por":"Anna","Tiempo de lectura":"2 minutos"},"schema":{"@context":"https:\/\/schema.org","@graph":[{"@type":"Article","@id":"https:\/\/www.proclinic.es\/blog\/los-dentistas-espanoles-ilusionados-con-su-profesion-pese-reconocer-una-situacion-mas-dura\/#article","isPartOf":{"@id":"https:\/\/www.proclinic.es\/blog\/los-dentistas-espanoles-ilusionados-con-su-profesion-pese-reconocer-una-situacion-mas-dura\/"},"author":{"name":"Anna","@id":"https:\/\/www.proclinic.es\/blog\/#\/schema\/person\/85e304ea367ce3922003b0d8b388e527"},"headline":"Los dentistas espa\u00f1oles, ilusionados con su profesi\u00f3n pese a reconocer una situaci\u00f3n m\u00e1s dura","datePublished":"2015-01-19T15:51:25+00:00","dateModified":"2015-01-19T15:55:55+00:00","mainEntityOfPage":{"@id":"https:\/\/www.proclinic.es\/blog\/los-dentistas-espanoles-ilusionados-con-su-profesion-pese-reconocer-una-situacion-mas-dura\/"},"wordCount":447,"commentCount":1,"image":{"@id":"https:\/\/www.proclinic.es\/blog\/los-dentistas-espanoles-ilusionados-con-su-profesion-pese-reconocer-una-situacion-mas-dura\/#primaryimage"},"thumbnailUrl":"https:\/\/www.proclinic.es\/blog\/wp-content\/uploads\/2015\/01\/ESY-002384203-scaled.jpg","articleSection":["Actualidad"],"inLanguage":"es","potentialAction":[{"@type":"CommentAction","name":"Comment","target":["https:\/\/www.proclinic.es\/blog\/los-dentistas-espanoles-ilusionados-con-su-profesion-pese-reconocer-una-situacion-mas-dura\/#respond"]}]},{"@type":"WebPage","@id":"https:\/\/www.proclinic.es\/blog\/los-dentistas-espanoles-ilusionados-con-su-profesion-pese-reconocer-una-situacion-mas-dura\/","url":"https:\/\/www.proclinic.es\/blog\/los-dentistas-espanoles-ilusionados-con-su-profesion-pese-reconocer-una-situacion-mas-dura\/","name":"Los dentistas espa\u00f1oles, ilusionados - Blog Proclinic","isPartOf":{"@id":"https:\/\/www.proclinic.es\/blog\/#website"},"primaryImageOfPage":{"@id":"https:\/\/www.proclinic.es\/blog\/los-dentistas-espanoles-ilusionados-con-su-profesion-pese-reconocer-una-situacion-mas-dura\/#primaryimage"},"image":{"@id":"https:\/\/www.proclinic.es\/blog\/los-dentistas-espanoles-ilusionados-con-su-profesion-pese-reconocer-una-situacion-mas-dura\/#primaryimage"},"thumbnailUrl":"https:\/\/www.proclinic.es\/blog\/wp-content\/uploads\/2015\/01\/ESY-002384203-scaled.jpg","datePublished":"2015-01-19T15:51:25+00:00","dateModified":"2015-01-19T15:55:55+00:00","author":{"@id":"https:\/\/www.proclinic.es\/blog\/#\/schema\/person\/85e304ea367ce3922003b0d8b388e527"},"description":"As\u00ed lo atestiguan los datos de una reciente encuesta realizada a m\u00e1s de mil profesionales de la Odontolog\u00eda de todo el pa\u00eds, entre los meses de noviembre y diciembre de 2014.","breadcrumb":{"@id":"https:\/\/www.proclinic.es\/blog\/los-dentistas-espanoles-ilusionados-con-su-profesion-pese-reconocer-una-situacion-mas-dura\/#breadcrumb"},"inLanguage":"es","potentialAction":[{"@type":"ReadAction","target":["https:\/\/www.proclinic.es\/blog\/los-dentistas-espanoles-ilusionados-con-su-profesion-pese-reconocer-una-situacion-mas-dura\/"]}]},{"@type":"ImageObject","inLanguage":"es","@id":"https:\/\/www.proclinic.es\/blog\/los-dentistas-espanoles-ilusionados-con-su-profesion-pese-reconocer-una-situacion-mas-dura\/#primaryimage","url":"https:\/\/www.proclinic.es\/blog\/wp-content\/uploads\/2015\/01\/ESY-002384203-scaled.jpg","contentUrl":"https:\/\/www.proclinic.es\/blog\/wp-content\/uploads\/2015\/01\/ESY-002384203-scaled.jpg","width":2560,"height":1706,"caption":"Encuesta sectorial odontolog\u00eda"},{"@type":"BreadcrumbList","@id":"https:\/\/www.proclinic.es\/blog\/los-dentistas-espanoles-ilusionados-con-su-profesion-pese-reconocer-una-situacion-mas-dura\/#breadcrumb","itemListElement":[{"@type":"ListItem","position":1,"name":"Home","item":"https:\/\/www.proclinic.es\/blog\/"},{"@type":"ListItem","position":2,"name":"Los dentistas espa\u00f1oles, ilusionados con su profesi\u00f3n pese a reconocer una situaci\u00f3n m\u00e1s dura"}]},{"@type":"WebSite","@id":"https:\/\/www.proclinic.es\/blog\/#website","url":"https:\/\/www.proclinic.es\/blog\/","name":"Blog Proclinic","description":"\u00a1Bienvenido al blog de Proclinic! En este espacio, nos enfocamos en brindar informaci\u00f3n valiosa y actualizada para todos los profesionales del sector dental. Nuestra misi\u00f3n es mantenerte al d\u00eda de las \u00faltimas tendencias, investigaciones y t\u00e9cnicas en el campo de la odontolog\u00eda. Exploraremos temas que van desde las novedades en materiales odontol\u00f3gicos, consejos pr\u00e1cticos para la gesti\u00f3n de cl\u00ednicas dentales hasta casos cl\u00ednicos con base cient\u00edfica, eventos del sector y mucho m\u00e1s. Te invitamos a seguir nuestro contenido, dise\u00f1ado para mantener tu pr\u00e1ctica en la vanguardia de la odontolog\u00eda moderna.","potentialAction":[{"@type":"SearchAction","target":{"@type":"EntryPoint","urlTemplate":"https:\/\/www.proclinic.es\/blog\/?s={search_term_string}"},"query-input":{"@type":"PropertyValueSpecification","valueRequired":true,"valueName":"search_term_string"}}],"inLanguage":"es"},{"@type":"Person","@id":"https:\/\/www.proclinic.es\/blog\/#\/schema\/person\/85e304ea367ce3922003b0d8b388e527","name":"Anna","image":{"@type":"ImageObject","inLanguage":"es","@id":"https:\/\/secure.gravatar.com\/avatar\/b8b19455b6924f97d0afcdeb2791066e8c8af798468c71e0fe7e686c5d0b49f4?s=96&d=mm&r=g","url":"https:\/\/secure.gravatar.com\/avatar\/b8b19455b6924f97d0afcdeb2791066e8c8af798468c71e0fe7e686c5d0b49f4?s=96&d=mm&r=g","contentUrl":"https:\/\/secure.gravatar.com\/avatar\/b8b19455b6924f97d0afcdeb2791066e8c8af798468c71e0fe7e686c5d0b49f4?s=96&d=mm&r=g","caption":"Anna"},"description":"Community Manager","url":"https:\/\/www.proclinic.es\/blog\/author\/anna\/"}]}},"jetpack_featured_media_url":"https:\/\/www.proclinic.es\/blog\/wp-content\/uploads\/2015\/01\/ESY-002384203-scaled.jpg","_links":{"self":[{"href":"https:\/\/www.proclinic.es\/blog\/wp-json\/wp\/v2\/posts\/1748","targetHints":{"allow":["GET"]}}],"collection":[{"href":"https:\/\/www.proclinic.es\/blog\/wp-json\/wp\/v2\/posts"}],"about":[{"href":"https:\/\/www.proclinic.es\/blog\/wp-json\/wp\/v2\/types\/post"}],"author":[{"embeddable":true,"href":"https:\/\/www.proclinic.es\/blog\/wp-json\/wp\/v2\/users\/101011"}],"replies":[{"embeddable":true,"href":"https:\/\/www.proclinic.es\/blog\/wp-json\/wp\/v2\/comments?post=1748"}],"version-history":[{"count":3,"href":"https:\/\/www.proclinic.es\/blog\/wp-json\/wp\/v2\/posts\/1748\/revisions"}],"predecessor-version":[{"id":1751,"href":"https:\/\/www.proclinic.es\/blog\/wp-json\/wp\/v2\/posts\/1748\/revisions\/1751"}],"wp:featuredmedia":[{"embeddable":true,"href":"https:\/\/www.proclinic.es\/blog\/wp-json\/wp\/v2\/media\/1747"}],"wp:attachment":[{"href":"https:\/\/www.proclinic.es\/blog\/wp-json\/wp\/v2\/media?parent=1748"}],"wp:term":[{"taxonomy":"category","embeddable":true,"href":"https:\/\/www.proclinic.es\/blog\/wp-json\/wp\/v2\/categories?post=1748"},{"taxonomy":"post_tag","embeddable":true,"href":"https:\/\/www.proclinic.es\/blog\/wp-json\/wp\/v2\/tags?post=1748"}],"curies":[{"name":"wp","href":"https:\/\/api.w.org\/{rel}","templated":true}]}}