{"id":1615,"date":"2014-11-07T15:03:58","date_gmt":"2014-11-07T13:03:58","guid":{"rendered":"http:\/\/localhost\/blogProclinic\/web\/?p=1615"},"modified":"2014-12-19T14:50:54","modified_gmt":"2014-12-19T12:50:54","slug":"conferencia-sobre-tratamientos-miofuncionales-en-el-aula-proclinic","status":"publish","type":"post","link":"https:\/\/www.proclinic.es\/blog\/conferencia-sobre-tratamientos-miofuncionales-en-el-aula-proclinic\/","title":{"rendered":"Conferencia sobre Tratamientos Miofuncionales en el Aula Proclinic"},"content":{"rendered":"<p><strong>El pasado 6 de octubre realizamos una conferencia en el Aula Proclinic de Madrid impartida por el Dr. Germ\u00e1n Ram\u00edrez.<!--more--><\/strong><\/p>\n<p>&nbsp;<\/p>\n<p>Esta conferencia estuvo dirigida a odont\u00f3logos y ortodoncistas. Los principales aspectos que se trataron fueron los siguientes:<\/p>\n<div id=\"ez-toc-container\" class=\"ez-toc-v2_0_76 counter-hierarchy ez-toc-counter ez-toc-white ez-toc-container-direction\">\n<div class=\"ez-toc-title-container\">\n<p class=\"ez-toc-title\" style=\"cursor:inherit\">\u00cdndice de contenidos<\/p>\n<span class=\"ez-toc-title-toggle\"><a href=\"#\" class=\"ez-toc-pull-right ez-toc-btn ez-toc-btn-xs ez-toc-btn-default ez-toc-toggle\" aria-label=\"Toggle Table of Content\"><span class=\"ez-toc-js-icon-con\"><span class=\"\"><span class=\"eztoc-hide\" style=\"display:none;\">Toggle<\/span><span class=\"ez-toc-icon-toggle-span\"><svg style=\"fill: #0098a7;color:#0098a7\" xmlns=\"http:\/\/www.w3.org\/2000\/svg\" class=\"list-377408\" width=\"20px\" height=\"20px\" viewBox=\"0 0 24 24\" fill=\"none\"><path d=\"M6 6H4v2h2V6zm14 0H8v2h12V6zM4 11h2v2H4v-2zm16 0H8v2h12v-2zM4 16h2v2H4v-2zm16 0H8v2h12v-2z\" fill=\"currentColor\"><\/path><\/svg><svg style=\"fill: #0098a7;color:#0098a7\" class=\"arrow-unsorted-368013\" xmlns=\"http:\/\/www.w3.org\/2000\/svg\" width=\"10px\" height=\"10px\" viewBox=\"0 0 24 24\" version=\"1.2\" baseProfile=\"tiny\"><path d=\"M18.2 9.3l-6.2-6.3-6.2 6.3c-.2.2-.3.4-.3.7s.1.5.3.7c.2.2.4.3.7.3h11c.3 0 .5-.1.7-.3.2-.2.3-.5.3-.7s-.1-.5-.3-.7zM5.8 14.7l6.2 6.3 6.2-6.3c.2-.2.3-.5.3-.7s-.1-.5-.3-.7c-.2-.2-.4-.3-.7-.3h-11c-.3 0-.5.1-.7.3-.2.2-.3.5-.3.7s.1.5.3.7z\"\/><\/svg><\/span><\/span><\/span><\/a><\/span><\/div>\n<nav><ul class='ez-toc-list ez-toc-list-level-1 ' ><li class='ez-toc-page-1 ez-toc-heading-level-3'><a class=\"ez-toc-link ez-toc-heading-1\" href=\"https:\/\/www.proclinic.es\/blog\/conferencia-sobre-tratamientos-miofuncionales-en-el-aula-proclinic\/#%E2%80%93_Aspectos_del_Crecimiento_y_Desarrollo_Craneofacial\" >&#8211; Aspectos del Crecimiento y Desarrollo Craneofacial<\/a><\/li><li class='ez-toc-page-1 ez-toc-heading-level-3'><a class=\"ez-toc-link ez-toc-heading-2\" href=\"https:\/\/www.proclinic.es\/blog\/conferencia-sobre-tratamientos-miofuncionales-en-el-aula-proclinic\/#%E2%80%93_Disfuncion_en_Tejidos_Blandos_y_Maloclusiones\" >&#8211; Disfunci\u00f3n en Tejidos Blandos y Maloclusiones<\/a><\/li><li class='ez-toc-page-1 ez-toc-heading-level-3'><a class=\"ez-toc-link ez-toc-heading-3\" href=\"https:\/\/www.proclinic.es\/blog\/conferencia-sobre-tratamientos-miofuncionales-en-el-aula-proclinic\/#%E2%80%93_El_Modus_Operandi_del_Trainer_System\" >&#8211; El Modus Operandi del Trainer System<\/a><\/li><li class='ez-toc-page-1 ez-toc-heading-level-3'><a class=\"ez-toc-link ez-toc-heading-4\" href=\"https:\/\/www.proclinic.es\/blog\/conferencia-sobre-tratamientos-miofuncionales-en-el-aula-proclinic\/#%E2%80%93_%C2%BFDonde_estan_las_pruebas_cientificas\" >&#8211; \u00bfD\u00f3nde est\u00e1n las pruebas cient\u00edficas?<\/a><\/li><li class='ez-toc-page-1 ez-toc-heading-level-3'><a class=\"ez-toc-link ez-toc-heading-5\" href=\"https:\/\/www.proclinic.es\/blog\/conferencia-sobre-tratamientos-miofuncionales-en-el-aula-proclinic\/#%E2%80%93_Combinando_los_%C2%ABDirect_Tracks%C2%BB_de_Planas_con_el_Trainer_System_en_denticion_infantil_y_mixta\" >&#8211; Combinando los \u00abDirect Tracks\u00bb de Planas con el Trainer System en dentici\u00f3n infantil y mixta<\/a><\/li><li class='ez-toc-page-1 ez-toc-heading-level-3'><a class=\"ez-toc-link ez-toc-heading-6\" href=\"https:\/\/www.proclinic.es\/blog\/conferencia-sobre-tratamientos-miofuncionales-en-el-aula-proclinic\/#%E2%80%93_Como_el_Trainer_System_puede_modificar_la_Dimension_Vertical\" >&#8211; C\u00f3mo el Trainer System puede modificar la Dimensi\u00f3n Vertical<\/a><\/li><li class='ez-toc-page-1 ez-toc-heading-level-3'><a class=\"ez-toc-link ez-toc-heading-7\" href=\"https:\/\/www.proclinic.es\/blog\/conferencia-sobre-tratamientos-miofuncionales-en-el-aula-proclinic\/#%E2%80%93_%C2%BFEs_posible_tratar_adultos_con_el_Trainer_System\" >&#8211; \u00bfEs posible tratar adultos con el Trainer System?<\/a><\/li><\/ul><\/nav><\/div>\n<h3><span class=\"ez-toc-section\" id=\"%E2%80%93_Aspectos_del_Crecimiento_y_Desarrollo_Craneofacial\"><\/span>&#8211; Aspectos del Crecimiento y Desarrollo Craneofacial<span class=\"ez-toc-section-end\"><\/span><\/h3>\n<h3><span class=\"ez-toc-section\" id=\"%E2%80%93_Disfuncion_en_Tejidos_Blandos_y_Maloclusiones\"><\/span>&#8211; Disfunci\u00f3n en Tejidos Blandos y Maloclusiones<span class=\"ez-toc-section-end\"><\/span><\/h3>\n<h3><span class=\"ez-toc-section\" id=\"%E2%80%93_El_Modus_Operandi_del_Trainer_System\"><\/span>&#8211; El Modus Operandi del <em>Trainer System<\/em><span class=\"ez-toc-section-end\"><\/span><\/h3>\n<h3><span class=\"ez-toc-section\" id=\"%E2%80%93_%C2%BFDonde_estan_las_pruebas_cientificas\"><\/span>&#8211; \u00bfD\u00f3nde est\u00e1n las pruebas cient\u00edficas?<span class=\"ez-toc-section-end\"><\/span><\/h3>\n<h3><span class=\"ez-toc-section\" id=\"%E2%80%93_Combinando_los_%C2%ABDirect_Tracks%C2%BB_de_Planas_con_el_Trainer_System_en_denticion_infantil_y_mixta\"><\/span>&#8211; Combinando los \u00abDirect Tracks\u00bb de Planas con el <em>Trainer System<\/em> en dentici\u00f3n infantil y mixta<span class=\"ez-toc-section-end\"><\/span><\/h3>\n<h3><span class=\"ez-toc-section\" id=\"%E2%80%93_Como_el_Trainer_System_puede_modificar_la_Dimension_Vertical\"><\/span>&#8211; C\u00f3mo el <em>Trainer System<\/em> puede modificar la Dimensi\u00f3n Vertical<span class=\"ez-toc-section-end\"><\/span><\/h3>\n<h3><span class=\"ez-toc-section\" id=\"%E2%80%93_%C2%BFEs_posible_tratar_adultos_con_el_Trainer_System\"><\/span>&#8211; \u00bfEs posible tratar adultos con el <em>Trainer System<\/em>?<span class=\"ez-toc-section-end\"><\/span><\/h3>\n<h3><\/h3>\n<p>&nbsp;<\/p>\n<p>Durante la conferencia se mostraron muchos casos pr\u00e1cticos del propio ponente en su cl\u00ednica, en los que <strong>se explicaba c\u00f3mo usar los aparatos con im\u00e1genes del antes y el despu\u00e9s, y todo lo que se puede conseguir con ellos us\u00e1ndolos solos o en combinaci\u00f3n con otros tratamientos de ortodoncia<\/strong>. Fue un curso muy participativo donde hubieron muchas preguntas.<\/p>\n<p>&nbsp;<\/p>\n<p>El doctor mencion\u00f3 sobre los aparatos, que tienen distinto tipo de dureza seg\u00fan el paciente. <strong>Se deben ir cambiando durante el tratamiento, es decir, se pasa progresivamente de usar el m\u00e1s blando, de fase 1, al m\u00e1s duro, de fase 3.<\/strong> Es normal que el paciente use unos 3 aparatos de la primera fase porque los suele romper, el primero es blando para corregir h\u00e1bitos hasta que se acostumbre a llevarlo y si lo rompe es algo normal hasta que se habit\u00faa. Tambi\u00e9n es normal que en el primer mes se le caiga durante la noche al dormir.<\/p>\n<p>&nbsp;<\/p>\n<p>Un total de 27 doctores asistieron a este curso y se mostraron muy satisfechos con el mismo.<\/p>\n<p>Consulta nuestra <a title=\"Cursos y eventos\" href=\"https:\/\/www.proclinic.es\/formacion\" target=\"_blank\">agenda de pr\u00f3ximos cursos y eventos<\/a>.<\/p>\n<p>&nbsp;<\/p>\n","protected":false},"excerpt":{"rendered":"<p>El pasado 6 de octubre realizamos una conferencia en el Aula Proclinic de Madrid impartida por el Dr. Germ\u00e1n Ram\u00edrez.<\/p>\n","protected":false},"author":101011,"featured_media":1616,"comment_status":"open","ping_status":"open","sticky":false,"template":"","format":"standard","meta":{"footnotes":""},"categories":[43],"tags":[],"class_list":["post-1615","post","type-post","status-publish","format-standard","has-post-thumbnail","hentry","category-formacion"],"yoast_head":"<!-- This site is optimized with the Yoast SEO plugin v27.4 - https:\/\/yoast.com\/product\/yoast-seo-wordpress\/ -->\n<title>Conferencia Tratamientos Miofuncionales - Blog Proclinic<\/title>\n<meta name=\"description\" content=\"El pasado 6 de octubre realizamos una conferencia en el Aula Proclinic de Madrid impartida por el Dr. Germ\u00e1n Ram\u00edrez.\" \/>\n<meta name=\"robots\" content=\"index, follow, max-snippet:-1, max-image-preview:large, max-video-preview:-1\" \/>\n<link rel=\"canonical\" href=\"https:\/\/www.proclinic.es\/blog\/conferencia-sobre-tratamientos-miofuncionales-en-el-aula-proclinic\/\" \/>\n<meta property=\"og:locale\" content=\"es_ES\" \/>\n<meta property=\"og:type\" content=\"article\" \/>\n<meta property=\"og:title\" content=\"Conferencia Tratamientos Miofuncionales - Blog Proclinic\" \/>\n<meta property=\"og:description\" content=\"El pasado 6 de octubre realizamos una conferencia en el Aula Proclinic de Madrid impartida por el Dr. Germ\u00e1n Ram\u00edrez.\" \/>\n<meta property=\"og:url\" content=\"https:\/\/www.proclinic.es\/blog\/conferencia-sobre-tratamientos-miofuncionales-en-el-aula-proclinic\/\" \/>\n<meta property=\"og:site_name\" content=\"Blog Proclinic\" \/>\n<meta property=\"article:publisher\" content=\"https:\/\/www.facebook.com\/proclinicsa\" \/>\n<meta property=\"article:published_time\" content=\"2014-11-07T13:03:58+00:00\" \/>\n<meta property=\"article:modified_time\" content=\"2014-12-19T12:50:54+00:00\" \/>\n<meta property=\"og:image\" content=\"https:\/\/www.proclinic.es\/blog\/wp-content\/uploads\/2014\/11\/20141006_101609-scaled.jpg\" \/>\n\t<meta property=\"og:image:width\" content=\"2560\" \/>\n\t<meta property=\"og:image:height\" content=\"1440\" \/>\n\t<meta property=\"og:image:type\" content=\"image\/jpeg\" \/>\n<meta name=\"author\" content=\"Anna\" \/>\n<meta name=\"twitter:card\" content=\"summary_large_image\" \/>\n<meta name=\"twitter:creator\" content=\"@Proclinic_SA\" \/>\n<meta name=\"twitter:site\" content=\"@Proclinic_SA\" \/>\n<meta name=\"twitter:label1\" content=\"Escrito por\" \/>\n\t<meta name=\"twitter:data1\" content=\"Anna\" \/>\n\t<meta name=\"twitter:label2\" content=\"Tiempo de lectura\" \/>\n\t<meta name=\"twitter:data2\" content=\"2 minutos\" \/>\n<script type=\"application\/ld+json\" class=\"yoast-schema-graph\">{\"@context\":\"https:\\\/\\\/schema.org\",\"@graph\":[{\"@type\":\"Article\",\"@id\":\"https:\\\/\\\/www.proclinic.es\\\/blog\\\/conferencia-sobre-tratamientos-miofuncionales-en-el-aula-proclinic\\\/#article\",\"isPartOf\":{\"@id\":\"https:\\\/\\\/www.proclinic.es\\\/blog\\\/conferencia-sobre-tratamientos-miofuncionales-en-el-aula-proclinic\\\/\"},\"author\":{\"name\":\"Anna\",\"@id\":\"https:\\\/\\\/www.proclinic.es\\\/blog\\\/#\\\/schema\\\/person\\\/85e304ea367ce3922003b0d8b388e527\"},\"headline\":\"Conferencia sobre Tratamientos Miofuncionales en el Aula Proclinic\",\"datePublished\":\"2014-11-07T13:03:58+00:00\",\"dateModified\":\"2014-12-19T12:50:54+00:00\",\"mainEntityOfPage\":{\"@id\":\"https:\\\/\\\/www.proclinic.es\\\/blog\\\/conferencia-sobre-tratamientos-miofuncionales-en-el-aula-proclinic\\\/\"},\"wordCount\":312,\"commentCount\":0,\"image\":{\"@id\":\"https:\\\/\\\/www.proclinic.es\\\/blog\\\/conferencia-sobre-tratamientos-miofuncionales-en-el-aula-proclinic\\\/#primaryimage\"},\"thumbnailUrl\":\"https:\\\/\\\/www.proclinic.es\\\/blog\\\/wp-content\\\/uploads\\\/2014\\\/11\\\/20141006_101609-scaled.jpg\",\"articleSection\":[\"Formaci\u00f3n y Eventos\"],\"inLanguage\":\"es\",\"potentialAction\":[{\"@type\":\"CommentAction\",\"name\":\"Comment\",\"target\":[\"https:\\\/\\\/www.proclinic.es\\\/blog\\\/conferencia-sobre-tratamientos-miofuncionales-en-el-aula-proclinic\\\/#respond\"]}]},{\"@type\":\"WebPage\",\"@id\":\"https:\\\/\\\/www.proclinic.es\\\/blog\\\/conferencia-sobre-tratamientos-miofuncionales-en-el-aula-proclinic\\\/\",\"url\":\"https:\\\/\\\/www.proclinic.es\\\/blog\\\/conferencia-sobre-tratamientos-miofuncionales-en-el-aula-proclinic\\\/\",\"name\":\"Conferencia Tratamientos Miofuncionales - Blog Proclinic\",\"isPartOf\":{\"@id\":\"https:\\\/\\\/www.proclinic.es\\\/blog\\\/#website\"},\"primaryImageOfPage\":{\"@id\":\"https:\\\/\\\/www.proclinic.es\\\/blog\\\/conferencia-sobre-tratamientos-miofuncionales-en-el-aula-proclinic\\\/#primaryimage\"},\"image\":{\"@id\":\"https:\\\/\\\/www.proclinic.es\\\/blog\\\/conferencia-sobre-tratamientos-miofuncionales-en-el-aula-proclinic\\\/#primaryimage\"},\"thumbnailUrl\":\"https:\\\/\\\/www.proclinic.es\\\/blog\\\/wp-content\\\/uploads\\\/2014\\\/11\\\/20141006_101609-scaled.jpg\",\"datePublished\":\"2014-11-07T13:03:58+00:00\",\"dateModified\":\"2014-12-19T12:50:54+00:00\",\"author\":{\"@id\":\"https:\\\/\\\/www.proclinic.es\\\/blog\\\/#\\\/schema\\\/person\\\/85e304ea367ce3922003b0d8b388e527\"},\"description\":\"El pasado 6 de octubre realizamos una conferencia en el Aula Proclinic de Madrid impartida por el Dr. Germ\u00e1n Ram\u00edrez.\",\"breadcrumb\":{\"@id\":\"https:\\\/\\\/www.proclinic.es\\\/blog\\\/conferencia-sobre-tratamientos-miofuncionales-en-el-aula-proclinic\\\/#breadcrumb\"},\"inLanguage\":\"es\",\"potentialAction\":[{\"@type\":\"ReadAction\",\"target\":[\"https:\\\/\\\/www.proclinic.es\\\/blog\\\/conferencia-sobre-tratamientos-miofuncionales-en-el-aula-proclinic\\\/\"]}]},{\"@type\":\"ImageObject\",\"inLanguage\":\"es\",\"@id\":\"https:\\\/\\\/www.proclinic.es\\\/blog\\\/conferencia-sobre-tratamientos-miofuncionales-en-el-aula-proclinic\\\/#primaryimage\",\"url\":\"https:\\\/\\\/www.proclinic.es\\\/blog\\\/wp-content\\\/uploads\\\/2014\\\/11\\\/20141006_101609-scaled.jpg\",\"contentUrl\":\"https:\\\/\\\/www.proclinic.es\\\/blog\\\/wp-content\\\/uploads\\\/2014\\\/11\\\/20141006_101609-scaled.jpg\",\"width\":2560,\"height\":1440,\"caption\":\"Tratamientos Miofuncionales - Aula Proclinic\"},{\"@type\":\"BreadcrumbList\",\"@id\":\"https:\\\/\\\/www.proclinic.es\\\/blog\\\/conferencia-sobre-tratamientos-miofuncionales-en-el-aula-proclinic\\\/#breadcrumb\",\"itemListElement\":[{\"@type\":\"ListItem\",\"position\":1,\"name\":\"Home\",\"item\":\"https:\\\/\\\/www.proclinic.es\\\/blog\\\/\"},{\"@type\":\"ListItem\",\"position\":2,\"name\":\"Conferencia sobre Tratamientos Miofuncionales en el Aula Proclinic\"}]},{\"@type\":\"WebSite\",\"@id\":\"https:\\\/\\\/www.proclinic.es\\\/blog\\\/#website\",\"url\":\"https:\\\/\\\/www.proclinic.es\\\/blog\\\/\",\"name\":\"Blog Proclinic\",\"description\":\"\u00a1Bienvenido al blog de Proclinic! En este espacio, nos enfocamos en brindar informaci\u00f3n valiosa y actualizada para todos los profesionales del sector dental. Nuestra misi\u00f3n es mantenerte al d\u00eda de las \u00faltimas tendencias, investigaciones y t\u00e9cnicas en el campo de la odontolog\u00eda. Exploraremos temas que van desde las novedades en materiales odontol\u00f3gicos, consejos pr\u00e1cticos para la gesti\u00f3n de cl\u00ednicas dentales hasta casos cl\u00ednicos con base cient\u00edfica, eventos del sector y mucho m\u00e1s. Te invitamos a seguir nuestro contenido, dise\u00f1ado para mantener tu pr\u00e1ctica en la vanguardia de la odontolog\u00eda moderna.\",\"potentialAction\":[{\"@type\":\"SearchAction\",\"target\":{\"@type\":\"EntryPoint\",\"urlTemplate\":\"https:\\\/\\\/www.proclinic.es\\\/blog\\\/?s={search_term_string}\"},\"query-input\":{\"@type\":\"PropertyValueSpecification\",\"valueRequired\":true,\"valueName\":\"search_term_string\"}}],\"inLanguage\":\"es\"},{\"@type\":\"Person\",\"@id\":\"https:\\\/\\\/www.proclinic.es\\\/blog\\\/#\\\/schema\\\/person\\\/85e304ea367ce3922003b0d8b388e527\",\"name\":\"Anna\",\"image\":{\"@type\":\"ImageObject\",\"inLanguage\":\"es\",\"@id\":\"https:\\\/\\\/secure.gravatar.com\\\/avatar\\\/b8b19455b6924f97d0afcdeb2791066e8c8af798468c71e0fe7e686c5d0b49f4?s=96&d=mm&r=g\",\"url\":\"https:\\\/\\\/secure.gravatar.com\\\/avatar\\\/b8b19455b6924f97d0afcdeb2791066e8c8af798468c71e0fe7e686c5d0b49f4?s=96&d=mm&r=g\",\"contentUrl\":\"https:\\\/\\\/secure.gravatar.com\\\/avatar\\\/b8b19455b6924f97d0afcdeb2791066e8c8af798468c71e0fe7e686c5d0b49f4?s=96&d=mm&r=g\",\"caption\":\"Anna\"},\"description\":\"Community Manager\",\"url\":\"https:\\\/\\\/www.proclinic.es\\\/blog\\\/author\\\/anna\\\/\"}]}<\/script>\n<!-- \/ Yoast SEO plugin. -->","yoast_head_json":{"title":"Conferencia Tratamientos Miofuncionales - Blog Proclinic","description":"El pasado 6 de octubre realizamos una conferencia en el Aula Proclinic de Madrid impartida por el Dr. Germ\u00e1n Ram\u00edrez.","robots":{"index":"index","follow":"follow","max-snippet":"max-snippet:-1","max-image-preview":"max-image-preview:large","max-video-preview":"max-video-preview:-1"},"canonical":"https:\/\/www.proclinic.es\/blog\/conferencia-sobre-tratamientos-miofuncionales-en-el-aula-proclinic\/","og_locale":"es_ES","og_type":"article","og_title":"Conferencia Tratamientos Miofuncionales - Blog Proclinic","og_description":"El pasado 6 de octubre realizamos una conferencia en el Aula Proclinic de Madrid impartida por el Dr. Germ\u00e1n Ram\u00edrez.","og_url":"https:\/\/www.proclinic.es\/blog\/conferencia-sobre-tratamientos-miofuncionales-en-el-aula-proclinic\/","og_site_name":"Blog Proclinic","article_publisher":"https:\/\/www.facebook.com\/proclinicsa","article_published_time":"2014-11-07T13:03:58+00:00","article_modified_time":"2014-12-19T12:50:54+00:00","og_image":[{"width":2560,"height":1440,"url":"https:\/\/www.proclinic.es\/blog\/wp-content\/uploads\/2014\/11\/20141006_101609-scaled.jpg","type":"image\/jpeg"}],"author":"Anna","twitter_card":"summary_large_image","twitter_creator":"@Proclinic_SA","twitter_site":"@Proclinic_SA","twitter_misc":{"Escrito por":"Anna","Tiempo de lectura":"2 minutos"},"schema":{"@context":"https:\/\/schema.org","@graph":[{"@type":"Article","@id":"https:\/\/www.proclinic.es\/blog\/conferencia-sobre-tratamientos-miofuncionales-en-el-aula-proclinic\/#article","isPartOf":{"@id":"https:\/\/www.proclinic.es\/blog\/conferencia-sobre-tratamientos-miofuncionales-en-el-aula-proclinic\/"},"author":{"name":"Anna","@id":"https:\/\/www.proclinic.es\/blog\/#\/schema\/person\/85e304ea367ce3922003b0d8b388e527"},"headline":"Conferencia sobre Tratamientos Miofuncionales en el Aula Proclinic","datePublished":"2014-11-07T13:03:58+00:00","dateModified":"2014-12-19T12:50:54+00:00","mainEntityOfPage":{"@id":"https:\/\/www.proclinic.es\/blog\/conferencia-sobre-tratamientos-miofuncionales-en-el-aula-proclinic\/"},"wordCount":312,"commentCount":0,"image":{"@id":"https:\/\/www.proclinic.es\/blog\/conferencia-sobre-tratamientos-miofuncionales-en-el-aula-proclinic\/#primaryimage"},"thumbnailUrl":"https:\/\/www.proclinic.es\/blog\/wp-content\/uploads\/2014\/11\/20141006_101609-scaled.jpg","articleSection":["Formaci\u00f3n y Eventos"],"inLanguage":"es","potentialAction":[{"@type":"CommentAction","name":"Comment","target":["https:\/\/www.proclinic.es\/blog\/conferencia-sobre-tratamientos-miofuncionales-en-el-aula-proclinic\/#respond"]}]},{"@type":"WebPage","@id":"https:\/\/www.proclinic.es\/blog\/conferencia-sobre-tratamientos-miofuncionales-en-el-aula-proclinic\/","url":"https:\/\/www.proclinic.es\/blog\/conferencia-sobre-tratamientos-miofuncionales-en-el-aula-proclinic\/","name":"Conferencia Tratamientos Miofuncionales - Blog Proclinic","isPartOf":{"@id":"https:\/\/www.proclinic.es\/blog\/#website"},"primaryImageOfPage":{"@id":"https:\/\/www.proclinic.es\/blog\/conferencia-sobre-tratamientos-miofuncionales-en-el-aula-proclinic\/#primaryimage"},"image":{"@id":"https:\/\/www.proclinic.es\/blog\/conferencia-sobre-tratamientos-miofuncionales-en-el-aula-proclinic\/#primaryimage"},"thumbnailUrl":"https:\/\/www.proclinic.es\/blog\/wp-content\/uploads\/2014\/11\/20141006_101609-scaled.jpg","datePublished":"2014-11-07T13:03:58+00:00","dateModified":"2014-12-19T12:50:54+00:00","author":{"@id":"https:\/\/www.proclinic.es\/blog\/#\/schema\/person\/85e304ea367ce3922003b0d8b388e527"},"description":"El pasado 6 de octubre realizamos una conferencia en el Aula Proclinic de Madrid impartida por el Dr. Germ\u00e1n Ram\u00edrez.","breadcrumb":{"@id":"https:\/\/www.proclinic.es\/blog\/conferencia-sobre-tratamientos-miofuncionales-en-el-aula-proclinic\/#breadcrumb"},"inLanguage":"es","potentialAction":[{"@type":"ReadAction","target":["https:\/\/www.proclinic.es\/blog\/conferencia-sobre-tratamientos-miofuncionales-en-el-aula-proclinic\/"]}]},{"@type":"ImageObject","inLanguage":"es","@id":"https:\/\/www.proclinic.es\/blog\/conferencia-sobre-tratamientos-miofuncionales-en-el-aula-proclinic\/#primaryimage","url":"https:\/\/www.proclinic.es\/blog\/wp-content\/uploads\/2014\/11\/20141006_101609-scaled.jpg","contentUrl":"https:\/\/www.proclinic.es\/blog\/wp-content\/uploads\/2014\/11\/20141006_101609-scaled.jpg","width":2560,"height":1440,"caption":"Tratamientos Miofuncionales - Aula Proclinic"},{"@type":"BreadcrumbList","@id":"https:\/\/www.proclinic.es\/blog\/conferencia-sobre-tratamientos-miofuncionales-en-el-aula-proclinic\/#breadcrumb","itemListElement":[{"@type":"ListItem","position":1,"name":"Home","item":"https:\/\/www.proclinic.es\/blog\/"},{"@type":"ListItem","position":2,"name":"Conferencia sobre Tratamientos Miofuncionales en el Aula Proclinic"}]},{"@type":"WebSite","@id":"https:\/\/www.proclinic.es\/blog\/#website","url":"https:\/\/www.proclinic.es\/blog\/","name":"Blog Proclinic","description":"\u00a1Bienvenido al blog de Proclinic! En este espacio, nos enfocamos en brindar informaci\u00f3n valiosa y actualizada para todos los profesionales del sector dental. Nuestra misi\u00f3n es mantenerte al d\u00eda de las \u00faltimas tendencias, investigaciones y t\u00e9cnicas en el campo de la odontolog\u00eda. Exploraremos temas que van desde las novedades en materiales odontol\u00f3gicos, consejos pr\u00e1cticos para la gesti\u00f3n de cl\u00ednicas dentales hasta casos cl\u00ednicos con base cient\u00edfica, eventos del sector y mucho m\u00e1s. Te invitamos a seguir nuestro contenido, dise\u00f1ado para mantener tu pr\u00e1ctica en la vanguardia de la odontolog\u00eda moderna.","potentialAction":[{"@type":"SearchAction","target":{"@type":"EntryPoint","urlTemplate":"https:\/\/www.proclinic.es\/blog\/?s={search_term_string}"},"query-input":{"@type":"PropertyValueSpecification","valueRequired":true,"valueName":"search_term_string"}}],"inLanguage":"es"},{"@type":"Person","@id":"https:\/\/www.proclinic.es\/blog\/#\/schema\/person\/85e304ea367ce3922003b0d8b388e527","name":"Anna","image":{"@type":"ImageObject","inLanguage":"es","@id":"https:\/\/secure.gravatar.com\/avatar\/b8b19455b6924f97d0afcdeb2791066e8c8af798468c71e0fe7e686c5d0b49f4?s=96&d=mm&r=g","url":"https:\/\/secure.gravatar.com\/avatar\/b8b19455b6924f97d0afcdeb2791066e8c8af798468c71e0fe7e686c5d0b49f4?s=96&d=mm&r=g","contentUrl":"https:\/\/secure.gravatar.com\/avatar\/b8b19455b6924f97d0afcdeb2791066e8c8af798468c71e0fe7e686c5d0b49f4?s=96&d=mm&r=g","caption":"Anna"},"description":"Community Manager","url":"https:\/\/www.proclinic.es\/blog\/author\/anna\/"}]}},"jetpack_featured_media_url":"https:\/\/www.proclinic.es\/blog\/wp-content\/uploads\/2014\/11\/20141006_101609-scaled.jpg","_links":{"self":[{"href":"https:\/\/www.proclinic.es\/blog\/wp-json\/wp\/v2\/posts\/1615","targetHints":{"allow":["GET"]}}],"collection":[{"href":"https:\/\/www.proclinic.es\/blog\/wp-json\/wp\/v2\/posts"}],"about":[{"href":"https:\/\/www.proclinic.es\/blog\/wp-json\/wp\/v2\/types\/post"}],"author":[{"embeddable":true,"href":"https:\/\/www.proclinic.es\/blog\/wp-json\/wp\/v2\/users\/101011"}],"replies":[{"embeddable":true,"href":"https:\/\/www.proclinic.es\/blog\/wp-json\/wp\/v2\/comments?post=1615"}],"version-history":[{"count":6,"href":"https:\/\/www.proclinic.es\/blog\/wp-json\/wp\/v2\/posts\/1615\/revisions"}],"predecessor-version":[{"id":1724,"href":"https:\/\/www.proclinic.es\/blog\/wp-json\/wp\/v2\/posts\/1615\/revisions\/1724"}],"wp:featuredmedia":[{"embeddable":true,"href":"https:\/\/www.proclinic.es\/blog\/wp-json\/wp\/v2\/media\/1616"}],"wp:attachment":[{"href":"https:\/\/www.proclinic.es\/blog\/wp-json\/wp\/v2\/media?parent=1615"}],"wp:term":[{"taxonomy":"category","embeddable":true,"href":"https:\/\/www.proclinic.es\/blog\/wp-json\/wp\/v2\/categories?post=1615"},{"taxonomy":"post_tag","embeddable":true,"href":"https:\/\/www.proclinic.es\/blog\/wp-json\/wp\/v2\/tags?post=1615"}],"curies":[{"name":"wp","href":"https:\/\/api.w.org\/{rel}","templated":true}]}}