{"id":15732,"date":"2026-04-09T15:30:11","date_gmt":"2026-04-09T13:30:11","guid":{"rendered":"https:\/\/www.proclinic.es\/blog\/?p=15732"},"modified":"2026-04-15T10:23:14","modified_gmt":"2026-04-15T08:23:14","slug":"descubra-como-la-dra-ida-louise-line-utiliza-composite-calentado","status":"publish","type":"post","link":"https:\/\/www.proclinic.es\/blog\/descubra-como-la-dra-ida-louise-line-utiliza-composite-calentado\/","title":{"rendered":"Descubre c\u00f3mo la Dra. Ida Louise Line utiliza composite calentado"},"content":{"rendered":"\n<div id=\"ez-toc-container\" class=\"ez-toc-v2_0_76 counter-hierarchy ez-toc-counter ez-toc-white ez-toc-container-direction\">\n<div class=\"ez-toc-title-container\">\n<p class=\"ez-toc-title\" style=\"cursor:inherit\">\u00cdndice de contenidos<\/p>\n<span class=\"ez-toc-title-toggle\"><a href=\"#\" class=\"ez-toc-pull-right ez-toc-btn ez-toc-btn-xs ez-toc-btn-default ez-toc-toggle\" aria-label=\"Toggle Table of Content\"><span class=\"ez-toc-js-icon-con\"><span class=\"\"><span class=\"eztoc-hide\" style=\"display:none;\">Toggle<\/span><span class=\"ez-toc-icon-toggle-span\"><svg style=\"fill: #0098a7;color:#0098a7\" xmlns=\"http:\/\/www.w3.org\/2000\/svg\" class=\"list-377408\" width=\"20px\" height=\"20px\" viewBox=\"0 0 24 24\" fill=\"none\"><path d=\"M6 6H4v2h2V6zm14 0H8v2h12V6zM4 11h2v2H4v-2zm16 0H8v2h12v-2zM4 16h2v2H4v-2zm16 0H8v2h12v-2z\" fill=\"currentColor\"><\/path><\/svg><svg style=\"fill: #0098a7;color:#0098a7\" class=\"arrow-unsorted-368013\" xmlns=\"http:\/\/www.w3.org\/2000\/svg\" width=\"10px\" height=\"10px\" viewBox=\"0 0 24 24\" version=\"1.2\" baseProfile=\"tiny\"><path d=\"M18.2 9.3l-6.2-6.3-6.2 6.3c-.2.2-.3.4-.3.7s.1.5.3.7c.2.2.4.3.7.3h11c.3 0 .5-.1.7-.3.2-.2.3-.5.3-.7s-.1-.5-.3-.7zM5.8 14.7l6.2 6.3 6.2-6.3c.2-.2.3-.5.3-.7s-.1-.5-.3-.7c-.2-.2-.4-.3-.7-.3h-11c-.3 0-.5.1-.7.3-.2.2-.3.5-.3.7s.1.5.3.7z\"\/><\/svg><\/span><\/span><\/span><\/a><\/span><\/div>\n<nav><ul class='ez-toc-list ez-toc-list-level-1 ' ><li class='ez-toc-page-1 ez-toc-heading-level-2'><a class=\"ez-toc-link ez-toc-heading-1\" href=\"https:\/\/www.proclinic.es\/blog\/descubra-como-la-dra-ida-louise-line-utiliza-composite-calentado\/#El_efecto_del_composite_calentado_en_la_practica_clinica_caso_de_restauracion_dental_con_composite\" >El efecto del composite calentado en la pr\u00e1ctica cl\u00ednica: caso de restauraci\u00f3n dental con composite<\/a><\/li><li class='ez-toc-page-1 ez-toc-heading-level-2'><a class=\"ez-toc-link ez-toc-heading-2\" href=\"https:\/\/www.proclinic.es\/blog\/descubra-como-la-dra-ida-louise-line-utiliza-composite-calentado\/#Productos_recomendados\" >Productos recomendados<\/a><\/li><li class='ez-toc-page-1 ez-toc-heading-level-2'><a class=\"ez-toc-link ez-toc-heading-3\" href=\"https:\/\/www.proclinic.es\/blog\/descubra-como-la-dra-ida-louise-line-utiliza-composite-calentado\/#Sobre_la_Dra_Ida_Louise_Line\" >Sobre&nbsp;la Dra. Ida Louise Line<\/a><\/li><\/ul><\/nav><\/div>\n<h2 class=\"wp-block-heading\"><span class=\"ez-toc-section\" id=\"El_efecto_del_composite_calentado_en_la_practica_clinica_caso_de_restauracion_dental_con_composite\"><\/span>El efecto del composite calentado en la pr\u00e1ctica cl\u00ednica: caso de restauraci\u00f3n dental con composite<span class=\"ez-toc-section-end\"><\/span><\/h2>\n\n\n\n<p>Han pasado muchos a\u00f1os desde que nos familiarizamos con el concepto de composite calentado.<\/p>\n\n\n\n<p>Por experiencia, el calentamiento produce un composite m\u00e1s fluido que se adapta m\u00e1s f\u00e1cilmente al sustrato. Esto se aplica tanto si el sustrato est\u00e1 adherido a la estructura dental como a otro material restaurador o a la reparaci\u00f3n de materiales indirectos (peque\u00f1os defectos).<\/p>\n\n\n\n<p>En mi experiencia, la colocaci\u00f3n del composite es m\u00e1s r\u00e1pida cuando est\u00e1 calentado, ya que requiere menos manipulaci\u00f3n para asegurar una buena adaptaci\u00f3n entre el sustrato y el composite. Los m\u00e1rgenes lisos y ajustados son esenciales para prevenir la decoloraci\u00f3n, la microfiltraci\u00f3n y las caries secundarias.<\/p>\n\n\n\n<p>Cuando la adhesi\u00f3n entre capas de composite sencilla, es menos probable que aparezcan porosidades, y el acabado\/pulido del composite est\u00e9tico puede ser m\u00e1s f\u00e1cil y r\u00e1pido.<\/p>\n\n\n\n<p>En oto\u00f1o de 2025, se lanz\u00f3 el calentador de composite <a href=\"https:\/\/www.proclinic.es\/tienda\/kit-calentador-de-composite-filtek\">Solventum\u2122 Filtek\u2122 <\/a>(Foto 1a), espec\u00edficamente dise\u00f1ado para restauraciones dentales Filtek\u2122. No solo es compacto, est\u00e9ticamente agradable y f\u00e1cil de manejar, tambi\u00e9n es eficiente y pr\u00e1ctico. Solo dos minutos despu\u00e9s de precalentar el dispositivo, las c\u00e1psulas de composite est\u00e1n completamente calentadas y listas para usar.<\/p>\n\n\n\n<p>Adem\u00e1s, la parte superior del calentador de composite (Foto 1b) se puede desmontar y colocar sobre la mesa del sill\u00f3n dental para acceder a \u00e9l con mayor facilidad durante la colocaci\u00f3n. Esta es una de las mayores ventajas de este nuevo producto. La secci\u00f3n desmontable es compacta y ocupa un espacio m\u00ednimo en la mesa del sill\u00f3n dental. El calentador tiene pocos botones, su uso es muy intuitivo y se puede desinfectar. Si desea calentar composite fluido, hay espacio para una jeringa de fluido junto a seis c\u00e1psulas de composite.<\/p>\n\n\n\n<div class=\"wp-block-group is-nowrap is-layout-flex wp-container-core-group-is-layout-ad2f72ca wp-block-group-is-layout-flex\">\n<figure class=\"wp-block-image size-full is-resized\"><img loading=\"lazy\" decoding=\"async\" width=\"759\" height=\"744\" src=\"https:\/\/www.proclinic.es\/blog\/wp-content\/uploads\/2026\/04\/40781_demo-1-1.jpg\" alt=\"\" class=\"wp-image-15779\" style=\"width:637px;height:auto\" srcset=\"https:\/\/www.proclinic.es\/blog\/wp-content\/uploads\/2026\/04\/40781_demo-1-1.jpg 759w, https:\/\/www.proclinic.es\/blog\/wp-content\/uploads\/2026\/04\/40781_demo-1-1-300x294.jpg 300w\" sizes=\"auto, (max-width: 759px) 100vw, 759px\" \/><figcaption class=\"wp-element-caption\">Foto 1a<\/figcaption><\/figure>\n\n\n\n<figure class=\"wp-block-image size-large is-resized\"><img loading=\"lazy\" decoding=\"async\" width=\"590\" height=\"744\" src=\"https:\/\/www.proclinic.es\/blog\/wp-content\/uploads\/2026\/04\/40781_demo-2.jpg\" alt=\"\" class=\"wp-image-15781\" style=\"width:498px;height:auto\" srcset=\"https:\/\/www.proclinic.es\/blog\/wp-content\/uploads\/2026\/04\/40781_demo-2.jpg 590w, https:\/\/www.proclinic.es\/blog\/wp-content\/uploads\/2026\/04\/40781_demo-2-238x300.jpg 238w\" sizes=\"auto, (max-width: 590px) 100vw, 590px\" \/><figcaption class=\"wp-element-caption\">Foto 2a<\/figcaption><\/figure>\n<\/div>\n\n\n\n<div style=\"height:47px\" aria-hidden=\"true\" class=\"wp-block-spacer\"><\/div>\n\n\n\n<p>Algunos restauradores <a href=\"https:\/\/www.proclinic.es\/tienda\/filtek-universal-capsulas.html\">Filtek\u2122 en c\u00e1psulas<\/a> y <a href=\"https:\/\/www.proclinic.es\/tienda\/filtek-universal-jeringa.html\">jeringas <\/a>de fluido son adecuados para calentar hasta una hora a 70 \u00b0C. Cuanto m\u00e1s duro sea inicialmente el composite, mayor ser\u00e1 el beneficio de calentarlo.<\/p>\n\n\n\n<p><a href=\"https:\/\/www.proclinic.es\/tienda\/filtek-bulk-fill-jeringas-universal.html\">3M\u2122 Filtek\u2122 One Bulk Fill Restorative<\/a> es un material bien conocido y ampliamente utilizado. Aqu\u00ed, el calentamiento es particularmente ventajoso, ya que este material relativamente firme se vuelve mucho m\u00e1s fluido y f\u00e1cil de manejar. <a href=\"https:\/\/www.proclinic.es\/tienda\/filtek-bulk-fill-jeringas-universal.html\">3M\u2122 Filtek\u2122 Universal Restorative<\/a>, <a href=\"https:\/\/www.proclinic.es\/tienda\/filtek-easy-match-jeringas\">3M\u2122 Filtek\u2122 Easy Match Universal Restorative<\/a> y <a href=\"https:\/\/www.proclinic.es\/tienda\/filtek-supreme-xte-jeringa-b2-body.html\">3M\u2122 Filtek\u2122 Supreme XTE Universal Restorative<\/a> son otros materiales que he calentado con \u00e9xito a lo largo del tiempo. La temperatura puede ajustarse dependiendo de cu\u00e1nto tiempo permanezca la c\u00e1psula en el calentador. Especialmente para reconstrucciones est\u00e9ticas m\u00e1s grandes en el sector anterior, es \u00fatil controlar el grado de fluidez seg\u00fan la preferencia del cl\u00ednico. Con el calentador de composite en la mesa del sill\u00f3n junto al paciente, la c\u00e1psula se puede retirar f\u00e1cilmente antes de que pasen dos minutos o dejarse brevemente sobre la mesa antes de usarla si se desea una viscosidad ligeramente mayor.<\/p>\n\n\n\n<p>El siguiente caso demuestra un tratamiento realizado utilizando<a href=\"https:\/\/www.proclinic.es\/tienda\/filtek-supreme-xte-jeringa-b2-body.html\"> 3M\u2122 Filtek\u2122 Supreme XTE Universal Restorative<\/a>  calentado en una t\u00e9cnica de estratificaci\u00f3n con colores de Body, dentina y esmalte. El paciente no quer\u00eda blanqueamiento, pero deseaba mantener el color natural de los dientes. Los laterales superiores eran estrechos (Foto 2a) y el paciente los quer\u00eda m\u00e1s anchos. Aumentar el ancho de los laterales tambi\u00e9n mejor\u00f3 la relaci\u00f3n entre arcadas seg\u00fan el an\u00e1lisis de Bolton. El paciente presentaba desgaste, principalmente por atrici\u00f3n en varios dientes, as\u00ed como api\u00f1amiento, particularmente en la regi\u00f3n anterior mandibular alrededor del diente 42. Antes del tratamiento con composite, se realiz\u00f3 ortodoncia con 26 alineadores para posicionar los dientes seg\u00fan lo deseado. Esto cre\u00f3 espacio alrededor de los laterales (Foto 2b) para remodelar. Los centrales y los caninos se trataron con adhesi\u00f3n de bordes.<\/p>\n\n\n<div class=\"wp-block-image\">\n<figure class=\"aligncenter size-full\"><img loading=\"lazy\" decoding=\"async\" width=\"486\" height=\"273\" src=\"https:\/\/www.proclinic.es\/blog\/wp-content\/uploads\/2026\/04\/image-8.png\" alt=\"\" class=\"wp-image-15735\" srcset=\"https:\/\/www.proclinic.es\/blog\/wp-content\/uploads\/2026\/04\/image-8.png 486w, https:\/\/www.proclinic.es\/blog\/wp-content\/uploads\/2026\/04\/image-8-300x169.png 300w\" sizes=\"auto, (max-width: 486px) 100vw, 486px\" \/><\/figure><\/div>\n\n\n<p class=\"has-text-align-center\">Foto 2a&nbsp;<\/p>\n\n\n<div class=\"wp-block-image\">\n<figure class=\"aligncenter size-full\"><img loading=\"lazy\" decoding=\"async\" width=\"483\" height=\"270\" src=\"https:\/\/www.proclinic.es\/blog\/wp-content\/uploads\/2026\/04\/image-9.png\" alt=\"\" class=\"wp-image-15736\" srcset=\"https:\/\/www.proclinic.es\/blog\/wp-content\/uploads\/2026\/04\/image-9.png 483w, https:\/\/www.proclinic.es\/blog\/wp-content\/uploads\/2026\/04\/image-9-300x168.png 300w\" sizes=\"auto, (max-width: 483px) 100vw, 483px\" \/><\/figure><\/div>\n\n\n<p class=\"has-text-align-center\">Foto 2b<\/p>\n\n\n\n<p>Los laterales se construyeron utilizando matrices Bioclear\u2122 (Foto 3a). Aqu\u00ed, la fluidez adicional y la f\u00e1cil adaptaci\u00f3n al sustrato fueron ventajosas. Las restauraciones se colocaron con una capa delgada de composite fluido en la base, gingivalmente contra los dientes adyacentes, y el composite se calent\u00f3 para las reconstrucciones mesiales y distales. Todos los dientes recibieron el mismo pretratamiento con dique de goma (Foto 3b), arenado con \u00f3xido de aluminio de 30 \u03bcm, grabado con \u00e1cido fosf\u00f3rico y adhesi\u00f3n con <a href=\"https:\/\/www.proclinic.es\/tienda\/scotchbond-universal-plus-bote\">adhesivo 3M\u2122 Scotchbond\u2122 Universal Plus.<\/a> Para evitar que el material se adhiriera a los instrumentos y pinceles de composite, se utiliz\u00f3 l\u00edquido modelador para composites y se aplic\u00f3 glicerina para evitar la inhibici\u00f3n del ox\u00edgeno antes de polimerizar la capa final.<br><\/p>\n\n\n<div class=\"wp-block-image\">\n<figure class=\"aligncenter size-full is-resized\"><img loading=\"lazy\" decoding=\"async\" width=\"354\" height=\"243\" src=\"https:\/\/www.proclinic.es\/blog\/wp-content\/uploads\/2026\/04\/image-22.png\" alt=\"\" class=\"wp-image-15749\" style=\"width:480px;height:auto\" srcset=\"https:\/\/www.proclinic.es\/blog\/wp-content\/uploads\/2026\/04\/image-22.png 354w, https:\/\/www.proclinic.es\/blog\/wp-content\/uploads\/2026\/04\/image-22-300x206.png 300w\" sizes=\"auto, (max-width: 354px) 100vw, 354px\" \/><\/figure><\/div>\n\n\n<p class=\"has-text-align-center\">Foto 3a&nbsp;<\/p>\n\n\n<div class=\"wp-block-image\">\n<figure class=\"aligncenter size-full is-resized\"><img loading=\"lazy\" decoding=\"async\" width=\"351\" height=\"273\" src=\"https:\/\/www.proclinic.es\/blog\/wp-content\/uploads\/2026\/04\/image-10.png\" alt=\"\" class=\"wp-image-15737\" style=\"width:483px;height:auto\" srcset=\"https:\/\/www.proclinic.es\/blog\/wp-content\/uploads\/2026\/04\/image-10.png 351w, https:\/\/www.proclinic.es\/blog\/wp-content\/uploads\/2026\/04\/image-10-300x233.png 300w\" sizes=\"auto, (max-width: 351px) 100vw, 351px\" \/><\/figure><\/div>\n\n\n<p class=\"has-text-align-center\">Foto 3b&nbsp;<\/p>\n\n\n\n<p>Las&nbsp;im\u00e1genes&nbsp;cl\u00ednicas&nbsp;postoperatorias&nbsp;(Fotos 4a\/4b)&nbsp;muestran&nbsp;al&nbsp;paciente&nbsp;el&nbsp;d\u00eda&nbsp;despu\u00e9s&nbsp;del&nbsp;tratamiento&nbsp;con&nbsp;composite. <br>Los dientes&nbsp;est\u00e1n&nbsp;rehidratados&nbsp;y&nbsp;han&nbsp;recuperado&nbsp;su&nbsp;color&nbsp;natural.&nbsp;<\/p>\n\n\n<div class=\"wp-block-image\">\n<figure class=\"aligncenter size-full\"><img loading=\"lazy\" decoding=\"async\" width=\"447\" height=\"252\" src=\"https:\/\/www.proclinic.es\/blog\/wp-content\/uploads\/2026\/04\/image-20.png\" alt=\"\" class=\"wp-image-15747\" srcset=\"https:\/\/www.proclinic.es\/blog\/wp-content\/uploads\/2026\/04\/image-20.png 447w, https:\/\/www.proclinic.es\/blog\/wp-content\/uploads\/2026\/04\/image-20-300x169.png 300w\" sizes=\"auto, (max-width: 447px) 100vw, 447px\" \/><\/figure><\/div>\n\n\n<p class=\"has-text-align-center\">Foto 4a&nbsp;<\/p>\n\n\n<div class=\"wp-block-image\">\n<figure class=\"aligncenter size-full\"><img loading=\"lazy\" decoding=\"async\" width=\"447\" height=\"252\" src=\"https:\/\/www.proclinic.es\/blog\/wp-content\/uploads\/2026\/04\/image-21.png\" alt=\"\" class=\"wp-image-15748\" srcset=\"https:\/\/www.proclinic.es\/blog\/wp-content\/uploads\/2026\/04\/image-21.png 447w, https:\/\/www.proclinic.es\/blog\/wp-content\/uploads\/2026\/04\/image-21-300x169.png 300w\" sizes=\"auto, (max-width: 447px) 100vw, 447px\" \/><\/figure><\/div>\n\n\n<p class=\"has-text-align-center\">Foto 4b&nbsp;<\/p>\n\n\n\n<div style=\"height:100px\" aria-hidden=\"true\" class=\"wp-block-spacer\"><\/div>\n\n\n\n<h2 class=\"wp-block-heading\"><span class=\"ez-toc-section\" id=\"Productos_recomendados\"><\/span>Productos recomendados<span class=\"ez-toc-section-end\"><\/span><\/h2>\n\n\n\n<p><a href=\"https:\/\/www.proclinic.es\/tienda\/kit-calentador-de-composite-filtek\">Calentador\u00a0de composite\u00a0Solventum(TM)\u00a0Filtek(TM)<\/a><\/p>\n\n\n\n<figure class=\"wp-block-image size-large is-resized\"><img loading=\"lazy\" decoding=\"async\" width=\"800\" height=\"436\" src=\"https:\/\/www.proclinic.es\/blog\/wp-content\/uploads\/2026\/04\/40781_3-2-800x436.jpg\" alt=\"\" class=\"wp-image-15817\" style=\"width:447px;height:auto\" srcset=\"https:\/\/www.proclinic.es\/blog\/wp-content\/uploads\/2026\/04\/40781_3-2-800x436.jpg 800w, https:\/\/www.proclinic.es\/blog\/wp-content\/uploads\/2026\/04\/40781_3-2-300x163.jpg 300w, https:\/\/www.proclinic.es\/blog\/wp-content\/uploads\/2026\/04\/40781_3-2-768x418.jpg 768w, https:\/\/www.proclinic.es\/blog\/wp-content\/uploads\/2026\/04\/40781_3-2.jpg 1366w\" sizes=\"auto, (max-width: 800px) 100vw, 800px\" \/><\/figure>\n\n\n\n<div style=\"height:100px\" aria-hidden=\"true\" class=\"wp-block-spacer\"><\/div>\n\n\n\n<p><a href=\"https:\/\/www.proclinic.es\/tienda\/filtek-one-jeringa.html\">Composite\u00a03M\u2122\u00a0Filtek\u2122 One Bulk Fill\u00a0<\/a><\/p>\n\n\n\n<figure class=\"wp-block-image size-full is-resized\"><img loading=\"lazy\" decoding=\"async\" width=\"600\" height=\"450\" src=\"https:\/\/www.proclinic.es\/blog\/wp-content\/uploads\/2026\/04\/25360-edited.jpg\" alt=\"\" class=\"wp-image-15822\" style=\"width:395px;height:auto\" srcset=\"https:\/\/www.proclinic.es\/blog\/wp-content\/uploads\/2026\/04\/25360-edited.jpg 600w, https:\/\/www.proclinic.es\/blog\/wp-content\/uploads\/2026\/04\/25360-edited-300x225.jpg 300w\" sizes=\"auto, (max-width: 600px) 100vw, 600px\" \/><\/figure>\n\n\n\n<div style=\"height:100px\" aria-hidden=\"true\" class=\"wp-block-spacer\"><\/div>\n\n\n\n<p><a href=\"https:\/\/www.proclinic.es\/tienda\/filtek-universal-jeringa.html\">Composite\u00a03M\u2122\u00a0Filtek\u2122 Universal<\/a><\/p>\n\n\n\n<figure class=\"wp-block-image size-full is-resized\"><img loading=\"lazy\" decoding=\"async\" width=\"600\" height=\"450\" src=\"https:\/\/www.proclinic.es\/blog\/wp-content\/uploads\/2026\/04\/25371-1-edited.jpg\" alt=\"\" class=\"wp-image-15824\" style=\"width:427px;height:auto\" srcset=\"https:\/\/www.proclinic.es\/blog\/wp-content\/uploads\/2026\/04\/25371-1-edited.jpg 600w, https:\/\/www.proclinic.es\/blog\/wp-content\/uploads\/2026\/04\/25371-1-edited-300x225.jpg 300w\" sizes=\"auto, (max-width: 600px) 100vw, 600px\" \/><\/figure>\n\n\n\n<div style=\"height:100px\" aria-hidden=\"true\" class=\"wp-block-spacer\"><\/div>\n\n\n\n<p><a href=\"https:\/\/www.proclinic.es\/tienda\/filtek-universal-capsulas.html\">Composite\u00a0Universal\u00a03M\u2122<\/a><\/p>\n\n\n\n<figure class=\"wp-block-image size-full is-resized\"><img loading=\"lazy\" decoding=\"async\" width=\"600\" height=\"600\" src=\"https:\/\/www.proclinic.es\/blog\/wp-content\/uploads\/2026\/04\/25382.jpg\" alt=\"\" class=\"wp-image-15812\" style=\"width:340px;height:auto\" srcset=\"https:\/\/www.proclinic.es\/blog\/wp-content\/uploads\/2026\/04\/25382.jpg 600w, https:\/\/www.proclinic.es\/blog\/wp-content\/uploads\/2026\/04\/25382-300x300.jpg 300w, https:\/\/www.proclinic.es\/blog\/wp-content\/uploads\/2026\/04\/25382-150x150.jpg 150w\" sizes=\"auto, (max-width: 600px) 100vw, 600px\" \/><\/figure>\n\n\n\n<div style=\"height:100px\" aria-hidden=\"true\" class=\"wp-block-spacer\"><\/div>\n\n\n\n<p><a href=\"https:\/\/www.proclinic.es\/tienda\/filtek-supreme-xte-jeringa-b2-body.html\">Composite\u00a03M\u2122\u00a0Filtek\u2122 Supreme XTE Universal<\/a><\/p>\n\n\n\n<figure class=\"wp-block-image size-full\"><img loading=\"lazy\" decoding=\"async\" width=\"390\" height=\"260\" src=\"https:\/\/www.proclinic.es\/blog\/wp-content\/uploads\/2026\/04\/7112.jpg\" alt=\"\" class=\"wp-image-15811\" srcset=\"https:\/\/www.proclinic.es\/blog\/wp-content\/uploads\/2026\/04\/7112.jpg 390w, https:\/\/www.proclinic.es\/blog\/wp-content\/uploads\/2026\/04\/7112-300x200.jpg 300w\" sizes=\"auto, (max-width: 390px) 100vw, 390px\" \/><\/figure>\n\n\n\n<div style=\"height:100px\" aria-hidden=\"true\" class=\"wp-block-spacer\"><\/div>\n\n\n\n<p><a href=\"https:\/\/www.proclinic.es\/tienda\/scotchbond-universal-plus-bote\">Adhesive\u00a03M\u2122\u00a0Scotchbond\u2122 Universal Plus<\/a><\/p>\n\n\n\n<figure class=\"wp-block-image size-full is-resized\"><img loading=\"lazy\" decoding=\"async\" width=\"600\" height=\"450\" src=\"https:\/\/www.proclinic.es\/blog\/wp-content\/uploads\/2026\/04\/74978-edited.jpg\" alt=\"\" class=\"wp-image-15825\" style=\"width:408px;height:auto\" srcset=\"https:\/\/www.proclinic.es\/blog\/wp-content\/uploads\/2026\/04\/74978-edited.jpg 600w, https:\/\/www.proclinic.es\/blog\/wp-content\/uploads\/2026\/04\/74978-edited-300x225.jpg 300w\" sizes=\"auto, (max-width: 600px) 100vw, 600px\" \/><\/figure>\n\n\n\n<div style=\"height:100px\" aria-hidden=\"true\" class=\"wp-block-spacer\"><\/div>\n\n\n\n<div style=\"height:100px\" aria-hidden=\"true\" class=\"wp-block-spacer\"><\/div>\n\n\n\n<h2 class=\"wp-block-heading\"><span class=\"ez-toc-section\" id=\"Sobre_la_Dra_Ida_Louise_Line\"><\/span>Sobre&nbsp;la Dra. Ida Louise Line<span class=\"ez-toc-section-end\"><\/span><\/h2>\n\n\n\n<p>La Dra. Ida Louise Line se gradu\u00f3 en Odontolog\u00eda en 2007 y trabaja en la cl\u00ednica dental Colosseum en T\u00f8nsberg (Noruega). Lleva a cabo todos los tratamientos de odontolog\u00eda general, con un enfoque especial en pacientes con ansiedad dental.<\/p>\n\n\n\n<div style=\"height:100px\" aria-hidden=\"true\" class=\"wp-block-spacer\"><\/div>\n\n\n<div class=\"wp-block-image\">\n<figure class=\"aligncenter size-full is-resized\"><img loading=\"lazy\" decoding=\"async\" width=\"517\" height=\"108\" src=\"https:\/\/www.proclinic.es\/blog\/wp-content\/uploads\/2026\/04\/image-19.png\" alt=\"\" class=\"wp-image-15746\" style=\"width:245px;height:auto\" srcset=\"https:\/\/www.proclinic.es\/blog\/wp-content\/uploads\/2026\/04\/image-19.png 517w, https:\/\/www.proclinic.es\/blog\/wp-content\/uploads\/2026\/04\/image-19-300x63.png 300w\" sizes=\"auto, (max-width: 517px) 100vw, 517px\" \/><\/figure><\/div>\n\n\n<p class=\"has-text-align-center\"><strong>Art\u00edculo&nbsp;publicado&nbsp;por&nbsp;un&nbsp;distribuidor&nbsp;certificado&nbsp;de&nbsp;Solventum&nbsp;<\/strong><\/p>\n\n\n\n<p><\/p>\n","protected":false},"excerpt":{"rendered":"<p>El efecto del composite calentado en la pr\u00e1ctica cl\u00ednica: caso de restauraci\u00f3n dental con composite Han pasado muchos a\u00f1os desde que nos familiarizamos con el concepto de composite calentado. Por experiencia, el calentamiento produce un composite m\u00e1s fluido que se adapta m\u00e1s f\u00e1cilmente al sustrato. Esto se aplica tanto si el sustrato est\u00e1 adherido a &#8230; <a title=\"Descubre c\u00f3mo la Dra. Ida Louise Line utiliza composite calentado\" class=\"read-more\" href=\"https:\/\/www.proclinic.es\/blog\/descubra-como-la-dra-ida-louise-line-utiliza-composite-calentado\/\" aria-label=\"More on Descubre c\u00f3mo la Dra. Ida Louise Line utiliza composite calentado\">Read more<\/a><\/p>\n","protected":false},"author":101016,"featured_media":15750,"comment_status":"open","ping_status":"open","sticky":false,"template":"","format":"standard","meta":{"footnotes":""},"categories":[45,49],"tags":[],"class_list":["post-15732","post","type-post","status-publish","format-standard","has-post-thumbnail","hentry","category-actualidad","category-clinica-dental"],"yoast_head":"<!-- This site is optimized with the Yoast SEO plugin v27.4 - https:\/\/yoast.com\/product\/yoast-seo-wordpress\/ -->\n<title>Composite calentado: caso cl\u00ednico de restauraci\u00f3n dental<\/title>\n<meta name=\"description\" content=\"Descubra un caso cl\u00ednico de restauraci\u00f3n dental con composite calentado y conozca sus ventajas en adaptaci\u00f3n, manejo y acabado est\u00e9tico.\" \/>\n<meta name=\"robots\" content=\"index, follow, max-snippet:-1, max-image-preview:large, max-video-preview:-1\" \/>\n<link rel=\"canonical\" href=\"https:\/\/www.proclinic.es\/blog\/descubra-como-la-dra-ida-louise-line-utiliza-composite-calentado\/\" \/>\n<meta property=\"og:locale\" content=\"es_ES\" \/>\n<meta property=\"og:type\" content=\"article\" \/>\n<meta property=\"og:title\" content=\"Composite calentado: caso cl\u00ednico de restauraci\u00f3n dental\" \/>\n<meta property=\"og:description\" content=\"Descubra un caso cl\u00ednico de restauraci\u00f3n dental con composite calentado y conozca sus ventajas en adaptaci\u00f3n, manejo y acabado est\u00e9tico.\" \/>\n<meta property=\"og:url\" content=\"https:\/\/www.proclinic.es\/blog\/descubra-como-la-dra-ida-louise-line-utiliza-composite-calentado\/\" \/>\n<meta property=\"og:site_name\" content=\"Blog Proclinic\" \/>\n<meta property=\"article:publisher\" content=\"https:\/\/www.facebook.com\/proclinicsa\" \/>\n<meta property=\"article:published_time\" content=\"2026-04-09T13:30:11+00:00\" \/>\n<meta property=\"article:modified_time\" content=\"2026-04-15T08:23:14+00:00\" \/>\n<meta property=\"og:image\" content=\"https:\/\/www.proclinic.es\/blog\/wp-content\/uploads\/2026\/04\/boica.jpg\" \/>\n\t<meta property=\"og:image:width\" content=\"1182\" \/>\n\t<meta property=\"og:image:height\" content=\"1231\" \/>\n\t<meta property=\"og:image:type\" content=\"image\/jpeg\" \/>\n<meta name=\"author\" content=\"Paula Ruiz\" \/>\n<meta name=\"twitter:card\" content=\"summary_large_image\" \/>\n<meta name=\"twitter:creator\" content=\"@Proclinic_SA\" \/>\n<meta name=\"twitter:site\" content=\"@Proclinic_SA\" \/>\n<meta name=\"twitter:label1\" content=\"Escrito por\" \/>\n\t<meta name=\"twitter:data1\" content=\"Paula Ruiz\" \/>\n\t<meta name=\"twitter:label2\" content=\"Tiempo de lectura\" \/>\n\t<meta name=\"twitter:data2\" content=\"8 minutos\" \/>\n<script type=\"application\/ld+json\" class=\"yoast-schema-graph\">{\"@context\":\"https:\\\/\\\/schema.org\",\"@graph\":[{\"@type\":\"Article\",\"@id\":\"https:\\\/\\\/www.proclinic.es\\\/blog\\\/descubra-como-la-dra-ida-louise-line-utiliza-composite-calentado\\\/#article\",\"isPartOf\":{\"@id\":\"https:\\\/\\\/www.proclinic.es\\\/blog\\\/descubra-como-la-dra-ida-louise-line-utiliza-composite-calentado\\\/\"},\"author\":{\"name\":\"Paula Ruiz\",\"@id\":\"https:\\\/\\\/www.proclinic.es\\\/blog\\\/#\\\/schema\\\/person\\\/aeb6b71a104c6452f2b19e8838b3d5d1\"},\"headline\":\"Descubre c\u00f3mo la Dra. Ida Louise Line utiliza composite calentado\",\"datePublished\":\"2026-04-09T13:30:11+00:00\",\"dateModified\":\"2026-04-15T08:23:14+00:00\",\"mainEntityOfPage\":{\"@id\":\"https:\\\/\\\/www.proclinic.es\\\/blog\\\/descubra-como-la-dra-ida-louise-line-utiliza-composite-calentado\\\/\"},\"wordCount\":972,\"commentCount\":0,\"image\":{\"@id\":\"https:\\\/\\\/www.proclinic.es\\\/blog\\\/descubra-como-la-dra-ida-louise-line-utiliza-composite-calentado\\\/#primaryimage\"},\"thumbnailUrl\":\"https:\\\/\\\/www.proclinic.es\\\/blog\\\/wp-content\\\/uploads\\\/2026\\\/04\\\/boica.jpg\",\"articleSection\":[\"Actualidad\",\"Cl\u00ednica Dental\"],\"inLanguage\":\"es\",\"potentialAction\":[{\"@type\":\"CommentAction\",\"name\":\"Comment\",\"target\":[\"https:\\\/\\\/www.proclinic.es\\\/blog\\\/descubra-como-la-dra-ida-louise-line-utiliza-composite-calentado\\\/#respond\"]}]},{\"@type\":\"WebPage\",\"@id\":\"https:\\\/\\\/www.proclinic.es\\\/blog\\\/descubra-como-la-dra-ida-louise-line-utiliza-composite-calentado\\\/\",\"url\":\"https:\\\/\\\/www.proclinic.es\\\/blog\\\/descubra-como-la-dra-ida-louise-line-utiliza-composite-calentado\\\/\",\"name\":\"Composite calentado: caso cl\u00ednico de restauraci\u00f3n dental\",\"isPartOf\":{\"@id\":\"https:\\\/\\\/www.proclinic.es\\\/blog\\\/#website\"},\"primaryImageOfPage\":{\"@id\":\"https:\\\/\\\/www.proclinic.es\\\/blog\\\/descubra-como-la-dra-ida-louise-line-utiliza-composite-calentado\\\/#primaryimage\"},\"image\":{\"@id\":\"https:\\\/\\\/www.proclinic.es\\\/blog\\\/descubra-como-la-dra-ida-louise-line-utiliza-composite-calentado\\\/#primaryimage\"},\"thumbnailUrl\":\"https:\\\/\\\/www.proclinic.es\\\/blog\\\/wp-content\\\/uploads\\\/2026\\\/04\\\/boica.jpg\",\"datePublished\":\"2026-04-09T13:30:11+00:00\",\"dateModified\":\"2026-04-15T08:23:14+00:00\",\"author\":{\"@id\":\"https:\\\/\\\/www.proclinic.es\\\/blog\\\/#\\\/schema\\\/person\\\/aeb6b71a104c6452f2b19e8838b3d5d1\"},\"description\":\"Descubra un caso cl\u00ednico de restauraci\u00f3n dental con composite calentado y conozca sus ventajas en adaptaci\u00f3n, manejo y acabado est\u00e9tico.\",\"breadcrumb\":{\"@id\":\"https:\\\/\\\/www.proclinic.es\\\/blog\\\/descubra-como-la-dra-ida-louise-line-utiliza-composite-calentado\\\/#breadcrumb\"},\"inLanguage\":\"es\",\"potentialAction\":[{\"@type\":\"ReadAction\",\"target\":[\"https:\\\/\\\/www.proclinic.es\\\/blog\\\/descubra-como-la-dra-ida-louise-line-utiliza-composite-calentado\\\/\"]}]},{\"@type\":\"ImageObject\",\"inLanguage\":\"es\",\"@id\":\"https:\\\/\\\/www.proclinic.es\\\/blog\\\/descubra-como-la-dra-ida-louise-line-utiliza-composite-calentado\\\/#primaryimage\",\"url\":\"https:\\\/\\\/www.proclinic.es\\\/blog\\\/wp-content\\\/uploads\\\/2026\\\/04\\\/boica.jpg\",\"contentUrl\":\"https:\\\/\\\/www.proclinic.es\\\/blog\\\/wp-content\\\/uploads\\\/2026\\\/04\\\/boica.jpg\",\"width\":1182,\"height\":1231},{\"@type\":\"BreadcrumbList\",\"@id\":\"https:\\\/\\\/www.proclinic.es\\\/blog\\\/descubra-como-la-dra-ida-louise-line-utiliza-composite-calentado\\\/#breadcrumb\",\"itemListElement\":[{\"@type\":\"ListItem\",\"position\":1,\"name\":\"Home\",\"item\":\"https:\\\/\\\/www.proclinic.es\\\/blog\\\/\"},{\"@type\":\"ListItem\",\"position\":2,\"name\":\"Descubre c\u00f3mo la Dra. Ida Louise Line utiliza composite calentado\"}]},{\"@type\":\"WebSite\",\"@id\":\"https:\\\/\\\/www.proclinic.es\\\/blog\\\/#website\",\"url\":\"https:\\\/\\\/www.proclinic.es\\\/blog\\\/\",\"name\":\"Blog Proclinic\",\"description\":\"\u00a1Bienvenido al blog de Proclinic! En este espacio, nos enfocamos en brindar informaci\u00f3n valiosa y actualizada para todos los profesionales del sector dental. Nuestra misi\u00f3n es mantenerte al d\u00eda de las \u00faltimas tendencias, investigaciones y t\u00e9cnicas en el campo de la odontolog\u00eda. Exploraremos temas que van desde las novedades en materiales odontol\u00f3gicos, consejos pr\u00e1cticos para la gesti\u00f3n de cl\u00ednicas dentales hasta casos cl\u00ednicos con base cient\u00edfica, eventos del sector y mucho m\u00e1s. Te invitamos a seguir nuestro contenido, dise\u00f1ado para mantener tu pr\u00e1ctica en la vanguardia de la odontolog\u00eda moderna.\",\"potentialAction\":[{\"@type\":\"SearchAction\",\"target\":{\"@type\":\"EntryPoint\",\"urlTemplate\":\"https:\\\/\\\/www.proclinic.es\\\/blog\\\/?s={search_term_string}\"},\"query-input\":{\"@type\":\"PropertyValueSpecification\",\"valueRequired\":true,\"valueName\":\"search_term_string\"}}],\"inLanguage\":\"es\"},{\"@type\":\"Person\",\"@id\":\"https:\\\/\\\/www.proclinic.es\\\/blog\\\/#\\\/schema\\\/person\\\/aeb6b71a104c6452f2b19e8838b3d5d1\",\"name\":\"Paula Ruiz\",\"image\":{\"@type\":\"ImageObject\",\"inLanguage\":\"es\",\"@id\":\"https:\\\/\\\/secure.gravatar.com\\\/avatar\\\/75d7314ad27214b55512e1927624b8e519450adb231f20432cee5b7a678f9e35?s=96&d=mm&r=g\",\"url\":\"https:\\\/\\\/secure.gravatar.com\\\/avatar\\\/75d7314ad27214b55512e1927624b8e519450adb231f20432cee5b7a678f9e35?s=96&d=mm&r=g\",\"contentUrl\":\"https:\\\/\\\/secure.gravatar.com\\\/avatar\\\/75d7314ad27214b55512e1927624b8e519450adb231f20432cee5b7a678f9e35?s=96&d=mm&r=g\",\"caption\":\"Paula Ruiz\"},\"url\":\"https:\\\/\\\/www.proclinic.es\\\/blog\\\/author\\\/paula-ruizproclinic-es\\\/\"}]}<\/script>\n<!-- \/ Yoast SEO plugin. -->","yoast_head_json":{"title":"Composite calentado: caso cl\u00ednico de restauraci\u00f3n dental","description":"Descubra un caso cl\u00ednico de restauraci\u00f3n dental con composite calentado y conozca sus ventajas en adaptaci\u00f3n, manejo y acabado est\u00e9tico.","robots":{"index":"index","follow":"follow","max-snippet":"max-snippet:-1","max-image-preview":"max-image-preview:large","max-video-preview":"max-video-preview:-1"},"canonical":"https:\/\/www.proclinic.es\/blog\/descubra-como-la-dra-ida-louise-line-utiliza-composite-calentado\/","og_locale":"es_ES","og_type":"article","og_title":"Composite calentado: caso cl\u00ednico de restauraci\u00f3n dental","og_description":"Descubra un caso cl\u00ednico de restauraci\u00f3n dental con composite calentado y conozca sus ventajas en adaptaci\u00f3n, manejo y acabado est\u00e9tico.","og_url":"https:\/\/www.proclinic.es\/blog\/descubra-como-la-dra-ida-louise-line-utiliza-composite-calentado\/","og_site_name":"Blog Proclinic","article_publisher":"https:\/\/www.facebook.com\/proclinicsa","article_published_time":"2026-04-09T13:30:11+00:00","article_modified_time":"2026-04-15T08:23:14+00:00","og_image":[{"width":1182,"height":1231,"url":"https:\/\/www.proclinic.es\/blog\/wp-content\/uploads\/2026\/04\/boica.jpg","type":"image\/jpeg"}],"author":"Paula Ruiz","twitter_card":"summary_large_image","twitter_creator":"@Proclinic_SA","twitter_site":"@Proclinic_SA","twitter_misc":{"Escrito por":"Paula Ruiz","Tiempo de lectura":"8 minutos"},"schema":{"@context":"https:\/\/schema.org","@graph":[{"@type":"Article","@id":"https:\/\/www.proclinic.es\/blog\/descubra-como-la-dra-ida-louise-line-utiliza-composite-calentado\/#article","isPartOf":{"@id":"https:\/\/www.proclinic.es\/blog\/descubra-como-la-dra-ida-louise-line-utiliza-composite-calentado\/"},"author":{"name":"Paula Ruiz","@id":"https:\/\/www.proclinic.es\/blog\/#\/schema\/person\/aeb6b71a104c6452f2b19e8838b3d5d1"},"headline":"Descubre c\u00f3mo la Dra. Ida Louise Line utiliza composite calentado","datePublished":"2026-04-09T13:30:11+00:00","dateModified":"2026-04-15T08:23:14+00:00","mainEntityOfPage":{"@id":"https:\/\/www.proclinic.es\/blog\/descubra-como-la-dra-ida-louise-line-utiliza-composite-calentado\/"},"wordCount":972,"commentCount":0,"image":{"@id":"https:\/\/www.proclinic.es\/blog\/descubra-como-la-dra-ida-louise-line-utiliza-composite-calentado\/#primaryimage"},"thumbnailUrl":"https:\/\/www.proclinic.es\/blog\/wp-content\/uploads\/2026\/04\/boica.jpg","articleSection":["Actualidad","Cl\u00ednica Dental"],"inLanguage":"es","potentialAction":[{"@type":"CommentAction","name":"Comment","target":["https:\/\/www.proclinic.es\/blog\/descubra-como-la-dra-ida-louise-line-utiliza-composite-calentado\/#respond"]}]},{"@type":"WebPage","@id":"https:\/\/www.proclinic.es\/blog\/descubra-como-la-dra-ida-louise-line-utiliza-composite-calentado\/","url":"https:\/\/www.proclinic.es\/blog\/descubra-como-la-dra-ida-louise-line-utiliza-composite-calentado\/","name":"Composite calentado: caso cl\u00ednico de restauraci\u00f3n dental","isPartOf":{"@id":"https:\/\/www.proclinic.es\/blog\/#website"},"primaryImageOfPage":{"@id":"https:\/\/www.proclinic.es\/blog\/descubra-como-la-dra-ida-louise-line-utiliza-composite-calentado\/#primaryimage"},"image":{"@id":"https:\/\/www.proclinic.es\/blog\/descubra-como-la-dra-ida-louise-line-utiliza-composite-calentado\/#primaryimage"},"thumbnailUrl":"https:\/\/www.proclinic.es\/blog\/wp-content\/uploads\/2026\/04\/boica.jpg","datePublished":"2026-04-09T13:30:11+00:00","dateModified":"2026-04-15T08:23:14+00:00","author":{"@id":"https:\/\/www.proclinic.es\/blog\/#\/schema\/person\/aeb6b71a104c6452f2b19e8838b3d5d1"},"description":"Descubra un caso cl\u00ednico de restauraci\u00f3n dental con composite calentado y conozca sus ventajas en adaptaci\u00f3n, manejo y acabado est\u00e9tico.","breadcrumb":{"@id":"https:\/\/www.proclinic.es\/blog\/descubra-como-la-dra-ida-louise-line-utiliza-composite-calentado\/#breadcrumb"},"inLanguage":"es","potentialAction":[{"@type":"ReadAction","target":["https:\/\/www.proclinic.es\/blog\/descubra-como-la-dra-ida-louise-line-utiliza-composite-calentado\/"]}]},{"@type":"ImageObject","inLanguage":"es","@id":"https:\/\/www.proclinic.es\/blog\/descubra-como-la-dra-ida-louise-line-utiliza-composite-calentado\/#primaryimage","url":"https:\/\/www.proclinic.es\/blog\/wp-content\/uploads\/2026\/04\/boica.jpg","contentUrl":"https:\/\/www.proclinic.es\/blog\/wp-content\/uploads\/2026\/04\/boica.jpg","width":1182,"height":1231},{"@type":"BreadcrumbList","@id":"https:\/\/www.proclinic.es\/blog\/descubra-como-la-dra-ida-louise-line-utiliza-composite-calentado\/#breadcrumb","itemListElement":[{"@type":"ListItem","position":1,"name":"Home","item":"https:\/\/www.proclinic.es\/blog\/"},{"@type":"ListItem","position":2,"name":"Descubre c\u00f3mo la Dra. Ida Louise Line utiliza composite calentado"}]},{"@type":"WebSite","@id":"https:\/\/www.proclinic.es\/blog\/#website","url":"https:\/\/www.proclinic.es\/blog\/","name":"Blog Proclinic","description":"\u00a1Bienvenido al blog de Proclinic! En este espacio, nos enfocamos en brindar informaci\u00f3n valiosa y actualizada para todos los profesionales del sector dental. Nuestra misi\u00f3n es mantenerte al d\u00eda de las \u00faltimas tendencias, investigaciones y t\u00e9cnicas en el campo de la odontolog\u00eda. Exploraremos temas que van desde las novedades en materiales odontol\u00f3gicos, consejos pr\u00e1cticos para la gesti\u00f3n de cl\u00ednicas dentales hasta casos cl\u00ednicos con base cient\u00edfica, eventos del sector y mucho m\u00e1s. Te invitamos a seguir nuestro contenido, dise\u00f1ado para mantener tu pr\u00e1ctica en la vanguardia de la odontolog\u00eda moderna.","potentialAction":[{"@type":"SearchAction","target":{"@type":"EntryPoint","urlTemplate":"https:\/\/www.proclinic.es\/blog\/?s={search_term_string}"},"query-input":{"@type":"PropertyValueSpecification","valueRequired":true,"valueName":"search_term_string"}}],"inLanguage":"es"},{"@type":"Person","@id":"https:\/\/www.proclinic.es\/blog\/#\/schema\/person\/aeb6b71a104c6452f2b19e8838b3d5d1","name":"Paula Ruiz","image":{"@type":"ImageObject","inLanguage":"es","@id":"https:\/\/secure.gravatar.com\/avatar\/75d7314ad27214b55512e1927624b8e519450adb231f20432cee5b7a678f9e35?s=96&d=mm&r=g","url":"https:\/\/secure.gravatar.com\/avatar\/75d7314ad27214b55512e1927624b8e519450adb231f20432cee5b7a678f9e35?s=96&d=mm&r=g","contentUrl":"https:\/\/secure.gravatar.com\/avatar\/75d7314ad27214b55512e1927624b8e519450adb231f20432cee5b7a678f9e35?s=96&d=mm&r=g","caption":"Paula Ruiz"},"url":"https:\/\/www.proclinic.es\/blog\/author\/paula-ruizproclinic-es\/"}]}},"jetpack_featured_media_url":"https:\/\/www.proclinic.es\/blog\/wp-content\/uploads\/2026\/04\/boica.jpg","_links":{"self":[{"href":"https:\/\/www.proclinic.es\/blog\/wp-json\/wp\/v2\/posts\/15732","targetHints":{"allow":["GET"]}}],"collection":[{"href":"https:\/\/www.proclinic.es\/blog\/wp-json\/wp\/v2\/posts"}],"about":[{"href":"https:\/\/www.proclinic.es\/blog\/wp-json\/wp\/v2\/types\/post"}],"author":[{"embeddable":true,"href":"https:\/\/www.proclinic.es\/blog\/wp-json\/wp\/v2\/users\/101016"}],"replies":[{"embeddable":true,"href":"https:\/\/www.proclinic.es\/blog\/wp-json\/wp\/v2\/comments?post=15732"}],"version-history":[{"count":39,"href":"https:\/\/www.proclinic.es\/blog\/wp-json\/wp\/v2\/posts\/15732\/revisions"}],"predecessor-version":[{"id":15828,"href":"https:\/\/www.proclinic.es\/blog\/wp-json\/wp\/v2\/posts\/15732\/revisions\/15828"}],"wp:featuredmedia":[{"embeddable":true,"href":"https:\/\/www.proclinic.es\/blog\/wp-json\/wp\/v2\/media\/15750"}],"wp:attachment":[{"href":"https:\/\/www.proclinic.es\/blog\/wp-json\/wp\/v2\/media?parent=15732"}],"wp:term":[{"taxonomy":"category","embeddable":true,"href":"https:\/\/www.proclinic.es\/blog\/wp-json\/wp\/v2\/categories?post=15732"},{"taxonomy":"post_tag","embeddable":true,"href":"https:\/\/www.proclinic.es\/blog\/wp-json\/wp\/v2\/tags?post=15732"}],"curies":[{"name":"wp","href":"https:\/\/api.w.org\/{rel}","templated":true}]}}