{"id":1530,"date":"2014-10-07T13:25:05","date_gmt":"2014-10-07T11:25:05","guid":{"rendered":"http:\/\/localhost\/blogProclinic\/web\/?p=1530"},"modified":"2014-10-07T13:33:29","modified_gmt":"2014-10-07T11:33:29","slug":"realizamos-un-curso-de-protesis-parcial-removible","status":"publish","type":"post","link":"https:\/\/www.proclinic.es\/blog\/realizamos-un-curso-de-protesis-parcial-removible\/","title":{"rendered":"Realizamos un curso de pr\u00f3tesis parcial removible"},"content":{"rendered":"<p><strong>Los pasados 22 y 23 de septiembre realizamos un curso de Pr\u00f3tesis Parcial Removible (esquel\u00e9ticos) junto con la colaboraci\u00f3n de la empresa Bego.<!--more--><\/strong><\/p>\n<p>&nbsp;<\/p>\n<p>En este curso se impartieron los conceptos clave para fabricar esquel\u00e9ticos con el sistema Bego. Los temas tratados fueron los siguientes:<\/p>\n<div id=\"ez-toc-container\" class=\"ez-toc-v2_0_76 counter-hierarchy ez-toc-counter ez-toc-white ez-toc-container-direction\">\n<div class=\"ez-toc-title-container\">\n<p class=\"ez-toc-title\" style=\"cursor:inherit\">\u00cdndice de contenidos<\/p>\n<span class=\"ez-toc-title-toggle\"><a href=\"#\" class=\"ez-toc-pull-right ez-toc-btn ez-toc-btn-xs ez-toc-btn-default ez-toc-toggle\" aria-label=\"Toggle Table of Content\"><span class=\"ez-toc-js-icon-con\"><span class=\"\"><span class=\"eztoc-hide\" style=\"display:none;\">Toggle<\/span><span class=\"ez-toc-icon-toggle-span\"><svg style=\"fill: #0098a7;color:#0098a7\" xmlns=\"http:\/\/www.w3.org\/2000\/svg\" class=\"list-377408\" width=\"20px\" height=\"20px\" viewBox=\"0 0 24 24\" fill=\"none\"><path d=\"M6 6H4v2h2V6zm14 0H8v2h12V6zM4 11h2v2H4v-2zm16 0H8v2h12v-2zM4 16h2v2H4v-2zm16 0H8v2h12v-2z\" fill=\"currentColor\"><\/path><\/svg><svg style=\"fill: #0098a7;color:#0098a7\" class=\"arrow-unsorted-368013\" xmlns=\"http:\/\/www.w3.org\/2000\/svg\" width=\"10px\" height=\"10px\" viewBox=\"0 0 24 24\" version=\"1.2\" baseProfile=\"tiny\"><path d=\"M18.2 9.3l-6.2-6.3-6.2 6.3c-.2.2-.3.4-.3.7s.1.5.3.7c.2.2.4.3.7.3h11c.3 0 .5-.1.7-.3.2-.2.3-.5.3-.7s-.1-.5-.3-.7zM5.8 14.7l6.2 6.3 6.2-6.3c.2-.2.3-.5.3-.7s-.1-.5-.3-.7c-.2-.2-.4-.3-.7-.3h-11c-.3 0-.5.1-.7.3-.2.2-.3.5-.3.7s.1.5.3.7z\"\/><\/svg><\/span><\/span><\/span><\/a><\/span><\/div>\n<nav><ul class='ez-toc-list ez-toc-list-level-1 ' ><li class='ez-toc-page-1 ez-toc-heading-level-3'><a class=\"ez-toc-link ez-toc-heading-1\" href=\"https:\/\/www.proclinic.es\/blog\/realizamos-un-curso-de-protesis-parcial-removible\/#%E2%80%93_Diseno_optimo_y_funcional_de_un_esqueletico\" >&#8211; Dise\u00f1o \u00f3ptimo y funcional de un esquel\u00e9tico<\/a><\/li><li class='ez-toc-page-1 ez-toc-heading-level-3'><a class=\"ez-toc-link ez-toc-heading-2\" href=\"https:\/\/www.proclinic.es\/blog\/realizamos-un-curso-de-protesis-parcial-removible\/#%E2%80%93_Modelado_en_cera_donde_se_actualizo_la_tecnica_de_modelado\" >&#8211; Modelado en cera donde se actualiz\u00f3 la t\u00e9cnica de modelado<\/a><\/li><li class='ez-toc-page-1 ez-toc-heading-level-3'><a class=\"ez-toc-link ez-toc-heading-3\" href=\"https:\/\/www.proclinic.es\/blog\/realizamos-un-curso-de-protesis-parcial-removible\/#%E2%80%93_Revestimiento_del_modelo\" >&#8211; Revestimiento del modelo<\/a><\/li><li class='ez-toc-page-1 ez-toc-heading-level-3'><a class=\"ez-toc-link ez-toc-heading-4\" href=\"https:\/\/www.proclinic.es\/blog\/realizamos-un-curso-de-protesis-parcial-removible\/#%E2%80%93_Colado_conveniente\" >&#8211; Colado conveniente<\/a><\/li><li class='ez-toc-page-1 ez-toc-heading-level-3'><a class=\"ez-toc-link ez-toc-heading-5\" href=\"https:\/\/www.proclinic.es\/blog\/realizamos-un-curso-de-protesis-parcial-removible\/#%E2%80%93_Repaso_y_pulido\" >&#8211; Repaso y pulido<\/a><\/li><\/ul><\/nav><\/div>\n<h3><span class=\"ez-toc-section\" id=\"%E2%80%93_Diseno_optimo_y_funcional_de_un_esqueletico\"><\/span>&#8211; Dise\u00f1o \u00f3ptimo y funcional de un esquel\u00e9tico<span class=\"ez-toc-section-end\"><\/span><\/h3>\n<h3><span class=\"ez-toc-section\" id=\"%E2%80%93_Modelado_en_cera_donde_se_actualizo_la_tecnica_de_modelado\"><\/span>&#8211; Modelado en cera donde se actualiz\u00f3 la t\u00e9cnica de modelado<span class=\"ez-toc-section-end\"><\/span><\/h3>\n<h3><span class=\"ez-toc-section\" id=\"%E2%80%93_Revestimiento_del_modelo\"><\/span>&#8211; Revestimiento del modelo<span class=\"ez-toc-section-end\"><\/span><\/h3>\n<h3><span class=\"ez-toc-section\" id=\"%E2%80%93_Colado_conveniente\"><\/span>&#8211; Colado conveniente<span class=\"ez-toc-section-end\"><\/span><\/h3>\n<h3><span class=\"ez-toc-section\" id=\"%E2%80%93_Repaso_y_pulido\"><\/span>&#8211; Repaso y pulido<span class=\"ez-toc-section-end\"><\/span><\/h3>\n<p>&nbsp;<\/p>\n<p>El curso fue impartido por el Sr. Heiko Wollsch\u00e4ger y tuvo lugar en las instalaciones del IES Renacimiento en Madrid, donde asistieron un total de 10 prot\u00e9sicos.<\/p>\n<p>&nbsp;<\/p>\n<p>En dicho curso estuvo presente Jos\u00e9 Carlos Alcalde, promotor de Laboratorio en Proclinic Madrid, para ayudar a los t\u00e9cnicos de Bego y atender a los participantes en sus consultas.<\/p>\n<p>Consulta nuestra agenda de cursos y eventos en <a title=\"Cursos y eventos Proclinic\" href=\"https:\/\/www.proclinic.es\/formacion\" target=\"_blank\">https:\/\/www.proclinic.es\/formacion<\/a><\/p>\n<p>&nbsp;<\/p>\n<p>&nbsp;<\/p>\n","protected":false},"excerpt":{"rendered":"<p>Los pasados 22 y 23 de septiembre realizamos un curso de Pr\u00f3tesis Parcial Removible (esquel\u00e9ticos) junto con la colaboraci\u00f3n de la empresa Bego.<\/p>\n","protected":false},"author":101011,"featured_media":1531,"comment_status":"open","ping_status":"open","sticky":false,"template":"","format":"gallery","meta":{"footnotes":""},"categories":[43],"tags":[],"class_list":["post-1530","post","type-post","status-publish","format-gallery","has-post-thumbnail","hentry","category-formacion","post_format-post-format-gallery"],"yoast_head":"<!-- This site is optimized with the Yoast SEO plugin v27.4 - https:\/\/yoast.com\/product\/yoast-seo-wordpress\/ -->\n<title>Curso de pr\u00f3tesis parcial removible - Blog Proclinic<\/title>\n<meta name=\"description\" content=\"Los pasados 22 y 23 de septiembre realizamos un curso de Pr\u00f3tesis Parcial Removible (Esquel\u00e9ticos) junto con la colaboraci\u00f3n de la empresa Bego.\" \/>\n<meta name=\"robots\" content=\"index, follow, max-snippet:-1, max-image-preview:large, max-video-preview:-1\" \/>\n<link rel=\"canonical\" href=\"https:\/\/www.proclinic.es\/blog\/realizamos-un-curso-de-protesis-parcial-removible\/\" \/>\n<meta property=\"og:locale\" content=\"es_ES\" \/>\n<meta property=\"og:type\" content=\"article\" \/>\n<meta property=\"og:title\" content=\"Curso de pr\u00f3tesis parcial removible - Blog Proclinic\" \/>\n<meta property=\"og:description\" content=\"Los pasados 22 y 23 de septiembre realizamos un curso de Pr\u00f3tesis Parcial Removible (Esquel\u00e9ticos) junto con la colaboraci\u00f3n de la empresa Bego.\" \/>\n<meta property=\"og:url\" content=\"https:\/\/www.proclinic.es\/blog\/realizamos-un-curso-de-protesis-parcial-removible\/\" \/>\n<meta property=\"og:site_name\" content=\"Blog Proclinic\" \/>\n<meta property=\"article:publisher\" content=\"https:\/\/www.facebook.com\/proclinicsa\" \/>\n<meta property=\"article:published_time\" content=\"2014-10-07T11:25:05+00:00\" \/>\n<meta property=\"article:modified_time\" content=\"2014-10-07T11:33:29+00:00\" \/>\n<meta property=\"og:image\" content=\"https:\/\/www.proclinic.es\/blog\/wp-content\/uploads\/2014\/10\/P1090707.jpg\" \/>\n\t<meta property=\"og:image:width\" content=\"2560\" \/>\n\t<meta property=\"og:image:height\" content=\"1920\" \/>\n\t<meta property=\"og:image:type\" content=\"image\/jpeg\" \/>\n<meta name=\"author\" content=\"Anna\" \/>\n<meta name=\"twitter:card\" content=\"summary_large_image\" \/>\n<meta name=\"twitter:creator\" content=\"@Proclinic_SA\" \/>\n<meta name=\"twitter:site\" content=\"@Proclinic_SA\" \/>\n<meta name=\"twitter:label1\" content=\"Escrito por\" \/>\n\t<meta name=\"twitter:data1\" content=\"Anna\" \/>\n\t<meta name=\"twitter:label2\" content=\"Tiempo de lectura\" \/>\n\t<meta name=\"twitter:data2\" content=\"1 minuto\" \/>\n<script type=\"application\/ld+json\" class=\"yoast-schema-graph\">{\"@context\":\"https:\\\/\\\/schema.org\",\"@graph\":[{\"@type\":\"Article\",\"@id\":\"https:\\\/\\\/www.proclinic.es\\\/blog\\\/realizamos-un-curso-de-protesis-parcial-removible\\\/#article\",\"isPartOf\":{\"@id\":\"https:\\\/\\\/www.proclinic.es\\\/blog\\\/realizamos-un-curso-de-protesis-parcial-removible\\\/\"},\"author\":{\"name\":\"Anna\",\"@id\":\"https:\\\/\\\/www.proclinic.es\\\/blog\\\/#\\\/schema\\\/person\\\/85e304ea367ce3922003b0d8b388e527\"},\"headline\":\"Realizamos un curso de pr\u00f3tesis parcial removible\",\"datePublished\":\"2014-10-07T11:25:05+00:00\",\"dateModified\":\"2014-10-07T11:33:29+00:00\",\"mainEntityOfPage\":{\"@id\":\"https:\\\/\\\/www.proclinic.es\\\/blog\\\/realizamos-un-curso-de-protesis-parcial-removible\\\/\"},\"wordCount\":163,\"commentCount\":2,\"image\":{\"@id\":\"https:\\\/\\\/www.proclinic.es\\\/blog\\\/realizamos-un-curso-de-protesis-parcial-removible\\\/#primaryimage\"},\"thumbnailUrl\":\"https:\\\/\\\/www.proclinic.es\\\/blog\\\/wp-content\\\/uploads\\\/2014\\\/10\\\/P1090707.jpg\",\"articleSection\":[\"Formaci\u00f3n y Eventos\"],\"inLanguage\":\"es\",\"potentialAction\":[{\"@type\":\"CommentAction\",\"name\":\"Comment\",\"target\":[\"https:\\\/\\\/www.proclinic.es\\\/blog\\\/realizamos-un-curso-de-protesis-parcial-removible\\\/#respond\"]}]},{\"@type\":\"WebPage\",\"@id\":\"https:\\\/\\\/www.proclinic.es\\\/blog\\\/realizamos-un-curso-de-protesis-parcial-removible\\\/\",\"url\":\"https:\\\/\\\/www.proclinic.es\\\/blog\\\/realizamos-un-curso-de-protesis-parcial-removible\\\/\",\"name\":\"Curso de pr\u00f3tesis parcial removible - Blog Proclinic\",\"isPartOf\":{\"@id\":\"https:\\\/\\\/www.proclinic.es\\\/blog\\\/#website\"},\"primaryImageOfPage\":{\"@id\":\"https:\\\/\\\/www.proclinic.es\\\/blog\\\/realizamos-un-curso-de-protesis-parcial-removible\\\/#primaryimage\"},\"image\":{\"@id\":\"https:\\\/\\\/www.proclinic.es\\\/blog\\\/realizamos-un-curso-de-protesis-parcial-removible\\\/#primaryimage\"},\"thumbnailUrl\":\"https:\\\/\\\/www.proclinic.es\\\/blog\\\/wp-content\\\/uploads\\\/2014\\\/10\\\/P1090707.jpg\",\"datePublished\":\"2014-10-07T11:25:05+00:00\",\"dateModified\":\"2014-10-07T11:33:29+00:00\",\"author\":{\"@id\":\"https:\\\/\\\/www.proclinic.es\\\/blog\\\/#\\\/schema\\\/person\\\/85e304ea367ce3922003b0d8b388e527\"},\"description\":\"Los pasados 22 y 23 de septiembre realizamos un curso de Pr\u00f3tesis Parcial Removible (Esquel\u00e9ticos) junto con la colaboraci\u00f3n de la empresa Bego.\",\"breadcrumb\":{\"@id\":\"https:\\\/\\\/www.proclinic.es\\\/blog\\\/realizamos-un-curso-de-protesis-parcial-removible\\\/#breadcrumb\"},\"inLanguage\":\"es\",\"potentialAction\":[{\"@type\":\"ReadAction\",\"target\":[\"https:\\\/\\\/www.proclinic.es\\\/blog\\\/realizamos-un-curso-de-protesis-parcial-removible\\\/\"]}]},{\"@type\":\"ImageObject\",\"inLanguage\":\"es\",\"@id\":\"https:\\\/\\\/www.proclinic.es\\\/blog\\\/realizamos-un-curso-de-protesis-parcial-removible\\\/#primaryimage\",\"url\":\"https:\\\/\\\/www.proclinic.es\\\/blog\\\/wp-content\\\/uploads\\\/2014\\\/10\\\/P1090707.jpg\",\"contentUrl\":\"https:\\\/\\\/www.proclinic.es\\\/blog\\\/wp-content\\\/uploads\\\/2014\\\/10\\\/P1090707.jpg\",\"width\":2560,\"height\":1920,\"caption\":\"Curso pr\u00f3tesis parcial removible - Proclinic\\\/Bego\"},{\"@type\":\"BreadcrumbList\",\"@id\":\"https:\\\/\\\/www.proclinic.es\\\/blog\\\/realizamos-un-curso-de-protesis-parcial-removible\\\/#breadcrumb\",\"itemListElement\":[{\"@type\":\"ListItem\",\"position\":1,\"name\":\"Home\",\"item\":\"https:\\\/\\\/www.proclinic.es\\\/blog\\\/\"},{\"@type\":\"ListItem\",\"position\":2,\"name\":\"Realizamos un curso de pr\u00f3tesis parcial removible\"}]},{\"@type\":\"WebSite\",\"@id\":\"https:\\\/\\\/www.proclinic.es\\\/blog\\\/#website\",\"url\":\"https:\\\/\\\/www.proclinic.es\\\/blog\\\/\",\"name\":\"Blog Proclinic\",\"description\":\"\u00a1Bienvenido al blog de Proclinic! En este espacio, nos enfocamos en brindar informaci\u00f3n valiosa y actualizada para todos los profesionales del sector dental. Nuestra misi\u00f3n es mantenerte al d\u00eda de las \u00faltimas tendencias, investigaciones y t\u00e9cnicas en el campo de la odontolog\u00eda. Exploraremos temas que van desde las novedades en materiales odontol\u00f3gicos, consejos pr\u00e1cticos para la gesti\u00f3n de cl\u00ednicas dentales hasta casos cl\u00ednicos con base cient\u00edfica, eventos del sector y mucho m\u00e1s. Te invitamos a seguir nuestro contenido, dise\u00f1ado para mantener tu pr\u00e1ctica en la vanguardia de la odontolog\u00eda moderna.\",\"potentialAction\":[{\"@type\":\"SearchAction\",\"target\":{\"@type\":\"EntryPoint\",\"urlTemplate\":\"https:\\\/\\\/www.proclinic.es\\\/blog\\\/?s={search_term_string}\"},\"query-input\":{\"@type\":\"PropertyValueSpecification\",\"valueRequired\":true,\"valueName\":\"search_term_string\"}}],\"inLanguage\":\"es\"},{\"@type\":\"Person\",\"@id\":\"https:\\\/\\\/www.proclinic.es\\\/blog\\\/#\\\/schema\\\/person\\\/85e304ea367ce3922003b0d8b388e527\",\"name\":\"Anna\",\"image\":{\"@type\":\"ImageObject\",\"inLanguage\":\"es\",\"@id\":\"https:\\\/\\\/secure.gravatar.com\\\/avatar\\\/b8b19455b6924f97d0afcdeb2791066e8c8af798468c71e0fe7e686c5d0b49f4?s=96&d=mm&r=g\",\"url\":\"https:\\\/\\\/secure.gravatar.com\\\/avatar\\\/b8b19455b6924f97d0afcdeb2791066e8c8af798468c71e0fe7e686c5d0b49f4?s=96&d=mm&r=g\",\"contentUrl\":\"https:\\\/\\\/secure.gravatar.com\\\/avatar\\\/b8b19455b6924f97d0afcdeb2791066e8c8af798468c71e0fe7e686c5d0b49f4?s=96&d=mm&r=g\",\"caption\":\"Anna\"},\"description\":\"Community Manager\",\"url\":\"https:\\\/\\\/www.proclinic.es\\\/blog\\\/author\\\/anna\\\/\"}]}<\/script>\n<!-- \/ Yoast SEO plugin. -->","yoast_head_json":{"title":"Curso de pr\u00f3tesis parcial removible - Blog Proclinic","description":"Los pasados 22 y 23 de septiembre realizamos un curso de Pr\u00f3tesis Parcial Removible (Esquel\u00e9ticos) junto con la colaboraci\u00f3n de la empresa Bego.","robots":{"index":"index","follow":"follow","max-snippet":"max-snippet:-1","max-image-preview":"max-image-preview:large","max-video-preview":"max-video-preview:-1"},"canonical":"https:\/\/www.proclinic.es\/blog\/realizamos-un-curso-de-protesis-parcial-removible\/","og_locale":"es_ES","og_type":"article","og_title":"Curso de pr\u00f3tesis parcial removible - Blog Proclinic","og_description":"Los pasados 22 y 23 de septiembre realizamos un curso de Pr\u00f3tesis Parcial Removible (Esquel\u00e9ticos) junto con la colaboraci\u00f3n de la empresa Bego.","og_url":"https:\/\/www.proclinic.es\/blog\/realizamos-un-curso-de-protesis-parcial-removible\/","og_site_name":"Blog Proclinic","article_publisher":"https:\/\/www.facebook.com\/proclinicsa","article_published_time":"2014-10-07T11:25:05+00:00","article_modified_time":"2014-10-07T11:33:29+00:00","og_image":[{"width":2560,"height":1920,"url":"https:\/\/www.proclinic.es\/blog\/wp-content\/uploads\/2014\/10\/P1090707.jpg","type":"image\/jpeg"}],"author":"Anna","twitter_card":"summary_large_image","twitter_creator":"@Proclinic_SA","twitter_site":"@Proclinic_SA","twitter_misc":{"Escrito por":"Anna","Tiempo de lectura":"1 minuto"},"schema":{"@context":"https:\/\/schema.org","@graph":[{"@type":"Article","@id":"https:\/\/www.proclinic.es\/blog\/realizamos-un-curso-de-protesis-parcial-removible\/#article","isPartOf":{"@id":"https:\/\/www.proclinic.es\/blog\/realizamos-un-curso-de-protesis-parcial-removible\/"},"author":{"name":"Anna","@id":"https:\/\/www.proclinic.es\/blog\/#\/schema\/person\/85e304ea367ce3922003b0d8b388e527"},"headline":"Realizamos un curso de pr\u00f3tesis parcial removible","datePublished":"2014-10-07T11:25:05+00:00","dateModified":"2014-10-07T11:33:29+00:00","mainEntityOfPage":{"@id":"https:\/\/www.proclinic.es\/blog\/realizamos-un-curso-de-protesis-parcial-removible\/"},"wordCount":163,"commentCount":2,"image":{"@id":"https:\/\/www.proclinic.es\/blog\/realizamos-un-curso-de-protesis-parcial-removible\/#primaryimage"},"thumbnailUrl":"https:\/\/www.proclinic.es\/blog\/wp-content\/uploads\/2014\/10\/P1090707.jpg","articleSection":["Formaci\u00f3n y Eventos"],"inLanguage":"es","potentialAction":[{"@type":"CommentAction","name":"Comment","target":["https:\/\/www.proclinic.es\/blog\/realizamos-un-curso-de-protesis-parcial-removible\/#respond"]}]},{"@type":"WebPage","@id":"https:\/\/www.proclinic.es\/blog\/realizamos-un-curso-de-protesis-parcial-removible\/","url":"https:\/\/www.proclinic.es\/blog\/realizamos-un-curso-de-protesis-parcial-removible\/","name":"Curso de pr\u00f3tesis parcial removible - Blog Proclinic","isPartOf":{"@id":"https:\/\/www.proclinic.es\/blog\/#website"},"primaryImageOfPage":{"@id":"https:\/\/www.proclinic.es\/blog\/realizamos-un-curso-de-protesis-parcial-removible\/#primaryimage"},"image":{"@id":"https:\/\/www.proclinic.es\/blog\/realizamos-un-curso-de-protesis-parcial-removible\/#primaryimage"},"thumbnailUrl":"https:\/\/www.proclinic.es\/blog\/wp-content\/uploads\/2014\/10\/P1090707.jpg","datePublished":"2014-10-07T11:25:05+00:00","dateModified":"2014-10-07T11:33:29+00:00","author":{"@id":"https:\/\/www.proclinic.es\/blog\/#\/schema\/person\/85e304ea367ce3922003b0d8b388e527"},"description":"Los pasados 22 y 23 de septiembre realizamos un curso de Pr\u00f3tesis Parcial Removible (Esquel\u00e9ticos) junto con la colaboraci\u00f3n de la empresa Bego.","breadcrumb":{"@id":"https:\/\/www.proclinic.es\/blog\/realizamos-un-curso-de-protesis-parcial-removible\/#breadcrumb"},"inLanguage":"es","potentialAction":[{"@type":"ReadAction","target":["https:\/\/www.proclinic.es\/blog\/realizamos-un-curso-de-protesis-parcial-removible\/"]}]},{"@type":"ImageObject","inLanguage":"es","@id":"https:\/\/www.proclinic.es\/blog\/realizamos-un-curso-de-protesis-parcial-removible\/#primaryimage","url":"https:\/\/www.proclinic.es\/blog\/wp-content\/uploads\/2014\/10\/P1090707.jpg","contentUrl":"https:\/\/www.proclinic.es\/blog\/wp-content\/uploads\/2014\/10\/P1090707.jpg","width":2560,"height":1920,"caption":"Curso pr\u00f3tesis parcial removible - Proclinic\/Bego"},{"@type":"BreadcrumbList","@id":"https:\/\/www.proclinic.es\/blog\/realizamos-un-curso-de-protesis-parcial-removible\/#breadcrumb","itemListElement":[{"@type":"ListItem","position":1,"name":"Home","item":"https:\/\/www.proclinic.es\/blog\/"},{"@type":"ListItem","position":2,"name":"Realizamos un curso de pr\u00f3tesis parcial removible"}]},{"@type":"WebSite","@id":"https:\/\/www.proclinic.es\/blog\/#website","url":"https:\/\/www.proclinic.es\/blog\/","name":"Blog Proclinic","description":"\u00a1Bienvenido al blog de Proclinic! En este espacio, nos enfocamos en brindar informaci\u00f3n valiosa y actualizada para todos los profesionales del sector dental. Nuestra misi\u00f3n es mantenerte al d\u00eda de las \u00faltimas tendencias, investigaciones y t\u00e9cnicas en el campo de la odontolog\u00eda. Exploraremos temas que van desde las novedades en materiales odontol\u00f3gicos, consejos pr\u00e1cticos para la gesti\u00f3n de cl\u00ednicas dentales hasta casos cl\u00ednicos con base cient\u00edfica, eventos del sector y mucho m\u00e1s. Te invitamos a seguir nuestro contenido, dise\u00f1ado para mantener tu pr\u00e1ctica en la vanguardia de la odontolog\u00eda moderna.","potentialAction":[{"@type":"SearchAction","target":{"@type":"EntryPoint","urlTemplate":"https:\/\/www.proclinic.es\/blog\/?s={search_term_string}"},"query-input":{"@type":"PropertyValueSpecification","valueRequired":true,"valueName":"search_term_string"}}],"inLanguage":"es"},{"@type":"Person","@id":"https:\/\/www.proclinic.es\/blog\/#\/schema\/person\/85e304ea367ce3922003b0d8b388e527","name":"Anna","image":{"@type":"ImageObject","inLanguage":"es","@id":"https:\/\/secure.gravatar.com\/avatar\/b8b19455b6924f97d0afcdeb2791066e8c8af798468c71e0fe7e686c5d0b49f4?s=96&d=mm&r=g","url":"https:\/\/secure.gravatar.com\/avatar\/b8b19455b6924f97d0afcdeb2791066e8c8af798468c71e0fe7e686c5d0b49f4?s=96&d=mm&r=g","contentUrl":"https:\/\/secure.gravatar.com\/avatar\/b8b19455b6924f97d0afcdeb2791066e8c8af798468c71e0fe7e686c5d0b49f4?s=96&d=mm&r=g","caption":"Anna"},"description":"Community Manager","url":"https:\/\/www.proclinic.es\/blog\/author\/anna\/"}]}},"jetpack_featured_media_url":"https:\/\/www.proclinic.es\/blog\/wp-content\/uploads\/2014\/10\/P1090707.jpg","_links":{"self":[{"href":"https:\/\/www.proclinic.es\/blog\/wp-json\/wp\/v2\/posts\/1530","targetHints":{"allow":["GET"]}}],"collection":[{"href":"https:\/\/www.proclinic.es\/blog\/wp-json\/wp\/v2\/posts"}],"about":[{"href":"https:\/\/www.proclinic.es\/blog\/wp-json\/wp\/v2\/types\/post"}],"author":[{"embeddable":true,"href":"https:\/\/www.proclinic.es\/blog\/wp-json\/wp\/v2\/users\/101011"}],"replies":[{"embeddable":true,"href":"https:\/\/www.proclinic.es\/blog\/wp-json\/wp\/v2\/comments?post=1530"}],"version-history":[{"count":4,"href":"https:\/\/www.proclinic.es\/blog\/wp-json\/wp\/v2\/posts\/1530\/revisions"}],"predecessor-version":[{"id":1538,"href":"https:\/\/www.proclinic.es\/blog\/wp-json\/wp\/v2\/posts\/1530\/revisions\/1538"}],"wp:featuredmedia":[{"embeddable":true,"href":"https:\/\/www.proclinic.es\/blog\/wp-json\/wp\/v2\/media\/1531"}],"wp:attachment":[{"href":"https:\/\/www.proclinic.es\/blog\/wp-json\/wp\/v2\/media?parent=1530"}],"wp:term":[{"taxonomy":"category","embeddable":true,"href":"https:\/\/www.proclinic.es\/blog\/wp-json\/wp\/v2\/categories?post=1530"},{"taxonomy":"post_tag","embeddable":true,"href":"https:\/\/www.proclinic.es\/blog\/wp-json\/wp\/v2\/tags?post=1530"}],"curies":[{"name":"wp","href":"https:\/\/api.w.org\/{rel}","templated":true}]}}