{"id":1461,"date":"2014-08-04T09:32:17","date_gmt":"2014-08-04T07:32:17","guid":{"rendered":"http:\/\/localhost\/blogProclinic\/web\/?p=1461"},"modified":"2023-02-13T12:35:29","modified_gmt":"2023-02-13T10:35:29","slug":"ampliamos-nuestro-centro-logistico-en-zaragoza","status":"publish","type":"post","link":"https:\/\/www.proclinic.es\/blog\/ampliamos-nuestro-centro-logistico-en-zaragoza\/","title":{"rendered":"Ampliamos nuestro Centro Log\u00edstico en Zaragoza"},"content":{"rendered":"<p><strong>Con el fin de mantener nuestro compromiso de ofrecer un servicio excelente a nuestros clientes, estamos ampliando nuestro Centro Log\u00edstico en Zaragoza que pasar\u00e1 de tener 6.000m2 a 12.000m2.<\/strong><!--more--><\/p>\n<h3><\/h3>\n<h3>Con esta ampliaci\u00f3n conseguiremos unas instalaciones m\u00e1s innovadoras y totalmente automatizadas, con m\u00e1s de 83.000 ubicaciones ocupadas y un equipo de 29 personas al frente.<\/h3>\n<p>En el \u00faltimo a\u00f1o hemos expedido m\u00e1s de 5.000.000 de art\u00edculos desde nuestro Centro Log\u00edstico. M\u00e1s del 99% de las l\u00edneas de pedido se han servido en el mismo d\u00eda.<\/p>\n<p><strong>Debido a esta ampliaci\u00f3n de nuestras instalaciones, el Centro Log\u00edstico permanecer\u00e1 cerrado del 8 al 22 de agosto.<\/strong> Para todas aquellas personas que decidan adelantar sus compras entre el 28 de julio y el 7 de agosto podr\u00e1n solicitar un pago aplazado de 2 meses.<\/p>\n<p>Seguimos trabajando porque queremos ofrecerte el servicio log\u00edstico m\u00e1s competitivo de todo el sector.<\/p>\n<p><strong><a href=\"https:\/\/www.proclinic.es\/blog\/descubre-nuestro-centro-logistico-el-corazon-de-proclinic\/\">Descubre en este link c\u00f3mo luce nuestro actual centro log\u00edstico de Zaragoza<\/a><\/strong><\/p>\n","protected":false},"excerpt":{"rendered":"<p>Con el fin de mantener nuestro compromiso de ofrecer un servicio excelente a nuestros clientes, estamos ampliando nuestro Centro Log\u00edstico en Zaragoza que pasar\u00e1 de tener 6.000m2 a 12.000m2.<\/p>\n","protected":false},"author":101011,"featured_media":1467,"comment_status":"open","ping_status":"open","sticky":false,"template":"","format":"standard","meta":{"footnotes":""},"categories":[45],"tags":[],"class_list":["post-1461","post","type-post","status-publish","format-standard","has-post-thumbnail","hentry","category-actualidad"],"yoast_head":"<!-- This site is optimized with the Yoast SEO plugin v27.4 - https:\/\/yoast.com\/product\/yoast-seo-wordpress\/ -->\n<title>Ampliamos nuestro Centro Log\u00edstico - Blog Proclinic<\/title>\n<meta name=\"description\" content=\"Estamos ampliando nuestro Centro Log\u00edstico en Zaragoza que pasar\u00e1 de tener 6.000m2 a 12.000m2.\" \/>\n<meta name=\"robots\" content=\"index, follow, max-snippet:-1, max-image-preview:large, max-video-preview:-1\" \/>\n<link rel=\"canonical\" href=\"https:\/\/www.proclinic.es\/blog\/ampliamos-nuestro-centro-logistico-en-zaragoza\/\" \/>\n<meta property=\"og:locale\" content=\"es_ES\" \/>\n<meta property=\"og:type\" content=\"article\" \/>\n<meta property=\"og:title\" content=\"Ampliamos nuestro Centro Log\u00edstico - Blog Proclinic\" \/>\n<meta property=\"og:description\" content=\"Estamos ampliando nuestro Centro Log\u00edstico en Zaragoza que pasar\u00e1 de tener 6.000m2 a 12.000m2.\" \/>\n<meta property=\"og:url\" content=\"https:\/\/www.proclinic.es\/blog\/ampliamos-nuestro-centro-logistico-en-zaragoza\/\" \/>\n<meta property=\"og:site_name\" content=\"Blog Proclinic\" \/>\n<meta property=\"article:publisher\" content=\"https:\/\/www.facebook.com\/proclinicsa\" \/>\n<meta property=\"article:published_time\" content=\"2014-08-04T07:32:17+00:00\" \/>\n<meta property=\"article:modified_time\" content=\"2023-02-13T10:35:29+00:00\" \/>\n<meta property=\"og:image\" content=\"https:\/\/www.proclinic.es\/blog\/wp-content\/uploads\/2014\/08\/magatzem1.jpg\" \/>\n\t<meta property=\"og:image:width\" content=\"756\" \/>\n\t<meta property=\"og:image:height\" content=\"491\" \/>\n\t<meta property=\"og:image:type\" content=\"image\/jpeg\" \/>\n<meta name=\"author\" content=\"Anna\" \/>\n<meta name=\"twitter:card\" content=\"summary_large_image\" \/>\n<meta name=\"twitter:creator\" content=\"@Proclinic_SA\" \/>\n<meta name=\"twitter:site\" content=\"@Proclinic_SA\" \/>\n<meta name=\"twitter:label1\" content=\"Escrito por\" \/>\n\t<meta name=\"twitter:data1\" content=\"Anna\" \/>\n\t<meta name=\"twitter:label2\" content=\"Tiempo de lectura\" \/>\n\t<meta name=\"twitter:data2\" content=\"1 minuto\" \/>\n<script type=\"application\/ld+json\" class=\"yoast-schema-graph\">{\"@context\":\"https:\\\/\\\/schema.org\",\"@graph\":[{\"@type\":\"Article\",\"@id\":\"https:\\\/\\\/www.proclinic.es\\\/blog\\\/ampliamos-nuestro-centro-logistico-en-zaragoza\\\/#article\",\"isPartOf\":{\"@id\":\"https:\\\/\\\/www.proclinic.es\\\/blog\\\/ampliamos-nuestro-centro-logistico-en-zaragoza\\\/\"},\"author\":{\"name\":\"Anna\",\"@id\":\"https:\\\/\\\/www.proclinic.es\\\/blog\\\/#\\\/schema\\\/person\\\/85e304ea367ce3922003b0d8b388e527\"},\"headline\":\"Ampliamos nuestro Centro Log\u00edstico en Zaragoza\",\"datePublished\":\"2014-08-04T07:32:17+00:00\",\"dateModified\":\"2023-02-13T10:35:29+00:00\",\"mainEntityOfPage\":{\"@id\":\"https:\\\/\\\/www.proclinic.es\\\/blog\\\/ampliamos-nuestro-centro-logistico-en-zaragoza\\\/\"},\"wordCount\":171,\"commentCount\":0,\"image\":{\"@id\":\"https:\\\/\\\/www.proclinic.es\\\/blog\\\/ampliamos-nuestro-centro-logistico-en-zaragoza\\\/#primaryimage\"},\"thumbnailUrl\":\"https:\\\/\\\/www.proclinic.es\\\/blog\\\/wp-content\\\/uploads\\\/2014\\\/08\\\/magatzem1.jpg\",\"articleSection\":[\"Actualidad\"],\"inLanguage\":\"es\",\"potentialAction\":[{\"@type\":\"CommentAction\",\"name\":\"Comment\",\"target\":[\"https:\\\/\\\/www.proclinic.es\\\/blog\\\/ampliamos-nuestro-centro-logistico-en-zaragoza\\\/#respond\"]}]},{\"@type\":\"WebPage\",\"@id\":\"https:\\\/\\\/www.proclinic.es\\\/blog\\\/ampliamos-nuestro-centro-logistico-en-zaragoza\\\/\",\"url\":\"https:\\\/\\\/www.proclinic.es\\\/blog\\\/ampliamos-nuestro-centro-logistico-en-zaragoza\\\/\",\"name\":\"Ampliamos nuestro Centro Log\u00edstico - Blog Proclinic\",\"isPartOf\":{\"@id\":\"https:\\\/\\\/www.proclinic.es\\\/blog\\\/#website\"},\"primaryImageOfPage\":{\"@id\":\"https:\\\/\\\/www.proclinic.es\\\/blog\\\/ampliamos-nuestro-centro-logistico-en-zaragoza\\\/#primaryimage\"},\"image\":{\"@id\":\"https:\\\/\\\/www.proclinic.es\\\/blog\\\/ampliamos-nuestro-centro-logistico-en-zaragoza\\\/#primaryimage\"},\"thumbnailUrl\":\"https:\\\/\\\/www.proclinic.es\\\/blog\\\/wp-content\\\/uploads\\\/2014\\\/08\\\/magatzem1.jpg\",\"datePublished\":\"2014-08-04T07:32:17+00:00\",\"dateModified\":\"2023-02-13T10:35:29+00:00\",\"author\":{\"@id\":\"https:\\\/\\\/www.proclinic.es\\\/blog\\\/#\\\/schema\\\/person\\\/85e304ea367ce3922003b0d8b388e527\"},\"description\":\"Estamos ampliando nuestro Centro Log\u00edstico en Zaragoza que pasar\u00e1 de tener 6.000m2 a 12.000m2.\",\"breadcrumb\":{\"@id\":\"https:\\\/\\\/www.proclinic.es\\\/blog\\\/ampliamos-nuestro-centro-logistico-en-zaragoza\\\/#breadcrumb\"},\"inLanguage\":\"es\",\"potentialAction\":[{\"@type\":\"ReadAction\",\"target\":[\"https:\\\/\\\/www.proclinic.es\\\/blog\\\/ampliamos-nuestro-centro-logistico-en-zaragoza\\\/\"]}]},{\"@type\":\"ImageObject\",\"inLanguage\":\"es\",\"@id\":\"https:\\\/\\\/www.proclinic.es\\\/blog\\\/ampliamos-nuestro-centro-logistico-en-zaragoza\\\/#primaryimage\",\"url\":\"https:\\\/\\\/www.proclinic.es\\\/blog\\\/wp-content\\\/uploads\\\/2014\\\/08\\\/magatzem1.jpg\",\"contentUrl\":\"https:\\\/\\\/www.proclinic.es\\\/blog\\\/wp-content\\\/uploads\\\/2014\\\/08\\\/magatzem1.jpg\",\"width\":756,\"height\":491,\"caption\":\"Proclinic Zaragoza\"},{\"@type\":\"BreadcrumbList\",\"@id\":\"https:\\\/\\\/www.proclinic.es\\\/blog\\\/ampliamos-nuestro-centro-logistico-en-zaragoza\\\/#breadcrumb\",\"itemListElement\":[{\"@type\":\"ListItem\",\"position\":1,\"name\":\"Home\",\"item\":\"https:\\\/\\\/www.proclinic.es\\\/blog\\\/\"},{\"@type\":\"ListItem\",\"position\":2,\"name\":\"Ampliamos nuestro Centro Log\u00edstico en Zaragoza\"}]},{\"@type\":\"WebSite\",\"@id\":\"https:\\\/\\\/www.proclinic.es\\\/blog\\\/#website\",\"url\":\"https:\\\/\\\/www.proclinic.es\\\/blog\\\/\",\"name\":\"Blog Proclinic\",\"description\":\"\u00a1Bienvenido al blog de Proclinic! En este espacio, nos enfocamos en brindar informaci\u00f3n valiosa y actualizada para todos los profesionales del sector dental. Nuestra misi\u00f3n es mantenerte al d\u00eda de las \u00faltimas tendencias, investigaciones y t\u00e9cnicas en el campo de la odontolog\u00eda. Exploraremos temas que van desde las novedades en materiales odontol\u00f3gicos, consejos pr\u00e1cticos para la gesti\u00f3n de cl\u00ednicas dentales hasta casos cl\u00ednicos con base cient\u00edfica, eventos del sector y mucho m\u00e1s. Te invitamos a seguir nuestro contenido, dise\u00f1ado para mantener tu pr\u00e1ctica en la vanguardia de la odontolog\u00eda moderna.\",\"potentialAction\":[{\"@type\":\"SearchAction\",\"target\":{\"@type\":\"EntryPoint\",\"urlTemplate\":\"https:\\\/\\\/www.proclinic.es\\\/blog\\\/?s={search_term_string}\"},\"query-input\":{\"@type\":\"PropertyValueSpecification\",\"valueRequired\":true,\"valueName\":\"search_term_string\"}}],\"inLanguage\":\"es\"},{\"@type\":\"Person\",\"@id\":\"https:\\\/\\\/www.proclinic.es\\\/blog\\\/#\\\/schema\\\/person\\\/85e304ea367ce3922003b0d8b388e527\",\"name\":\"Anna\",\"image\":{\"@type\":\"ImageObject\",\"inLanguage\":\"es\",\"@id\":\"https:\\\/\\\/secure.gravatar.com\\\/avatar\\\/b8b19455b6924f97d0afcdeb2791066e8c8af798468c71e0fe7e686c5d0b49f4?s=96&d=mm&r=g\",\"url\":\"https:\\\/\\\/secure.gravatar.com\\\/avatar\\\/b8b19455b6924f97d0afcdeb2791066e8c8af798468c71e0fe7e686c5d0b49f4?s=96&d=mm&r=g\",\"contentUrl\":\"https:\\\/\\\/secure.gravatar.com\\\/avatar\\\/b8b19455b6924f97d0afcdeb2791066e8c8af798468c71e0fe7e686c5d0b49f4?s=96&d=mm&r=g\",\"caption\":\"Anna\"},\"description\":\"Community Manager\",\"url\":\"https:\\\/\\\/www.proclinic.es\\\/blog\\\/author\\\/anna\\\/\"}]}<\/script>\n<!-- \/ Yoast SEO plugin. -->","yoast_head_json":{"title":"Ampliamos nuestro Centro Log\u00edstico - Blog Proclinic","description":"Estamos ampliando nuestro Centro Log\u00edstico en Zaragoza que pasar\u00e1 de tener 6.000m2 a 12.000m2.","robots":{"index":"index","follow":"follow","max-snippet":"max-snippet:-1","max-image-preview":"max-image-preview:large","max-video-preview":"max-video-preview:-1"},"canonical":"https:\/\/www.proclinic.es\/blog\/ampliamos-nuestro-centro-logistico-en-zaragoza\/","og_locale":"es_ES","og_type":"article","og_title":"Ampliamos nuestro Centro Log\u00edstico - Blog Proclinic","og_description":"Estamos ampliando nuestro Centro Log\u00edstico en Zaragoza que pasar\u00e1 de tener 6.000m2 a 12.000m2.","og_url":"https:\/\/www.proclinic.es\/blog\/ampliamos-nuestro-centro-logistico-en-zaragoza\/","og_site_name":"Blog Proclinic","article_publisher":"https:\/\/www.facebook.com\/proclinicsa","article_published_time":"2014-08-04T07:32:17+00:00","article_modified_time":"2023-02-13T10:35:29+00:00","og_image":[{"width":756,"height":491,"url":"https:\/\/www.proclinic.es\/blog\/wp-content\/uploads\/2014\/08\/magatzem1.jpg","type":"image\/jpeg"}],"author":"Anna","twitter_card":"summary_large_image","twitter_creator":"@Proclinic_SA","twitter_site":"@Proclinic_SA","twitter_misc":{"Escrito por":"Anna","Tiempo de lectura":"1 minuto"},"schema":{"@context":"https:\/\/schema.org","@graph":[{"@type":"Article","@id":"https:\/\/www.proclinic.es\/blog\/ampliamos-nuestro-centro-logistico-en-zaragoza\/#article","isPartOf":{"@id":"https:\/\/www.proclinic.es\/blog\/ampliamos-nuestro-centro-logistico-en-zaragoza\/"},"author":{"name":"Anna","@id":"https:\/\/www.proclinic.es\/blog\/#\/schema\/person\/85e304ea367ce3922003b0d8b388e527"},"headline":"Ampliamos nuestro Centro Log\u00edstico en Zaragoza","datePublished":"2014-08-04T07:32:17+00:00","dateModified":"2023-02-13T10:35:29+00:00","mainEntityOfPage":{"@id":"https:\/\/www.proclinic.es\/blog\/ampliamos-nuestro-centro-logistico-en-zaragoza\/"},"wordCount":171,"commentCount":0,"image":{"@id":"https:\/\/www.proclinic.es\/blog\/ampliamos-nuestro-centro-logistico-en-zaragoza\/#primaryimage"},"thumbnailUrl":"https:\/\/www.proclinic.es\/blog\/wp-content\/uploads\/2014\/08\/magatzem1.jpg","articleSection":["Actualidad"],"inLanguage":"es","potentialAction":[{"@type":"CommentAction","name":"Comment","target":["https:\/\/www.proclinic.es\/blog\/ampliamos-nuestro-centro-logistico-en-zaragoza\/#respond"]}]},{"@type":"WebPage","@id":"https:\/\/www.proclinic.es\/blog\/ampliamos-nuestro-centro-logistico-en-zaragoza\/","url":"https:\/\/www.proclinic.es\/blog\/ampliamos-nuestro-centro-logistico-en-zaragoza\/","name":"Ampliamos nuestro Centro Log\u00edstico - Blog Proclinic","isPartOf":{"@id":"https:\/\/www.proclinic.es\/blog\/#website"},"primaryImageOfPage":{"@id":"https:\/\/www.proclinic.es\/blog\/ampliamos-nuestro-centro-logistico-en-zaragoza\/#primaryimage"},"image":{"@id":"https:\/\/www.proclinic.es\/blog\/ampliamos-nuestro-centro-logistico-en-zaragoza\/#primaryimage"},"thumbnailUrl":"https:\/\/www.proclinic.es\/blog\/wp-content\/uploads\/2014\/08\/magatzem1.jpg","datePublished":"2014-08-04T07:32:17+00:00","dateModified":"2023-02-13T10:35:29+00:00","author":{"@id":"https:\/\/www.proclinic.es\/blog\/#\/schema\/person\/85e304ea367ce3922003b0d8b388e527"},"description":"Estamos ampliando nuestro Centro Log\u00edstico en Zaragoza que pasar\u00e1 de tener 6.000m2 a 12.000m2.","breadcrumb":{"@id":"https:\/\/www.proclinic.es\/blog\/ampliamos-nuestro-centro-logistico-en-zaragoza\/#breadcrumb"},"inLanguage":"es","potentialAction":[{"@type":"ReadAction","target":["https:\/\/www.proclinic.es\/blog\/ampliamos-nuestro-centro-logistico-en-zaragoza\/"]}]},{"@type":"ImageObject","inLanguage":"es","@id":"https:\/\/www.proclinic.es\/blog\/ampliamos-nuestro-centro-logistico-en-zaragoza\/#primaryimage","url":"https:\/\/www.proclinic.es\/blog\/wp-content\/uploads\/2014\/08\/magatzem1.jpg","contentUrl":"https:\/\/www.proclinic.es\/blog\/wp-content\/uploads\/2014\/08\/magatzem1.jpg","width":756,"height":491,"caption":"Proclinic Zaragoza"},{"@type":"BreadcrumbList","@id":"https:\/\/www.proclinic.es\/blog\/ampliamos-nuestro-centro-logistico-en-zaragoza\/#breadcrumb","itemListElement":[{"@type":"ListItem","position":1,"name":"Home","item":"https:\/\/www.proclinic.es\/blog\/"},{"@type":"ListItem","position":2,"name":"Ampliamos nuestro Centro Log\u00edstico en Zaragoza"}]},{"@type":"WebSite","@id":"https:\/\/www.proclinic.es\/blog\/#website","url":"https:\/\/www.proclinic.es\/blog\/","name":"Blog Proclinic","description":"\u00a1Bienvenido al blog de Proclinic! En este espacio, nos enfocamos en brindar informaci\u00f3n valiosa y actualizada para todos los profesionales del sector dental. Nuestra misi\u00f3n es mantenerte al d\u00eda de las \u00faltimas tendencias, investigaciones y t\u00e9cnicas en el campo de la odontolog\u00eda. Exploraremos temas que van desde las novedades en materiales odontol\u00f3gicos, consejos pr\u00e1cticos para la gesti\u00f3n de cl\u00ednicas dentales hasta casos cl\u00ednicos con base cient\u00edfica, eventos del sector y mucho m\u00e1s. Te invitamos a seguir nuestro contenido, dise\u00f1ado para mantener tu pr\u00e1ctica en la vanguardia de la odontolog\u00eda moderna.","potentialAction":[{"@type":"SearchAction","target":{"@type":"EntryPoint","urlTemplate":"https:\/\/www.proclinic.es\/blog\/?s={search_term_string}"},"query-input":{"@type":"PropertyValueSpecification","valueRequired":true,"valueName":"search_term_string"}}],"inLanguage":"es"},{"@type":"Person","@id":"https:\/\/www.proclinic.es\/blog\/#\/schema\/person\/85e304ea367ce3922003b0d8b388e527","name":"Anna","image":{"@type":"ImageObject","inLanguage":"es","@id":"https:\/\/secure.gravatar.com\/avatar\/b8b19455b6924f97d0afcdeb2791066e8c8af798468c71e0fe7e686c5d0b49f4?s=96&d=mm&r=g","url":"https:\/\/secure.gravatar.com\/avatar\/b8b19455b6924f97d0afcdeb2791066e8c8af798468c71e0fe7e686c5d0b49f4?s=96&d=mm&r=g","contentUrl":"https:\/\/secure.gravatar.com\/avatar\/b8b19455b6924f97d0afcdeb2791066e8c8af798468c71e0fe7e686c5d0b49f4?s=96&d=mm&r=g","caption":"Anna"},"description":"Community Manager","url":"https:\/\/www.proclinic.es\/blog\/author\/anna\/"}]}},"jetpack_featured_media_url":"https:\/\/www.proclinic.es\/blog\/wp-content\/uploads\/2014\/08\/magatzem1.jpg","_links":{"self":[{"href":"https:\/\/www.proclinic.es\/blog\/wp-json\/wp\/v2\/posts\/1461","targetHints":{"allow":["GET"]}}],"collection":[{"href":"https:\/\/www.proclinic.es\/blog\/wp-json\/wp\/v2\/posts"}],"about":[{"href":"https:\/\/www.proclinic.es\/blog\/wp-json\/wp\/v2\/types\/post"}],"author":[{"embeddable":true,"href":"https:\/\/www.proclinic.es\/blog\/wp-json\/wp\/v2\/users\/101011"}],"replies":[{"embeddable":true,"href":"https:\/\/www.proclinic.es\/blog\/wp-json\/wp\/v2\/comments?post=1461"}],"version-history":[{"count":5,"href":"https:\/\/www.proclinic.es\/blog\/wp-json\/wp\/v2\/posts\/1461\/revisions"}],"predecessor-version":[{"id":13738,"href":"https:\/\/www.proclinic.es\/blog\/wp-json\/wp\/v2\/posts\/1461\/revisions\/13738"}],"wp:featuredmedia":[{"embeddable":true,"href":"https:\/\/www.proclinic.es\/blog\/wp-json\/wp\/v2\/media\/1467"}],"wp:attachment":[{"href":"https:\/\/www.proclinic.es\/blog\/wp-json\/wp\/v2\/media?parent=1461"}],"wp:term":[{"taxonomy":"category","embeddable":true,"href":"https:\/\/www.proclinic.es\/blog\/wp-json\/wp\/v2\/categories?post=1461"},{"taxonomy":"post_tag","embeddable":true,"href":"https:\/\/www.proclinic.es\/blog\/wp-json\/wp\/v2\/tags?post=1461"}],"curies":[{"name":"wp","href":"https:\/\/api.w.org\/{rel}","templated":true}]}}