{"id":14585,"date":"2024-07-11T09:14:23","date_gmt":"2024-07-11T07:14:23","guid":{"rendered":"https:\/\/www.proclinic.es\/blog\/?p=14585"},"modified":"2025-02-05T17:57:16","modified_gmt":"2025-02-05T15:57:16","slug":"movimientos-complejos-del-sector-anterior-con-alineadores-secretaligner-caso-clinico","status":"publish","type":"post","link":"https:\/\/www.proclinic.es\/blog\/movimientos-complejos-del-sector-anterior-con-alineadores-secretaligner-caso-clinico\/","title":{"rendered":"Movimientos complejos del sector anterior con alineadores SecretAligner: CASO CL\u00cdNICO"},"content":{"rendered":"\n<p><\/p>\n\n\n\n<p>Los continuos avances de la tecnolog\u00eda en odontolog\u00eda, concretamente en ortodoncia, hacen posible la correcci\u00f3n de malposiciones complejas con ortodoncia invisible al d\u00eda de hoy.<\/p>\n\n\n\n<p>La digitalizaci\u00f3n del tratamiento presenta como beneficio la planificaci\u00f3n de los movimientos dentales de forma individual garantizando resultados con mayor exactitud estudiados milim\u00e9tricamente. Podemos observar el resultado final mediante una simulaci\u00f3n 3D del tratamiento evaluando aquellos movimientos que pueden presentar un desaf\u00edo para el alineador, prestando mayor atenci\u00f3n a los mismos en la planificaci\u00f3n y durante los controles cl\u00ednicos.<\/p>\n\n\n\n<p><\/p>\n\n\n\n<div id=\"ez-toc-container\" class=\"ez-toc-v2_0_76 counter-hierarchy ez-toc-counter ez-toc-white ez-toc-container-direction\">\n<div class=\"ez-toc-title-container\">\n<p class=\"ez-toc-title\" style=\"cursor:inherit\">\u00cdndice de contenidos<\/p>\n<span class=\"ez-toc-title-toggle\"><a href=\"#\" class=\"ez-toc-pull-right ez-toc-btn ez-toc-btn-xs ez-toc-btn-default ez-toc-toggle\" aria-label=\"Toggle Table of Content\"><span class=\"ez-toc-js-icon-con\"><span class=\"\"><span class=\"eztoc-hide\" style=\"display:none;\">Toggle<\/span><span class=\"ez-toc-icon-toggle-span\"><svg style=\"fill: #0098a7;color:#0098a7\" xmlns=\"http:\/\/www.w3.org\/2000\/svg\" class=\"list-377408\" width=\"20px\" height=\"20px\" viewBox=\"0 0 24 24\" fill=\"none\"><path d=\"M6 6H4v2h2V6zm14 0H8v2h12V6zM4 11h2v2H4v-2zm16 0H8v2h12v-2zM4 16h2v2H4v-2zm16 0H8v2h12v-2z\" fill=\"currentColor\"><\/path><\/svg><svg style=\"fill: #0098a7;color:#0098a7\" class=\"arrow-unsorted-368013\" xmlns=\"http:\/\/www.w3.org\/2000\/svg\" width=\"10px\" height=\"10px\" viewBox=\"0 0 24 24\" version=\"1.2\" baseProfile=\"tiny\"><path d=\"M18.2 9.3l-6.2-6.3-6.2 6.3c-.2.2-.3.4-.3.7s.1.5.3.7c.2.2.4.3.7.3h11c.3 0 .5-.1.7-.3.2-.2.3-.5.3-.7s-.1-.5-.3-.7zM5.8 14.7l6.2 6.3 6.2-6.3c.2-.2.3-.5.3-.7s-.1-.5-.3-.7c-.2-.2-.4-.3-.7-.3h-11c-.3 0-.5.1-.7.3-.2.2-.3.5-.3.7s.1.5.3.7z\"\/><\/svg><\/span><\/span><\/span><\/a><\/span><\/div>\n<nav><ul class='ez-toc-list ez-toc-list-level-1 ' ><li class='ez-toc-page-1 ez-toc-heading-level-2'><a class=\"ez-toc-link ez-toc-heading-1\" href=\"https:\/\/www.proclinic.es\/blog\/movimientos-complejos-del-sector-anterior-con-alineadores-secretaligner-caso-clinico\/#INTRODUCCION\" >INTRODUCCI\u00d3N<\/a><\/li><li class='ez-toc-page-1 ez-toc-heading-level-2'><a class=\"ez-toc-link ez-toc-heading-2\" href=\"https:\/\/www.proclinic.es\/blog\/movimientos-complejos-del-sector-anterior-con-alineadores-secretaligner-caso-clinico\/#CASO_CLINICO\" >CASO CL\u00cdNICO<\/a><ul class='ez-toc-list-level-3' ><li class='ez-toc-heading-level-3'><a class=\"ez-toc-link ez-toc-heading-3\" href=\"https:\/\/www.proclinic.es\/blog\/movimientos-complejos-del-sector-anterior-con-alineadores-secretaligner-caso-clinico\/#EVALUACION_FACIAL\" >EVALUACI\u00d3N FACIAL<\/a><\/li><li class='ez-toc-page-1 ez-toc-heading-level-3'><a class=\"ez-toc-link ez-toc-heading-4\" href=\"https:\/\/www.proclinic.es\/blog\/movimientos-complejos-del-sector-anterior-con-alineadores-secretaligner-caso-clinico\/#ANALISIS_RADIOGRAFICO\" >AN\u00c1LISIS RADIOGR\u00c1FICO<\/a><\/li><li class='ez-toc-page-1 ez-toc-heading-level-3'><a class=\"ez-toc-link ez-toc-heading-5\" href=\"https:\/\/www.proclinic.es\/blog\/movimientos-complejos-del-sector-anterior-con-alineadores-secretaligner-caso-clinico\/#EVALUACION_DE_LAS_ARCADAS\" >EVALUACI\u00d3N DE LAS ARCADAS<\/a><\/li><\/ul><\/li><li class='ez-toc-page-1 ez-toc-heading-level-2'><a class=\"ez-toc-link ez-toc-heading-6\" href=\"https:\/\/www.proclinic.es\/blog\/movimientos-complejos-del-sector-anterior-con-alineadores-secretaligner-caso-clinico\/#PLANIFICACION_DEL_TRATAMIENTO\" >PLANIFICACI\u00d3N DEL TRATAMIENTO<\/a><ul class='ez-toc-list-level-3' ><li class='ez-toc-heading-level-3'><a class=\"ez-toc-link ez-toc-heading-7\" href=\"https:\/\/www.proclinic.es\/blog\/movimientos-complejos-del-sector-anterior-con-alineadores-secretaligner-caso-clinico\/#FINALIZACION_DEL_CASO\" >FINALIZACI\u00d3N DEL CASO<\/a><\/li><\/ul><\/li><li class='ez-toc-page-1 ez-toc-heading-level-2'><a class=\"ez-toc-link ez-toc-heading-8\" href=\"https:\/\/www.proclinic.es\/blog\/movimientos-complejos-del-sector-anterior-con-alineadores-secretaligner-caso-clinico\/#CONCLUSION\" >CONCLUSI\u00d3N<\/a><\/li><li class='ez-toc-page-1 ez-toc-heading-level-2'><a class=\"ez-toc-link ez-toc-heading-9\" href=\"https:\/\/www.proclinic.es\/blog\/movimientos-complejos-del-sector-anterior-con-alineadores-secretaligner-caso-clinico\/#BIBLIOGRAFIA\" >BIBLIOGRAF\u00cdA<\/a><\/li><\/ul><\/nav><\/div>\n<h2 class=\"wp-block-heading\"><span class=\"ez-toc-section\" id=\"INTRODUCCION\"><\/span><strong>INTRODUCCI\u00d3N<\/strong><span class=\"ez-toc-section-end\"><\/span><\/h2>\n\n\n\n<p>Hoy en d\u00eda buscamos la mayor exactitud y eficiencia en los alineadores para garantizar los resultados esperados en los tratamientos disminuyendo la duraci\u00f3n de los mismos mientras prescindimos de etapas adicionales de refinamiento.<sup>1<\/sup><\/p>\n\n\n\n<p>Uno de los movimientos mas complejos que nos podemos encontrar en la t\u00e9cnica de ortodoncia invisible es la rotaci\u00f3n de caninos, m\u00faltiples estudios aseguran que las rotaciones aun menores de 15\u00ba se deben monitorizar ya que se estima conseguir alrededor del 50% del movimiento planificado, es por esto \u00a0que es recomendable: el uso de ataches incluso para rotaciones por debajo de 5\u00aa, comprobar el espacio mediodistal evitando la fricci\u00f3n proximal, alineadores de sobrecorrecci\u00f3n e hipercorrecci\u00f3n del movimiento durante el tratamiento e incluso la utilizaci\u00f3n de TADS(dispositivos de anclaje temporal) para evitar etapas de refinamientos adicionales .<sup>2-3<\/sup><\/p>\n\n\n\n<p><\/p>\n\n\n\n<p>La exactitud de la transferencia de los movimientos planificados que observamos en el visor din\u00e1mico a la situaci\u00f3n cl\u00ednica corresponde a un 70%, es decir que lo que podemos visualizar en los movimientos virtuales del tratamiento no se corresponde por completo a la evoluci\u00f3n del tratamiento en la cl\u00ednica. Por este motivo es que se han adoptado conceptos como hipercorrecci\u00f3n o sobrecorrecci\u00f3n sobreexpresando los movimientos considerados complejos durante o al finalizar la planificaci\u00f3n respectivamente.<sup>4-12<\/sup><\/p>\n\n\n\n<p>A pesar de la diversidad significativa entre los resultados del tratamiento, hubo una fuerte consistencia entre los estudios incluidos con respecto a la eficiencia superior de la terapia con alineadores para la alineaci\u00f3n de los dientes anteriores y resultados comparables con los valores de predicci\u00f3n previos al tratamiento con los resultados posteriores al tratamiento. La correcci\u00f3n de rotaciones es el movimiento con menor predictibilidad en comparaci\u00f3n con movimientos horizontales.<sup>13-20<\/sup><\/p>\n\n\n\n<p><\/p>\n\n\n\n<h2 class=\"wp-block-heading\"><span class=\"ez-toc-section\" id=\"CASO_CLINICO\"><\/span><strong>CASO CL\u00cdNICO<\/strong><span class=\"ez-toc-section-end\"><\/span><\/h2>\n\n\n\n<h3 class=\"wp-block-heading\"><span class=\"ez-toc-section\" id=\"EVALUACION_FACIAL\"><\/span><strong>EVALUACI\u00d3N FACIAL<\/strong><span class=\"ez-toc-section-end\"><\/span><\/h3>\n\n\n\n<p>Paciente masculino de 28 a\u00f1os de edad se presenta a la consulta con preocupaci\u00f3n por su sonrisa, manifiesta descontento por su est\u00e9tica dental.<\/p>\n\n\n\n<p>Al examen extraoral presenta un perfil ligeramente c\u00f3ncavo, sonrisa media, presencia de pasillos bucales negros y tercio facial inferior ligeramente aumentado.<\/p>\n\n\n\n<figure class=\"wp-block-gallery has-nested-images columns-default is-cropped wp-block-gallery-1 is-layout-flex wp-block-gallery-is-layout-flex\">\n<figure class=\"wp-block-image size-large\"><img loading=\"lazy\" decoding=\"async\" width=\"347\" height=\"390\" data-id=\"14590\" src=\"https:\/\/www.proclinic.es\/blog\/wp-content\/uploads\/2024\/07\/foto-perfil-paciente-tratamiento-ortodoncia-invisible-con-perfil-concavo-1.png\" alt=\"\" class=\"wp-image-14590\" srcset=\"https:\/\/www.proclinic.es\/blog\/wp-content\/uploads\/2024\/07\/foto-perfil-paciente-tratamiento-ortodoncia-invisible-con-perfil-concavo-1.png 347w, https:\/\/www.proclinic.es\/blog\/wp-content\/uploads\/2024\/07\/foto-perfil-paciente-tratamiento-ortodoncia-invisible-con-perfil-concavo-1-267x300.png 267w\" sizes=\"auto, (max-width: 347px) 100vw, 347px\" \/><\/figure>\n\n\n\n<figure class=\"wp-block-image size-large\"><img loading=\"lazy\" decoding=\"async\" width=\"358\" height=\"385\" data-id=\"14591\" src=\"https:\/\/www.proclinic.es\/blog\/wp-content\/uploads\/2024\/07\/foto-de-frente-paciente-con-perfil-concavo-tratamiento-ortodoncia-invisible-secret-aligner.png\" alt=\"\" class=\"wp-image-14591\" srcset=\"https:\/\/www.proclinic.es\/blog\/wp-content\/uploads\/2024\/07\/foto-de-frente-paciente-con-perfil-concavo-tratamiento-ortodoncia-invisible-secret-aligner.png 358w, https:\/\/www.proclinic.es\/blog\/wp-content\/uploads\/2024\/07\/foto-de-frente-paciente-con-perfil-concavo-tratamiento-ortodoncia-invisible-secret-aligner-279x300.png 279w\" sizes=\"auto, (max-width: 358px) 100vw, 358px\" \/><\/figure>\n<\/figure>\n\n\n\n<p><\/p>\n\n\n\n<p><\/p>\n\n\n\n<p><\/p>\n\n\n\n<h3 class=\"wp-block-heading\"><span class=\"ez-toc-section\" id=\"ANALISIS_RADIOGRAFICO\"><\/span><strong>AN\u00c1LISIS RADIOGR\u00c1FICO<\/strong><span class=\"ez-toc-section-end\"><\/span><\/h3>\n\n\n\n<p><\/p>\n\n\n\n<p>En la ortopantomograf\u00eda observamos presencia de terceros molares erupcionados, perdida \u00f3sea horizontal leve generalizada y senos maxilares neumatizados.<\/p>\n\n\n\n<p>En la telerradiograf\u00eda observamos incisivo superior proinclinado (30\u00ba) de acuerdo a la cefalometr\u00eda de Ricketts, \u00e1ngulo interincisivo disminuido (127\u00ba), \u00e1ngulo mandibular cerrado (17\u00ba). De acuerdo al an\u00e1lisis de VERT el paciente presenta un patr\u00f3n braquifacial severo.&nbsp; Observamos v\u00edas a\u00e9reas disminuidas.<\/p>\n\n\n\n<p><\/p>\n\n\n\n<figure class=\"wp-block-gallery has-nested-images columns-default is-cropped wp-block-gallery-2 is-layout-flex wp-block-gallery-is-layout-flex\">\n<figure class=\"wp-block-image size-large\"><img loading=\"lazy\" decoding=\"async\" width=\"800\" height=\"439\" data-id=\"14593\" src=\"https:\/\/www.proclinic.es\/blog\/wp-content\/uploads\/2024\/07\/analisis-radiografico-paciente-con-tratamiento-de-ortodoncia-invisible-secret-aligner-2-800x439.jpg\" alt=\"\" class=\"wp-image-14593\" srcset=\"https:\/\/www.proclinic.es\/blog\/wp-content\/uploads\/2024\/07\/analisis-radiografico-paciente-con-tratamiento-de-ortodoncia-invisible-secret-aligner-2-800x439.jpg 800w, https:\/\/www.proclinic.es\/blog\/wp-content\/uploads\/2024\/07\/analisis-radiografico-paciente-con-tratamiento-de-ortodoncia-invisible-secret-aligner-2-300x165.jpg 300w, https:\/\/www.proclinic.es\/blog\/wp-content\/uploads\/2024\/07\/analisis-radiografico-paciente-con-tratamiento-de-ortodoncia-invisible-secret-aligner-2-768x422.jpg 768w, https:\/\/www.proclinic.es\/blog\/wp-content\/uploads\/2024\/07\/analisis-radiografico-paciente-con-tratamiento-de-ortodoncia-invisible-secret-aligner-2-1536x844.jpg 1536w, https:\/\/www.proclinic.es\/blog\/wp-content\/uploads\/2024\/07\/analisis-radiografico-paciente-con-tratamiento-de-ortodoncia-invisible-secret-aligner-2.jpg 1593w\" sizes=\"auto, (max-width: 800px) 100vw, 800px\" \/><\/figure>\n\n\n\n<figure class=\"wp-block-image size-large\"><img loading=\"lazy\" decoding=\"async\" width=\"682\" height=\"800\" data-id=\"14592\" src=\"https:\/\/www.proclinic.es\/blog\/wp-content\/uploads\/2024\/07\/analisis-radiografico-paciente-con-tratamiento-de-ortodoncia-invisible-secret-aligner-682x800.jpg\" alt=\"\" class=\"wp-image-14592\" srcset=\"https:\/\/www.proclinic.es\/blog\/wp-content\/uploads\/2024\/07\/analisis-radiografico-paciente-con-tratamiento-de-ortodoncia-invisible-secret-aligner-682x800.jpg 682w, https:\/\/www.proclinic.es\/blog\/wp-content\/uploads\/2024\/07\/analisis-radiografico-paciente-con-tratamiento-de-ortodoncia-invisible-secret-aligner-256x300.jpg 256w, https:\/\/www.proclinic.es\/blog\/wp-content\/uploads\/2024\/07\/analisis-radiografico-paciente-con-tratamiento-de-ortodoncia-invisible-secret-aligner-768x902.jpg 768w, https:\/\/www.proclinic.es\/blog\/wp-content\/uploads\/2024\/07\/analisis-radiografico-paciente-con-tratamiento-de-ortodoncia-invisible-secret-aligner.jpg 857w\" sizes=\"auto, (max-width: 682px) 100vw, 682px\" \/><\/figure>\n<\/figure>\n\n\n\n<p><\/p>\n\n\n\n<p><\/p>\n\n\n\n<h3 class=\"wp-block-heading\"><span class=\"ez-toc-section\" id=\"EVALUACION_DE_LAS_ARCADAS\"><\/span><strong>EVALUACI\u00d3N DE LAS ARCADAS<\/strong><span class=\"ez-toc-section-end\"><\/span><\/h3>\n\n\n\n<p>El paciente presenta clase III molar y canina bilateral, compresi\u00f3n dentoalveolar bimaxilar acompa\u00f1ada de api\u00f1amiento severo anterior, arcada superior e inferior con forma triangular, mordida abierta a nivel de incisivos laterales, mordida borde a borde en el sector lateral derecho y a nivel de incisivos centrales. L\u00ednea media dentaria inferior ligeramente desviada a la izquierda. Observamos manchas blancas a nivel de las piezas 11,21 y 42<\/p>\n\n\n\n<p><\/p>\n\n\n\n<p><\/p>\n\n\n\n<p><\/p>\n\n\n\n<figure class=\"wp-block-gallery has-nested-images columns-default is-cropped wp-block-gallery-3 is-layout-flex wp-block-gallery-is-layout-flex\">\n<figure class=\"wp-block-image size-large\"><img loading=\"lazy\" decoding=\"async\" width=\"800\" height=\"605\" data-id=\"14595\" src=\"https:\/\/www.proclinic.es\/blog\/wp-content\/uploads\/2024\/07\/foto-intraoral-inicial-2-clase-III-molar-y-canina-bilateral-compresion-dentoalveolar-bimaxilar-acompanada-de-apinamiento-severo-anterior-caso-clinico-ortodoncia-invisible-800x605.jpg\" alt=\"\" class=\"wp-image-14595\" srcset=\"https:\/\/www.proclinic.es\/blog\/wp-content\/uploads\/2024\/07\/foto-intraoral-inicial-2-clase-III-molar-y-canina-bilateral-compresion-dentoalveolar-bimaxilar-acompanada-de-apinamiento-severo-anterior-caso-clinico-ortodoncia-invisible-800x605.jpg 800w, https:\/\/www.proclinic.es\/blog\/wp-content\/uploads\/2024\/07\/foto-intraoral-inicial-2-clase-III-molar-y-canina-bilateral-compresion-dentoalveolar-bimaxilar-acompanada-de-apinamiento-severo-anterior-caso-clinico-ortodoncia-invisible-300x227.jpg 300w, https:\/\/www.proclinic.es\/blog\/wp-content\/uploads\/2024\/07\/foto-intraoral-inicial-2-clase-III-molar-y-canina-bilateral-compresion-dentoalveolar-bimaxilar-acompanada-de-apinamiento-severo-anterior-caso-clinico-ortodoncia-invisible-768x581.jpg 768w, https:\/\/www.proclinic.es\/blog\/wp-content\/uploads\/2024\/07\/foto-intraoral-inicial-2-clase-III-molar-y-canina-bilateral-compresion-dentoalveolar-bimaxilar-acompanada-de-apinamiento-severo-anterior-caso-clinico-ortodoncia-invisible.jpg 855w\" sizes=\"auto, (max-width: 800px) 100vw, 800px\" \/><\/figure>\n\n\n\n<figure class=\"wp-block-image size-large\"><img loading=\"lazy\" decoding=\"async\" width=\"792\" height=\"662\" data-id=\"14599\" src=\"https:\/\/www.proclinic.es\/blog\/wp-content\/uploads\/2024\/07\/foto-intraoral-inicial-clase-III-molar-y-canina-bilateral-compresion-dentoalveolar-bimaxilar-acompanada-de-apinamiento-severo-anterior-caso-clinico-ortodoncia-invisible.jpg\" alt=\"\" class=\"wp-image-14599\" srcset=\"https:\/\/www.proclinic.es\/blog\/wp-content\/uploads\/2024\/07\/foto-intraoral-inicial-clase-III-molar-y-canina-bilateral-compresion-dentoalveolar-bimaxilar-acompanada-de-apinamiento-severo-anterior-caso-clinico-ortodoncia-invisible.jpg 792w, https:\/\/www.proclinic.es\/blog\/wp-content\/uploads\/2024\/07\/foto-intraoral-inicial-clase-III-molar-y-canina-bilateral-compresion-dentoalveolar-bimaxilar-acompanada-de-apinamiento-severo-anterior-caso-clinico-ortodoncia-invisible-300x251.jpg 300w, https:\/\/www.proclinic.es\/blog\/wp-content\/uploads\/2024\/07\/foto-intraoral-inicial-clase-III-molar-y-canina-bilateral-compresion-dentoalveolar-bimaxilar-acompanada-de-apinamiento-severo-anterior-caso-clinico-ortodoncia-invisible-768x642.jpg 768w\" sizes=\"auto, (max-width: 792px) 100vw, 792px\" \/><\/figure>\n\n\n\n<figure class=\"wp-block-image size-large\"><img loading=\"lazy\" decoding=\"async\" width=\"800\" height=\"459\" data-id=\"14598\" src=\"https:\/\/www.proclinic.es\/blog\/wp-content\/uploads\/2024\/07\/foto-perfil-clase-III-molar-y-canina-bilateral-compresion-dentoalveolar-bimaxilar-acompanada-de-apinamiento-severo-anterior-caso-clinico-ortodoncia-invisible-800x459.jpg\" alt=\"\" class=\"wp-image-14598\" srcset=\"https:\/\/www.proclinic.es\/blog\/wp-content\/uploads\/2024\/07\/foto-perfil-clase-III-molar-y-canina-bilateral-compresion-dentoalveolar-bimaxilar-acompanada-de-apinamiento-severo-anterior-caso-clinico-ortodoncia-invisible-800x459.jpg 800w, https:\/\/www.proclinic.es\/blog\/wp-content\/uploads\/2024\/07\/foto-perfil-clase-III-molar-y-canina-bilateral-compresion-dentoalveolar-bimaxilar-acompanada-de-apinamiento-severo-anterior-caso-clinico-ortodoncia-invisible-300x172.jpg 300w, https:\/\/www.proclinic.es\/blog\/wp-content\/uploads\/2024\/07\/foto-perfil-clase-III-molar-y-canina-bilateral-compresion-dentoalveolar-bimaxilar-acompanada-de-apinamiento-severo-anterior-caso-clinico-ortodoncia-invisible-768x441.jpg 768w, https:\/\/www.proclinic.es\/blog\/wp-content\/uploads\/2024\/07\/foto-perfil-clase-III-molar-y-canina-bilateral-compresion-dentoalveolar-bimaxilar-acompanada-de-apinamiento-severo-anterior-caso-clinico-ortodoncia-invisible.jpg 911w\" sizes=\"auto, (max-width: 800px) 100vw, 800px\" \/><\/figure>\n\n\n\n<figure class=\"wp-block-image size-large\"><img loading=\"lazy\" decoding=\"async\" width=\"800\" height=\"475\" data-id=\"14597\" src=\"https:\/\/www.proclinic.es\/blog\/wp-content\/uploads\/2024\/07\/foto-clase-III-molar-y-canina-bilateral-compresion-dentoalveolar-bimaxilar-acompanada-de-apinamiento-severo-anterior-caso-clinico-ortodoncia-invisible-800x475.jpg\" alt=\"\" class=\"wp-image-14597\" srcset=\"https:\/\/www.proclinic.es\/blog\/wp-content\/uploads\/2024\/07\/foto-clase-III-molar-y-canina-bilateral-compresion-dentoalveolar-bimaxilar-acompanada-de-apinamiento-severo-anterior-caso-clinico-ortodoncia-invisible-800x475.jpg 800w, https:\/\/www.proclinic.es\/blog\/wp-content\/uploads\/2024\/07\/foto-clase-III-molar-y-canina-bilateral-compresion-dentoalveolar-bimaxilar-acompanada-de-apinamiento-severo-anterior-caso-clinico-ortodoncia-invisible-300x178.jpg 300w, https:\/\/www.proclinic.es\/blog\/wp-content\/uploads\/2024\/07\/foto-clase-III-molar-y-canina-bilateral-compresion-dentoalveolar-bimaxilar-acompanada-de-apinamiento-severo-anterior-caso-clinico-ortodoncia-invisible-768x456.jpg 768w, https:\/\/www.proclinic.es\/blog\/wp-content\/uploads\/2024\/07\/foto-clase-III-molar-y-canina-bilateral-compresion-dentoalveolar-bimaxilar-acompanada-de-apinamiento-severo-anterior-caso-clinico-ortodoncia-invisible.jpg 880w\" sizes=\"auto, (max-width: 800px) 100vw, 800px\" \/><\/figure>\n\n\n\n<figure class=\"wp-block-image size-large\"><img loading=\"lazy\" decoding=\"async\" width=\"800\" height=\"462\" data-id=\"14596\" src=\"https:\/\/www.proclinic.es\/blog\/wp-content\/uploads\/2024\/07\/clase-III-molar-y-canina-bilateral-compresion-dentoalveolar-bimaxilar-acompanada-de-apinamiento-severo-anterior-caso-clinico-ortodoncia-invisible-800x462.jpg\" alt=\"\" class=\"wp-image-14596\" srcset=\"https:\/\/www.proclinic.es\/blog\/wp-content\/uploads\/2024\/07\/clase-III-molar-y-canina-bilateral-compresion-dentoalveolar-bimaxilar-acompanada-de-apinamiento-severo-anterior-caso-clinico-ortodoncia-invisible-800x462.jpg 800w, https:\/\/www.proclinic.es\/blog\/wp-content\/uploads\/2024\/07\/clase-III-molar-y-canina-bilateral-compresion-dentoalveolar-bimaxilar-acompanada-de-apinamiento-severo-anterior-caso-clinico-ortodoncia-invisible-300x173.jpg 300w, https:\/\/www.proclinic.es\/blog\/wp-content\/uploads\/2024\/07\/clase-III-molar-y-canina-bilateral-compresion-dentoalveolar-bimaxilar-acompanada-de-apinamiento-severo-anterior-caso-clinico-ortodoncia-invisible-768x444.jpg 768w, https:\/\/www.proclinic.es\/blog\/wp-content\/uploads\/2024\/07\/clase-III-molar-y-canina-bilateral-compresion-dentoalveolar-bimaxilar-acompanada-de-apinamiento-severo-anterior-caso-clinico-ortodoncia-invisible.jpg 881w\" sizes=\"auto, (max-width: 800px) 100vw, 800px\" \/><\/figure>\n<\/figure>\n\n\n\n<p><\/p>\n\n\n\n<p><\/p>\n\n\n\n<p><\/p>\n\n\n\n<h2 class=\"wp-block-heading\"><span class=\"ez-toc-section\" id=\"PLANIFICACION_DEL_TRATAMIENTO\"><\/span><strong>PLANIFICACI\u00d3N DEL TRATAMIENTO<\/strong><span class=\"ez-toc-section-end\"><\/span><\/h2>\n\n\n\n<p><\/p>\n\n\n\n<p>El tratamiento se ha realizado con <a href=\"http:\/\/www.secretaligner.com\" data-type=\"link\" data-id=\"www.secretaligner.com\">alineadores (SecretAligner)<\/a> planificando en el visor din\u00e1mico expansi\u00f3n posterior acentuada en el sector lateral e IPR selectivo anterior que nos permite generar los espacios necesarios para corregir el api\u00f1amiento y descomprimir sectores posteriores mejorando est\u00e9tica, per\u00edmetro y forma de arcada.<\/p>\n\n\n\n<p>En el sector antero inferior se planific\u00f3 contracci\u00f3n y torque negativo acompa\u00f1ado de reducci\u00f3n proximal mejorando la posici\u00f3n de las piezas con respecto a sus bases \u00f3seas.<\/p>\n\n\n<div class=\"wp-block-image\">\n<figure class=\"aligncenter size-large\"><img loading=\"lazy\" decoding=\"async\" width=\"800\" height=\"446\" src=\"https:\/\/www.proclinic.es\/blog\/wp-content\/uploads\/2024\/07\/sector-antero-inferior-ortodoncia-invisible-caso-clinico-secret-aligner-800x446.jpg\" alt=\"\" class=\"wp-image-14600\" srcset=\"https:\/\/www.proclinic.es\/blog\/wp-content\/uploads\/2024\/07\/sector-antero-inferior-ortodoncia-invisible-caso-clinico-secret-aligner-800x446.jpg 800w, https:\/\/www.proclinic.es\/blog\/wp-content\/uploads\/2024\/07\/sector-antero-inferior-ortodoncia-invisible-caso-clinico-secret-aligner-300x167.jpg 300w, https:\/\/www.proclinic.es\/blog\/wp-content\/uploads\/2024\/07\/sector-antero-inferior-ortodoncia-invisible-caso-clinico-secret-aligner-768x428.jpg 768w, https:\/\/www.proclinic.es\/blog\/wp-content\/uploads\/2024\/07\/sector-antero-inferior-ortodoncia-invisible-caso-clinico-secret-aligner.jpg 864w\" sizes=\"auto, (max-width: 800px) 100vw, 800px\" \/><\/figure><\/div>\n\n\n<p>Se utiliz\u00f3 un protocolo de fuerzas periodontales para darle tiempo al periodonto a su remodelaci\u00f3n y consolidaci\u00f3n. Con el movimiento de retrusi\u00f3n en combinaci\u00f3n con la expansi\u00f3n y ligera intrusi\u00f3n posterior cerramos la mordida abierta anterior, mejorando el acople y gu\u00eda anterior<\/p>\n\n\n\n<p>El plan de tratamiento inicial consisti\u00f3 de 21 alineadores superiores y 21 alineadores inferiores.<\/p>\n\n\n\n<p>Realizamos el tratamiento secuenciando los movimientos; primero expandiendo los sectores posteriores tomando como anclaje los segundos molares y caninos. Luego tomamos como anclaje todo el sector posterior para realizar el alineado y nivelado de los sectores anteriores. Se planific\u00f3 IPR secuencial para disminuir la fricci\u00f3n durante los movimientos.<\/p>\n\n\n\n<p>El cambio de alineadores se realiz\u00f3 cada 10 d\u00edas debido a la condici\u00f3n periodontal que presentaba.<\/p>\n\n\n\n<p><\/p>\n\n\n\n<p><\/p>\n\n\n\n<h3 class=\"wp-block-heading\"><span class=\"ez-toc-section\" id=\"FINALIZACION_DEL_CASO\"><\/span><strong>FINALIZACI\u00d3N DEL CASO<\/strong><span class=\"ez-toc-section-end\"><\/span><\/h3>\n\n\n\n<p>Hemos mejorado el per\u00edmetro de la arcada corrigiendo el api\u00f1amiento anterior logrando aumentar el resalte y la sobremordida mediante la retrusi\u00f3n del sector anteroinferior y expansi\u00f3n.<\/p>\n\n\n\n<p>El tiempo total del tratamiento fue de 8 meses, colocamos retenci\u00f3n removible en ambas arcadas incluyendo los terceros molares superior e inferior tipo c+(SecretReteiner)para mejorar el control de placa por parte del paciente.<\/p>\n\n\n\n<figure class=\"wp-block-gallery has-nested-images columns-default is-cropped wp-block-gallery-4 is-layout-flex wp-block-gallery-is-layout-flex\">\n<figure class=\"wp-block-image size-large\"><img loading=\"lazy\" decoding=\"async\" width=\"765\" height=\"591\" data-id=\"14604\" src=\"https:\/\/www.proclinic.es\/blog\/wp-content\/uploads\/2024\/07\/foto-intraoral-superior-finalizacion-caso-con-ortodoncia-invisible-mejora-del-perimetro-de-la-arcada-y-correccion-del-apinamiento-anterior.jpg\" alt=\"\" class=\"wp-image-14604\" srcset=\"https:\/\/www.proclinic.es\/blog\/wp-content\/uploads\/2024\/07\/foto-intraoral-superior-finalizacion-caso-con-ortodoncia-invisible-mejora-del-perimetro-de-la-arcada-y-correccion-del-apinamiento-anterior.jpg 765w, https:\/\/www.proclinic.es\/blog\/wp-content\/uploads\/2024\/07\/foto-intraoral-superior-finalizacion-caso-con-ortodoncia-invisible-mejora-del-perimetro-de-la-arcada-y-correccion-del-apinamiento-anterior-300x232.jpg 300w\" sizes=\"auto, (max-width: 765px) 100vw, 765px\" \/><\/figure>\n\n\n\n<figure class=\"wp-block-image size-large\"><img loading=\"lazy\" decoding=\"async\" width=\"754\" height=\"581\" data-id=\"14603\" src=\"https:\/\/www.proclinic.es\/blog\/wp-content\/uploads\/2024\/07\/foto-intraoral-finalizacion-caso-con-ortodoncia-invisible-mejora-del-perimetro-de-la-arcada-y-correccion-del-apinamiento-anterior.jpg\" alt=\"\" class=\"wp-image-14603\" srcset=\"https:\/\/www.proclinic.es\/blog\/wp-content\/uploads\/2024\/07\/foto-intraoral-finalizacion-caso-con-ortodoncia-invisible-mejora-del-perimetro-de-la-arcada-y-correccion-del-apinamiento-anterior.jpg 754w, https:\/\/www.proclinic.es\/blog\/wp-content\/uploads\/2024\/07\/foto-intraoral-finalizacion-caso-con-ortodoncia-invisible-mejora-del-perimetro-de-la-arcada-y-correccion-del-apinamiento-anterior-300x231.jpg 300w\" sizes=\"auto, (max-width: 754px) 100vw, 754px\" \/><\/figure>\n\n\n\n<figure class=\"wp-block-image size-large\"><img loading=\"lazy\" decoding=\"async\" width=\"800\" height=\"473\" data-id=\"14601\" src=\"https:\/\/www.proclinic.es\/blog\/wp-content\/uploads\/2024\/07\/foto-perfil-2-finalizacion-caso-con-ortodoncia-invisible-mejora-del-perimetro-de-la-arcada-y-correccion-del-apinamiento-anterior-800x473.jpg\" alt=\"\" class=\"wp-image-14601\" srcset=\"https:\/\/www.proclinic.es\/blog\/wp-content\/uploads\/2024\/07\/foto-perfil-2-finalizacion-caso-con-ortodoncia-invisible-mejora-del-perimetro-de-la-arcada-y-correccion-del-apinamiento-anterior-800x473.jpg 800w, https:\/\/www.proclinic.es\/blog\/wp-content\/uploads\/2024\/07\/foto-perfil-2-finalizacion-caso-con-ortodoncia-invisible-mejora-del-perimetro-de-la-arcada-y-correccion-del-apinamiento-anterior-300x177.jpg 300w, https:\/\/www.proclinic.es\/blog\/wp-content\/uploads\/2024\/07\/foto-perfil-2-finalizacion-caso-con-ortodoncia-invisible-mejora-del-perimetro-de-la-arcada-y-correccion-del-apinamiento-anterior-768x454.jpg 768w, https:\/\/www.proclinic.es\/blog\/wp-content\/uploads\/2024\/07\/foto-perfil-2-finalizacion-caso-con-ortodoncia-invisible-mejora-del-perimetro-de-la-arcada-y-correccion-del-apinamiento-anterior.jpg 844w\" sizes=\"auto, (max-width: 800px) 100vw, 800px\" \/><\/figure>\n\n\n\n<figure class=\"wp-block-image size-large\"><img loading=\"lazy\" decoding=\"async\" width=\"800\" height=\"458\" data-id=\"14602\" src=\"https:\/\/www.proclinic.es\/blog\/wp-content\/uploads\/2024\/07\/foto-perfil-finalizacion-caso-con-ortodoncia-invisible-mejora-del-perimetro-de-la-arcada-y-correccion-del-apinamiento-anterior-800x458.jpg\" alt=\"\" class=\"wp-image-14602\" srcset=\"https:\/\/www.proclinic.es\/blog\/wp-content\/uploads\/2024\/07\/foto-perfil-finalizacion-caso-con-ortodoncia-invisible-mejora-del-perimetro-de-la-arcada-y-correccion-del-apinamiento-anterior-800x458.jpg 800w, https:\/\/www.proclinic.es\/blog\/wp-content\/uploads\/2024\/07\/foto-perfil-finalizacion-caso-con-ortodoncia-invisible-mejora-del-perimetro-de-la-arcada-y-correccion-del-apinamiento-anterior-300x172.jpg 300w, https:\/\/www.proclinic.es\/blog\/wp-content\/uploads\/2024\/07\/foto-perfil-finalizacion-caso-con-ortodoncia-invisible-mejora-del-perimetro-de-la-arcada-y-correccion-del-apinamiento-anterior-768x439.jpg 768w, https:\/\/www.proclinic.es\/blog\/wp-content\/uploads\/2024\/07\/foto-perfil-finalizacion-caso-con-ortodoncia-invisible-mejora-del-perimetro-de-la-arcada-y-correccion-del-apinamiento-anterior.jpg 865w\" sizes=\"auto, (max-width: 800px) 100vw, 800px\" \/><\/figure>\n\n\n\n<figure class=\"wp-block-image size-large\"><img loading=\"lazy\" decoding=\"async\" width=\"800\" height=\"446\" data-id=\"14605\" src=\"https:\/\/www.proclinic.es\/blog\/wp-content\/uploads\/2024\/07\/finalizacion-caso-con-ortodoncia-invisible-mejora-del-perimetro-de-la-arcada-y-correccion-del-apinamiento-anterior-800x446.jpg\" alt=\"\" class=\"wp-image-14605\" srcset=\"https:\/\/www.proclinic.es\/blog\/wp-content\/uploads\/2024\/07\/finalizacion-caso-con-ortodoncia-invisible-mejora-del-perimetro-de-la-arcada-y-correccion-del-apinamiento-anterior-800x446.jpg 800w, https:\/\/www.proclinic.es\/blog\/wp-content\/uploads\/2024\/07\/finalizacion-caso-con-ortodoncia-invisible-mejora-del-perimetro-de-la-arcada-y-correccion-del-apinamiento-anterior-300x167.jpg 300w, https:\/\/www.proclinic.es\/blog\/wp-content\/uploads\/2024\/07\/finalizacion-caso-con-ortodoncia-invisible-mejora-del-perimetro-de-la-arcada-y-correccion-del-apinamiento-anterior-768x428.jpg 768w, https:\/\/www.proclinic.es\/blog\/wp-content\/uploads\/2024\/07\/finalizacion-caso-con-ortodoncia-invisible-mejora-del-perimetro-de-la-arcada-y-correccion-del-apinamiento-anterior.jpg 923w\" sizes=\"auto, (max-width: 800px) 100vw, 800px\" \/><\/figure>\n<\/figure>\n\n\n\n<p><\/p>\n\n\n\n<p><\/p>\n\n\n\n<h2 class=\"wp-block-heading\"><span class=\"ez-toc-section\" id=\"CONCLUSION\"><\/span><strong>CONCLUSI\u00d3N<\/strong><span class=\"ez-toc-section-end\"><\/span><\/h2>\n\n\n\n<p>Para resumir los movimientos complejos que nos podemos encontrar en casos de ortodoncia invisible estar\u00edan representados por la rotaci\u00f3n de piezas con anatom\u00eda redondeada de la corona (caninos y premolares), Tip, torque de piezas con altura coronal reducida y extrusiones, siendo necesario considerar desv\u00edos en la planificaci\u00f3n inicial y usualmente una etapa adicional para conseguir los resultados esperados.<\/p>\n\n\n\n<p>Sera siempre necesario la colocaci\u00f3n de ataches para obtener un mayor control y garantizar movimientos que sean complejos con alineadores para abordar los tratamientos con mayor predictibilidad y eficacia.<\/p>\n\n\n\n<p><\/p>\n\n\n\n<p><\/p>\n\n\n\n<p><\/p>\n\n\n\n<p><\/p>\n\n\n\n<p><\/p>\n\n\n\n<h2 class=\"wp-block-heading\"><span class=\"ez-toc-section\" id=\"BIBLIOGRAFIA\"><\/span><strong>BIBLIOGRAF\u00cdA<\/strong><span class=\"ez-toc-section-end\"><\/span><\/h2>\n\n\n\n<p>1. Lombardo L, Arreghini A, Ramina F, Huanca Ghislanzoni LT, Siciliani G. Predictability of orthodontic movement with orthodontic aligners: a retrospective study. Prog Orthod 2017 Nov 13;18(1):35-0.<\/p>\n\n\n\n<p>2.Vivero C, Roman Jimenez M.Eficacia del movimiento de rotaci\u00f3n de caninos con el sistema de alineadores. Ortod. Esp. 2021; Vol. 59 (4); 575-584<\/p>\n\n\n\n<p>3.Krieger E, Seiferth J, Marinello I, Jung BA, Wriedt S, Jacobs C, et al. Invisalign(R) treatment in the anterior region: were the predicted tooth movements achieved? J Orofac Orthop 2012 Sep;73(5):365-376.<\/p>\n\n\n\n<p>4. Dai FF, Xu TM, Shu G. Comparison of achieved and predicted tooth movement of maxillary first molars and central incisors: First premolar extraction treatment with Invisalign. Angle Orthod 2019;89(5):679-687.<\/p>\n\n\n\n<p>5 Charalampakis O, Iliadi A, Ueno H, Oliver DR, Kim KB. Accuracy of clear aligners: A retrospective study of patients who needed refinement. Am J Orthod Dentofacial Orthop 2018 Jul;154(1):47-54.<\/p>\n\n\n\n<p>6. Mortazavi M, Naeim M, Badri A, Sharif R, Hasheminasab M (2020) An updated systematic review on the efectivity of clear aligner therapy: a review. J Craniomax Res 7(4):165\u2013177.<\/p>\n\n\n\n<p>7. Rossini G, Parrini S, Castroflorio T, Deregibus A, Debernardi CL. Efficacy of clear aligners in controlling orthodontic tooth movement: a systematic review. Angle Orthod 2015 Sep;85(5):881-889.<\/p>\n\n\n\n<p>8. Phan X, Ling P.Clinical Limitations of Invisisalign.JCDA April 2007, Vol. 73, No. 3<\/p>\n\n\n\n<p>9.Gr\u00fcnheid T, Loh C, Larson BE. How accurate is Invisalign\u00ae in nonextraction cases? Are predicted tooth positions achieved? Angle Orthod 2017;6(809-815).<\/p>\n\n\n\n<p>10. Haouili N, Kravitz ND, Vaid NR, Ferguson DJ, Makki L. Has Invisalign\u00ae improved? A prospective follow-up study on the efficacy of tooth movement sith Invisalign. AJO-DO 2020.<\/p>\n\n\n\n<p>11.Kravitz ND, Kusnoto B, Agran B, Viana G. Influence of attachments and interproximal reduction on the accuracy of canine rotation with Invisalign. A prospective clinical study. Angle Orthod 2008 Jul;78(4):682-687.<\/p>\n\n\n\n<p>12. Simon M, Keilig L, Schwarze J, Jung BA, Bourauel C. Forces and moments generated by removable thermoplastic aligners: incisor torque, premolar derotation, and molar distalization. Am J Orthod Dentofacial Orthop 2014 Jun;145(6):728-736.<\/p>\n\n\n\n<p>13. Bowman SJ. Improving the Predictability of Clear Aligners. Sem Orth 2020.<\/p>\n\n\n\n<p>14. Bowman SJ, Celenza F, Sparaga J, Papadopoulos MA, Ojima K, Lin JC. Creative Adjunts for Clear Aligners. Part 2: Intrusion, Rotation, and Extrusion. JCO 2015;49(3):162-172.<\/p>\n\n\n\n<p>15. Chan E DM. The Invisalign\u00ae appliance today: A thinking person\u2019s orthodontic appliance. Semin Orthod 2020.<\/p>\n\n\n\n<p>16. Marques LS, Freitas Junior N, Pereira LJ, Ramos-Jorge ML. Quality of orthodontic treatment performed by orthodontists and general dentists. Angle Orthod 2012 Jan;82(1):102-106.<\/p>\n\n\n\n<p>17. Humber P. Rotating canines using the Invisalign\u00ae system. Aesth Dent Today 2013;7:30-34.<\/p>\n\n\n\n<p>18. Rivero J, Rom\u00e1n M. La t\u00e9cnica Invisalign. Expoorto\u201909. Primera edici\u00f3n. Ripano;2009<\/p>\n\n\n\n<p>19. Kravitz ND, Kusnoto B, BeGole E, Obrez A, Agran B. How well does Invisalign\u00ae work? A prospective clinical study evaluating the efficacy of tooth movement with Invisalign. Am J Orthod Dentofacial Orthop 2009 Jan;135(1):27-35.<\/p>\n\n\n\n<p>20. Boyd RL. Predictability of successfull orthodontic treatment using Invisalign. The Greater Philadelphia Society of Orthodontics. . Accessed 01\/12, 2020.<\/p>\n","protected":false},"excerpt":{"rendered":"<p>Los continuos avances de la tecnolog\u00eda en odontolog\u00eda, concretamente en ortodoncia, hacen posible la correcci\u00f3n de malposiciones complejas con ortodoncia invisible al d\u00eda de hoy. La digitalizaci\u00f3n del tratamiento presenta como beneficio la planificaci\u00f3n de los movimientos dentales de forma individual garantizando resultados con mayor exactitud estudiados milim\u00e9tricamente. Podemos observar el resultado final mediante una &#8230; <a title=\"Movimientos complejos del sector anterior con alineadores SecretAligner: CASO CL\u00cdNICO\" class=\"read-more\" href=\"https:\/\/www.proclinic.es\/blog\/movimientos-complejos-del-sector-anterior-con-alineadores-secretaligner-caso-clinico\/\" aria-label=\"More on Movimientos complejos del sector anterior con alineadores SecretAligner: CASO CL\u00cdNICO\">Read more<\/a><\/p>\n","protected":false},"author":101011,"featured_media":14611,"comment_status":"open","ping_status":"open","sticky":false,"template":"","format":"standard","meta":{"footnotes":""},"categories":[146,707],"tags":[443,60,57,410,63,409],"class_list":["post-14585","post","type-post","status-publish","format-standard","has-post-thumbnail","hentry","category-ortodoncia-clinica","category-secret-aligner-ortodoncia-invisible","tag-alineadores-invisibles","tag-clinica-dental","tag-ortodoncia","tag-ortodoncia-invisible","tag-proclinic","tag-secretaligner"],"yoast_head":"<!-- This site is optimized with the Yoast SEO plugin v27.4 - https:\/\/yoast.com\/product\/yoast-seo-wordpress\/ -->\n<title>Movimientos complejos del sector anterior con alineadores SecretAligner: CASO CL\u00cdNICO - Blog Proclinic<\/title>\n<meta name=\"robots\" content=\"index, follow, max-snippet:-1, max-image-preview:large, max-video-preview:-1\" \/>\n<link rel=\"canonical\" href=\"https:\/\/www.proclinic.es\/blog\/movimientos-complejos-del-sector-anterior-con-alineadores-secretaligner-caso-clinico\/\" \/>\n<meta property=\"og:locale\" content=\"es_ES\" \/>\n<meta property=\"og:type\" content=\"article\" \/>\n<meta property=\"og:title\" content=\"Movimientos complejos del sector anterior con alineadores SecretAligner: CASO CL\u00cdNICO - Blog Proclinic\" \/>\n<meta property=\"og:description\" content=\"Los continuos avances de la tecnolog\u00eda en odontolog\u00eda, concretamente en ortodoncia, hacen posible la correcci\u00f3n de malposiciones complejas con ortodoncia invisible al d\u00eda de hoy. La digitalizaci\u00f3n del tratamiento presenta como beneficio la planificaci\u00f3n de los movimientos dentales de forma individual garantizando resultados con mayor exactitud estudiados milim\u00e9tricamente. Podemos observar el resultado final mediante una ... Read more\" \/>\n<meta property=\"og:url\" content=\"https:\/\/www.proclinic.es\/blog\/movimientos-complejos-del-sector-anterior-con-alineadores-secretaligner-caso-clinico\/\" \/>\n<meta property=\"og:site_name\" content=\"Blog Proclinic\" \/>\n<meta property=\"article:publisher\" content=\"https:\/\/www.facebook.com\/proclinicsa\" \/>\n<meta property=\"article:published_time\" content=\"2024-07-11T07:14:23+00:00\" \/>\n<meta property=\"article:modified_time\" content=\"2025-02-05T15:57:16+00:00\" \/>\n<meta property=\"og:image\" content=\"https:\/\/www.proclinic.es\/blog\/wp-content\/uploads\/2024\/07\/caso-clinico-paciente-con-mordida-clase-secret-aligner-ortodoncia-invisible2.png\" \/>\n\t<meta property=\"og:image:width\" content=\"1100\" \/>\n\t<meta property=\"og:image:height\" content=\"825\" \/>\n\t<meta property=\"og:image:type\" content=\"image\/png\" \/>\n<meta name=\"author\" content=\"Anna\" \/>\n<meta name=\"twitter:card\" content=\"summary_large_image\" \/>\n<meta name=\"twitter:creator\" content=\"@Proclinic_SA\" \/>\n<meta name=\"twitter:site\" content=\"@Proclinic_SA\" \/>\n<meta name=\"twitter:label1\" content=\"Escrito por\" \/>\n\t<meta name=\"twitter:data1\" content=\"Anna\" \/>\n\t<meta name=\"twitter:label2\" content=\"Tiempo de lectura\" \/>\n\t<meta name=\"twitter:data2\" content=\"10 minutos\" \/>\n<script type=\"application\/ld+json\" class=\"yoast-schema-graph\">{\"@context\":\"https:\\\/\\\/schema.org\",\"@graph\":[{\"@type\":\"Article\",\"@id\":\"https:\\\/\\\/www.proclinic.es\\\/blog\\\/movimientos-complejos-del-sector-anterior-con-alineadores-secretaligner-caso-clinico\\\/#article\",\"isPartOf\":{\"@id\":\"https:\\\/\\\/www.proclinic.es\\\/blog\\\/movimientos-complejos-del-sector-anterior-con-alineadores-secretaligner-caso-clinico\\\/\"},\"author\":{\"name\":\"Anna\",\"@id\":\"https:\\\/\\\/www.proclinic.es\\\/blog\\\/#\\\/schema\\\/person\\\/85e304ea367ce3922003b0d8b388e527\"},\"headline\":\"Movimientos complejos del sector anterior con alineadores SecretAligner: CASO CL\u00cdNICO\",\"datePublished\":\"2024-07-11T07:14:23+00:00\",\"dateModified\":\"2025-02-05T15:57:16+00:00\",\"mainEntityOfPage\":{\"@id\":\"https:\\\/\\\/www.proclinic.es\\\/blog\\\/movimientos-complejos-del-sector-anterior-con-alineadores-secretaligner-caso-clinico\\\/\"},\"wordCount\":1432,\"commentCount\":0,\"image\":{\"@id\":\"https:\\\/\\\/www.proclinic.es\\\/blog\\\/movimientos-complejos-del-sector-anterior-con-alineadores-secretaligner-caso-clinico\\\/#primaryimage\"},\"thumbnailUrl\":\"https:\\\/\\\/www.proclinic.es\\\/blog\\\/wp-content\\\/uploads\\\/2024\\\/07\\\/caso-clinico-paciente-con-mordida-clase-secret-aligner-ortodoncia-invisible2.png\",\"keywords\":[\"alineadores invisibles\",\"cl\u00ednica dental\",\"ortodoncia\",\"ortodoncia invisible\",\"proclinic\",\"SecretAligner\"],\"articleSection\":[\"Ortodoncia\",\"SecretAligner - Ortodoncia invisible\"],\"inLanguage\":\"es\",\"potentialAction\":[{\"@type\":\"CommentAction\",\"name\":\"Comment\",\"target\":[\"https:\\\/\\\/www.proclinic.es\\\/blog\\\/movimientos-complejos-del-sector-anterior-con-alineadores-secretaligner-caso-clinico\\\/#respond\"]}]},{\"@type\":\"WebPage\",\"@id\":\"https:\\\/\\\/www.proclinic.es\\\/blog\\\/movimientos-complejos-del-sector-anterior-con-alineadores-secretaligner-caso-clinico\\\/\",\"url\":\"https:\\\/\\\/www.proclinic.es\\\/blog\\\/movimientos-complejos-del-sector-anterior-con-alineadores-secretaligner-caso-clinico\\\/\",\"name\":\"Movimientos complejos del sector anterior con alineadores SecretAligner: CASO CL\u00cdNICO - Blog Proclinic\",\"isPartOf\":{\"@id\":\"https:\\\/\\\/www.proclinic.es\\\/blog\\\/#website\"},\"primaryImageOfPage\":{\"@id\":\"https:\\\/\\\/www.proclinic.es\\\/blog\\\/movimientos-complejos-del-sector-anterior-con-alineadores-secretaligner-caso-clinico\\\/#primaryimage\"},\"image\":{\"@id\":\"https:\\\/\\\/www.proclinic.es\\\/blog\\\/movimientos-complejos-del-sector-anterior-con-alineadores-secretaligner-caso-clinico\\\/#primaryimage\"},\"thumbnailUrl\":\"https:\\\/\\\/www.proclinic.es\\\/blog\\\/wp-content\\\/uploads\\\/2024\\\/07\\\/caso-clinico-paciente-con-mordida-clase-secret-aligner-ortodoncia-invisible2.png\",\"datePublished\":\"2024-07-11T07:14:23+00:00\",\"dateModified\":\"2025-02-05T15:57:16+00:00\",\"author\":{\"@id\":\"https:\\\/\\\/www.proclinic.es\\\/blog\\\/#\\\/schema\\\/person\\\/85e304ea367ce3922003b0d8b388e527\"},\"breadcrumb\":{\"@id\":\"https:\\\/\\\/www.proclinic.es\\\/blog\\\/movimientos-complejos-del-sector-anterior-con-alineadores-secretaligner-caso-clinico\\\/#breadcrumb\"},\"inLanguage\":\"es\",\"potentialAction\":[{\"@type\":\"ReadAction\",\"target\":[\"https:\\\/\\\/www.proclinic.es\\\/blog\\\/movimientos-complejos-del-sector-anterior-con-alineadores-secretaligner-caso-clinico\\\/\"]}]},{\"@type\":\"ImageObject\",\"inLanguage\":\"es\",\"@id\":\"https:\\\/\\\/www.proclinic.es\\\/blog\\\/movimientos-complejos-del-sector-anterior-con-alineadores-secretaligner-caso-clinico\\\/#primaryimage\",\"url\":\"https:\\\/\\\/www.proclinic.es\\\/blog\\\/wp-content\\\/uploads\\\/2024\\\/07\\\/caso-clinico-paciente-con-mordida-clase-secret-aligner-ortodoncia-invisible2.png\",\"contentUrl\":\"https:\\\/\\\/www.proclinic.es\\\/blog\\\/wp-content\\\/uploads\\\/2024\\\/07\\\/caso-clinico-paciente-con-mordida-clase-secret-aligner-ortodoncia-invisible2.png\",\"width\":1100,\"height\":825,\"caption\":\"caso clinico paciente con mordida clase secret aligner ortodoncia invisible\"},{\"@type\":\"BreadcrumbList\",\"@id\":\"https:\\\/\\\/www.proclinic.es\\\/blog\\\/movimientos-complejos-del-sector-anterior-con-alineadores-secretaligner-caso-clinico\\\/#breadcrumb\",\"itemListElement\":[{\"@type\":\"ListItem\",\"position\":1,\"name\":\"Home\",\"item\":\"https:\\\/\\\/www.proclinic.es\\\/blog\\\/\"},{\"@type\":\"ListItem\",\"position\":2,\"name\":\"Movimientos complejos del sector anterior con alineadores SecretAligner: CASO CL\u00cdNICO\"}]},{\"@type\":\"WebSite\",\"@id\":\"https:\\\/\\\/www.proclinic.es\\\/blog\\\/#website\",\"url\":\"https:\\\/\\\/www.proclinic.es\\\/blog\\\/\",\"name\":\"Blog Proclinic\",\"description\":\"\u00a1Bienvenido al blog de Proclinic! En este espacio, nos enfocamos en brindar informaci\u00f3n valiosa y actualizada para todos los profesionales del sector dental. Nuestra misi\u00f3n es mantenerte al d\u00eda de las \u00faltimas tendencias, investigaciones y t\u00e9cnicas en el campo de la odontolog\u00eda. Exploraremos temas que van desde las novedades en materiales odontol\u00f3gicos, consejos pr\u00e1cticos para la gesti\u00f3n de cl\u00ednicas dentales hasta casos cl\u00ednicos con base cient\u00edfica, eventos del sector y mucho m\u00e1s. Te invitamos a seguir nuestro contenido, dise\u00f1ado para mantener tu pr\u00e1ctica en la vanguardia de la odontolog\u00eda moderna.\",\"potentialAction\":[{\"@type\":\"SearchAction\",\"target\":{\"@type\":\"EntryPoint\",\"urlTemplate\":\"https:\\\/\\\/www.proclinic.es\\\/blog\\\/?s={search_term_string}\"},\"query-input\":{\"@type\":\"PropertyValueSpecification\",\"valueRequired\":true,\"valueName\":\"search_term_string\"}}],\"inLanguage\":\"es\"},{\"@type\":\"Person\",\"@id\":\"https:\\\/\\\/www.proclinic.es\\\/blog\\\/#\\\/schema\\\/person\\\/85e304ea367ce3922003b0d8b388e527\",\"name\":\"Anna\",\"image\":{\"@type\":\"ImageObject\",\"inLanguage\":\"es\",\"@id\":\"https:\\\/\\\/secure.gravatar.com\\\/avatar\\\/b8b19455b6924f97d0afcdeb2791066e8c8af798468c71e0fe7e686c5d0b49f4?s=96&d=mm&r=g\",\"url\":\"https:\\\/\\\/secure.gravatar.com\\\/avatar\\\/b8b19455b6924f97d0afcdeb2791066e8c8af798468c71e0fe7e686c5d0b49f4?s=96&d=mm&r=g\",\"contentUrl\":\"https:\\\/\\\/secure.gravatar.com\\\/avatar\\\/b8b19455b6924f97d0afcdeb2791066e8c8af798468c71e0fe7e686c5d0b49f4?s=96&d=mm&r=g\",\"caption\":\"Anna\"},\"description\":\"Community Manager\",\"url\":\"https:\\\/\\\/www.proclinic.es\\\/blog\\\/author\\\/anna\\\/\"}]}<\/script>\n<!-- \/ Yoast SEO plugin. -->","yoast_head_json":{"title":"Movimientos complejos del sector anterior con alineadores SecretAligner: CASO CL\u00cdNICO - Blog Proclinic","robots":{"index":"index","follow":"follow","max-snippet":"max-snippet:-1","max-image-preview":"max-image-preview:large","max-video-preview":"max-video-preview:-1"},"canonical":"https:\/\/www.proclinic.es\/blog\/movimientos-complejos-del-sector-anterior-con-alineadores-secretaligner-caso-clinico\/","og_locale":"es_ES","og_type":"article","og_title":"Movimientos complejos del sector anterior con alineadores SecretAligner: CASO CL\u00cdNICO - Blog Proclinic","og_description":"Los continuos avances de la tecnolog\u00eda en odontolog\u00eda, concretamente en ortodoncia, hacen posible la correcci\u00f3n de malposiciones complejas con ortodoncia invisible al d\u00eda de hoy. La digitalizaci\u00f3n del tratamiento presenta como beneficio la planificaci\u00f3n de los movimientos dentales de forma individual garantizando resultados con mayor exactitud estudiados milim\u00e9tricamente. Podemos observar el resultado final mediante una ... Read more","og_url":"https:\/\/www.proclinic.es\/blog\/movimientos-complejos-del-sector-anterior-con-alineadores-secretaligner-caso-clinico\/","og_site_name":"Blog Proclinic","article_publisher":"https:\/\/www.facebook.com\/proclinicsa","article_published_time":"2024-07-11T07:14:23+00:00","article_modified_time":"2025-02-05T15:57:16+00:00","og_image":[{"width":1100,"height":825,"url":"https:\/\/www.proclinic.es\/blog\/wp-content\/uploads\/2024\/07\/caso-clinico-paciente-con-mordida-clase-secret-aligner-ortodoncia-invisible2.png","type":"image\/png"}],"author":"Anna","twitter_card":"summary_large_image","twitter_creator":"@Proclinic_SA","twitter_site":"@Proclinic_SA","twitter_misc":{"Escrito por":"Anna","Tiempo de lectura":"10 minutos"},"schema":{"@context":"https:\/\/schema.org","@graph":[{"@type":"Article","@id":"https:\/\/www.proclinic.es\/blog\/movimientos-complejos-del-sector-anterior-con-alineadores-secretaligner-caso-clinico\/#article","isPartOf":{"@id":"https:\/\/www.proclinic.es\/blog\/movimientos-complejos-del-sector-anterior-con-alineadores-secretaligner-caso-clinico\/"},"author":{"name":"Anna","@id":"https:\/\/www.proclinic.es\/blog\/#\/schema\/person\/85e304ea367ce3922003b0d8b388e527"},"headline":"Movimientos complejos del sector anterior con alineadores SecretAligner: CASO CL\u00cdNICO","datePublished":"2024-07-11T07:14:23+00:00","dateModified":"2025-02-05T15:57:16+00:00","mainEntityOfPage":{"@id":"https:\/\/www.proclinic.es\/blog\/movimientos-complejos-del-sector-anterior-con-alineadores-secretaligner-caso-clinico\/"},"wordCount":1432,"commentCount":0,"image":{"@id":"https:\/\/www.proclinic.es\/blog\/movimientos-complejos-del-sector-anterior-con-alineadores-secretaligner-caso-clinico\/#primaryimage"},"thumbnailUrl":"https:\/\/www.proclinic.es\/blog\/wp-content\/uploads\/2024\/07\/caso-clinico-paciente-con-mordida-clase-secret-aligner-ortodoncia-invisible2.png","keywords":["alineadores invisibles","cl\u00ednica dental","ortodoncia","ortodoncia invisible","proclinic","SecretAligner"],"articleSection":["Ortodoncia","SecretAligner - Ortodoncia invisible"],"inLanguage":"es","potentialAction":[{"@type":"CommentAction","name":"Comment","target":["https:\/\/www.proclinic.es\/blog\/movimientos-complejos-del-sector-anterior-con-alineadores-secretaligner-caso-clinico\/#respond"]}]},{"@type":"WebPage","@id":"https:\/\/www.proclinic.es\/blog\/movimientos-complejos-del-sector-anterior-con-alineadores-secretaligner-caso-clinico\/","url":"https:\/\/www.proclinic.es\/blog\/movimientos-complejos-del-sector-anterior-con-alineadores-secretaligner-caso-clinico\/","name":"Movimientos complejos del sector anterior con alineadores SecretAligner: CASO CL\u00cdNICO - Blog Proclinic","isPartOf":{"@id":"https:\/\/www.proclinic.es\/blog\/#website"},"primaryImageOfPage":{"@id":"https:\/\/www.proclinic.es\/blog\/movimientos-complejos-del-sector-anterior-con-alineadores-secretaligner-caso-clinico\/#primaryimage"},"image":{"@id":"https:\/\/www.proclinic.es\/blog\/movimientos-complejos-del-sector-anterior-con-alineadores-secretaligner-caso-clinico\/#primaryimage"},"thumbnailUrl":"https:\/\/www.proclinic.es\/blog\/wp-content\/uploads\/2024\/07\/caso-clinico-paciente-con-mordida-clase-secret-aligner-ortodoncia-invisible2.png","datePublished":"2024-07-11T07:14:23+00:00","dateModified":"2025-02-05T15:57:16+00:00","author":{"@id":"https:\/\/www.proclinic.es\/blog\/#\/schema\/person\/85e304ea367ce3922003b0d8b388e527"},"breadcrumb":{"@id":"https:\/\/www.proclinic.es\/blog\/movimientos-complejos-del-sector-anterior-con-alineadores-secretaligner-caso-clinico\/#breadcrumb"},"inLanguage":"es","potentialAction":[{"@type":"ReadAction","target":["https:\/\/www.proclinic.es\/blog\/movimientos-complejos-del-sector-anterior-con-alineadores-secretaligner-caso-clinico\/"]}]},{"@type":"ImageObject","inLanguage":"es","@id":"https:\/\/www.proclinic.es\/blog\/movimientos-complejos-del-sector-anterior-con-alineadores-secretaligner-caso-clinico\/#primaryimage","url":"https:\/\/www.proclinic.es\/blog\/wp-content\/uploads\/2024\/07\/caso-clinico-paciente-con-mordida-clase-secret-aligner-ortodoncia-invisible2.png","contentUrl":"https:\/\/www.proclinic.es\/blog\/wp-content\/uploads\/2024\/07\/caso-clinico-paciente-con-mordida-clase-secret-aligner-ortodoncia-invisible2.png","width":1100,"height":825,"caption":"caso clinico paciente con mordida clase secret aligner ortodoncia invisible"},{"@type":"BreadcrumbList","@id":"https:\/\/www.proclinic.es\/blog\/movimientos-complejos-del-sector-anterior-con-alineadores-secretaligner-caso-clinico\/#breadcrumb","itemListElement":[{"@type":"ListItem","position":1,"name":"Home","item":"https:\/\/www.proclinic.es\/blog\/"},{"@type":"ListItem","position":2,"name":"Movimientos complejos del sector anterior con alineadores SecretAligner: CASO CL\u00cdNICO"}]},{"@type":"WebSite","@id":"https:\/\/www.proclinic.es\/blog\/#website","url":"https:\/\/www.proclinic.es\/blog\/","name":"Blog Proclinic","description":"\u00a1Bienvenido al blog de Proclinic! En este espacio, nos enfocamos en brindar informaci\u00f3n valiosa y actualizada para todos los profesionales del sector dental. Nuestra misi\u00f3n es mantenerte al d\u00eda de las \u00faltimas tendencias, investigaciones y t\u00e9cnicas en el campo de la odontolog\u00eda. Exploraremos temas que van desde las novedades en materiales odontol\u00f3gicos, consejos pr\u00e1cticos para la gesti\u00f3n de cl\u00ednicas dentales hasta casos cl\u00ednicos con base cient\u00edfica, eventos del sector y mucho m\u00e1s. Te invitamos a seguir nuestro contenido, dise\u00f1ado para mantener tu pr\u00e1ctica en la vanguardia de la odontolog\u00eda moderna.","potentialAction":[{"@type":"SearchAction","target":{"@type":"EntryPoint","urlTemplate":"https:\/\/www.proclinic.es\/blog\/?s={search_term_string}"},"query-input":{"@type":"PropertyValueSpecification","valueRequired":true,"valueName":"search_term_string"}}],"inLanguage":"es"},{"@type":"Person","@id":"https:\/\/www.proclinic.es\/blog\/#\/schema\/person\/85e304ea367ce3922003b0d8b388e527","name":"Anna","image":{"@type":"ImageObject","inLanguage":"es","@id":"https:\/\/secure.gravatar.com\/avatar\/b8b19455b6924f97d0afcdeb2791066e8c8af798468c71e0fe7e686c5d0b49f4?s=96&d=mm&r=g","url":"https:\/\/secure.gravatar.com\/avatar\/b8b19455b6924f97d0afcdeb2791066e8c8af798468c71e0fe7e686c5d0b49f4?s=96&d=mm&r=g","contentUrl":"https:\/\/secure.gravatar.com\/avatar\/b8b19455b6924f97d0afcdeb2791066e8c8af798468c71e0fe7e686c5d0b49f4?s=96&d=mm&r=g","caption":"Anna"},"description":"Community Manager","url":"https:\/\/www.proclinic.es\/blog\/author\/anna\/"}]}},"jetpack_featured_media_url":"https:\/\/www.proclinic.es\/blog\/wp-content\/uploads\/2024\/07\/caso-clinico-paciente-con-mordida-clase-secret-aligner-ortodoncia-invisible2.png","_links":{"self":[{"href":"https:\/\/www.proclinic.es\/blog\/wp-json\/wp\/v2\/posts\/14585","targetHints":{"allow":["GET"]}}],"collection":[{"href":"https:\/\/www.proclinic.es\/blog\/wp-json\/wp\/v2\/posts"}],"about":[{"href":"https:\/\/www.proclinic.es\/blog\/wp-json\/wp\/v2\/types\/post"}],"author":[{"embeddable":true,"href":"https:\/\/www.proclinic.es\/blog\/wp-json\/wp\/v2\/users\/101011"}],"replies":[{"embeddable":true,"href":"https:\/\/www.proclinic.es\/blog\/wp-json\/wp\/v2\/comments?post=14585"}],"version-history":[{"count":8,"href":"https:\/\/www.proclinic.es\/blog\/wp-json\/wp\/v2\/posts\/14585\/revisions"}],"predecessor-version":[{"id":14813,"href":"https:\/\/www.proclinic.es\/blog\/wp-json\/wp\/v2\/posts\/14585\/revisions\/14813"}],"wp:featuredmedia":[{"embeddable":true,"href":"https:\/\/www.proclinic.es\/blog\/wp-json\/wp\/v2\/media\/14611"}],"wp:attachment":[{"href":"https:\/\/www.proclinic.es\/blog\/wp-json\/wp\/v2\/media?parent=14585"}],"wp:term":[{"taxonomy":"category","embeddable":true,"href":"https:\/\/www.proclinic.es\/blog\/wp-json\/wp\/v2\/categories?post=14585"},{"taxonomy":"post_tag","embeddable":true,"href":"https:\/\/www.proclinic.es\/blog\/wp-json\/wp\/v2\/tags?post=14585"}],"curies":[{"name":"wp","href":"https:\/\/api.w.org\/{rel}","templated":true}]}}