{"id":14541,"date":"2024-05-28T09:10:52","date_gmt":"2024-05-28T07:10:52","guid":{"rendered":"https:\/\/www.proclinic.es\/blog\/?p=14541"},"modified":"2024-05-29T12:43:03","modified_gmt":"2024-05-29T10:43:03","slug":"movimientos-de-canino-a-canino-con-control-posterior-en-ortodoncia-invisible-caso-real","status":"publish","type":"post","link":"https:\/\/www.proclinic.es\/blog\/movimientos-de-canino-a-canino-con-control-posterior-en-ortodoncia-invisible-caso-real\/","title":{"rendered":"Movimientos de canino a canino con control posterior en ortodoncia INVISIBLE: Caso Real"},"content":{"rendered":"\n<p><\/p>\n\n\n\n<p><\/p>\n\n\n\n<p><em>El anclaje en ortodoncia puede definirse como la resistencia al movimiento, en ortodoncia invisible contamos con m\u00e9todo de anclaje diferencial donde son seleccionadas piezas que servir\u00e1n como anclaje (permanecer\u00e1n inm\u00f3viles) durante las diferentes etapas del tratamiento permitiendo el movimiento dental programado en otras.<sup>1<\/sup><\/em><\/p>\n\n\n\n<p><em>Se presenta el caso de un paciente clase I molar y canina acompa\u00f1ada de api\u00f1amiento severo anterior. El prop\u00f3sito de este reporte es demostrar la utilidad de los alineadores en la planificaci\u00f3n de tratamientos con un objetivo est\u00e9tico manteniendo el sector posterior de anclaje aumentando la predictibilidad del tratamiento.<\/em><\/p>\n\n\n\n<p><\/p>\n\n\n\n<div id=\"ez-toc-container\" class=\"ez-toc-v2_0_76 counter-hierarchy ez-toc-counter ez-toc-white ez-toc-container-direction\">\n<div class=\"ez-toc-title-container\">\n<p class=\"ez-toc-title\" style=\"cursor:inherit\">\u00cdndice de contenidos<\/p>\n<span class=\"ez-toc-title-toggle\"><a href=\"#\" class=\"ez-toc-pull-right ez-toc-btn ez-toc-btn-xs ez-toc-btn-default ez-toc-toggle\" aria-label=\"Toggle Table of Content\"><span class=\"ez-toc-js-icon-con\"><span class=\"\"><span class=\"eztoc-hide\" style=\"display:none;\">Toggle<\/span><span class=\"ez-toc-icon-toggle-span\"><svg style=\"fill: #0098a7;color:#0098a7\" xmlns=\"http:\/\/www.w3.org\/2000\/svg\" class=\"list-377408\" width=\"20px\" height=\"20px\" viewBox=\"0 0 24 24\" fill=\"none\"><path d=\"M6 6H4v2h2V6zm14 0H8v2h12V6zM4 11h2v2H4v-2zm16 0H8v2h12v-2zM4 16h2v2H4v-2zm16 0H8v2h12v-2z\" fill=\"currentColor\"><\/path><\/svg><svg style=\"fill: #0098a7;color:#0098a7\" class=\"arrow-unsorted-368013\" xmlns=\"http:\/\/www.w3.org\/2000\/svg\" width=\"10px\" height=\"10px\" viewBox=\"0 0 24 24\" version=\"1.2\" baseProfile=\"tiny\"><path d=\"M18.2 9.3l-6.2-6.3-6.2 6.3c-.2.2-.3.4-.3.7s.1.5.3.7c.2.2.4.3.7.3h11c.3 0 .5-.1.7-.3.2-.2.3-.5.3-.7s-.1-.5-.3-.7zM5.8 14.7l6.2 6.3 6.2-6.3c.2-.2.3-.5.3-.7s-.1-.5-.3-.7c-.2-.2-.4-.3-.7-.3h-11c-.3 0-.5.1-.7.3-.2.2-.3.5-.3.7s.1.5.3.7z\"\/><\/svg><\/span><\/span><\/span><\/a><\/span><\/div>\n<nav><ul class='ez-toc-list ez-toc-list-level-1 ' ><li class='ez-toc-page-1 ez-toc-heading-level-2'><a class=\"ez-toc-link ez-toc-heading-1\" href=\"https:\/\/www.proclinic.es\/blog\/movimientos-de-canino-a-canino-con-control-posterior-en-ortodoncia-invisible-caso-real\/#Introduccion_del_caso_clinico\" >Introducci\u00f3n del caso cl\u00ednico<\/a><\/li><li class='ez-toc-page-1 ez-toc-heading-level-2'><a class=\"ez-toc-link ez-toc-heading-2\" href=\"https:\/\/www.proclinic.es\/blog\/movimientos-de-canino-a-canino-con-control-posterior-en-ortodoncia-invisible-caso-real\/#CASO_CLINICO_Movimientos_de_canino_a_canino_con_control_posterior_en_ortodoncia_INVISIBLE\" >CASO CL\u00cdNICO: Movimientos de canino a canino con control posterior en ortodoncia INVISIBLE<\/a><ul class='ez-toc-list-level-3' ><li class='ez-toc-heading-level-3'><a class=\"ez-toc-link ez-toc-heading-3\" href=\"https:\/\/www.proclinic.es\/blog\/movimientos-de-canino-a-canino-con-control-posterior-en-ortodoncia-invisible-caso-real\/#Evaluacion_facial\" >Evaluaci\u00f3n facial<\/a><\/li><li class='ez-toc-page-1 ez-toc-heading-level-3'><a class=\"ez-toc-link ez-toc-heading-4\" href=\"https:\/\/www.proclinic.es\/blog\/movimientos-de-canino-a-canino-con-control-posterior-en-ortodoncia-invisible-caso-real\/#Evaluacion_de_las_arcadas\" >Evaluaci\u00f3n de las arcadas<\/a><\/li><li class='ez-toc-page-1 ez-toc-heading-level-3'><a class=\"ez-toc-link ez-toc-heading-5\" href=\"https:\/\/www.proclinic.es\/blog\/movimientos-de-canino-a-canino-con-control-posterior-en-ortodoncia-invisible-caso-real\/#Planificacion_del_tratamiento\" >Planificaci\u00f3n del tratamiento<\/a><\/li><li class='ez-toc-page-1 ez-toc-heading-level-3'><a class=\"ez-toc-link ez-toc-heading-6\" href=\"https:\/\/www.proclinic.es\/blog\/movimientos-de-canino-a-canino-con-control-posterior-en-ortodoncia-invisible-caso-real\/#Finalizacion_del_caso\" >Finalizaci\u00f3n del caso<\/a><\/li><li class='ez-toc-page-1 ez-toc-heading-level-3'><a class=\"ez-toc-link ez-toc-heading-7\" href=\"https:\/\/www.proclinic.es\/blog\/movimientos-de-canino-a-canino-con-control-posterior-en-ortodoncia-invisible-caso-real\/#Planificacion_del_tratamiento-2\" >Planificaci\u00f3n del tratamiento<\/a><\/li><li class='ez-toc-page-1 ez-toc-heading-level-3'><a class=\"ez-toc-link ez-toc-heading-8\" href=\"https:\/\/www.proclinic.es\/blog\/movimientos-de-canino-a-canino-con-control-posterior-en-ortodoncia-invisible-caso-real\/#Finalizacion_del_caso-2\" >Finalizaci\u00f3n del caso<\/a><\/li><\/ul><\/li><li class='ez-toc-page-1 ez-toc-heading-level-2'><a class=\"ez-toc-link ez-toc-heading-9\" href=\"https:\/\/www.proclinic.es\/blog\/movimientos-de-canino-a-canino-con-control-posterior-en-ortodoncia-invisible-caso-real\/#Conclusion\" >Conclusi\u00f3n:<\/a><\/li><li class='ez-toc-page-1 ez-toc-heading-level-2'><a class=\"ez-toc-link ez-toc-heading-10\" href=\"https:\/\/www.proclinic.es\/blog\/movimientos-de-canino-a-canino-con-control-posterior-en-ortodoncia-invisible-caso-real\/#Bibliografia\" >Bibliograf\u00eda<\/a><\/li><\/ul><\/nav><\/div>\n<h2 class=\"wp-block-heading\"><span class=\"ez-toc-section\" id=\"Introduccion_del_caso_clinico\"><\/span><strong>Introducci\u00f3n del caso cl\u00ednico<\/strong><span class=\"ez-toc-section-end\"><\/span><\/h2>\n\n\n\n<p>La ortodoncia invisible en la actualidad es un sistema altamente valorado y demandado por pacientes principalmente adultos, en este sistema podemos dise\u00f1ar tratamientos con movimientos dentarios graduales utilizando la tecnolog\u00eda CAD-CAM mediante el escaneado de las impresiones o escaneado directo intraoral.<sup>1-2<\/sup><\/p>\n\n\n\n<p>Los tratamientos dise\u00f1ados en ortodoncia invisible constan del uso de alineadores secuenciados transparentes, movimientos dentarios en los tres planos (3D) de manera individualizada y personalizada a cada paciente garantizando una mayor predictibilidad de los resultados.<sup>3<\/sup><\/p>\n\n\n\n<p>Los factores que intervienen en el \u00e9xito de los tratamientos realizados con alineadores juegan un papel fundamental en los resultados obtenidos algunos de ellos son: un adecuado diagn\u00f3stico, registros correctos, plan de tratamiento id\u00f3neo, objetivos realistas, experiencia profesional, conocimiento del sistema utilizado y, sobre todo, el anclaje y la biomec\u00e1nica que aplicaremos para conseguir ejecutar los movimientos de manera eficaz.<sup>4-12<\/sup><sup><\/sup><\/p>\n\n\n\n<p>Las estrategias de anclaje diferencial de los alineadores seleccionando las piezas dentarias a mover en las diferentes etapas nos permite gestionar de manera eficaz el anclaje manteniendo piezas sin movimientos que ayudaran a aumentar la predictibilidad del tratamiento.<sup>13-23<\/sup><\/p>\n\n\n\n<p><\/p>\n\n\n\n<p><\/p>\n\n\n\n<h2 class=\"wp-block-heading\"><span class=\"ez-toc-section\" id=\"CASO_CLINICO_Movimientos_de_canino_a_canino_con_control_posterior_en_ortodoncia_INVISIBLE\"><\/span><strong>CASO CL\u00cdNICO: Movimientos de canino a canino con control posterior en ortodoncia INVISIBLE<\/strong><span class=\"ez-toc-section-end\"><\/span><\/h2>\n\n\n\n<p>Paciente masculino de 35 a\u00f1os de edad se presenta a la consulta para un tratamiento de ortodoncia con un objetivo est\u00e9tico.<\/p>\n\n\n\n<p><\/p>\n\n\n\n<p><\/p>\n\n\n\n<h3 class=\"wp-block-heading\"><span class=\"ez-toc-section\" id=\"Evaluacion_facial\"><\/span><strong>Evaluaci\u00f3n facial<\/strong><span class=\"ez-toc-section-end\"><\/span><\/h3>\n\n\n\n<p>Paciente con perfil convexo, sonrisa alta y gingival y pasillos bucales negros bilaterales. Tercios faciales sim\u00e9tricos<\/p>\n\n\n\n<p><\/p>\n\n\n<div class=\"wp-block-image\">\n<figure class=\"aligncenter size-large is-resized\"><img loading=\"lazy\" decoding=\"async\" src=\"https:\/\/www.proclinic.es\/blog\/wp-content\/uploads\/2024\/05\/Portadas-para-el-BLOG-8-800x600.png\" alt=\"evaluacion inicial caso cl\u00ednico con ortodoncia invisible en paciente con sonrisa alta y gingival\" class=\"wp-image-14550\" style=\"width:1154px;height:866px\" width=\"1154\" height=\"866\" srcset=\"https:\/\/www.proclinic.es\/blog\/wp-content\/uploads\/2024\/05\/Portadas-para-el-BLOG-8-800x600.png 800w, https:\/\/www.proclinic.es\/blog\/wp-content\/uploads\/2024\/05\/Portadas-para-el-BLOG-8-300x225.png 300w, https:\/\/www.proclinic.es\/blog\/wp-content\/uploads\/2024\/05\/Portadas-para-el-BLOG-8-768x576.png 768w, https:\/\/www.proclinic.es\/blog\/wp-content\/uploads\/2024\/05\/Portadas-para-el-BLOG-8.png 1000w\" sizes=\"auto, (max-width: 1154px) 100vw, 1154px\" \/><\/figure><\/div>\n\n\n<h3 class=\"wp-block-heading\"><span class=\"ez-toc-section\" id=\"Evaluacion_de_las_arcadas\"><\/span><strong>Evaluaci\u00f3n de las arcadas<\/strong><span class=\"ez-toc-section-end\"><\/span><\/h3>\n\n\n\n<p>El paciente presenta clase I molar y canina bilateral. Compresi\u00f3n dentoalveolar bimaxilar acompa\u00f1ada de api\u00f1amiento moderado anterior. Recesiones gingivales generalizadas. Resalte y sobremordida aumentados. Curva de Spee alterada<\/p>\n\n\n\n<p><\/p>\n\n\n\n<figure class=\"wp-block-gallery has-nested-images columns-default is-cropped wp-block-gallery-1 is-layout-flex wp-block-gallery-is-layout-flex\"><div class=\"wp-block-image\">\n<figure class=\"alignright size-large\"><img loading=\"lazy\" decoding=\"async\" width=\"800\" height=\"600\" data-id=\"14551\" src=\"https:\/\/www.proclinic.es\/blog\/wp-content\/uploads\/2024\/05\/Portadas-para-el-BLOG-9.png\" alt=\"evaluacion inicial de arcadas caso cl\u00ednico con ortodoncia invisible en paciente con sonrisa alta y gingival\" class=\"wp-image-14551\" srcset=\"https:\/\/www.proclinic.es\/blog\/wp-content\/uploads\/2024\/05\/Portadas-para-el-BLOG-9.png 800w, https:\/\/www.proclinic.es\/blog\/wp-content\/uploads\/2024\/05\/Portadas-para-el-BLOG-9-300x225.png 300w, https:\/\/www.proclinic.es\/blog\/wp-content\/uploads\/2024\/05\/Portadas-para-el-BLOG-9-768x576.png 768w\" sizes=\"auto, (max-width: 800px) 100vw, 800px\" \/><\/figure><\/div><\/figure>\n\n\n\n<h3 class=\"wp-block-heading\"><span class=\"ez-toc-section\" id=\"Planificacion_del_tratamiento\"><\/span><strong>Planificaci\u00f3n del tratamiento<\/strong><span class=\"ez-toc-section-end\"><\/span><\/h3>\n\n\n\n<p><\/p>\n\n\n\n<p>El tratamiento se ha realizado con alineadores (SecretAligner) planificando correcci\u00f3n de la alineaci\u00f3n de los sectores anteriores con un objetivo est\u00e9tico manteniendo la oclusi\u00f3n posterior estable. Mantenemos el sector posterior de anclaje garantizando los movimientos anteriores.<\/p>\n\n\n\n<p>En el visor din\u00e1mico se ha planificado ligera expansi\u00f3n acompa\u00f1ada de IPR selectivo corrigiendo el api\u00f1amiento, mejorando la est\u00e9tica y per\u00edmetro de las arcadas. El plan de tratamiento consisti\u00f3 en 15 alineadores superiores y 15 inferiores planificando el cambio de alineadores cada siete d\u00edas. En este caso fue importante controlar durante las primeras etapas el desbloqueo del sector anterior manteniendo un ajuste posterior adecuado y verificar en cada cita la permeabilidad de los puntos de contactos ya que fue necesario reforzar en el sector anteroinferior el IPR planificado en la primera etapa.<\/p>\n\n\n\n<p><\/p>\n\n\n\n<p><\/p>\n\n\n\n<p><\/p>\n\n\n\n<p><\/p>\n\n\n\n<h3 class=\"wp-block-heading\"><span class=\"ez-toc-section\" id=\"Finalizacion_del_caso\"><\/span><strong>Finalizaci\u00f3n del caso<\/strong><span class=\"ez-toc-section-end\"><\/span><\/h3>\n\n\n\n<p>Hemos mejorado el per\u00edmetro anterior de las arcadas corrigiendo el api\u00f1amiento anterior conformando una correcta gu\u00eda anterior mejorando las inclinaciones dentales anteriores al momento de realizar la mec\u00e1nica de contracci\u00f3n final<\/p>\n\n\n\n<p>El tiempo total del tratamiento fue de 4 meses programando el cambio de alineadores cada 7 d\u00edas. Cabe destacar que no ha sido necesaria una fase de refinamiento<\/p>\n\n\n\n<p>Hemos utilizado como medio de retenci\u00f3n final un retenedor removible garantizando la estabilidad del tratamiento. Dicha retenci\u00f3n debe renovarse cada 6 meses<\/p>\n\n\n\n<p><\/p>\n\n\n\n<p><\/p>\n\n\n\n<h3 class=\"wp-block-heading\"><span class=\"ez-toc-section\" id=\"Planificacion_del_tratamiento-2\"><\/span><strong>Planificaci\u00f3n del tratamiento<\/strong><span class=\"ez-toc-section-end\"><\/span><\/h3>\n\n\n\n<p><\/p>\n\n\n\n<p>El tratamiento se ha realizado con alineadores (SecretAligner) planificando correcci\u00f3n de la alineaci\u00f3n de los sectores anteriores con un objetivo est\u00e9tico manteniendo la oclusi\u00f3n posterior estable. Mantenemos el sector posterior de anclaje garantizando los movimientos anteriores.<\/p>\n\n\n\n<p>En el visor din\u00e1mico se ha planificado ligera expansi\u00f3n acompa\u00f1ada de IPR selectivo corrigiendo el api\u00f1amiento, mejorando la est\u00e9tica y per\u00edmetro de las arcadas. <strong>El plan de tratamiento consisti\u00f3 en 15 alineadores superiores y 15 inferiores <\/strong>planificando el cambio de alineadores cada siete d\u00edas. En este caso fue importante controlar durante las primeras etapas el desbloqueo del sector anterior manteniendo un ajuste posterior adecuado y verificar en cada cita la permeabilidad de los puntos de contactos ya que fue necesario reforzar en el sector anteroinferior el IPR planificado en la primera etapa.<\/p>\n\n\n\n<p><\/p>\n\n\n<div class=\"wp-block-image\">\n<figure class=\"aligncenter size-full is-resized\"><img loading=\"lazy\" decoding=\"async\" src=\"https:\/\/www.proclinic.es\/blog\/wp-content\/uploads\/2024\/05\/Portadas-para-el-BLOG-10-1.png\" alt=\"Visor dinamico de caso cl\u00ednico con ortodoncia invisible en paciente con sonrisa alta y gingival\" class=\"wp-image-14556\" style=\"width:1229px;height:922px\" width=\"1229\" height=\"922\" srcset=\"https:\/\/www.proclinic.es\/blog\/wp-content\/uploads\/2024\/05\/Portadas-para-el-BLOG-10-1.png 800w, https:\/\/www.proclinic.es\/blog\/wp-content\/uploads\/2024\/05\/Portadas-para-el-BLOG-10-1-300x225.png 300w, https:\/\/www.proclinic.es\/blog\/wp-content\/uploads\/2024\/05\/Portadas-para-el-BLOG-10-1-768x576.png 768w\" sizes=\"auto, (max-width: 1229px) 100vw, 1229px\" \/><\/figure><\/div>\n\n\n<p><\/p>\n\n\n\n<p><\/p>\n\n\n\n<h3 class=\"wp-block-heading\"><span class=\"ez-toc-section\" id=\"Finalizacion_del_caso-2\"><\/span><strong>Finalizaci\u00f3n del caso<\/strong><span class=\"ez-toc-section-end\"><\/span><\/h3>\n\n\n\n<p><\/p>\n\n\n\n<p>Hemos mejorado el per\u00edmetro anterior de las arcadas corrigiendo el api\u00f1amiento anterior conformando una correcta gu\u00eda anterior mejorando las inclinaciones dentales anteriores al momento de realizar la mec\u00e1nica de contracci\u00f3n final<\/p>\n\n\n\n<p><\/p>\n\n\n\n<p>El tiempo total del tratamiento fue de 4 meses programando el cambio de alineadores cada 7 d\u00edas. Cabe destacar que no ha sido necesaria una fase de refinamiento<\/p>\n\n\n\n<p><\/p>\n\n\n\n<p>Hemos utilizado como medio de retenci\u00f3n final un retenedor removible garantizando la estabilidad del tratamiento. Dicha retenci\u00f3n debe renovarse cada 6 meses<\/p>\n\n\n\n<p><\/p>\n\n\n\n<p><\/p>\n\n\n<div class=\"wp-block-image\">\n<figure class=\"aligncenter size-large is-resized\"><img loading=\"lazy\" decoding=\"async\" src=\"https:\/\/www.proclinic.es\/blog\/wp-content\/uploads\/2024\/05\/Portadas-para-el-BLOG-11-800x600.png\" alt=\"\" class=\"wp-image-14553\" style=\"width:1120px;height:840px\" width=\"1120\" height=\"840\" srcset=\"https:\/\/www.proclinic.es\/blog\/wp-content\/uploads\/2024\/05\/Portadas-para-el-BLOG-11-800x600.png 800w, https:\/\/www.proclinic.es\/blog\/wp-content\/uploads\/2024\/05\/Portadas-para-el-BLOG-11-300x225.png 300w, https:\/\/www.proclinic.es\/blog\/wp-content\/uploads\/2024\/05\/Portadas-para-el-BLOG-11-768x576.png 768w, https:\/\/www.proclinic.es\/blog\/wp-content\/uploads\/2024\/05\/Portadas-para-el-BLOG-11.png 1100w\" sizes=\"auto, (max-width: 1120px) 100vw, 1120px\" \/><\/figure><\/div>\n\n\n<p><\/p>\n\n\n\n<h2 class=\"wp-block-heading\"><span class=\"ez-toc-section\" id=\"Conclusion\"><\/span><strong>Conclusi\u00f3n:<\/strong><span class=\"ez-toc-section-end\"><\/span><\/h2>\n\n\n\n<p>El sistema de ortodoncia invisible&nbsp;presenta una serie de ventajas respecto a los sistemas de ortodoncia convencionales, tanto por su est\u00e9tica y comodidad de uso para el paciente, como por la polivalencia y evoluci\u00f3n de sus protocolos que han permitido tratar las maloclusiones de forma tridimensional y secuenciada<\/p>\n\n\n\n<p>Los alineadores invisibles juegan un papel fundamental en casos de tratamientos con objetivos principalmente est\u00e9ticos donde enfocamos los movimientos en el frente anterior, son de primera elecci\u00f3n en pacientes con una alta demanda cosm\u00e9tica de su sonrisa.<\/p>\n\n\n\n<p><\/p>\n\n\n\n<p><\/p>\n\n\n\n<h2 class=\"wp-block-heading\"><span class=\"ez-toc-section\" id=\"Bibliografia\"><\/span><strong>Bibliograf\u00eda<\/strong><span class=\"ez-toc-section-end\"><\/span><\/h2>\n\n\n\n<p>1. Ponitz RJ. Invisible retainers. Am J Orthod 1971; 59: 266-72.<\/p>\n\n\n\n<p>2. Rossini et al. Efficacy of clear aligners in controlling orthodontic tooth movement. A systematic review. Angle Orthodontist 2015 Sep; 85 (5): 881-9.<\/p>\n\n\n\n<p>3. Faltin RM, A. de Almeida M, Kessner CA, Faltin K. Efficiency, three-dimensional planning and prediction of the orthodontic treatment with the Invisalign\u00ae system: case report. R Clin Ortodon Dental Press 2003 May; 2 (2): 61-71.<\/p>\n\n\n\n<p>4. Sheridan JJ, LeDoux W, McMinn R. Essix retainers: fabrication and supervision for permanent retention. J Clin Orthod 1993; 27: 37-45.<\/p>\n\n\n\n<p>5. Sheridan JJ, LeDoux W, McMinn R. Essix appliances: minor tooth movement with divots and windows. J Clin Orthod 1994; 28: 659-663.<\/p>\n\n\n\n<p>6. Sheridan JJ, LeDoux W, McMinn R. Essix thermosealed appliances: various orthodontic uses. J Clin Orth 1995; 29: 108-13.<\/p>\n\n\n\n<p>7. Kravitz ND, Kusnoto B, BeGole E, Obrez A, Agran B. How well does Invisalign\u00ae work? A prospective clinical study evaluating the efficacy of tooth movement with Invisalign\u00ae. Am J Orthod Dentofacial Orthop 2009; 135: 27-35.<\/p>\n\n\n\n<p><a>8. Azaripour A, Weusmann J, Mahmoodi B, Peppas, Gerhold-Ay A, Van Noorden CJ, Willershausen B. Braces versus Invisalign\u00ae: gingival parameters and patients\u2019 satisfaction during treatment: a cross sectional study. BMC Oral Health (2015) 15: 69.<\/a><\/p>\n\n\n\n<p>9. Abbate GM, Caria MP, Montanari P, Mannu C, Orr\u00f9 G, Caprioglio A, Levrini L. Periodontal health in teenagers treated with removable aligners and fixed orthodontic appliances. J Orofac Orthop 2015; 76: 240-250.<\/p>\n\n\n\n<p>10. Levrini L, Mangano A, Montanari P, Margherini S, Caprioglio A, Abbate GM. Periodontal health status in patients treated with the Invisalign\u00ae system and fixed orthodontic appliances: a 3 months clinical and microbiological evaluation. Eur Jl of Dent 2015 Jul-Sep; 9 (3): 404-410.<\/p>\n\n\n\n<p>11. Rainer-Reginald Miethke, Silke Vogt. A comparison of the periodontal health of patients during treatment with the Invisalign\u00ae system and with fixed orthodontic appliances. J Orofac Orthop 2005; 66: 219\u2013229.<\/p>\n\n\n\n<p>12. Lagravere MO, et al. The treatment effects of Invisalign\u00ae orthodontic aligners: a systematic review. J Am Dent Assoc 2005 Dec; 136 (12): 1724-9.<\/p>\n\n\n\n<p>13. Boyd RL. Esthetic orthodontic treatment using the Invisalign\u00ae appliance for moderate to complex malocclusions. Journal of Dental Education 2008 Aug; 72 (8): 948-67.<\/p>\n\n\n\n<p>14. Boyd RL, Miller RJ, Vlaskalic V. The Invisalign\u00ae system in adult orthodontics: mild crowding and space closure cases. JCO 2000; 34 (4): 203-212.<\/p>\n\n\n\n<p>15. Simon M, Keilig L, Schwarze J, Jung BA, Bourauel C. Treatment outcome and efficacy of an aligner technique \u2013 regarding incisor torque, premolar derotation and molar distalization. BMC Oral Health 2014 Jun; 11: 14-68.<\/p>\n\n\n\n<p>16. Harnick DJ; Brice\u00f1o J. Invisalign\u00ae Teen. Revista Espa\u00f1ola de Ortodoncia 2011; 41: 260-6.<\/p>\n\n\n\n<p>17. Garino F, Castroflorio T, Daher S, Cugliari G, Deregibus A, Rossini G. Effectiveness of composite attachments in controlling molar movement with aligners. JCO 2016 Jun; 50 (6): 341-7.<\/p>\n\n\n\n<p>18. Lin JC, Tsai SJ, Liou EJ, Bowman SJ. Treatment of challenging malocclusions with Invisalign\u00ae and miniscrew anchorage. JCO 2014 Jan; 48 (1): 23-36.<\/p>\n\n\n\n<p>19. Krieger et al. Invisalign\u00ae treatment in the anterior region: were the predicted tooth movements achieved? Journal of Orofacial Orthopedics 2012 Sep; 73 (5): 365-76.<\/p>\n\n\n\n<p>2<a>0. Turatti G, Womack R, Bracco P. Incisor Intrusion with Invisalign\u00ae. Treatment of an adult periodontal pacient. JCO 2006 Mar; 40 (3): 171-4.<\/a><\/p>\n\n\n\n<p>21. Gu J et al. Evaluation of Invisalign\u00ae treatment effectiveness and efficiency compared with conventional fixed appliances using the Peer Assessment Rating (PAR) Index. Am J Orthod Dentofacial Orthop 2017 Feb; 151 (2): 259-266.<\/p>\n\n\n\n<p>22. Vela et al. Nonsurgical treatment of skeletal anterior open bite in adult patients: Posterior build-ups. Angle Orthodontist 2017 Jan; 87 (1): 33-40.<\/p>\n\n\n\n<p>23. Houlea JP, Piedade L, Todescan R, Pinheiro FH. The predictability of transverse changes with Invisalign. Angle Orthodontic 2017 Jan; 87 (1): 19-24.<\/p>\n\n\n\n<p><\/p>\n","protected":false},"excerpt":{"rendered":"<p>El anclaje en ortodoncia puede definirse como la resistencia al movimiento, en ortodoncia invisible contamos con m\u00e9todo de anclaje diferencial donde son seleccionadas piezas que servir\u00e1n como anclaje (permanecer\u00e1n inm\u00f3viles) durante las diferentes etapas del tratamiento permitiendo el movimiento dental programado en otras.1 Se presenta el caso de un paciente clase I molar y canina &#8230; <a title=\"Movimientos de canino a canino con control posterior en ortodoncia INVISIBLE: Caso Real\" class=\"read-more\" href=\"https:\/\/www.proclinic.es\/blog\/movimientos-de-canino-a-canino-con-control-posterior-en-ortodoncia-invisible-caso-real\/\" aria-label=\"More on Movimientos de canino a canino con control posterior en ortodoncia INVISIBLE: Caso Real\">Read more<\/a><\/p>\n","protected":false},"author":101011,"featured_media":14550,"comment_status":"open","ping_status":"open","sticky":false,"template":"","format":"standard","meta":{"footnotes":""},"categories":[146,707],"tags":[443,60,100,57,410,63,409],"class_list":["post-14541","post","type-post","status-publish","format-standard","has-post-thumbnail","hentry","category-ortodoncia-clinica","category-secret-aligner-ortodoncia-invisible","tag-alineadores-invisibles","tag-clinica-dental","tag-odontologia","tag-ortodoncia","tag-ortodoncia-invisible","tag-proclinic","tag-secretaligner"],"yoast_head":"<!-- This site is optimized with the Yoast SEO plugin v27.4 - https:\/\/yoast.com\/product\/yoast-seo-wordpress\/ -->\n<title>Movimientos de canino a canino con control posterior en ortodoncia INVISIBLE: Caso Real - Blog Proclinic<\/title>\n<meta name=\"robots\" content=\"index, follow, max-snippet:-1, max-image-preview:large, max-video-preview:-1\" \/>\n<link rel=\"canonical\" href=\"https:\/\/www.proclinic.es\/blog\/movimientos-de-canino-a-canino-con-control-posterior-en-ortodoncia-invisible-caso-real\/\" \/>\n<meta property=\"og:locale\" content=\"es_ES\" \/>\n<meta property=\"og:type\" content=\"article\" \/>\n<meta property=\"og:title\" content=\"Movimientos de canino a canino con control posterior en ortodoncia INVISIBLE: Caso Real - Blog Proclinic\" \/>\n<meta property=\"og:description\" content=\"El anclaje en ortodoncia puede definirse como la resistencia al movimiento, en ortodoncia invisible contamos con m\u00e9todo de anclaje diferencial donde son seleccionadas piezas que servir\u00e1n como anclaje (permanecer\u00e1n inm\u00f3viles) durante las diferentes etapas del tratamiento permitiendo el movimiento dental programado en otras.1 Se presenta el caso de un paciente clase I molar y canina ... Read more\" \/>\n<meta property=\"og:url\" content=\"https:\/\/www.proclinic.es\/blog\/movimientos-de-canino-a-canino-con-control-posterior-en-ortodoncia-invisible-caso-real\/\" \/>\n<meta property=\"og:site_name\" content=\"Blog Proclinic\" \/>\n<meta property=\"article:publisher\" content=\"https:\/\/www.facebook.com\/proclinicsa\" \/>\n<meta property=\"article:published_time\" content=\"2024-05-28T07:10:52+00:00\" \/>\n<meta property=\"article:modified_time\" content=\"2024-05-29T10:43:03+00:00\" \/>\n<meta property=\"og:image\" content=\"https:\/\/www.proclinic.es\/blog\/wp-content\/uploads\/2024\/05\/Portadas-para-el-BLOG-8.png\" \/>\n\t<meta property=\"og:image:width\" content=\"1000\" \/>\n\t<meta property=\"og:image:height\" content=\"750\" \/>\n\t<meta property=\"og:image:type\" content=\"image\/png\" \/>\n<meta name=\"author\" content=\"Anna\" \/>\n<meta name=\"twitter:card\" content=\"summary_large_image\" \/>\n<meta name=\"twitter:creator\" content=\"@Proclinic_SA\" \/>\n<meta name=\"twitter:site\" content=\"@Proclinic_SA\" \/>\n<meta name=\"twitter:label1\" content=\"Escrito por\" \/>\n\t<meta name=\"twitter:data1\" content=\"Anna\" \/>\n\t<meta name=\"twitter:label2\" content=\"Tiempo de lectura\" \/>\n\t<meta name=\"twitter:data2\" content=\"7 minutos\" \/>\n<script type=\"application\/ld+json\" class=\"yoast-schema-graph\">{\"@context\":\"https:\\\/\\\/schema.org\",\"@graph\":[{\"@type\":\"Article\",\"@id\":\"https:\\\/\\\/www.proclinic.es\\\/blog\\\/movimientos-de-canino-a-canino-con-control-posterior-en-ortodoncia-invisible-caso-real\\\/#article\",\"isPartOf\":{\"@id\":\"https:\\\/\\\/www.proclinic.es\\\/blog\\\/movimientos-de-canino-a-canino-con-control-posterior-en-ortodoncia-invisible-caso-real\\\/\"},\"author\":{\"name\":\"Anna\",\"@id\":\"https:\\\/\\\/www.proclinic.es\\\/blog\\\/#\\\/schema\\\/person\\\/85e304ea367ce3922003b0d8b388e527\"},\"headline\":\"Movimientos de canino a canino con control posterior en ortodoncia INVISIBLE: Caso Real\",\"datePublished\":\"2024-05-28T07:10:52+00:00\",\"dateModified\":\"2024-05-29T10:43:03+00:00\",\"mainEntityOfPage\":{\"@id\":\"https:\\\/\\\/www.proclinic.es\\\/blog\\\/movimientos-de-canino-a-canino-con-control-posterior-en-ortodoncia-invisible-caso-real\\\/\"},\"wordCount\":1479,\"commentCount\":0,\"image\":{\"@id\":\"https:\\\/\\\/www.proclinic.es\\\/blog\\\/movimientos-de-canino-a-canino-con-control-posterior-en-ortodoncia-invisible-caso-real\\\/#primaryimage\"},\"thumbnailUrl\":\"https:\\\/\\\/www.proclinic.es\\\/blog\\\/wp-content\\\/uploads\\\/2024\\\/05\\\/Portadas-para-el-BLOG-8.png\",\"keywords\":[\"alineadores invisibles\",\"cl\u00ednica dental\",\"odontolog\u00eda\",\"ortodoncia\",\"ortodoncia invisible\",\"proclinic\",\"SecretAligner\"],\"articleSection\":[\"Ortodoncia\",\"SecretAligner - Ortodoncia invisible\"],\"inLanguage\":\"es\",\"potentialAction\":[{\"@type\":\"CommentAction\",\"name\":\"Comment\",\"target\":[\"https:\\\/\\\/www.proclinic.es\\\/blog\\\/movimientos-de-canino-a-canino-con-control-posterior-en-ortodoncia-invisible-caso-real\\\/#respond\"]}]},{\"@type\":\"WebPage\",\"@id\":\"https:\\\/\\\/www.proclinic.es\\\/blog\\\/movimientos-de-canino-a-canino-con-control-posterior-en-ortodoncia-invisible-caso-real\\\/\",\"url\":\"https:\\\/\\\/www.proclinic.es\\\/blog\\\/movimientos-de-canino-a-canino-con-control-posterior-en-ortodoncia-invisible-caso-real\\\/\",\"name\":\"Movimientos de canino a canino con control posterior en ortodoncia INVISIBLE: Caso Real - Blog Proclinic\",\"isPartOf\":{\"@id\":\"https:\\\/\\\/www.proclinic.es\\\/blog\\\/#website\"},\"primaryImageOfPage\":{\"@id\":\"https:\\\/\\\/www.proclinic.es\\\/blog\\\/movimientos-de-canino-a-canino-con-control-posterior-en-ortodoncia-invisible-caso-real\\\/#primaryimage\"},\"image\":{\"@id\":\"https:\\\/\\\/www.proclinic.es\\\/blog\\\/movimientos-de-canino-a-canino-con-control-posterior-en-ortodoncia-invisible-caso-real\\\/#primaryimage\"},\"thumbnailUrl\":\"https:\\\/\\\/www.proclinic.es\\\/blog\\\/wp-content\\\/uploads\\\/2024\\\/05\\\/Portadas-para-el-BLOG-8.png\",\"datePublished\":\"2024-05-28T07:10:52+00:00\",\"dateModified\":\"2024-05-29T10:43:03+00:00\",\"author\":{\"@id\":\"https:\\\/\\\/www.proclinic.es\\\/blog\\\/#\\\/schema\\\/person\\\/85e304ea367ce3922003b0d8b388e527\"},\"breadcrumb\":{\"@id\":\"https:\\\/\\\/www.proclinic.es\\\/blog\\\/movimientos-de-canino-a-canino-con-control-posterior-en-ortodoncia-invisible-caso-real\\\/#breadcrumb\"},\"inLanguage\":\"es\",\"potentialAction\":[{\"@type\":\"ReadAction\",\"target\":[\"https:\\\/\\\/www.proclinic.es\\\/blog\\\/movimientos-de-canino-a-canino-con-control-posterior-en-ortodoncia-invisible-caso-real\\\/\"]}]},{\"@type\":\"ImageObject\",\"inLanguage\":\"es\",\"@id\":\"https:\\\/\\\/www.proclinic.es\\\/blog\\\/movimientos-de-canino-a-canino-con-control-posterior-en-ortodoncia-invisible-caso-real\\\/#primaryimage\",\"url\":\"https:\\\/\\\/www.proclinic.es\\\/blog\\\/wp-content\\\/uploads\\\/2024\\\/05\\\/Portadas-para-el-BLOG-8.png\",\"contentUrl\":\"https:\\\/\\\/www.proclinic.es\\\/blog\\\/wp-content\\\/uploads\\\/2024\\\/05\\\/Portadas-para-el-BLOG-8.png\",\"width\":1000,\"height\":750,\"caption\":\"evaluacion inicial de arcadas caso cl\u00ednico con ortodoncia invisible en paciente con sonrisa alta y gingival\"},{\"@type\":\"BreadcrumbList\",\"@id\":\"https:\\\/\\\/www.proclinic.es\\\/blog\\\/movimientos-de-canino-a-canino-con-control-posterior-en-ortodoncia-invisible-caso-real\\\/#breadcrumb\",\"itemListElement\":[{\"@type\":\"ListItem\",\"position\":1,\"name\":\"Home\",\"item\":\"https:\\\/\\\/www.proclinic.es\\\/blog\\\/\"},{\"@type\":\"ListItem\",\"position\":2,\"name\":\"Movimientos de canino a canino con control posterior en ortodoncia INVISIBLE: Caso Real\"}]},{\"@type\":\"WebSite\",\"@id\":\"https:\\\/\\\/www.proclinic.es\\\/blog\\\/#website\",\"url\":\"https:\\\/\\\/www.proclinic.es\\\/blog\\\/\",\"name\":\"Blog Proclinic\",\"description\":\"\u00a1Bienvenido al blog de Proclinic! En este espacio, nos enfocamos en brindar informaci\u00f3n valiosa y actualizada para todos los profesionales del sector dental. Nuestra misi\u00f3n es mantenerte al d\u00eda de las \u00faltimas tendencias, investigaciones y t\u00e9cnicas en el campo de la odontolog\u00eda. Exploraremos temas que van desde las novedades en materiales odontol\u00f3gicos, consejos pr\u00e1cticos para la gesti\u00f3n de cl\u00ednicas dentales hasta casos cl\u00ednicos con base cient\u00edfica, eventos del sector y mucho m\u00e1s. Te invitamos a seguir nuestro contenido, dise\u00f1ado para mantener tu pr\u00e1ctica en la vanguardia de la odontolog\u00eda moderna.\",\"potentialAction\":[{\"@type\":\"SearchAction\",\"target\":{\"@type\":\"EntryPoint\",\"urlTemplate\":\"https:\\\/\\\/www.proclinic.es\\\/blog\\\/?s={search_term_string}\"},\"query-input\":{\"@type\":\"PropertyValueSpecification\",\"valueRequired\":true,\"valueName\":\"search_term_string\"}}],\"inLanguage\":\"es\"},{\"@type\":\"Person\",\"@id\":\"https:\\\/\\\/www.proclinic.es\\\/blog\\\/#\\\/schema\\\/person\\\/85e304ea367ce3922003b0d8b388e527\",\"name\":\"Anna\",\"image\":{\"@type\":\"ImageObject\",\"inLanguage\":\"es\",\"@id\":\"https:\\\/\\\/secure.gravatar.com\\\/avatar\\\/b8b19455b6924f97d0afcdeb2791066e8c8af798468c71e0fe7e686c5d0b49f4?s=96&d=mm&r=g\",\"url\":\"https:\\\/\\\/secure.gravatar.com\\\/avatar\\\/b8b19455b6924f97d0afcdeb2791066e8c8af798468c71e0fe7e686c5d0b49f4?s=96&d=mm&r=g\",\"contentUrl\":\"https:\\\/\\\/secure.gravatar.com\\\/avatar\\\/b8b19455b6924f97d0afcdeb2791066e8c8af798468c71e0fe7e686c5d0b49f4?s=96&d=mm&r=g\",\"caption\":\"Anna\"},\"description\":\"Community Manager\",\"url\":\"https:\\\/\\\/www.proclinic.es\\\/blog\\\/author\\\/anna\\\/\"}]}<\/script>\n<!-- \/ Yoast SEO plugin. -->","yoast_head_json":{"title":"Movimientos de canino a canino con control posterior en ortodoncia INVISIBLE: Caso Real - Blog Proclinic","robots":{"index":"index","follow":"follow","max-snippet":"max-snippet:-1","max-image-preview":"max-image-preview:large","max-video-preview":"max-video-preview:-1"},"canonical":"https:\/\/www.proclinic.es\/blog\/movimientos-de-canino-a-canino-con-control-posterior-en-ortodoncia-invisible-caso-real\/","og_locale":"es_ES","og_type":"article","og_title":"Movimientos de canino a canino con control posterior en ortodoncia INVISIBLE: Caso Real - Blog Proclinic","og_description":"El anclaje en ortodoncia puede definirse como la resistencia al movimiento, en ortodoncia invisible contamos con m\u00e9todo de anclaje diferencial donde son seleccionadas piezas que servir\u00e1n como anclaje (permanecer\u00e1n inm\u00f3viles) durante las diferentes etapas del tratamiento permitiendo el movimiento dental programado en otras.1 Se presenta el caso de un paciente clase I molar y canina ... Read more","og_url":"https:\/\/www.proclinic.es\/blog\/movimientos-de-canino-a-canino-con-control-posterior-en-ortodoncia-invisible-caso-real\/","og_site_name":"Blog Proclinic","article_publisher":"https:\/\/www.facebook.com\/proclinicsa","article_published_time":"2024-05-28T07:10:52+00:00","article_modified_time":"2024-05-29T10:43:03+00:00","og_image":[{"width":1000,"height":750,"url":"https:\/\/www.proclinic.es\/blog\/wp-content\/uploads\/2024\/05\/Portadas-para-el-BLOG-8.png","type":"image\/png"}],"author":"Anna","twitter_card":"summary_large_image","twitter_creator":"@Proclinic_SA","twitter_site":"@Proclinic_SA","twitter_misc":{"Escrito por":"Anna","Tiempo de lectura":"7 minutos"},"schema":{"@context":"https:\/\/schema.org","@graph":[{"@type":"Article","@id":"https:\/\/www.proclinic.es\/blog\/movimientos-de-canino-a-canino-con-control-posterior-en-ortodoncia-invisible-caso-real\/#article","isPartOf":{"@id":"https:\/\/www.proclinic.es\/blog\/movimientos-de-canino-a-canino-con-control-posterior-en-ortodoncia-invisible-caso-real\/"},"author":{"name":"Anna","@id":"https:\/\/www.proclinic.es\/blog\/#\/schema\/person\/85e304ea367ce3922003b0d8b388e527"},"headline":"Movimientos de canino a canino con control posterior en ortodoncia INVISIBLE: Caso Real","datePublished":"2024-05-28T07:10:52+00:00","dateModified":"2024-05-29T10:43:03+00:00","mainEntityOfPage":{"@id":"https:\/\/www.proclinic.es\/blog\/movimientos-de-canino-a-canino-con-control-posterior-en-ortodoncia-invisible-caso-real\/"},"wordCount":1479,"commentCount":0,"image":{"@id":"https:\/\/www.proclinic.es\/blog\/movimientos-de-canino-a-canino-con-control-posterior-en-ortodoncia-invisible-caso-real\/#primaryimage"},"thumbnailUrl":"https:\/\/www.proclinic.es\/blog\/wp-content\/uploads\/2024\/05\/Portadas-para-el-BLOG-8.png","keywords":["alineadores invisibles","cl\u00ednica dental","odontolog\u00eda","ortodoncia","ortodoncia invisible","proclinic","SecretAligner"],"articleSection":["Ortodoncia","SecretAligner - Ortodoncia invisible"],"inLanguage":"es","potentialAction":[{"@type":"CommentAction","name":"Comment","target":["https:\/\/www.proclinic.es\/blog\/movimientos-de-canino-a-canino-con-control-posterior-en-ortodoncia-invisible-caso-real\/#respond"]}]},{"@type":"WebPage","@id":"https:\/\/www.proclinic.es\/blog\/movimientos-de-canino-a-canino-con-control-posterior-en-ortodoncia-invisible-caso-real\/","url":"https:\/\/www.proclinic.es\/blog\/movimientos-de-canino-a-canino-con-control-posterior-en-ortodoncia-invisible-caso-real\/","name":"Movimientos de canino a canino con control posterior en ortodoncia INVISIBLE: Caso Real - Blog Proclinic","isPartOf":{"@id":"https:\/\/www.proclinic.es\/blog\/#website"},"primaryImageOfPage":{"@id":"https:\/\/www.proclinic.es\/blog\/movimientos-de-canino-a-canino-con-control-posterior-en-ortodoncia-invisible-caso-real\/#primaryimage"},"image":{"@id":"https:\/\/www.proclinic.es\/blog\/movimientos-de-canino-a-canino-con-control-posterior-en-ortodoncia-invisible-caso-real\/#primaryimage"},"thumbnailUrl":"https:\/\/www.proclinic.es\/blog\/wp-content\/uploads\/2024\/05\/Portadas-para-el-BLOG-8.png","datePublished":"2024-05-28T07:10:52+00:00","dateModified":"2024-05-29T10:43:03+00:00","author":{"@id":"https:\/\/www.proclinic.es\/blog\/#\/schema\/person\/85e304ea367ce3922003b0d8b388e527"},"breadcrumb":{"@id":"https:\/\/www.proclinic.es\/blog\/movimientos-de-canino-a-canino-con-control-posterior-en-ortodoncia-invisible-caso-real\/#breadcrumb"},"inLanguage":"es","potentialAction":[{"@type":"ReadAction","target":["https:\/\/www.proclinic.es\/blog\/movimientos-de-canino-a-canino-con-control-posterior-en-ortodoncia-invisible-caso-real\/"]}]},{"@type":"ImageObject","inLanguage":"es","@id":"https:\/\/www.proclinic.es\/blog\/movimientos-de-canino-a-canino-con-control-posterior-en-ortodoncia-invisible-caso-real\/#primaryimage","url":"https:\/\/www.proclinic.es\/blog\/wp-content\/uploads\/2024\/05\/Portadas-para-el-BLOG-8.png","contentUrl":"https:\/\/www.proclinic.es\/blog\/wp-content\/uploads\/2024\/05\/Portadas-para-el-BLOG-8.png","width":1000,"height":750,"caption":"evaluacion inicial de arcadas caso cl\u00ednico con ortodoncia invisible en paciente con sonrisa alta y gingival"},{"@type":"BreadcrumbList","@id":"https:\/\/www.proclinic.es\/blog\/movimientos-de-canino-a-canino-con-control-posterior-en-ortodoncia-invisible-caso-real\/#breadcrumb","itemListElement":[{"@type":"ListItem","position":1,"name":"Home","item":"https:\/\/www.proclinic.es\/blog\/"},{"@type":"ListItem","position":2,"name":"Movimientos de canino a canino con control posterior en ortodoncia INVISIBLE: Caso Real"}]},{"@type":"WebSite","@id":"https:\/\/www.proclinic.es\/blog\/#website","url":"https:\/\/www.proclinic.es\/blog\/","name":"Blog Proclinic","description":"\u00a1Bienvenido al blog de Proclinic! En este espacio, nos enfocamos en brindar informaci\u00f3n valiosa y actualizada para todos los profesionales del sector dental. Nuestra misi\u00f3n es mantenerte al d\u00eda de las \u00faltimas tendencias, investigaciones y t\u00e9cnicas en el campo de la odontolog\u00eda. Exploraremos temas que van desde las novedades en materiales odontol\u00f3gicos, consejos pr\u00e1cticos para la gesti\u00f3n de cl\u00ednicas dentales hasta casos cl\u00ednicos con base cient\u00edfica, eventos del sector y mucho m\u00e1s. Te invitamos a seguir nuestro contenido, dise\u00f1ado para mantener tu pr\u00e1ctica en la vanguardia de la odontolog\u00eda moderna.","potentialAction":[{"@type":"SearchAction","target":{"@type":"EntryPoint","urlTemplate":"https:\/\/www.proclinic.es\/blog\/?s={search_term_string}"},"query-input":{"@type":"PropertyValueSpecification","valueRequired":true,"valueName":"search_term_string"}}],"inLanguage":"es"},{"@type":"Person","@id":"https:\/\/www.proclinic.es\/blog\/#\/schema\/person\/85e304ea367ce3922003b0d8b388e527","name":"Anna","image":{"@type":"ImageObject","inLanguage":"es","@id":"https:\/\/secure.gravatar.com\/avatar\/b8b19455b6924f97d0afcdeb2791066e8c8af798468c71e0fe7e686c5d0b49f4?s=96&d=mm&r=g","url":"https:\/\/secure.gravatar.com\/avatar\/b8b19455b6924f97d0afcdeb2791066e8c8af798468c71e0fe7e686c5d0b49f4?s=96&d=mm&r=g","contentUrl":"https:\/\/secure.gravatar.com\/avatar\/b8b19455b6924f97d0afcdeb2791066e8c8af798468c71e0fe7e686c5d0b49f4?s=96&d=mm&r=g","caption":"Anna"},"description":"Community Manager","url":"https:\/\/www.proclinic.es\/blog\/author\/anna\/"}]}},"jetpack_featured_media_url":"https:\/\/www.proclinic.es\/blog\/wp-content\/uploads\/2024\/05\/Portadas-para-el-BLOG-8.png","_links":{"self":[{"href":"https:\/\/www.proclinic.es\/blog\/wp-json\/wp\/v2\/posts\/14541","targetHints":{"allow":["GET"]}}],"collection":[{"href":"https:\/\/www.proclinic.es\/blog\/wp-json\/wp\/v2\/posts"}],"about":[{"href":"https:\/\/www.proclinic.es\/blog\/wp-json\/wp\/v2\/types\/post"}],"author":[{"embeddable":true,"href":"https:\/\/www.proclinic.es\/blog\/wp-json\/wp\/v2\/users\/101011"}],"replies":[{"embeddable":true,"href":"https:\/\/www.proclinic.es\/blog\/wp-json\/wp\/v2\/comments?post=14541"}],"version-history":[{"count":11,"href":"https:\/\/www.proclinic.es\/blog\/wp-json\/wp\/v2\/posts\/14541\/revisions"}],"predecessor-version":[{"id":14564,"href":"https:\/\/www.proclinic.es\/blog\/wp-json\/wp\/v2\/posts\/14541\/revisions\/14564"}],"wp:featuredmedia":[{"embeddable":true,"href":"https:\/\/www.proclinic.es\/blog\/wp-json\/wp\/v2\/media\/14550"}],"wp:attachment":[{"href":"https:\/\/www.proclinic.es\/blog\/wp-json\/wp\/v2\/media?parent=14541"}],"wp:term":[{"taxonomy":"category","embeddable":true,"href":"https:\/\/www.proclinic.es\/blog\/wp-json\/wp\/v2\/categories?post=14541"},{"taxonomy":"post_tag","embeddable":true,"href":"https:\/\/www.proclinic.es\/blog\/wp-json\/wp\/v2\/tags?post=14541"}],"curies":[{"name":"wp","href":"https:\/\/api.w.org\/{rel}","templated":true}]}}