{"id":14534,"date":"2024-05-02T10:11:39","date_gmt":"2024-05-02T08:11:39","guid":{"rendered":"https:\/\/www.proclinic.es\/blog\/?p=14534"},"modified":"2024-05-07T12:28:02","modified_gmt":"2024-05-07T10:28:02","slug":"intervencion-temprana-en-ortodoncia","status":"publish","type":"post","link":"https:\/\/www.proclinic.es\/blog\/intervencion-temprana-en-ortodoncia\/","title":{"rendered":"Intervenci\u00f3n temprana en ortodoncia"},"content":{"rendered":"\n<p><\/p>\n\n\n\n<p>La gu\u00eda gradual del crecimiento de los dientes en proceso de erupci\u00f3n y las mand\u00edbulas en crecimiento se puede comparar a podar y dar soporte a una planta joven. La gu\u00eda para el crecimiento sano al principio y durante el crecimiento es m\u00e1s gradual y el resultado ser\u00e1 m\u00e1s natural.<\/p>\n\n\n\n<p><strong>LM-Activator\u2122<\/strong> es un aparato prefabricado para ayudar al crecimiento sano y al desarrollo de la mand\u00edbula y la cara. El momento ideal para el tratamiento con <strong>LM-Activator\u2122 <\/strong>es durante la dentici\u00f3n mixta temprana cuando los primeros dientes est\u00e1n cambiando. Al intervenir pronto, hay muchas posibilidades de que se reduzca, e incluso se elimine, la necesidad de un tratamiento. La investigaci\u00f3n indica que la oclusi\u00f3n dental en dientes temporales persiste y tiende a ser m\u00e1s grave con el desarrollo de los dientes. LM-Activator\u2122 proporciona una gu\u00eda suave para los dientes y la mand\u00edbula cuando se necesita.<\/p>\n\n\n\n<p><\/p>\n\n\n\n<div id=\"ez-toc-container\" class=\"ez-toc-v2_0_76 counter-hierarchy ez-toc-counter ez-toc-white ez-toc-container-direction\">\n<div class=\"ez-toc-title-container\">\n<p class=\"ez-toc-title\" style=\"cursor:inherit\">\u00cdndice de contenidos<\/p>\n<span class=\"ez-toc-title-toggle\"><a href=\"#\" class=\"ez-toc-pull-right ez-toc-btn ez-toc-btn-xs ez-toc-btn-default ez-toc-toggle\" aria-label=\"Toggle Table of Content\"><span class=\"ez-toc-js-icon-con\"><span class=\"\"><span class=\"eztoc-hide\" style=\"display:none;\">Toggle<\/span><span class=\"ez-toc-icon-toggle-span\"><svg style=\"fill: #0098a7;color:#0098a7\" xmlns=\"http:\/\/www.w3.org\/2000\/svg\" class=\"list-377408\" width=\"20px\" height=\"20px\" viewBox=\"0 0 24 24\" fill=\"none\"><path d=\"M6 6H4v2h2V6zm14 0H8v2h12V6zM4 11h2v2H4v-2zm16 0H8v2h12v-2zM4 16h2v2H4v-2zm16 0H8v2h12v-2z\" fill=\"currentColor\"><\/path><\/svg><svg style=\"fill: #0098a7;color:#0098a7\" class=\"arrow-unsorted-368013\" xmlns=\"http:\/\/www.w3.org\/2000\/svg\" width=\"10px\" height=\"10px\" viewBox=\"0 0 24 24\" version=\"1.2\" baseProfile=\"tiny\"><path d=\"M18.2 9.3l-6.2-6.3-6.2 6.3c-.2.2-.3.4-.3.7s.1.5.3.7c.2.2.4.3.7.3h11c.3 0 .5-.1.7-.3.2-.2.3-.5.3-.7s-.1-.5-.3-.7zM5.8 14.7l6.2 6.3 6.2-6.3c.2-.2.3-.5.3-.7s-.1-.5-.3-.7c-.2-.2-.4-.3-.7-.3h-11c-.3 0-.5.1-.7.3-.2.2-.3.5-.3.7s.1.5.3.7z\"\/><\/svg><\/span><\/span><\/span><\/a><\/span><\/div>\n<nav><ul class='ez-toc-list ez-toc-list-level-1 ' ><li class='ez-toc-page-1 ez-toc-heading-level-2'><a class=\"ez-toc-link ez-toc-heading-1\" href=\"https:\/\/www.proclinic.es\/blog\/intervencion-temprana-en-ortodoncia\/#%C2%BFComo_funciona\" >\u00bfC\u00f3mo funciona?<\/a><\/li><li class='ez-toc-page-1 ez-toc-heading-level-2'><a class=\"ez-toc-link ez-toc-heading-2\" href=\"https:\/\/www.proclinic.es\/blog\/intervencion-temprana-en-ortodoncia\/#Ventajas_de_tratar_a_los_pacientes_con_LM-Activator%E2%84%A2\" >Ventajas de tratar a los pacientes con LM-Activator\u2122<\/a><\/li><li class='ez-toc-page-1 ez-toc-heading-level-2'><a class=\"ez-toc-link ez-toc-heading-3\" href=\"https:\/\/www.proclinic.es\/blog\/intervencion-temprana-en-ortodoncia\/#Seguridad_y_comodidad_para_el_paciente\" >Seguridad y comodidad para el paciente<\/a><\/li><li class='ez-toc-page-1 ez-toc-heading-level-2'><a class=\"ez-toc-link ez-toc-heading-4\" href=\"https:\/\/www.proclinic.es\/blog\/intervencion-temprana-en-ortodoncia\/#Las_cuatro_caracteristicas_basicas_de_los_modelos_de_LM-Activator%E2%84%A2_son_LOW_y_HIGH_y_SHORT_y_LONG\" >Las cuatro caracter\u00edsticas b\u00e1sicas de los modelos de LM-Activator\u2122 son LOW y HIGH, y SHORT y LONG.<\/a><\/li><\/ul><\/nav><\/div>\n<h2 class=\"wp-block-heading\"><span class=\"ez-toc-section\" id=\"%C2%BFComo_funciona\"><\/span><strong>\u00bfC\u00f3mo funciona?<\/strong><span class=\"ez-toc-section-end\"><\/span><\/h2>\n\n\n\n<p>&#8211; Cuando los dientes est\u00e1n cambiando, <a href=\"https:\/\/www.proclinic.es\/tienda\/ortodoncia.html?p=1&amp;limit=24&amp;orderBy[bestseller]=asc&amp;filters[family][]=Aparatos%20funcionales&amp;filters[subfamily][]=Lm%20aparatos&amp;filters[main_family]=Ortodoncia\">LM-Activator\u2122<\/a> gu\u00eda con suavidad los dientes y la mand\u00edbula hacia un crecimiento sano.<\/p>\n\n\n\n<p>&#8211; LM-Activator\u2122 alinea los dientes, activa el crecimiento de la mand\u00edbula y expande el per\u00edmetro de la arcada en dentici\u00f3n mixta.<\/p>\n\n\n\n<p>&#8211; LM-Activator\u2122 corrige y alinea las relaciones sagital y vertical al mismo tiempo, sin necesidad de hacerlo en etapas separadas.<\/p>\n\n\n\n<p>&#8211; La oclusi\u00f3n se puede controlar de forma tridimensional.<\/p>\n\n\n\n<p>&#8211; Para que el tratamiento sea exitoso, es necesario que el paciente siga atentamente las instrucciones. El primer mes es crucial a la hora de adoptar el h\u00e1bito de uso del aparato (en general, crear un h\u00e1bito requiere de 3 a 4 semanas de uso diario regular).<\/p>\n\n\n\n<p><\/p>\n\n\n\n<p><\/p>\n\n\n\n<h2 class=\"wp-block-heading\"><span class=\"ez-toc-section\" id=\"Ventajas_de_tratar_a_los_pacientes_con_LM-Activator%E2%84%A2\"><\/span><strong>Ventajas de tratar a los pacientes con LM-Activator\u2122<\/strong><span class=\"ez-toc-section-end\"><\/span><\/h2>\n\n\n\n<p><strong>\u221a Corrige de manera eficiente <\/strong>distintas oclusiones dentales. Recomendado para tratar la mordida con resalte, la sobremordida, la mordida abierta, el api\u00f1amiento, la mordida cruzada dental anterior (incisivos invertidos) y de clase II. Las relaciones sagital y vertical se pueden corregir al mismo tiempo.<\/p>\n\n\n\n<p><strong>\u221a Rentable.<\/strong> Tratamiento en una \u00fanica fase con alineaci\u00f3n, nivelaci\u00f3n y correcci\u00f3n anteroposterior a la vez en lugar de en etapas separadas.<\/p>\n\n\n\n<p><strong>\u221a Eficacia cl\u00ednica y cient\u00edfica probada<\/strong>. El m\u00e9todo del tratamiento cuenta con el apoyo de la evidencia de cohorte controlada y los resultados del estudio ECA.<\/p>\n\n\n\n<p><strong>\u221a Complejidad reducida del tratamiento.<\/strong> Hay una amplia gama de modelos que permite seleccionar el aparato adecuado para el paciente. El tratamiento se puede empezar de forma inmediata.<\/p>\n\n\n\n<p><strong>\u221a Resistencia mejorada<\/strong>. Modelo con refuerzo en la zona incisal para una mayor resistencia, por ejemplo, en casos de mordida profunda.<\/p>\n\n\n\n<p><\/p>\n\n\n<div class=\"wp-block-image\">\n<figure class=\"aligncenter size-full\"><img loading=\"lazy\" decoding=\"async\" width=\"661\" height=\"418\" src=\"https:\/\/www.proclinic.es\/blog\/wp-content\/uploads\/2024\/05\/LM-activator.png\" alt=\"\" class=\"wp-image-14537\" srcset=\"https:\/\/www.proclinic.es\/blog\/wp-content\/uploads\/2024\/05\/LM-activator.png 661w, https:\/\/www.proclinic.es\/blog\/wp-content\/uploads\/2024\/05\/LM-activator-300x190.png 300w\" sizes=\"auto, (max-width: 661px) 100vw, 661px\" \/><\/figure><\/div>\n\n\n<p><\/p>\n\n\n\n<p><\/p>\n\n\n\n<h2 class=\"wp-block-heading\"><span class=\"ez-toc-section\" id=\"Seguridad_y_comodidad_para_el_paciente\"><\/span><strong>Seguridad y comodidad para el paciente<\/strong><span class=\"ez-toc-section-end\"><\/span><\/h2>\n\n\n\n<p><strong>\u221a Hecho de silicona de grado m\u00e9dico.<\/strong> Flexible por naturaleza y c\u00f3modo para el paciente.<\/p>\n\n\n\n<p><strong>\u221a Sin aditivos<\/strong>. Sin agentes colorantes, ftalatos, suavizantes, l\u00e1tex, bisfenol-A ni fragancias.<\/p>\n\n\n\n<p><strong>\u221a Seguro y totalmente biocompatible<\/strong>. El uso es seguro para el paciente. El material de silicona est\u00e1 probado seg\u00fan el requisito ISO 10993 para contacto permanente durante 30 d\u00edas con membranas mucosas.<\/p>\n\n\n\n<p><strong>\u221a Higi\u00e9nico<\/strong>. Es suficiente el aclarado diario con agua. Se puede desinfectar hirvi\u00e9ndolo.<\/p>\n\n\n\n<p><strong>\u221a M\u00e9todo del tratamiento basado en evidencias.<\/strong> El m\u00e9todo del tratamiento est\u00e1 probado por los resultados de investigaci\u00f3n, y el aparato se ha usado en cientos de miles de pacientes de todo el mundo.<\/p>\n\n\n\n<p><strong>\u221a Es extra\u00edble y se usa al dormir<\/strong>. El paciente puede comer cualquier alimento con normalidad y hacer ejercicio o cualquier deporte. Adem\u00e1s, no son necesarios los ajustes de los alambres ni las visitas de emergencia por rotura de las piezas de metal.<\/p>\n\n\n\n<p><strong>\u221a Es c\u00f3modo.<\/strong> Dise\u00f1o anat\u00f3mico y con huecos redondeados para los dientes.<\/p>\n\n\n\n<p><strong>\u221a Delicado con los dientes.<\/strong> La silicona suave es delicada con los dientes y c\u00f3moda para el paciente.<\/p>\n\n\n\n<p><strong>\u221a Tratamiento f\u00e1cil y simple<\/strong>. Al no ser en fases separadas, sino en un tratamiento simultaneo de la alineaci\u00f3n, nivelaci\u00f3n y correcci\u00f3n anteroposterior; se reduce la complejidad del tratamiento.<\/p>\n\n\n\n<p><\/p>\n\n\n\n<p><\/p>\n\n\n\n<h2 class=\"wp-block-heading\"><span class=\"ez-toc-section\" id=\"Las_cuatro_caracteristicas_basicas_de_los_modelos_de_LM-Activator%E2%84%A2_son_LOW_y_HIGH_y_SHORT_y_LONG\"><\/span><strong>Las cuatro caracter\u00edsticas b\u00e1sicas de los modelos de LM-Activator\u2122 son LOW y HIGH, y SHORT y LONG.<\/strong><span class=\"ez-toc-section-end\"><\/span><\/h2>\n\n\n\n<p><\/p>\n\n\n\n<p><a href=\"https:\/\/www.proclinic.es\/tienda\/lm-activator-low-short\" data-type=\"link\" data-id=\"https:\/\/www.proclinic.es\/tienda\/lm-activator-low-short\">LM-Activator\u2122 <strong>Low Short<\/strong><\/a> Modelo con una secci\u00f3n molar m\u00e1s corta para pacientes a los que a\u00fan no les han salido los segundos molares.<\/p>\n\n\n\n<p><a href=\"https:\/\/www.proclinic.es\/tienda\/lm-activator-low-long\" data-type=\"link\" data-id=\"https:\/\/www.proclinic.es\/tienda\/lm-activator-low-long\">LM-Activator\u2122 <strong>Low Long<\/strong><\/a><strong> <\/strong>Modelo con una secci\u00f3n molar m\u00e1s larga para pacientes a los que ya les han salido los segundos molares.<\/p>\n\n\n\n<p><a href=\"https:\/\/www.proclinic.es\/tienda\/lm-activator-high-short\">LM-Activator\u2122 <strong>High Short<\/strong><\/a> Modelo con una secci\u00f3n molar m\u00e1s corta para pacientes a los que a\u00fan no les han salido los segundos molares.<\/p>\n\n\n\n<p><\/p>\n\n\n\n<figure class=\"wp-block-embed aligncenter is-type-video is-provider-youtube wp-block-embed-youtube wp-embed-aspect-16-9 wp-has-aspect-ratio\"><div class=\"wp-block-embed__wrapper\">\n<iframe loading=\"lazy\" title=\"C\u00f3mo funciona LM ACTIVATOR\u2122\" width=\"1200\" height=\"675\" src=\"https:\/\/www.youtube.com\/embed\/qRzkWHaJwqM?feature=oembed\" frameborder=\"0\" allow=\"accelerometer; autoplay; clipboard-write; encrypted-media; gyroscope; picture-in-picture; web-share\" referrerpolicy=\"strict-origin-when-cross-origin\" allowfullscreen><\/iframe>\n<\/div><\/figure>\n\n\n\n<p>El modelo High es m\u00e1s grueso en la zona de los segundos premolares y molares. Esta espec\u00edficamente dise\u00f1ado para tratar los casos de mordida abierta esquel\u00e9tica y dentoalveolar.<\/p>\n\n\n\n<p><a href=\"https:\/\/www.proclinic.es\/tienda\/lm-activator-high-long\" data-type=\"link\" data-id=\"https:\/\/www.proclinic.es\/tienda\/lm-activator-high-long\">LM-Activator\u2122 <strong>High Long<\/strong><\/a> Modelo con una secci\u00f3n molar m\u00e1s larga para pacientes a los que ya les han salido los seg\u00fan dos molares. El modelo High es m\u00e1s grueso en la zona de los segundos premolares y molares. Esta espec\u00edficamente dise\u00f1ado para tratar los casos de mordida abierta esquel\u00e9tica y dentoalveolar.<\/p>\n\n\n\n<p>Para seleccionar el tama\u00f1o debe usar el LM-OrthoSizer\u2122 100151.<\/p>\n","protected":false},"excerpt":{"rendered":"<p>La gu\u00eda gradual del crecimiento de los dientes en proceso de erupci\u00f3n y las mand\u00edbulas en crecimiento se puede comparar a podar y dar soporte a una planta joven. La gu\u00eda para el crecimiento sano al principio y durante el crecimiento es m\u00e1s gradual y el resultado ser\u00e1 m\u00e1s natural. LM-Activator\u2122 es un aparato prefabricado &#8230; <a title=\"Intervenci\u00f3n temprana en ortodoncia\" class=\"read-more\" href=\"https:\/\/www.proclinic.es\/blog\/intervencion-temprana-en-ortodoncia\/\" aria-label=\"More on Intervenci\u00f3n temprana en ortodoncia\">Read more<\/a><\/p>\n","protected":false},"author":101011,"featured_media":14539,"comment_status":"open","ping_status":"open","sticky":false,"template":"","format":"standard","meta":{"footnotes":""},"categories":[146],"tags":[60,57,63],"class_list":["post-14534","post","type-post","status-publish","format-standard","has-post-thumbnail","hentry","category-ortodoncia-clinica","tag-clinica-dental","tag-ortodoncia","tag-proclinic"],"yoast_head":"<!-- This site is optimized with the Yoast SEO plugin v27.4 - https:\/\/yoast.com\/product\/yoast-seo-wordpress\/ -->\n<title>Intervenci\u00f3n temprana en ortodoncia - Blog Proclinic<\/title>\n<meta name=\"robots\" content=\"index, follow, max-snippet:-1, max-image-preview:large, max-video-preview:-1\" \/>\n<link rel=\"canonical\" href=\"https:\/\/www.proclinic.es\/blog\/intervencion-temprana-en-ortodoncia\/\" \/>\n<meta property=\"og:locale\" content=\"es_ES\" \/>\n<meta property=\"og:type\" content=\"article\" \/>\n<meta property=\"og:title\" content=\"Intervenci\u00f3n temprana en ortodoncia - Blog Proclinic\" \/>\n<meta property=\"og:description\" content=\"La gu\u00eda gradual del crecimiento de los dientes en proceso de erupci\u00f3n y las mand\u00edbulas en crecimiento se puede comparar a podar y dar soporte a una planta joven. La gu\u00eda para el crecimiento sano al principio y durante el crecimiento es m\u00e1s gradual y el resultado ser\u00e1 m\u00e1s natural. LM-Activator\u2122 es un aparato prefabricado ... Read more\" \/>\n<meta property=\"og:url\" content=\"https:\/\/www.proclinic.es\/blog\/intervencion-temprana-en-ortodoncia\/\" \/>\n<meta property=\"og:site_name\" content=\"Blog Proclinic\" \/>\n<meta property=\"article:publisher\" content=\"https:\/\/www.facebook.com\/proclinicsa\" \/>\n<meta property=\"article:published_time\" content=\"2024-05-02T08:11:39+00:00\" \/>\n<meta property=\"article:modified_time\" content=\"2024-05-07T10:28:02+00:00\" \/>\n<meta property=\"og:image\" content=\"https:\/\/www.proclinic.es\/blog\/wp-content\/uploads\/2024\/05\/Portadas-para-el-BLOG-1.png\" \/>\n\t<meta property=\"og:image:width\" content=\"800\" \/>\n\t<meta property=\"og:image:height\" content=\"600\" \/>\n\t<meta property=\"og:image:type\" content=\"image\/png\" \/>\n<meta name=\"author\" content=\"Anna\" \/>\n<meta name=\"twitter:card\" content=\"summary_large_image\" \/>\n<meta name=\"twitter:creator\" content=\"@Proclinic_SA\" \/>\n<meta name=\"twitter:site\" content=\"@Proclinic_SA\" \/>\n<meta name=\"twitter:label1\" content=\"Escrito por\" \/>\n\t<meta name=\"twitter:data1\" content=\"Anna\" \/>\n\t<meta name=\"twitter:label2\" content=\"Tiempo de lectura\" \/>\n\t<meta name=\"twitter:data2\" content=\"4 minutos\" \/>\n<script type=\"application\/ld+json\" class=\"yoast-schema-graph\">{\"@context\":\"https:\\\/\\\/schema.org\",\"@graph\":[{\"@type\":\"Article\",\"@id\":\"https:\\\/\\\/www.proclinic.es\\\/blog\\\/intervencion-temprana-en-ortodoncia\\\/#article\",\"isPartOf\":{\"@id\":\"https:\\\/\\\/www.proclinic.es\\\/blog\\\/intervencion-temprana-en-ortodoncia\\\/\"},\"author\":{\"name\":\"Anna\",\"@id\":\"https:\\\/\\\/www.proclinic.es\\\/blog\\\/#\\\/schema\\\/person\\\/85e304ea367ce3922003b0d8b388e527\"},\"headline\":\"Intervenci\u00f3n temprana en ortodoncia\",\"datePublished\":\"2024-05-02T08:11:39+00:00\",\"dateModified\":\"2024-05-07T10:28:02+00:00\",\"mainEntityOfPage\":{\"@id\":\"https:\\\/\\\/www.proclinic.es\\\/blog\\\/intervencion-temprana-en-ortodoncia\\\/\"},\"wordCount\":865,\"commentCount\":0,\"image\":{\"@id\":\"https:\\\/\\\/www.proclinic.es\\\/blog\\\/intervencion-temprana-en-ortodoncia\\\/#primaryimage\"},\"thumbnailUrl\":\"https:\\\/\\\/www.proclinic.es\\\/blog\\\/wp-content\\\/uploads\\\/2024\\\/05\\\/Portadas-para-el-BLOG-1.png\",\"keywords\":[\"cl\u00ednica dental\",\"ortodoncia\",\"proclinic\"],\"articleSection\":[\"Ortodoncia\"],\"inLanguage\":\"es\",\"potentialAction\":[{\"@type\":\"CommentAction\",\"name\":\"Comment\",\"target\":[\"https:\\\/\\\/www.proclinic.es\\\/blog\\\/intervencion-temprana-en-ortodoncia\\\/#respond\"]}]},{\"@type\":\"WebPage\",\"@id\":\"https:\\\/\\\/www.proclinic.es\\\/blog\\\/intervencion-temprana-en-ortodoncia\\\/\",\"url\":\"https:\\\/\\\/www.proclinic.es\\\/blog\\\/intervencion-temprana-en-ortodoncia\\\/\",\"name\":\"Intervenci\u00f3n temprana en ortodoncia - Blog Proclinic\",\"isPartOf\":{\"@id\":\"https:\\\/\\\/www.proclinic.es\\\/blog\\\/#website\"},\"primaryImageOfPage\":{\"@id\":\"https:\\\/\\\/www.proclinic.es\\\/blog\\\/intervencion-temprana-en-ortodoncia\\\/#primaryimage\"},\"image\":{\"@id\":\"https:\\\/\\\/www.proclinic.es\\\/blog\\\/intervencion-temprana-en-ortodoncia\\\/#primaryimage\"},\"thumbnailUrl\":\"https:\\\/\\\/www.proclinic.es\\\/blog\\\/wp-content\\\/uploads\\\/2024\\\/05\\\/Portadas-para-el-BLOG-1.png\",\"datePublished\":\"2024-05-02T08:11:39+00:00\",\"dateModified\":\"2024-05-07T10:28:02+00:00\",\"author\":{\"@id\":\"https:\\\/\\\/www.proclinic.es\\\/blog\\\/#\\\/schema\\\/person\\\/85e304ea367ce3922003b0d8b388e527\"},\"breadcrumb\":{\"@id\":\"https:\\\/\\\/www.proclinic.es\\\/blog\\\/intervencion-temprana-en-ortodoncia\\\/#breadcrumb\"},\"inLanguage\":\"es\",\"potentialAction\":[{\"@type\":\"ReadAction\",\"target\":[\"https:\\\/\\\/www.proclinic.es\\\/blog\\\/intervencion-temprana-en-ortodoncia\\\/\"]}]},{\"@type\":\"ImageObject\",\"inLanguage\":\"es\",\"@id\":\"https:\\\/\\\/www.proclinic.es\\\/blog\\\/intervencion-temprana-en-ortodoncia\\\/#primaryimage\",\"url\":\"https:\\\/\\\/www.proclinic.es\\\/blog\\\/wp-content\\\/uploads\\\/2024\\\/05\\\/Portadas-para-el-BLOG-1.png\",\"contentUrl\":\"https:\\\/\\\/www.proclinic.es\\\/blog\\\/wp-content\\\/uploads\\\/2024\\\/05\\\/Portadas-para-el-BLOG-1.png\",\"width\":800,\"height\":600,\"caption\":\"LM activator\"},{\"@type\":\"BreadcrumbList\",\"@id\":\"https:\\\/\\\/www.proclinic.es\\\/blog\\\/intervencion-temprana-en-ortodoncia\\\/#breadcrumb\",\"itemListElement\":[{\"@type\":\"ListItem\",\"position\":1,\"name\":\"Home\",\"item\":\"https:\\\/\\\/www.proclinic.es\\\/blog\\\/\"},{\"@type\":\"ListItem\",\"position\":2,\"name\":\"Intervenci\u00f3n temprana en ortodoncia\"}]},{\"@type\":\"WebSite\",\"@id\":\"https:\\\/\\\/www.proclinic.es\\\/blog\\\/#website\",\"url\":\"https:\\\/\\\/www.proclinic.es\\\/blog\\\/\",\"name\":\"Blog Proclinic\",\"description\":\"\u00a1Bienvenido al blog de Proclinic! En este espacio, nos enfocamos en brindar informaci\u00f3n valiosa y actualizada para todos los profesionales del sector dental. Nuestra misi\u00f3n es mantenerte al d\u00eda de las \u00faltimas tendencias, investigaciones y t\u00e9cnicas en el campo de la odontolog\u00eda. Exploraremos temas que van desde las novedades en materiales odontol\u00f3gicos, consejos pr\u00e1cticos para la gesti\u00f3n de cl\u00ednicas dentales hasta casos cl\u00ednicos con base cient\u00edfica, eventos del sector y mucho m\u00e1s. Te invitamos a seguir nuestro contenido, dise\u00f1ado para mantener tu pr\u00e1ctica en la vanguardia de la odontolog\u00eda moderna.\",\"potentialAction\":[{\"@type\":\"SearchAction\",\"target\":{\"@type\":\"EntryPoint\",\"urlTemplate\":\"https:\\\/\\\/www.proclinic.es\\\/blog\\\/?s={search_term_string}\"},\"query-input\":{\"@type\":\"PropertyValueSpecification\",\"valueRequired\":true,\"valueName\":\"search_term_string\"}}],\"inLanguage\":\"es\"},{\"@type\":\"Person\",\"@id\":\"https:\\\/\\\/www.proclinic.es\\\/blog\\\/#\\\/schema\\\/person\\\/85e304ea367ce3922003b0d8b388e527\",\"name\":\"Anna\",\"image\":{\"@type\":\"ImageObject\",\"inLanguage\":\"es\",\"@id\":\"https:\\\/\\\/secure.gravatar.com\\\/avatar\\\/b8b19455b6924f97d0afcdeb2791066e8c8af798468c71e0fe7e686c5d0b49f4?s=96&d=mm&r=g\",\"url\":\"https:\\\/\\\/secure.gravatar.com\\\/avatar\\\/b8b19455b6924f97d0afcdeb2791066e8c8af798468c71e0fe7e686c5d0b49f4?s=96&d=mm&r=g\",\"contentUrl\":\"https:\\\/\\\/secure.gravatar.com\\\/avatar\\\/b8b19455b6924f97d0afcdeb2791066e8c8af798468c71e0fe7e686c5d0b49f4?s=96&d=mm&r=g\",\"caption\":\"Anna\"},\"description\":\"Community Manager\",\"url\":\"https:\\\/\\\/www.proclinic.es\\\/blog\\\/author\\\/anna\\\/\"}]}<\/script>\n<!-- \/ Yoast SEO plugin. -->","yoast_head_json":{"title":"Intervenci\u00f3n temprana en ortodoncia - Blog Proclinic","robots":{"index":"index","follow":"follow","max-snippet":"max-snippet:-1","max-image-preview":"max-image-preview:large","max-video-preview":"max-video-preview:-1"},"canonical":"https:\/\/www.proclinic.es\/blog\/intervencion-temprana-en-ortodoncia\/","og_locale":"es_ES","og_type":"article","og_title":"Intervenci\u00f3n temprana en ortodoncia - Blog Proclinic","og_description":"La gu\u00eda gradual del crecimiento de los dientes en proceso de erupci\u00f3n y las mand\u00edbulas en crecimiento se puede comparar a podar y dar soporte a una planta joven. La gu\u00eda para el crecimiento sano al principio y durante el crecimiento es m\u00e1s gradual y el resultado ser\u00e1 m\u00e1s natural. LM-Activator\u2122 es un aparato prefabricado ... Read more","og_url":"https:\/\/www.proclinic.es\/blog\/intervencion-temprana-en-ortodoncia\/","og_site_name":"Blog Proclinic","article_publisher":"https:\/\/www.facebook.com\/proclinicsa","article_published_time":"2024-05-02T08:11:39+00:00","article_modified_time":"2024-05-07T10:28:02+00:00","og_image":[{"width":800,"height":600,"url":"https:\/\/www.proclinic.es\/blog\/wp-content\/uploads\/2024\/05\/Portadas-para-el-BLOG-1.png","type":"image\/png"}],"author":"Anna","twitter_card":"summary_large_image","twitter_creator":"@Proclinic_SA","twitter_site":"@Proclinic_SA","twitter_misc":{"Escrito por":"Anna","Tiempo de lectura":"4 minutos"},"schema":{"@context":"https:\/\/schema.org","@graph":[{"@type":"Article","@id":"https:\/\/www.proclinic.es\/blog\/intervencion-temprana-en-ortodoncia\/#article","isPartOf":{"@id":"https:\/\/www.proclinic.es\/blog\/intervencion-temprana-en-ortodoncia\/"},"author":{"name":"Anna","@id":"https:\/\/www.proclinic.es\/blog\/#\/schema\/person\/85e304ea367ce3922003b0d8b388e527"},"headline":"Intervenci\u00f3n temprana en ortodoncia","datePublished":"2024-05-02T08:11:39+00:00","dateModified":"2024-05-07T10:28:02+00:00","mainEntityOfPage":{"@id":"https:\/\/www.proclinic.es\/blog\/intervencion-temprana-en-ortodoncia\/"},"wordCount":865,"commentCount":0,"image":{"@id":"https:\/\/www.proclinic.es\/blog\/intervencion-temprana-en-ortodoncia\/#primaryimage"},"thumbnailUrl":"https:\/\/www.proclinic.es\/blog\/wp-content\/uploads\/2024\/05\/Portadas-para-el-BLOG-1.png","keywords":["cl\u00ednica dental","ortodoncia","proclinic"],"articleSection":["Ortodoncia"],"inLanguage":"es","potentialAction":[{"@type":"CommentAction","name":"Comment","target":["https:\/\/www.proclinic.es\/blog\/intervencion-temprana-en-ortodoncia\/#respond"]}]},{"@type":"WebPage","@id":"https:\/\/www.proclinic.es\/blog\/intervencion-temprana-en-ortodoncia\/","url":"https:\/\/www.proclinic.es\/blog\/intervencion-temprana-en-ortodoncia\/","name":"Intervenci\u00f3n temprana en ortodoncia - Blog Proclinic","isPartOf":{"@id":"https:\/\/www.proclinic.es\/blog\/#website"},"primaryImageOfPage":{"@id":"https:\/\/www.proclinic.es\/blog\/intervencion-temprana-en-ortodoncia\/#primaryimage"},"image":{"@id":"https:\/\/www.proclinic.es\/blog\/intervencion-temprana-en-ortodoncia\/#primaryimage"},"thumbnailUrl":"https:\/\/www.proclinic.es\/blog\/wp-content\/uploads\/2024\/05\/Portadas-para-el-BLOG-1.png","datePublished":"2024-05-02T08:11:39+00:00","dateModified":"2024-05-07T10:28:02+00:00","author":{"@id":"https:\/\/www.proclinic.es\/blog\/#\/schema\/person\/85e304ea367ce3922003b0d8b388e527"},"breadcrumb":{"@id":"https:\/\/www.proclinic.es\/blog\/intervencion-temprana-en-ortodoncia\/#breadcrumb"},"inLanguage":"es","potentialAction":[{"@type":"ReadAction","target":["https:\/\/www.proclinic.es\/blog\/intervencion-temprana-en-ortodoncia\/"]}]},{"@type":"ImageObject","inLanguage":"es","@id":"https:\/\/www.proclinic.es\/blog\/intervencion-temprana-en-ortodoncia\/#primaryimage","url":"https:\/\/www.proclinic.es\/blog\/wp-content\/uploads\/2024\/05\/Portadas-para-el-BLOG-1.png","contentUrl":"https:\/\/www.proclinic.es\/blog\/wp-content\/uploads\/2024\/05\/Portadas-para-el-BLOG-1.png","width":800,"height":600,"caption":"LM activator"},{"@type":"BreadcrumbList","@id":"https:\/\/www.proclinic.es\/blog\/intervencion-temprana-en-ortodoncia\/#breadcrumb","itemListElement":[{"@type":"ListItem","position":1,"name":"Home","item":"https:\/\/www.proclinic.es\/blog\/"},{"@type":"ListItem","position":2,"name":"Intervenci\u00f3n temprana en ortodoncia"}]},{"@type":"WebSite","@id":"https:\/\/www.proclinic.es\/blog\/#website","url":"https:\/\/www.proclinic.es\/blog\/","name":"Blog Proclinic","description":"\u00a1Bienvenido al blog de Proclinic! En este espacio, nos enfocamos en brindar informaci\u00f3n valiosa y actualizada para todos los profesionales del sector dental. Nuestra misi\u00f3n es mantenerte al d\u00eda de las \u00faltimas tendencias, investigaciones y t\u00e9cnicas en el campo de la odontolog\u00eda. Exploraremos temas que van desde las novedades en materiales odontol\u00f3gicos, consejos pr\u00e1cticos para la gesti\u00f3n de cl\u00ednicas dentales hasta casos cl\u00ednicos con base cient\u00edfica, eventos del sector y mucho m\u00e1s. Te invitamos a seguir nuestro contenido, dise\u00f1ado para mantener tu pr\u00e1ctica en la vanguardia de la odontolog\u00eda moderna.","potentialAction":[{"@type":"SearchAction","target":{"@type":"EntryPoint","urlTemplate":"https:\/\/www.proclinic.es\/blog\/?s={search_term_string}"},"query-input":{"@type":"PropertyValueSpecification","valueRequired":true,"valueName":"search_term_string"}}],"inLanguage":"es"},{"@type":"Person","@id":"https:\/\/www.proclinic.es\/blog\/#\/schema\/person\/85e304ea367ce3922003b0d8b388e527","name":"Anna","image":{"@type":"ImageObject","inLanguage":"es","@id":"https:\/\/secure.gravatar.com\/avatar\/b8b19455b6924f97d0afcdeb2791066e8c8af798468c71e0fe7e686c5d0b49f4?s=96&d=mm&r=g","url":"https:\/\/secure.gravatar.com\/avatar\/b8b19455b6924f97d0afcdeb2791066e8c8af798468c71e0fe7e686c5d0b49f4?s=96&d=mm&r=g","contentUrl":"https:\/\/secure.gravatar.com\/avatar\/b8b19455b6924f97d0afcdeb2791066e8c8af798468c71e0fe7e686c5d0b49f4?s=96&d=mm&r=g","caption":"Anna"},"description":"Community Manager","url":"https:\/\/www.proclinic.es\/blog\/author\/anna\/"}]}},"jetpack_featured_media_url":"https:\/\/www.proclinic.es\/blog\/wp-content\/uploads\/2024\/05\/Portadas-para-el-BLOG-1.png","_links":{"self":[{"href":"https:\/\/www.proclinic.es\/blog\/wp-json\/wp\/v2\/posts\/14534","targetHints":{"allow":["GET"]}}],"collection":[{"href":"https:\/\/www.proclinic.es\/blog\/wp-json\/wp\/v2\/posts"}],"about":[{"href":"https:\/\/www.proclinic.es\/blog\/wp-json\/wp\/v2\/types\/post"}],"author":[{"embeddable":true,"href":"https:\/\/www.proclinic.es\/blog\/wp-json\/wp\/v2\/users\/101011"}],"replies":[{"embeddable":true,"href":"https:\/\/www.proclinic.es\/blog\/wp-json\/wp\/v2\/comments?post=14534"}],"version-history":[{"count":3,"href":"https:\/\/www.proclinic.es\/blog\/wp-json\/wp\/v2\/posts\/14534\/revisions"}],"predecessor-version":[{"id":14538,"href":"https:\/\/www.proclinic.es\/blog\/wp-json\/wp\/v2\/posts\/14534\/revisions\/14538"}],"wp:featuredmedia":[{"embeddable":true,"href":"https:\/\/www.proclinic.es\/blog\/wp-json\/wp\/v2\/media\/14539"}],"wp:attachment":[{"href":"https:\/\/www.proclinic.es\/blog\/wp-json\/wp\/v2\/media?parent=14534"}],"wp:term":[{"taxonomy":"category","embeddable":true,"href":"https:\/\/www.proclinic.es\/blog\/wp-json\/wp\/v2\/categories?post=14534"},{"taxonomy":"post_tag","embeddable":true,"href":"https:\/\/www.proclinic.es\/blog\/wp-json\/wp\/v2\/tags?post=14534"}],"curies":[{"name":"wp","href":"https:\/\/api.w.org\/{rel}","templated":true}]}}