{"id":14517,"date":"2024-04-26T09:00:00","date_gmt":"2024-04-26T07:00:00","guid":{"rendered":"https:\/\/www.proclinic.es\/blog\/?p=14517"},"modified":"2024-04-17T09:13:40","modified_gmt":"2024-04-17T07:13:40","slug":"corrige-la-maloclusion-de-clase-ii-con-d-bar","status":"publish","type":"post","link":"https:\/\/www.proclinic.es\/blog\/corrige-la-maloclusion-de-clase-ii-con-d-bar\/","title":{"rendered":"Corrige la maloclusi\u00f3n de clase II con D-bar"},"content":{"rendered":"\n<p><\/p>\n\n\n\n<p><\/p>\n\n\n\n<p><strong>La maloclusi\u00f3n dental de clase II<\/strong>, la relaci\u00f3n distal entre los molares inferiores y superiores, es com\u00fan en la poblaci\u00f3n. Afecta a alrededor del 30% de los ni\u00f1os en todo el mundo, sin predilecci\u00f3n por sexo.<\/p>\n\n\n\n<p>La maloclusi\u00f3n de Clase II puede estar asociada con anomal\u00edas esquel\u00e9ticas en aproximadamente el 75% de los pacientes, que generalmente presentan un retrognatismo mandibular resultante de una mand\u00edbula acortada y una protrusi\u00f3n maxilar.<\/p>\n\n\n\n<p>La clase II conlleva un mayor riesgo de traumatismo dental, una percepci\u00f3n m\u00e1s negativa de la est\u00e9tica facial y dental, un impacto negativo en la calidad de vida y la autoestima, una mayor predisposici\u00f3n a <a href=\"https:\/\/www.nidcr.nih.gov\/espanol\/temas-de-salud\/la-enfermedad-de-las-encias\" data-type=\"link\" data-id=\"https:\/\/www.nidcr.nih.gov\/espanol\/temas-de-salud\/la-enfermedad-de-las-encias\">enfermedades periodontales <\/a>y desgaste dental, y una reducci\u00f3n del espacio orofar\u00edngeo y mayor incidencia de trastornos del sue\u00f1o.<\/p>\n\n\n\n<p>Las filosof\u00edas de tratamiento de ortodoncia actuales de la clase II se han orientado hacia modalidades de tratamiento conservadoras para evitar extracciones. La distalizaci\u00f3n molar, un enfoque para tratar la maloclusi\u00f3n de clase II, se utiliza para alargar la arcada dental mediante el movimiento posterior de los dientes del segmento bucal para proporcionar espacio en la arcada maxilar. As\u00ed, est\u00e1 indicado principalmente para tratar la protrusi\u00f3n dental o esquel\u00e9tica moderada de la arcada superior, el api\u00f1amiento leve o moderado y cuando los pacientes rechazan las extracciones.<\/p>\n\n\n\n<p>La distalizaci\u00f3n de los molares se puede lograr utilizando aparatos extraorales o intraorales. Las desventajas de los dispositivos extraorales son su apariencia desagradable y la dependencia del cumplimiento del paciente, lo que los convierte en la opci\u00f3n menos aceptable para doctores y pacientes. Existe una amplia variedad de aparatos distalizadores intraorales disponibles. Aun as\u00ed, las fuerzas ejercidas por la mayor\u00eda de ellos resultan en efectos dentales no deseados, como la proinclinaci\u00f3n de los incisivos superiores, la apertura de la mordida, la inclinaci\u00f3n de los molares y la p\u00e9rdida del anclaje anterior inferior.<\/p>\n\n\n\n<p><strong>D-bar<\/strong> es un aparato de ortodoncia de cementado directo que proporciona una soluci\u00f3n de tratamiento de <strong>Clase II<\/strong> para dentici\u00f3n primaria, permanente o mixta, y su dise\u00f1o optimiza la relaci\u00f3n molar minimizando la sobre extrusi\u00f3n canina, con un dise\u00f1o altamente est\u00e9tico para mayor comodidad y reducci\u00f3n del tiempo de tratamiento.<\/p>\n\n\n\n<p>El principio cl\u00ednico de la correcci\u00f3n de <strong>Clase II utilizando D-bar<\/strong> se basa en establecer una relaci\u00f3n de Clase I al comienzo del tratamiento cuando el cumplimiento del paciente es alto y antes de iniciar la correcci\u00f3n de la posici\u00f3n y alineaci\u00f3n de los dientes individuales con aparatos fijos o terapia con alineadores transparentes.<\/p>\n\n\n\n<p><\/p>\n\n\n\n<p><\/p>\n\n\n<div class=\"wp-block-image\">\n<figure class=\"aligncenter size-full\"><img loading=\"lazy\" decoding=\"async\" width=\"605\" height=\"292\" src=\"https:\/\/www.proclinic.es\/blog\/wp-content\/uploads\/2024\/04\/maloclusion-de-clase-II-correccion-con-D-Bar.png\" alt=\"\" class=\"wp-image-14521\" srcset=\"https:\/\/www.proclinic.es\/blog\/wp-content\/uploads\/2024\/04\/maloclusion-de-clase-II-correccion-con-D-Bar.png 605w, https:\/\/www.proclinic.es\/blog\/wp-content\/uploads\/2024\/04\/maloclusion-de-clase-II-correccion-con-D-Bar-300x145.png 300w\" sizes=\"auto, (max-width: 605px) 100vw, 605px\" \/><\/figure><\/div>\n\n\n<p><\/p>\n\n\n\n<p><\/p>\n\n\n\n<p><\/p>\n\n\n\n<p><strong>D-bar<\/strong> consta de un conector para molares y una barra que se suministra sin montar y unida bilateralmente a los caninos superiores y a los primeros molares. La almohadilla canina, que lleva un gancho mesial para colocar el\u00e1sticos intermaxilares, se adhiere al tercio anterior de la corona cl\u00ednica. <strong>Es posible simplemente reemplazar la barra o cambiar su tama\u00f1o durante la terapia<\/strong> si las condiciones cl\u00ednicas lo requieren. Esta caracter\u00edstica hace que el D-Bar sea flexible, reduciendo y simplificando el inventario de la cl\u00ednica. Tambi\u00e9n puede integrarse en el flujo de trabajo digital y colocarse mediante el procedimiento de cementado indirecto; de hecho, el uso de dos componentes separados permite incorporar el dispositivo en plantillas o plantillas de transferencia.<\/p>\n\n\n\n<p>D-bar est\u00e1 disponible en <strong>doce tama\u00f1os<\/strong> con incrementos de un mil\u00edmetro, desde el tama\u00f1o 16 al 27. La identificaci\u00f3n de las medidas es f\u00e1cil y r\u00e1pida gracias al marcado l\u00e1ser.<\/p>\n\n\n\n<p><\/p>\n\n\n\n<p><\/p>\n\n\n\n<p><\/p>\n\n\n\n<h2 class=\"wp-block-heading\"><strong>\u00bfCu\u00e1les son las principales ventajas de usar D-Bar para corregir la maloclusi\u00f3n dental de clase II?<\/strong><\/h2>\n\n\n\n<p><\/p>\n\n\n\n<p><\/p>\n\n\n\n<p><strong>1. Precisi\u00f3n.<\/strong> El sistema de bloqueo ha sido dise\u00f1ado con tolerancias estrictas para una mayor eficacia del tratamiento y minimizar los movimientos caninos no deseados o movimientos entre arcadas.<\/p>\n\n\n\n<p><strong>2. Efectividad. <\/strong>Posici\u00f3n del gancho extremadamente mesial para aumentar la eficacia del dispositivo.<\/p>\n\n\n\n<p><strong>3. Ahorro de tiempo.<\/strong> La correcta uni\u00f3n del molar es sencilla gracias a las l\u00edneas de posicionamiento mesio-distal y ocluso-gingival. El marcado l\u00e1ser facilita la identificaci\u00f3n del tama\u00f1o adecuado.<\/p>\n\n\n\n<p><strong>4. Reducci\u00f3n del tiempo de tratamiento.<\/strong> D-bar mejora la relaci\u00f3n molar, agilizando el tratamiento de ortodoncia.<\/p>\n\n\n\n<p><strong>5. Comodidad.<\/strong> Su dise\u00f1o suave y de perfil bajo mejora la comodidad y el cumplimiento del paciente durante el tratamiento.<\/p>\n\n\n\n<p><\/p>\n\n\n\n<figure class=\"wp-block-gallery has-nested-images columns-default is-cropped wp-block-gallery-1 is-layout-flex wp-block-gallery-is-layout-flex\">\n<figure class=\"wp-block-image size-large\"><img loading=\"lazy\" decoding=\"async\" width=\"800\" height=\"533\" data-id=\"14522\" src=\"https:\/\/www.proclinic.es\/blog\/wp-content\/uploads\/2024\/04\/box-d-bar-800x533.png\" alt=\"\" class=\"wp-image-14522\" srcset=\"https:\/\/www.proclinic.es\/blog\/wp-content\/uploads\/2024\/04\/box-d-bar-800x533.png 800w, https:\/\/www.proclinic.es\/blog\/wp-content\/uploads\/2024\/04\/box-d-bar-300x200.png 300w, https:\/\/www.proclinic.es\/blog\/wp-content\/uploads\/2024\/04\/box-d-bar-768x512.png 768w, https:\/\/www.proclinic.es\/blog\/wp-content\/uploads\/2024\/04\/box-d-bar-1536x1024.png 1536w, https:\/\/www.proclinic.es\/blog\/wp-content\/uploads\/2024\/04\/box-d-bar-2048x1365.png 2048w\" sizes=\"auto, (max-width: 800px) 100vw, 800px\" \/><\/figure>\n\n\n\n<figure class=\"wp-block-image size-large\"><img loading=\"lazy\" decoding=\"async\" width=\"640\" height=\"800\" data-id=\"14523\" src=\"https:\/\/www.proclinic.es\/blog\/wp-content\/uploads\/2024\/04\/post-cadcam-marzo-640x800.png\" alt=\"\" class=\"wp-image-14523\" srcset=\"https:\/\/www.proclinic.es\/blog\/wp-content\/uploads\/2024\/04\/post-cadcam-marzo-640x800.png 640w, https:\/\/www.proclinic.es\/blog\/wp-content\/uploads\/2024\/04\/post-cadcam-marzo-240x300.png 240w, https:\/\/www.proclinic.es\/blog\/wp-content\/uploads\/2024\/04\/post-cadcam-marzo-768x960.png 768w, https:\/\/www.proclinic.es\/blog\/wp-content\/uploads\/2024\/04\/post-cadcam-marzo.png 1080w\" sizes=\"auto, (max-width: 640px) 100vw, 640px\" \/><\/figure>\n<\/figure>\n\n\n\n<p><a href=\"https:\/\/www.proclinic.es\/tienda\/d-bar-aparato-corrector-clase-ii-kit\" data-type=\"link\" data-id=\"https:\/\/www.proclinic.es\/tienda\/d-bar-aparato-corrector-clase-ii-kit\">D-bar est\u00e1 disponible en paquetes<\/a>  y <a href=\"https:\/\/www.proclinic.es\/tienda\/d-bar-aparato-corrector-de-clase-ii\" data-type=\"link\" data-id=\"https:\/\/www.proclinic.es\/tienda\/d-bar-aparato-corrector-de-clase-ii\">juegos individuales<\/a> . El paquete individual contiene dos barras del mismo tama\u00f1o, dos conectores para molares y una regla. El juego incluye 24 barras (dos de cada tama\u00f1o), 24 conectores para molares, una pinza y 24 reglas.<\/p>\n\n\n\n<p><\/p>\n","protected":false},"excerpt":{"rendered":"<p>La maloclusi\u00f3n dental de clase II, la relaci\u00f3n distal entre los molares inferiores y superiores, es com\u00fan en la poblaci\u00f3n. Afecta a alrededor del 30% de los ni\u00f1os en todo el mundo, sin predilecci\u00f3n por sexo. La maloclusi\u00f3n de Clase II puede estar asociada con anomal\u00edas esquel\u00e9ticas en aproximadamente el 75% de los pacientes, que &#8230; <a title=\"Corrige la maloclusi\u00f3n de clase II con D-bar\" class=\"read-more\" href=\"https:\/\/www.proclinic.es\/blog\/corrige-la-maloclusion-de-clase-ii-con-d-bar\/\" aria-label=\"More on Corrige la maloclusi\u00f3n de clase II con D-bar\">Read more<\/a><\/p>\n","protected":false},"author":101011,"featured_media":14528,"comment_status":"open","ping_status":"open","sticky":false,"template":"","format":"standard","meta":{"footnotes":""},"categories":[146],"tags":[60,57,63],"class_list":["post-14517","post","type-post","status-publish","format-standard","has-post-thumbnail","hentry","category-ortodoncia-clinica","tag-clinica-dental","tag-ortodoncia","tag-proclinic"],"yoast_head":"<!-- This site is optimized with the Yoast SEO plugin v27.4 - https:\/\/yoast.com\/product\/yoast-seo-wordpress\/ -->\n<title>Corrige la maloclusi\u00f3n de clase II con D-bar - Blog Proclinic<\/title>\n<meta name=\"robots\" content=\"index, follow, max-snippet:-1, max-image-preview:large, max-video-preview:-1\" \/>\n<link rel=\"canonical\" href=\"https:\/\/www.proclinic.es\/blog\/corrige-la-maloclusion-de-clase-ii-con-d-bar\/\" \/>\n<meta property=\"og:locale\" content=\"es_ES\" \/>\n<meta property=\"og:type\" content=\"article\" \/>\n<meta property=\"og:title\" content=\"Corrige la maloclusi\u00f3n de clase II con D-bar - Blog Proclinic\" \/>\n<meta property=\"og:description\" content=\"La maloclusi\u00f3n dental de clase II, la relaci\u00f3n distal entre los molares inferiores y superiores, es com\u00fan en la poblaci\u00f3n. Afecta a alrededor del 30% de los ni\u00f1os en todo el mundo, sin predilecci\u00f3n por sexo. La maloclusi\u00f3n de Clase II puede estar asociada con anomal\u00edas esquel\u00e9ticas en aproximadamente el 75% de los pacientes, que ... Read more\" \/>\n<meta property=\"og:url\" content=\"https:\/\/www.proclinic.es\/blog\/corrige-la-maloclusion-de-clase-ii-con-d-bar\/\" \/>\n<meta property=\"og:site_name\" content=\"Blog Proclinic\" \/>\n<meta property=\"article:publisher\" content=\"https:\/\/www.facebook.com\/proclinicsa\" \/>\n<meta property=\"article:published_time\" content=\"2024-04-26T07:00:00+00:00\" \/>\n<meta property=\"og:image\" content=\"https:\/\/www.proclinic.es\/blog\/wp-content\/uploads\/2024\/04\/maloclusion-dental-tipo-2-corregir-con-dbar.png\" \/>\n\t<meta property=\"og:image:width\" content=\"800\" \/>\n\t<meta property=\"og:image:height\" content=\"600\" \/>\n\t<meta property=\"og:image:type\" content=\"image\/png\" \/>\n<meta name=\"author\" content=\"Anna\" \/>\n<meta name=\"twitter:card\" content=\"summary_large_image\" \/>\n<meta name=\"twitter:creator\" content=\"@Proclinic_SA\" \/>\n<meta name=\"twitter:site\" content=\"@Proclinic_SA\" \/>\n<meta name=\"twitter:label1\" content=\"Escrito por\" \/>\n\t<meta name=\"twitter:data1\" content=\"Anna\" \/>\n\t<meta name=\"twitter:label2\" content=\"Tiempo de lectura\" \/>\n\t<meta name=\"twitter:data2\" content=\"4 minutos\" \/>\n<script type=\"application\/ld+json\" class=\"yoast-schema-graph\">{\"@context\":\"https:\\\/\\\/schema.org\",\"@graph\":[{\"@type\":\"Article\",\"@id\":\"https:\\\/\\\/www.proclinic.es\\\/blog\\\/corrige-la-maloclusion-de-clase-ii-con-d-bar\\\/#article\",\"isPartOf\":{\"@id\":\"https:\\\/\\\/www.proclinic.es\\\/blog\\\/corrige-la-maloclusion-de-clase-ii-con-d-bar\\\/\"},\"author\":{\"name\":\"Anna\",\"@id\":\"https:\\\/\\\/www.proclinic.es\\\/blog\\\/#\\\/schema\\\/person\\\/85e304ea367ce3922003b0d8b388e527\"},\"headline\":\"Corrige la maloclusi\u00f3n de clase II con D-bar\",\"datePublished\":\"2024-04-26T07:00:00+00:00\",\"mainEntityOfPage\":{\"@id\":\"https:\\\/\\\/www.proclinic.es\\\/blog\\\/corrige-la-maloclusion-de-clase-ii-con-d-bar\\\/\"},\"wordCount\":787,\"commentCount\":0,\"image\":{\"@id\":\"https:\\\/\\\/www.proclinic.es\\\/blog\\\/corrige-la-maloclusion-de-clase-ii-con-d-bar\\\/#primaryimage\"},\"thumbnailUrl\":\"https:\\\/\\\/www.proclinic.es\\\/blog\\\/wp-content\\\/uploads\\\/2024\\\/04\\\/maloclusion-dental-tipo-2-corregir-con-dbar.png\",\"keywords\":[\"cl\u00ednica dental\",\"ortodoncia\",\"proclinic\"],\"articleSection\":[\"Ortodoncia\"],\"inLanguage\":\"es\",\"potentialAction\":[{\"@type\":\"CommentAction\",\"name\":\"Comment\",\"target\":[\"https:\\\/\\\/www.proclinic.es\\\/blog\\\/corrige-la-maloclusion-de-clase-ii-con-d-bar\\\/#respond\"]}]},{\"@type\":\"WebPage\",\"@id\":\"https:\\\/\\\/www.proclinic.es\\\/blog\\\/corrige-la-maloclusion-de-clase-ii-con-d-bar\\\/\",\"url\":\"https:\\\/\\\/www.proclinic.es\\\/blog\\\/corrige-la-maloclusion-de-clase-ii-con-d-bar\\\/\",\"name\":\"Corrige la maloclusi\u00f3n de clase II con D-bar - Blog Proclinic\",\"isPartOf\":{\"@id\":\"https:\\\/\\\/www.proclinic.es\\\/blog\\\/#website\"},\"primaryImageOfPage\":{\"@id\":\"https:\\\/\\\/www.proclinic.es\\\/blog\\\/corrige-la-maloclusion-de-clase-ii-con-d-bar\\\/#primaryimage\"},\"image\":{\"@id\":\"https:\\\/\\\/www.proclinic.es\\\/blog\\\/corrige-la-maloclusion-de-clase-ii-con-d-bar\\\/#primaryimage\"},\"thumbnailUrl\":\"https:\\\/\\\/www.proclinic.es\\\/blog\\\/wp-content\\\/uploads\\\/2024\\\/04\\\/maloclusion-dental-tipo-2-corregir-con-dbar.png\",\"datePublished\":\"2024-04-26T07:00:00+00:00\",\"author\":{\"@id\":\"https:\\\/\\\/www.proclinic.es\\\/blog\\\/#\\\/schema\\\/person\\\/85e304ea367ce3922003b0d8b388e527\"},\"breadcrumb\":{\"@id\":\"https:\\\/\\\/www.proclinic.es\\\/blog\\\/corrige-la-maloclusion-de-clase-ii-con-d-bar\\\/#breadcrumb\"},\"inLanguage\":\"es\",\"potentialAction\":[{\"@type\":\"ReadAction\",\"target\":[\"https:\\\/\\\/www.proclinic.es\\\/blog\\\/corrige-la-maloclusion-de-clase-ii-con-d-bar\\\/\"]}]},{\"@type\":\"ImageObject\",\"inLanguage\":\"es\",\"@id\":\"https:\\\/\\\/www.proclinic.es\\\/blog\\\/corrige-la-maloclusion-de-clase-ii-con-d-bar\\\/#primaryimage\",\"url\":\"https:\\\/\\\/www.proclinic.es\\\/blog\\\/wp-content\\\/uploads\\\/2024\\\/04\\\/maloclusion-dental-tipo-2-corregir-con-dbar.png\",\"contentUrl\":\"https:\\\/\\\/www.proclinic.es\\\/blog\\\/wp-content\\\/uploads\\\/2024\\\/04\\\/maloclusion-dental-tipo-2-corregir-con-dbar.png\",\"width\":800,\"height\":600,\"caption\":\"maloclusion dental tipo 2 corregir con dbar\"},{\"@type\":\"BreadcrumbList\",\"@id\":\"https:\\\/\\\/www.proclinic.es\\\/blog\\\/corrige-la-maloclusion-de-clase-ii-con-d-bar\\\/#breadcrumb\",\"itemListElement\":[{\"@type\":\"ListItem\",\"position\":1,\"name\":\"Home\",\"item\":\"https:\\\/\\\/www.proclinic.es\\\/blog\\\/\"},{\"@type\":\"ListItem\",\"position\":2,\"name\":\"Corrige la maloclusi\u00f3n de clase II con D-bar\"}]},{\"@type\":\"WebSite\",\"@id\":\"https:\\\/\\\/www.proclinic.es\\\/blog\\\/#website\",\"url\":\"https:\\\/\\\/www.proclinic.es\\\/blog\\\/\",\"name\":\"Blog Proclinic\",\"description\":\"\u00a1Bienvenido al blog de Proclinic! En este espacio, nos enfocamos en brindar informaci\u00f3n valiosa y actualizada para todos los profesionales del sector dental. Nuestra misi\u00f3n es mantenerte al d\u00eda de las \u00faltimas tendencias, investigaciones y t\u00e9cnicas en el campo de la odontolog\u00eda. Exploraremos temas que van desde las novedades en materiales odontol\u00f3gicos, consejos pr\u00e1cticos para la gesti\u00f3n de cl\u00ednicas dentales hasta casos cl\u00ednicos con base cient\u00edfica, eventos del sector y mucho m\u00e1s. Te invitamos a seguir nuestro contenido, dise\u00f1ado para mantener tu pr\u00e1ctica en la vanguardia de la odontolog\u00eda moderna.\",\"potentialAction\":[{\"@type\":\"SearchAction\",\"target\":{\"@type\":\"EntryPoint\",\"urlTemplate\":\"https:\\\/\\\/www.proclinic.es\\\/blog\\\/?s={search_term_string}\"},\"query-input\":{\"@type\":\"PropertyValueSpecification\",\"valueRequired\":true,\"valueName\":\"search_term_string\"}}],\"inLanguage\":\"es\"},{\"@type\":\"Person\",\"@id\":\"https:\\\/\\\/www.proclinic.es\\\/blog\\\/#\\\/schema\\\/person\\\/85e304ea367ce3922003b0d8b388e527\",\"name\":\"Anna\",\"image\":{\"@type\":\"ImageObject\",\"inLanguage\":\"es\",\"@id\":\"https:\\\/\\\/secure.gravatar.com\\\/avatar\\\/b8b19455b6924f97d0afcdeb2791066e8c8af798468c71e0fe7e686c5d0b49f4?s=96&d=mm&r=g\",\"url\":\"https:\\\/\\\/secure.gravatar.com\\\/avatar\\\/b8b19455b6924f97d0afcdeb2791066e8c8af798468c71e0fe7e686c5d0b49f4?s=96&d=mm&r=g\",\"contentUrl\":\"https:\\\/\\\/secure.gravatar.com\\\/avatar\\\/b8b19455b6924f97d0afcdeb2791066e8c8af798468c71e0fe7e686c5d0b49f4?s=96&d=mm&r=g\",\"caption\":\"Anna\"},\"description\":\"Community Manager\",\"url\":\"https:\\\/\\\/www.proclinic.es\\\/blog\\\/author\\\/anna\\\/\"}]}<\/script>\n<!-- \/ Yoast SEO plugin. -->","yoast_head_json":{"title":"Corrige la maloclusi\u00f3n de clase II con D-bar - Blog Proclinic","robots":{"index":"index","follow":"follow","max-snippet":"max-snippet:-1","max-image-preview":"max-image-preview:large","max-video-preview":"max-video-preview:-1"},"canonical":"https:\/\/www.proclinic.es\/blog\/corrige-la-maloclusion-de-clase-ii-con-d-bar\/","og_locale":"es_ES","og_type":"article","og_title":"Corrige la maloclusi\u00f3n de clase II con D-bar - Blog Proclinic","og_description":"La maloclusi\u00f3n dental de clase II, la relaci\u00f3n distal entre los molares inferiores y superiores, es com\u00fan en la poblaci\u00f3n. Afecta a alrededor del 30% de los ni\u00f1os en todo el mundo, sin predilecci\u00f3n por sexo. La maloclusi\u00f3n de Clase II puede estar asociada con anomal\u00edas esquel\u00e9ticas en aproximadamente el 75% de los pacientes, que ... Read more","og_url":"https:\/\/www.proclinic.es\/blog\/corrige-la-maloclusion-de-clase-ii-con-d-bar\/","og_site_name":"Blog Proclinic","article_publisher":"https:\/\/www.facebook.com\/proclinicsa","article_published_time":"2024-04-26T07:00:00+00:00","og_image":[{"width":800,"height":600,"url":"https:\/\/www.proclinic.es\/blog\/wp-content\/uploads\/2024\/04\/maloclusion-dental-tipo-2-corregir-con-dbar.png","type":"image\/png"}],"author":"Anna","twitter_card":"summary_large_image","twitter_creator":"@Proclinic_SA","twitter_site":"@Proclinic_SA","twitter_misc":{"Escrito por":"Anna","Tiempo de lectura":"4 minutos"},"schema":{"@context":"https:\/\/schema.org","@graph":[{"@type":"Article","@id":"https:\/\/www.proclinic.es\/blog\/corrige-la-maloclusion-de-clase-ii-con-d-bar\/#article","isPartOf":{"@id":"https:\/\/www.proclinic.es\/blog\/corrige-la-maloclusion-de-clase-ii-con-d-bar\/"},"author":{"name":"Anna","@id":"https:\/\/www.proclinic.es\/blog\/#\/schema\/person\/85e304ea367ce3922003b0d8b388e527"},"headline":"Corrige la maloclusi\u00f3n de clase II con D-bar","datePublished":"2024-04-26T07:00:00+00:00","mainEntityOfPage":{"@id":"https:\/\/www.proclinic.es\/blog\/corrige-la-maloclusion-de-clase-ii-con-d-bar\/"},"wordCount":787,"commentCount":0,"image":{"@id":"https:\/\/www.proclinic.es\/blog\/corrige-la-maloclusion-de-clase-ii-con-d-bar\/#primaryimage"},"thumbnailUrl":"https:\/\/www.proclinic.es\/blog\/wp-content\/uploads\/2024\/04\/maloclusion-dental-tipo-2-corregir-con-dbar.png","keywords":["cl\u00ednica dental","ortodoncia","proclinic"],"articleSection":["Ortodoncia"],"inLanguage":"es","potentialAction":[{"@type":"CommentAction","name":"Comment","target":["https:\/\/www.proclinic.es\/blog\/corrige-la-maloclusion-de-clase-ii-con-d-bar\/#respond"]}]},{"@type":"WebPage","@id":"https:\/\/www.proclinic.es\/blog\/corrige-la-maloclusion-de-clase-ii-con-d-bar\/","url":"https:\/\/www.proclinic.es\/blog\/corrige-la-maloclusion-de-clase-ii-con-d-bar\/","name":"Corrige la maloclusi\u00f3n de clase II con D-bar - Blog Proclinic","isPartOf":{"@id":"https:\/\/www.proclinic.es\/blog\/#website"},"primaryImageOfPage":{"@id":"https:\/\/www.proclinic.es\/blog\/corrige-la-maloclusion-de-clase-ii-con-d-bar\/#primaryimage"},"image":{"@id":"https:\/\/www.proclinic.es\/blog\/corrige-la-maloclusion-de-clase-ii-con-d-bar\/#primaryimage"},"thumbnailUrl":"https:\/\/www.proclinic.es\/blog\/wp-content\/uploads\/2024\/04\/maloclusion-dental-tipo-2-corregir-con-dbar.png","datePublished":"2024-04-26T07:00:00+00:00","author":{"@id":"https:\/\/www.proclinic.es\/blog\/#\/schema\/person\/85e304ea367ce3922003b0d8b388e527"},"breadcrumb":{"@id":"https:\/\/www.proclinic.es\/blog\/corrige-la-maloclusion-de-clase-ii-con-d-bar\/#breadcrumb"},"inLanguage":"es","potentialAction":[{"@type":"ReadAction","target":["https:\/\/www.proclinic.es\/blog\/corrige-la-maloclusion-de-clase-ii-con-d-bar\/"]}]},{"@type":"ImageObject","inLanguage":"es","@id":"https:\/\/www.proclinic.es\/blog\/corrige-la-maloclusion-de-clase-ii-con-d-bar\/#primaryimage","url":"https:\/\/www.proclinic.es\/blog\/wp-content\/uploads\/2024\/04\/maloclusion-dental-tipo-2-corregir-con-dbar.png","contentUrl":"https:\/\/www.proclinic.es\/blog\/wp-content\/uploads\/2024\/04\/maloclusion-dental-tipo-2-corregir-con-dbar.png","width":800,"height":600,"caption":"maloclusion dental tipo 2 corregir con dbar"},{"@type":"BreadcrumbList","@id":"https:\/\/www.proclinic.es\/blog\/corrige-la-maloclusion-de-clase-ii-con-d-bar\/#breadcrumb","itemListElement":[{"@type":"ListItem","position":1,"name":"Home","item":"https:\/\/www.proclinic.es\/blog\/"},{"@type":"ListItem","position":2,"name":"Corrige la maloclusi\u00f3n de clase II con D-bar"}]},{"@type":"WebSite","@id":"https:\/\/www.proclinic.es\/blog\/#website","url":"https:\/\/www.proclinic.es\/blog\/","name":"Blog Proclinic","description":"\u00a1Bienvenido al blog de Proclinic! En este espacio, nos enfocamos en brindar informaci\u00f3n valiosa y actualizada para todos los profesionales del sector dental. Nuestra misi\u00f3n es mantenerte al d\u00eda de las \u00faltimas tendencias, investigaciones y t\u00e9cnicas en el campo de la odontolog\u00eda. Exploraremos temas que van desde las novedades en materiales odontol\u00f3gicos, consejos pr\u00e1cticos para la gesti\u00f3n de cl\u00ednicas dentales hasta casos cl\u00ednicos con base cient\u00edfica, eventos del sector y mucho m\u00e1s. Te invitamos a seguir nuestro contenido, dise\u00f1ado para mantener tu pr\u00e1ctica en la vanguardia de la odontolog\u00eda moderna.","potentialAction":[{"@type":"SearchAction","target":{"@type":"EntryPoint","urlTemplate":"https:\/\/www.proclinic.es\/blog\/?s={search_term_string}"},"query-input":{"@type":"PropertyValueSpecification","valueRequired":true,"valueName":"search_term_string"}}],"inLanguage":"es"},{"@type":"Person","@id":"https:\/\/www.proclinic.es\/blog\/#\/schema\/person\/85e304ea367ce3922003b0d8b388e527","name":"Anna","image":{"@type":"ImageObject","inLanguage":"es","@id":"https:\/\/secure.gravatar.com\/avatar\/b8b19455b6924f97d0afcdeb2791066e8c8af798468c71e0fe7e686c5d0b49f4?s=96&d=mm&r=g","url":"https:\/\/secure.gravatar.com\/avatar\/b8b19455b6924f97d0afcdeb2791066e8c8af798468c71e0fe7e686c5d0b49f4?s=96&d=mm&r=g","contentUrl":"https:\/\/secure.gravatar.com\/avatar\/b8b19455b6924f97d0afcdeb2791066e8c8af798468c71e0fe7e686c5d0b49f4?s=96&d=mm&r=g","caption":"Anna"},"description":"Community Manager","url":"https:\/\/www.proclinic.es\/blog\/author\/anna\/"}]}},"jetpack_featured_media_url":"https:\/\/www.proclinic.es\/blog\/wp-content\/uploads\/2024\/04\/maloclusion-dental-tipo-2-corregir-con-dbar.png","_links":{"self":[{"href":"https:\/\/www.proclinic.es\/blog\/wp-json\/wp\/v2\/posts\/14517","targetHints":{"allow":["GET"]}}],"collection":[{"href":"https:\/\/www.proclinic.es\/blog\/wp-json\/wp\/v2\/posts"}],"about":[{"href":"https:\/\/www.proclinic.es\/blog\/wp-json\/wp\/v2\/types\/post"}],"author":[{"embeddable":true,"href":"https:\/\/www.proclinic.es\/blog\/wp-json\/wp\/v2\/users\/101011"}],"replies":[{"embeddable":true,"href":"https:\/\/www.proclinic.es\/blog\/wp-json\/wp\/v2\/comments?post=14517"}],"version-history":[{"count":8,"href":"https:\/\/www.proclinic.es\/blog\/wp-json\/wp\/v2\/posts\/14517\/revisions"}],"predecessor-version":[{"id":14529,"href":"https:\/\/www.proclinic.es\/blog\/wp-json\/wp\/v2\/posts\/14517\/revisions\/14529"}],"wp:featuredmedia":[{"embeddable":true,"href":"https:\/\/www.proclinic.es\/blog\/wp-json\/wp\/v2\/media\/14528"}],"wp:attachment":[{"href":"https:\/\/www.proclinic.es\/blog\/wp-json\/wp\/v2\/media?parent=14517"}],"wp:term":[{"taxonomy":"category","embeddable":true,"href":"https:\/\/www.proclinic.es\/blog\/wp-json\/wp\/v2\/categories?post=14517"},{"taxonomy":"post_tag","embeddable":true,"href":"https:\/\/www.proclinic.es\/blog\/wp-json\/wp\/v2\/tags?post=14517"}],"curies":[{"name":"wp","href":"https:\/\/api.w.org\/{rel}","templated":true}]}}