{"id":1370,"date":"2014-06-20T10:05:14","date_gmt":"2014-06-20T09:05:14","guid":{"rendered":"http:\/\/localhost\/blogProclinic\/web\/?p=1370"},"modified":"2015-10-05T17:34:57","modified_gmt":"2015-10-05T15:34:57","slug":"capitulo-15-el-material-en-periodoncia","status":"publish","type":"post","link":"https:\/\/www.proclinic.es\/blog\/capitulo-15-el-material-en-periodoncia\/","title":{"rendered":"Cap\u00edtulo 15: El material en periodoncia"},"content":{"rendered":"<p><strong><span style=\"line-height: 1.5em;\">La periodoncia es la especialidad de la odontolog\u00eda que comprende la prevenci\u00f3n, el diagn\u00f3stico, el tratamiento y el pron\u00f3stico de las enfermedades de los tejidos que rodean y soportan al diente, y el mantenimiento de la salud, la funci\u00f3n y la est\u00e9tica de esas estructuras y tejidos.<!--more--><\/span><\/strong><\/p>\n<p>&nbsp;<\/p>\n<p><strong>Odontobook<\/strong>, es una gu\u00eda pr\u00e1ctica y publicaci\u00f3n de referencia en la Odontolog\u00eda del siglo XXI, tanto para el estudiante como para el profesional.<\/p>\n<p>&nbsp;<\/p>\n<p>&nbsp;<\/p>\n<p>&nbsp;<\/p>\n<p>&nbsp;<\/p>\n","protected":false},"excerpt":{"rendered":"<p>La periodoncia es la especialidad de la odontolog\u00eda que comprende la prevenci\u00f3n, el diagn\u00f3stico, el tratamiento y el pron\u00f3stico de las enfermedades de los tejidos que rodean y soportan al diente, y el mantenimiento de la salud, la funci\u00f3n y la est\u00e9tica de esas estructuras y tejidos.<\/p>\n","protected":false},"author":101011,"featured_media":1373,"comment_status":"open","ping_status":"open","sticky":false,"template":"","format":"video","meta":{"footnotes":""},"categories":[48,15],"tags":[],"class_list":["post-1370","post","type-post","status-publish","format-video","has-post-thumbnail","hentry","category-odontobook","category-videos","post_format-post-format-video"],"yoast_head":"<!-- This site is optimized with the Yoast SEO plugin v25.9 - https:\/\/yoast.com\/wordpress\/plugins\/seo\/ -->\n<title>Blog Proclinic - El material en periodoncia<\/title>\n<meta name=\"description\" content=\"Odontobook, es una gu\u00eda pr\u00e1ctica y publicaci\u00f3n de referencia en la Odontolog\u00eda del siglo XXI, tanto para el estudiante como para el profesional.\" \/>\n<meta name=\"robots\" content=\"index, follow, max-snippet:-1, max-image-preview:large, max-video-preview:-1\" \/>\n<link rel=\"canonical\" href=\"https:\/\/www.proclinic.es\/blog\/capitulo-15-el-material-en-periodoncia\/\" \/>\n<meta property=\"og:locale\" content=\"es_ES\" \/>\n<meta property=\"og:type\" content=\"article\" \/>\n<meta property=\"og:title\" content=\"Blog Proclinic - El material en periodoncia\" \/>\n<meta property=\"og:description\" content=\"Odontobook, es una gu\u00eda pr\u00e1ctica y publicaci\u00f3n de referencia en la Odontolog\u00eda del siglo XXI, tanto para el estudiante como para el profesional.\" \/>\n<meta property=\"og:url\" content=\"https:\/\/www.proclinic.es\/blog\/capitulo-15-el-material-en-periodoncia\/\" \/>\n<meta property=\"og:site_name\" content=\"Blog Proclinic\" \/>\n<meta property=\"article:publisher\" content=\"https:\/\/www.facebook.com\/proclinicsa\" \/>\n<meta property=\"article:published_time\" content=\"2014-06-20T09:05:14+00:00\" \/>\n<meta property=\"article:modified_time\" content=\"2015-10-05T15:34:57+00:00\" \/>\n<meta property=\"og:image\" content=\"https:\/\/www.proclinic.es\/blog\/wp-content\/uploads\/2014\/06\/odontobook15.jpg\" \/>\n\t<meta property=\"og:image:width\" content=\"1009\" \/>\n\t<meta property=\"og:image:height\" content=\"481\" \/>\n\t<meta property=\"og:image:type\" content=\"image\/jpeg\" \/>\n<meta name=\"author\" content=\"Anna\" \/>\n<meta name=\"twitter:card\" content=\"summary_large_image\" \/>\n<meta name=\"twitter:creator\" content=\"@Proclinic_SA\" \/>\n<meta name=\"twitter:site\" content=\"@Proclinic_SA\" \/>\n<meta name=\"twitter:label1\" content=\"Escrito por\" \/>\n\t<meta name=\"twitter:data1\" content=\"Anna\" \/>\n<script type=\"application\/ld+json\" class=\"yoast-schema-graph\">{\"@context\":\"https:\/\/schema.org\",\"@graph\":[{\"@type\":\"WebPage\",\"@id\":\"https:\/\/www.proclinic.es\/blog\/capitulo-15-el-material-en-periodoncia\/\",\"url\":\"https:\/\/www.proclinic.es\/blog\/capitulo-15-el-material-en-periodoncia\/\",\"name\":\"Blog Proclinic - El material en periodoncia\",\"isPartOf\":{\"@id\":\"https:\/\/www.proclinic.es\/blog\/#website\"},\"primaryImageOfPage\":{\"@id\":\"https:\/\/www.proclinic.es\/blog\/capitulo-15-el-material-en-periodoncia\/#primaryimage\"},\"image\":{\"@id\":\"https:\/\/www.proclinic.es\/blog\/capitulo-15-el-material-en-periodoncia\/#primaryimage\"},\"thumbnailUrl\":\"https:\/\/www.proclinic.es\/blog\/wp-content\/uploads\/2014\/06\/odontobook15.jpg\",\"datePublished\":\"2014-06-20T09:05:14+00:00\",\"dateModified\":\"2015-10-05T15:34:57+00:00\",\"author\":{\"@id\":\"https:\/\/www.proclinic.es\/blog\/#\/schema\/person\/85e304ea367ce3922003b0d8b388e527\"},\"description\":\"Odontobook, es una gu\u00eda pr\u00e1ctica y publicaci\u00f3n de referencia en la Odontolog\u00eda del siglo XXI, tanto para el estudiante como para el profesional.\",\"breadcrumb\":{\"@id\":\"https:\/\/www.proclinic.es\/blog\/capitulo-15-el-material-en-periodoncia\/#breadcrumb\"},\"inLanguage\":\"es\",\"potentialAction\":[{\"@type\":\"ReadAction\",\"target\":[\"https:\/\/www.proclinic.es\/blog\/capitulo-15-el-material-en-periodoncia\/\"]}]},{\"@type\":\"ImageObject\",\"inLanguage\":\"es\",\"@id\":\"https:\/\/www.proclinic.es\/blog\/capitulo-15-el-material-en-periodoncia\/#primaryimage\",\"url\":\"https:\/\/www.proclinic.es\/blog\/wp-content\/uploads\/2014\/06\/odontobook15.jpg\",\"contentUrl\":\"https:\/\/www.proclinic.es\/blog\/wp-content\/uploads\/2014\/06\/odontobook15.jpg\",\"width\":1009,\"height\":481,\"caption\":\"Odontobook Proclinic\"},{\"@type\":\"BreadcrumbList\",\"@id\":\"https:\/\/www.proclinic.es\/blog\/capitulo-15-el-material-en-periodoncia\/#breadcrumb\",\"itemListElement\":[{\"@type\":\"ListItem\",\"position\":1,\"name\":\"Home\",\"item\":\"https:\/\/www.proclinic.es\/blog\/\"},{\"@type\":\"ListItem\",\"position\":2,\"name\":\"Cap\u00edtulo 15: El material en periodoncia\"}]},{\"@type\":\"WebSite\",\"@id\":\"https:\/\/www.proclinic.es\/blog\/#website\",\"url\":\"https:\/\/www.proclinic.es\/blog\/\",\"name\":\"Blog Proclinic\",\"description\":\"\u00a1Bienvenido al blog de Proclinic! En este espacio, nos enfocamos en brindar informaci\u00f3n valiosa y actualizada para todos los profesionales del sector dental. Nuestra misi\u00f3n es mantenerte al d\u00eda de las \u00faltimas tendencias, investigaciones y t\u00e9cnicas en el campo de la odontolog\u00eda. Exploraremos temas que van desde las novedades en materiales odontol\u00f3gicos, consejos pr\u00e1cticos para la gesti\u00f3n de cl\u00ednicas dentales hasta casos cl\u00ednicos con base cient\u00edfica, eventos del sector y mucho m\u00e1s. Te invitamos a seguir nuestro contenido, dise\u00f1ado para mantener tu pr\u00e1ctica en la vanguardia de la odontolog\u00eda moderna.\",\"potentialAction\":[{\"@type\":\"SearchAction\",\"target\":{\"@type\":\"EntryPoint\",\"urlTemplate\":\"https:\/\/www.proclinic.es\/blog\/?s={search_term_string}\"},\"query-input\":{\"@type\":\"PropertyValueSpecification\",\"valueRequired\":true,\"valueName\":\"search_term_string\"}}],\"inLanguage\":\"es\"},{\"@type\":\"Person\",\"@id\":\"https:\/\/www.proclinic.es\/blog\/#\/schema\/person\/85e304ea367ce3922003b0d8b388e527\",\"name\":\"Anna\",\"image\":{\"@type\":\"ImageObject\",\"inLanguage\":\"es\",\"@id\":\"https:\/\/www.proclinic.es\/blog\/#\/schema\/person\/image\/\",\"url\":\"https:\/\/secure.gravatar.com\/avatar\/b8b19455b6924f97d0afcdeb2791066e8c8af798468c71e0fe7e686c5d0b49f4?s=96&d=mm&r=g\",\"contentUrl\":\"https:\/\/secure.gravatar.com\/avatar\/b8b19455b6924f97d0afcdeb2791066e8c8af798468c71e0fe7e686c5d0b49f4?s=96&d=mm&r=g\",\"caption\":\"Anna\"},\"description\":\"Community Manager\",\"url\":\"https:\/\/www.proclinic.es\/blog\/author\/anna\/\"}]}<\/script>\n<!-- \/ Yoast SEO plugin. -->","yoast_head_json":{"title":"Blog Proclinic - El material en periodoncia","description":"Odontobook, es una gu\u00eda pr\u00e1ctica y publicaci\u00f3n de referencia en la Odontolog\u00eda del siglo XXI, tanto para el estudiante como para el profesional.","robots":{"index":"index","follow":"follow","max-snippet":"max-snippet:-1","max-image-preview":"max-image-preview:large","max-video-preview":"max-video-preview:-1"},"canonical":"https:\/\/www.proclinic.es\/blog\/capitulo-15-el-material-en-periodoncia\/","og_locale":"es_ES","og_type":"article","og_title":"Blog Proclinic - El material en periodoncia","og_description":"Odontobook, es una gu\u00eda pr\u00e1ctica y publicaci\u00f3n de referencia en la Odontolog\u00eda del siglo XXI, tanto para el estudiante como para el profesional.","og_url":"https:\/\/www.proclinic.es\/blog\/capitulo-15-el-material-en-periodoncia\/","og_site_name":"Blog Proclinic","article_publisher":"https:\/\/www.facebook.com\/proclinicsa","article_published_time":"2014-06-20T09:05:14+00:00","article_modified_time":"2015-10-05T15:34:57+00:00","og_image":[{"width":1009,"height":481,"url":"https:\/\/www.proclinic.es\/blog\/wp-content\/uploads\/2014\/06\/odontobook15.jpg","type":"image\/jpeg"}],"author":"Anna","twitter_card":"summary_large_image","twitter_creator":"@Proclinic_SA","twitter_site":"@Proclinic_SA","twitter_misc":{"Escrito por":"Anna"},"schema":{"@context":"https:\/\/schema.org","@graph":[{"@type":"WebPage","@id":"https:\/\/www.proclinic.es\/blog\/capitulo-15-el-material-en-periodoncia\/","url":"https:\/\/www.proclinic.es\/blog\/capitulo-15-el-material-en-periodoncia\/","name":"Blog Proclinic - El material en periodoncia","isPartOf":{"@id":"https:\/\/www.proclinic.es\/blog\/#website"},"primaryImageOfPage":{"@id":"https:\/\/www.proclinic.es\/blog\/capitulo-15-el-material-en-periodoncia\/#primaryimage"},"image":{"@id":"https:\/\/www.proclinic.es\/blog\/capitulo-15-el-material-en-periodoncia\/#primaryimage"},"thumbnailUrl":"https:\/\/www.proclinic.es\/blog\/wp-content\/uploads\/2014\/06\/odontobook15.jpg","datePublished":"2014-06-20T09:05:14+00:00","dateModified":"2015-10-05T15:34:57+00:00","author":{"@id":"https:\/\/www.proclinic.es\/blog\/#\/schema\/person\/85e304ea367ce3922003b0d8b388e527"},"description":"Odontobook, es una gu\u00eda pr\u00e1ctica y publicaci\u00f3n de referencia en la Odontolog\u00eda del siglo XXI, tanto para el estudiante como para el profesional.","breadcrumb":{"@id":"https:\/\/www.proclinic.es\/blog\/capitulo-15-el-material-en-periodoncia\/#breadcrumb"},"inLanguage":"es","potentialAction":[{"@type":"ReadAction","target":["https:\/\/www.proclinic.es\/blog\/capitulo-15-el-material-en-periodoncia\/"]}]},{"@type":"ImageObject","inLanguage":"es","@id":"https:\/\/www.proclinic.es\/blog\/capitulo-15-el-material-en-periodoncia\/#primaryimage","url":"https:\/\/www.proclinic.es\/blog\/wp-content\/uploads\/2014\/06\/odontobook15.jpg","contentUrl":"https:\/\/www.proclinic.es\/blog\/wp-content\/uploads\/2014\/06\/odontobook15.jpg","width":1009,"height":481,"caption":"Odontobook Proclinic"},{"@type":"BreadcrumbList","@id":"https:\/\/www.proclinic.es\/blog\/capitulo-15-el-material-en-periodoncia\/#breadcrumb","itemListElement":[{"@type":"ListItem","position":1,"name":"Home","item":"https:\/\/www.proclinic.es\/blog\/"},{"@type":"ListItem","position":2,"name":"Cap\u00edtulo 15: El material en periodoncia"}]},{"@type":"WebSite","@id":"https:\/\/www.proclinic.es\/blog\/#website","url":"https:\/\/www.proclinic.es\/blog\/","name":"Blog Proclinic","description":"\u00a1Bienvenido al blog de Proclinic! En este espacio, nos enfocamos en brindar informaci\u00f3n valiosa y actualizada para todos los profesionales del sector dental. Nuestra misi\u00f3n es mantenerte al d\u00eda de las \u00faltimas tendencias, investigaciones y t\u00e9cnicas en el campo de la odontolog\u00eda. Exploraremos temas que van desde las novedades en materiales odontol\u00f3gicos, consejos pr\u00e1cticos para la gesti\u00f3n de cl\u00ednicas dentales hasta casos cl\u00ednicos con base cient\u00edfica, eventos del sector y mucho m\u00e1s. Te invitamos a seguir nuestro contenido, dise\u00f1ado para mantener tu pr\u00e1ctica en la vanguardia de la odontolog\u00eda moderna.","potentialAction":[{"@type":"SearchAction","target":{"@type":"EntryPoint","urlTemplate":"https:\/\/www.proclinic.es\/blog\/?s={search_term_string}"},"query-input":{"@type":"PropertyValueSpecification","valueRequired":true,"valueName":"search_term_string"}}],"inLanguage":"es"},{"@type":"Person","@id":"https:\/\/www.proclinic.es\/blog\/#\/schema\/person\/85e304ea367ce3922003b0d8b388e527","name":"Anna","image":{"@type":"ImageObject","inLanguage":"es","@id":"https:\/\/www.proclinic.es\/blog\/#\/schema\/person\/image\/","url":"https:\/\/secure.gravatar.com\/avatar\/b8b19455b6924f97d0afcdeb2791066e8c8af798468c71e0fe7e686c5d0b49f4?s=96&d=mm&r=g","contentUrl":"https:\/\/secure.gravatar.com\/avatar\/b8b19455b6924f97d0afcdeb2791066e8c8af798468c71e0fe7e686c5d0b49f4?s=96&d=mm&r=g","caption":"Anna"},"description":"Community Manager","url":"https:\/\/www.proclinic.es\/blog\/author\/anna\/"}]}},"jetpack_featured_media_url":"https:\/\/www.proclinic.es\/blog\/wp-content\/uploads\/2014\/06\/odontobook15.jpg","_links":{"self":[{"href":"https:\/\/www.proclinic.es\/blog\/wp-json\/wp\/v2\/posts\/1370","targetHints":{"allow":["GET"]}}],"collection":[{"href":"https:\/\/www.proclinic.es\/blog\/wp-json\/wp\/v2\/posts"}],"about":[{"href":"https:\/\/www.proclinic.es\/blog\/wp-json\/wp\/v2\/types\/post"}],"author":[{"embeddable":true,"href":"https:\/\/www.proclinic.es\/blog\/wp-json\/wp\/v2\/users\/101011"}],"replies":[{"embeddable":true,"href":"https:\/\/www.proclinic.es\/blog\/wp-json\/wp\/v2\/comments?post=1370"}],"version-history":[{"count":3,"href":"https:\/\/www.proclinic.es\/blog\/wp-json\/wp\/v2\/posts\/1370\/revisions"}],"predecessor-version":[{"id":2229,"href":"https:\/\/www.proclinic.es\/blog\/wp-json\/wp\/v2\/posts\/1370\/revisions\/2229"}],"wp:featuredmedia":[{"embeddable":true,"href":"https:\/\/www.proclinic.es\/blog\/wp-json\/wp\/v2\/media\/1373"}],"wp:attachment":[{"href":"https:\/\/www.proclinic.es\/blog\/wp-json\/wp\/v2\/media?parent=1370"}],"wp:term":[{"taxonomy":"category","embeddable":true,"href":"https:\/\/www.proclinic.es\/blog\/wp-json\/wp\/v2\/categories?post=1370"},{"taxonomy":"post_tag","embeddable":true,"href":"https:\/\/www.proclinic.es\/blog\/wp-json\/wp\/v2\/tags?post=1370"}],"curies":[{"name":"wp","href":"https:\/\/api.w.org\/{rel}","templated":true}]}}