{"id":1315,"date":"2014-06-10T10:13:37","date_gmt":"2014-06-10T09:13:37","guid":{"rendered":"http:\/\/localhost\/blogProclinic\/web\/?p=1315"},"modified":"2014-10-03T10:34:46","modified_gmt":"2014-10-03T08:34:46","slug":"primer-curso-sobre-principios-basicos-de-estetica-dental-en-el-aula-proclinic","status":"publish","type":"post","link":"https:\/\/www.proclinic.es\/blog\/primer-curso-sobre-principios-basicos-de-estetica-dental-en-el-aula-proclinic\/","title":{"rendered":"Primer curso sobre principios b\u00e1sicos de est\u00e9tica dental en el Aula Proclinic"},"content":{"rendered":"<p><strong>El pasado 23 de mayo tuvo lugar en nuestra Aula Proclinic de Madrid, el primer curso sobre Principios b\u00e1sicos de est\u00e9tica. Color y caracter\u00edsticas \u00f3pticas. Estratificaci\u00f3n con Amaris. Pr\u00e1cticas clase IV con Amaris y clase II con GrandioSO.<\/strong><!--more--><\/p>\n<p>La ponencia corri\u00f3 a cargo de la Dra. Joana Souza Andrade, Profesora del M\u00e1ster en Odontolog\u00eda Conservadora y Endodoncia de la Universidad Rey Juan Carlos de Madrid, y Mag\u00edster en Odontolog\u00eda Est\u00e9tica en la Universidad Complutense de Madrid, entre otros.<\/p>\n<p>El curso tuvo una parte te\u00f3rica y una parte pr\u00e1ctica, gracias a la colaboraci\u00f3n de la empresa Voco, y asistieron un total de 20 odont\u00f3logos.<\/p>\n<p>Consulta nuestra agenda de cursos y eventos en\u00a0<a title=\"Proclinic - Cursos y eventos\" href=\"https:\/\/www.proclinic.es\/formacion\" target=\"_blank\">https:\/\/www.proclinic.es\/formacion<\/a><\/p>\n<p>&nbsp;<\/p>\n","protected":false},"excerpt":{"rendered":"<p>El pasado 23 de mayo tuvo lugar en nuestra Aula Proclinic de Madrid, el primer curso sobre Principios b\u00e1sicos de est\u00e9tica. Color y caracter\u00edsticas \u00f3pticas. Estratificaci\u00f3n con Amaris. Pr\u00e1cticas clase IV con Amaris y clase II con GrandioSO.<\/p>\n","protected":false},"author":101011,"featured_media":1317,"comment_status":"open","ping_status":"open","sticky":false,"template":"","format":"gallery","meta":{"footnotes":""},"categories":[43],"tags":[],"class_list":["post-1315","post","type-post","status-publish","format-gallery","has-post-thumbnail","hentry","category-formacion","post_format-post-format-gallery"],"yoast_head":"<!-- This site is optimized with the Yoast SEO plugin v27.4 - https:\/\/yoast.com\/product\/yoast-seo-wordpress\/ -->\n<title>Curso est\u00e9tica dental Aula Proclinic - Blog Proclinic<\/title>\n<meta name=\"description\" content=\"El pasado 23 de mayo tuvo lugar en nuestra Aula Proclinic de Madrid, el primer curso sobre Principios b\u00e1sicos de est\u00e9tica.\" \/>\n<meta name=\"robots\" content=\"index, follow, max-snippet:-1, max-image-preview:large, max-video-preview:-1\" \/>\n<link rel=\"canonical\" href=\"https:\/\/www.proclinic.es\/blog\/primer-curso-sobre-principios-basicos-de-estetica-dental-en-el-aula-proclinic\/\" \/>\n<meta property=\"og:locale\" content=\"es_ES\" \/>\n<meta property=\"og:type\" content=\"article\" \/>\n<meta property=\"og:title\" content=\"Curso est\u00e9tica dental Aula Proclinic - Blog Proclinic\" \/>\n<meta property=\"og:description\" content=\"El pasado 23 de mayo tuvo lugar en nuestra Aula Proclinic de Madrid, el primer curso sobre Principios b\u00e1sicos de est\u00e9tica.\" \/>\n<meta property=\"og:url\" content=\"https:\/\/www.proclinic.es\/blog\/primer-curso-sobre-principios-basicos-de-estetica-dental-en-el-aula-proclinic\/\" \/>\n<meta property=\"og:site_name\" content=\"Blog Proclinic\" \/>\n<meta property=\"article:publisher\" content=\"https:\/\/www.facebook.com\/proclinicsa\" \/>\n<meta property=\"article:published_time\" content=\"2014-06-10T09:13:37+00:00\" \/>\n<meta property=\"article:modified_time\" content=\"2014-10-03T08:34:46+00:00\" \/>\n<meta property=\"og:image\" content=\"https:\/\/www.proclinic.es\/blog\/wp-content\/uploads\/2014\/06\/IMG_2771-scaled.jpg\" \/>\n\t<meta property=\"og:image:width\" content=\"2560\" \/>\n\t<meta property=\"og:image:height\" content=\"1920\" \/>\n\t<meta property=\"og:image:type\" content=\"image\/jpeg\" \/>\n<meta name=\"author\" content=\"Anna\" \/>\n<meta name=\"twitter:card\" content=\"summary_large_image\" \/>\n<meta name=\"twitter:creator\" content=\"@Proclinic_SA\" \/>\n<meta name=\"twitter:site\" content=\"@Proclinic_SA\" \/>\n<meta name=\"twitter:label1\" content=\"Escrito por\" \/>\n\t<meta name=\"twitter:data1\" content=\"Anna\" \/>\n\t<meta name=\"twitter:label2\" content=\"Tiempo de lectura\" \/>\n\t<meta name=\"twitter:data2\" content=\"1 minuto\" \/>\n<script type=\"application\/ld+json\" class=\"yoast-schema-graph\">{\"@context\":\"https:\\\/\\\/schema.org\",\"@graph\":[{\"@type\":\"Article\",\"@id\":\"https:\\\/\\\/www.proclinic.es\\\/blog\\\/primer-curso-sobre-principios-basicos-de-estetica-dental-en-el-aula-proclinic\\\/#article\",\"isPartOf\":{\"@id\":\"https:\\\/\\\/www.proclinic.es\\\/blog\\\/primer-curso-sobre-principios-basicos-de-estetica-dental-en-el-aula-proclinic\\\/\"},\"author\":{\"name\":\"Anna\",\"@id\":\"https:\\\/\\\/www.proclinic.es\\\/blog\\\/#\\\/schema\\\/person\\\/85e304ea367ce3922003b0d8b388e527\"},\"headline\":\"Primer curso sobre principios b\u00e1sicos de est\u00e9tica dental en el Aula Proclinic\",\"datePublished\":\"2014-06-10T09:13:37+00:00\",\"dateModified\":\"2014-10-03T08:34:46+00:00\",\"mainEntityOfPage\":{\"@id\":\"https:\\\/\\\/www.proclinic.es\\\/blog\\\/primer-curso-sobre-principios-basicos-de-estetica-dental-en-el-aula-proclinic\\\/\"},\"wordCount\":143,\"commentCount\":0,\"image\":{\"@id\":\"https:\\\/\\\/www.proclinic.es\\\/blog\\\/primer-curso-sobre-principios-basicos-de-estetica-dental-en-el-aula-proclinic\\\/#primaryimage\"},\"thumbnailUrl\":\"https:\\\/\\\/www.proclinic.es\\\/blog\\\/wp-content\\\/uploads\\\/2014\\\/06\\\/IMG_2771-scaled.jpg\",\"articleSection\":[\"Formaci\u00f3n y Eventos\"],\"inLanguage\":\"es\",\"potentialAction\":[{\"@type\":\"CommentAction\",\"name\":\"Comment\",\"target\":[\"https:\\\/\\\/www.proclinic.es\\\/blog\\\/primer-curso-sobre-principios-basicos-de-estetica-dental-en-el-aula-proclinic\\\/#respond\"]}]},{\"@type\":\"WebPage\",\"@id\":\"https:\\\/\\\/www.proclinic.es\\\/blog\\\/primer-curso-sobre-principios-basicos-de-estetica-dental-en-el-aula-proclinic\\\/\",\"url\":\"https:\\\/\\\/www.proclinic.es\\\/blog\\\/primer-curso-sobre-principios-basicos-de-estetica-dental-en-el-aula-proclinic\\\/\",\"name\":\"Curso est\u00e9tica dental Aula Proclinic - Blog Proclinic\",\"isPartOf\":{\"@id\":\"https:\\\/\\\/www.proclinic.es\\\/blog\\\/#website\"},\"primaryImageOfPage\":{\"@id\":\"https:\\\/\\\/www.proclinic.es\\\/blog\\\/primer-curso-sobre-principios-basicos-de-estetica-dental-en-el-aula-proclinic\\\/#primaryimage\"},\"image\":{\"@id\":\"https:\\\/\\\/www.proclinic.es\\\/blog\\\/primer-curso-sobre-principios-basicos-de-estetica-dental-en-el-aula-proclinic\\\/#primaryimage\"},\"thumbnailUrl\":\"https:\\\/\\\/www.proclinic.es\\\/blog\\\/wp-content\\\/uploads\\\/2014\\\/06\\\/IMG_2771-scaled.jpg\",\"datePublished\":\"2014-06-10T09:13:37+00:00\",\"dateModified\":\"2014-10-03T08:34:46+00:00\",\"author\":{\"@id\":\"https:\\\/\\\/www.proclinic.es\\\/blog\\\/#\\\/schema\\\/person\\\/85e304ea367ce3922003b0d8b388e527\"},\"description\":\"El pasado 23 de mayo tuvo lugar en nuestra Aula Proclinic de Madrid, el primer curso sobre Principios b\u00e1sicos de est\u00e9tica.\",\"breadcrumb\":{\"@id\":\"https:\\\/\\\/www.proclinic.es\\\/blog\\\/primer-curso-sobre-principios-basicos-de-estetica-dental-en-el-aula-proclinic\\\/#breadcrumb\"},\"inLanguage\":\"es\",\"potentialAction\":[{\"@type\":\"ReadAction\",\"target\":[\"https:\\\/\\\/www.proclinic.es\\\/blog\\\/primer-curso-sobre-principios-basicos-de-estetica-dental-en-el-aula-proclinic\\\/\"]}]},{\"@type\":\"ImageObject\",\"inLanguage\":\"es\",\"@id\":\"https:\\\/\\\/www.proclinic.es\\\/blog\\\/primer-curso-sobre-principios-basicos-de-estetica-dental-en-el-aula-proclinic\\\/#primaryimage\",\"url\":\"https:\\\/\\\/www.proclinic.es\\\/blog\\\/wp-content\\\/uploads\\\/2014\\\/06\\\/IMG_2771-scaled.jpg\",\"contentUrl\":\"https:\\\/\\\/www.proclinic.es\\\/blog\\\/wp-content\\\/uploads\\\/2014\\\/06\\\/IMG_2771-scaled.jpg\",\"width\":2560,\"height\":1920,\"caption\":\"Formaci\u00f3n Proclinic\"},{\"@type\":\"BreadcrumbList\",\"@id\":\"https:\\\/\\\/www.proclinic.es\\\/blog\\\/primer-curso-sobre-principios-basicos-de-estetica-dental-en-el-aula-proclinic\\\/#breadcrumb\",\"itemListElement\":[{\"@type\":\"ListItem\",\"position\":1,\"name\":\"Home\",\"item\":\"https:\\\/\\\/www.proclinic.es\\\/blog\\\/\"},{\"@type\":\"ListItem\",\"position\":2,\"name\":\"Primer curso sobre principios b\u00e1sicos de est\u00e9tica dental en el Aula Proclinic\"}]},{\"@type\":\"WebSite\",\"@id\":\"https:\\\/\\\/www.proclinic.es\\\/blog\\\/#website\",\"url\":\"https:\\\/\\\/www.proclinic.es\\\/blog\\\/\",\"name\":\"Blog Proclinic\",\"description\":\"\u00a1Bienvenido al blog de Proclinic! En este espacio, nos enfocamos en brindar informaci\u00f3n valiosa y actualizada para todos los profesionales del sector dental. Nuestra misi\u00f3n es mantenerte al d\u00eda de las \u00faltimas tendencias, investigaciones y t\u00e9cnicas en el campo de la odontolog\u00eda. Exploraremos temas que van desde las novedades en materiales odontol\u00f3gicos, consejos pr\u00e1cticos para la gesti\u00f3n de cl\u00ednicas dentales hasta casos cl\u00ednicos con base cient\u00edfica, eventos del sector y mucho m\u00e1s. Te invitamos a seguir nuestro contenido, dise\u00f1ado para mantener tu pr\u00e1ctica en la vanguardia de la odontolog\u00eda moderna.\",\"potentialAction\":[{\"@type\":\"SearchAction\",\"target\":{\"@type\":\"EntryPoint\",\"urlTemplate\":\"https:\\\/\\\/www.proclinic.es\\\/blog\\\/?s={search_term_string}\"},\"query-input\":{\"@type\":\"PropertyValueSpecification\",\"valueRequired\":true,\"valueName\":\"search_term_string\"}}],\"inLanguage\":\"es\"},{\"@type\":\"Person\",\"@id\":\"https:\\\/\\\/www.proclinic.es\\\/blog\\\/#\\\/schema\\\/person\\\/85e304ea367ce3922003b0d8b388e527\",\"name\":\"Anna\",\"image\":{\"@type\":\"ImageObject\",\"inLanguage\":\"es\",\"@id\":\"https:\\\/\\\/secure.gravatar.com\\\/avatar\\\/b8b19455b6924f97d0afcdeb2791066e8c8af798468c71e0fe7e686c5d0b49f4?s=96&d=mm&r=g\",\"url\":\"https:\\\/\\\/secure.gravatar.com\\\/avatar\\\/b8b19455b6924f97d0afcdeb2791066e8c8af798468c71e0fe7e686c5d0b49f4?s=96&d=mm&r=g\",\"contentUrl\":\"https:\\\/\\\/secure.gravatar.com\\\/avatar\\\/b8b19455b6924f97d0afcdeb2791066e8c8af798468c71e0fe7e686c5d0b49f4?s=96&d=mm&r=g\",\"caption\":\"Anna\"},\"description\":\"Community Manager\",\"url\":\"https:\\\/\\\/www.proclinic.es\\\/blog\\\/author\\\/anna\\\/\"}]}<\/script>\n<!-- \/ Yoast SEO plugin. -->","yoast_head_json":{"title":"Curso est\u00e9tica dental Aula Proclinic - Blog Proclinic","description":"El pasado 23 de mayo tuvo lugar en nuestra Aula Proclinic de Madrid, el primer curso sobre Principios b\u00e1sicos de est\u00e9tica.","robots":{"index":"index","follow":"follow","max-snippet":"max-snippet:-1","max-image-preview":"max-image-preview:large","max-video-preview":"max-video-preview:-1"},"canonical":"https:\/\/www.proclinic.es\/blog\/primer-curso-sobre-principios-basicos-de-estetica-dental-en-el-aula-proclinic\/","og_locale":"es_ES","og_type":"article","og_title":"Curso est\u00e9tica dental Aula Proclinic - Blog Proclinic","og_description":"El pasado 23 de mayo tuvo lugar en nuestra Aula Proclinic de Madrid, el primer curso sobre Principios b\u00e1sicos de est\u00e9tica.","og_url":"https:\/\/www.proclinic.es\/blog\/primer-curso-sobre-principios-basicos-de-estetica-dental-en-el-aula-proclinic\/","og_site_name":"Blog Proclinic","article_publisher":"https:\/\/www.facebook.com\/proclinicsa","article_published_time":"2014-06-10T09:13:37+00:00","article_modified_time":"2014-10-03T08:34:46+00:00","og_image":[{"width":2560,"height":1920,"url":"https:\/\/www.proclinic.es\/blog\/wp-content\/uploads\/2014\/06\/IMG_2771-scaled.jpg","type":"image\/jpeg"}],"author":"Anna","twitter_card":"summary_large_image","twitter_creator":"@Proclinic_SA","twitter_site":"@Proclinic_SA","twitter_misc":{"Escrito por":"Anna","Tiempo de lectura":"1 minuto"},"schema":{"@context":"https:\/\/schema.org","@graph":[{"@type":"Article","@id":"https:\/\/www.proclinic.es\/blog\/primer-curso-sobre-principios-basicos-de-estetica-dental-en-el-aula-proclinic\/#article","isPartOf":{"@id":"https:\/\/www.proclinic.es\/blog\/primer-curso-sobre-principios-basicos-de-estetica-dental-en-el-aula-proclinic\/"},"author":{"name":"Anna","@id":"https:\/\/www.proclinic.es\/blog\/#\/schema\/person\/85e304ea367ce3922003b0d8b388e527"},"headline":"Primer curso sobre principios b\u00e1sicos de est\u00e9tica dental en el Aula Proclinic","datePublished":"2014-06-10T09:13:37+00:00","dateModified":"2014-10-03T08:34:46+00:00","mainEntityOfPage":{"@id":"https:\/\/www.proclinic.es\/blog\/primer-curso-sobre-principios-basicos-de-estetica-dental-en-el-aula-proclinic\/"},"wordCount":143,"commentCount":0,"image":{"@id":"https:\/\/www.proclinic.es\/blog\/primer-curso-sobre-principios-basicos-de-estetica-dental-en-el-aula-proclinic\/#primaryimage"},"thumbnailUrl":"https:\/\/www.proclinic.es\/blog\/wp-content\/uploads\/2014\/06\/IMG_2771-scaled.jpg","articleSection":["Formaci\u00f3n y Eventos"],"inLanguage":"es","potentialAction":[{"@type":"CommentAction","name":"Comment","target":["https:\/\/www.proclinic.es\/blog\/primer-curso-sobre-principios-basicos-de-estetica-dental-en-el-aula-proclinic\/#respond"]}]},{"@type":"WebPage","@id":"https:\/\/www.proclinic.es\/blog\/primer-curso-sobre-principios-basicos-de-estetica-dental-en-el-aula-proclinic\/","url":"https:\/\/www.proclinic.es\/blog\/primer-curso-sobre-principios-basicos-de-estetica-dental-en-el-aula-proclinic\/","name":"Curso est\u00e9tica dental Aula Proclinic - Blog Proclinic","isPartOf":{"@id":"https:\/\/www.proclinic.es\/blog\/#website"},"primaryImageOfPage":{"@id":"https:\/\/www.proclinic.es\/blog\/primer-curso-sobre-principios-basicos-de-estetica-dental-en-el-aula-proclinic\/#primaryimage"},"image":{"@id":"https:\/\/www.proclinic.es\/blog\/primer-curso-sobre-principios-basicos-de-estetica-dental-en-el-aula-proclinic\/#primaryimage"},"thumbnailUrl":"https:\/\/www.proclinic.es\/blog\/wp-content\/uploads\/2014\/06\/IMG_2771-scaled.jpg","datePublished":"2014-06-10T09:13:37+00:00","dateModified":"2014-10-03T08:34:46+00:00","author":{"@id":"https:\/\/www.proclinic.es\/blog\/#\/schema\/person\/85e304ea367ce3922003b0d8b388e527"},"description":"El pasado 23 de mayo tuvo lugar en nuestra Aula Proclinic de Madrid, el primer curso sobre Principios b\u00e1sicos de est\u00e9tica.","breadcrumb":{"@id":"https:\/\/www.proclinic.es\/blog\/primer-curso-sobre-principios-basicos-de-estetica-dental-en-el-aula-proclinic\/#breadcrumb"},"inLanguage":"es","potentialAction":[{"@type":"ReadAction","target":["https:\/\/www.proclinic.es\/blog\/primer-curso-sobre-principios-basicos-de-estetica-dental-en-el-aula-proclinic\/"]}]},{"@type":"ImageObject","inLanguage":"es","@id":"https:\/\/www.proclinic.es\/blog\/primer-curso-sobre-principios-basicos-de-estetica-dental-en-el-aula-proclinic\/#primaryimage","url":"https:\/\/www.proclinic.es\/blog\/wp-content\/uploads\/2014\/06\/IMG_2771-scaled.jpg","contentUrl":"https:\/\/www.proclinic.es\/blog\/wp-content\/uploads\/2014\/06\/IMG_2771-scaled.jpg","width":2560,"height":1920,"caption":"Formaci\u00f3n Proclinic"},{"@type":"BreadcrumbList","@id":"https:\/\/www.proclinic.es\/blog\/primer-curso-sobre-principios-basicos-de-estetica-dental-en-el-aula-proclinic\/#breadcrumb","itemListElement":[{"@type":"ListItem","position":1,"name":"Home","item":"https:\/\/www.proclinic.es\/blog\/"},{"@type":"ListItem","position":2,"name":"Primer curso sobre principios b\u00e1sicos de est\u00e9tica dental en el Aula Proclinic"}]},{"@type":"WebSite","@id":"https:\/\/www.proclinic.es\/blog\/#website","url":"https:\/\/www.proclinic.es\/blog\/","name":"Blog Proclinic","description":"\u00a1Bienvenido al blog de Proclinic! En este espacio, nos enfocamos en brindar informaci\u00f3n valiosa y actualizada para todos los profesionales del sector dental. Nuestra misi\u00f3n es mantenerte al d\u00eda de las \u00faltimas tendencias, investigaciones y t\u00e9cnicas en el campo de la odontolog\u00eda. Exploraremos temas que van desde las novedades en materiales odontol\u00f3gicos, consejos pr\u00e1cticos para la gesti\u00f3n de cl\u00ednicas dentales hasta casos cl\u00ednicos con base cient\u00edfica, eventos del sector y mucho m\u00e1s. Te invitamos a seguir nuestro contenido, dise\u00f1ado para mantener tu pr\u00e1ctica en la vanguardia de la odontolog\u00eda moderna.","potentialAction":[{"@type":"SearchAction","target":{"@type":"EntryPoint","urlTemplate":"https:\/\/www.proclinic.es\/blog\/?s={search_term_string}"},"query-input":{"@type":"PropertyValueSpecification","valueRequired":true,"valueName":"search_term_string"}}],"inLanguage":"es"},{"@type":"Person","@id":"https:\/\/www.proclinic.es\/blog\/#\/schema\/person\/85e304ea367ce3922003b0d8b388e527","name":"Anna","image":{"@type":"ImageObject","inLanguage":"es","@id":"https:\/\/secure.gravatar.com\/avatar\/b8b19455b6924f97d0afcdeb2791066e8c8af798468c71e0fe7e686c5d0b49f4?s=96&d=mm&r=g","url":"https:\/\/secure.gravatar.com\/avatar\/b8b19455b6924f97d0afcdeb2791066e8c8af798468c71e0fe7e686c5d0b49f4?s=96&d=mm&r=g","contentUrl":"https:\/\/secure.gravatar.com\/avatar\/b8b19455b6924f97d0afcdeb2791066e8c8af798468c71e0fe7e686c5d0b49f4?s=96&d=mm&r=g","caption":"Anna"},"description":"Community Manager","url":"https:\/\/www.proclinic.es\/blog\/author\/anna\/"}]}},"jetpack_featured_media_url":"https:\/\/www.proclinic.es\/blog\/wp-content\/uploads\/2014\/06\/IMG_2771-scaled.jpg","_links":{"self":[{"href":"https:\/\/www.proclinic.es\/blog\/wp-json\/wp\/v2\/posts\/1315","targetHints":{"allow":["GET"]}}],"collection":[{"href":"https:\/\/www.proclinic.es\/blog\/wp-json\/wp\/v2\/posts"}],"about":[{"href":"https:\/\/www.proclinic.es\/blog\/wp-json\/wp\/v2\/types\/post"}],"author":[{"embeddable":true,"href":"https:\/\/www.proclinic.es\/blog\/wp-json\/wp\/v2\/users\/101011"}],"replies":[{"embeddable":true,"href":"https:\/\/www.proclinic.es\/blog\/wp-json\/wp\/v2\/comments?post=1315"}],"version-history":[{"count":5,"href":"https:\/\/www.proclinic.es\/blog\/wp-json\/wp\/v2\/posts\/1315\/revisions"}],"predecessor-version":[{"id":1526,"href":"https:\/\/www.proclinic.es\/blog\/wp-json\/wp\/v2\/posts\/1315\/revisions\/1526"}],"wp:featuredmedia":[{"embeddable":true,"href":"https:\/\/www.proclinic.es\/blog\/wp-json\/wp\/v2\/media\/1317"}],"wp:attachment":[{"href":"https:\/\/www.proclinic.es\/blog\/wp-json\/wp\/v2\/media?parent=1315"}],"wp:term":[{"taxonomy":"category","embeddable":true,"href":"https:\/\/www.proclinic.es\/blog\/wp-json\/wp\/v2\/categories?post=1315"},{"taxonomy":"post_tag","embeddable":true,"href":"https:\/\/www.proclinic.es\/blog\/wp-json\/wp\/v2\/tags?post=1315"}],"curies":[{"name":"wp","href":"https:\/\/api.w.org\/{rel}","templated":true}]}}