{"id":13089,"date":"2022-06-20T09:45:37","date_gmt":"2022-06-20T07:45:37","guid":{"rendered":"https:\/\/www.proclinic.es\/blog\/?p=13089"},"modified":"2022-06-20T12:33:46","modified_gmt":"2022-06-20T10:33:46","slug":"el-ratoncito-perez-alrededor-del-mundo","status":"publish","type":"post","link":"https:\/\/www.proclinic.es\/blog\/el-ratoncito-perez-alrededor-del-mundo\/","title":{"rendered":"El ratoncito P\u00e9rez alrededor del mundo"},"content":{"rendered":"\n<p>Si echamos la vista atr\u00e1s, todos tenemos un recuerdo compartido en nuestra infancia, y es que, cuando se nos cayeron los dientes de leche, nos vino a visitar alguien muy especial \u00a1el ratoncito P\u00e9rez! Pero, no todos los ni\u00f1os y ni\u00f1as lo reconocen con el mismo nombre. \u00bfSabr\u00edas decirnos c\u00f3mo se le llama a este querido personaje en el resto de los pa\u00edses? \u00a1Abr\u00f3chate el cintur\u00f3n! y acomp\u00e1\u00f1anos en este peque\u00f1o viaje para conocer su nombre en algunos lugares del mundo.<\/p>\n\n\n\n<p>En los pa\u00edses hispanohablantes lo conocemos como ratoncito P\u00e9rez, a excepci\u00f3n de M\u00e9xico o Chile donde se le llama el Rat\u00f3n de los dientes. Adem\u00e1s, en Espa\u00f1a existen otros personajes como l\u2019Angelet (el Angelito) en Catalu\u00f1a o l\u2019esquilu de los dientis (la ardilla de los dientes) en Cantabria.<br>En los pa\u00edses franc\u00f3fonos como Francia o B\u00e9lgica tambi\u00e9n viene un rat\u00f3n a recoger los dientes ca\u00eddos, pero en este caso se le conoce como petite souris (ratoncito). Y aunque no conozcamos el apellido de este personaje \u00a1seguro que tambi\u00e9n lo podr\u00edamos ver aparecer por la puerta del ratoncito P\u00e9rez!<\/p>\n\n\n\n<div class=\"wp-block-image\"><figure class=\"aligncenter size-full is-resized\"><img loading=\"lazy\" decoding=\"async\" src=\"https:\/\/www.proclinic.es\/blog\/wp-content\/uploads\/2022\/06\/Puerta-min.png\" alt=\"\" class=\"wp-image-13173\" width=\"263\" height=\"346\" srcset=\"https:\/\/www.proclinic.es\/blog\/wp-content\/uploads\/2022\/06\/Puerta-min.png 526w, https:\/\/www.proclinic.es\/blog\/wp-content\/uploads\/2022\/06\/Puerta-min-228x300.png 228w\" sizes=\"auto, (max-width: 263px) 100vw, 263px\" \/><\/figure><\/div>\n\n\n\n<figure class=\"wp-block-gallery has-nested-images columns-default is-cropped wp-block-gallery-1 is-layout-flex wp-block-gallery-is-layout-flex\"><\/figure>\n\n\n\n<p>En los pa\u00edses anglosajones quien recoge los dientes de leche que dejan las ni\u00f1as y los ni\u00f1os debajo de sus almohadas es un personaje conocido como Tooth Fairy (el hada de los dientes), quien se encarga de reemplazarlo por una moneda.<br>\u00a1Un secreto! \u00a1el hada de los dientes recomienda fortalecer los dientes con fl\u00faor! \u00a1y prevenir la aparici\u00f3n de caries con sellador de fosas y fisuras!<\/p>\n\n\n\n<div class=\"wp-block-image\"><figure class=\"aligncenter size-full is-resized\"><a href=\"https:\/\/www.proclinic.es\/tienda\/fluor-en-gel-flugel-naranja.html\"><img loading=\"lazy\" decoding=\"async\" src=\"https:\/\/www.proclinic.es\/blog\/wp-content\/uploads\/2022\/06\/GEL_DE_FLUOR_FLUGEL_FRESA_5530-min.png\" alt=\"\" class=\"wp-image-13174\" width=\"355\" height=\"290\" srcset=\"https:\/\/www.proclinic.es\/blog\/wp-content\/uploads\/2022\/06\/GEL_DE_FLUOR_FLUGEL_FRESA_5530-min.png 710w, https:\/\/www.proclinic.es\/blog\/wp-content\/uploads\/2022\/06\/GEL_DE_FLUOR_FLUGEL_FRESA_5530-min-300x245.png 300w, https:\/\/www.proclinic.es\/blog\/wp-content\/uploads\/2022\/06\/GEL_DE_FLUOR_FLUGEL_FRESA_5530-min-85x70.png 85w\" sizes=\"auto, (max-width: 355px) 100vw, 355px\" \/><\/a><\/figure><\/div>\n\n\n\n<div class=\"wp-block-image\"><figure class=\"aligncenter size-full is-resized\"><a href=\"https:\/\/www.proclinic.es\/tienda\/sellador-de-fisuras.html\"><img loading=\"lazy\" decoding=\"async\" src=\"https:\/\/www.proclinic.es\/blog\/wp-content\/uploads\/2022\/06\/SELLADOR_DE_FISURAS_BESTDENT_63546-min.png\" alt=\"\" class=\"wp-image-13175\" width=\"367\" height=\"197\" srcset=\"https:\/\/www.proclinic.es\/blog\/wp-content\/uploads\/2022\/06\/SELLADOR_DE_FISURAS_BESTDENT_63546-min.png 733w, https:\/\/www.proclinic.es\/blog\/wp-content\/uploads\/2022\/06\/SELLADOR_DE_FISURAS_BESTDENT_63546-min-300x161.png 300w\" sizes=\"auto, (max-width: 367px) 100vw, 367px\" \/><\/a><\/figure><\/div>\n\n\n\n<div class=\"wp-block-image\"><figure class=\"aligncenter size-full is-resized\"><a href=\"https:\/\/www.proclinic.es\/tienda\/cubetas-fluor-medias-azules.html\"><img loading=\"lazy\" decoding=\"async\" src=\"https:\/\/www.proclinic.es\/blog\/wp-content\/uploads\/2022\/06\/CUBETAS_FLUOR_VERDES_BESTDENT_54534-min.png\" alt=\"\" class=\"wp-image-13176\" width=\"314\" height=\"244\"\/><\/a><\/figure><\/div>\n\n\n\n<p>En los pa\u00edses n\u00f3rdicos tambi\u00e9n nos encontramos al hada, aunque con un ritual algo diferente, ya que el diente de leche se deja en un vaso con agua para que tannfe (en Noruega) o tandenfee (en Suecia), venga a por \u00e9l a cambio de una moneda.<br>\u00a1Seguro que el hada los almacena en bonitos cofres, como si de un tesoro se tratase!<\/p>\n\n\n\n<figure class=\"wp-block-gallery has-nested-images columns-default is-cropped wp-block-gallery-2 is-layout-flex wp-block-gallery-is-layout-flex\">\n<figure class=\"wp-block-image size-large\"><a href=\"https:\/\/www.proclinic.es\/tienda\/cofres-del-tesoro-para-guardar-dientes.html\"><img loading=\"lazy\" decoding=\"async\" width=\"702\" height=\"800\" data-id=\"13177\" src=\"https:\/\/www.proclinic.es\/blog\/wp-content\/uploads\/2022\/06\/COFRE_DIENTES_L0227-min-702x800.png\" alt=\"\" class=\"wp-image-13177\" srcset=\"https:\/\/www.proclinic.es\/blog\/wp-content\/uploads\/2022\/06\/COFRE_DIENTES_L0227-min-702x800.png 702w, https:\/\/www.proclinic.es\/blog\/wp-content\/uploads\/2022\/06\/COFRE_DIENTES_L0227-min-263x300.png 263w, https:\/\/www.proclinic.es\/blog\/wp-content\/uploads\/2022\/06\/COFRE_DIENTES_L0227-min.png 752w\" sizes=\"auto, (max-width: 702px) 100vw, 702px\" \/><\/a><\/figure>\n\n\n\n<figure class=\"wp-block-image size-full\"><a href=\"https:\/\/www.proclinic.es\/tienda\/portadientes-ratatouille.html\"><img loading=\"lazy\" decoding=\"async\" width=\"2452\" height=\"2560\" data-id=\"13217\" src=\"https:\/\/www.proclinic.es\/blog\/wp-content\/uploads\/2022\/06\/portadientes_ratatouille-scaled.jpg\" alt=\"portadientes_ratatouille\" class=\"wp-image-13217\" srcset=\"https:\/\/www.proclinic.es\/blog\/wp-content\/uploads\/2022\/06\/portadientes_ratatouille-scaled.jpg 2452w, https:\/\/www.proclinic.es\/blog\/wp-content\/uploads\/2022\/06\/portadientes_ratatouille-287x300.jpg 287w, https:\/\/www.proclinic.es\/blog\/wp-content\/uploads\/2022\/06\/portadientes_ratatouille-766x800.jpg 766w, https:\/\/www.proclinic.es\/blog\/wp-content\/uploads\/2022\/06\/portadientes_ratatouille-768x802.jpg 768w, https:\/\/www.proclinic.es\/blog\/wp-content\/uploads\/2022\/06\/portadientes_ratatouille-1471x1536.jpg 1471w, https:\/\/www.proclinic.es\/blog\/wp-content\/uploads\/2022\/06\/portadientes_ratatouille-1961x2048.jpg 1961w\" sizes=\"auto, (max-width: 2452px) 100vw, 2452px\" \/><\/a><\/figure>\n<\/figure>\n\n\n\n<p>En Irlanda volvemos a encontrarnos con el hada de los dientes \u00a1que viaja mucho! Pero, adem\u00e1s, coexiste con Anna Bogle. Este personaje se introdujo recientemente tras su aparici\u00f3n en un cuento, donde esta duende pierde un diente jugando en el bosque y, como no se ve bien con el diente que le falta, decide robar el de un ni\u00f1o. Sin embargo, como robar no est\u00e1 bien, Anna Bogle le deja a cambio un poco de oro.<br>Seguro que Anna Bogle est\u00e1 pensando en alinearse los dientes que \u201ccoge prestados\u201d\u2026<\/p>\n\n\n\n<div class=\"wp-block-image\"><figure class=\"aligncenter size-full is-resized\"><a href=\"https:\/\/www.proclinic.es\/tienda\/alginato-ortodoncia-fast-set\"><img loading=\"lazy\" decoding=\"async\" src=\"https:\/\/www.proclinic.es\/blog\/wp-content\/uploads\/2022\/06\/ALGINATO_DE_ORTODONCIA_BOLSA_01593-min.png\" alt=\"\" class=\"wp-image-13179\" width=\"187\" height=\"301\" srcset=\"https:\/\/www.proclinic.es\/blog\/wp-content\/uploads\/2022\/06\/ALGINATO_DE_ORTODONCIA_BOLSA_01593-min.png 374w, https:\/\/www.proclinic.es\/blog\/wp-content\/uploads\/2022\/06\/ALGINATO_DE_ORTODONCIA_BOLSA_01593-min-186x300.png 186w\" sizes=\"auto, (max-width: 187px) 100vw, 187px\" \/><\/a><\/figure><\/div>\n\n\n\n<div class=\"wp-block-image\"><figure class=\"aligncenter size-full is-resized\"><a href=\"https:\/\/www.proclinic.es\/tienda\/kit-cubetas-lisas-con-reborde.html\"><img loading=\"lazy\" decoding=\"async\" src=\"https:\/\/www.proclinic.es\/blog\/wp-content\/uploads\/2022\/06\/KIT_CUBETAS-LISAS_CON_REBORDE59747-min.png\" alt=\"\" class=\"wp-image-13181\" width=\"286\" height=\"285\" srcset=\"https:\/\/www.proclinic.es\/blog\/wp-content\/uploads\/2022\/06\/KIT_CUBETAS-LISAS_CON_REBORDE59747-min.png 571w, https:\/\/www.proclinic.es\/blog\/wp-content\/uploads\/2022\/06\/KIT_CUBETAS-LISAS_CON_REBORDE59747-min-150x150.png 150w, https:\/\/www.proclinic.es\/blog\/wp-content\/uploads\/2022\/06\/KIT_CUBETAS-LISAS_CON_REBORDE59747-min-300x300.png 300w, https:\/\/www.proclinic.es\/blog\/wp-content\/uploads\/2022\/06\/KIT_CUBETAS-LISAS_CON_REBORDE59747-min-85x85.png 85w\" sizes=\"auto, (max-width: 286px) 100vw, 286px\" \/><\/a><\/figure><\/div>\n\n\n\n<div class=\"wp-block-image\"><figure class=\"aligncenter size-full is-resized\"><a href=\"https:\/\/www.proclinic.es\/tienda\/yeso-de-ortodoncia-extrablanco-tipo-iii3-5kg\"><img loading=\"lazy\" decoding=\"async\" src=\"https:\/\/www.proclinic.es\/blog\/wp-content\/uploads\/2022\/06\/YESO_DE_ORTODONCIA_01148-min.png\" alt=\"\" class=\"wp-image-13180\" width=\"273\" height=\"342\" srcset=\"https:\/\/www.proclinic.es\/blog\/wp-content\/uploads\/2022\/06\/YESO_DE_ORTODONCIA_01148-min.png 545w, https:\/\/www.proclinic.es\/blog\/wp-content\/uploads\/2022\/06\/YESO_DE_ORTODONCIA_01148-min-239x300.png 239w\" sizes=\"auto, (max-width: 273px) 100vw, 273px\" \/><\/a><\/figure><\/div>\n\n\n\n<figure class=\"wp-block-gallery has-nested-images columns-default is-cropped wp-block-gallery-3 is-layout-flex wp-block-gallery-is-layout-flex\"><\/figure>\n\n\n\n<p>\u00bfUtilizar\u00eda un f\u00f3rceps para el proceso de extracci\u00f3n?<\/p>\n\n\n\n<div class=\"wp-block-image\"><figure class=\"alignright size-full is-resized\"><a href=\"https:\/\/www.proclinic.es\/tienda\/forceps-pediatrico-n-3-molar-superior.html\"><img loading=\"lazy\" decoding=\"async\" src=\"https:\/\/www.proclinic.es\/blog\/wp-content\/uploads\/2022\/06\/FORCEPS_PEDIATRICO_59674.png\" alt=\"\" class=\"wp-image-13146\" width=\"201\" height=\"364\" srcset=\"https:\/\/www.proclinic.es\/blog\/wp-content\/uploads\/2022\/06\/FORCEPS_PEDIATRICO_59674.png 401w, https:\/\/www.proclinic.es\/blog\/wp-content\/uploads\/2022\/06\/FORCEPS_PEDIATRICO_59674-165x300.png 165w\" sizes=\"auto, (max-width: 201px) 100vw, 201px\" \/><\/a><\/figure><\/div>\n\n\n\n<div class=\"wp-block-image\"><figure class=\"alignleft size-full is-resized\"><a href=\"https:\/\/www.proclinic.es\/tienda\/forceps-pediatrico-n-5-incisivo-inferior.html\"><img loading=\"lazy\" decoding=\"async\" src=\"https:\/\/www.proclinic.es\/blog\/wp-content\/uploads\/2022\/06\/FORCEPS_PEDIATRICO_59676-min.png\" alt=\"\" class=\"wp-image-13182\" width=\"251\" height=\"349\" srcset=\"https:\/\/www.proclinic.es\/blog\/wp-content\/uploads\/2022\/06\/FORCEPS_PEDIATRICO_59676-min.png 501w, https:\/\/www.proclinic.es\/blog\/wp-content\/uploads\/2022\/06\/FORCEPS_PEDIATRICO_59676-min-215x300.png 215w\" sizes=\"auto, (max-width: 251px) 100vw, 251px\" \/><\/a><\/figure><\/div>\n\n\n\n<div class=\"wp-block-image\"><figure class=\"aligncenter size-full is-resized\"><a href=\"https:\/\/www.proclinic.es\/tienda\/forceps-pediatrico-n-1-incisivo-superior.html\"><img loading=\"lazy\" decoding=\"async\" src=\"https:\/\/www.proclinic.es\/blog\/wp-content\/uploads\/2022\/06\/FORCEPS_PEDIATRICO_59672-min.png\" alt=\"\" class=\"wp-image-13183\" width=\"197\" height=\"361\" srcset=\"https:\/\/www.proclinic.es\/blog\/wp-content\/uploads\/2022\/06\/FORCEPS_PEDIATRICO_59672-min.png 394w, https:\/\/www.proclinic.es\/blog\/wp-content\/uploads\/2022\/06\/FORCEPS_PEDIATRICO_59672-min-164x300.png 164w\" sizes=\"auto, (max-width: 197px) 100vw, 197px\" \/><\/a><\/figure><\/div>\n\n\n\n<p><\/p>\n\n\n\n<p>En Turqu\u00eda, la tradici\u00f3n es enterrar los dientes de leche, pero \u00a1no vale en cualquier sitio! Ya que se cree que el lugar elegido podr\u00eda determinar el futuro del ni\u00f1o. Por ejemplo, si quiere ser odont\u00f3logo se deber\u00e1 enterrar cerca de una cl\u00ednica dental. \u00bfCrees que esta elecci\u00f3n tiene que ver con que eliminar la caries ahora se pueda hacer sin dolor y sin anestesia? \u00a1Los m\u00e1s peque\u00f1os est\u00e1n perdiendo el miedo al dentista!<\/p>\n\n\n\n<div class=\"wp-block-image\"><figure class=\"aligncenter size-full is-resized\"><a href=\"https:\/\/www.proclinic.es\/tienda\/gel-papacarie-duo\"><img loading=\"lazy\" decoding=\"async\" src=\"https:\/\/www.proclinic.es\/blog\/wp-content\/uploads\/2022\/06\/GEL_PAPACARIE-DUO_32681-min.png\" alt=\"\" class=\"wp-image-13185\" width=\"512\" height=\"219\" srcset=\"https:\/\/www.proclinic.es\/blog\/wp-content\/uploads\/2022\/06\/GEL_PAPACARIE-DUO_32681-min.png 682w, https:\/\/www.proclinic.es\/blog\/wp-content\/uploads\/2022\/06\/GEL_PAPACARIE-DUO_32681-min-300x128.png 300w\" sizes=\"auto, (max-width: 512px) 100vw, 512px\" \/><\/a><\/figure><\/div>\n\n\n\n<p>En Bulgaria actualmente tambi\u00e9n nos encontramos al hada de los dientes. Sin embargo, antiguamente, los ni\u00f1os b\u00falgaros tiraban los dientes al tejado y dec\u00edan: \u201cGran cuervo, te doy mi diente de hueso, \u00a1dame un diente de hierro!\u201d.<br>\u00a1Tanto para cuidar \u201clos dientes de hueso\u201d como para cuidar \u201clos dientes de hierro\u201d encontramos cepillos adaptados a cada necesidad!<\/p>\n\n\n\n<div class=\"wp-block-image\"><figure class=\"alignleft size-full is-resized\"><a href=\"https:\/\/www.proclinic.es\/tienda\/cepillo-dental-bambu-infantil.html\"><img loading=\"lazy\" decoding=\"async\" src=\"https:\/\/www.proclinic.es\/blog\/wp-content\/uploads\/2022\/06\/CEPILLO_INFANTIL_NATURAL78150-min.png\" alt=\"\" class=\"wp-image-13186\" width=\"220\" height=\"313\" srcset=\"https:\/\/www.proclinic.es\/blog\/wp-content\/uploads\/2022\/06\/CEPILLO_INFANTIL_NATURAL78150-min.png 519w, https:\/\/www.proclinic.es\/blog\/wp-content\/uploads\/2022\/06\/CEPILLO_INFANTIL_NATURAL78150-min-211x300.png 211w\" sizes=\"auto, (max-width: 220px) 100vw, 220px\" \/><\/a><\/figure><\/div>\n\n\n\n<div class=\"wp-block-image\"><figure class=\"alignright size-full is-resized\"><a href=\"https:\/\/www.proclinic.es\/tienda\/cepillo-dental-bambu-adultos.html\"><img loading=\"lazy\" decoding=\"async\" src=\"https:\/\/www.proclinic.es\/blog\/wp-content\/uploads\/2022\/06\/image029-min.png\" alt=\"\" class=\"wp-image-13187\" width=\"251\" height=\"314\" srcset=\"https:\/\/www.proclinic.es\/blog\/wp-content\/uploads\/2022\/06\/image029-min.png 501w, https:\/\/www.proclinic.es\/blog\/wp-content\/uploads\/2022\/06\/image029-min-240x300.png 240w\" sizes=\"auto, (max-width: 251px) 100vw, 251px\" \/><\/a><\/figure><\/div>\n\n\n\n<p><\/p>\n","protected":false},"excerpt":{"rendered":"<p>Si echamos la vista atr\u00e1s, todos tenemos un recuerdo compartido en nuestra infancia, y es que, cuando se nos cayeron los dientes de leche, nos vino a visitar alguien muy especial \u00a1el ratoncito P\u00e9rez! Pero, no todos los ni\u00f1os y ni\u00f1as lo reconocen con el mismo nombre. \u00bfSabr\u00edas decirnos c\u00f3mo se le llama a este &#8230; <a title=\"El ratoncito P\u00e9rez alrededor del mundo\" class=\"read-more\" href=\"https:\/\/www.proclinic.es\/blog\/el-ratoncito-perez-alrededor-del-mundo\/\" aria-label=\"More on El ratoncito P\u00e9rez alrededor del mundo\">Read more<\/a><\/p>\n","protected":false},"author":101016,"featured_media":13221,"comment_status":"open","ping_status":"open","sticky":false,"template":"","format":"standard","meta":{"footnotes":""},"categories":[49],"tags":[443,699,700,696,698,697],"class_list":["post-13089","post","type-post","status-publish","format-standard","has-post-thumbnail","hentry","category-clinica-dental","tag-alineadores-invisibles","tag-anestesia","tag-cepillo-de-dientes","tag-fluor","tag-forceps","tag-sellador"],"yoast_head":"<!-- This site is optimized with the Yoast SEO plugin v25.9 - https:\/\/yoast.com\/wordpress\/plugins\/seo\/ -->\n<title>El ratoncito P\u00e9rez alrededor del mundo - Blog Proclinic<\/title>\n<meta name=\"description\" content=\"\u00bfConoces como llaman al Ratoncito P\u00e9rez en otras partes del mundo? \u00a1Descubre esto y m\u00e1s datos interesantes sobre ortodoncia infantil en nuestro blog!\" \/>\n<meta name=\"robots\" content=\"index, follow, max-snippet:-1, max-image-preview:large, max-video-preview:-1\" \/>\n<link rel=\"canonical\" href=\"https:\/\/www.proclinic.es\/blog\/el-ratoncito-perez-alrededor-del-mundo\/\" \/>\n<meta property=\"og:locale\" content=\"es_ES\" \/>\n<meta property=\"og:type\" content=\"article\" \/>\n<meta property=\"og:title\" content=\"El ratoncito P\u00e9rez alrededor del mundo - Blog Proclinic\" \/>\n<meta property=\"og:description\" content=\"\u00bfConoces como llaman al Ratoncito P\u00e9rez en otras partes del mundo? \u00a1Descubre esto y m\u00e1s datos interesantes sobre ortodoncia infantil en nuestro blog!\" \/>\n<meta property=\"og:url\" content=\"https:\/\/www.proclinic.es\/blog\/el-ratoncito-perez-alrededor-del-mundo\/\" \/>\n<meta property=\"og:site_name\" content=\"Blog Proclinic\" \/>\n<meta property=\"article:publisher\" content=\"https:\/\/www.facebook.com\/proclinicsa\" \/>\n<meta property=\"article:published_time\" content=\"2022-06-20T07:45:37+00:00\" \/>\n<meta property=\"article:modified_time\" content=\"2022-06-20T10:33:46+00:00\" \/>\n<meta property=\"og:image\" content=\"https:\/\/www.proclinic.es\/blog\/wp-content\/uploads\/2022\/06\/portadientes_raTatuille.jpg\" \/>\n\t<meta property=\"og:image:width\" content=\"1920\" \/>\n\t<meta property=\"og:image:height\" content=\"1080\" \/>\n\t<meta property=\"og:image:type\" content=\"image\/jpeg\" \/>\n<meta name=\"author\" content=\"Paula Ruiz\" \/>\n<meta name=\"twitter:card\" content=\"summary_large_image\" \/>\n<meta name=\"twitter:creator\" content=\"@Proclinic_SA\" \/>\n<meta name=\"twitter:site\" content=\"@Proclinic_SA\" \/>\n<meta name=\"twitter:label1\" content=\"Escrito por\" \/>\n\t<meta name=\"twitter:data1\" content=\"Paula Ruiz\" \/>\n\t<meta name=\"twitter:label2\" content=\"Tiempo de lectura\" \/>\n\t<meta name=\"twitter:data2\" content=\"3 minutos\" \/>\n<script type=\"application\/ld+json\" class=\"yoast-schema-graph\">{\"@context\":\"https:\/\/schema.org\",\"@graph\":[{\"@type\":\"WebPage\",\"@id\":\"https:\/\/www.proclinic.es\/blog\/el-ratoncito-perez-alrededor-del-mundo\/\",\"url\":\"https:\/\/www.proclinic.es\/blog\/el-ratoncito-perez-alrededor-del-mundo\/\",\"name\":\"El ratoncito P\u00e9rez alrededor del mundo - Blog Proclinic\",\"isPartOf\":{\"@id\":\"https:\/\/www.proclinic.es\/blog\/#website\"},\"primaryImageOfPage\":{\"@id\":\"https:\/\/www.proclinic.es\/blog\/el-ratoncito-perez-alrededor-del-mundo\/#primaryimage\"},\"image\":{\"@id\":\"https:\/\/www.proclinic.es\/blog\/el-ratoncito-perez-alrededor-del-mundo\/#primaryimage\"},\"thumbnailUrl\":\"https:\/\/www.proclinic.es\/blog\/wp-content\/uploads\/2022\/06\/portadientes_raTatuille.jpg\",\"datePublished\":\"2022-06-20T07:45:37+00:00\",\"dateModified\":\"2022-06-20T10:33:46+00:00\",\"author\":{\"@id\":\"https:\/\/www.proclinic.es\/blog\/#\/schema\/person\/aeb6b71a104c6452f2b19e8838b3d5d1\"},\"description\":\"\u00bfConoces como llaman al Ratoncito P\u00e9rez en otras partes del mundo? \u00a1Descubre esto y m\u00e1s datos interesantes sobre ortodoncia infantil en nuestro blog!\",\"breadcrumb\":{\"@id\":\"https:\/\/www.proclinic.es\/blog\/el-ratoncito-perez-alrededor-del-mundo\/#breadcrumb\"},\"inLanguage\":\"es\",\"potentialAction\":[{\"@type\":\"ReadAction\",\"target\":[\"https:\/\/www.proclinic.es\/blog\/el-ratoncito-perez-alrededor-del-mundo\/\"]}]},{\"@type\":\"ImageObject\",\"inLanguage\":\"es\",\"@id\":\"https:\/\/www.proclinic.es\/blog\/el-ratoncito-perez-alrededor-del-mundo\/#primaryimage\",\"url\":\"https:\/\/www.proclinic.es\/blog\/wp-content\/uploads\/2022\/06\/portadientes_raTatuille.jpg\",\"contentUrl\":\"https:\/\/www.proclinic.es\/blog\/wp-content\/uploads\/2022\/06\/portadientes_raTatuille.jpg\",\"width\":1920,\"height\":1080,\"caption\":\"PORTADIENTES_RATATOUILLE\"},{\"@type\":\"BreadcrumbList\",\"@id\":\"https:\/\/www.proclinic.es\/blog\/el-ratoncito-perez-alrededor-del-mundo\/#breadcrumb\",\"itemListElement\":[{\"@type\":\"ListItem\",\"position\":1,\"name\":\"Home\",\"item\":\"https:\/\/www.proclinic.es\/blog\/\"},{\"@type\":\"ListItem\",\"position\":2,\"name\":\"El ratoncito P\u00e9rez alrededor del mundo\"}]},{\"@type\":\"WebSite\",\"@id\":\"https:\/\/www.proclinic.es\/blog\/#website\",\"url\":\"https:\/\/www.proclinic.es\/blog\/\",\"name\":\"Blog Proclinic\",\"description\":\"\u00a1Bienvenido al blog de Proclinic! En este espacio, nos enfocamos en brindar informaci\u00f3n valiosa y actualizada para todos los profesionales del sector dental. Nuestra misi\u00f3n es mantenerte al d\u00eda de las \u00faltimas tendencias, investigaciones y t\u00e9cnicas en el campo de la odontolog\u00eda. Exploraremos temas que van desde las novedades en materiales odontol\u00f3gicos, consejos pr\u00e1cticos para la gesti\u00f3n de cl\u00ednicas dentales hasta casos cl\u00ednicos con base cient\u00edfica, eventos del sector y mucho m\u00e1s. Te invitamos a seguir nuestro contenido, dise\u00f1ado para mantener tu pr\u00e1ctica en la vanguardia de la odontolog\u00eda moderna.\",\"potentialAction\":[{\"@type\":\"SearchAction\",\"target\":{\"@type\":\"EntryPoint\",\"urlTemplate\":\"https:\/\/www.proclinic.es\/blog\/?s={search_term_string}\"},\"query-input\":{\"@type\":\"PropertyValueSpecification\",\"valueRequired\":true,\"valueName\":\"search_term_string\"}}],\"inLanguage\":\"es\"},{\"@type\":\"Person\",\"@id\":\"https:\/\/www.proclinic.es\/blog\/#\/schema\/person\/aeb6b71a104c6452f2b19e8838b3d5d1\",\"name\":\"Paula Ruiz\",\"image\":{\"@type\":\"ImageObject\",\"inLanguage\":\"es\",\"@id\":\"https:\/\/www.proclinic.es\/blog\/#\/schema\/person\/image\/\",\"url\":\"https:\/\/secure.gravatar.com\/avatar\/75d7314ad27214b55512e1927624b8e519450adb231f20432cee5b7a678f9e35?s=96&d=mm&r=g\",\"contentUrl\":\"https:\/\/secure.gravatar.com\/avatar\/75d7314ad27214b55512e1927624b8e519450adb231f20432cee5b7a678f9e35?s=96&d=mm&r=g\",\"caption\":\"Paula Ruiz\"},\"url\":\"https:\/\/www.proclinic.es\/blog\/author\/paula-ruizproclinic-es\/\"}]}<\/script>\n<!-- \/ Yoast SEO plugin. -->","yoast_head_json":{"title":"El ratoncito P\u00e9rez alrededor del mundo - Blog Proclinic","description":"\u00bfConoces como llaman al Ratoncito P\u00e9rez en otras partes del mundo? \u00a1Descubre esto y m\u00e1s datos interesantes sobre ortodoncia infantil en nuestro blog!","robots":{"index":"index","follow":"follow","max-snippet":"max-snippet:-1","max-image-preview":"max-image-preview:large","max-video-preview":"max-video-preview:-1"},"canonical":"https:\/\/www.proclinic.es\/blog\/el-ratoncito-perez-alrededor-del-mundo\/","og_locale":"es_ES","og_type":"article","og_title":"El ratoncito P\u00e9rez alrededor del mundo - Blog Proclinic","og_description":"\u00bfConoces como llaman al Ratoncito P\u00e9rez en otras partes del mundo? \u00a1Descubre esto y m\u00e1s datos interesantes sobre ortodoncia infantil en nuestro blog!","og_url":"https:\/\/www.proclinic.es\/blog\/el-ratoncito-perez-alrededor-del-mundo\/","og_site_name":"Blog Proclinic","article_publisher":"https:\/\/www.facebook.com\/proclinicsa","article_published_time":"2022-06-20T07:45:37+00:00","article_modified_time":"2022-06-20T10:33:46+00:00","og_image":[{"width":1920,"height":1080,"url":"https:\/\/www.proclinic.es\/blog\/wp-content\/uploads\/2022\/06\/portadientes_raTatuille.jpg","type":"image\/jpeg"}],"author":"Paula Ruiz","twitter_card":"summary_large_image","twitter_creator":"@Proclinic_SA","twitter_site":"@Proclinic_SA","twitter_misc":{"Escrito por":"Paula Ruiz","Tiempo de lectura":"3 minutos"},"schema":{"@context":"https:\/\/schema.org","@graph":[{"@type":"WebPage","@id":"https:\/\/www.proclinic.es\/blog\/el-ratoncito-perez-alrededor-del-mundo\/","url":"https:\/\/www.proclinic.es\/blog\/el-ratoncito-perez-alrededor-del-mundo\/","name":"El ratoncito P\u00e9rez alrededor del mundo - Blog Proclinic","isPartOf":{"@id":"https:\/\/www.proclinic.es\/blog\/#website"},"primaryImageOfPage":{"@id":"https:\/\/www.proclinic.es\/blog\/el-ratoncito-perez-alrededor-del-mundo\/#primaryimage"},"image":{"@id":"https:\/\/www.proclinic.es\/blog\/el-ratoncito-perez-alrededor-del-mundo\/#primaryimage"},"thumbnailUrl":"https:\/\/www.proclinic.es\/blog\/wp-content\/uploads\/2022\/06\/portadientes_raTatuille.jpg","datePublished":"2022-06-20T07:45:37+00:00","dateModified":"2022-06-20T10:33:46+00:00","author":{"@id":"https:\/\/www.proclinic.es\/blog\/#\/schema\/person\/aeb6b71a104c6452f2b19e8838b3d5d1"},"description":"\u00bfConoces como llaman al Ratoncito P\u00e9rez en otras partes del mundo? \u00a1Descubre esto y m\u00e1s datos interesantes sobre ortodoncia infantil en nuestro blog!","breadcrumb":{"@id":"https:\/\/www.proclinic.es\/blog\/el-ratoncito-perez-alrededor-del-mundo\/#breadcrumb"},"inLanguage":"es","potentialAction":[{"@type":"ReadAction","target":["https:\/\/www.proclinic.es\/blog\/el-ratoncito-perez-alrededor-del-mundo\/"]}]},{"@type":"ImageObject","inLanguage":"es","@id":"https:\/\/www.proclinic.es\/blog\/el-ratoncito-perez-alrededor-del-mundo\/#primaryimage","url":"https:\/\/www.proclinic.es\/blog\/wp-content\/uploads\/2022\/06\/portadientes_raTatuille.jpg","contentUrl":"https:\/\/www.proclinic.es\/blog\/wp-content\/uploads\/2022\/06\/portadientes_raTatuille.jpg","width":1920,"height":1080,"caption":"PORTADIENTES_RATATOUILLE"},{"@type":"BreadcrumbList","@id":"https:\/\/www.proclinic.es\/blog\/el-ratoncito-perez-alrededor-del-mundo\/#breadcrumb","itemListElement":[{"@type":"ListItem","position":1,"name":"Home","item":"https:\/\/www.proclinic.es\/blog\/"},{"@type":"ListItem","position":2,"name":"El ratoncito P\u00e9rez alrededor del mundo"}]},{"@type":"WebSite","@id":"https:\/\/www.proclinic.es\/blog\/#website","url":"https:\/\/www.proclinic.es\/blog\/","name":"Blog Proclinic","description":"\u00a1Bienvenido al blog de Proclinic! En este espacio, nos enfocamos en brindar informaci\u00f3n valiosa y actualizada para todos los profesionales del sector dental. Nuestra misi\u00f3n es mantenerte al d\u00eda de las \u00faltimas tendencias, investigaciones y t\u00e9cnicas en el campo de la odontolog\u00eda. Exploraremos temas que van desde las novedades en materiales odontol\u00f3gicos, consejos pr\u00e1cticos para la gesti\u00f3n de cl\u00ednicas dentales hasta casos cl\u00ednicos con base cient\u00edfica, eventos del sector y mucho m\u00e1s. Te invitamos a seguir nuestro contenido, dise\u00f1ado para mantener tu pr\u00e1ctica en la vanguardia de la odontolog\u00eda moderna.","potentialAction":[{"@type":"SearchAction","target":{"@type":"EntryPoint","urlTemplate":"https:\/\/www.proclinic.es\/blog\/?s={search_term_string}"},"query-input":{"@type":"PropertyValueSpecification","valueRequired":true,"valueName":"search_term_string"}}],"inLanguage":"es"},{"@type":"Person","@id":"https:\/\/www.proclinic.es\/blog\/#\/schema\/person\/aeb6b71a104c6452f2b19e8838b3d5d1","name":"Paula Ruiz","image":{"@type":"ImageObject","inLanguage":"es","@id":"https:\/\/www.proclinic.es\/blog\/#\/schema\/person\/image\/","url":"https:\/\/secure.gravatar.com\/avatar\/75d7314ad27214b55512e1927624b8e519450adb231f20432cee5b7a678f9e35?s=96&d=mm&r=g","contentUrl":"https:\/\/secure.gravatar.com\/avatar\/75d7314ad27214b55512e1927624b8e519450adb231f20432cee5b7a678f9e35?s=96&d=mm&r=g","caption":"Paula Ruiz"},"url":"https:\/\/www.proclinic.es\/blog\/author\/paula-ruizproclinic-es\/"}]}},"jetpack_featured_media_url":"https:\/\/www.proclinic.es\/blog\/wp-content\/uploads\/2022\/06\/portadientes_raTatuille.jpg","_links":{"self":[{"href":"https:\/\/www.proclinic.es\/blog\/wp-json\/wp\/v2\/posts\/13089","targetHints":{"allow":["GET"]}}],"collection":[{"href":"https:\/\/www.proclinic.es\/blog\/wp-json\/wp\/v2\/posts"}],"about":[{"href":"https:\/\/www.proclinic.es\/blog\/wp-json\/wp\/v2\/types\/post"}],"author":[{"embeddable":true,"href":"https:\/\/www.proclinic.es\/blog\/wp-json\/wp\/v2\/users\/101016"}],"replies":[{"embeddable":true,"href":"https:\/\/www.proclinic.es\/blog\/wp-json\/wp\/v2\/comments?post=13089"}],"version-history":[{"count":40,"href":"https:\/\/www.proclinic.es\/blog\/wp-json\/wp\/v2\/posts\/13089\/revisions"}],"predecessor-version":[{"id":13229,"href":"https:\/\/www.proclinic.es\/blog\/wp-json\/wp\/v2\/posts\/13089\/revisions\/13229"}],"wp:featuredmedia":[{"embeddable":true,"href":"https:\/\/www.proclinic.es\/blog\/wp-json\/wp\/v2\/media\/13221"}],"wp:attachment":[{"href":"https:\/\/www.proclinic.es\/blog\/wp-json\/wp\/v2\/media?parent=13089"}],"wp:term":[{"taxonomy":"category","embeddable":true,"href":"https:\/\/www.proclinic.es\/blog\/wp-json\/wp\/v2\/categories?post=13089"},{"taxonomy":"post_tag","embeddable":true,"href":"https:\/\/www.proclinic.es\/blog\/wp-json\/wp\/v2\/tags?post=13089"}],"curies":[{"name":"wp","href":"https:\/\/api.w.org\/{rel}","templated":true}]}}