{"id":12939,"date":"2022-03-22T15:54:43","date_gmt":"2022-03-22T13:54:43","guid":{"rendered":"https:\/\/www.proclinic.es\/blog\/?p=12939"},"modified":"2023-09-14T11:42:56","modified_gmt":"2023-09-14T09:42:56","slug":"conoce-los-cementos-dentales-avalados-cientificamente-de-proclinic-expert","status":"publish","type":"post","link":"https:\/\/www.proclinic.es\/blog\/conoce-los-cementos-dentales-avalados-cientificamente-de-proclinic-expert\/","title":{"rendered":"Conoce los cementos dentales avalados cient\u00edficamente de Proclinic Expert"},"content":{"rendered":"\r\n<p>Hoy queremos hablarte de <strong>la gama de cementos dentales Proclinic Expert, avalada cient\u00edficamente,<\/strong> y que a lo largo de los 5 a\u00f1os que ya lleva en el mercado, ha dado soluci\u00f3n a los problemas y tratamientos m\u00e1s complejos.<\/p>\r\n\r\n\r\n\r\n<p>&nbsp;<\/p>\r\n\r\n\r\n\r\n<div id=\"ez-toc-container\" class=\"ez-toc-v2_0_76 counter-hierarchy ez-toc-counter ez-toc-white ez-toc-container-direction\">\n<div class=\"ez-toc-title-container\">\n<p class=\"ez-toc-title\" style=\"cursor:inherit\">\u00cdndice de contenidos<\/p>\n<span class=\"ez-toc-title-toggle\"><a href=\"#\" class=\"ez-toc-pull-right ez-toc-btn ez-toc-btn-xs ez-toc-btn-default ez-toc-toggle\" aria-label=\"Toggle Table of Content\"><span class=\"ez-toc-js-icon-con\"><span class=\"\"><span class=\"eztoc-hide\" style=\"display:none;\">Toggle<\/span><span class=\"ez-toc-icon-toggle-span\"><svg style=\"fill: #0098a7;color:#0098a7\" xmlns=\"http:\/\/www.w3.org\/2000\/svg\" class=\"list-377408\" width=\"20px\" height=\"20px\" viewBox=\"0 0 24 24\" fill=\"none\"><path d=\"M6 6H4v2h2V6zm14 0H8v2h12V6zM4 11h2v2H4v-2zm16 0H8v2h12v-2zM4 16h2v2H4v-2zm16 0H8v2h12v-2z\" fill=\"currentColor\"><\/path><\/svg><svg style=\"fill: #0098a7;color:#0098a7\" class=\"arrow-unsorted-368013\" xmlns=\"http:\/\/www.w3.org\/2000\/svg\" width=\"10px\" height=\"10px\" viewBox=\"0 0 24 24\" version=\"1.2\" baseProfile=\"tiny\"><path d=\"M18.2 9.3l-6.2-6.3-6.2 6.3c-.2.2-.3.4-.3.7s.1.5.3.7c.2.2.4.3.7.3h11c.3 0 .5-.1.7-.3.2-.2.3-.5.3-.7s-.1-.5-.3-.7zM5.8 14.7l6.2 6.3 6.2-6.3c.2-.2.3-.5.3-.7s-.1-.5-.3-.7c-.2-.2-.4-.3-.7-.3h-11c-.3 0-.5.1-.7.3-.2.2-.3.5-.3.7s.1.5.3.7z\"\/><\/svg><\/span><\/span><\/span><\/a><\/span><\/div>\n<nav><ul class='ez-toc-list ez-toc-list-level-1 ' ><li class='ez-toc-page-1 ez-toc-heading-level-2'><a class=\"ez-toc-link ez-toc-heading-1\" href=\"https:\/\/www.proclinic.es\/blog\/conoce-los-cementos-dentales-avalados-cientificamente-de-proclinic-expert\/#La_solucion_de_cementacion_versatil_y_completa_para_facilitar_tus_tratamientos_del_dia_a_dia\" >La soluci\u00f3n de cementaci\u00f3n vers\u00e1til y completa para facilitar tus tratamientos del d\u00eda a d\u00eda.<\/a><\/li><li class='ez-toc-page-1 ez-toc-heading-level-2'><a class=\"ez-toc-link ez-toc-heading-2\" href=\"https:\/\/www.proclinic.es\/blog\/conoce-los-cementos-dentales-avalados-cientificamente-de-proclinic-expert\/#Obturador_de_canales\" >Obturador de canales<\/a><\/li><li class='ez-toc-page-1 ez-toc-heading-level-2'><a class=\"ez-toc-link ez-toc-heading-3\" href=\"https:\/\/www.proclinic.es\/blog\/conoce-los-cementos-dentales-avalados-cientificamente-de-proclinic-expert\/#Caso_clinico\" >Caso cl\u00ednico<\/a><\/li><li class='ez-toc-page-1 ez-toc-heading-level-2'><a class=\"ez-toc-link ez-toc-heading-4\" href=\"https:\/\/www.proclinic.es\/blog\/conoce-los-cementos-dentales-avalados-cientificamente-de-proclinic-expert\/#Cemento_dental_MTA\" >Cemento dental MTA<\/a><ul class='ez-toc-list-level-4' ><li class='ez-toc-heading-level-4'><ul class='ez-toc-list-level-4' ><li class='ez-toc-heading-level-4'><a class=\"ez-toc-link ez-toc-heading-5\" href=\"https:\/\/www.proclinic.es\/blog\/conoce-los-cementos-dentales-avalados-cientificamente-de-proclinic-expert\/#i\" >\u00a0<\/a><\/li><\/ul><\/li><\/ul><\/li><li class='ez-toc-page-1 ez-toc-heading-level-2'><a class=\"ez-toc-link ez-toc-heading-6\" href=\"https:\/\/www.proclinic.es\/blog\/conoce-los-cementos-dentales-avalados-cientificamente-de-proclinic-expert\/#Versatilidad_del_cemento_MTA_Proclinic_Expert\" >Versatilidad del cemento MTA Proclinic Expert<\/a><\/li><li class='ez-toc-page-1 ez-toc-heading-level-2'><a class=\"ez-toc-link ez-toc-heading-7\" href=\"https:\/\/www.proclinic.es\/blog\/conoce-los-cementos-dentales-avalados-cientificamente-de-proclinic-expert\/#Cemento_dental_de_resina_dual\" >Cemento dental de resina dual<\/a><\/li><li class='ez-toc-page-1 ez-toc-heading-level-2'><a class=\"ez-toc-link ez-toc-heading-8\" href=\"https:\/\/www.proclinic.es\/blog\/conoce-los-cementos-dentales-avalados-cientificamente-de-proclinic-expert\/#Cemento_dental_temporal\" >Cemento dental temporal<\/a><\/li><li class='ez-toc-page-1 ez-toc-heading-level-2'><a class=\"ez-toc-link ez-toc-heading-9\" href=\"https:\/\/www.proclinic.es\/blog\/conoce-los-cementos-dentales-avalados-cientificamente-de-proclinic-expert\/#Composite_de_curado_dual\" >Composite de curado dual<\/a><\/li><\/ul><\/nav><\/div>\n<h2 class=\"wp-block-heading has-large-font-size\"><span class=\"ez-toc-section\" id=\"La_solucion_de_cementacion_versatil_y_completa_para_facilitar_tus_tratamientos_del_dia_a_dia\"><\/span>La soluci\u00f3n de cementaci\u00f3n vers\u00e1til y completa para facilitar tus tratamientos del d\u00eda a d\u00eda.<span class=\"ez-toc-section-end\"><\/span><\/h2>\r\n\r\n\r\n\r\n<p>&nbsp;<\/p>\r\n\r\n\r\n\r\n<h2 class=\"wp-block-heading\" style=\"font-size: 25px;\"><span class=\"ez-toc-section\" id=\"Obturador_de_canales\"><\/span><strong>Obturador de canales<\/strong><span class=\"ez-toc-section-end\"><\/span><\/h2>\r\n\r\n\r\n\r\n<p>El <a href=\"https:\/\/www.proclinic.es\/tienda\/obturador-de-canales.html\">obturador de canales Proclinic Expert<\/a> es un cemento dental radiopaco indicado para obturaciones permanentes de conductos radiculares en combinaci\u00f3n con puntas de gutapercha est\u00e1ndar o con gutapercha caliente indistintamente. Proporciona una obturaci\u00f3n herm\u00e9tica y estabilidad a largo plazo gracias a su buena solubilidad y excelente estabilidad dimensional.<\/p>\r\n\r\n\r\n<div class=\"wp-block-image\">\r\n<figure class=\"aligncenter size-full\"><img loading=\"lazy\" decoding=\"async\" width=\"735\" height=\"319\" class=\"wp-image-12941\" src=\"https:\/\/www.proclinic.es\/blog\/wp-content\/uploads\/2022\/03\/root-canal-obturator.png\" alt=\"\" srcset=\"https:\/\/www.proclinic.es\/blog\/wp-content\/uploads\/2022\/03\/root-canal-obturator.png 735w, https:\/\/www.proclinic.es\/blog\/wp-content\/uploads\/2022\/03\/root-canal-obturator-300x130.png 300w\" sizes=\"auto, (max-width: 735px) 100vw, 735px\" \/><\/figure><\/div>\r\n\r\n\r\n<p class=\"has-medium-font-size\"><em>Incorpora macromol\u00e9culas desinfectantes insolubles con acci\u00f3n antibacteriana.<\/em><\/p>\r\n\r\n\r\n\r\n<p>&nbsp;<\/p>\r\n\r\n\r\n\r\n<figure class=\"wp-block-image size-large\"><img loading=\"lazy\" decoding=\"async\" width=\"800\" height=\"386\" class=\"wp-image-12942\" src=\"https:\/\/www.proclinic.es\/blog\/wp-content\/uploads\/2022\/03\/tecnicas-de-obturacion-proclinic-expert-800x386.png\" alt=\"\" srcset=\"https:\/\/www.proclinic.es\/blog\/wp-content\/uploads\/2022\/03\/tecnicas-de-obturacion-proclinic-expert-800x386.png 800w, https:\/\/www.proclinic.es\/blog\/wp-content\/uploads\/2022\/03\/tecnicas-de-obturacion-proclinic-expert-300x145.png 300w, https:\/\/www.proclinic.es\/blog\/wp-content\/uploads\/2022\/03\/tecnicas-de-obturacion-proclinic-expert-768x371.png 768w, https:\/\/www.proclinic.es\/blog\/wp-content\/uploads\/2022\/03\/tecnicas-de-obturacion-proclinic-expert.png 1077w\" sizes=\"auto, (max-width: 800px) 100vw, 800px\" \/><\/figure>\r\n\r\n\r\n\r\n<p>Estudios avalan que la incorporaci\u00f3n de macromol\u00e9culas de amonio cuaternario a un obturador epoxi reduce la actividad bacteriana en las biopel\u00edculas.<\/p>\r\n\r\n\r\n\r\n<p>La incorporaci\u00f3n de estas macromol\u00e9culas logra una importante disminuci\u00f3n de la formaci\u00f3n de biopel\u00edculas nuevas, adem\u00e1s de un efecto antibacteriano moderado en la biopel\u00edcula existente.<\/p>\r\n\r\n\r\n\r\n<figure class=\"wp-block-image size-large\"><img loading=\"lazy\" decoding=\"async\" width=\"800\" height=\"192\" class=\"wp-image-12945\" src=\"https:\/\/www.proclinic.es\/blog\/wp-content\/uploads\/2022\/03\/bacterias-microscopio-800x192.png\" alt=\"\" srcset=\"https:\/\/www.proclinic.es\/blog\/wp-content\/uploads\/2022\/03\/bacterias-microscopio-800x192.png 800w, https:\/\/www.proclinic.es\/blog\/wp-content\/uploads\/2022\/03\/bacterias-microscopio-300x72.png 300w, https:\/\/www.proclinic.es\/blog\/wp-content\/uploads\/2022\/03\/bacterias-microscopio-768x184.png 768w, https:\/\/www.proclinic.es\/blog\/wp-content\/uploads\/2022\/03\/bacterias-microscopio.png 1347w\" sizes=\"auto, (max-width: 800px) 100vw, 800px\" \/><\/figure>\r\n\r\n\r\n\r\n<p>&nbsp;<\/p>\r\n\r\n\r\n\r\n<p>&nbsp;<\/p>\r\n\r\n\r\n\r\n<p>&nbsp;<\/p>\r\n\r\n\r\n\r\n<p>&nbsp;<\/p>\r\n\r\n\r\n\r\n<h2 class=\"wp-block-heading has-x-large-font-size\"><span class=\"ez-toc-section\" id=\"Caso_clinico\"><\/span>Caso cl\u00ednico<span class=\"ez-toc-section-end\"><\/span><\/h2>\r\n\r\n\r\n<div class=\"wp-block-image\">\r\n<figure class=\"aligncenter size-full is-resized\"><img loading=\"lazy\" decoding=\"async\" class=\"wp-image-12946\" src=\"https:\/\/www.proclinic.es\/blog\/wp-content\/uploads\/2022\/03\/caso-clinico-proclinic-expert.png\" alt=\"\" width=\"600\" height=\"164\" srcset=\"https:\/\/www.proclinic.es\/blog\/wp-content\/uploads\/2022\/03\/caso-clinico-proclinic-expert.png 763w, https:\/\/www.proclinic.es\/blog\/wp-content\/uploads\/2022\/03\/caso-clinico-proclinic-expert-300x82.png 300w\" sizes=\"auto, (max-width: 600px) 100vw, 600px\" \/><\/figure><\/div>\r\n\r\n\r\n<ul class=\"wp-block-list\" type=\"A\">\r\n<li>Primer molar inferior izquierdo en el que se ha realizado anteriormente un tratamiento endod\u00f3ntico. Motivo de consulta del paciente: escasa consistencia del empaste en este diente. No nota dolor al morder. Se observa una zona de radiotransparencia en la regi\u00f3n superior de la ra\u00edz distal y en la zona de la furca.<\/li>\r\n\r\n\r\n\r\n<li>Se realiza una revisi\u00f3n y desobturaci\u00f3n de los conductos radiculares. Se lleva a cabo la limpieza, conformaci\u00f3n y desinfecci\u00f3n de los conductos radiculares mediante uso de instrumentos rotatorios de n\u00edquel-titanio, 5% de hipoclorito de sodio, 15% de EDTA y 2% de clorhexidina para irrigaci\u00f3n y desinfecci\u00f3n. La obturaci\u00f3n de los conductos se realiza con hidr\u00f3xido de calcio. El empaste provisional es de cemento de ion\u00f3mero de vidrio. No se observa dolor en el paciente.<\/li>\r\n\r\n\r\n\r\n<li>A los 2 meses se tom\u00f3 la decisi\u00f3n de realizar una obturaci\u00f3n definitiva de los conductos radiculares. Se obturaron por el m\u00e9todo de condensaci\u00f3n lateral junto al obturador de canales Proclinic Expert. El obturador se introduce con facilidad en el conducto radicular tanto con el uso de conos como de l\u00e9ntulos. Posee una viscosidad \u00f3ptima, rellena todas las ramificaciones del conducto radicular principal. El empaste provisional es de cemento de ion\u00f3mero de vidrio. No se observa dolor en el paciente.<\/li>\r\n\r\n\r\n\r\n<li>En la revisi\u00f3n de control tras el tratamiento se comprueba que todo est\u00e1 bajo control y no hay sensibilidad postoperatoria. En la radiograf\u00eda se observa que no hay focos patol\u00f3gicos, ha habido una reparaci\u00f3n total del hueso (los focos de infecci\u00f3n se han rellenado de tejido, que por su densidad corresponde al \u00f3seo). Posteriormente se decidi\u00f3 rehabilitar el molar con una pr\u00f3tesis.<\/li>\r\n<\/ul>\r\n\r\n\r\n\r\n<p><strong><em>Puedes encontrar m\u00e1s informaci\u00f3n en el siguiente <a href=\"https:\/\/d3tfk74ciyjzum.cloudfront.net\/catalogs\/online\/DOSSIER_CIENTI%CC%81FICO_CLI%CC%81NICO_SELLADOR_DE_CANALES_PROCLINIC_EXPERT\/index.html\">dosier cient\u00edfico<\/a> y <a href=\"https:\/\/d3tfk74ciyjzum.cloudfront.net\/catalogs\/online\/CEMENTOS_DE_ENDODONCIA_PROCLINIC_EXPERT\/index.html\">cl\u00ednico<\/a>.<\/em><\/strong><\/p>\r\n\r\n\r\n\r\n<p>&nbsp;<\/p>\r\n\r\n\r\n\r\n<p>&nbsp;<\/p>\r\n\r\n\r\n\r\n<p>&nbsp;<\/p>\r\n\r\n\r\n\r\n<h2 class=\"wp-block-heading\" style=\"font-size: 25px;\"><span class=\"ez-toc-section\" id=\"Cemento_dental_MTA\"><\/span>Cemento dental MTA<span class=\"ez-toc-section-end\"><\/span><\/h2>\r\n\r\n\r\n\r\n<p><a href=\"https:\/\/www.proclinic.es\/tienda\/cemento-mta-389375.html\">MTA Proclinic Expert<\/a> es un cemento dental endod\u00f3ntico reparador biocompatible, compuesto de \u00f3xidos minerales en forma de part\u00edculas hidrof\u00edlicas, de color blanco, bioactivo, radiopaco y poco soluble.<\/p>\r\n\r\n\r\n<div class=\"wp-block-image\">\r\n<figure class=\"aligncenter size-full\"><img loading=\"lazy\" decoding=\"async\" width=\"770\" height=\"483\" class=\"wp-image-12947\" src=\"https:\/\/www.proclinic.es\/blog\/wp-content\/uploads\/2022\/03\/cemento-MTA-proclinic-expert.png\" alt=\"\" srcset=\"https:\/\/www.proclinic.es\/blog\/wp-content\/uploads\/2022\/03\/cemento-MTA-proclinic-expert.png 770w, https:\/\/www.proclinic.es\/blog\/wp-content\/uploads\/2022\/03\/cemento-MTA-proclinic-expert-300x188.png 300w, https:\/\/www.proclinic.es\/blog\/wp-content\/uploads\/2022\/03\/cemento-MTA-proclinic-expert-768x482.png 768w\" sizes=\"auto, (max-width: 770px) 100vw, 770px\" \/><\/figure><\/div>\r\n\r\n<div class=\"wp-block-image\">\r\n<figure class=\"aligncenter size-full\"><img loading=\"lazy\" decoding=\"async\" width=\"665\" height=\"204\" class=\"wp-image-12948\" src=\"https:\/\/www.proclinic.es\/blog\/wp-content\/uploads\/2022\/03\/the-dental-advisor.png\" alt=\"\" srcset=\"https:\/\/www.proclinic.es\/blog\/wp-content\/uploads\/2022\/03\/the-dental-advisor.png 665w, https:\/\/www.proclinic.es\/blog\/wp-content\/uploads\/2022\/03\/the-dental-advisor-300x92.png 300w\" sizes=\"auto, (max-width: 665px) 100vw, 665px\" \/><\/figure><\/div>\r\n\r\n\r\n<p class=\"has-medium-font-size\"><em>Proporciona un sellado herm\u00e9tico de larga duraci\u00f3n y la reparaci\u00f3n biol\u00f3gica.<\/em><\/p>\r\n\r\n\r\n\r\n<h4 class=\"wp-block-heading\"><span class=\"ez-toc-section\" id=\"i\"><\/span><strong>\u00a0<\/strong><span class=\"ez-toc-section-end\"><\/span><\/h4>\r\n\r\n\r\n<div class=\"wp-block-image\">\r\n<figure class=\"aligncenter size-large\"><img loading=\"lazy\" decoding=\"async\" width=\"800\" height=\"463\" class=\"wp-image-12949\" src=\"https:\/\/www.proclinic.es\/blog\/wp-content\/uploads\/2022\/03\/resultados-del-cemento-MTA-proclinic-expert-800x463.png\" alt=\"\" srcset=\"https:\/\/www.proclinic.es\/blog\/wp-content\/uploads\/2022\/03\/resultados-del-cemento-MTA-proclinic-expert-800x463.png 800w, https:\/\/www.proclinic.es\/blog\/wp-content\/uploads\/2022\/03\/resultados-del-cemento-MTA-proclinic-expert-300x174.png 300w, https:\/\/www.proclinic.es\/blog\/wp-content\/uploads\/2022\/03\/resultados-del-cemento-MTA-proclinic-expert-768x444.png 768w, https:\/\/www.proclinic.es\/blog\/wp-content\/uploads\/2022\/03\/resultados-del-cemento-MTA-proclinic-expert.png 1174w\" sizes=\"auto, (max-width: 800px) 100vw, 800px\" \/><\/figure><\/div>\r\n\r\n\r\n<p>&nbsp;<\/p>\r\n\r\n\r\n\r\n<p>&nbsp;<\/p>\r\n\r\n\r\n\r\n<h2 class=\"wp-block-heading\" style=\"font-size: 25px;\"><span class=\"ez-toc-section\" id=\"Versatilidad_del_cemento_MTA_Proclinic_Expert\"><\/span>Versatilidad del cemento MTA Proclinic Expert<span class=\"ez-toc-section-end\"><\/span><\/h2>\r\n\r\n\r\n\r\n<p>Permite la posibilidad de aplicarlo en un ambiente h\u00famedo, la biocompatibilidad y la bioactividad otorgan al cemento dental <strong>MTA Proclinic Expert <\/strong>un amplio abanico de indicaciones.<\/p>\r\n\r\n\r\n\r\n<p>Est\u00e1 indicado para reparar perforaciones causadas por casos de reabsorci\u00f3n externa e interna comunicante, para los tratamientos conservadores de la pulpa (pulpotom\u00eda y recubrimiento pulpar) en piezas deciduas y permanentes, y como material para estimular la apexificaci\u00f3n.<\/p>\r\n\r\n\r\n\r\n<p>Tambi\u00e9n est\u00e1 indicado como barrera intracoronaria previa al blanqueamiento dental y como tap\u00f3n apical en situaciones en las que la punta de gutapercha principal no se puede fijar en el interior del conducto radicular.<\/p>\r\n\r\n\r\n<div class=\"wp-block-image\">\r\n<figure class=\"aligncenter size-large\"><img loading=\"lazy\" decoding=\"async\" width=\"800\" height=\"384\" class=\"wp-image-12951\" src=\"https:\/\/www.proclinic.es\/blog\/wp-content\/uploads\/2022\/03\/indicaciones-para-usar-el-cemento-MTA-proclinic-expert-800x384.png\" alt=\"\" srcset=\"https:\/\/www.proclinic.es\/blog\/wp-content\/uploads\/2022\/03\/indicaciones-para-usar-el-cemento-MTA-proclinic-expert-800x384.png 800w, https:\/\/www.proclinic.es\/blog\/wp-content\/uploads\/2022\/03\/indicaciones-para-usar-el-cemento-MTA-proclinic-expert-300x144.png 300w, https:\/\/www.proclinic.es\/blog\/wp-content\/uploads\/2022\/03\/indicaciones-para-usar-el-cemento-MTA-proclinic-expert-768x369.png 768w, https:\/\/www.proclinic.es\/blog\/wp-content\/uploads\/2022\/03\/indicaciones-para-usar-el-cemento-MTA-proclinic-expert.png 1181w\" sizes=\"auto, (max-width: 800px) 100vw, 800px\" \/><\/figure><\/div>\r\n\r\n\r\n<p><strong><em>Puedes encontrar m\u00e1s informaci\u00f3n en el siguiente <a href=\"https:\/\/d3tfk74ciyjzum.cloudfront.net\/catalogs\/online\/DOSSIER_CIENTI%CC%81FICO_CLI%CC%81NICO_SELLADOR_DE_CANALES_PROCLINIC_EXPERT\/index.html\">dosier cient\u00edfico<\/a> y <a href=\"https:\/\/d3tfk74ciyjzum.cloudfront.net\/catalogs\/online\/CEMENTOS_DE_ENDODONCIA_PROCLINIC_EXPERT\/index.html\">cl\u00ednico<\/a>.<\/em><\/strong><\/p>\r\n\r\n\r\n\r\n<p>&nbsp;<\/p>\r\n\r\n\r\n\r\n<p>&nbsp;<\/p>\r\n\r\n\r\n\r\n<p>&nbsp;<\/p>\r\n\r\n\r\n\r\n<h2 class=\"wp-block-heading\" style=\"font-size: 25px;\"><span class=\"ez-toc-section\" id=\"Cemento_dental_de_resina_dual\"><\/span>Cemento dental de resina dual<span class=\"ez-toc-section-end\"><\/span><\/h2>\r\n\r\n\r\n\r\n<p>El <a href=\"https:\/\/www.proclinic.es\/tienda\/cemento-de-resina-dual.html\">cemento de resina dual Proclinic Expert<\/a> es ideal para cementaciones definitivas, no contiene eugenol, no requiere de grabado \u00e1cido ni adhesivo y permite tanto la autopolimerizaci\u00f3n como la fotopolimerizaci\u00f3n. Disponible en tonalidad dentina y transl\u00facido para conseguir resultados est\u00e9ticos.<\/p>\r\n\r\n\r\n<div class=\"wp-block-image\">\r\n<figure class=\"aligncenter size-large\"><img loading=\"lazy\" decoding=\"async\" width=\"800\" height=\"354\" class=\"wp-image-12952\" src=\"https:\/\/www.proclinic.es\/blog\/wp-content\/uploads\/2022\/03\/cemento-de-resina-dual-proclinic-experte-800x354.png\" alt=\"\" srcset=\"https:\/\/www.proclinic.es\/blog\/wp-content\/uploads\/2022\/03\/cemento-de-resina-dual-proclinic-experte-800x354.png 800w, https:\/\/www.proclinic.es\/blog\/wp-content\/uploads\/2022\/03\/cemento-de-resina-dual-proclinic-experte-300x133.png 300w, https:\/\/www.proclinic.es\/blog\/wp-content\/uploads\/2022\/03\/cemento-de-resina-dual-proclinic-experte-768x340.png 768w, https:\/\/www.proclinic.es\/blog\/wp-content\/uploads\/2022\/03\/cemento-de-resina-dual-proclinic-experte.png 909w\" sizes=\"auto, (max-width: 800px) 100vw, 800px\" \/><\/figure><\/div>\r\n\r\n<div class=\"wp-block-image\">\r\n<figure class=\"aligncenter size-large\"><img decoding=\"async\" class=\"wp-image-12953\" src=\"https:\/\/www.proclinic.es\/blog\/wp-content\/uploads\/2022\/03\/radiopacidad-800x120.png\" alt=\"\" \/><\/figure><\/div>\r\n\r\n\r\n<p>Gracias al uso conjunto con <a href=\"https:\/\/www.proclinic.es\/tienda\/ceramic-primer.html\">Ceramic Primer<\/a> el <a href=\"https:\/\/www.proclinic.es\/tienda\/cemento-de-resina-dual.html\">Cemento de Resina Dual<\/a> Proclinic Expert permite cementar Inlays\/Onlays\/Overlays, coronas, puentes, coronas parciales y postes fabricados en una amplia gama de material como metal, porcelana con metal, composite, porcelana, al\u00famina, circonio y materiales CAD-CAM (circonio y disilicato de litio).<\/p>\r\n\r\n\r\n<div class=\"wp-block-image\">\r\n<figure class=\"aligncenter size-large\"><img loading=\"lazy\" decoding=\"async\" width=\"800\" height=\"347\" class=\"wp-image-12954\" src=\"https:\/\/www.proclinic.es\/blog\/wp-content\/uploads\/2022\/03\/restauraciones-800x347.png\" alt=\"\" srcset=\"https:\/\/www.proclinic.es\/blog\/wp-content\/uploads\/2022\/03\/restauraciones-800x347.png 800w, https:\/\/www.proclinic.es\/blog\/wp-content\/uploads\/2022\/03\/restauraciones-300x130.png 300w, https:\/\/www.proclinic.es\/blog\/wp-content\/uploads\/2022\/03\/restauraciones-768x333.png 768w, https:\/\/www.proclinic.es\/blog\/wp-content\/uploads\/2022\/03\/restauraciones.png 1124w\" sizes=\"auto, (max-width: 800px) 100vw, 800px\" \/><\/figure><\/div>\r\n\r\n\r\n\r\n<div class=\"wp-block-image\">\r\n<figure class=\"aligncenter size-full\"><img loading=\"lazy\" decoding=\"async\" width=\"680\" height=\"407\" class=\"wp-image-12955\" src=\"https:\/\/www.proclinic.es\/blog\/wp-content\/uploads\/2022\/03\/Dra.Carmen-Minana.png\" alt=\"\" srcset=\"https:\/\/www.proclinic.es\/blog\/wp-content\/uploads\/2022\/03\/Dra.Carmen-Minana.png 680w, https:\/\/www.proclinic.es\/blog\/wp-content\/uploads\/2022\/03\/Dra.Carmen-Minana-300x180.png 300w\" sizes=\"auto, (max-width: 680px) 100vw, 680px\" \/><\/figure><\/div>\r\n\r\n\r\n<p><strong><em>Puedes encontrar m\u00e1s informaci\u00f3n en el siguiente <a href=\"https:\/\/d3tfk74ciyjzum.cloudfront.net\/catalogs\/online\/CEMENTOS_PROCLINIC_EXPERT\/index.html\">dosier cl\u00ednico<\/a>.<\/em><\/strong><\/p>\r\n\r\n\r\n\r\n<p>&nbsp;<\/p>\r\n\r\n\r\n\r\n<p>&nbsp;<\/p>\r\n\r\n\r\n\r\n<p>&nbsp;<\/p>\r\n\r\n\r\n\r\n<h2 class=\"wp-block-heading\" style=\"font-size: 25px;\"><span class=\"ez-toc-section\" id=\"Cemento_dental_temporal\"><\/span>Cemento dental temporal<span class=\"ez-toc-section-end\"><\/span><\/h2>\r\n\r\n\r\n\r\n<p>El <a href=\"https:\/\/www.proclinic.es\/tienda\/cemento-temporal-implantes.html\">Cemento temporal para dientes naturales e implantes<\/a>, te ofrece un mismo cemento para cementaciones temporales y definitivas<\/p>\r\n\r\n\r\n<div class=\"wp-block-image\">\r\n<figure class=\"aligncenter size-full\"><img loading=\"lazy\" decoding=\"async\" width=\"700\" height=\"400\" class=\"wp-image-12957\" src=\"https:\/\/www.proclinic.es\/blog\/wp-content\/uploads\/2022\/03\/cemento-temporal-proclinic-expert.png\" alt=\"\" srcset=\"https:\/\/www.proclinic.es\/blog\/wp-content\/uploads\/2022\/03\/cemento-temporal-proclinic-expert.png 700w, https:\/\/www.proclinic.es\/blog\/wp-content\/uploads\/2022\/03\/cemento-temporal-proclinic-expert-300x171.png 300w\" sizes=\"auto, (max-width: 700px) 100vw, 700px\" \/><\/figure><\/div>\r\n\r\n<div class=\"wp-block-image\">\r\n<figure class=\"aligncenter size-full\"><img loading=\"lazy\" decoding=\"async\" width=\"793\" height=\"274\" class=\"wp-image-12958\" src=\"https:\/\/www.proclinic.es\/blog\/wp-content\/uploads\/2022\/03\/aplicacion-emporal.png\" alt=\"\" srcset=\"https:\/\/www.proclinic.es\/blog\/wp-content\/uploads\/2022\/03\/aplicacion-emporal.png 793w, https:\/\/www.proclinic.es\/blog\/wp-content\/uploads\/2022\/03\/aplicacion-emporal-300x104.png 300w, https:\/\/www.proclinic.es\/blog\/wp-content\/uploads\/2022\/03\/aplicacion-emporal-768x265.png 768w\" sizes=\"auto, (max-width: 793px) 100vw, 793px\" \/><\/figure><\/div>\r\n\r\n\r\n<p>Es un cemento dental de pol\u00edmero el\u00e1stico, sin eugenol indicado para:<\/p>\r\n\r\n\r\n\r\n<ul class=\"wp-block-list\">\r\n<li>Cementaciones permanentes y temporales de coronas y puentes retenidos sobre implantes, con la posibilidad de retirarlos f\u00e1cilmente.<\/li>\r\n\r\n\r\n\r\n<li>Cementaciones provisionales de coronas y puentes sobre dientes naturales.<\/li>\r\n<\/ul>\r\n\r\n\r\n<div class=\"wp-block-image\">\r\n<figure class=\"aligncenter size-large\"><img loading=\"lazy\" decoding=\"async\" width=\"800\" height=\"241\" class=\"wp-image-12959\" src=\"https:\/\/www.proclinic.es\/blog\/wp-content\/uploads\/2022\/03\/etapas-de-fraguado-800x241.png\" alt=\"\" srcset=\"https:\/\/www.proclinic.es\/blog\/wp-content\/uploads\/2022\/03\/etapas-de-fraguado-800x241.png 800w, https:\/\/www.proclinic.es\/blog\/wp-content\/uploads\/2022\/03\/etapas-de-fraguado-300x90.png 300w, https:\/\/www.proclinic.es\/blog\/wp-content\/uploads\/2022\/03\/etapas-de-fraguado-768x231.png 768w, https:\/\/www.proclinic.es\/blog\/wp-content\/uploads\/2022\/03\/etapas-de-fraguado.png 1286w\" sizes=\"auto, (max-width: 800px) 100vw, 800px\" \/><\/figure><\/div>\r\n\r\n\r\n<p><strong><em>Puedes encontrar m\u00e1s informaci\u00f3n en el siguiente <a href=\"https:\/\/d3tfk74ciyjzum.cloudfront.net\/catalogs\/online\/CEMENTOS_PROCLINIC_EXPERT\/index.html\">dosier cl\u00ednico<\/a>.<\/em><\/strong><\/p>\r\n\r\n\r\n\r\n<p>&nbsp;<\/p>\r\n\r\n\r\n\r\n<p>&nbsp;<\/p>\r\n\r\n\r\n\r\n<p>&nbsp;<\/p>\r\n\r\n\r\n\r\n<h2 class=\"wp-block-heading\" style=\"font-size: 25px;\"><span class=\"ez-toc-section\" id=\"Composite_de_curado_dual\"><\/span>Composite de curado dual<span class=\"ez-toc-section-end\"><\/span><\/h2>\r\n\r\n\r\n\r\n<p>Composite de curado dual para la <a href=\"https:\/\/www.proclinic.es\/tienda\/reconstructor-de-mu-ones.html\">reconstrucci\u00f3n de mu\u00f1ones<\/a>, altamente radiopaco y fluido con muy buenas propiedades mec\u00e1nicas. Color dentina que permite unas restauraciones altamente est\u00e9ticas sin estructura met\u00e1lica.<\/p>\r\n\r\n\r\n<div class=\"wp-block-image\">\r\n<figure class=\"aligncenter size-large\"><img loading=\"lazy\" decoding=\"async\" width=\"800\" height=\"372\" class=\"wp-image-12960\" src=\"https:\/\/www.proclinic.es\/blog\/wp-content\/uploads\/2022\/03\/composite-dual-core-800x372.png\" alt=\"\" srcset=\"https:\/\/www.proclinic.es\/blog\/wp-content\/uploads\/2022\/03\/composite-dual-core-800x372.png 800w, https:\/\/www.proclinic.es\/blog\/wp-content\/uploads\/2022\/03\/composite-dual-core-300x139.png 300w, https:\/\/www.proclinic.es\/blog\/wp-content\/uploads\/2022\/03\/composite-dual-core-768x357.png 768w, https:\/\/www.proclinic.es\/blog\/wp-content\/uploads\/2022\/03\/composite-dual-core.png 979w\" sizes=\"auto, (max-width: 800px) 100vw, 800px\" \/><\/figure><\/div>\r\n\r\n\r\n<ul class=\"wp-block-list\">\r\n<li>Alta resistencia a la compresi\u00f3n que permite realizar unas restauraciones muy duraderas.<\/li>\r\n\r\n\r\n\r\n<li>Alta carga de relleno del 70% en peso que garantiza una gran resistencia al desgaste.<\/li>\r\n\r\n\r\n\r\n<li>Alta fuerza de adhesi\u00f3n a la dentina de hasta 22 Mpa.<\/li>\r\n<\/ul>\r\n\r\n\r\n<div class=\"wp-block-image\">\r\n<figure class=\"aligncenter size-large\"><img loading=\"lazy\" decoding=\"async\" width=\"800\" height=\"256\" class=\"wp-image-12961\" src=\"https:\/\/www.proclinic.es\/blog\/wp-content\/uploads\/2022\/03\/comparativa-composites-800x256.png\" alt=\"\" srcset=\"https:\/\/www.proclinic.es\/blog\/wp-content\/uploads\/2022\/03\/comparativa-composites-800x256.png 800w, https:\/\/www.proclinic.es\/blog\/wp-content\/uploads\/2022\/03\/comparativa-composites-300x96.png 300w, https:\/\/www.proclinic.es\/blog\/wp-content\/uploads\/2022\/03\/comparativa-composites-768x245.png 768w, https:\/\/www.proclinic.es\/blog\/wp-content\/uploads\/2022\/03\/comparativa-composites.png 920w\" sizes=\"auto, (max-width: 800px) 100vw, 800px\" \/><\/figure><\/div>\r\n\r\n\r\n<ul class=\"wp-block-list\">\r\n<li>Dos indicaciones en un mismo producto: reconstrucci\u00f3n de mu\u00f1ones y cementaci\u00f3n de postes.<\/li>\r\n\r\n\r\n\r\n<li>Buena tixotrop\u00eda que asegura una buena manejabilidad del producto y su f\u00e1cil adopci\u00f3n en preparaciones irregulares y postes endod\u00f3nticos.<\/li>\r\n\r\n\r\n\r\n<li>Alta radiopacidad que facilita hacer un seguimiento del tratamiento realizado a largo plazo.<\/li>\r\n<\/ul>\r\n\r\n\r\n<div class=\"wp-block-image\">\r\n<figure class=\"aligncenter size-large\"><img loading=\"lazy\" decoding=\"async\" width=\"800\" height=\"288\" class=\"wp-image-12962\" src=\"https:\/\/www.proclinic.es\/blog\/wp-content\/uploads\/2022\/03\/Dr.-Carlos-Gargallo-800x288.png\" alt=\"\" srcset=\"https:\/\/www.proclinic.es\/blog\/wp-content\/uploads\/2022\/03\/Dr.-Carlos-Gargallo-800x288.png 800w, https:\/\/www.proclinic.es\/blog\/wp-content\/uploads\/2022\/03\/Dr.-Carlos-Gargallo-300x108.png 300w, https:\/\/www.proclinic.es\/blog\/wp-content\/uploads\/2022\/03\/Dr.-Carlos-Gargallo-768x277.png 768w, https:\/\/www.proclinic.es\/blog\/wp-content\/uploads\/2022\/03\/Dr.-Carlos-Gargallo.png 847w\" sizes=\"auto, (max-width: 800px) 100vw, 800px\" \/><\/figure><\/div>\r\n\r\n\r\n<p><strong><em>Puedes encontrar m\u00e1s informaci\u00f3n en el siguiente <a href=\"https:\/\/d3tfk74ciyjzum.cloudfront.net\/catalogs\/online\/IONOMETROS\/index.html\">dosier cl\u00ednico<\/a>.<\/em><\/strong><\/p>\r\n\r\n\r\n\r\n<p>&nbsp;<\/p>\r\n\r\n\r\n\r\n<p>&nbsp;<\/p>\r\n\r\n\r\n\r\n<p>\u00a1Encuentra estos y muchos m\u00e1s productos en <strong><a href=\"http:\/\/www.proclinic.es\/tienda\">nuestra web<\/a><\/strong>!<\/p>\r\n\r\n\r\n\r\n<p>&nbsp;<\/p>\r\n","protected":false},"excerpt":{"rendered":"<p>Hoy queremos hablarte de la gama de cementos dentales Proclinic Expert, avalada cient\u00edficamente, y que a lo largo de los 5 a\u00f1os que ya lleva en el mercado, ha dado soluci\u00f3n a los problemas y tratamientos m\u00e1s complejos. &nbsp; La soluci\u00f3n de cementaci\u00f3n vers\u00e1til y completa para facilitar tus tratamientos del d\u00eda a d\u00eda. &nbsp; &#8230; <a title=\"Conoce los cementos dentales avalados cient\u00edficamente de Proclinic Expert\" class=\"read-more\" href=\"https:\/\/www.proclinic.es\/blog\/conoce-los-cementos-dentales-avalados-cientificamente-de-proclinic-expert\/\" aria-label=\"More on Conoce los cementos dentales avalados cient\u00edficamente de Proclinic Expert\">Read more<\/a><\/p>\n","protected":false},"author":101011,"featured_media":12964,"comment_status":"open","ping_status":"open","sticky":false,"template":"","format":"standard","meta":{"footnotes":""},"categories":[49],"tags":[675,655,671,673,669,670,674,598,676,134,672],"class_list":["post-12939","post","type-post","status-publish","format-standard","has-post-thumbnail","hentry","category-clinica-dental","tag-calidad-contrastada","tag-caso-clinico","tag-caso-real","tag-cemento-de-resina-dual","tag-cemento-dental","tag-cemento-mta","tag-cemento-temporal","tag-composite-dental","tag-expertos","tag-proclinic-expert","tag-the-dental-advisor"],"yoast_head":"<!-- This site is optimized with the Yoast SEO plugin v25.9 - https:\/\/yoast.com\/wordpress\/plugins\/seo\/ -->\n<title>Conoce los cementos dentales avalados cient\u00edficamente de Proclinic Expert - Blog Proclinic<\/title>\n<meta name=\"description\" content=\"Hoy queremos hablarte de la gama de cementos dentales Proclinic Expert, avalada cient\u00edficamente, y que a lo largo de los 5 a\u00f1os que ya lleva en el mercado\" \/>\n<meta name=\"robots\" content=\"index, follow, max-snippet:-1, max-image-preview:large, max-video-preview:-1\" \/>\n<link rel=\"canonical\" href=\"https:\/\/www.proclinic.es\/blog\/conoce-los-cementos-dentales-avalados-cientificamente-de-proclinic-expert\/\" \/>\n<meta property=\"og:locale\" content=\"es_ES\" \/>\n<meta property=\"og:type\" content=\"article\" \/>\n<meta property=\"og:title\" content=\"Conoce los cementos dentales avalados cient\u00edficamente de Proclinic Expert - Blog Proclinic\" \/>\n<meta property=\"og:description\" content=\"Hoy queremos hablarte de la gama de cementos dentales Proclinic Expert, avalada cient\u00edficamente, y que a lo largo de los 5 a\u00f1os que ya lleva en el mercado\" \/>\n<meta property=\"og:url\" content=\"https:\/\/www.proclinic.es\/blog\/conoce-los-cementos-dentales-avalados-cientificamente-de-proclinic-expert\/\" \/>\n<meta property=\"og:site_name\" content=\"Blog Proclinic\" \/>\n<meta property=\"article:publisher\" content=\"https:\/\/www.facebook.com\/proclinicsa\" \/>\n<meta property=\"article:published_time\" content=\"2022-03-22T13:54:43+00:00\" \/>\n<meta property=\"article:modified_time\" content=\"2023-09-14T09:42:56+00:00\" \/>\n<meta property=\"og:image\" content=\"https:\/\/www.proclinic.es\/blog\/wp-content\/uploads\/2022\/03\/proclinic-expert.png\" \/>\n\t<meta property=\"og:image:width\" content=\"801\" \/>\n\t<meta property=\"og:image:height\" content=\"601\" \/>\n\t<meta property=\"og:image:type\" content=\"image\/png\" \/>\n<meta name=\"author\" content=\"Anna\" \/>\n<meta name=\"twitter:card\" content=\"summary_large_image\" \/>\n<meta name=\"twitter:creator\" content=\"@Proclinic_SA\" \/>\n<meta name=\"twitter:site\" content=\"@Proclinic_SA\" \/>\n<meta name=\"twitter:label1\" content=\"Escrito por\" \/>\n\t<meta name=\"twitter:data1\" content=\"Anna\" \/>\n\t<meta name=\"twitter:label2\" content=\"Tiempo de lectura\" \/>\n\t<meta name=\"twitter:data2\" content=\"5 minutos\" \/>\n<script type=\"application\/ld+json\" class=\"yoast-schema-graph\">{\"@context\":\"https:\/\/schema.org\",\"@graph\":[{\"@type\":\"WebPage\",\"@id\":\"https:\/\/www.proclinic.es\/blog\/conoce-los-cementos-dentales-avalados-cientificamente-de-proclinic-expert\/\",\"url\":\"https:\/\/www.proclinic.es\/blog\/conoce-los-cementos-dentales-avalados-cientificamente-de-proclinic-expert\/\",\"name\":\"Conoce los cementos dentales avalados cient\u00edficamente de Proclinic Expert - Blog Proclinic\",\"isPartOf\":{\"@id\":\"https:\/\/www.proclinic.es\/blog\/#website\"},\"primaryImageOfPage\":{\"@id\":\"https:\/\/www.proclinic.es\/blog\/conoce-los-cementos-dentales-avalados-cientificamente-de-proclinic-expert\/#primaryimage\"},\"image\":{\"@id\":\"https:\/\/www.proclinic.es\/blog\/conoce-los-cementos-dentales-avalados-cientificamente-de-proclinic-expert\/#primaryimage\"},\"thumbnailUrl\":\"https:\/\/www.proclinic.es\/blog\/wp-content\/uploads\/2022\/03\/proclinic-expert.png\",\"datePublished\":\"2022-03-22T13:54:43+00:00\",\"dateModified\":\"2023-09-14T09:42:56+00:00\",\"author\":{\"@id\":\"https:\/\/www.proclinic.es\/blog\/#\/schema\/person\/85e304ea367ce3922003b0d8b388e527\"},\"description\":\"Hoy queremos hablarte de la gama de cementos dentales Proclinic Expert, avalada cient\u00edficamente, y que a lo largo de los 5 a\u00f1os que ya lleva en el mercado\",\"breadcrumb\":{\"@id\":\"https:\/\/www.proclinic.es\/blog\/conoce-los-cementos-dentales-avalados-cientificamente-de-proclinic-expert\/#breadcrumb\"},\"inLanguage\":\"es\",\"potentialAction\":[{\"@type\":\"ReadAction\",\"target\":[\"https:\/\/www.proclinic.es\/blog\/conoce-los-cementos-dentales-avalados-cientificamente-de-proclinic-expert\/\"]}]},{\"@type\":\"ImageObject\",\"inLanguage\":\"es\",\"@id\":\"https:\/\/www.proclinic.es\/blog\/conoce-los-cementos-dentales-avalados-cientificamente-de-proclinic-expert\/#primaryimage\",\"url\":\"https:\/\/www.proclinic.es\/blog\/wp-content\/uploads\/2022\/03\/proclinic-expert.png\",\"contentUrl\":\"https:\/\/www.proclinic.es\/blog\/wp-content\/uploads\/2022\/03\/proclinic-expert.png\",\"width\":801,\"height\":601},{\"@type\":\"BreadcrumbList\",\"@id\":\"https:\/\/www.proclinic.es\/blog\/conoce-los-cementos-dentales-avalados-cientificamente-de-proclinic-expert\/#breadcrumb\",\"itemListElement\":[{\"@type\":\"ListItem\",\"position\":1,\"name\":\"Home\",\"item\":\"https:\/\/www.proclinic.es\/blog\/\"},{\"@type\":\"ListItem\",\"position\":2,\"name\":\"Conoce los cementos dentales avalados cient\u00edficamente de Proclinic Expert\"}]},{\"@type\":\"WebSite\",\"@id\":\"https:\/\/www.proclinic.es\/blog\/#website\",\"url\":\"https:\/\/www.proclinic.es\/blog\/\",\"name\":\"Blog Proclinic\",\"description\":\"\u00a1Bienvenido al blog de Proclinic! En este espacio, nos enfocamos en brindar informaci\u00f3n valiosa y actualizada para todos los profesionales del sector dental. Nuestra misi\u00f3n es mantenerte al d\u00eda de las \u00faltimas tendencias, investigaciones y t\u00e9cnicas en el campo de la odontolog\u00eda. Exploraremos temas que van desde las novedades en materiales odontol\u00f3gicos, consejos pr\u00e1cticos para la gesti\u00f3n de cl\u00ednicas dentales hasta casos cl\u00ednicos con base cient\u00edfica, eventos del sector y mucho m\u00e1s. Te invitamos a seguir nuestro contenido, dise\u00f1ado para mantener tu pr\u00e1ctica en la vanguardia de la odontolog\u00eda moderna.\",\"potentialAction\":[{\"@type\":\"SearchAction\",\"target\":{\"@type\":\"EntryPoint\",\"urlTemplate\":\"https:\/\/www.proclinic.es\/blog\/?s={search_term_string}\"},\"query-input\":{\"@type\":\"PropertyValueSpecification\",\"valueRequired\":true,\"valueName\":\"search_term_string\"}}],\"inLanguage\":\"es\"},{\"@type\":\"Person\",\"@id\":\"https:\/\/www.proclinic.es\/blog\/#\/schema\/person\/85e304ea367ce3922003b0d8b388e527\",\"name\":\"Anna\",\"image\":{\"@type\":\"ImageObject\",\"inLanguage\":\"es\",\"@id\":\"https:\/\/www.proclinic.es\/blog\/#\/schema\/person\/image\/\",\"url\":\"https:\/\/secure.gravatar.com\/avatar\/b8b19455b6924f97d0afcdeb2791066e8c8af798468c71e0fe7e686c5d0b49f4?s=96&d=mm&r=g\",\"contentUrl\":\"https:\/\/secure.gravatar.com\/avatar\/b8b19455b6924f97d0afcdeb2791066e8c8af798468c71e0fe7e686c5d0b49f4?s=96&d=mm&r=g\",\"caption\":\"Anna\"},\"description\":\"Community Manager\",\"url\":\"https:\/\/www.proclinic.es\/blog\/author\/anna\/\"}]}<\/script>\n<!-- \/ Yoast SEO plugin. -->","yoast_head_json":{"title":"Conoce los cementos dentales avalados cient\u00edficamente de Proclinic Expert - Blog Proclinic","description":"Hoy queremos hablarte de la gama de cementos dentales Proclinic Expert, avalada cient\u00edficamente, y que a lo largo de los 5 a\u00f1os que ya lleva en el mercado","robots":{"index":"index","follow":"follow","max-snippet":"max-snippet:-1","max-image-preview":"max-image-preview:large","max-video-preview":"max-video-preview:-1"},"canonical":"https:\/\/www.proclinic.es\/blog\/conoce-los-cementos-dentales-avalados-cientificamente-de-proclinic-expert\/","og_locale":"es_ES","og_type":"article","og_title":"Conoce los cementos dentales avalados cient\u00edficamente de Proclinic Expert - Blog Proclinic","og_description":"Hoy queremos hablarte de la gama de cementos dentales Proclinic Expert, avalada cient\u00edficamente, y que a lo largo de los 5 a\u00f1os que ya lleva en el mercado","og_url":"https:\/\/www.proclinic.es\/blog\/conoce-los-cementos-dentales-avalados-cientificamente-de-proclinic-expert\/","og_site_name":"Blog Proclinic","article_publisher":"https:\/\/www.facebook.com\/proclinicsa","article_published_time":"2022-03-22T13:54:43+00:00","article_modified_time":"2023-09-14T09:42:56+00:00","og_image":[{"width":801,"height":601,"url":"https:\/\/www.proclinic.es\/blog\/wp-content\/uploads\/2022\/03\/proclinic-expert.png","type":"image\/png"}],"author":"Anna","twitter_card":"summary_large_image","twitter_creator":"@Proclinic_SA","twitter_site":"@Proclinic_SA","twitter_misc":{"Escrito por":"Anna","Tiempo de lectura":"5 minutos"},"schema":{"@context":"https:\/\/schema.org","@graph":[{"@type":"WebPage","@id":"https:\/\/www.proclinic.es\/blog\/conoce-los-cementos-dentales-avalados-cientificamente-de-proclinic-expert\/","url":"https:\/\/www.proclinic.es\/blog\/conoce-los-cementos-dentales-avalados-cientificamente-de-proclinic-expert\/","name":"Conoce los cementos dentales avalados cient\u00edficamente de Proclinic Expert - Blog Proclinic","isPartOf":{"@id":"https:\/\/www.proclinic.es\/blog\/#website"},"primaryImageOfPage":{"@id":"https:\/\/www.proclinic.es\/blog\/conoce-los-cementos-dentales-avalados-cientificamente-de-proclinic-expert\/#primaryimage"},"image":{"@id":"https:\/\/www.proclinic.es\/blog\/conoce-los-cementos-dentales-avalados-cientificamente-de-proclinic-expert\/#primaryimage"},"thumbnailUrl":"https:\/\/www.proclinic.es\/blog\/wp-content\/uploads\/2022\/03\/proclinic-expert.png","datePublished":"2022-03-22T13:54:43+00:00","dateModified":"2023-09-14T09:42:56+00:00","author":{"@id":"https:\/\/www.proclinic.es\/blog\/#\/schema\/person\/85e304ea367ce3922003b0d8b388e527"},"description":"Hoy queremos hablarte de la gama de cementos dentales Proclinic Expert, avalada cient\u00edficamente, y que a lo largo de los 5 a\u00f1os que ya lleva en el mercado","breadcrumb":{"@id":"https:\/\/www.proclinic.es\/blog\/conoce-los-cementos-dentales-avalados-cientificamente-de-proclinic-expert\/#breadcrumb"},"inLanguage":"es","potentialAction":[{"@type":"ReadAction","target":["https:\/\/www.proclinic.es\/blog\/conoce-los-cementos-dentales-avalados-cientificamente-de-proclinic-expert\/"]}]},{"@type":"ImageObject","inLanguage":"es","@id":"https:\/\/www.proclinic.es\/blog\/conoce-los-cementos-dentales-avalados-cientificamente-de-proclinic-expert\/#primaryimage","url":"https:\/\/www.proclinic.es\/blog\/wp-content\/uploads\/2022\/03\/proclinic-expert.png","contentUrl":"https:\/\/www.proclinic.es\/blog\/wp-content\/uploads\/2022\/03\/proclinic-expert.png","width":801,"height":601},{"@type":"BreadcrumbList","@id":"https:\/\/www.proclinic.es\/blog\/conoce-los-cementos-dentales-avalados-cientificamente-de-proclinic-expert\/#breadcrumb","itemListElement":[{"@type":"ListItem","position":1,"name":"Home","item":"https:\/\/www.proclinic.es\/blog\/"},{"@type":"ListItem","position":2,"name":"Conoce los cementos dentales avalados cient\u00edficamente de Proclinic Expert"}]},{"@type":"WebSite","@id":"https:\/\/www.proclinic.es\/blog\/#website","url":"https:\/\/www.proclinic.es\/blog\/","name":"Blog Proclinic","description":"\u00a1Bienvenido al blog de Proclinic! En este espacio, nos enfocamos en brindar informaci\u00f3n valiosa y actualizada para todos los profesionales del sector dental. Nuestra misi\u00f3n es mantenerte al d\u00eda de las \u00faltimas tendencias, investigaciones y t\u00e9cnicas en el campo de la odontolog\u00eda. Exploraremos temas que van desde las novedades en materiales odontol\u00f3gicos, consejos pr\u00e1cticos para la gesti\u00f3n de cl\u00ednicas dentales hasta casos cl\u00ednicos con base cient\u00edfica, eventos del sector y mucho m\u00e1s. Te invitamos a seguir nuestro contenido, dise\u00f1ado para mantener tu pr\u00e1ctica en la vanguardia de la odontolog\u00eda moderna.","potentialAction":[{"@type":"SearchAction","target":{"@type":"EntryPoint","urlTemplate":"https:\/\/www.proclinic.es\/blog\/?s={search_term_string}"},"query-input":{"@type":"PropertyValueSpecification","valueRequired":true,"valueName":"search_term_string"}}],"inLanguage":"es"},{"@type":"Person","@id":"https:\/\/www.proclinic.es\/blog\/#\/schema\/person\/85e304ea367ce3922003b0d8b388e527","name":"Anna","image":{"@type":"ImageObject","inLanguage":"es","@id":"https:\/\/www.proclinic.es\/blog\/#\/schema\/person\/image\/","url":"https:\/\/secure.gravatar.com\/avatar\/b8b19455b6924f97d0afcdeb2791066e8c8af798468c71e0fe7e686c5d0b49f4?s=96&d=mm&r=g","contentUrl":"https:\/\/secure.gravatar.com\/avatar\/b8b19455b6924f97d0afcdeb2791066e8c8af798468c71e0fe7e686c5d0b49f4?s=96&d=mm&r=g","caption":"Anna"},"description":"Community Manager","url":"https:\/\/www.proclinic.es\/blog\/author\/anna\/"}]}},"jetpack_featured_media_url":"https:\/\/www.proclinic.es\/blog\/wp-content\/uploads\/2022\/03\/proclinic-expert.png","_links":{"self":[{"href":"https:\/\/www.proclinic.es\/blog\/wp-json\/wp\/v2\/posts\/12939","targetHints":{"allow":["GET"]}}],"collection":[{"href":"https:\/\/www.proclinic.es\/blog\/wp-json\/wp\/v2\/posts"}],"about":[{"href":"https:\/\/www.proclinic.es\/blog\/wp-json\/wp\/v2\/types\/post"}],"author":[{"embeddable":true,"href":"https:\/\/www.proclinic.es\/blog\/wp-json\/wp\/v2\/users\/101011"}],"replies":[{"embeddable":true,"href":"https:\/\/www.proclinic.es\/blog\/wp-json\/wp\/v2\/comments?post=12939"}],"version-history":[{"count":10,"href":"https:\/\/www.proclinic.es\/blog\/wp-json\/wp\/v2\/posts\/12939\/revisions"}],"predecessor-version":[{"id":14242,"href":"https:\/\/www.proclinic.es\/blog\/wp-json\/wp\/v2\/posts\/12939\/revisions\/14242"}],"wp:featuredmedia":[{"embeddable":true,"href":"https:\/\/www.proclinic.es\/blog\/wp-json\/wp\/v2\/media\/12964"}],"wp:attachment":[{"href":"https:\/\/www.proclinic.es\/blog\/wp-json\/wp\/v2\/media?parent=12939"}],"wp:term":[{"taxonomy":"category","embeddable":true,"href":"https:\/\/www.proclinic.es\/blog\/wp-json\/wp\/v2\/categories?post=12939"},{"taxonomy":"post_tag","embeddable":true,"href":"https:\/\/www.proclinic.es\/blog\/wp-json\/wp\/v2\/tags?post=12939"}],"curies":[{"name":"wp","href":"https:\/\/api.w.org\/{rel}","templated":true}]}}