{"id":12828,"date":"2021-11-29T11:49:47","date_gmt":"2021-11-29T09:49:47","guid":{"rendered":"https:\/\/www.proclinic.es\/blog\/?p=12828"},"modified":"2023-02-09T12:04:21","modified_gmt":"2023-02-09T10:04:21","slug":"como-corregir-la-linea-media-dental-con-alineadores-transparentes","status":"publish","type":"post","link":"https:\/\/www.proclinic.es\/blog\/como-corregir-la-linea-media-dental-con-alineadores-transparentes\/","title":{"rendered":"C\u00f3mo corregir la l\u00ednea media dental con alineadores transparentes."},"content":{"rendered":"\n<p>La l\u00ednea media dental es una de las claves m\u00e1s importantes en la est\u00e9tica de la sonrisa de los pacientes. Antes de iniciar un tratamiento con alineadores es imprescindible realizar un correcto diagn\u00f3stico del caso y, entre muchos otros factores a valorar, se encuentra el an\u00e1lisis de la l\u00ednea media dental, lo que nos permitir\u00e1 <strong>saber qu\u00e9 movimientos podemos y debemos realizar<\/strong> para alcanzar los objetivos deseados.<\/p>\n\n\n\n<p>Debemos analizar por separado la l\u00ednea media dental superior y la l\u00ednea media dental inferior.<\/p>\n\n\n\n<div id=\"ez-toc-container\" class=\"ez-toc-v2_0_76 counter-hierarchy ez-toc-counter ez-toc-white ez-toc-container-direction\">\n<div class=\"ez-toc-title-container\">\n<p class=\"ez-toc-title\" style=\"cursor:inherit\">\u00cdndice de contenidos<\/p>\n<span class=\"ez-toc-title-toggle\"><a href=\"#\" class=\"ez-toc-pull-right ez-toc-btn ez-toc-btn-xs ez-toc-btn-default ez-toc-toggle\" aria-label=\"Toggle Table of Content\"><span class=\"ez-toc-js-icon-con\"><span class=\"\"><span class=\"eztoc-hide\" style=\"display:none;\">Toggle<\/span><span class=\"ez-toc-icon-toggle-span\"><svg style=\"fill: #0098a7;color:#0098a7\" xmlns=\"http:\/\/www.w3.org\/2000\/svg\" class=\"list-377408\" width=\"20px\" height=\"20px\" viewBox=\"0 0 24 24\" fill=\"none\"><path d=\"M6 6H4v2h2V6zm14 0H8v2h12V6zM4 11h2v2H4v-2zm16 0H8v2h12v-2zM4 16h2v2H4v-2zm16 0H8v2h12v-2z\" fill=\"currentColor\"><\/path><\/svg><svg style=\"fill: #0098a7;color:#0098a7\" class=\"arrow-unsorted-368013\" xmlns=\"http:\/\/www.w3.org\/2000\/svg\" width=\"10px\" height=\"10px\" viewBox=\"0 0 24 24\" version=\"1.2\" baseProfile=\"tiny\"><path d=\"M18.2 9.3l-6.2-6.3-6.2 6.3c-.2.2-.3.4-.3.7s.1.5.3.7c.2.2.4.3.7.3h11c.3 0 .5-.1.7-.3.2-.2.3-.5.3-.7s-.1-.5-.3-.7zM5.8 14.7l6.2 6.3 6.2-6.3c.2-.2.3-.5.3-.7s-.1-.5-.3-.7c-.2-.2-.4-.3-.7-.3h-11c-.3 0-.5.1-.7.3-.2.2-.3.5-.3.7s.1.5.3.7z\"\/><\/svg><\/span><\/span><\/span><\/a><\/span><\/div>\n<nav><ul class='ez-toc-list ez-toc-list-level-1 ' ><li class='ez-toc-page-1 ez-toc-heading-level-2'><a class=\"ez-toc-link ez-toc-heading-1\" href=\"https:\/\/www.proclinic.es\/blog\/como-corregir-la-linea-media-dental-con-alineadores-transparentes\/#Linea_media_dental_superior\" >L\u00ednea media dental superior<\/a><\/li><li class='ez-toc-page-1 ez-toc-heading-level-2'><a class=\"ez-toc-link ez-toc-heading-2\" href=\"https:\/\/www.proclinic.es\/blog\/como-corregir-la-linea-media-dental-con-alineadores-transparentes\/#Linea_media_dental_inferior\" >L\u00ednea media dental inferior<\/a><\/li><li class='ez-toc-page-1 ez-toc-heading-level-2'><a class=\"ez-toc-link ez-toc-heading-3\" href=\"https:\/\/www.proclinic.es\/blog\/como-corregir-la-linea-media-dental-con-alineadores-transparentes\/#%C2%BFQue_puede_causar_la_desviacion_de_la_linea_media\" >\u00bfQu\u00e9 puede causar la desviaci\u00f3n de la l\u00ednea media?<\/a><\/li><li class='ez-toc-page-1 ez-toc-heading-level-2'><a class=\"ez-toc-link ez-toc-heading-4\" href=\"https:\/\/www.proclinic.es\/blog\/como-corregir-la-linea-media-dental-con-alineadores-transparentes\/#%C2%BFComo_corregir_la_linea_media_dental_superior_o_inferior_con_alineadores\" >\u00bfC\u00f3mo corregir la l\u00ednea media dental superior o inferior con alineadores?<\/a><\/li><\/ul><\/nav><\/div>\n<h2 class=\"has-large-font-size wp-block-heading\"><span class=\"ez-toc-section\" id=\"Linea_media_dental_superior\"><\/span><strong>L\u00ednea media dental superior<\/strong><span class=\"ez-toc-section-end\"><\/span><\/h2>\n\n\n\n<p>La l\u00ednea media dental superior debe estar siempre <strong>centrada con la l\u00ednea media facial<\/strong>, siempre y cuando exista simetr\u00eda facial. Puede existir una desviaci\u00f3n de la l\u00ednea media dental de hasta 3 mm hacia la derecha o hacia la izquierda sin que esta sea perceptible por la poblaci\u00f3n en general al mantener una conversaci\u00f3n a una distancia normal. Otro aspecto importante para tener en cuenta es que la l\u00ednea media dental superior no debe estar inclinada con respecto a la l\u00ednea media facial, debe ser paralela a esta o de lo contrario podr\u00eda parecer antiest\u00e9tica.<\/p>\n\n\n<div class=\"wp-block-image\">\n<figure class=\"aligncenter size-full\"><img loading=\"lazy\" decoding=\"async\" width=\"1017\" height=\"614\" src=\"https:\/\/www.proclinic.es\/blog\/wp-content\/uploads\/2021\/11\/linea-dental-media-superior-e-inferior.png\" alt=\"\" class=\"wp-image-12852\" srcset=\"https:\/\/www.proclinic.es\/blog\/wp-content\/uploads\/2021\/11\/linea-dental-media-superior-e-inferior.png 1017w, https:\/\/www.proclinic.es\/blog\/wp-content\/uploads\/2021\/11\/linea-dental-media-superior-e-inferior-300x181.png 300w, https:\/\/www.proclinic.es\/blog\/wp-content\/uploads\/2021\/11\/linea-dental-media-superior-e-inferior-800x483.png 800w, https:\/\/www.proclinic.es\/blog\/wp-content\/uploads\/2021\/11\/linea-dental-media-superior-e-inferior-768x464.png 768w\" sizes=\"auto, (max-width: 1017px) 100vw, 1017px\" \/><\/figure><\/div>\n\n\n<h2 class=\"has-large-font-size wp-block-heading\"><span class=\"ez-toc-section\" id=\"Linea_media_dental_inferior\"><\/span><strong>L\u00ednea media dental inferior<\/strong><span class=\"ez-toc-section-end\"><\/span><\/h2>\n\n\n\n<p>La l\u00ednea media dental inferior debe estar centrada con la l\u00ednea media dental superior (y, por lo tanto, con la l\u00ednea media facial), pudiendo, al igual que con la l\u00ednea media dental superior, existir una desviaci\u00f3n de hasta 3 mm y pasar desapercibida.<\/p>\n\n\n\n<p>La l\u00ednea media desviada es un defecto que afecta a gran parte de la poblaci\u00f3n y que, en ocasiones, no se le otorga la importancia que merece.<\/p>\n\n\n\n<h2 class=\"has-large-font-size wp-block-heading\"><span class=\"ez-toc-section\" id=\"%C2%BFQue_puede_causar_la_desviacion_de_la_linea_media\"><\/span><strong>\u00bfQu\u00e9 puede causar la desviaci\u00f3n de la l\u00ednea media?<\/strong><span class=\"ez-toc-section-end\"><\/span><\/h2>\n\n\n\n<p>Existen casos en los que la oclusi\u00f3n de nuestro paciente es perfecta y este presenta una desviaci\u00f3n de la l\u00ednea media. En este caso la causa puede ser una <strong>asimetr\u00eda en el tama\u00f1o de los dientes<\/strong>, es decir, <a href=\"https:\/\/estudidentalbarcelona.com\/consiste-indice-bolton\/\">discrepancia de Bolton<\/a>, donde existe una alteraci\u00f3n entre el tama\u00f1o mesiodistal de los dientes superiores y los inferiores.<\/p>\n\n\n\n<p>Otra causa, y tal vez la m\u00e1s com\u00fan, es la presencia de maloclusiones como la clase II o clase III, donde la posici\u00f3n de los dientes puede determinar la desviaci\u00f3n de las l\u00edneas medias.<\/p>\n\n\n\n<p>Por otra parte, existen causas esquel\u00e9ticas donde exista, por ejemplo, una desviaci\u00f3n mandibular y que la <strong>desviaci\u00f3n de la l\u00ednea media sea por un componente directamente relacionado con el hueso mandibular.<\/strong><\/p>\n\n\n\n<p>La desviaci\u00f3n de la l\u00ednea media tambi\u00e9n puede deberse a <strong>una <\/strong><a href=\"https:\/\/www.proclinic.es\/blog\/como-mantener-la-estetica-en-pacientes-con-ausencias-dentales-perfect-a-smile\/\"><strong>ausencia dental<\/strong><\/a><strong>, <\/strong>bien sea por agenesia de la pieza o por p\u00e9rdida de esta, lo que genera un movimiento de las piezas remanentes hacia el espacio de la ausencia dental, provocando en muchos casos una alteraci\u00f3n en la posici\u00f3n de la l\u00ednea media dental.<\/p>\n\n\n\n<p>Y, finalmente, puede deberse a un componente funcional, donde los pacientes realizan <strong>desplazamientos mandibulares laterales o protrusivos<\/strong> lo que genera una desviaci\u00f3n \u201caparente\u201d de la l\u00ednea media inferior, pero que no es real. Por este motivo es de suma importancia que el profesional realice la evaluaci\u00f3n de la posici\u00f3n mandibular en relaci\u00f3n c\u00e9ntrica, es decir, en la posici\u00f3n ideal en la que los c\u00f3ndilos se encuentran centrados en las fosas glenoideas, sin forzar la musculatura ni los ligamentos.<\/p>\n\n\n\n<h2 class=\"has-large-font-size wp-block-heading\"><span class=\"ez-toc-section\" id=\"%C2%BFComo_corregir_la_linea_media_dental_superior_o_inferior_con_alineadores\"><\/span><strong>\u00bfC\u00f3mo corregir la l\u00ednea media dental superior o inferior con alineadores?<\/strong><span class=\"ez-toc-section-end\"><\/span><\/h2>\n\n\n\n<p>La desviaci\u00f3n de la l\u00ednea media no ocurre por si sola, siempre existir\u00e1 una alteraci\u00f3n de base que la origina. Lo m\u00e1s importante en casos de desviaci\u00f3n de l\u00ednea media es determinar y diagnosticar qu\u00e9 la est\u00e1 causando para atacar el problema de ra\u00edz y brindarle al paciente el resultado que est\u00e1 buscando.<\/p>\n\n\n\n<p>Si la desviaci\u00f3n de la l\u00ednea media (superior o inferior) se debe a una discrepancia en el tama\u00f1o mesiodistal de los dientes, lo primero que se debe realizar es un adecuado an\u00e1lisis de Bolton para definir en qu\u00e9 arcada se presenta la discrepancia de tama\u00f1o. Una vez establecida cu\u00e1l es el arco con la alteraci\u00f3n y dependiendo de la severidad de la alteraci\u00f3n se puede realizar o bien <a href=\"https:\/\/www.proclinic.es\/blog\/todo-lo-que-necesitas-saber-sobre-el-stripping-dental\/\">stripping selectivo<\/a> para compensar esta discrepancia o aumentar el ancho mesiodistal de las piezas dentales con composite o carillas (usualmente este enfoque se realiza en casos de microdoncias de laterales, por ejemplo). De esta forma podemos camuflar la alteraci\u00f3n que existe reduciendo el tama\u00f1o de los dientes m\u00e1s grandes o aumentando el tama\u00f1o de los dientes m\u00e1s peque\u00f1os, lo que adem\u00e1s ayudar\u00e1 con el resultado est\u00e9tico final del tratamiento.<\/p>\n\n\n\n<p>Por otra parte, si la desviaci\u00f3n de la l\u00ednea media se debe a maloclusiones dentales, como clase II o clase III, la mejor forma de corregir esta desviaci\u00f3n ser\u00e1 corrigiendo la maloclusi\u00f3n y logrando una adecuada oclusi\u00f3n canina y molar en clase I. Si tenemos, por ejemplo, un paciente que presenta clase II molar y canina del lado derecho, lo m\u00e1s seguro es que tenga una desviaci\u00f3n de la l\u00ednea media hacia el lado izquierdo, por lo que, si se planifica distalar el cuadrante I hasta lograr clase I molar y canina, esto nos favorecer\u00e1 la correcci\u00f3n de la l\u00ednea media. Lo mismo puede suceder con <strong>una paciente clase III<\/strong> donde la distalizaci\u00f3n se realice en el arco inferior y, adem\u00e1s de corregir la maloclusi\u00f3n, logramos una adecuada correcci\u00f3n de la desviaci\u00f3n de l\u00ednea media. Los movimientos de distalizaci\u00f3n y mesializaci\u00f3n son totalmente predecibles con alineadores, por lo que la correcci\u00f3n de la l\u00ednea media mediante esta mec\u00e1nica brinda buenos resultados est\u00e9ticos y funcionales.<\/p>\n\n\n\n<p><\/p>\n\n\n\n<figure class=\"wp-block-gallery aligncenter has-nested-images columns-default is-cropped wp-block-gallery-1 is-layout-flex wp-block-gallery-is-layout-flex\">\n<figure class=\"wp-block-image size-large\"><img loading=\"lazy\" decoding=\"async\" width=\"780\" height=\"400\" data-id=\"12853\" src=\"https:\/\/www.proclinic.es\/blog\/wp-content\/uploads\/2021\/11\/maloclusion-dental.webp\" alt=\"\" class=\"wp-image-12853\" srcset=\"https:\/\/www.proclinic.es\/blog\/wp-content\/uploads\/2021\/11\/maloclusion-dental.webp 780w, https:\/\/www.proclinic.es\/blog\/wp-content\/uploads\/2021\/11\/maloclusion-dental-300x154.webp 300w, https:\/\/www.proclinic.es\/blog\/wp-content\/uploads\/2021\/11\/maloclusion-dental-768x394.webp 768w\" sizes=\"auto, (max-width: 780px) 100vw, 780px\" \/><\/figure>\n<\/figure>\n\n\n\n<p>En casos de maloclusiones m\u00e1s severas se puede tener en cuenta la necesidad de realizar exodoncia de uno o m\u00e1s premolares para favorecer la correcci\u00f3n de la l\u00ednea media y la maloclusi\u00f3n que lo est\u00e9 causando. El cierre de espacios de exodoncias con alineadores invisibles es una excelente y r\u00e1pida alternativa cuando se presenta la necesidad de realizar exodoncias. En estos casos, se recomienda el uso de microtornillos para favorecer a\u00fan m\u00e1s los movimientos sobre todo de los caninos. En caso de desear utilizar microtornillos con el tratamiento con alineadores, ser\u00e1 necesario que se lo indiques al ortodoncista que dise\u00f1a y planifica el caso para que lo tome en cuenta a la hora de realizar los movimientos y a la hora de enviar las indicaciones.<\/p>\n\n\n\n<p>Para <a href=\"https:\/\/www.proclinic.es\/blog\/como-mantener-la-estetica-en-pacientes-con-ausencias-dentales-perfect-a-smile\/\">pacientes que tienen una ausencia dental<\/a> (bien sea por agenesia o por p\u00e9rdida de una pieza) y que, como consecuencia, presenten una desviaci\u00f3n de la l\u00ednea media, un tratamiento adecuado ser\u00eda abrir el espacio de esa pieza ausente para la colocaci\u00f3n de una pr\u00f3tesis o un implante, lo que nos permite, adem\u00e1s, centrar la l\u00ednea media que se encuentra desviada. Este tipo de enfoque ofrece un mejor resultado est\u00e9tico a los pacientes, sobre todo si la ausencia dental es en los sectores anteriores y m\u00e1s est\u00e9ticos.<\/p>\n\n\n\n<p>Cuando la desviaci\u00f3n de la l\u00ednea media se debe a un componente esquel\u00e9tico, lo mejor ser\u00e1 recomendar al paciente realizarse una cirug\u00eda que resuelva su asimetr\u00eda \u00f3sea. Sin embargo, en caso de que el paciente se niegue a la cirug\u00eda, se podr\u00eda pensar en camuflar esta desviaci\u00f3n con cualquiera de las opciones mencionadas anteriormente.<\/p>\n\n\n\n<p>Y finalmente, existe la opci\u00f3n de <strong>utilizar el\u00e1sticos intermaxilares<\/strong> de l\u00ednea media que, junto con un adecuado tratamiento con alineadores, pueden ser una excelente herramienta para la correcci\u00f3n de la l\u00ednea media. Dependiendo de hacia donde sea la desviaci\u00f3n de la l\u00ednea media se utilizan en un sentido o en el otro, pero siempre de forma diagonal y cruzando la l\u00ednea media, generando fuerzas opuestas en cada arcada y favoreciendo el centrado de las l\u00edneas medias.<\/p>\n\n\n\n<p>En caso de ser necesario el uso de el\u00e1sticos intermaxilares de l\u00ednea media, en <a href=\"secretaligner.com\">Secretaligner<\/a> el ortodoncista que planifique el caso enviar\u00e1, dentro de las indicaciones de uso, junto a qu\u00e9 alineador se debe iniciar el uso de los el\u00e1sticos y de d\u00f3nde a d\u00f3nde deben ser utilizados. De igual manera, los alineadores ser\u00e1n enviados con los respectivos huecos para realizar el cementado de los botones o recortes para el\u00e1stico para facilitar su colocaci\u00f3n. Es muy importante en estos casos recordar a los pacientes que deben usar el el\u00e1stico la mayor cantidad de tiempo posible para obtener resultados mejores y m\u00e1s r\u00e1pidos.<\/p>\n\n\n\n<p><\/p>\n\n\n\n<p><strong>El equipo de ortodoncistas de&nbsp;<\/strong><a rel=\"noreferrer noopener\" href=\"http:\/\/www.secretaligner.com\/\" target=\"_blank\"><strong>SecretAligne<\/strong>r<strong>&nbsp;<\/strong><\/a><strong>siempre te guiar\u00e1 durante el tratamiento de Ortodoncia Invisible<\/strong>&nbsp;y te asesorar\u00e1 en el uso de cualquier aparatolog\u00eda auxiliar que requiera el tratamiento.<\/p>\n\n\n\n<p>Cont\u00e1ctanos para m\u00e1s informaci\u00f3n<\/p>\n\n\n\n<div class=\"wp-block-buttons is-horizontal is-content-justification-center is-layout-flex wp-container-core-buttons-is-layout-499968f5 wp-block-buttons-is-layout-flex\">\n<div class=\"wp-block-button is-style-fill\"><a class=\"wp-block-button__link has-white-color has-text-color has-background\" href=\"https:\/\/www.proclinic.es\/tienda\/contacto?origen=blog&amp;camp=secretaligner\" style=\"background-color:#0071a1\" target=\"_blank\" rel=\"noreferrer noopener\">\u00a1Contactar!<\/a><\/div>\n<\/div>\n","protected":false},"excerpt":{"rendered":"<p>La l\u00ednea media dental es una de las claves m\u00e1s importantes en la est\u00e9tica de la sonrisa de los pacientes. Antes de iniciar un tratamiento con alineadores es imprescindible realizar un correcto diagn\u00f3stico del caso y, entre muchos otros factores a valorar, se encuentra el an\u00e1lisis de la l\u00ednea media dental, lo que nos permitir\u00e1 &#8230; <a title=\"C\u00f3mo corregir la l\u00ednea media dental con alineadores transparentes.\" class=\"read-more\" href=\"https:\/\/www.proclinic.es\/blog\/como-corregir-la-linea-media-dental-con-alineadores-transparentes\/\" aria-label=\"More on C\u00f3mo corregir la l\u00ednea media dental con alineadores transparentes.\">Read more<\/a><\/p>\n","protected":false},"author":101011,"featured_media":12855,"comment_status":"open","ping_status":"open","sticky":false,"template":"","format":"standard","meta":{"footnotes":""},"categories":[146,707],"tags":[443,637,639,410,63,409],"class_list":["post-12828","post","type-post","status-publish","format-standard","has-post-thumbnail","hentry","category-ortodoncia-clinica","category-secret-aligner-ortodoncia-invisible","tag-alineadores-invisibles","tag-linea-media-dental","tag-maloclusion","tag-ortodoncia-invisible","tag-proclinic","tag-secretaligner"],"yoast_head":"<!-- This site is optimized with the Yoast SEO plugin v27.4 - https:\/\/yoast.com\/product\/yoast-seo-wordpress\/ -->\n<title>C\u00f3mo corregir la l\u00ednea media dental con alineadores transparentes. - Blog Proclinic<\/title>\n<meta name=\"description\" content=\"La l\u00ednea media dental desviada es un defecto que afecta a gran parte de la poblaci\u00f3n y que, en ocasiones, no se le otorga la importancia que merece.\" \/>\n<meta name=\"robots\" content=\"index, follow, max-snippet:-1, max-image-preview:large, max-video-preview:-1\" \/>\n<link rel=\"canonical\" href=\"https:\/\/www.proclinic.es\/blog\/como-corregir-la-linea-media-dental-con-alineadores-transparentes\/\" \/>\n<meta property=\"og:locale\" content=\"es_ES\" \/>\n<meta property=\"og:type\" content=\"article\" \/>\n<meta property=\"og:title\" content=\"C\u00f3mo corregir la l\u00ednea media dental con alineadores transparentes. - Blog Proclinic\" \/>\n<meta property=\"og:description\" content=\"La l\u00ednea media dental desviada es un defecto que afecta a gran parte de la poblaci\u00f3n y que, en ocasiones, no se le otorga la importancia que merece.\" \/>\n<meta property=\"og:url\" content=\"https:\/\/www.proclinic.es\/blog\/como-corregir-la-linea-media-dental-con-alineadores-transparentes\/\" \/>\n<meta property=\"og:site_name\" content=\"Blog Proclinic\" \/>\n<meta property=\"article:publisher\" content=\"https:\/\/www.facebook.com\/proclinicsa\" \/>\n<meta property=\"article:published_time\" content=\"2021-11-29T09:49:47+00:00\" \/>\n<meta property=\"article:modified_time\" content=\"2023-02-09T10:04:21+00:00\" \/>\n<meta property=\"og:image\" content=\"https:\/\/www.proclinic.es\/blog\/wp-content\/uploads\/2021\/11\/corregir-la-linea-media-dental-con-alineadores-invisibles-secretaligner.png\" \/>\n\t<meta property=\"og:image:width\" content=\"801\" \/>\n\t<meta property=\"og:image:height\" content=\"601\" \/>\n\t<meta property=\"og:image:type\" content=\"image\/png\" \/>\n<meta name=\"author\" content=\"Anna\" \/>\n<meta name=\"twitter:card\" content=\"summary_large_image\" \/>\n<meta name=\"twitter:creator\" content=\"@Proclinic_SA\" \/>\n<meta name=\"twitter:site\" content=\"@Proclinic_SA\" \/>\n<meta name=\"twitter:label1\" content=\"Escrito por\" \/>\n\t<meta name=\"twitter:data1\" content=\"Anna\" \/>\n\t<meta name=\"twitter:label2\" content=\"Tiempo de lectura\" \/>\n\t<meta name=\"twitter:data2\" content=\"8 minutos\" \/>\n<script type=\"application\/ld+json\" class=\"yoast-schema-graph\">{\"@context\":\"https:\\\/\\\/schema.org\",\"@graph\":[{\"@type\":\"Article\",\"@id\":\"https:\\\/\\\/www.proclinic.es\\\/blog\\\/como-corregir-la-linea-media-dental-con-alineadores-transparentes\\\/#article\",\"isPartOf\":{\"@id\":\"https:\\\/\\\/www.proclinic.es\\\/blog\\\/como-corregir-la-linea-media-dental-con-alineadores-transparentes\\\/\"},\"author\":{\"name\":\"Anna\",\"@id\":\"https:\\\/\\\/www.proclinic.es\\\/blog\\\/#\\\/schema\\\/person\\\/85e304ea367ce3922003b0d8b388e527\"},\"headline\":\"C\u00f3mo corregir la l\u00ednea media dental con alineadores transparentes.\",\"datePublished\":\"2021-11-29T09:49:47+00:00\",\"dateModified\":\"2023-02-09T10:04:21+00:00\",\"mainEntityOfPage\":{\"@id\":\"https:\\\/\\\/www.proclinic.es\\\/blog\\\/como-corregir-la-linea-media-dental-con-alineadores-transparentes\\\/\"},\"wordCount\":1533,\"commentCount\":0,\"image\":{\"@id\":\"https:\\\/\\\/www.proclinic.es\\\/blog\\\/como-corregir-la-linea-media-dental-con-alineadores-transparentes\\\/#primaryimage\"},\"thumbnailUrl\":\"https:\\\/\\\/www.proclinic.es\\\/blog\\\/wp-content\\\/uploads\\\/2021\\\/11\\\/corregir-la-linea-media-dental-con-alineadores-invisibles-secretaligner.png\",\"keywords\":[\"alineadores invisibles\",\"l\u00ednea media dental\",\"maloclusion\",\"ortodoncia invisible\",\"proclinic\",\"SecretAligner\"],\"articleSection\":[\"Ortodoncia\",\"SecretAligner - Ortodoncia invisible\"],\"inLanguage\":\"es\",\"potentialAction\":[{\"@type\":\"CommentAction\",\"name\":\"Comment\",\"target\":[\"https:\\\/\\\/www.proclinic.es\\\/blog\\\/como-corregir-la-linea-media-dental-con-alineadores-transparentes\\\/#respond\"]}]},{\"@type\":\"WebPage\",\"@id\":\"https:\\\/\\\/www.proclinic.es\\\/blog\\\/como-corregir-la-linea-media-dental-con-alineadores-transparentes\\\/\",\"url\":\"https:\\\/\\\/www.proclinic.es\\\/blog\\\/como-corregir-la-linea-media-dental-con-alineadores-transparentes\\\/\",\"name\":\"C\u00f3mo corregir la l\u00ednea media dental con alineadores transparentes. - Blog Proclinic\",\"isPartOf\":{\"@id\":\"https:\\\/\\\/www.proclinic.es\\\/blog\\\/#website\"},\"primaryImageOfPage\":{\"@id\":\"https:\\\/\\\/www.proclinic.es\\\/blog\\\/como-corregir-la-linea-media-dental-con-alineadores-transparentes\\\/#primaryimage\"},\"image\":{\"@id\":\"https:\\\/\\\/www.proclinic.es\\\/blog\\\/como-corregir-la-linea-media-dental-con-alineadores-transparentes\\\/#primaryimage\"},\"thumbnailUrl\":\"https:\\\/\\\/www.proclinic.es\\\/blog\\\/wp-content\\\/uploads\\\/2021\\\/11\\\/corregir-la-linea-media-dental-con-alineadores-invisibles-secretaligner.png\",\"datePublished\":\"2021-11-29T09:49:47+00:00\",\"dateModified\":\"2023-02-09T10:04:21+00:00\",\"author\":{\"@id\":\"https:\\\/\\\/www.proclinic.es\\\/blog\\\/#\\\/schema\\\/person\\\/85e304ea367ce3922003b0d8b388e527\"},\"description\":\"La l\u00ednea media dental desviada es un defecto que afecta a gran parte de la poblaci\u00f3n y que, en ocasiones, no se le otorga la importancia que merece.\",\"breadcrumb\":{\"@id\":\"https:\\\/\\\/www.proclinic.es\\\/blog\\\/como-corregir-la-linea-media-dental-con-alineadores-transparentes\\\/#breadcrumb\"},\"inLanguage\":\"es\",\"potentialAction\":[{\"@type\":\"ReadAction\",\"target\":[\"https:\\\/\\\/www.proclinic.es\\\/blog\\\/como-corregir-la-linea-media-dental-con-alineadores-transparentes\\\/\"]}]},{\"@type\":\"ImageObject\",\"inLanguage\":\"es\",\"@id\":\"https:\\\/\\\/www.proclinic.es\\\/blog\\\/como-corregir-la-linea-media-dental-con-alineadores-transparentes\\\/#primaryimage\",\"url\":\"https:\\\/\\\/www.proclinic.es\\\/blog\\\/wp-content\\\/uploads\\\/2021\\\/11\\\/corregir-la-linea-media-dental-con-alineadores-invisibles-secretaligner.png\",\"contentUrl\":\"https:\\\/\\\/www.proclinic.es\\\/blog\\\/wp-content\\\/uploads\\\/2021\\\/11\\\/corregir-la-linea-media-dental-con-alineadores-invisibles-secretaligner.png\",\"width\":801,\"height\":601},{\"@type\":\"BreadcrumbList\",\"@id\":\"https:\\\/\\\/www.proclinic.es\\\/blog\\\/como-corregir-la-linea-media-dental-con-alineadores-transparentes\\\/#breadcrumb\",\"itemListElement\":[{\"@type\":\"ListItem\",\"position\":1,\"name\":\"Home\",\"item\":\"https:\\\/\\\/www.proclinic.es\\\/blog\\\/\"},{\"@type\":\"ListItem\",\"position\":2,\"name\":\"C\u00f3mo corregir la l\u00ednea media dental con alineadores transparentes.\"}]},{\"@type\":\"WebSite\",\"@id\":\"https:\\\/\\\/www.proclinic.es\\\/blog\\\/#website\",\"url\":\"https:\\\/\\\/www.proclinic.es\\\/blog\\\/\",\"name\":\"Blog Proclinic\",\"description\":\"\u00a1Bienvenido al blog de Proclinic! En este espacio, nos enfocamos en brindar informaci\u00f3n valiosa y actualizada para todos los profesionales del sector dental. Nuestra misi\u00f3n es mantenerte al d\u00eda de las \u00faltimas tendencias, investigaciones y t\u00e9cnicas en el campo de la odontolog\u00eda. Exploraremos temas que van desde las novedades en materiales odontol\u00f3gicos, consejos pr\u00e1cticos para la gesti\u00f3n de cl\u00ednicas dentales hasta casos cl\u00ednicos con base cient\u00edfica, eventos del sector y mucho m\u00e1s. Te invitamos a seguir nuestro contenido, dise\u00f1ado para mantener tu pr\u00e1ctica en la vanguardia de la odontolog\u00eda moderna.\",\"potentialAction\":[{\"@type\":\"SearchAction\",\"target\":{\"@type\":\"EntryPoint\",\"urlTemplate\":\"https:\\\/\\\/www.proclinic.es\\\/blog\\\/?s={search_term_string}\"},\"query-input\":{\"@type\":\"PropertyValueSpecification\",\"valueRequired\":true,\"valueName\":\"search_term_string\"}}],\"inLanguage\":\"es\"},{\"@type\":\"Person\",\"@id\":\"https:\\\/\\\/www.proclinic.es\\\/blog\\\/#\\\/schema\\\/person\\\/85e304ea367ce3922003b0d8b388e527\",\"name\":\"Anna\",\"image\":{\"@type\":\"ImageObject\",\"inLanguage\":\"es\",\"@id\":\"https:\\\/\\\/secure.gravatar.com\\\/avatar\\\/b8b19455b6924f97d0afcdeb2791066e8c8af798468c71e0fe7e686c5d0b49f4?s=96&d=mm&r=g\",\"url\":\"https:\\\/\\\/secure.gravatar.com\\\/avatar\\\/b8b19455b6924f97d0afcdeb2791066e8c8af798468c71e0fe7e686c5d0b49f4?s=96&d=mm&r=g\",\"contentUrl\":\"https:\\\/\\\/secure.gravatar.com\\\/avatar\\\/b8b19455b6924f97d0afcdeb2791066e8c8af798468c71e0fe7e686c5d0b49f4?s=96&d=mm&r=g\",\"caption\":\"Anna\"},\"description\":\"Community Manager\",\"url\":\"https:\\\/\\\/www.proclinic.es\\\/blog\\\/author\\\/anna\\\/\"}]}<\/script>\n<!-- \/ Yoast SEO plugin. -->","yoast_head_json":{"title":"C\u00f3mo corregir la l\u00ednea media dental con alineadores transparentes. - Blog Proclinic","description":"La l\u00ednea media dental desviada es un defecto que afecta a gran parte de la poblaci\u00f3n y que, en ocasiones, no se le otorga la importancia que merece.","robots":{"index":"index","follow":"follow","max-snippet":"max-snippet:-1","max-image-preview":"max-image-preview:large","max-video-preview":"max-video-preview:-1"},"canonical":"https:\/\/www.proclinic.es\/blog\/como-corregir-la-linea-media-dental-con-alineadores-transparentes\/","og_locale":"es_ES","og_type":"article","og_title":"C\u00f3mo corregir la l\u00ednea media dental con alineadores transparentes. - Blog Proclinic","og_description":"La l\u00ednea media dental desviada es un defecto que afecta a gran parte de la poblaci\u00f3n y que, en ocasiones, no se le otorga la importancia que merece.","og_url":"https:\/\/www.proclinic.es\/blog\/como-corregir-la-linea-media-dental-con-alineadores-transparentes\/","og_site_name":"Blog Proclinic","article_publisher":"https:\/\/www.facebook.com\/proclinicsa","article_published_time":"2021-11-29T09:49:47+00:00","article_modified_time":"2023-02-09T10:04:21+00:00","og_image":[{"width":801,"height":601,"url":"https:\/\/www.proclinic.es\/blog\/wp-content\/uploads\/2021\/11\/corregir-la-linea-media-dental-con-alineadores-invisibles-secretaligner.png","type":"image\/png"}],"author":"Anna","twitter_card":"summary_large_image","twitter_creator":"@Proclinic_SA","twitter_site":"@Proclinic_SA","twitter_misc":{"Escrito por":"Anna","Tiempo de lectura":"8 minutos"},"schema":{"@context":"https:\/\/schema.org","@graph":[{"@type":"Article","@id":"https:\/\/www.proclinic.es\/blog\/como-corregir-la-linea-media-dental-con-alineadores-transparentes\/#article","isPartOf":{"@id":"https:\/\/www.proclinic.es\/blog\/como-corregir-la-linea-media-dental-con-alineadores-transparentes\/"},"author":{"name":"Anna","@id":"https:\/\/www.proclinic.es\/blog\/#\/schema\/person\/85e304ea367ce3922003b0d8b388e527"},"headline":"C\u00f3mo corregir la l\u00ednea media dental con alineadores transparentes.","datePublished":"2021-11-29T09:49:47+00:00","dateModified":"2023-02-09T10:04:21+00:00","mainEntityOfPage":{"@id":"https:\/\/www.proclinic.es\/blog\/como-corregir-la-linea-media-dental-con-alineadores-transparentes\/"},"wordCount":1533,"commentCount":0,"image":{"@id":"https:\/\/www.proclinic.es\/blog\/como-corregir-la-linea-media-dental-con-alineadores-transparentes\/#primaryimage"},"thumbnailUrl":"https:\/\/www.proclinic.es\/blog\/wp-content\/uploads\/2021\/11\/corregir-la-linea-media-dental-con-alineadores-invisibles-secretaligner.png","keywords":["alineadores invisibles","l\u00ednea media dental","maloclusion","ortodoncia invisible","proclinic","SecretAligner"],"articleSection":["Ortodoncia","SecretAligner - Ortodoncia invisible"],"inLanguage":"es","potentialAction":[{"@type":"CommentAction","name":"Comment","target":["https:\/\/www.proclinic.es\/blog\/como-corregir-la-linea-media-dental-con-alineadores-transparentes\/#respond"]}]},{"@type":"WebPage","@id":"https:\/\/www.proclinic.es\/blog\/como-corregir-la-linea-media-dental-con-alineadores-transparentes\/","url":"https:\/\/www.proclinic.es\/blog\/como-corregir-la-linea-media-dental-con-alineadores-transparentes\/","name":"C\u00f3mo corregir la l\u00ednea media dental con alineadores transparentes. - Blog Proclinic","isPartOf":{"@id":"https:\/\/www.proclinic.es\/blog\/#website"},"primaryImageOfPage":{"@id":"https:\/\/www.proclinic.es\/blog\/como-corregir-la-linea-media-dental-con-alineadores-transparentes\/#primaryimage"},"image":{"@id":"https:\/\/www.proclinic.es\/blog\/como-corregir-la-linea-media-dental-con-alineadores-transparentes\/#primaryimage"},"thumbnailUrl":"https:\/\/www.proclinic.es\/blog\/wp-content\/uploads\/2021\/11\/corregir-la-linea-media-dental-con-alineadores-invisibles-secretaligner.png","datePublished":"2021-11-29T09:49:47+00:00","dateModified":"2023-02-09T10:04:21+00:00","author":{"@id":"https:\/\/www.proclinic.es\/blog\/#\/schema\/person\/85e304ea367ce3922003b0d8b388e527"},"description":"La l\u00ednea media dental desviada es un defecto que afecta a gran parte de la poblaci\u00f3n y que, en ocasiones, no se le otorga la importancia que merece.","breadcrumb":{"@id":"https:\/\/www.proclinic.es\/blog\/como-corregir-la-linea-media-dental-con-alineadores-transparentes\/#breadcrumb"},"inLanguage":"es","potentialAction":[{"@type":"ReadAction","target":["https:\/\/www.proclinic.es\/blog\/como-corregir-la-linea-media-dental-con-alineadores-transparentes\/"]}]},{"@type":"ImageObject","inLanguage":"es","@id":"https:\/\/www.proclinic.es\/blog\/como-corregir-la-linea-media-dental-con-alineadores-transparentes\/#primaryimage","url":"https:\/\/www.proclinic.es\/blog\/wp-content\/uploads\/2021\/11\/corregir-la-linea-media-dental-con-alineadores-invisibles-secretaligner.png","contentUrl":"https:\/\/www.proclinic.es\/blog\/wp-content\/uploads\/2021\/11\/corregir-la-linea-media-dental-con-alineadores-invisibles-secretaligner.png","width":801,"height":601},{"@type":"BreadcrumbList","@id":"https:\/\/www.proclinic.es\/blog\/como-corregir-la-linea-media-dental-con-alineadores-transparentes\/#breadcrumb","itemListElement":[{"@type":"ListItem","position":1,"name":"Home","item":"https:\/\/www.proclinic.es\/blog\/"},{"@type":"ListItem","position":2,"name":"C\u00f3mo corregir la l\u00ednea media dental con alineadores transparentes."}]},{"@type":"WebSite","@id":"https:\/\/www.proclinic.es\/blog\/#website","url":"https:\/\/www.proclinic.es\/blog\/","name":"Blog Proclinic","description":"\u00a1Bienvenido al blog de Proclinic! En este espacio, nos enfocamos en brindar informaci\u00f3n valiosa y actualizada para todos los profesionales del sector dental. Nuestra misi\u00f3n es mantenerte al d\u00eda de las \u00faltimas tendencias, investigaciones y t\u00e9cnicas en el campo de la odontolog\u00eda. Exploraremos temas que van desde las novedades en materiales odontol\u00f3gicos, consejos pr\u00e1cticos para la gesti\u00f3n de cl\u00ednicas dentales hasta casos cl\u00ednicos con base cient\u00edfica, eventos del sector y mucho m\u00e1s. Te invitamos a seguir nuestro contenido, dise\u00f1ado para mantener tu pr\u00e1ctica en la vanguardia de la odontolog\u00eda moderna.","potentialAction":[{"@type":"SearchAction","target":{"@type":"EntryPoint","urlTemplate":"https:\/\/www.proclinic.es\/blog\/?s={search_term_string}"},"query-input":{"@type":"PropertyValueSpecification","valueRequired":true,"valueName":"search_term_string"}}],"inLanguage":"es"},{"@type":"Person","@id":"https:\/\/www.proclinic.es\/blog\/#\/schema\/person\/85e304ea367ce3922003b0d8b388e527","name":"Anna","image":{"@type":"ImageObject","inLanguage":"es","@id":"https:\/\/secure.gravatar.com\/avatar\/b8b19455b6924f97d0afcdeb2791066e8c8af798468c71e0fe7e686c5d0b49f4?s=96&d=mm&r=g","url":"https:\/\/secure.gravatar.com\/avatar\/b8b19455b6924f97d0afcdeb2791066e8c8af798468c71e0fe7e686c5d0b49f4?s=96&d=mm&r=g","contentUrl":"https:\/\/secure.gravatar.com\/avatar\/b8b19455b6924f97d0afcdeb2791066e8c8af798468c71e0fe7e686c5d0b49f4?s=96&d=mm&r=g","caption":"Anna"},"description":"Community Manager","url":"https:\/\/www.proclinic.es\/blog\/author\/anna\/"}]}},"jetpack_featured_media_url":"https:\/\/www.proclinic.es\/blog\/wp-content\/uploads\/2021\/11\/corregir-la-linea-media-dental-con-alineadores-invisibles-secretaligner.png","_links":{"self":[{"href":"https:\/\/www.proclinic.es\/blog\/wp-json\/wp\/v2\/posts\/12828","targetHints":{"allow":["GET"]}}],"collection":[{"href":"https:\/\/www.proclinic.es\/blog\/wp-json\/wp\/v2\/posts"}],"about":[{"href":"https:\/\/www.proclinic.es\/blog\/wp-json\/wp\/v2\/types\/post"}],"author":[{"embeddable":true,"href":"https:\/\/www.proclinic.es\/blog\/wp-json\/wp\/v2\/users\/101011"}],"replies":[{"embeddable":true,"href":"https:\/\/www.proclinic.es\/blog\/wp-json\/wp\/v2\/comments?post=12828"}],"version-history":[{"count":6,"href":"https:\/\/www.proclinic.es\/blog\/wp-json\/wp\/v2\/posts\/12828\/revisions"}],"predecessor-version":[{"id":13677,"href":"https:\/\/www.proclinic.es\/blog\/wp-json\/wp\/v2\/posts\/12828\/revisions\/13677"}],"wp:featuredmedia":[{"embeddable":true,"href":"https:\/\/www.proclinic.es\/blog\/wp-json\/wp\/v2\/media\/12855"}],"wp:attachment":[{"href":"https:\/\/www.proclinic.es\/blog\/wp-json\/wp\/v2\/media?parent=12828"}],"wp:term":[{"taxonomy":"category","embeddable":true,"href":"https:\/\/www.proclinic.es\/blog\/wp-json\/wp\/v2\/categories?post=12828"},{"taxonomy":"post_tag","embeddable":true,"href":"https:\/\/www.proclinic.es\/blog\/wp-json\/wp\/v2\/tags?post=12828"}],"curies":[{"name":"wp","href":"https:\/\/api.w.org\/{rel}","templated":true}]}}