{"id":1274,"date":"2014-05-26T11:37:12","date_gmt":"2014-05-26T10:37:12","guid":{"rendered":"http:\/\/localhost\/blogProclinic\/web\/?p=1274"},"modified":"2014-10-03T10:35:14","modified_gmt":"2014-10-03T08:35:14","slug":"formacion-en-estabilizacion-de-dentaduras-con-la-utilizacion-de-implantes-de-diametro-reducido-en-madrid","status":"publish","type":"post","link":"https:\/\/www.proclinic.es\/blog\/formacion-en-estabilizacion-de-dentaduras-con-la-utilizacion-de-implantes-de-diametro-reducido-en-madrid\/","title":{"rendered":"Formaci\u00f3n en estabilizaci\u00f3n de dentaduras con la utilizaci\u00f3n de implantes de di\u00e1metro reducido en Madrid"},"content":{"rendered":"<p><strong>El pasado 10 de mayo tuvo lugar en Madrid, una nueva convocatoria del curso pr\u00e1ctico de implantes de di\u00e1metro reducido Intra-Lock\u00ae, al que asistieron 16 odont\u00f3logos.<\/strong><!--more--><\/p>\n<h3><\/h3>\n<p>&nbsp;<\/p>\n<h3><\/h3>\n<h3><span style=\"color: #008080;\">Durante el curso se habl\u00f3 de factores demogr\u00e1ficos como el envejecimiento de la poblaci\u00f3n, que provocan que cada vez aumente m\u00e1s la demanda en este tipo de t\u00e9cnicas.<\/span><\/h3>\n<p>Posteriormente se realiz\u00f3 un taller pr\u00e1ctico de una fase quir\u00fargica sobre un modelo mandibular.<\/p>\n<p>En la segunda parte se habl\u00f3 de los componentes restaurativos de los implantes de di\u00e1metro reducido y de los diferentes protocolos restaurando pr\u00f3tesis preexistentes, o nuevas pr\u00f3tesis.<\/p>\n<p>Finalmente se realiz\u00f3 otro taller pr\u00e1ctico de la fase restaurativa, con la estabilizaci\u00f3n de la pr\u00f3tesis sobre los implantes previamente colocados.<\/p>\n<p>Consulta nuestra agenda de cursos y eventos en\u00a0<a title=\"Proclinic - Cursos y eventos\" href=\"https:\/\/www.proclinic.es\/formacion\" target=\"_blank\">https:\/\/www.proclinic.es\/formacion<\/a><\/p>\n<p>&nbsp;<\/p>\n<p>&nbsp;<\/p>\n","protected":false},"excerpt":{"rendered":"<p>El pasado 10 de mayo tuvo lugar en Madrid, una nueva convocatoria del curso pr\u00e1ctico de implantes de di\u00e1metro reducido Intra-Lock\u00ae, al que asistieron 16 odont\u00f3logos.<\/p>\n","protected":false},"author":101011,"featured_media":1275,"comment_status":"open","ping_status":"open","sticky":false,"template":"","format":"standard","meta":{"footnotes":""},"categories":[43],"tags":[],"class_list":["post-1274","post","type-post","status-publish","format-standard","has-post-thumbnail","hentry","category-formacion"],"yoast_head":"<!-- This site is optimized with the Yoast SEO plugin v27.4 - https:\/\/yoast.com\/product\/yoast-seo-wordpress\/ -->\n<title>Formaci\u00f3n en estabilizaci\u00f3n de dentaduras - Blog Proclinic<\/title>\n<meta name=\"description\" content=\"El pasado 10 de mayo tuvo lugar en Madrid, una nueva convocatoria del curso pr\u00e1ctico de implantes de di\u00e1metro reducido Intra-Lock\u00ae.\" \/>\n<meta name=\"robots\" content=\"index, follow, max-snippet:-1, max-image-preview:large, max-video-preview:-1\" \/>\n<link rel=\"canonical\" href=\"https:\/\/www.proclinic.es\/blog\/formacion-en-estabilizacion-de-dentaduras-con-la-utilizacion-de-implantes-de-diametro-reducido-en-madrid\/\" \/>\n<meta property=\"og:locale\" content=\"es_ES\" \/>\n<meta property=\"og:type\" content=\"article\" \/>\n<meta property=\"og:title\" content=\"Formaci\u00f3n en estabilizaci\u00f3n de dentaduras - Blog Proclinic\" \/>\n<meta property=\"og:description\" content=\"El pasado 10 de mayo tuvo lugar en Madrid, una nueva convocatoria del curso pr\u00e1ctico de implantes de di\u00e1metro reducido Intra-Lock\u00ae.\" \/>\n<meta property=\"og:url\" content=\"https:\/\/www.proclinic.es\/blog\/formacion-en-estabilizacion-de-dentaduras-con-la-utilizacion-de-implantes-de-diametro-reducido-en-madrid\/\" \/>\n<meta property=\"og:site_name\" content=\"Blog Proclinic\" \/>\n<meta property=\"article:publisher\" content=\"https:\/\/www.facebook.com\/proclinicsa\" \/>\n<meta property=\"article:published_time\" content=\"2014-05-26T10:37:12+00:00\" \/>\n<meta property=\"article:modified_time\" content=\"2014-10-03T08:35:14+00:00\" \/>\n<meta property=\"og:image\" content=\"https:\/\/www.proclinic.es\/blog\/wp-content\/uploads\/2014\/05\/IMG_0821-scaled.jpg\" \/>\n\t<meta property=\"og:image:width\" content=\"2560\" \/>\n\t<meta property=\"og:image:height\" content=\"1920\" \/>\n\t<meta property=\"og:image:type\" content=\"image\/jpeg\" \/>\n<meta name=\"author\" content=\"Anna\" \/>\n<meta name=\"twitter:card\" content=\"summary_large_image\" \/>\n<meta name=\"twitter:creator\" content=\"@Proclinic_SA\" \/>\n<meta name=\"twitter:site\" content=\"@Proclinic_SA\" \/>\n<meta name=\"twitter:label1\" content=\"Escrito por\" \/>\n\t<meta name=\"twitter:data1\" content=\"Anna\" \/>\n\t<meta name=\"twitter:label2\" content=\"Tiempo de lectura\" \/>\n\t<meta name=\"twitter:data2\" content=\"1 minuto\" \/>\n<script type=\"application\/ld+json\" class=\"yoast-schema-graph\">{\"@context\":\"https:\\\/\\\/schema.org\",\"@graph\":[{\"@type\":\"Article\",\"@id\":\"https:\\\/\\\/www.proclinic.es\\\/blog\\\/formacion-en-estabilizacion-de-dentaduras-con-la-utilizacion-de-implantes-de-diametro-reducido-en-madrid\\\/#article\",\"isPartOf\":{\"@id\":\"https:\\\/\\\/www.proclinic.es\\\/blog\\\/formacion-en-estabilizacion-de-dentaduras-con-la-utilizacion-de-implantes-de-diametro-reducido-en-madrid\\\/\"},\"author\":{\"name\":\"Anna\",\"@id\":\"https:\\\/\\\/www.proclinic.es\\\/blog\\\/#\\\/schema\\\/person\\\/85e304ea367ce3922003b0d8b388e527\"},\"headline\":\"Formaci\u00f3n en estabilizaci\u00f3n de dentaduras con la utilizaci\u00f3n de implantes de di\u00e1metro reducido en Madrid\",\"datePublished\":\"2014-05-26T10:37:12+00:00\",\"dateModified\":\"2014-10-03T08:35:14+00:00\",\"mainEntityOfPage\":{\"@id\":\"https:\\\/\\\/www.proclinic.es\\\/blog\\\/formacion-en-estabilizacion-de-dentaduras-con-la-utilizacion-de-implantes-de-diametro-reducido-en-madrid\\\/\"},\"wordCount\":164,\"commentCount\":0,\"image\":{\"@id\":\"https:\\\/\\\/www.proclinic.es\\\/blog\\\/formacion-en-estabilizacion-de-dentaduras-con-la-utilizacion-de-implantes-de-diametro-reducido-en-madrid\\\/#primaryimage\"},\"thumbnailUrl\":\"https:\\\/\\\/www.proclinic.es\\\/blog\\\/wp-content\\\/uploads\\\/2014\\\/05\\\/IMG_0821-scaled.jpg\",\"articleSection\":[\"Formaci\u00f3n y Eventos\"],\"inLanguage\":\"es\",\"potentialAction\":[{\"@type\":\"CommentAction\",\"name\":\"Comment\",\"target\":[\"https:\\\/\\\/www.proclinic.es\\\/blog\\\/formacion-en-estabilizacion-de-dentaduras-con-la-utilizacion-de-implantes-de-diametro-reducido-en-madrid\\\/#respond\"]}]},{\"@type\":\"WebPage\",\"@id\":\"https:\\\/\\\/www.proclinic.es\\\/blog\\\/formacion-en-estabilizacion-de-dentaduras-con-la-utilizacion-de-implantes-de-diametro-reducido-en-madrid\\\/\",\"url\":\"https:\\\/\\\/www.proclinic.es\\\/blog\\\/formacion-en-estabilizacion-de-dentaduras-con-la-utilizacion-de-implantes-de-diametro-reducido-en-madrid\\\/\",\"name\":\"Formaci\u00f3n en estabilizaci\u00f3n de dentaduras - Blog Proclinic\",\"isPartOf\":{\"@id\":\"https:\\\/\\\/www.proclinic.es\\\/blog\\\/#website\"},\"primaryImageOfPage\":{\"@id\":\"https:\\\/\\\/www.proclinic.es\\\/blog\\\/formacion-en-estabilizacion-de-dentaduras-con-la-utilizacion-de-implantes-de-diametro-reducido-en-madrid\\\/#primaryimage\"},\"image\":{\"@id\":\"https:\\\/\\\/www.proclinic.es\\\/blog\\\/formacion-en-estabilizacion-de-dentaduras-con-la-utilizacion-de-implantes-de-diametro-reducido-en-madrid\\\/#primaryimage\"},\"thumbnailUrl\":\"https:\\\/\\\/www.proclinic.es\\\/blog\\\/wp-content\\\/uploads\\\/2014\\\/05\\\/IMG_0821-scaled.jpg\",\"datePublished\":\"2014-05-26T10:37:12+00:00\",\"dateModified\":\"2014-10-03T08:35:14+00:00\",\"author\":{\"@id\":\"https:\\\/\\\/www.proclinic.es\\\/blog\\\/#\\\/schema\\\/person\\\/85e304ea367ce3922003b0d8b388e527\"},\"description\":\"El pasado 10 de mayo tuvo lugar en Madrid, una nueva convocatoria del curso pr\u00e1ctico de implantes de di\u00e1metro reducido Intra-Lock\u00ae.\",\"breadcrumb\":{\"@id\":\"https:\\\/\\\/www.proclinic.es\\\/blog\\\/formacion-en-estabilizacion-de-dentaduras-con-la-utilizacion-de-implantes-de-diametro-reducido-en-madrid\\\/#breadcrumb\"},\"inLanguage\":\"es\",\"potentialAction\":[{\"@type\":\"ReadAction\",\"target\":[\"https:\\\/\\\/www.proclinic.es\\\/blog\\\/formacion-en-estabilizacion-de-dentaduras-con-la-utilizacion-de-implantes-de-diametro-reducido-en-madrid\\\/\"]}]},{\"@type\":\"ImageObject\",\"inLanguage\":\"es\",\"@id\":\"https:\\\/\\\/www.proclinic.es\\\/blog\\\/formacion-en-estabilizacion-de-dentaduras-con-la-utilizacion-de-implantes-de-diametro-reducido-en-madrid\\\/#primaryimage\",\"url\":\"https:\\\/\\\/www.proclinic.es\\\/blog\\\/wp-content\\\/uploads\\\/2014\\\/05\\\/IMG_0821-scaled.jpg\",\"contentUrl\":\"https:\\\/\\\/www.proclinic.es\\\/blog\\\/wp-content\\\/uploads\\\/2014\\\/05\\\/IMG_0821-scaled.jpg\",\"width\":2560,\"height\":1920,\"caption\":\"Implantes de di\u00e1metro reducido Proclinic\"},{\"@type\":\"BreadcrumbList\",\"@id\":\"https:\\\/\\\/www.proclinic.es\\\/blog\\\/formacion-en-estabilizacion-de-dentaduras-con-la-utilizacion-de-implantes-de-diametro-reducido-en-madrid\\\/#breadcrumb\",\"itemListElement\":[{\"@type\":\"ListItem\",\"position\":1,\"name\":\"Home\",\"item\":\"https:\\\/\\\/www.proclinic.es\\\/blog\\\/\"},{\"@type\":\"ListItem\",\"position\":2,\"name\":\"Formaci\u00f3n en estabilizaci\u00f3n de dentaduras con la utilizaci\u00f3n de implantes de di\u00e1metro reducido en Madrid\"}]},{\"@type\":\"WebSite\",\"@id\":\"https:\\\/\\\/www.proclinic.es\\\/blog\\\/#website\",\"url\":\"https:\\\/\\\/www.proclinic.es\\\/blog\\\/\",\"name\":\"Blog Proclinic\",\"description\":\"\u00a1Bienvenido al blog de Proclinic! En este espacio, nos enfocamos en brindar informaci\u00f3n valiosa y actualizada para todos los profesionales del sector dental. Nuestra misi\u00f3n es mantenerte al d\u00eda de las \u00faltimas tendencias, investigaciones y t\u00e9cnicas en el campo de la odontolog\u00eda. Exploraremos temas que van desde las novedades en materiales odontol\u00f3gicos, consejos pr\u00e1cticos para la gesti\u00f3n de cl\u00ednicas dentales hasta casos cl\u00ednicos con base cient\u00edfica, eventos del sector y mucho m\u00e1s. Te invitamos a seguir nuestro contenido, dise\u00f1ado para mantener tu pr\u00e1ctica en la vanguardia de la odontolog\u00eda moderna.\",\"potentialAction\":[{\"@type\":\"SearchAction\",\"target\":{\"@type\":\"EntryPoint\",\"urlTemplate\":\"https:\\\/\\\/www.proclinic.es\\\/blog\\\/?s={search_term_string}\"},\"query-input\":{\"@type\":\"PropertyValueSpecification\",\"valueRequired\":true,\"valueName\":\"search_term_string\"}}],\"inLanguage\":\"es\"},{\"@type\":\"Person\",\"@id\":\"https:\\\/\\\/www.proclinic.es\\\/blog\\\/#\\\/schema\\\/person\\\/85e304ea367ce3922003b0d8b388e527\",\"name\":\"Anna\",\"image\":{\"@type\":\"ImageObject\",\"inLanguage\":\"es\",\"@id\":\"https:\\\/\\\/secure.gravatar.com\\\/avatar\\\/b8b19455b6924f97d0afcdeb2791066e8c8af798468c71e0fe7e686c5d0b49f4?s=96&d=mm&r=g\",\"url\":\"https:\\\/\\\/secure.gravatar.com\\\/avatar\\\/b8b19455b6924f97d0afcdeb2791066e8c8af798468c71e0fe7e686c5d0b49f4?s=96&d=mm&r=g\",\"contentUrl\":\"https:\\\/\\\/secure.gravatar.com\\\/avatar\\\/b8b19455b6924f97d0afcdeb2791066e8c8af798468c71e0fe7e686c5d0b49f4?s=96&d=mm&r=g\",\"caption\":\"Anna\"},\"description\":\"Community Manager\",\"url\":\"https:\\\/\\\/www.proclinic.es\\\/blog\\\/author\\\/anna\\\/\"}]}<\/script>\n<!-- \/ Yoast SEO plugin. -->","yoast_head_json":{"title":"Formaci\u00f3n en estabilizaci\u00f3n de dentaduras - Blog Proclinic","description":"El pasado 10 de mayo tuvo lugar en Madrid, una nueva convocatoria del curso pr\u00e1ctico de implantes de di\u00e1metro reducido Intra-Lock\u00ae.","robots":{"index":"index","follow":"follow","max-snippet":"max-snippet:-1","max-image-preview":"max-image-preview:large","max-video-preview":"max-video-preview:-1"},"canonical":"https:\/\/www.proclinic.es\/blog\/formacion-en-estabilizacion-de-dentaduras-con-la-utilizacion-de-implantes-de-diametro-reducido-en-madrid\/","og_locale":"es_ES","og_type":"article","og_title":"Formaci\u00f3n en estabilizaci\u00f3n de dentaduras - Blog Proclinic","og_description":"El pasado 10 de mayo tuvo lugar en Madrid, una nueva convocatoria del curso pr\u00e1ctico de implantes de di\u00e1metro reducido Intra-Lock\u00ae.","og_url":"https:\/\/www.proclinic.es\/blog\/formacion-en-estabilizacion-de-dentaduras-con-la-utilizacion-de-implantes-de-diametro-reducido-en-madrid\/","og_site_name":"Blog Proclinic","article_publisher":"https:\/\/www.facebook.com\/proclinicsa","article_published_time":"2014-05-26T10:37:12+00:00","article_modified_time":"2014-10-03T08:35:14+00:00","og_image":[{"width":2560,"height":1920,"url":"https:\/\/www.proclinic.es\/blog\/wp-content\/uploads\/2014\/05\/IMG_0821-scaled.jpg","type":"image\/jpeg"}],"author":"Anna","twitter_card":"summary_large_image","twitter_creator":"@Proclinic_SA","twitter_site":"@Proclinic_SA","twitter_misc":{"Escrito por":"Anna","Tiempo de lectura":"1 minuto"},"schema":{"@context":"https:\/\/schema.org","@graph":[{"@type":"Article","@id":"https:\/\/www.proclinic.es\/blog\/formacion-en-estabilizacion-de-dentaduras-con-la-utilizacion-de-implantes-de-diametro-reducido-en-madrid\/#article","isPartOf":{"@id":"https:\/\/www.proclinic.es\/blog\/formacion-en-estabilizacion-de-dentaduras-con-la-utilizacion-de-implantes-de-diametro-reducido-en-madrid\/"},"author":{"name":"Anna","@id":"https:\/\/www.proclinic.es\/blog\/#\/schema\/person\/85e304ea367ce3922003b0d8b388e527"},"headline":"Formaci\u00f3n en estabilizaci\u00f3n de dentaduras con la utilizaci\u00f3n de implantes de di\u00e1metro reducido en Madrid","datePublished":"2014-05-26T10:37:12+00:00","dateModified":"2014-10-03T08:35:14+00:00","mainEntityOfPage":{"@id":"https:\/\/www.proclinic.es\/blog\/formacion-en-estabilizacion-de-dentaduras-con-la-utilizacion-de-implantes-de-diametro-reducido-en-madrid\/"},"wordCount":164,"commentCount":0,"image":{"@id":"https:\/\/www.proclinic.es\/blog\/formacion-en-estabilizacion-de-dentaduras-con-la-utilizacion-de-implantes-de-diametro-reducido-en-madrid\/#primaryimage"},"thumbnailUrl":"https:\/\/www.proclinic.es\/blog\/wp-content\/uploads\/2014\/05\/IMG_0821-scaled.jpg","articleSection":["Formaci\u00f3n y Eventos"],"inLanguage":"es","potentialAction":[{"@type":"CommentAction","name":"Comment","target":["https:\/\/www.proclinic.es\/blog\/formacion-en-estabilizacion-de-dentaduras-con-la-utilizacion-de-implantes-de-diametro-reducido-en-madrid\/#respond"]}]},{"@type":"WebPage","@id":"https:\/\/www.proclinic.es\/blog\/formacion-en-estabilizacion-de-dentaduras-con-la-utilizacion-de-implantes-de-diametro-reducido-en-madrid\/","url":"https:\/\/www.proclinic.es\/blog\/formacion-en-estabilizacion-de-dentaduras-con-la-utilizacion-de-implantes-de-diametro-reducido-en-madrid\/","name":"Formaci\u00f3n en estabilizaci\u00f3n de dentaduras - Blog Proclinic","isPartOf":{"@id":"https:\/\/www.proclinic.es\/blog\/#website"},"primaryImageOfPage":{"@id":"https:\/\/www.proclinic.es\/blog\/formacion-en-estabilizacion-de-dentaduras-con-la-utilizacion-de-implantes-de-diametro-reducido-en-madrid\/#primaryimage"},"image":{"@id":"https:\/\/www.proclinic.es\/blog\/formacion-en-estabilizacion-de-dentaduras-con-la-utilizacion-de-implantes-de-diametro-reducido-en-madrid\/#primaryimage"},"thumbnailUrl":"https:\/\/www.proclinic.es\/blog\/wp-content\/uploads\/2014\/05\/IMG_0821-scaled.jpg","datePublished":"2014-05-26T10:37:12+00:00","dateModified":"2014-10-03T08:35:14+00:00","author":{"@id":"https:\/\/www.proclinic.es\/blog\/#\/schema\/person\/85e304ea367ce3922003b0d8b388e527"},"description":"El pasado 10 de mayo tuvo lugar en Madrid, una nueva convocatoria del curso pr\u00e1ctico de implantes de di\u00e1metro reducido Intra-Lock\u00ae.","breadcrumb":{"@id":"https:\/\/www.proclinic.es\/blog\/formacion-en-estabilizacion-de-dentaduras-con-la-utilizacion-de-implantes-de-diametro-reducido-en-madrid\/#breadcrumb"},"inLanguage":"es","potentialAction":[{"@type":"ReadAction","target":["https:\/\/www.proclinic.es\/blog\/formacion-en-estabilizacion-de-dentaduras-con-la-utilizacion-de-implantes-de-diametro-reducido-en-madrid\/"]}]},{"@type":"ImageObject","inLanguage":"es","@id":"https:\/\/www.proclinic.es\/blog\/formacion-en-estabilizacion-de-dentaduras-con-la-utilizacion-de-implantes-de-diametro-reducido-en-madrid\/#primaryimage","url":"https:\/\/www.proclinic.es\/blog\/wp-content\/uploads\/2014\/05\/IMG_0821-scaled.jpg","contentUrl":"https:\/\/www.proclinic.es\/blog\/wp-content\/uploads\/2014\/05\/IMG_0821-scaled.jpg","width":2560,"height":1920,"caption":"Implantes de di\u00e1metro reducido Proclinic"},{"@type":"BreadcrumbList","@id":"https:\/\/www.proclinic.es\/blog\/formacion-en-estabilizacion-de-dentaduras-con-la-utilizacion-de-implantes-de-diametro-reducido-en-madrid\/#breadcrumb","itemListElement":[{"@type":"ListItem","position":1,"name":"Home","item":"https:\/\/www.proclinic.es\/blog\/"},{"@type":"ListItem","position":2,"name":"Formaci\u00f3n en estabilizaci\u00f3n de dentaduras con la utilizaci\u00f3n de implantes de di\u00e1metro reducido en Madrid"}]},{"@type":"WebSite","@id":"https:\/\/www.proclinic.es\/blog\/#website","url":"https:\/\/www.proclinic.es\/blog\/","name":"Blog Proclinic","description":"\u00a1Bienvenido al blog de Proclinic! En este espacio, nos enfocamos en brindar informaci\u00f3n valiosa y actualizada para todos los profesionales del sector dental. Nuestra misi\u00f3n es mantenerte al d\u00eda de las \u00faltimas tendencias, investigaciones y t\u00e9cnicas en el campo de la odontolog\u00eda. Exploraremos temas que van desde las novedades en materiales odontol\u00f3gicos, consejos pr\u00e1cticos para la gesti\u00f3n de cl\u00ednicas dentales hasta casos cl\u00ednicos con base cient\u00edfica, eventos del sector y mucho m\u00e1s. Te invitamos a seguir nuestro contenido, dise\u00f1ado para mantener tu pr\u00e1ctica en la vanguardia de la odontolog\u00eda moderna.","potentialAction":[{"@type":"SearchAction","target":{"@type":"EntryPoint","urlTemplate":"https:\/\/www.proclinic.es\/blog\/?s={search_term_string}"},"query-input":{"@type":"PropertyValueSpecification","valueRequired":true,"valueName":"search_term_string"}}],"inLanguage":"es"},{"@type":"Person","@id":"https:\/\/www.proclinic.es\/blog\/#\/schema\/person\/85e304ea367ce3922003b0d8b388e527","name":"Anna","image":{"@type":"ImageObject","inLanguage":"es","@id":"https:\/\/secure.gravatar.com\/avatar\/b8b19455b6924f97d0afcdeb2791066e8c8af798468c71e0fe7e686c5d0b49f4?s=96&d=mm&r=g","url":"https:\/\/secure.gravatar.com\/avatar\/b8b19455b6924f97d0afcdeb2791066e8c8af798468c71e0fe7e686c5d0b49f4?s=96&d=mm&r=g","contentUrl":"https:\/\/secure.gravatar.com\/avatar\/b8b19455b6924f97d0afcdeb2791066e8c8af798468c71e0fe7e686c5d0b49f4?s=96&d=mm&r=g","caption":"Anna"},"description":"Community Manager","url":"https:\/\/www.proclinic.es\/blog\/author\/anna\/"}]}},"jetpack_featured_media_url":"https:\/\/www.proclinic.es\/blog\/wp-content\/uploads\/2014\/05\/IMG_0821-scaled.jpg","_links":{"self":[{"href":"https:\/\/www.proclinic.es\/blog\/wp-json\/wp\/v2\/posts\/1274","targetHints":{"allow":["GET"]}}],"collection":[{"href":"https:\/\/www.proclinic.es\/blog\/wp-json\/wp\/v2\/posts"}],"about":[{"href":"https:\/\/www.proclinic.es\/blog\/wp-json\/wp\/v2\/types\/post"}],"author":[{"embeddable":true,"href":"https:\/\/www.proclinic.es\/blog\/wp-json\/wp\/v2\/users\/101011"}],"replies":[{"embeddable":true,"href":"https:\/\/www.proclinic.es\/blog\/wp-json\/wp\/v2\/comments?post=1274"}],"version-history":[{"count":11,"href":"https:\/\/www.proclinic.es\/blog\/wp-json\/wp\/v2\/posts\/1274\/revisions"}],"predecessor-version":[{"id":1527,"href":"https:\/\/www.proclinic.es\/blog\/wp-json\/wp\/v2\/posts\/1274\/revisions\/1527"}],"wp:featuredmedia":[{"embeddable":true,"href":"https:\/\/www.proclinic.es\/blog\/wp-json\/wp\/v2\/media\/1275"}],"wp:attachment":[{"href":"https:\/\/www.proclinic.es\/blog\/wp-json\/wp\/v2\/media?parent=1274"}],"wp:term":[{"taxonomy":"category","embeddable":true,"href":"https:\/\/www.proclinic.es\/blog\/wp-json\/wp\/v2\/categories?post=1274"},{"taxonomy":"post_tag","embeddable":true,"href":"https:\/\/www.proclinic.es\/blog\/wp-json\/wp\/v2\/tags?post=1274"}],"curies":[{"name":"wp","href":"https:\/\/api.w.org\/{rel}","templated":true}]}}