{"id":1269,"date":"2014-05-22T14:34:54","date_gmt":"2014-05-22T13:34:54","guid":{"rendered":"http:\/\/localhost\/blogProclinic\/web\/?p=1269"},"modified":"2015-10-05T17:19:08","modified_gmt":"2015-10-05T15:19:08","slug":"capitulo-10-la-estetica-en-odontologia","status":"publish","type":"post","link":"https:\/\/www.proclinic.es\/blog\/capitulo-10-la-estetica-en-odontologia\/","title":{"rendered":"Cap\u00edtulo 10: La est\u00e9tica en odontolog\u00eda"},"content":{"rendered":"<p><span style=\"line-height: 1.5em;\"><strong>En odontolog\u00eda, la est\u00e9tica es la especialidad que se ocupa de los problemas relacionados con la salud bucal y la armon\u00eda est\u00e9tica de la boca en su totalidad.<\/strong><!--more--> <\/span><\/p>\n<p>&nbsp;<\/p>\n<p><span style=\"line-height: 1.5em;\">As\u00ed, este apartado podr\u00eda ser un compendio de todos los dem\u00e1s cap\u00edtulos de especialidades, puesto que, tanto en odontolog\u00eda conservadora como en pr\u00f3tesis, ortodoncia, periodoncia, cirug\u00eda, etc., el fin es tratar una enfermedad o lesi\u00f3n bucodental, pero sin olvidar otros dos objetivos: la funcionalidad y la est\u00e9tica.<\/span><\/p>\n<p>&nbsp;<\/p>\n<p><strong>Odontobook<\/strong>, es una gu\u00eda pr\u00e1ctica y publicaci\u00f3n de referencia en la Odontolog\u00eda del siglo XXI, tanto para el estudiante como para el profesional.<\/p>\n<p>&nbsp;<\/p>\n<p>&nbsp;<\/p>\n<p>&nbsp;<\/p>\n<p>&nbsp;<\/p>\n","protected":false},"excerpt":{"rendered":"<p>En odontolog\u00eda, la est\u00e9tica es la especialidad que se ocupa de los problemas relacionados con la salud bucal y la armon\u00eda est\u00e9tica de la boca en su totalidad.<\/p>\n","protected":false},"author":101011,"featured_media":1273,"comment_status":"open","ping_status":"open","sticky":false,"template":"","format":"video","meta":{"footnotes":""},"categories":[48,15],"tags":[],"class_list":["post-1269","post","type-post","status-publish","format-video","has-post-thumbnail","hentry","category-odontobook","category-videos","post_format-post-format-video"],"yoast_head":"<!-- This site is optimized with the Yoast SEO plugin v25.9 - https:\/\/yoast.com\/wordpress\/plugins\/seo\/ -->\n<title>Odontobook: la est\u00e9tica en odontolog\u00eda - Blog Proclinic<\/title>\n<meta name=\"description\" content=\"En odontolog\u00eda, la est\u00e9tica es la especialidad que se ocupa de los problemas relacionados con la salud bucal y la armon\u00eda est\u00e9tica de la boca.\" \/>\n<meta name=\"robots\" content=\"index, follow, max-snippet:-1, max-image-preview:large, max-video-preview:-1\" \/>\n<link rel=\"canonical\" href=\"https:\/\/www.proclinic.es\/blog\/capitulo-10-la-estetica-en-odontologia\/\" \/>\n<meta property=\"og:locale\" content=\"es_ES\" \/>\n<meta property=\"og:type\" content=\"article\" \/>\n<meta property=\"og:title\" content=\"Odontobook: la est\u00e9tica en odontolog\u00eda - Blog Proclinic\" \/>\n<meta property=\"og:description\" content=\"En odontolog\u00eda, la est\u00e9tica es la especialidad que se ocupa de los problemas relacionados con la salud bucal y la armon\u00eda est\u00e9tica de la boca.\" \/>\n<meta property=\"og:url\" content=\"https:\/\/www.proclinic.es\/blog\/capitulo-10-la-estetica-en-odontologia\/\" \/>\n<meta property=\"og:site_name\" content=\"Blog Proclinic\" \/>\n<meta property=\"article:publisher\" content=\"https:\/\/www.facebook.com\/proclinicsa\" \/>\n<meta property=\"article:published_time\" content=\"2014-05-22T13:34:54+00:00\" \/>\n<meta property=\"article:modified_time\" content=\"2015-10-05T15:19:08+00:00\" \/>\n<meta property=\"og:image\" content=\"https:\/\/www.proclinic.es\/blog\/wp-content\/uploads\/2014\/05\/odontobook10.jpg\" \/>\n\t<meta property=\"og:image:width\" content=\"1008\" \/>\n\t<meta property=\"og:image:height\" content=\"479\" \/>\n\t<meta property=\"og:image:type\" content=\"image\/jpeg\" \/>\n<meta name=\"author\" content=\"Anna\" \/>\n<meta name=\"twitter:card\" content=\"summary_large_image\" \/>\n<meta name=\"twitter:creator\" content=\"@Proclinic_SA\" \/>\n<meta name=\"twitter:site\" content=\"@Proclinic_SA\" \/>\n<meta name=\"twitter:label1\" content=\"Escrito por\" \/>\n\t<meta name=\"twitter:data1\" content=\"Anna\" \/>\n\t<meta name=\"twitter:label2\" content=\"Tiempo de lectura\" \/>\n\t<meta name=\"twitter:data2\" content=\"1 minuto\" \/>\n<script type=\"application\/ld+json\" class=\"yoast-schema-graph\">{\"@context\":\"https:\/\/schema.org\",\"@graph\":[{\"@type\":\"WebPage\",\"@id\":\"https:\/\/www.proclinic.es\/blog\/capitulo-10-la-estetica-en-odontologia\/\",\"url\":\"https:\/\/www.proclinic.es\/blog\/capitulo-10-la-estetica-en-odontologia\/\",\"name\":\"Odontobook: la est\u00e9tica en odontolog\u00eda - Blog Proclinic\",\"isPartOf\":{\"@id\":\"https:\/\/www.proclinic.es\/blog\/#website\"},\"primaryImageOfPage\":{\"@id\":\"https:\/\/www.proclinic.es\/blog\/capitulo-10-la-estetica-en-odontologia\/#primaryimage\"},\"image\":{\"@id\":\"https:\/\/www.proclinic.es\/blog\/capitulo-10-la-estetica-en-odontologia\/#primaryimage\"},\"thumbnailUrl\":\"https:\/\/www.proclinic.es\/blog\/wp-content\/uploads\/2014\/05\/odontobook10.jpg\",\"datePublished\":\"2014-05-22T13:34:54+00:00\",\"dateModified\":\"2015-10-05T15:19:08+00:00\",\"author\":{\"@id\":\"https:\/\/www.proclinic.es\/blog\/#\/schema\/person\/85e304ea367ce3922003b0d8b388e527\"},\"description\":\"En odontolog\u00eda, la est\u00e9tica es la especialidad que se ocupa de los problemas relacionados con la salud bucal y la armon\u00eda est\u00e9tica de la boca.\",\"breadcrumb\":{\"@id\":\"https:\/\/www.proclinic.es\/blog\/capitulo-10-la-estetica-en-odontologia\/#breadcrumb\"},\"inLanguage\":\"es\",\"potentialAction\":[{\"@type\":\"ReadAction\",\"target\":[\"https:\/\/www.proclinic.es\/blog\/capitulo-10-la-estetica-en-odontologia\/\"]}]},{\"@type\":\"ImageObject\",\"inLanguage\":\"es\",\"@id\":\"https:\/\/www.proclinic.es\/blog\/capitulo-10-la-estetica-en-odontologia\/#primaryimage\",\"url\":\"https:\/\/www.proclinic.es\/blog\/wp-content\/uploads\/2014\/05\/odontobook10.jpg\",\"contentUrl\":\"https:\/\/www.proclinic.es\/blog\/wp-content\/uploads\/2014\/05\/odontobook10.jpg\",\"width\":1008,\"height\":479,\"caption\":\"Cap\u00edtulo 10 Odontobook\"},{\"@type\":\"BreadcrumbList\",\"@id\":\"https:\/\/www.proclinic.es\/blog\/capitulo-10-la-estetica-en-odontologia\/#breadcrumb\",\"itemListElement\":[{\"@type\":\"ListItem\",\"position\":1,\"name\":\"Home\",\"item\":\"https:\/\/www.proclinic.es\/blog\/\"},{\"@type\":\"ListItem\",\"position\":2,\"name\":\"Cap\u00edtulo 10: La est\u00e9tica en odontolog\u00eda\"}]},{\"@type\":\"WebSite\",\"@id\":\"https:\/\/www.proclinic.es\/blog\/#website\",\"url\":\"https:\/\/www.proclinic.es\/blog\/\",\"name\":\"Blog Proclinic\",\"description\":\"\u00a1Bienvenido al blog de Proclinic! En este espacio, nos enfocamos en brindar informaci\u00f3n valiosa y actualizada para todos los profesionales del sector dental. Nuestra misi\u00f3n es mantenerte al d\u00eda de las \u00faltimas tendencias, investigaciones y t\u00e9cnicas en el campo de la odontolog\u00eda. Exploraremos temas que van desde las novedades en materiales odontol\u00f3gicos, consejos pr\u00e1cticos para la gesti\u00f3n de cl\u00ednicas dentales hasta casos cl\u00ednicos con base cient\u00edfica, eventos del sector y mucho m\u00e1s. Te invitamos a seguir nuestro contenido, dise\u00f1ado para mantener tu pr\u00e1ctica en la vanguardia de la odontolog\u00eda moderna.\",\"potentialAction\":[{\"@type\":\"SearchAction\",\"target\":{\"@type\":\"EntryPoint\",\"urlTemplate\":\"https:\/\/www.proclinic.es\/blog\/?s={search_term_string}\"},\"query-input\":{\"@type\":\"PropertyValueSpecification\",\"valueRequired\":true,\"valueName\":\"search_term_string\"}}],\"inLanguage\":\"es\"},{\"@type\":\"Person\",\"@id\":\"https:\/\/www.proclinic.es\/blog\/#\/schema\/person\/85e304ea367ce3922003b0d8b388e527\",\"name\":\"Anna\",\"image\":{\"@type\":\"ImageObject\",\"inLanguage\":\"es\",\"@id\":\"https:\/\/www.proclinic.es\/blog\/#\/schema\/person\/image\/\",\"url\":\"https:\/\/secure.gravatar.com\/avatar\/b8b19455b6924f97d0afcdeb2791066e8c8af798468c71e0fe7e686c5d0b49f4?s=96&d=mm&r=g\",\"contentUrl\":\"https:\/\/secure.gravatar.com\/avatar\/b8b19455b6924f97d0afcdeb2791066e8c8af798468c71e0fe7e686c5d0b49f4?s=96&d=mm&r=g\",\"caption\":\"Anna\"},\"description\":\"Community Manager\",\"url\":\"https:\/\/www.proclinic.es\/blog\/author\/anna\/\"}]}<\/script>\n<!-- \/ Yoast SEO plugin. -->","yoast_head_json":{"title":"Odontobook: la est\u00e9tica en odontolog\u00eda - Blog Proclinic","description":"En odontolog\u00eda, la est\u00e9tica es la especialidad que se ocupa de los problemas relacionados con la salud bucal y la armon\u00eda est\u00e9tica de la boca.","robots":{"index":"index","follow":"follow","max-snippet":"max-snippet:-1","max-image-preview":"max-image-preview:large","max-video-preview":"max-video-preview:-1"},"canonical":"https:\/\/www.proclinic.es\/blog\/capitulo-10-la-estetica-en-odontologia\/","og_locale":"es_ES","og_type":"article","og_title":"Odontobook: la est\u00e9tica en odontolog\u00eda - Blog Proclinic","og_description":"En odontolog\u00eda, la est\u00e9tica es la especialidad que se ocupa de los problemas relacionados con la salud bucal y la armon\u00eda est\u00e9tica de la boca.","og_url":"https:\/\/www.proclinic.es\/blog\/capitulo-10-la-estetica-en-odontologia\/","og_site_name":"Blog Proclinic","article_publisher":"https:\/\/www.facebook.com\/proclinicsa","article_published_time":"2014-05-22T13:34:54+00:00","article_modified_time":"2015-10-05T15:19:08+00:00","og_image":[{"width":1008,"height":479,"url":"https:\/\/www.proclinic.es\/blog\/wp-content\/uploads\/2014\/05\/odontobook10.jpg","type":"image\/jpeg"}],"author":"Anna","twitter_card":"summary_large_image","twitter_creator":"@Proclinic_SA","twitter_site":"@Proclinic_SA","twitter_misc":{"Escrito por":"Anna","Tiempo de lectura":"1 minuto"},"schema":{"@context":"https:\/\/schema.org","@graph":[{"@type":"WebPage","@id":"https:\/\/www.proclinic.es\/blog\/capitulo-10-la-estetica-en-odontologia\/","url":"https:\/\/www.proclinic.es\/blog\/capitulo-10-la-estetica-en-odontologia\/","name":"Odontobook: la est\u00e9tica en odontolog\u00eda - Blog Proclinic","isPartOf":{"@id":"https:\/\/www.proclinic.es\/blog\/#website"},"primaryImageOfPage":{"@id":"https:\/\/www.proclinic.es\/blog\/capitulo-10-la-estetica-en-odontologia\/#primaryimage"},"image":{"@id":"https:\/\/www.proclinic.es\/blog\/capitulo-10-la-estetica-en-odontologia\/#primaryimage"},"thumbnailUrl":"https:\/\/www.proclinic.es\/blog\/wp-content\/uploads\/2014\/05\/odontobook10.jpg","datePublished":"2014-05-22T13:34:54+00:00","dateModified":"2015-10-05T15:19:08+00:00","author":{"@id":"https:\/\/www.proclinic.es\/blog\/#\/schema\/person\/85e304ea367ce3922003b0d8b388e527"},"description":"En odontolog\u00eda, la est\u00e9tica es la especialidad que se ocupa de los problemas relacionados con la salud bucal y la armon\u00eda est\u00e9tica de la boca.","breadcrumb":{"@id":"https:\/\/www.proclinic.es\/blog\/capitulo-10-la-estetica-en-odontologia\/#breadcrumb"},"inLanguage":"es","potentialAction":[{"@type":"ReadAction","target":["https:\/\/www.proclinic.es\/blog\/capitulo-10-la-estetica-en-odontologia\/"]}]},{"@type":"ImageObject","inLanguage":"es","@id":"https:\/\/www.proclinic.es\/blog\/capitulo-10-la-estetica-en-odontologia\/#primaryimage","url":"https:\/\/www.proclinic.es\/blog\/wp-content\/uploads\/2014\/05\/odontobook10.jpg","contentUrl":"https:\/\/www.proclinic.es\/blog\/wp-content\/uploads\/2014\/05\/odontobook10.jpg","width":1008,"height":479,"caption":"Cap\u00edtulo 10 Odontobook"},{"@type":"BreadcrumbList","@id":"https:\/\/www.proclinic.es\/blog\/capitulo-10-la-estetica-en-odontologia\/#breadcrumb","itemListElement":[{"@type":"ListItem","position":1,"name":"Home","item":"https:\/\/www.proclinic.es\/blog\/"},{"@type":"ListItem","position":2,"name":"Cap\u00edtulo 10: La est\u00e9tica en odontolog\u00eda"}]},{"@type":"WebSite","@id":"https:\/\/www.proclinic.es\/blog\/#website","url":"https:\/\/www.proclinic.es\/blog\/","name":"Blog Proclinic","description":"\u00a1Bienvenido al blog de Proclinic! En este espacio, nos enfocamos en brindar informaci\u00f3n valiosa y actualizada para todos los profesionales del sector dental. Nuestra misi\u00f3n es mantenerte al d\u00eda de las \u00faltimas tendencias, investigaciones y t\u00e9cnicas en el campo de la odontolog\u00eda. Exploraremos temas que van desde las novedades en materiales odontol\u00f3gicos, consejos pr\u00e1cticos para la gesti\u00f3n de cl\u00ednicas dentales hasta casos cl\u00ednicos con base cient\u00edfica, eventos del sector y mucho m\u00e1s. Te invitamos a seguir nuestro contenido, dise\u00f1ado para mantener tu pr\u00e1ctica en la vanguardia de la odontolog\u00eda moderna.","potentialAction":[{"@type":"SearchAction","target":{"@type":"EntryPoint","urlTemplate":"https:\/\/www.proclinic.es\/blog\/?s={search_term_string}"},"query-input":{"@type":"PropertyValueSpecification","valueRequired":true,"valueName":"search_term_string"}}],"inLanguage":"es"},{"@type":"Person","@id":"https:\/\/www.proclinic.es\/blog\/#\/schema\/person\/85e304ea367ce3922003b0d8b388e527","name":"Anna","image":{"@type":"ImageObject","inLanguage":"es","@id":"https:\/\/www.proclinic.es\/blog\/#\/schema\/person\/image\/","url":"https:\/\/secure.gravatar.com\/avatar\/b8b19455b6924f97d0afcdeb2791066e8c8af798468c71e0fe7e686c5d0b49f4?s=96&d=mm&r=g","contentUrl":"https:\/\/secure.gravatar.com\/avatar\/b8b19455b6924f97d0afcdeb2791066e8c8af798468c71e0fe7e686c5d0b49f4?s=96&d=mm&r=g","caption":"Anna"},"description":"Community Manager","url":"https:\/\/www.proclinic.es\/blog\/author\/anna\/"}]}},"jetpack_featured_media_url":"https:\/\/www.proclinic.es\/blog\/wp-content\/uploads\/2014\/05\/odontobook10.jpg","_links":{"self":[{"href":"https:\/\/www.proclinic.es\/blog\/wp-json\/wp\/v2\/posts\/1269","targetHints":{"allow":["GET"]}}],"collection":[{"href":"https:\/\/www.proclinic.es\/blog\/wp-json\/wp\/v2\/posts"}],"about":[{"href":"https:\/\/www.proclinic.es\/blog\/wp-json\/wp\/v2\/types\/post"}],"author":[{"embeddable":true,"href":"https:\/\/www.proclinic.es\/blog\/wp-json\/wp\/v2\/users\/101011"}],"replies":[{"embeddable":true,"href":"https:\/\/www.proclinic.es\/blog\/wp-json\/wp\/v2\/comments?post=1269"}],"version-history":[{"count":7,"href":"https:\/\/www.proclinic.es\/blog\/wp-json\/wp\/v2\/posts\/1269\/revisions"}],"predecessor-version":[{"id":2222,"href":"https:\/\/www.proclinic.es\/blog\/wp-json\/wp\/v2\/posts\/1269\/revisions\/2222"}],"wp:featuredmedia":[{"embeddable":true,"href":"https:\/\/www.proclinic.es\/blog\/wp-json\/wp\/v2\/media\/1273"}],"wp:attachment":[{"href":"https:\/\/www.proclinic.es\/blog\/wp-json\/wp\/v2\/media?parent=1269"}],"wp:term":[{"taxonomy":"category","embeddable":true,"href":"https:\/\/www.proclinic.es\/blog\/wp-json\/wp\/v2\/categories?post=1269"},{"taxonomy":"post_tag","embeddable":true,"href":"https:\/\/www.proclinic.es\/blog\/wp-json\/wp\/v2\/tags?post=1269"}],"curies":[{"name":"wp","href":"https:\/\/api.w.org\/{rel}","templated":true}]}}