{"id":12598,"date":"2020-12-01T09:32:58","date_gmt":"2020-12-01T07:32:58","guid":{"rendered":"https:\/\/www.proclinic.es\/blog\/?p=12598"},"modified":"2023-09-14T12:22:31","modified_gmt":"2023-09-14T10:22:31","slug":"servicio-tecnico-integral-y-personalizado-para-instalacion-de-equipos-en-tu-clinica-dental-fadente","status":"publish","type":"post","link":"https:\/\/www.proclinic.es\/blog\/servicio-tecnico-integral-y-personalizado-para-instalacion-de-equipos-en-tu-clinica-dental-fadente\/","title":{"rendered":"Servicio t\u00e9cnico integral y personalizado para instalaci\u00f3n de equipos en tu cl\u00ednica dental  Fadente"},"content":{"rendered":"\r\n<p>El servicio t\u00e9cnico es el canal m\u00e1s eficaz que tienen los usuarios con las empresas para solucionar incidencias o problemas y resolver dudas que puedan presentar los productos o servicios.<\/p>\r\n\r\n\r\n\r\n<p>En Fadente disponemos de<strong> personal t\u00e9cnico y especialistas digitales<\/strong> en plantilla distribuidos en todas nuestras delegaciones ubicados en: <strong>Madrid, Barcelona, Bilbao, Zaragoza, Valencia, Murcia, Alicante, Sevilla y Las Palmas de Gran Canaria.<\/strong><\/p>\r\n\r\n\r\n\r\n<p>Todo nuestro personal postventa est\u00e1 <strong>altamente cualificado a nivel acad\u00e9mico y t\u00e9cnico<\/strong> y reciben formaci\u00f3n continuada impartida por ingenieros de los fabricantes de las marcas que representamos y distribuimos; <strong>Planmeca, Fedesa, Carestream, Durr, W&amp;H, Acteon, etc\u2026<\/strong><\/p>\r\n\r\n\r\n\r\n<p>Disponemos de un equipo humano de <strong>23 t\u00e9cnicos, 10 especialistas y 7 agentes en nuestro Call Center <\/strong>que te ofrecen un servicio con cobertura en toda Espa\u00f1a.<\/p>\r\n\r\n\r\n\r\n<p>Nuestro servicio de atenci\u00f3n telef\u00f3nica garantiza una atenci\u00f3n eficiente ante cualquier incidencia ya sea por control remoto o por tel\u00e9fono con un <strong>tiempo de respuesta inferior a 2h.<\/strong><\/p>\r\n\r\n\r\n\r\n<p>Asimismo, complementamos nuestra oferta con distintas opciones: planificaci\u00f3n, seguimiento, instalaci\u00f3n y mantenimiento integral de las cl\u00ednicas, servicio Premium de radiolog\u00eda 3D y formaciones online de programas avanzados.<\/p>\r\n\r\n\r\n\r\n<p>\u00a1En Fadente contamos con un servicio t\u00e9cnico de asistencia integral y personalizada para que nada te detenga!<\/p>\r\n\r\n\r\n\r\n<h2 class=\"wp-block-heading has-text-align-center\"><strong>\u00a1Cont\u00e1ctanos\u00a0en\u00a0el\u00a0900\u00a022\u00a024\u00a026!<\/strong><\/h2>\r\n","protected":false},"excerpt":{"rendered":"<p>El servicio t\u00e9cnico es el canal m\u00e1s eficaz que tienen los usuarios con las empresas para solucionar incidencias o problemas y resolver dudas que puedan presentar los productos o servicios. En Fadente disponemos de personal t\u00e9cnico y especialistas digitales en plantilla distribuidos en todas nuestras delegaciones ubicados en: Madrid, Barcelona, Bilbao, Zaragoza, Valencia, Murcia, Alicante, &#8230; <a title=\"Servicio t\u00e9cnico integral y personalizado para instalaci\u00f3n de equipos en tu cl\u00ednica dental  Fadente\" class=\"read-more\" href=\"https:\/\/www.proclinic.es\/blog\/servicio-tecnico-integral-y-personalizado-para-instalacion-de-equipos-en-tu-clinica-dental-fadente\/\" aria-label=\"More on Servicio t\u00e9cnico integral y personalizado para instalaci\u00f3n de equipos en tu cl\u00ednica dental  Fadente\">Read more<\/a><\/p>\n","protected":false},"author":101011,"featured_media":12599,"comment_status":"open","ping_status":"open","sticky":false,"template":"","format":"standard","meta":{"footnotes":""},"categories":[53],"tags":[264,60,129,64,569],"class_list":["post-12598","post","type-post","status-publish","format-standard","has-post-thumbnail","hentry","category-equipamiento-dental","tag-atencion-al-cliente","tag-clinica-dental","tag-equipamiento","tag-fadente","tag-servicio-tecnico-2"],"yoast_head":"<!-- This site is optimized with the Yoast SEO plugin v27.4 - https:\/\/yoast.com\/product\/yoast-seo-wordpress\/ -->\n<title>Servicio t\u00e9cnico integral y personalizado para instalaci\u00f3n de equipos en tu cl\u00ednica dental Fadente - Blog Proclinic<\/title>\n<meta name=\"robots\" content=\"index, follow, max-snippet:-1, max-image-preview:large, max-video-preview:-1\" \/>\n<link rel=\"canonical\" href=\"https:\/\/www.proclinic.es\/blog\/servicio-tecnico-integral-y-personalizado-para-instalacion-de-equipos-en-tu-clinica-dental-fadente\/\" \/>\n<meta property=\"og:locale\" content=\"es_ES\" \/>\n<meta property=\"og:type\" content=\"article\" \/>\n<meta property=\"og:title\" content=\"Servicio t\u00e9cnico integral y personalizado para instalaci\u00f3n de equipos en tu cl\u00ednica dental Fadente - Blog Proclinic\" \/>\n<meta property=\"og:description\" content=\"El servicio t\u00e9cnico es el canal m\u00e1s eficaz que tienen los usuarios con las empresas para solucionar incidencias o problemas y resolver dudas que puedan presentar los productos o servicios. En Fadente disponemos de personal t\u00e9cnico y especialistas digitales en plantilla distribuidos en todas nuestras delegaciones ubicados en: Madrid, Barcelona, Bilbao, Zaragoza, Valencia, Murcia, Alicante, ... Read more\" \/>\n<meta property=\"og:url\" content=\"https:\/\/www.proclinic.es\/blog\/servicio-tecnico-integral-y-personalizado-para-instalacion-de-equipos-en-tu-clinica-dental-fadente\/\" \/>\n<meta property=\"og:site_name\" content=\"Blog Proclinic\" \/>\n<meta property=\"article:publisher\" content=\"https:\/\/www.facebook.com\/proclinicsa\" \/>\n<meta property=\"article:published_time\" content=\"2020-12-01T07:32:58+00:00\" \/>\n<meta property=\"article:modified_time\" content=\"2023-09-14T10:22:31+00:00\" \/>\n<meta property=\"og:image\" content=\"https:\/\/www.proclinic.es\/blog\/wp-content\/uploads\/2020\/11\/servicio-tecnico-fadente.png\" \/>\n\t<meta property=\"og:image:width\" content=\"801\" \/>\n\t<meta property=\"og:image:height\" content=\"601\" \/>\n\t<meta property=\"og:image:type\" content=\"image\/png\" \/>\n<meta name=\"author\" content=\"Anna\" \/>\n<meta name=\"twitter:card\" content=\"summary_large_image\" \/>\n<meta name=\"twitter:creator\" content=\"@Proclinic_SA\" \/>\n<meta name=\"twitter:site\" content=\"@Proclinic_SA\" \/>\n<meta name=\"twitter:label1\" content=\"Escrito por\" \/>\n\t<meta name=\"twitter:data1\" content=\"Anna\" \/>\n\t<meta name=\"twitter:label2\" content=\"Tiempo de lectura\" \/>\n\t<meta name=\"twitter:data2\" content=\"1 minuto\" \/>\n<script type=\"application\/ld+json\" class=\"yoast-schema-graph\">{\"@context\":\"https:\\\/\\\/schema.org\",\"@graph\":[{\"@type\":\"Article\",\"@id\":\"https:\\\/\\\/www.proclinic.es\\\/blog\\\/servicio-tecnico-integral-y-personalizado-para-instalacion-de-equipos-en-tu-clinica-dental-fadente\\\/#article\",\"isPartOf\":{\"@id\":\"https:\\\/\\\/www.proclinic.es\\\/blog\\\/servicio-tecnico-integral-y-personalizado-para-instalacion-de-equipos-en-tu-clinica-dental-fadente\\\/\"},\"author\":{\"name\":\"Anna\",\"@id\":\"https:\\\/\\\/www.proclinic.es\\\/blog\\\/#\\\/schema\\\/person\\\/85e304ea367ce3922003b0d8b388e527\"},\"headline\":\"Servicio t\u00e9cnico integral y personalizado para instalaci\u00f3n de equipos en tu cl\u00ednica dental Fadente\",\"datePublished\":\"2020-12-01T07:32:58+00:00\",\"dateModified\":\"2023-09-14T10:22:31+00:00\",\"mainEntityOfPage\":{\"@id\":\"https:\\\/\\\/www.proclinic.es\\\/blog\\\/servicio-tecnico-integral-y-personalizado-para-instalacion-de-equipos-en-tu-clinica-dental-fadente\\\/\"},\"wordCount\":234,\"commentCount\":1,\"image\":{\"@id\":\"https:\\\/\\\/www.proclinic.es\\\/blog\\\/servicio-tecnico-integral-y-personalizado-para-instalacion-de-equipos-en-tu-clinica-dental-fadente\\\/#primaryimage\"},\"thumbnailUrl\":\"https:\\\/\\\/www.proclinic.es\\\/blog\\\/wp-content\\\/uploads\\\/2020\\\/11\\\/servicio-tecnico-fadente.png\",\"keywords\":[\"atenci\u00f3n al cliente\",\"cl\u00ednica dental\",\"equipamiento\",\"fadente\",\"servicio tecnico\"],\"articleSection\":[\"Equipamiento dental\"],\"inLanguage\":\"es\",\"potentialAction\":[{\"@type\":\"CommentAction\",\"name\":\"Comment\",\"target\":[\"https:\\\/\\\/www.proclinic.es\\\/blog\\\/servicio-tecnico-integral-y-personalizado-para-instalacion-de-equipos-en-tu-clinica-dental-fadente\\\/#respond\"]}]},{\"@type\":\"WebPage\",\"@id\":\"https:\\\/\\\/www.proclinic.es\\\/blog\\\/servicio-tecnico-integral-y-personalizado-para-instalacion-de-equipos-en-tu-clinica-dental-fadente\\\/\",\"url\":\"https:\\\/\\\/www.proclinic.es\\\/blog\\\/servicio-tecnico-integral-y-personalizado-para-instalacion-de-equipos-en-tu-clinica-dental-fadente\\\/\",\"name\":\"Servicio t\u00e9cnico integral y personalizado para instalaci\u00f3n de equipos en tu cl\u00ednica dental Fadente - Blog Proclinic\",\"isPartOf\":{\"@id\":\"https:\\\/\\\/www.proclinic.es\\\/blog\\\/#website\"},\"primaryImageOfPage\":{\"@id\":\"https:\\\/\\\/www.proclinic.es\\\/blog\\\/servicio-tecnico-integral-y-personalizado-para-instalacion-de-equipos-en-tu-clinica-dental-fadente\\\/#primaryimage\"},\"image\":{\"@id\":\"https:\\\/\\\/www.proclinic.es\\\/blog\\\/servicio-tecnico-integral-y-personalizado-para-instalacion-de-equipos-en-tu-clinica-dental-fadente\\\/#primaryimage\"},\"thumbnailUrl\":\"https:\\\/\\\/www.proclinic.es\\\/blog\\\/wp-content\\\/uploads\\\/2020\\\/11\\\/servicio-tecnico-fadente.png\",\"datePublished\":\"2020-12-01T07:32:58+00:00\",\"dateModified\":\"2023-09-14T10:22:31+00:00\",\"author\":{\"@id\":\"https:\\\/\\\/www.proclinic.es\\\/blog\\\/#\\\/schema\\\/person\\\/85e304ea367ce3922003b0d8b388e527\"},\"breadcrumb\":{\"@id\":\"https:\\\/\\\/www.proclinic.es\\\/blog\\\/servicio-tecnico-integral-y-personalizado-para-instalacion-de-equipos-en-tu-clinica-dental-fadente\\\/#breadcrumb\"},\"inLanguage\":\"es\",\"potentialAction\":[{\"@type\":\"ReadAction\",\"target\":[\"https:\\\/\\\/www.proclinic.es\\\/blog\\\/servicio-tecnico-integral-y-personalizado-para-instalacion-de-equipos-en-tu-clinica-dental-fadente\\\/\"]}]},{\"@type\":\"ImageObject\",\"inLanguage\":\"es\",\"@id\":\"https:\\\/\\\/www.proclinic.es\\\/blog\\\/servicio-tecnico-integral-y-personalizado-para-instalacion-de-equipos-en-tu-clinica-dental-fadente\\\/#primaryimage\",\"url\":\"https:\\\/\\\/www.proclinic.es\\\/blog\\\/wp-content\\\/uploads\\\/2020\\\/11\\\/servicio-tecnico-fadente.png\",\"contentUrl\":\"https:\\\/\\\/www.proclinic.es\\\/blog\\\/wp-content\\\/uploads\\\/2020\\\/11\\\/servicio-tecnico-fadente.png\",\"width\":801,\"height\":601},{\"@type\":\"BreadcrumbList\",\"@id\":\"https:\\\/\\\/www.proclinic.es\\\/blog\\\/servicio-tecnico-integral-y-personalizado-para-instalacion-de-equipos-en-tu-clinica-dental-fadente\\\/#breadcrumb\",\"itemListElement\":[{\"@type\":\"ListItem\",\"position\":1,\"name\":\"Home\",\"item\":\"https:\\\/\\\/www.proclinic.es\\\/blog\\\/\"},{\"@type\":\"ListItem\",\"position\":2,\"name\":\"Servicio t\u00e9cnico integral y personalizado para instalaci\u00f3n de equipos en tu cl\u00ednica dental Fadente\"}]},{\"@type\":\"WebSite\",\"@id\":\"https:\\\/\\\/www.proclinic.es\\\/blog\\\/#website\",\"url\":\"https:\\\/\\\/www.proclinic.es\\\/blog\\\/\",\"name\":\"Blog Proclinic\",\"description\":\"\u00a1Bienvenido al blog de Proclinic! En este espacio, nos enfocamos en brindar informaci\u00f3n valiosa y actualizada para todos los profesionales del sector dental. Nuestra misi\u00f3n es mantenerte al d\u00eda de las \u00faltimas tendencias, investigaciones y t\u00e9cnicas en el campo de la odontolog\u00eda. Exploraremos temas que van desde las novedades en materiales odontol\u00f3gicos, consejos pr\u00e1cticos para la gesti\u00f3n de cl\u00ednicas dentales hasta casos cl\u00ednicos con base cient\u00edfica, eventos del sector y mucho m\u00e1s. Te invitamos a seguir nuestro contenido, dise\u00f1ado para mantener tu pr\u00e1ctica en la vanguardia de la odontolog\u00eda moderna.\",\"potentialAction\":[{\"@type\":\"SearchAction\",\"target\":{\"@type\":\"EntryPoint\",\"urlTemplate\":\"https:\\\/\\\/www.proclinic.es\\\/blog\\\/?s={search_term_string}\"},\"query-input\":{\"@type\":\"PropertyValueSpecification\",\"valueRequired\":true,\"valueName\":\"search_term_string\"}}],\"inLanguage\":\"es\"},{\"@type\":\"Person\",\"@id\":\"https:\\\/\\\/www.proclinic.es\\\/blog\\\/#\\\/schema\\\/person\\\/85e304ea367ce3922003b0d8b388e527\",\"name\":\"Anna\",\"image\":{\"@type\":\"ImageObject\",\"inLanguage\":\"es\",\"@id\":\"https:\\\/\\\/secure.gravatar.com\\\/avatar\\\/b8b19455b6924f97d0afcdeb2791066e8c8af798468c71e0fe7e686c5d0b49f4?s=96&d=mm&r=g\",\"url\":\"https:\\\/\\\/secure.gravatar.com\\\/avatar\\\/b8b19455b6924f97d0afcdeb2791066e8c8af798468c71e0fe7e686c5d0b49f4?s=96&d=mm&r=g\",\"contentUrl\":\"https:\\\/\\\/secure.gravatar.com\\\/avatar\\\/b8b19455b6924f97d0afcdeb2791066e8c8af798468c71e0fe7e686c5d0b49f4?s=96&d=mm&r=g\",\"caption\":\"Anna\"},\"description\":\"Community Manager\",\"url\":\"https:\\\/\\\/www.proclinic.es\\\/blog\\\/author\\\/anna\\\/\"}]}<\/script>\n<!-- \/ Yoast SEO plugin. -->","yoast_head_json":{"title":"Servicio t\u00e9cnico integral y personalizado para instalaci\u00f3n de equipos en tu cl\u00ednica dental Fadente - Blog Proclinic","robots":{"index":"index","follow":"follow","max-snippet":"max-snippet:-1","max-image-preview":"max-image-preview:large","max-video-preview":"max-video-preview:-1"},"canonical":"https:\/\/www.proclinic.es\/blog\/servicio-tecnico-integral-y-personalizado-para-instalacion-de-equipos-en-tu-clinica-dental-fadente\/","og_locale":"es_ES","og_type":"article","og_title":"Servicio t\u00e9cnico integral y personalizado para instalaci\u00f3n de equipos en tu cl\u00ednica dental Fadente - Blog Proclinic","og_description":"El servicio t\u00e9cnico es el canal m\u00e1s eficaz que tienen los usuarios con las empresas para solucionar incidencias o problemas y resolver dudas que puedan presentar los productos o servicios. En Fadente disponemos de personal t\u00e9cnico y especialistas digitales en plantilla distribuidos en todas nuestras delegaciones ubicados en: Madrid, Barcelona, Bilbao, Zaragoza, Valencia, Murcia, Alicante, ... Read more","og_url":"https:\/\/www.proclinic.es\/blog\/servicio-tecnico-integral-y-personalizado-para-instalacion-de-equipos-en-tu-clinica-dental-fadente\/","og_site_name":"Blog Proclinic","article_publisher":"https:\/\/www.facebook.com\/proclinicsa","article_published_time":"2020-12-01T07:32:58+00:00","article_modified_time":"2023-09-14T10:22:31+00:00","og_image":[{"width":801,"height":601,"url":"https:\/\/www.proclinic.es\/blog\/wp-content\/uploads\/2020\/11\/servicio-tecnico-fadente.png","type":"image\/png"}],"author":"Anna","twitter_card":"summary_large_image","twitter_creator":"@Proclinic_SA","twitter_site":"@Proclinic_SA","twitter_misc":{"Escrito por":"Anna","Tiempo de lectura":"1 minuto"},"schema":{"@context":"https:\/\/schema.org","@graph":[{"@type":"Article","@id":"https:\/\/www.proclinic.es\/blog\/servicio-tecnico-integral-y-personalizado-para-instalacion-de-equipos-en-tu-clinica-dental-fadente\/#article","isPartOf":{"@id":"https:\/\/www.proclinic.es\/blog\/servicio-tecnico-integral-y-personalizado-para-instalacion-de-equipos-en-tu-clinica-dental-fadente\/"},"author":{"name":"Anna","@id":"https:\/\/www.proclinic.es\/blog\/#\/schema\/person\/85e304ea367ce3922003b0d8b388e527"},"headline":"Servicio t\u00e9cnico integral y personalizado para instalaci\u00f3n de equipos en tu cl\u00ednica dental Fadente","datePublished":"2020-12-01T07:32:58+00:00","dateModified":"2023-09-14T10:22:31+00:00","mainEntityOfPage":{"@id":"https:\/\/www.proclinic.es\/blog\/servicio-tecnico-integral-y-personalizado-para-instalacion-de-equipos-en-tu-clinica-dental-fadente\/"},"wordCount":234,"commentCount":1,"image":{"@id":"https:\/\/www.proclinic.es\/blog\/servicio-tecnico-integral-y-personalizado-para-instalacion-de-equipos-en-tu-clinica-dental-fadente\/#primaryimage"},"thumbnailUrl":"https:\/\/www.proclinic.es\/blog\/wp-content\/uploads\/2020\/11\/servicio-tecnico-fadente.png","keywords":["atenci\u00f3n al cliente","cl\u00ednica dental","equipamiento","fadente","servicio tecnico"],"articleSection":["Equipamiento dental"],"inLanguage":"es","potentialAction":[{"@type":"CommentAction","name":"Comment","target":["https:\/\/www.proclinic.es\/blog\/servicio-tecnico-integral-y-personalizado-para-instalacion-de-equipos-en-tu-clinica-dental-fadente\/#respond"]}]},{"@type":"WebPage","@id":"https:\/\/www.proclinic.es\/blog\/servicio-tecnico-integral-y-personalizado-para-instalacion-de-equipos-en-tu-clinica-dental-fadente\/","url":"https:\/\/www.proclinic.es\/blog\/servicio-tecnico-integral-y-personalizado-para-instalacion-de-equipos-en-tu-clinica-dental-fadente\/","name":"Servicio t\u00e9cnico integral y personalizado para instalaci\u00f3n de equipos en tu cl\u00ednica dental Fadente - Blog Proclinic","isPartOf":{"@id":"https:\/\/www.proclinic.es\/blog\/#website"},"primaryImageOfPage":{"@id":"https:\/\/www.proclinic.es\/blog\/servicio-tecnico-integral-y-personalizado-para-instalacion-de-equipos-en-tu-clinica-dental-fadente\/#primaryimage"},"image":{"@id":"https:\/\/www.proclinic.es\/blog\/servicio-tecnico-integral-y-personalizado-para-instalacion-de-equipos-en-tu-clinica-dental-fadente\/#primaryimage"},"thumbnailUrl":"https:\/\/www.proclinic.es\/blog\/wp-content\/uploads\/2020\/11\/servicio-tecnico-fadente.png","datePublished":"2020-12-01T07:32:58+00:00","dateModified":"2023-09-14T10:22:31+00:00","author":{"@id":"https:\/\/www.proclinic.es\/blog\/#\/schema\/person\/85e304ea367ce3922003b0d8b388e527"},"breadcrumb":{"@id":"https:\/\/www.proclinic.es\/blog\/servicio-tecnico-integral-y-personalizado-para-instalacion-de-equipos-en-tu-clinica-dental-fadente\/#breadcrumb"},"inLanguage":"es","potentialAction":[{"@type":"ReadAction","target":["https:\/\/www.proclinic.es\/blog\/servicio-tecnico-integral-y-personalizado-para-instalacion-de-equipos-en-tu-clinica-dental-fadente\/"]}]},{"@type":"ImageObject","inLanguage":"es","@id":"https:\/\/www.proclinic.es\/blog\/servicio-tecnico-integral-y-personalizado-para-instalacion-de-equipos-en-tu-clinica-dental-fadente\/#primaryimage","url":"https:\/\/www.proclinic.es\/blog\/wp-content\/uploads\/2020\/11\/servicio-tecnico-fadente.png","contentUrl":"https:\/\/www.proclinic.es\/blog\/wp-content\/uploads\/2020\/11\/servicio-tecnico-fadente.png","width":801,"height":601},{"@type":"BreadcrumbList","@id":"https:\/\/www.proclinic.es\/blog\/servicio-tecnico-integral-y-personalizado-para-instalacion-de-equipos-en-tu-clinica-dental-fadente\/#breadcrumb","itemListElement":[{"@type":"ListItem","position":1,"name":"Home","item":"https:\/\/www.proclinic.es\/blog\/"},{"@type":"ListItem","position":2,"name":"Servicio t\u00e9cnico integral y personalizado para instalaci\u00f3n de equipos en tu cl\u00ednica dental Fadente"}]},{"@type":"WebSite","@id":"https:\/\/www.proclinic.es\/blog\/#website","url":"https:\/\/www.proclinic.es\/blog\/","name":"Blog Proclinic","description":"\u00a1Bienvenido al blog de Proclinic! En este espacio, nos enfocamos en brindar informaci\u00f3n valiosa y actualizada para todos los profesionales del sector dental. Nuestra misi\u00f3n es mantenerte al d\u00eda de las \u00faltimas tendencias, investigaciones y t\u00e9cnicas en el campo de la odontolog\u00eda. Exploraremos temas que van desde las novedades en materiales odontol\u00f3gicos, consejos pr\u00e1cticos para la gesti\u00f3n de cl\u00ednicas dentales hasta casos cl\u00ednicos con base cient\u00edfica, eventos del sector y mucho m\u00e1s. Te invitamos a seguir nuestro contenido, dise\u00f1ado para mantener tu pr\u00e1ctica en la vanguardia de la odontolog\u00eda moderna.","potentialAction":[{"@type":"SearchAction","target":{"@type":"EntryPoint","urlTemplate":"https:\/\/www.proclinic.es\/blog\/?s={search_term_string}"},"query-input":{"@type":"PropertyValueSpecification","valueRequired":true,"valueName":"search_term_string"}}],"inLanguage":"es"},{"@type":"Person","@id":"https:\/\/www.proclinic.es\/blog\/#\/schema\/person\/85e304ea367ce3922003b0d8b388e527","name":"Anna","image":{"@type":"ImageObject","inLanguage":"es","@id":"https:\/\/secure.gravatar.com\/avatar\/b8b19455b6924f97d0afcdeb2791066e8c8af798468c71e0fe7e686c5d0b49f4?s=96&d=mm&r=g","url":"https:\/\/secure.gravatar.com\/avatar\/b8b19455b6924f97d0afcdeb2791066e8c8af798468c71e0fe7e686c5d0b49f4?s=96&d=mm&r=g","contentUrl":"https:\/\/secure.gravatar.com\/avatar\/b8b19455b6924f97d0afcdeb2791066e8c8af798468c71e0fe7e686c5d0b49f4?s=96&d=mm&r=g","caption":"Anna"},"description":"Community Manager","url":"https:\/\/www.proclinic.es\/blog\/author\/anna\/"}]}},"jetpack_featured_media_url":"https:\/\/www.proclinic.es\/blog\/wp-content\/uploads\/2020\/11\/servicio-tecnico-fadente.png","_links":{"self":[{"href":"https:\/\/www.proclinic.es\/blog\/wp-json\/wp\/v2\/posts\/12598","targetHints":{"allow":["GET"]}}],"collection":[{"href":"https:\/\/www.proclinic.es\/blog\/wp-json\/wp\/v2\/posts"}],"about":[{"href":"https:\/\/www.proclinic.es\/blog\/wp-json\/wp\/v2\/types\/post"}],"author":[{"embeddable":true,"href":"https:\/\/www.proclinic.es\/blog\/wp-json\/wp\/v2\/users\/101011"}],"replies":[{"embeddable":true,"href":"https:\/\/www.proclinic.es\/blog\/wp-json\/wp\/v2\/comments?post=12598"}],"version-history":[{"count":3,"href":"https:\/\/www.proclinic.es\/blog\/wp-json\/wp\/v2\/posts\/12598\/revisions"}],"predecessor-version":[{"id":14246,"href":"https:\/\/www.proclinic.es\/blog\/wp-json\/wp\/v2\/posts\/12598\/revisions\/14246"}],"wp:featuredmedia":[{"embeddable":true,"href":"https:\/\/www.proclinic.es\/blog\/wp-json\/wp\/v2\/media\/12599"}],"wp:attachment":[{"href":"https:\/\/www.proclinic.es\/blog\/wp-json\/wp\/v2\/media?parent=12598"}],"wp:term":[{"taxonomy":"category","embeddable":true,"href":"https:\/\/www.proclinic.es\/blog\/wp-json\/wp\/v2\/categories?post=12598"},{"taxonomy":"post_tag","embeddable":true,"href":"https:\/\/www.proclinic.es\/blog\/wp-json\/wp\/v2\/tags?post=12598"}],"curies":[{"name":"wp","href":"https:\/\/api.w.org\/{rel}","templated":true}]}}