{"id":12475,"date":"2020-09-07T09:00:35","date_gmt":"2020-09-07T07:00:35","guid":{"rendered":"https:\/\/www.proclinic.es\/blog\/?p=12475"},"modified":"2020-09-03T16:34:03","modified_gmt":"2020-09-03T14:34:03","slug":"como-proteger-los-ojos-frente-al-covid-19-recomendaciones-para-dentistas","status":"publish","type":"post","link":"https:\/\/www.proclinic.es\/blog\/como-proteger-los-ojos-frente-al-covid-19-recomendaciones-para-dentistas\/","title":{"rendered":"\u00bfC\u00f3mo proteger los ojos frente al COVID-19? Recomendaciones para dentistas"},"content":{"rendered":"\n<p>Una de las frecuentes v\u00edas de <strong>transmisi\u00f3n del COVID-19<\/strong>\nen la pr\u00e1ctica de la odontolog\u00eda es la respiratoria; a trav\u00e9s de las gotas que\npuede expulsar una persona contagiada al hablar, toser o estornudar y a trav\u00e9s\nde la <strong>generaci\u00f3n de aerosoles<\/strong>. Esto puede producirse por contacto\ndirecto con mucosas (ocular, nasal o bucal) o a trav\u00e9s de la contaminaci\u00f3n\ncruzada causada por el contacto de superficies con manos o guantes\ncontaminados. <\/p>\n\n\n\n<p>La mayor\u00eda de los tratamientos llevados a cabo en las <strong>cl\u00ednicas dentales<\/strong> precisan de la utilizaci\u00f3n de aparatolog\u00eda que produce gran cantidad de aerosoles, como pueden ser turbinas, aparatos de ultrasonidos, jeringas de aire\/agua, etc. Para reducir el riesgo de transmisi\u00f3n es imprescindible el <strong><a href=\"https:\/\/www.proclinic.es\/blog\/reapertura-de-la-clinica-dental-proteccion-frente-al-covid-19\/\" target=\"_blank\" rel=\"noreferrer noopener\" aria-label=\" (opens in a new tab)\">uso de equipos de protecci\u00f3n individual (EPI)<\/a><\/strong> por parte del personal sanitario.<\/p>\n\n\n\n<p>En referencia a la <strong>protecci\u00f3n ocular, <\/strong>existen\ndiferentes tipos de EPI que deben elegirse en funci\u00f3n del tratamiento a\nrealizar. Estos EPI pueden ser gafas de protecci\u00f3n, pantallas faciales y\/o\ngafas estancas. <\/p>\n\n\n\n<div id=\"ez-toc-container\" class=\"ez-toc-v2_0_76 counter-hierarchy ez-toc-counter ez-toc-white ez-toc-container-direction\">\n<div class=\"ez-toc-title-container\">\n<p class=\"ez-toc-title\" style=\"cursor:inherit\">\u00cdndice de contenidos<\/p>\n<span class=\"ez-toc-title-toggle\"><a href=\"#\" class=\"ez-toc-pull-right ez-toc-btn ez-toc-btn-xs ez-toc-btn-default ez-toc-toggle\" aria-label=\"Toggle Table of Content\"><span class=\"ez-toc-js-icon-con\"><span class=\"\"><span class=\"eztoc-hide\" style=\"display:none;\">Toggle<\/span><span class=\"ez-toc-icon-toggle-span\"><svg style=\"fill: #0098a7;color:#0098a7\" xmlns=\"http:\/\/www.w3.org\/2000\/svg\" class=\"list-377408\" width=\"20px\" height=\"20px\" viewBox=\"0 0 24 24\" fill=\"none\"><path d=\"M6 6H4v2h2V6zm14 0H8v2h12V6zM4 11h2v2H4v-2zm16 0H8v2h12v-2zM4 16h2v2H4v-2zm16 0H8v2h12v-2z\" fill=\"currentColor\"><\/path><\/svg><svg style=\"fill: #0098a7;color:#0098a7\" class=\"arrow-unsorted-368013\" xmlns=\"http:\/\/www.w3.org\/2000\/svg\" width=\"10px\" height=\"10px\" viewBox=\"0 0 24 24\" version=\"1.2\" baseProfile=\"tiny\"><path d=\"M18.2 9.3l-6.2-6.3-6.2 6.3c-.2.2-.3.4-.3.7s.1.5.3.7c.2.2.4.3.7.3h11c.3 0 .5-.1.7-.3.2-.2.3-.5.3-.7s-.1-.5-.3-.7zM5.8 14.7l6.2 6.3 6.2-6.3c.2-.2.3-.5.3-.7s-.1-.5-.3-.7c-.2-.2-.4-.3-.7-.3h-11c-.3 0-.5.1-.7.3-.2.2-.3.5-.3.7s.1.5.3.7z\"\/><\/svg><\/span><\/span><\/span><\/a><\/span><\/div>\n<nav><ul class='ez-toc-list ez-toc-list-level-1 ' ><li class='ez-toc-page-1 ez-toc-heading-level-1'><a class=\"ez-toc-link ez-toc-heading-1\" href=\"https:\/\/www.proclinic.es\/blog\/como-proteger-los-ojos-frente-al-covid-19-recomendaciones-para-dentistas\/#%C2%BFCOMO_ELEGIR_LA_PROTECCION_OCULAR_ADECUADA\" >\u00bfC\u00d3MO ELEGIR LA PROTECCI\u00d3N OCULAR\nADECUADA?<\/a><ul class='ez-toc-list-level-2' ><li class='ez-toc-heading-level-2'><a class=\"ez-toc-link ez-toc-heading-2\" href=\"https:\/\/www.proclinic.es\/blog\/como-proteger-los-ojos-frente-al-covid-19-recomendaciones-para-dentistas\/#Actividades_odontologicas_sin_generacion_o_baja_generacion_de_aerosoles\" >Actividades\nodontol\u00f3gicas sin generaci\u00f3n o baja generaci\u00f3n de aerosoles:<\/a><\/li><li class='ez-toc-page-1 ez-toc-heading-level-2'><a class=\"ez-toc-link ez-toc-heading-3\" href=\"https:\/\/www.proclinic.es\/blog\/como-proteger-los-ojos-frente-al-covid-19-recomendaciones-para-dentistas\/#Actividades_odontologicas_con_alta_generacion_de_aerosoles\" >Actividades\nodontol\u00f3gicas con alta generaci\u00f3n de aerosoles:<\/a><\/li><\/ul><\/li><\/ul><\/nav><\/div>\n<h1 class=\"wp-block-heading\"><span class=\"ez-toc-section\" id=\"%C2%BFCOMO_ELEGIR_LA_PROTECCION_OCULAR_ADECUADA\"><\/span><strong>\u00bfC\u00d3MO ELEGIR LA PROTECCI\u00d3N OCULAR\nADECUADA?<\/strong><span class=\"ez-toc-section-end\"><\/span><\/h1>\n\n\n\n<p>A la hora de escoger el tipo de protecci\u00f3n ocular adecuado a\ncada intervenci\u00f3n se deber\u00e1n tener en cuenta los siguientes factores:<\/p>\n\n\n\n<p>&#8211; Los equipos de protecci\u00f3n ocular no deber\u00e1n limitar el campo visual ni la respiraci\u00f3n del usuario. &#8211; En caso de llevar gafas se deber\u00e1 optar por un equipo compatible con el uso de estas. <\/p>\n\n\n\n<p>&#8211; Deber\u00e1n adecuarse a la norma europea de equipos de\nprotecci\u00f3n ocular y facial que regulan este tipo de EPI: UNE-EN 166:2002. <\/p>\n\n\n\n<p>&#8211; Cuando se utilicen conjuntamente varios <a rel=\"noreferrer noopener\" aria-label=\" (opens in a new tab)\" href=\"https:\/\/www.proclinic.es\/tienda\/epicovid\" target=\"_blank\">equipos de protecci\u00f3n individual<\/a>, se debe asegurar la compatibilidad entre ellos. Esto es particularmente importante cuando deben usarse simult\u00e1neamente mascarilla y gafas para que la hermeticidad de estos no se vea comprometida. Con el fin de evitar que las gafas se empa\u00f1en es adecuado el uso de <strong><a href=\"https:\/\/www.proclinic.es\/tienda\/toallita-gamuza-antivaho-foogy\" target=\"_blank\" rel=\"noreferrer noopener\" aria-label=\" (opens in a new tab)\">productos con efecto antivaho.<\/a><\/strong><\/p>\n\n\n\n<h2 class=\"wp-block-heading\"><span class=\"ez-toc-section\" id=\"Actividades_odontologicas_sin_generacion_o_baja_generacion_de_aerosoles\"><\/span><strong>Actividades\nodontol\u00f3gicas sin generaci\u00f3n o baja generaci\u00f3n de aerosoles:<\/strong><span class=\"ez-toc-section-end\"><\/span><\/h2>\n\n\n\n<p>Estas actividades se componen por tratamientos que pueden realizarse\ncon el compresor apagado y en las que no es necesario el uso de aparatolog\u00eda\nque produce aerosoles. Est\u00e1 indicado el uso de estas protecciones al manipular\nel instrumental para su desinfecci\u00f3n, ya que existe riesgo de salpicaduras.<\/p>\n\n\n\n<p><strong>&#8211; Protector facial.<\/strong><\/p>\n\n\n\n<p><a href=\"https:\/\/www.proclinic.es\/tienda\/visera-de-proteccion-soporte\" target=\"_blank\" rel=\"noreferrer noopener\" aria-label=\" (opens in a new tab)\">Visera de protecci\u00f3n + soporte<\/a><\/p>\n\n\n\n<div class=\"wp-block-image\"><figure class=\"aligncenter\"><img loading=\"lazy\" decoding=\"async\" width=\"700\" height=\"700\" src=\"https:\/\/www.proclinic.es\/blog\/wp-content\/uploads\/2020\/09\/49958.png\" alt=\"\" class=\"wp-image-12478\" srcset=\"https:\/\/www.proclinic.es\/blog\/wp-content\/uploads\/2020\/09\/49958.png 700w, https:\/\/www.proclinic.es\/blog\/wp-content\/uploads\/2020\/09\/49958-300x300.png 300w, https:\/\/www.proclinic.es\/blog\/wp-content\/uploads\/2020\/09\/49958-150x150.png 150w\" sizes=\"auto, (max-width: 700px) 100vw, 700px\" \/><\/figure><\/div>\n\n\n\n<p><strong>&#8211; Gafas de protecci\u00f3n.<\/strong><\/p>\n\n\n\n<p><a href=\"https:\/\/www.proclinic.es\/tienda\/gafas-protectoras-transparentes\" target=\"_blank\" rel=\"noreferrer noopener\" aria-label=\" (opens in a new tab)\">Gafas de protecci\u00f3n ocular transparentes<\/a> <\/p>\n\n\n\n<div class=\"wp-block-image\"><figure class=\"aligncenter\"><img loading=\"lazy\" decoding=\"async\" width=\"600\" height=\"600\" src=\"https:\/\/www.proclinic.es\/blog\/wp-content\/uploads\/2020\/09\/15874.jpg\" alt=\"\" class=\"wp-image-12479\" srcset=\"https:\/\/www.proclinic.es\/blog\/wp-content\/uploads\/2020\/09\/15874.jpg 600w, https:\/\/www.proclinic.es\/blog\/wp-content\/uploads\/2020\/09\/15874-300x300.jpg 300w, https:\/\/www.proclinic.es\/blog\/wp-content\/uploads\/2020\/09\/15874-150x150.jpg 150w\" sizes=\"auto, (max-width: 600px) 100vw, 600px\" \/><\/figure><\/div>\n\n\n\n<h2 class=\"wp-block-heading\"><span class=\"ez-toc-section\" id=\"Actividades_odontologicas_con_alta_generacion_de_aerosoles\"><\/span><strong>Actividades\nodontol\u00f3gicas con alta generaci\u00f3n de aerosoles:<\/strong><span class=\"ez-toc-section-end\"><\/span><\/h2>\n\n\n\n<p>Incluyen la gran mayor\u00eda de tratamientos que se realizan en\nla cl\u00ednica dental, como el uso de la jeringa de aire\/agua, ultrasonidos y la\nutilizaci\u00f3n de aparatolog\u00eda rotatoria que produce aerosoles.<\/p>\n\n\n\n<p><strong>&#8211; Gafas estancas.<\/strong><\/p>\n\n\n\n<p><a href=\"https:\/\/www.proclinic.es\/tienda\/gafas-de-proteccion-estancas-panoramicas\" target=\"_blank\" rel=\"noreferrer noopener\" aria-label=\" (opens in a new tab)\">Gafas de protecci\u00f3n ocular estancas panor\u00e1micas<\/a><\/p>\n\n\n\n<div class=\"wp-block-image\"><figure class=\"aligncenter\"><img loading=\"lazy\" decoding=\"async\" width=\"600\" height=\"600\" src=\"https:\/\/www.proclinic.es\/blog\/wp-content\/uploads\/2020\/09\/17854.jpg\" alt=\"\" class=\"wp-image-12480\" srcset=\"https:\/\/www.proclinic.es\/blog\/wp-content\/uploads\/2020\/09\/17854.jpg 600w, https:\/\/www.proclinic.es\/blog\/wp-content\/uploads\/2020\/09\/17854-300x300.jpg 300w, https:\/\/www.proclinic.es\/blog\/wp-content\/uploads\/2020\/09\/17854-150x150.jpg 150w\" sizes=\"auto, (max-width: 600px) 100vw, 600px\" \/><\/figure><\/div>\n\n\n\n<p>Si deseas adquirir otros equipos de protecci\u00f3n individual frente al COVID-19, entra en nuestra web. <a href=\"https:\/\/www.proclinic.es\/tienda\/epicovid\" target=\"_blank\" rel=\"noreferrer noopener\" aria-label=\" (opens in a new tab)\">https:\/\/www.proclinic.es\/tienda\/epicovid<\/a><\/p>\n","protected":false},"excerpt":{"rendered":"<p>Una de las frecuentes v\u00edas de transmisi\u00f3n del COVID-19 en la pr\u00e1ctica de la odontolog\u00eda es la respiratoria; a trav\u00e9s de las gotas que puede expulsar una persona contagiada al hablar, toser o estornudar y a trav\u00e9s de la generaci\u00f3n de aerosoles. Esto puede producirse por contacto directo con mucosas (ocular, nasal o bucal) o &#8230; <a title=\"\u00bfC\u00f3mo proteger los ojos frente al COVID-19? Recomendaciones para dentistas\" class=\"read-more\" href=\"https:\/\/www.proclinic.es\/blog\/como-proteger-los-ojos-frente-al-covid-19-recomendaciones-para-dentistas\/\" aria-label=\"More on \u00bfC\u00f3mo proteger los ojos frente al COVID-19? Recomendaciones para dentistas\">Read more<\/a><\/p>\n","protected":false},"author":101011,"featured_media":12477,"comment_status":"open","ping_status":"open","sticky":false,"template":"","format":"standard","meta":{"footnotes":""},"categories":[49],"tags":[502,543,542,544,545],"class_list":["post-12475","post","type-post","status-publish","format-standard","has-post-thumbnail","hentry","category-clinica-dental","tag-covid19","tag-gafas-protectoras","tag-proteccion-ocular","tag-proteger-los-ojos","tag-visera-de-proteccion"],"yoast_head":"<!-- This site is optimized with the Yoast SEO plugin v27.4 - https:\/\/yoast.com\/product\/yoast-seo-wordpress\/ -->\n<title>\u00bfC\u00f3mo proteger los ojos frente al COVID-19? Recomendaciones para dentistas - Blog Proclinic<\/title>\n<meta name=\"robots\" content=\"index, follow, max-snippet:-1, max-image-preview:large, max-video-preview:-1\" \/>\n<link rel=\"canonical\" href=\"https:\/\/www.proclinic.es\/blog\/como-proteger-los-ojos-frente-al-covid-19-recomendaciones-para-dentistas\/\" \/>\n<meta property=\"og:locale\" content=\"es_ES\" \/>\n<meta property=\"og:type\" content=\"article\" \/>\n<meta property=\"og:title\" content=\"\u00bfC\u00f3mo proteger los ojos frente al COVID-19? Recomendaciones para dentistas - Blog Proclinic\" \/>\n<meta property=\"og:description\" content=\"Una de las frecuentes v\u00edas de transmisi\u00f3n del COVID-19 en la pr\u00e1ctica de la odontolog\u00eda es la respiratoria; a trav\u00e9s de las gotas que puede expulsar una persona contagiada al hablar, toser o estornudar y a trav\u00e9s de la generaci\u00f3n de aerosoles. Esto puede producirse por contacto directo con mucosas (ocular, nasal o bucal) o ... Read more\" \/>\n<meta property=\"og:url\" content=\"https:\/\/www.proclinic.es\/blog\/como-proteger-los-ojos-frente-al-covid-19-recomendaciones-para-dentistas\/\" \/>\n<meta property=\"og:site_name\" content=\"Blog Proclinic\" \/>\n<meta property=\"article:publisher\" content=\"https:\/\/www.facebook.com\/proclinicsa\" \/>\n<meta property=\"article:published_time\" content=\"2020-09-07T07:00:35+00:00\" \/>\n<meta property=\"og:image\" content=\"https:\/\/www.proclinic.es\/blog\/wp-content\/uploads\/2020\/09\/Mesa-de-trabajo-22.png\" \/>\n\t<meta property=\"og:image:width\" content=\"801\" \/>\n\t<meta property=\"og:image:height\" content=\"601\" \/>\n\t<meta property=\"og:image:type\" content=\"image\/png\" \/>\n<meta name=\"author\" content=\"Anna\" \/>\n<meta name=\"twitter:card\" content=\"summary_large_image\" \/>\n<meta name=\"twitter:creator\" content=\"@Proclinic_SA\" \/>\n<meta name=\"twitter:site\" content=\"@Proclinic_SA\" \/>\n<meta name=\"twitter:label1\" content=\"Escrito por\" \/>\n\t<meta name=\"twitter:data1\" content=\"Anna\" \/>\n\t<meta name=\"twitter:label2\" content=\"Tiempo de lectura\" \/>\n\t<meta name=\"twitter:data2\" content=\"2 minutos\" \/>\n<script type=\"application\/ld+json\" class=\"yoast-schema-graph\">{\"@context\":\"https:\\\/\\\/schema.org\",\"@graph\":[{\"@type\":\"Article\",\"@id\":\"https:\\\/\\\/www.proclinic.es\\\/blog\\\/como-proteger-los-ojos-frente-al-covid-19-recomendaciones-para-dentistas\\\/#article\",\"isPartOf\":{\"@id\":\"https:\\\/\\\/www.proclinic.es\\\/blog\\\/como-proteger-los-ojos-frente-al-covid-19-recomendaciones-para-dentistas\\\/\"},\"author\":{\"name\":\"Anna\",\"@id\":\"https:\\\/\\\/www.proclinic.es\\\/blog\\\/#\\\/schema\\\/person\\\/85e304ea367ce3922003b0d8b388e527\"},\"headline\":\"\u00bfC\u00f3mo proteger los ojos frente al COVID-19? Recomendaciones para dentistas\",\"datePublished\":\"2020-09-07T07:00:35+00:00\",\"mainEntityOfPage\":{\"@id\":\"https:\\\/\\\/www.proclinic.es\\\/blog\\\/como-proteger-los-ojos-frente-al-covid-19-recomendaciones-para-dentistas\\\/\"},\"wordCount\":503,\"commentCount\":1,\"image\":{\"@id\":\"https:\\\/\\\/www.proclinic.es\\\/blog\\\/como-proteger-los-ojos-frente-al-covid-19-recomendaciones-para-dentistas\\\/#primaryimage\"},\"thumbnailUrl\":\"https:\\\/\\\/www.proclinic.es\\\/blog\\\/wp-content\\\/uploads\\\/2020\\\/09\\\/Mesa-de-trabajo-22.png\",\"keywords\":[\"covid19\",\"gafas protectoras\",\"protecci\u00f3n ocular\",\"proteger los ojos\",\"visera de protecci\u00f3n\"],\"articleSection\":[\"Cl\u00ednica Dental\"],\"inLanguage\":\"es\",\"potentialAction\":[{\"@type\":\"CommentAction\",\"name\":\"Comment\",\"target\":[\"https:\\\/\\\/www.proclinic.es\\\/blog\\\/como-proteger-los-ojos-frente-al-covid-19-recomendaciones-para-dentistas\\\/#respond\"]}]},{\"@type\":\"WebPage\",\"@id\":\"https:\\\/\\\/www.proclinic.es\\\/blog\\\/como-proteger-los-ojos-frente-al-covid-19-recomendaciones-para-dentistas\\\/\",\"url\":\"https:\\\/\\\/www.proclinic.es\\\/blog\\\/como-proteger-los-ojos-frente-al-covid-19-recomendaciones-para-dentistas\\\/\",\"name\":\"\u00bfC\u00f3mo proteger los ojos frente al COVID-19? Recomendaciones para dentistas - Blog Proclinic\",\"isPartOf\":{\"@id\":\"https:\\\/\\\/www.proclinic.es\\\/blog\\\/#website\"},\"primaryImageOfPage\":{\"@id\":\"https:\\\/\\\/www.proclinic.es\\\/blog\\\/como-proteger-los-ojos-frente-al-covid-19-recomendaciones-para-dentistas\\\/#primaryimage\"},\"image\":{\"@id\":\"https:\\\/\\\/www.proclinic.es\\\/blog\\\/como-proteger-los-ojos-frente-al-covid-19-recomendaciones-para-dentistas\\\/#primaryimage\"},\"thumbnailUrl\":\"https:\\\/\\\/www.proclinic.es\\\/blog\\\/wp-content\\\/uploads\\\/2020\\\/09\\\/Mesa-de-trabajo-22.png\",\"datePublished\":\"2020-09-07T07:00:35+00:00\",\"author\":{\"@id\":\"https:\\\/\\\/www.proclinic.es\\\/blog\\\/#\\\/schema\\\/person\\\/85e304ea367ce3922003b0d8b388e527\"},\"breadcrumb\":{\"@id\":\"https:\\\/\\\/www.proclinic.es\\\/blog\\\/como-proteger-los-ojos-frente-al-covid-19-recomendaciones-para-dentistas\\\/#breadcrumb\"},\"inLanguage\":\"es\",\"potentialAction\":[{\"@type\":\"ReadAction\",\"target\":[\"https:\\\/\\\/www.proclinic.es\\\/blog\\\/como-proteger-los-ojos-frente-al-covid-19-recomendaciones-para-dentistas\\\/\"]}]},{\"@type\":\"ImageObject\",\"inLanguage\":\"es\",\"@id\":\"https:\\\/\\\/www.proclinic.es\\\/blog\\\/como-proteger-los-ojos-frente-al-covid-19-recomendaciones-para-dentistas\\\/#primaryimage\",\"url\":\"https:\\\/\\\/www.proclinic.es\\\/blog\\\/wp-content\\\/uploads\\\/2020\\\/09\\\/Mesa-de-trabajo-22.png\",\"contentUrl\":\"https:\\\/\\\/www.proclinic.es\\\/blog\\\/wp-content\\\/uploads\\\/2020\\\/09\\\/Mesa-de-trabajo-22.png\",\"width\":801,\"height\":601},{\"@type\":\"BreadcrumbList\",\"@id\":\"https:\\\/\\\/www.proclinic.es\\\/blog\\\/como-proteger-los-ojos-frente-al-covid-19-recomendaciones-para-dentistas\\\/#breadcrumb\",\"itemListElement\":[{\"@type\":\"ListItem\",\"position\":1,\"name\":\"Home\",\"item\":\"https:\\\/\\\/www.proclinic.es\\\/blog\\\/\"},{\"@type\":\"ListItem\",\"position\":2,\"name\":\"\u00bfC\u00f3mo proteger los ojos frente al COVID-19? Recomendaciones para dentistas\"}]},{\"@type\":\"WebSite\",\"@id\":\"https:\\\/\\\/www.proclinic.es\\\/blog\\\/#website\",\"url\":\"https:\\\/\\\/www.proclinic.es\\\/blog\\\/\",\"name\":\"Blog Proclinic\",\"description\":\"\u00a1Bienvenido al blog de Proclinic! En este espacio, nos enfocamos en brindar informaci\u00f3n valiosa y actualizada para todos los profesionales del sector dental. Nuestra misi\u00f3n es mantenerte al d\u00eda de las \u00faltimas tendencias, investigaciones y t\u00e9cnicas en el campo de la odontolog\u00eda. Exploraremos temas que van desde las novedades en materiales odontol\u00f3gicos, consejos pr\u00e1cticos para la gesti\u00f3n de cl\u00ednicas dentales hasta casos cl\u00ednicos con base cient\u00edfica, eventos del sector y mucho m\u00e1s. Te invitamos a seguir nuestro contenido, dise\u00f1ado para mantener tu pr\u00e1ctica en la vanguardia de la odontolog\u00eda moderna.\",\"potentialAction\":[{\"@type\":\"SearchAction\",\"target\":{\"@type\":\"EntryPoint\",\"urlTemplate\":\"https:\\\/\\\/www.proclinic.es\\\/blog\\\/?s={search_term_string}\"},\"query-input\":{\"@type\":\"PropertyValueSpecification\",\"valueRequired\":true,\"valueName\":\"search_term_string\"}}],\"inLanguage\":\"es\"},{\"@type\":\"Person\",\"@id\":\"https:\\\/\\\/www.proclinic.es\\\/blog\\\/#\\\/schema\\\/person\\\/85e304ea367ce3922003b0d8b388e527\",\"name\":\"Anna\",\"image\":{\"@type\":\"ImageObject\",\"inLanguage\":\"es\",\"@id\":\"https:\\\/\\\/secure.gravatar.com\\\/avatar\\\/b8b19455b6924f97d0afcdeb2791066e8c8af798468c71e0fe7e686c5d0b49f4?s=96&d=mm&r=g\",\"url\":\"https:\\\/\\\/secure.gravatar.com\\\/avatar\\\/b8b19455b6924f97d0afcdeb2791066e8c8af798468c71e0fe7e686c5d0b49f4?s=96&d=mm&r=g\",\"contentUrl\":\"https:\\\/\\\/secure.gravatar.com\\\/avatar\\\/b8b19455b6924f97d0afcdeb2791066e8c8af798468c71e0fe7e686c5d0b49f4?s=96&d=mm&r=g\",\"caption\":\"Anna\"},\"description\":\"Community Manager\",\"url\":\"https:\\\/\\\/www.proclinic.es\\\/blog\\\/author\\\/anna\\\/\"}]}<\/script>\n<!-- \/ Yoast SEO plugin. -->","yoast_head_json":{"title":"\u00bfC\u00f3mo proteger los ojos frente al COVID-19? Recomendaciones para dentistas - Blog Proclinic","robots":{"index":"index","follow":"follow","max-snippet":"max-snippet:-1","max-image-preview":"max-image-preview:large","max-video-preview":"max-video-preview:-1"},"canonical":"https:\/\/www.proclinic.es\/blog\/como-proteger-los-ojos-frente-al-covid-19-recomendaciones-para-dentistas\/","og_locale":"es_ES","og_type":"article","og_title":"\u00bfC\u00f3mo proteger los ojos frente al COVID-19? Recomendaciones para dentistas - Blog Proclinic","og_description":"Una de las frecuentes v\u00edas de transmisi\u00f3n del COVID-19 en la pr\u00e1ctica de la odontolog\u00eda es la respiratoria; a trav\u00e9s de las gotas que puede expulsar una persona contagiada al hablar, toser o estornudar y a trav\u00e9s de la generaci\u00f3n de aerosoles. Esto puede producirse por contacto directo con mucosas (ocular, nasal o bucal) o ... Read more","og_url":"https:\/\/www.proclinic.es\/blog\/como-proteger-los-ojos-frente-al-covid-19-recomendaciones-para-dentistas\/","og_site_name":"Blog Proclinic","article_publisher":"https:\/\/www.facebook.com\/proclinicsa","article_published_time":"2020-09-07T07:00:35+00:00","og_image":[{"width":801,"height":601,"url":"https:\/\/www.proclinic.es\/blog\/wp-content\/uploads\/2020\/09\/Mesa-de-trabajo-22.png","type":"image\/png"}],"author":"Anna","twitter_card":"summary_large_image","twitter_creator":"@Proclinic_SA","twitter_site":"@Proclinic_SA","twitter_misc":{"Escrito por":"Anna","Tiempo de lectura":"2 minutos"},"schema":{"@context":"https:\/\/schema.org","@graph":[{"@type":"Article","@id":"https:\/\/www.proclinic.es\/blog\/como-proteger-los-ojos-frente-al-covid-19-recomendaciones-para-dentistas\/#article","isPartOf":{"@id":"https:\/\/www.proclinic.es\/blog\/como-proteger-los-ojos-frente-al-covid-19-recomendaciones-para-dentistas\/"},"author":{"name":"Anna","@id":"https:\/\/www.proclinic.es\/blog\/#\/schema\/person\/85e304ea367ce3922003b0d8b388e527"},"headline":"\u00bfC\u00f3mo proteger los ojos frente al COVID-19? Recomendaciones para dentistas","datePublished":"2020-09-07T07:00:35+00:00","mainEntityOfPage":{"@id":"https:\/\/www.proclinic.es\/blog\/como-proteger-los-ojos-frente-al-covid-19-recomendaciones-para-dentistas\/"},"wordCount":503,"commentCount":1,"image":{"@id":"https:\/\/www.proclinic.es\/blog\/como-proteger-los-ojos-frente-al-covid-19-recomendaciones-para-dentistas\/#primaryimage"},"thumbnailUrl":"https:\/\/www.proclinic.es\/blog\/wp-content\/uploads\/2020\/09\/Mesa-de-trabajo-22.png","keywords":["covid19","gafas protectoras","protecci\u00f3n ocular","proteger los ojos","visera de protecci\u00f3n"],"articleSection":["Cl\u00ednica Dental"],"inLanguage":"es","potentialAction":[{"@type":"CommentAction","name":"Comment","target":["https:\/\/www.proclinic.es\/blog\/como-proteger-los-ojos-frente-al-covid-19-recomendaciones-para-dentistas\/#respond"]}]},{"@type":"WebPage","@id":"https:\/\/www.proclinic.es\/blog\/como-proteger-los-ojos-frente-al-covid-19-recomendaciones-para-dentistas\/","url":"https:\/\/www.proclinic.es\/blog\/como-proteger-los-ojos-frente-al-covid-19-recomendaciones-para-dentistas\/","name":"\u00bfC\u00f3mo proteger los ojos frente al COVID-19? Recomendaciones para dentistas - Blog Proclinic","isPartOf":{"@id":"https:\/\/www.proclinic.es\/blog\/#website"},"primaryImageOfPage":{"@id":"https:\/\/www.proclinic.es\/blog\/como-proteger-los-ojos-frente-al-covid-19-recomendaciones-para-dentistas\/#primaryimage"},"image":{"@id":"https:\/\/www.proclinic.es\/blog\/como-proteger-los-ojos-frente-al-covid-19-recomendaciones-para-dentistas\/#primaryimage"},"thumbnailUrl":"https:\/\/www.proclinic.es\/blog\/wp-content\/uploads\/2020\/09\/Mesa-de-trabajo-22.png","datePublished":"2020-09-07T07:00:35+00:00","author":{"@id":"https:\/\/www.proclinic.es\/blog\/#\/schema\/person\/85e304ea367ce3922003b0d8b388e527"},"breadcrumb":{"@id":"https:\/\/www.proclinic.es\/blog\/como-proteger-los-ojos-frente-al-covid-19-recomendaciones-para-dentistas\/#breadcrumb"},"inLanguage":"es","potentialAction":[{"@type":"ReadAction","target":["https:\/\/www.proclinic.es\/blog\/como-proteger-los-ojos-frente-al-covid-19-recomendaciones-para-dentistas\/"]}]},{"@type":"ImageObject","inLanguage":"es","@id":"https:\/\/www.proclinic.es\/blog\/como-proteger-los-ojos-frente-al-covid-19-recomendaciones-para-dentistas\/#primaryimage","url":"https:\/\/www.proclinic.es\/blog\/wp-content\/uploads\/2020\/09\/Mesa-de-trabajo-22.png","contentUrl":"https:\/\/www.proclinic.es\/blog\/wp-content\/uploads\/2020\/09\/Mesa-de-trabajo-22.png","width":801,"height":601},{"@type":"BreadcrumbList","@id":"https:\/\/www.proclinic.es\/blog\/como-proteger-los-ojos-frente-al-covid-19-recomendaciones-para-dentistas\/#breadcrumb","itemListElement":[{"@type":"ListItem","position":1,"name":"Home","item":"https:\/\/www.proclinic.es\/blog\/"},{"@type":"ListItem","position":2,"name":"\u00bfC\u00f3mo proteger los ojos frente al COVID-19? Recomendaciones para dentistas"}]},{"@type":"WebSite","@id":"https:\/\/www.proclinic.es\/blog\/#website","url":"https:\/\/www.proclinic.es\/blog\/","name":"Blog Proclinic","description":"\u00a1Bienvenido al blog de Proclinic! En este espacio, nos enfocamos en brindar informaci\u00f3n valiosa y actualizada para todos los profesionales del sector dental. Nuestra misi\u00f3n es mantenerte al d\u00eda de las \u00faltimas tendencias, investigaciones y t\u00e9cnicas en el campo de la odontolog\u00eda. Exploraremos temas que van desde las novedades en materiales odontol\u00f3gicos, consejos pr\u00e1cticos para la gesti\u00f3n de cl\u00ednicas dentales hasta casos cl\u00ednicos con base cient\u00edfica, eventos del sector y mucho m\u00e1s. Te invitamos a seguir nuestro contenido, dise\u00f1ado para mantener tu pr\u00e1ctica en la vanguardia de la odontolog\u00eda moderna.","potentialAction":[{"@type":"SearchAction","target":{"@type":"EntryPoint","urlTemplate":"https:\/\/www.proclinic.es\/blog\/?s={search_term_string}"},"query-input":{"@type":"PropertyValueSpecification","valueRequired":true,"valueName":"search_term_string"}}],"inLanguage":"es"},{"@type":"Person","@id":"https:\/\/www.proclinic.es\/blog\/#\/schema\/person\/85e304ea367ce3922003b0d8b388e527","name":"Anna","image":{"@type":"ImageObject","inLanguage":"es","@id":"https:\/\/secure.gravatar.com\/avatar\/b8b19455b6924f97d0afcdeb2791066e8c8af798468c71e0fe7e686c5d0b49f4?s=96&d=mm&r=g","url":"https:\/\/secure.gravatar.com\/avatar\/b8b19455b6924f97d0afcdeb2791066e8c8af798468c71e0fe7e686c5d0b49f4?s=96&d=mm&r=g","contentUrl":"https:\/\/secure.gravatar.com\/avatar\/b8b19455b6924f97d0afcdeb2791066e8c8af798468c71e0fe7e686c5d0b49f4?s=96&d=mm&r=g","caption":"Anna"},"description":"Community Manager","url":"https:\/\/www.proclinic.es\/blog\/author\/anna\/"}]}},"jetpack_featured_media_url":"https:\/\/www.proclinic.es\/blog\/wp-content\/uploads\/2020\/09\/Mesa-de-trabajo-22.png","_links":{"self":[{"href":"https:\/\/www.proclinic.es\/blog\/wp-json\/wp\/v2\/posts\/12475","targetHints":{"allow":["GET"]}}],"collection":[{"href":"https:\/\/www.proclinic.es\/blog\/wp-json\/wp\/v2\/posts"}],"about":[{"href":"https:\/\/www.proclinic.es\/blog\/wp-json\/wp\/v2\/types\/post"}],"author":[{"embeddable":true,"href":"https:\/\/www.proclinic.es\/blog\/wp-json\/wp\/v2\/users\/101011"}],"replies":[{"embeddable":true,"href":"https:\/\/www.proclinic.es\/blog\/wp-json\/wp\/v2\/comments?post=12475"}],"version-history":[{"count":3,"href":"https:\/\/www.proclinic.es\/blog\/wp-json\/wp\/v2\/posts\/12475\/revisions"}],"predecessor-version":[{"id":12482,"href":"https:\/\/www.proclinic.es\/blog\/wp-json\/wp\/v2\/posts\/12475\/revisions\/12482"}],"wp:featuredmedia":[{"embeddable":true,"href":"https:\/\/www.proclinic.es\/blog\/wp-json\/wp\/v2\/media\/12477"}],"wp:attachment":[{"href":"https:\/\/www.proclinic.es\/blog\/wp-json\/wp\/v2\/media?parent=12475"}],"wp:term":[{"taxonomy":"category","embeddable":true,"href":"https:\/\/www.proclinic.es\/blog\/wp-json\/wp\/v2\/categories?post=12475"},{"taxonomy":"post_tag","embeddable":true,"href":"https:\/\/www.proclinic.es\/blog\/wp-json\/wp\/v2\/tags?post=12475"}],"curies":[{"name":"wp","href":"https:\/\/api.w.org\/{rel}","templated":true}]}}