{"id":12450,"date":"2020-07-13T09:00:40","date_gmt":"2020-07-13T07:00:40","guid":{"rendered":"https:\/\/www.proclinic.es\/blog\/?p=12450"},"modified":"2020-07-10T12:37:26","modified_gmt":"2020-07-10T10:37:26","slug":"lo-ultimo-en-tecnologia-de-carestream-dental-disponible-en-fadente","status":"publish","type":"post","link":"https:\/\/www.proclinic.es\/blog\/lo-ultimo-en-tecnologia-de-carestream-dental-disponible-en-fadente\/","title":{"rendered":"Lo \u00faltimo en tecnolog\u00eda de Carestream Dental disponible en Fadente"},"content":{"rendered":"\n<p><strong>Lo \u00faltimo en tecnolog\u00eda de Carestream Dental\ndisponible en Fadente<\/strong><\/p>\n\n\n\n<p>En Fadente nos adaptamos a tus necesidades, por eso, ponemos a tu disposici\u00f3n una amplia variedad de equipos <strong>Carestream Dental<\/strong> de alta tecnolog\u00eda para que puedas encontrar la soluci\u00f3n que encaje mejor con tu cl\u00ednica. <\/p>\n\n\n\n<p><\/p>\n\n\n\n<p><\/p>\n\n\n\n<div id=\"ez-toc-container\" class=\"ez-toc-v2_0_76 counter-hierarchy ez-toc-counter ez-toc-white ez-toc-container-direction\">\n<div class=\"ez-toc-title-container\">\n<p class=\"ez-toc-title\" style=\"cursor:inherit\">\u00cdndice de contenidos<\/p>\n<span class=\"ez-toc-title-toggle\"><a href=\"#\" class=\"ez-toc-pull-right ez-toc-btn ez-toc-btn-xs ez-toc-btn-default ez-toc-toggle\" aria-label=\"Toggle Table of Content\"><span class=\"ez-toc-js-icon-con\"><span class=\"\"><span class=\"eztoc-hide\" style=\"display:none;\">Toggle<\/span><span class=\"ez-toc-icon-toggle-span\"><svg style=\"fill: #0098a7;color:#0098a7\" xmlns=\"http:\/\/www.w3.org\/2000\/svg\" class=\"list-377408\" width=\"20px\" height=\"20px\" viewBox=\"0 0 24 24\" fill=\"none\"><path d=\"M6 6H4v2h2V6zm14 0H8v2h12V6zM4 11h2v2H4v-2zm16 0H8v2h12v-2zM4 16h2v2H4v-2zm16 0H8v2h12v-2z\" fill=\"currentColor\"><\/path><\/svg><svg style=\"fill: #0098a7;color:#0098a7\" class=\"arrow-unsorted-368013\" xmlns=\"http:\/\/www.w3.org\/2000\/svg\" width=\"10px\" height=\"10px\" viewBox=\"0 0 24 24\" version=\"1.2\" baseProfile=\"tiny\"><path d=\"M18.2 9.3l-6.2-6.3-6.2 6.3c-.2.2-.3.4-.3.7s.1.5.3.7c.2.2.4.3.7.3h11c.3 0 .5-.1.7-.3.2-.2.3-.5.3-.7s-.1-.5-.3-.7zM5.8 14.7l6.2 6.3 6.2-6.3c.2-.2.3-.5.3-.7s-.1-.5-.3-.7c-.2-.2-.4-.3-.7-.3h-11c-.3 0-.5.1-.7.3-.2.2-.3.5-.3.7s.1.5.3.7z\"\/><\/svg><\/span><\/span><\/span><\/a><\/span><\/div>\n<nav><ul class='ez-toc-list ez-toc-list-level-1 ' ><li class='ez-toc-page-1 ez-toc-heading-level-1'><a class=\"ez-toc-link ez-toc-heading-1\" href=\"https:\/\/www.proclinic.es\/blog\/lo-ultimo-en-tecnologia-de-carestream-dental-disponible-en-fadente\/#EQUIPOS_DE_RADIOLOGIA_3D\" >EQUIPOS DE RADIOLOG\u00cdA\n3D<\/a><ul class='ez-toc-list-level-2' ><li class='ez-toc-heading-level-2'><a class=\"ez-toc-link ez-toc-heading-2\" href=\"https:\/\/www.proclinic.es\/blog\/lo-ultimo-en-tecnologia-de-carestream-dental-disponible-en-fadente\/#CS_8100\" >CS 8100<\/a><\/li><li class='ez-toc-page-1 ez-toc-heading-level-2'><a class=\"ez-toc-link ez-toc-heading-3\" href=\"https:\/\/www.proclinic.es\/blog\/lo-ultimo-en-tecnologia-de-carestream-dental-disponible-en-fadente\/#PRINCIPALES_VENTAJAS\" >PRINCIPALES\nVENTAJAS<\/a><\/li><li class='ez-toc-page-1 ez-toc-heading-level-2'><a class=\"ez-toc-link ez-toc-heading-4\" href=\"https:\/\/www.proclinic.es\/blog\/lo-ultimo-en-tecnologia-de-carestream-dental-disponible-en-fadente\/#3D\" >3D<\/a><\/li><li class='ez-toc-page-1 ez-toc-heading-level-2'><a class=\"ez-toc-link ez-toc-heading-5\" href=\"https:\/\/www.proclinic.es\/blog\/lo-ultimo-en-tecnologia-de-carestream-dental-disponible-en-fadente\/#CS_9600\" >CS 9600<\/a><\/li><li class='ez-toc-page-1 ez-toc-heading-level-2'><a class=\"ez-toc-link ez-toc-heading-6\" href=\"https:\/\/www.proclinic.es\/blog\/lo-ultimo-en-tecnologia-de-carestream-dental-disponible-en-fadente\/#PRINCIPALES_VENTAJAS-2\" >PRINCIPALES VENTAJAS<\/a><\/li><li class='ez-toc-page-1 ez-toc-heading-level-2'><a class=\"ez-toc-link ez-toc-heading-7\" href=\"https:\/\/www.proclinic.es\/blog\/lo-ultimo-en-tecnologia-de-carestream-dental-disponible-en-fadente\/#12%C3%9710_EDITION\" >12&#215;10 EDITION<\/a><\/li><li class='ez-toc-page-1 ez-toc-heading-level-2'><a class=\"ez-toc-link ez-toc-heading-8\" href=\"https:\/\/www.proclinic.es\/blog\/lo-ultimo-en-tecnologia-de-carestream-dental-disponible-en-fadente\/#16%C3%9710_EDITION\" >16&#215;10 EDITION<\/a><\/li><li class='ez-toc-page-1 ez-toc-heading-level-2'><a class=\"ez-toc-link ez-toc-heading-9\" href=\"https:\/\/www.proclinic.es\/blog\/lo-ultimo-en-tecnologia-de-carestream-dental-disponible-en-fadente\/#16%C3%9717_EDITION\" >16&#215;17 EDITION<\/a><\/li><\/ul><\/li><li class='ez-toc-page-1 ez-toc-heading-level-1'><a class=\"ez-toc-link ez-toc-heading-10\" href=\"https:\/\/www.proclinic.es\/blog\/lo-ultimo-en-tecnologia-de-carestream-dental-disponible-en-fadente\/#ESCANER_INTRAORAL\" >ESC\u00c1NER\nINTRAORAL<\/a><ul class='ez-toc-list-level-2' ><li class='ez-toc-heading-level-2'><a class=\"ez-toc-link ez-toc-heading-11\" href=\"https:\/\/www.proclinic.es\/blog\/lo-ultimo-en-tecnologia-de-carestream-dental-disponible-en-fadente\/#CS_3600\" >CS 3600<\/a><\/li><li class='ez-toc-page-1 ez-toc-heading-level-2'><a class=\"ez-toc-link ez-toc-heading-12\" href=\"https:\/\/www.proclinic.es\/blog\/lo-ultimo-en-tecnologia-de-carestream-dental-disponible-en-fadente\/#PRINCIPALES_VENTAJAS-3\" >PRINCIPALES VENTAJAS<\/a><\/li><\/ul><\/li><\/ul><\/nav><\/div>\n<h1 class=\"wp-block-heading\"><span class=\"ez-toc-section\" id=\"EQUIPOS_DE_RADIOLOGIA_3D\"><\/span><strong>EQUIPOS DE RADIOLOG\u00cdA\n3D<\/strong><span class=\"ez-toc-section-end\"><\/span><\/h1>\n\n\n\n<h2 class=\"wp-block-heading\"><span class=\"ez-toc-section\" id=\"CS_8100\"><\/span><strong>CS 8100<\/strong><span class=\"ez-toc-section-end\"><\/span><\/h2>\n\n\n\n<p><strong>Odontolog\u00eda digital con\nla m\u00e1xima exactitud<\/strong><\/p>\n\n\n\n<p>El <strong><a href=\"http:\/\/www.fadente.es\/producto\/carestream-cs-8100\/\" target=\"_blank\" rel=\"noreferrer noopener\" aria-label=\"CS 8100 3D (opens in a new tab)\">CS 8100 3D<\/a><\/strong> pone las ventajas de la radiolog\u00eda 2D y 3D al alcance del odont\u00f3logo general, periodoncista, endodoncista y otros especialistas del sector. Todas las funciones se han renovado y redefinido para eliminar los obst\u00e1culos que supone el cambio a la radiolog\u00eda 2D\/3D, haci\u00e9ndola m\u00e1s potente, f\u00e1cil de usar y econ\u00f3mica.<br> <br> <\/p>\n\n\n\n<p>Este sistema ofrece a tu cl\u00ednica cuatro ventajas principales: <\/p>\n\n\n\n<ul class=\"wp-block-list\"><li>Versatilidad: te ofrece la versatilidad de un sistema\nmultifuncional con la posibilidad de ampliar tus servicios.<\/li><li>Comodidad: para ex\u00e1menes perfectos, tanto para los\nodont\u00f3logos como para los pacientes.<\/li><li>Sin complejidades: la imagen de alta precisi\u00f3n que\nnecesitas para un diagn\u00f3stico m\u00e1s exacto<\/li><li>Excelente acceso: en\nt\u00e9rminos de econom\u00eda, uso compartido y facilidad de integraci\u00f3n.<\/li><\/ul>\n\n\n\n<p><\/p>\n\n\n\n<h2 class=\"wp-block-heading\"><span class=\"ez-toc-section\" id=\"PRINCIPALES_VENTAJAS\"><\/span><strong>PRINCIPALES\nVENTAJAS<\/strong><span class=\"ez-toc-section-end\"><\/span><\/h2>\n\n\n\n<ul class=\"wp-block-list\"><li>Campos de visi\u00f3n seleccionables y programas vers\u00e1tiles.<\/li><li>Colocaci\u00f3n del paciente intuitiva y c\u00f3moda.<\/li><li>Canal de enfoque mejorado y 3 programas\u00a0anat\u00f3micos.<\/li><li>Compacto. Se integra f\u00e1cilmente en tu cl\u00ednica.<\/li><li>Sensores CMOS: im\u00e1genes extremadamente n\u00edtidas y detalles de alto contraste.<\/li><\/ul>\n\n\n\n<h2 class=\"wp-block-heading\"><span class=\"ez-toc-section\" id=\"3D\"><\/span><strong>3D<\/strong><span class=\"ez-toc-section-end\"><\/span><\/h2>\n\n\n\n<ul class=\"wp-block-list\"><li>Tiempo r\u00e1pido de exploraci\u00f3n: 7 segundos.<\/li><li>4 FOV: 4&#215;4, 5&#215;5, 8&#215;5, 8&#215;9.<\/li><li>Im\u00e1genes de alta resoluci\u00f3n: desde 75\u00b5m.<\/li><li>Captura de Dicom nativo.<\/li><\/ul>\n\n\n\n<div class=\"wp-block-image\"><figure class=\"aligncenter\"><img loading=\"lazy\" decoding=\"async\" width=\"1600\" height=\"1069\" src=\"https:\/\/www.proclinic.es\/blog\/wp-content\/uploads\/2020\/07\/CS-8100-fadente-proclinic-carestream-radiologia.jpg\" alt=\"\" class=\"wp-image-12452\" srcset=\"https:\/\/www.proclinic.es\/blog\/wp-content\/uploads\/2020\/07\/CS-8100-fadente-proclinic-carestream-radiologia.jpg 1600w, https:\/\/www.proclinic.es\/blog\/wp-content\/uploads\/2020\/07\/CS-8100-fadente-proclinic-carestream-radiologia-300x200.jpg 300w, https:\/\/www.proclinic.es\/blog\/wp-content\/uploads\/2020\/07\/CS-8100-fadente-proclinic-carestream-radiologia-800x535.jpg 800w, https:\/\/www.proclinic.es\/blog\/wp-content\/uploads\/2020\/07\/CS-8100-fadente-proclinic-carestream-radiologia-768x513.jpg 768w, https:\/\/www.proclinic.es\/blog\/wp-content\/uploads\/2020\/07\/CS-8100-fadente-proclinic-carestream-radiologia-1536x1026.jpg 1536w\" sizes=\"auto, (max-width: 1600px) 100vw, 1600px\" \/><\/figure><\/div>\n\n\n\n<p><\/p>\n\n\n\n<h2 class=\"wp-block-heading\"><span class=\"ez-toc-section\" id=\"CS_9600\"><\/span><strong>CS 9600<\/strong><span class=\"ez-toc-section-end\"><\/span><\/h2>\n\n\n\n<p><strong>M\u00e1s inteligente y optimizado que nunca.<\/strong><br><br>Con el nuevo m\u00f3dulo de exploraci\u00f3n cefalom\u00e9trica junto con otras innovaciones, el sistema\u00a0CBCT es ahora m\u00e1s sofisticado y vers\u00e1til que nunca<strong>. El <a href=\"http:\/\/www.fadente.es\/producto\/carestream-cs-9600\/\" target=\"_blank\" rel=\"noreferrer noopener\" aria-label=\"CS\u00a09600 (opens in a new tab)\">CS\u00a09600<\/a> redefine la calidad y el uso<\/strong>, lo que lo convierte en el sistema de adquisici\u00f3n de im\u00e1genes id\u00f3neo para los profesionales dentales y especialistas que desean obtener el m\u00e1ximo nivel de precisi\u00f3n.<\/p>\n\n\n\n<p><\/p>\n\n\n\n<h2 class=\"wp-block-heading\"><span class=\"ez-toc-section\" id=\"PRINCIPALES_VENTAJAS-2\"><\/span>PRINCIPALES VENTAJAS<span class=\"ez-toc-section-end\"><\/span><\/h2>\n\n\n\n<ul class=\"wp-block-list\"><li>Esc\u00e1ner 5\u00a0en\u00a01 ampliable, dise\u00f1ado para crecer al ritmo de la consulta.<\/li><li>Innovaciones inteligentes que mejoran la precisi\u00f3n en cada examen.<\/li><li>Posicionamiento basado en inteligencia artificial que ayuda a conseguir resultados consistentes sin esfuerzo.<\/li><li>Im\u00e1genes n\u00edtidas con artefactos y ruido reducidos.<\/li><li>Rango m\u00e1s amplio de tama\u00f1os de volumen con hasta 14\u00a0campos de visi\u00f3n.<\/li><\/ul>\n\n\n\n<h2 class=\"wp-block-heading\"><span class=\"ez-toc-section\" id=\"12%C3%9710_EDITION\"><\/span>12&#215;10 EDITION<span class=\"ez-toc-section-end\"><\/span><\/h2>\n\n\n\n<p>\u2022 Campo de\nvisi\u00f3n: desde 4&#215;4 hasta 12&#215;10.<\/p>\n\n\n\n<p>\u2022 Ideal para\nimplantes, cirug\u00eda bucal, endodoncia y Odontolog\u00eda general.<\/p>\n\n\n\n<h2 class=\"wp-block-heading\"><span class=\"ez-toc-section\" id=\"16%C3%9710_EDITION\"><\/span>16&#215;10 EDITION<span class=\"ez-toc-section-end\"><\/span><\/h2>\n\n\n\n<p>\u2022 Campo de\nvisi\u00f3n: desde 4&#215;4 hasta 16&#215;10.<\/p>\n\n\n\n<p>\u2022 Ideal para\ncasos de implantes complejos, periodoncia, cirug\u00eda bucal y la mayor\u00eda de\ncirug\u00edas maxilofaciales.<\/p>\n\n\n\n<h2 class=\"wp-block-heading\"><span class=\"ez-toc-section\" id=\"16%C3%9717_EDITION\"><\/span>16&#215;17 EDITION<span class=\"ez-toc-section-end\"><\/span><\/h2>\n\n\n\n<p>\u2022 Campo de\nvisi\u00f3n: desde 4&#215;4 hasta 16&#215;17.<\/p>\n\n\n\n<p>\u2022 Para todas\nlas necesidades, incluida cirug\u00eda maxilofacial y ortogn\u00e1tica<\/p>\n\n\n\n<div class=\"wp-block-image\"><figure class=\"aligncenter\"><img loading=\"lazy\" decoding=\"async\" width=\"500\" height=\"500\" src=\"https:\/\/www.proclinic.es\/blog\/wp-content\/uploads\/2020\/07\/CS-9600-carestream-fadente-proclinic-radiologia.jpg\" alt=\"\" class=\"wp-image-12453\" srcset=\"https:\/\/www.proclinic.es\/blog\/wp-content\/uploads\/2020\/07\/CS-9600-carestream-fadente-proclinic-radiologia.jpg 500w, https:\/\/www.proclinic.es\/blog\/wp-content\/uploads\/2020\/07\/CS-9600-carestream-fadente-proclinic-radiologia-300x300.jpg 300w, https:\/\/www.proclinic.es\/blog\/wp-content\/uploads\/2020\/07\/CS-9600-carestream-fadente-proclinic-radiologia-150x150.jpg 150w\" sizes=\"auto, (max-width: 500px) 100vw, 500px\" \/><\/figure><\/div>\n\n\n\n<p><\/p>\n\n\n\n<p><\/p>\n\n\n\n<h1 class=\"wp-block-heading\"><span class=\"ez-toc-section\" id=\"ESCANER_INTRAORAL\"><\/span><strong>ESC\u00c1NER\nINTRAORAL<\/strong><span class=\"ez-toc-section-end\"><\/span><\/h1>\n\n\n\n<h2 class=\"wp-block-heading\"><span class=\"ez-toc-section\" id=\"CS_3600\"><\/span><strong>CS 3600<\/strong><span class=\"ez-toc-section-end\"><\/span><\/h2>\n\n\n\n<p><strong>Descubre una\nforma m\u00e1s inteligente de explorar.<\/strong><\/p>\n\n\n\n<p>Si en tu cl\u00ednica se tratan casos de restauraciones, ortodoncia o implantes, el <strong>esc\u00e1ner intraoral <a href=\"http:\/\/www.fadente.es\/producto\/cs-3600\/\" target=\"_blank\" rel=\"noreferrer noopener\" aria-label=\"CS 3600  (opens in a new tab)\">CS 3600 <\/a>de Carestream Dental <\/strong>pone la exploraci\u00f3n inteligente a tu alcance. Gracias a la captura de impresiones digitales de forma r\u00e1pida, sencilla y precisa, tanto t\u00fa como tus pacientes obtendr\u00e9is grandes ventajas de la planificaci\u00f3n del tratamiento mejorada y el flujo de trabajo optimizado.<\/p>\n\n\n\n<div class=\"wp-block-image\"><figure class=\"aligncenter\"><img loading=\"lazy\" decoding=\"async\" width=\"1280\" height=\"720\" src=\"https:\/\/www.proclinic.es\/blog\/wp-content\/uploads\/2020\/07\/CS-3600-escaner-intraoral-carestream-fadente-proclinic.jpg\" alt=\"\" class=\"wp-image-12454\" srcset=\"https:\/\/www.proclinic.es\/blog\/wp-content\/uploads\/2020\/07\/CS-3600-escaner-intraoral-carestream-fadente-proclinic.jpg 1280w, https:\/\/www.proclinic.es\/blog\/wp-content\/uploads\/2020\/07\/CS-3600-escaner-intraoral-carestream-fadente-proclinic-300x169.jpg 300w, https:\/\/www.proclinic.es\/blog\/wp-content\/uploads\/2020\/07\/CS-3600-escaner-intraoral-carestream-fadente-proclinic-800x450.jpg 800w, https:\/\/www.proclinic.es\/blog\/wp-content\/uploads\/2020\/07\/CS-3600-escaner-intraoral-carestream-fadente-proclinic-768x432.jpg 768w\" sizes=\"auto, (max-width: 1280px) 100vw, 1280px\" \/><\/figure><\/div>\n\n\n\n<p><\/p>\n\n\n\n<h2 class=\"wp-block-heading\"><span class=\"ez-toc-section\" id=\"PRINCIPALES_VENTAJAS-3\"><\/span>PRINCIPALES VENTAJAS<span class=\"ez-toc-section-end\"><\/span><\/h2>\n\n\n\n<p><strong>Exploraci\u00f3n continua de alta velocidad:\u00a0<\/strong><\/p>\n\n\n\n<ul class=\"wp-block-list\"><li>Las exclusivas funciones de exploraci\u00f3n continua reducen significativamente el tiempo que se tarda en adquirir un escaneo. Los pacientes pasan menos tiempo en el sill\u00f3n de tratamiento mientras adquieres f\u00e1cilmente toda la informaci\u00f3n esencial que necesitas para crear una impresi\u00f3n en tiempo r\u00e9cord.<\/li><li>Explora de forma eficiente e ininterrumpida.<\/li><li>Adquiere exploraciones de arcada doble de forma r\u00e1pida y sencilla.<\/li><li>Elimina los efectos del temblor de manos o de movimiento de los pacientes entre las vistas sucesivas para obtener impresiones digitales m\u00e1s precisas.<\/li><li>Un amplio intervalo focal proporciona la flexibilidad que necesitas durante la exploraci\u00f3n.<\/li><li>Adquiere exploraciones \u00f3ptimas sin tener que mantener el esc\u00e1ner a una distancia fija.<\/li><li><strong>Adaptaci\u00f3n en cualquier lugar y en cualquier momento:\u00a0<\/strong>Con el sistema de adaptaci\u00f3n inteligente puedes completar la informaci\u00f3n que falte en cualquier \u00e1rea.<\/li><li>Dir\u00edgete a cualquier posici\u00f3n en la boca en cualquier momento durante el proceso de exploraci\u00f3n para completar los datos que falten.<\/li><li>No es necesario indicar una ubicaci\u00f3n exacta en el sistema; simplemente despl\u00e1zate y explora.<\/li><\/ul>\n\n\n\n<p>Cont\u00e1ctanos y obt\u00e9n m\u00e1s informaci\u00f3n sobre los equipos Carestream Dental que podr\u00e1s encontrar en<strong><a href=\"http:\/\/www.fadente.es\"> www.fadente.es<\/a><\/strong><\/p>\n\n\n\n<p><\/p>\n\n\n\n<p><\/p>\n","protected":false},"excerpt":{"rendered":"<p>Lo \u00faltimo en tecnolog\u00eda de Carestream Dental disponible en Fadente En Fadente nos adaptamos a tus necesidades, por eso, ponemos a tu disposici\u00f3n una amplia variedad de equipos Carestream Dental de alta tecnolog\u00eda para que puedas encontrar la soluci\u00f3n que encaje mejor con tu cl\u00ednica. EQUIPOS DE RADIOLOG\u00cdA 3D CS 8100 Odontolog\u00eda digital con la &#8230; <a title=\"Lo \u00faltimo en tecnolog\u00eda de Carestream Dental disponible en Fadente\" class=\"read-more\" href=\"https:\/\/www.proclinic.es\/blog\/lo-ultimo-en-tecnologia-de-carestream-dental-disponible-en-fadente\/\" aria-label=\"More on Lo \u00faltimo en tecnolog\u00eda de Carestream Dental disponible en Fadente\">Read more<\/a><\/p>\n","protected":false},"author":101011,"featured_media":12457,"comment_status":"open","ping_status":"open","sticky":false,"template":"","format":"standard","meta":{"footnotes":""},"categories":[53],"tags":[],"class_list":["post-12450","post","type-post","status-publish","format-standard","has-post-thumbnail","hentry","category-equipamiento-dental"],"yoast_head":"<!-- This site is optimized with the Yoast SEO plugin v27.4 - https:\/\/yoast.com\/product\/yoast-seo-wordpress\/ -->\n<title>Lo \u00faltimo en tecnolog\u00eda de Carestream Dental disponible en Fadente - Blog Proclinic<\/title>\n<meta name=\"robots\" content=\"index, follow, max-snippet:-1, max-image-preview:large, max-video-preview:-1\" \/>\n<link rel=\"canonical\" href=\"https:\/\/www.proclinic.es\/blog\/lo-ultimo-en-tecnologia-de-carestream-dental-disponible-en-fadente\/\" \/>\n<meta property=\"og:locale\" content=\"es_ES\" \/>\n<meta property=\"og:type\" content=\"article\" \/>\n<meta property=\"og:title\" content=\"Lo \u00faltimo en tecnolog\u00eda de Carestream Dental disponible en Fadente - Blog Proclinic\" \/>\n<meta property=\"og:description\" content=\"Lo \u00faltimo en tecnolog\u00eda de Carestream Dental disponible en Fadente En Fadente nos adaptamos a tus necesidades, por eso, ponemos a tu disposici\u00f3n una amplia variedad de equipos Carestream Dental de alta tecnolog\u00eda para que puedas encontrar la soluci\u00f3n que encaje mejor con tu cl\u00ednica. EQUIPOS DE RADIOLOG\u00cdA 3D CS 8100 Odontolog\u00eda digital con la ... Read more\" \/>\n<meta property=\"og:url\" content=\"https:\/\/www.proclinic.es\/blog\/lo-ultimo-en-tecnologia-de-carestream-dental-disponible-en-fadente\/\" \/>\n<meta property=\"og:site_name\" content=\"Blog Proclinic\" \/>\n<meta property=\"article:publisher\" content=\"https:\/\/www.facebook.com\/proclinicsa\" \/>\n<meta property=\"article:published_time\" content=\"2020-07-13T07:00:40+00:00\" \/>\n<meta property=\"og:image\" content=\"https:\/\/www.proclinic.es\/blog\/wp-content\/uploads\/2020\/07\/Mesa-de-trabajo-2.png\" \/>\n\t<meta property=\"og:image:width\" content=\"801\" \/>\n\t<meta property=\"og:image:height\" content=\"601\" \/>\n\t<meta property=\"og:image:type\" content=\"image\/png\" \/>\n<meta name=\"author\" content=\"Anna\" \/>\n<meta name=\"twitter:card\" content=\"summary_large_image\" \/>\n<meta name=\"twitter:creator\" content=\"@Proclinic_SA\" \/>\n<meta name=\"twitter:site\" content=\"@Proclinic_SA\" \/>\n<meta name=\"twitter:label1\" content=\"Escrito por\" \/>\n\t<meta name=\"twitter:data1\" content=\"Anna\" \/>\n\t<meta name=\"twitter:label2\" content=\"Tiempo de lectura\" \/>\n\t<meta name=\"twitter:data2\" content=\"4 minutos\" \/>\n<script type=\"application\/ld+json\" class=\"yoast-schema-graph\">{\"@context\":\"https:\\\/\\\/schema.org\",\"@graph\":[{\"@type\":\"Article\",\"@id\":\"https:\\\/\\\/www.proclinic.es\\\/blog\\\/lo-ultimo-en-tecnologia-de-carestream-dental-disponible-en-fadente\\\/#article\",\"isPartOf\":{\"@id\":\"https:\\\/\\\/www.proclinic.es\\\/blog\\\/lo-ultimo-en-tecnologia-de-carestream-dental-disponible-en-fadente\\\/\"},\"author\":{\"name\":\"Anna\",\"@id\":\"https:\\\/\\\/www.proclinic.es\\\/blog\\\/#\\\/schema\\\/person\\\/85e304ea367ce3922003b0d8b388e527\"},\"headline\":\"Lo \u00faltimo en tecnolog\u00eda de Carestream Dental disponible en Fadente\",\"datePublished\":\"2020-07-13T07:00:40+00:00\",\"mainEntityOfPage\":{\"@id\":\"https:\\\/\\\/www.proclinic.es\\\/blog\\\/lo-ultimo-en-tecnologia-de-carestream-dental-disponible-en-fadente\\\/\"},\"wordCount\":777,\"commentCount\":2,\"image\":{\"@id\":\"https:\\\/\\\/www.proclinic.es\\\/blog\\\/lo-ultimo-en-tecnologia-de-carestream-dental-disponible-en-fadente\\\/#primaryimage\"},\"thumbnailUrl\":\"https:\\\/\\\/www.proclinic.es\\\/blog\\\/wp-content\\\/uploads\\\/2020\\\/07\\\/Mesa-de-trabajo-2.png\",\"articleSection\":[\"Equipamiento dental\"],\"inLanguage\":\"es\",\"potentialAction\":[{\"@type\":\"CommentAction\",\"name\":\"Comment\",\"target\":[\"https:\\\/\\\/www.proclinic.es\\\/blog\\\/lo-ultimo-en-tecnologia-de-carestream-dental-disponible-en-fadente\\\/#respond\"]}]},{\"@type\":\"WebPage\",\"@id\":\"https:\\\/\\\/www.proclinic.es\\\/blog\\\/lo-ultimo-en-tecnologia-de-carestream-dental-disponible-en-fadente\\\/\",\"url\":\"https:\\\/\\\/www.proclinic.es\\\/blog\\\/lo-ultimo-en-tecnologia-de-carestream-dental-disponible-en-fadente\\\/\",\"name\":\"Lo \u00faltimo en tecnolog\u00eda de Carestream Dental disponible en Fadente - Blog Proclinic\",\"isPartOf\":{\"@id\":\"https:\\\/\\\/www.proclinic.es\\\/blog\\\/#website\"},\"primaryImageOfPage\":{\"@id\":\"https:\\\/\\\/www.proclinic.es\\\/blog\\\/lo-ultimo-en-tecnologia-de-carestream-dental-disponible-en-fadente\\\/#primaryimage\"},\"image\":{\"@id\":\"https:\\\/\\\/www.proclinic.es\\\/blog\\\/lo-ultimo-en-tecnologia-de-carestream-dental-disponible-en-fadente\\\/#primaryimage\"},\"thumbnailUrl\":\"https:\\\/\\\/www.proclinic.es\\\/blog\\\/wp-content\\\/uploads\\\/2020\\\/07\\\/Mesa-de-trabajo-2.png\",\"datePublished\":\"2020-07-13T07:00:40+00:00\",\"author\":{\"@id\":\"https:\\\/\\\/www.proclinic.es\\\/blog\\\/#\\\/schema\\\/person\\\/85e304ea367ce3922003b0d8b388e527\"},\"breadcrumb\":{\"@id\":\"https:\\\/\\\/www.proclinic.es\\\/blog\\\/lo-ultimo-en-tecnologia-de-carestream-dental-disponible-en-fadente\\\/#breadcrumb\"},\"inLanguage\":\"es\",\"potentialAction\":[{\"@type\":\"ReadAction\",\"target\":[\"https:\\\/\\\/www.proclinic.es\\\/blog\\\/lo-ultimo-en-tecnologia-de-carestream-dental-disponible-en-fadente\\\/\"]}]},{\"@type\":\"ImageObject\",\"inLanguage\":\"es\",\"@id\":\"https:\\\/\\\/www.proclinic.es\\\/blog\\\/lo-ultimo-en-tecnologia-de-carestream-dental-disponible-en-fadente\\\/#primaryimage\",\"url\":\"https:\\\/\\\/www.proclinic.es\\\/blog\\\/wp-content\\\/uploads\\\/2020\\\/07\\\/Mesa-de-trabajo-2.png\",\"contentUrl\":\"https:\\\/\\\/www.proclinic.es\\\/blog\\\/wp-content\\\/uploads\\\/2020\\\/07\\\/Mesa-de-trabajo-2.png\",\"width\":801,\"height\":601},{\"@type\":\"BreadcrumbList\",\"@id\":\"https:\\\/\\\/www.proclinic.es\\\/blog\\\/lo-ultimo-en-tecnologia-de-carestream-dental-disponible-en-fadente\\\/#breadcrumb\",\"itemListElement\":[{\"@type\":\"ListItem\",\"position\":1,\"name\":\"Home\",\"item\":\"https:\\\/\\\/www.proclinic.es\\\/blog\\\/\"},{\"@type\":\"ListItem\",\"position\":2,\"name\":\"Lo \u00faltimo en tecnolog\u00eda de Carestream Dental disponible en Fadente\"}]},{\"@type\":\"WebSite\",\"@id\":\"https:\\\/\\\/www.proclinic.es\\\/blog\\\/#website\",\"url\":\"https:\\\/\\\/www.proclinic.es\\\/blog\\\/\",\"name\":\"Blog Proclinic\",\"description\":\"\u00a1Bienvenido al blog de Proclinic! En este espacio, nos enfocamos en brindar informaci\u00f3n valiosa y actualizada para todos los profesionales del sector dental. Nuestra misi\u00f3n es mantenerte al d\u00eda de las \u00faltimas tendencias, investigaciones y t\u00e9cnicas en el campo de la odontolog\u00eda. Exploraremos temas que van desde las novedades en materiales odontol\u00f3gicos, consejos pr\u00e1cticos para la gesti\u00f3n de cl\u00ednicas dentales hasta casos cl\u00ednicos con base cient\u00edfica, eventos del sector y mucho m\u00e1s. Te invitamos a seguir nuestro contenido, dise\u00f1ado para mantener tu pr\u00e1ctica en la vanguardia de la odontolog\u00eda moderna.\",\"potentialAction\":[{\"@type\":\"SearchAction\",\"target\":{\"@type\":\"EntryPoint\",\"urlTemplate\":\"https:\\\/\\\/www.proclinic.es\\\/blog\\\/?s={search_term_string}\"},\"query-input\":{\"@type\":\"PropertyValueSpecification\",\"valueRequired\":true,\"valueName\":\"search_term_string\"}}],\"inLanguage\":\"es\"},{\"@type\":\"Person\",\"@id\":\"https:\\\/\\\/www.proclinic.es\\\/blog\\\/#\\\/schema\\\/person\\\/85e304ea367ce3922003b0d8b388e527\",\"name\":\"Anna\",\"image\":{\"@type\":\"ImageObject\",\"inLanguage\":\"es\",\"@id\":\"https:\\\/\\\/secure.gravatar.com\\\/avatar\\\/b8b19455b6924f97d0afcdeb2791066e8c8af798468c71e0fe7e686c5d0b49f4?s=96&d=mm&r=g\",\"url\":\"https:\\\/\\\/secure.gravatar.com\\\/avatar\\\/b8b19455b6924f97d0afcdeb2791066e8c8af798468c71e0fe7e686c5d0b49f4?s=96&d=mm&r=g\",\"contentUrl\":\"https:\\\/\\\/secure.gravatar.com\\\/avatar\\\/b8b19455b6924f97d0afcdeb2791066e8c8af798468c71e0fe7e686c5d0b49f4?s=96&d=mm&r=g\",\"caption\":\"Anna\"},\"description\":\"Community Manager\",\"url\":\"https:\\\/\\\/www.proclinic.es\\\/blog\\\/author\\\/anna\\\/\"}]}<\/script>\n<!-- \/ Yoast SEO plugin. -->","yoast_head_json":{"title":"Lo \u00faltimo en tecnolog\u00eda de Carestream Dental disponible en Fadente - Blog Proclinic","robots":{"index":"index","follow":"follow","max-snippet":"max-snippet:-1","max-image-preview":"max-image-preview:large","max-video-preview":"max-video-preview:-1"},"canonical":"https:\/\/www.proclinic.es\/blog\/lo-ultimo-en-tecnologia-de-carestream-dental-disponible-en-fadente\/","og_locale":"es_ES","og_type":"article","og_title":"Lo \u00faltimo en tecnolog\u00eda de Carestream Dental disponible en Fadente - Blog Proclinic","og_description":"Lo \u00faltimo en tecnolog\u00eda de Carestream Dental disponible en Fadente En Fadente nos adaptamos a tus necesidades, por eso, ponemos a tu disposici\u00f3n una amplia variedad de equipos Carestream Dental de alta tecnolog\u00eda para que puedas encontrar la soluci\u00f3n que encaje mejor con tu cl\u00ednica. EQUIPOS DE RADIOLOG\u00cdA 3D CS 8100 Odontolog\u00eda digital con la ... Read more","og_url":"https:\/\/www.proclinic.es\/blog\/lo-ultimo-en-tecnologia-de-carestream-dental-disponible-en-fadente\/","og_site_name":"Blog Proclinic","article_publisher":"https:\/\/www.facebook.com\/proclinicsa","article_published_time":"2020-07-13T07:00:40+00:00","og_image":[{"width":801,"height":601,"url":"https:\/\/www.proclinic.es\/blog\/wp-content\/uploads\/2020\/07\/Mesa-de-trabajo-2.png","type":"image\/png"}],"author":"Anna","twitter_card":"summary_large_image","twitter_creator":"@Proclinic_SA","twitter_site":"@Proclinic_SA","twitter_misc":{"Escrito por":"Anna","Tiempo de lectura":"4 minutos"},"schema":{"@context":"https:\/\/schema.org","@graph":[{"@type":"Article","@id":"https:\/\/www.proclinic.es\/blog\/lo-ultimo-en-tecnologia-de-carestream-dental-disponible-en-fadente\/#article","isPartOf":{"@id":"https:\/\/www.proclinic.es\/blog\/lo-ultimo-en-tecnologia-de-carestream-dental-disponible-en-fadente\/"},"author":{"name":"Anna","@id":"https:\/\/www.proclinic.es\/blog\/#\/schema\/person\/85e304ea367ce3922003b0d8b388e527"},"headline":"Lo \u00faltimo en tecnolog\u00eda de Carestream Dental disponible en Fadente","datePublished":"2020-07-13T07:00:40+00:00","mainEntityOfPage":{"@id":"https:\/\/www.proclinic.es\/blog\/lo-ultimo-en-tecnologia-de-carestream-dental-disponible-en-fadente\/"},"wordCount":777,"commentCount":2,"image":{"@id":"https:\/\/www.proclinic.es\/blog\/lo-ultimo-en-tecnologia-de-carestream-dental-disponible-en-fadente\/#primaryimage"},"thumbnailUrl":"https:\/\/www.proclinic.es\/blog\/wp-content\/uploads\/2020\/07\/Mesa-de-trabajo-2.png","articleSection":["Equipamiento dental"],"inLanguage":"es","potentialAction":[{"@type":"CommentAction","name":"Comment","target":["https:\/\/www.proclinic.es\/blog\/lo-ultimo-en-tecnologia-de-carestream-dental-disponible-en-fadente\/#respond"]}]},{"@type":"WebPage","@id":"https:\/\/www.proclinic.es\/blog\/lo-ultimo-en-tecnologia-de-carestream-dental-disponible-en-fadente\/","url":"https:\/\/www.proclinic.es\/blog\/lo-ultimo-en-tecnologia-de-carestream-dental-disponible-en-fadente\/","name":"Lo \u00faltimo en tecnolog\u00eda de Carestream Dental disponible en Fadente - Blog Proclinic","isPartOf":{"@id":"https:\/\/www.proclinic.es\/blog\/#website"},"primaryImageOfPage":{"@id":"https:\/\/www.proclinic.es\/blog\/lo-ultimo-en-tecnologia-de-carestream-dental-disponible-en-fadente\/#primaryimage"},"image":{"@id":"https:\/\/www.proclinic.es\/blog\/lo-ultimo-en-tecnologia-de-carestream-dental-disponible-en-fadente\/#primaryimage"},"thumbnailUrl":"https:\/\/www.proclinic.es\/blog\/wp-content\/uploads\/2020\/07\/Mesa-de-trabajo-2.png","datePublished":"2020-07-13T07:00:40+00:00","author":{"@id":"https:\/\/www.proclinic.es\/blog\/#\/schema\/person\/85e304ea367ce3922003b0d8b388e527"},"breadcrumb":{"@id":"https:\/\/www.proclinic.es\/blog\/lo-ultimo-en-tecnologia-de-carestream-dental-disponible-en-fadente\/#breadcrumb"},"inLanguage":"es","potentialAction":[{"@type":"ReadAction","target":["https:\/\/www.proclinic.es\/blog\/lo-ultimo-en-tecnologia-de-carestream-dental-disponible-en-fadente\/"]}]},{"@type":"ImageObject","inLanguage":"es","@id":"https:\/\/www.proclinic.es\/blog\/lo-ultimo-en-tecnologia-de-carestream-dental-disponible-en-fadente\/#primaryimage","url":"https:\/\/www.proclinic.es\/blog\/wp-content\/uploads\/2020\/07\/Mesa-de-trabajo-2.png","contentUrl":"https:\/\/www.proclinic.es\/blog\/wp-content\/uploads\/2020\/07\/Mesa-de-trabajo-2.png","width":801,"height":601},{"@type":"BreadcrumbList","@id":"https:\/\/www.proclinic.es\/blog\/lo-ultimo-en-tecnologia-de-carestream-dental-disponible-en-fadente\/#breadcrumb","itemListElement":[{"@type":"ListItem","position":1,"name":"Home","item":"https:\/\/www.proclinic.es\/blog\/"},{"@type":"ListItem","position":2,"name":"Lo \u00faltimo en tecnolog\u00eda de Carestream Dental disponible en Fadente"}]},{"@type":"WebSite","@id":"https:\/\/www.proclinic.es\/blog\/#website","url":"https:\/\/www.proclinic.es\/blog\/","name":"Blog Proclinic","description":"\u00a1Bienvenido al blog de Proclinic! En este espacio, nos enfocamos en brindar informaci\u00f3n valiosa y actualizada para todos los profesionales del sector dental. Nuestra misi\u00f3n es mantenerte al d\u00eda de las \u00faltimas tendencias, investigaciones y t\u00e9cnicas en el campo de la odontolog\u00eda. Exploraremos temas que van desde las novedades en materiales odontol\u00f3gicos, consejos pr\u00e1cticos para la gesti\u00f3n de cl\u00ednicas dentales hasta casos cl\u00ednicos con base cient\u00edfica, eventos del sector y mucho m\u00e1s. Te invitamos a seguir nuestro contenido, dise\u00f1ado para mantener tu pr\u00e1ctica en la vanguardia de la odontolog\u00eda moderna.","potentialAction":[{"@type":"SearchAction","target":{"@type":"EntryPoint","urlTemplate":"https:\/\/www.proclinic.es\/blog\/?s={search_term_string}"},"query-input":{"@type":"PropertyValueSpecification","valueRequired":true,"valueName":"search_term_string"}}],"inLanguage":"es"},{"@type":"Person","@id":"https:\/\/www.proclinic.es\/blog\/#\/schema\/person\/85e304ea367ce3922003b0d8b388e527","name":"Anna","image":{"@type":"ImageObject","inLanguage":"es","@id":"https:\/\/secure.gravatar.com\/avatar\/b8b19455b6924f97d0afcdeb2791066e8c8af798468c71e0fe7e686c5d0b49f4?s=96&d=mm&r=g","url":"https:\/\/secure.gravatar.com\/avatar\/b8b19455b6924f97d0afcdeb2791066e8c8af798468c71e0fe7e686c5d0b49f4?s=96&d=mm&r=g","contentUrl":"https:\/\/secure.gravatar.com\/avatar\/b8b19455b6924f97d0afcdeb2791066e8c8af798468c71e0fe7e686c5d0b49f4?s=96&d=mm&r=g","caption":"Anna"},"description":"Community Manager","url":"https:\/\/www.proclinic.es\/blog\/author\/anna\/"}]}},"jetpack_featured_media_url":"https:\/\/www.proclinic.es\/blog\/wp-content\/uploads\/2020\/07\/Mesa-de-trabajo-2.png","_links":{"self":[{"href":"https:\/\/www.proclinic.es\/blog\/wp-json\/wp\/v2\/posts\/12450","targetHints":{"allow":["GET"]}}],"collection":[{"href":"https:\/\/www.proclinic.es\/blog\/wp-json\/wp\/v2\/posts"}],"about":[{"href":"https:\/\/www.proclinic.es\/blog\/wp-json\/wp\/v2\/types\/post"}],"author":[{"embeddable":true,"href":"https:\/\/www.proclinic.es\/blog\/wp-json\/wp\/v2\/users\/101011"}],"replies":[{"embeddable":true,"href":"https:\/\/www.proclinic.es\/blog\/wp-json\/wp\/v2\/comments?post=12450"}],"version-history":[{"count":5,"href":"https:\/\/www.proclinic.es\/blog\/wp-json\/wp\/v2\/posts\/12450\/revisions"}],"predecessor-version":[{"id":12459,"href":"https:\/\/www.proclinic.es\/blog\/wp-json\/wp\/v2\/posts\/12450\/revisions\/12459"}],"wp:featuredmedia":[{"embeddable":true,"href":"https:\/\/www.proclinic.es\/blog\/wp-json\/wp\/v2\/media\/12457"}],"wp:attachment":[{"href":"https:\/\/www.proclinic.es\/blog\/wp-json\/wp\/v2\/media?parent=12450"}],"wp:term":[{"taxonomy":"category","embeddable":true,"href":"https:\/\/www.proclinic.es\/blog\/wp-json\/wp\/v2\/categories?post=12450"},{"taxonomy":"post_tag","embeddable":true,"href":"https:\/\/www.proclinic.es\/blog\/wp-json\/wp\/v2\/tags?post=12450"}],"curies":[{"name":"wp","href":"https:\/\/api.w.org\/{rel}","templated":true}]}}