{"id":12242,"date":"2020-05-25T10:39:54","date_gmt":"2020-05-25T08:39:54","guid":{"rendered":"https:\/\/www.proclinic.es\/blog\/?p=12242"},"modified":"2020-06-10T17:19:07","modified_gmt":"2020-06-10T15:19:07","slug":"protocolo-para-el-cementado-de-brackets-durante-la-situacion-de-emergencia-sanitaria-por-covid-19-realizado-por-reliance-orthodontics","status":"publish","type":"post","link":"https:\/\/www.proclinic.es\/blog\/protocolo-para-el-cementado-de-brackets-durante-la-situacion-de-emergencia-sanitaria-por-covid-19-realizado-por-reliance-orthodontics\/","title":{"rendered":"Protocolo para el cementado de brackets durante la situaci\u00f3n de emergencia sanitaria por COVID-19 realizado por Reliance\u00ae Orthodontics"},"content":{"rendered":"\n<p>Para asegurar que se realice un <strong>cementado de brackets correcto y efectivo<\/strong> durante la situaci\u00f3n de emergencia provocada por el COVID-19, <strong>Reliance\u00ae Orthodontics<\/strong> ha puesto en marcha durante 5 semanas una investigaci\u00f3n de varios procedimientos para encontrar la mejor manera de mitigar riesgos en el momento del cementado de brackets y tubos, tanto para el cementado inicial como para el recementado de brackets individuales. <\/p>\n\n\n\n<p>Como todos sabemos, una superficie totalmente limpia, seca y\naislada es el mejor estado para el cementado. En la situaci\u00f3n actual, el proceso de cementado se ha\ncomplicado exponencialmente, debido a la preocupaci\u00f3n y el consejo m\u00e9dico de\nevitar el uso de agua\/spray a presi\u00f3n y aire comprimido. <\/p>\n\n\n\n<p>A ra\u00edz de estas restricciones, y con el resultado de la investigaci\u00f3n realizada, Reliance\u00ae Orthodontics ha completado un <strong>Protocolo para el Cementado de Brackets durante el per\u00edodo del Covid-19<\/strong>, con los siguientes dos procedimientos:&nbsp;&nbsp; <\/p>\n\n\n\n<p><\/p>\n\n\n\n<p><\/p>\n\n\n\n<div id=\"ez-toc-container\" class=\"ez-toc-v2_0_76 counter-hierarchy ez-toc-counter ez-toc-white ez-toc-container-direction\">\n<div class=\"ez-toc-title-container\">\n<p class=\"ez-toc-title\" style=\"cursor:inherit\">\u00cdndice de contenidos<\/p>\n<span class=\"ez-toc-title-toggle\"><a href=\"#\" class=\"ez-toc-pull-right ez-toc-btn ez-toc-btn-xs ez-toc-btn-default ez-toc-toggle\" aria-label=\"Toggle Table of Content\"><span class=\"ez-toc-js-icon-con\"><span class=\"\"><span class=\"eztoc-hide\" style=\"display:none;\">Toggle<\/span><span class=\"ez-toc-icon-toggle-span\"><svg style=\"fill: #0098a7;color:#0098a7\" xmlns=\"http:\/\/www.w3.org\/2000\/svg\" class=\"list-377408\" width=\"20px\" height=\"20px\" viewBox=\"0 0 24 24\" fill=\"none\"><path d=\"M6 6H4v2h2V6zm14 0H8v2h12V6zM4 11h2v2H4v-2zm16 0H8v2h12v-2zM4 16h2v2H4v-2zm16 0H8v2h12v-2z\" fill=\"currentColor\"><\/path><\/svg><svg style=\"fill: #0098a7;color:#0098a7\" class=\"arrow-unsorted-368013\" xmlns=\"http:\/\/www.w3.org\/2000\/svg\" width=\"10px\" height=\"10px\" viewBox=\"0 0 24 24\" version=\"1.2\" baseProfile=\"tiny\"><path d=\"M18.2 9.3l-6.2-6.3-6.2 6.3c-.2.2-.3.4-.3.7s.1.5.3.7c.2.2.4.3.7.3h11c.3 0 .5-.1.7-.3.2-.2.3-.5.3-.7s-.1-.5-.3-.7zM5.8 14.7l6.2 6.3 6.2-6.3c.2-.2.3-.5.3-.7s-.1-.5-.3-.7c-.2-.2-.4-.3-.7-.3h-11c-.3 0-.5.1-.7.3-.2.2-.3.5-.3.7s.1.5.3.7z\"\/><\/svg><\/span><\/span><\/span><\/a><\/span><\/div>\n<nav><ul class='ez-toc-list ez-toc-list-level-1 ' ><li class='ez-toc-page-1 ez-toc-heading-level-1'><a class=\"ez-toc-link ez-toc-heading-1\" href=\"https:\/\/www.proclinic.es\/blog\/protocolo-para-el-cementado-de-brackets-durante-la-situacion-de-emergencia-sanitaria-por-covid-19-realizado-por-reliance-orthodontics\/#A_Cementado_inicial_o_recementado_cuando_no_se_encuentran_restos_de_adhesivocomposite_sobre_el_esmalte\" >A. Cementado inicial o recementado cuando no se encuentran restos de adhesivo\/composite sobre el esmalte:<\/a><\/li><li class='ez-toc-page-1 ez-toc-heading-level-1'><a class=\"ez-toc-link ez-toc-heading-2\" href=\"https:\/\/www.proclinic.es\/blog\/protocolo-para-el-cementado-de-brackets-durante-la-situacion-de-emergencia-sanitaria-por-covid-19-realizado-por-reliance-orthodontics\/#B_Recementado_cuando_se_encuentran_restos_de_adhesivocomposite_sobre_el_esmalte\" >B. Recementado cuando se encuentran restos de adhesivo\/composite sobre el esmalte:<\/a><\/li><\/ul><\/nav><\/div>\n<h1 class=\"wp-block-heading\"><span class=\"ez-toc-section\" id=\"A_Cementado_inicial_o_recementado_cuando_no_se_encuentran_restos_de_adhesivocomposite_sobre_el_esmalte\"><\/span><strong>A. Cementado inicial o recementado cuando no se encuentran restos de adhesivo\/composite sobre el esmalte: <\/strong><span class=\"ez-toc-section-end\"><\/span><\/h1>\n\n\n\n<p><\/p>\n\n\n\n<ol class=\"wp-block-list\"><li>Aseg\u00farate que el paciente cepille sus dientes vigorosamente durante 2 minutos utilizando una c\u00e1psula unidosis de <a rel=\"noreferrer noopener\" aria-label=\" (opens in a new tab)\" href=\"https:\/\/www.proclinic.es\/tienda\/first-1st-final-prophy-pomez.html\" target=\"_blank\">piedra p\u00f3mez 1st and Final<\/a>\u00ae. Pide al paciente que aclare sus dientes al menos 3 veces.<\/li><li>Utilizando un rollo de algod\u00f3n o una gasa, presiona y seca totalmente los dientes. <\/li><li>Realiza un grabado \u00e1cido \/ etching con \u00e1cido fosf\u00f3rico l\u00edquido durante 30 segundos. <\/li><li>Con un frasco gotero \/ botella de pl\u00e1stico exprimible, con una punta desechable, lleno de agua, aclara cada diente durante 10 segundos y despu\u00e9s seca totalmente, presionando un rollo de algod\u00f3n o gasa, SIN FROTAR. <\/li><li>Aplica 1 capa de <a rel=\"noreferrer noopener\" aria-label=\" (opens in a new tab)\" href=\"https:\/\/www.proclinic.es\/tienda\/catalogsearch\/result\/?order=top_ventas&amp;dir=asc&amp;q=assure+plus+unidosis&amp;cat=\" target=\"_blank\">Assure\u00ae Plus<\/a> con una brocha que tenga cerdas, pasando la brocha varias veces.<\/li><li>Con una nueva brocha seca, vuelva a pasarla sobre la superficie del diente varias veces para evaporar el solvente. Se puede utilizar esta brocha seca para 4 dientes antes de desecharla. Fotopolimeriza el diente durante 10 segundos.<\/li><li>Aplica una ligera capa de <strong>Assure\u00ae Plus <\/strong>a la base del bracket y pasa la brocha sobre la base varias veces. Aplica la pasta <a href=\"https:\/\/www.proclinic.es\/tienda\/products\/search?q=goto&amp;p=1&amp;limit=24&amp;orderBy[_score]=desc\" target=\"_blank\" rel=\"noreferrer noopener\" aria-label=\" (opens in a new tab)\">GoTo\u00ae<\/a> a la base del bracket, coloca el bracket sobre el diente y fotopolimeriza.<\/li><\/ol>\n\n\n\n<p><strong>NOTA:<\/strong> La aplicaci\u00f3n del Assure\u00ae Plus sobre la base del bracket es un paso opcional, pero recomendado, ya que la fuerza de adhesi\u00f3n general est\u00e1 ligeramente comprometida debido a que las condiciones de superficie no son las ideales.<\/p>\n\n\n\n<p><\/p>\n\n\n\n<p><\/p>\n\n\n\n<h1 class=\"wp-block-heading\"><span class=\"ez-toc-section\" id=\"B_Recementado_cuando_se_encuentran_restos_de_adhesivocomposite_sobre_el_esmalte\"><\/span><strong>B. Recementado cuando se encuentran restos de adhesivo\/composite sobre el esmalte:<\/strong> <span class=\"ez-toc-section-end\"><\/span><\/h1>\n\n\n\n<p><\/p>\n\n\n\n<ol class=\"wp-block-list\"><li>Retira todos los restos de composite que puedas con un <a rel=\"noreferrer noopener\" aria-label=\" (opens in a new tab)\" href=\"https:\/\/www.proclinic.es\/tienda\/alicate-para-quitar-adhesivo-678-206.html\" target=\"_blank\">alicate para quitar adhesivo<\/a> \/ composite, sin da\u00f1ar el esmalte.<\/li><li>Utiliza un disco de papel sobre el resto del composite que queda en el esmalte para hacerlo m\u00e1s rugoso\/\u00e1spero. <\/li><li>Con un frasco gotero \/ botella de pl\u00e1stico exprimible, con una punta desechable, lleno de agua, aclara cada diente durante 10 segundos y despu\u00e9s seca totalmente, presionando un rollo de algod\u00f3n o gasa. <\/li><li> Si hay esmalte presente, sigue los pasos para el grabado \u00e1cido \/<a href=\"https:\/\/www.proclinic.es\/tienda\/liquido-ortofosforico-botella.html\" target=\"_blank\" rel=\"noreferrer noopener\" aria-label=\" (opens in a new tab)\"> etching<\/a> explicados arriba.<\/li><li>Aplica 1 capa de Assure\u00ae Plus con una brocha que tenga cerdas, pasando la brocha varias veces. <\/li><li>Con una brocha seca nueva, vuelve a pasarla de nuevo sobre la superficie del diente varias veces para evaporar el solvente. Se puede utilizar esta brocha seca para 4 dientes antes de desecharla. Fotopolimerice el diente durante 10 segundos. <\/li><li>Aplica una ligera capa de Assure\u00ae Plus a la base del bracket y pasa la brocha sobre la base varias veces. Aplica la pasta GoTo\u00ae a la base del bracket, coloca el bracket sobre el diente y fotopolimerice.<\/li><\/ol>\n\n\n\n<p><\/p>\n\n\n\n<p><\/p>\n\n\n\n<p><strong>NOTA: <\/strong>La aplicaci\u00f3n del Assure\u00ae Plus sobre la base del bracket es un paso opcional pero recomendado, ya que la fuerza de adhesi\u00f3n general est\u00e1 ligeramente comprometida debido a que las condiciones de superficie no son las ideales.&nbsp;&nbsp; <\/p>\n\n\n\n<p><strong>ATENCI\u00d3N:<\/strong> Reliance\u00ae Orthodontics ha desarrollado estos procedimientos en respuesta a los consejos m\u00e9dicos sobre el uso de aire comprimido y agua\/spray a presi\u00f3n.<\/p>\n\n\n\n<p><\/p>\n\n\n\n<p style=\"color:#ec1a1a;text-align:center\" class=\"has-text-color\"><strong>Cada uno de los pasos en estos protocolos es intencional y vitalmente importante para conseguir un cementado realizado con \u00e9xito. <\/strong><\/p>\n\n\n\n<p>Debido a una ligera disminuci\u00f3n en la fuerza de adhesi\u00f3n\n(10-15%), y la sensibilidad extrema en la t\u00e9cnica, <strong>s\u00f3lo se debe utilizar\nestos protocolos durante la crisis sanitaria derivada del COVID-19<\/strong>, ya que\nla fuerza de adhesi\u00f3n general est\u00e1 ligeramente comprometida debido a que las\ncondiciones de superficie no son las ideales. <\/p>\n\n\n\n<p>*Si estas c\u00f3modo utilizando aire con alg\u00fan nivel de fuerza,\nse puede modificar los protocolos para utilizar un secador de bajo volumen con\naire c\u00e1lido y as\u00ed secar el esmalte y la capa de Assure\u00ae Plus. Sin embargo, se\ndebe tener en cuenta que este sistema incluye el desplazamiento de aire y por\nlo tanto un incremento en el n\u00famero de part\u00edculas en el aire.<\/p>\n","protected":false},"excerpt":{"rendered":"<p>Para asegurar que se realice un cementado de brackets correcto y efectivo durante la situaci\u00f3n de emergencia provocada por el COVID-19, Reliance\u00ae Orthodontics ha puesto en marcha durante 5 semanas una investigaci\u00f3n de varios procedimientos para encontrar la mejor manera de mitigar riesgos en el momento del cementado de brackets y tubos, tanto para el &#8230; <a title=\"Protocolo para el cementado de brackets durante la situaci\u00f3n de emergencia sanitaria por COVID-19 realizado por Reliance\u00ae Orthodontics\" class=\"read-more\" href=\"https:\/\/www.proclinic.es\/blog\/protocolo-para-el-cementado-de-brackets-durante-la-situacion-de-emergencia-sanitaria-por-covid-19-realizado-por-reliance-orthodontics\/\" aria-label=\"More on Protocolo para el cementado de brackets durante la situaci\u00f3n de emergencia sanitaria por COVID-19 realizado por Reliance\u00ae Orthodontics\">Read more<\/a><\/p>\n","protected":false},"author":101011,"featured_media":12251,"comment_status":"open","ping_status":"open","sticky":false,"template":"","format":"standard","meta":{"footnotes":""},"categories":[45,146],"tags":[507,492,57,63,509,508],"class_list":["post-12242","post","type-post","status-publish","format-standard","has-post-thumbnail","hentry","category-actualidad","category-ortodoncia-clinica","tag-cementado-de-brackets","tag-covid-19","tag-ortodoncia","tag-proclinic","tag-protocolo","tag-reliance-orthodontics"],"yoast_head":"<!-- This site is optimized with the Yoast SEO plugin v25.9 - https:\/\/yoast.com\/wordpress\/plugins\/seo\/ -->\n<title>Protocolo para el cementado de brackets durante la situaci\u00f3n de emergencia sanitaria por COVID-19 realizado por Reliance\u00ae Orthodontics - Blog Proclinic<\/title>\n<meta name=\"description\" content=\"Para asegurar que se realice un cementado de brackets correcto y efectivo durante la situaci\u00f3n de emergencia provocada por el COVID-19\" \/>\n<meta name=\"robots\" content=\"index, follow, max-snippet:-1, max-image-preview:large, max-video-preview:-1\" \/>\n<link rel=\"canonical\" href=\"https:\/\/www.proclinic.es\/blog\/protocolo-para-el-cementado-de-brackets-durante-la-situacion-de-emergencia-sanitaria-por-covid-19-realizado-por-reliance-orthodontics\/\" \/>\n<meta property=\"og:locale\" content=\"es_ES\" \/>\n<meta property=\"og:type\" content=\"article\" \/>\n<meta property=\"og:title\" content=\"Protocolo para el cementado de brackets durante la situaci\u00f3n de emergencia sanitaria por COVID-19 realizado por Reliance\u00ae Orthodontics - Blog Proclinic\" \/>\n<meta property=\"og:description\" content=\"Para asegurar que se realice un cementado de brackets correcto y efectivo durante la situaci\u00f3n de emergencia provocada por el COVID-19\" \/>\n<meta property=\"og:url\" content=\"https:\/\/www.proclinic.es\/blog\/protocolo-para-el-cementado-de-brackets-durante-la-situacion-de-emergencia-sanitaria-por-covid-19-realizado-por-reliance-orthodontics\/\" \/>\n<meta property=\"og:site_name\" content=\"Blog Proclinic\" \/>\n<meta property=\"article:publisher\" content=\"https:\/\/www.facebook.com\/proclinicsa\" \/>\n<meta property=\"article:published_time\" content=\"2020-05-25T08:39:54+00:00\" \/>\n<meta property=\"article:modified_time\" content=\"2020-06-10T15:19:07+00:00\" \/>\n<meta property=\"og:image\" content=\"https:\/\/www.proclinic.es\/blog\/wp-content\/uploads\/2020\/05\/Mesa-de-trabajo-4.png\" \/>\n\t<meta property=\"og:image:width\" content=\"808\" \/>\n\t<meta property=\"og:image:height\" content=\"601\" \/>\n\t<meta property=\"og:image:type\" content=\"image\/png\" \/>\n<meta name=\"author\" content=\"Anna\" \/>\n<meta name=\"twitter:card\" content=\"summary_large_image\" \/>\n<meta name=\"twitter:creator\" content=\"@Proclinic_SA\" \/>\n<meta name=\"twitter:site\" content=\"@Proclinic_SA\" \/>\n<meta name=\"twitter:label1\" content=\"Escrito por\" \/>\n\t<meta name=\"twitter:data1\" content=\"Anna\" \/>\n\t<meta name=\"twitter:label2\" content=\"Tiempo de lectura\" \/>\n\t<meta name=\"twitter:data2\" content=\"4 minutos\" \/>\n<script type=\"application\/ld+json\" class=\"yoast-schema-graph\">{\"@context\":\"https:\/\/schema.org\",\"@graph\":[{\"@type\":\"WebPage\",\"@id\":\"https:\/\/www.proclinic.es\/blog\/protocolo-para-el-cementado-de-brackets-durante-la-situacion-de-emergencia-sanitaria-por-covid-19-realizado-por-reliance-orthodontics\/\",\"url\":\"https:\/\/www.proclinic.es\/blog\/protocolo-para-el-cementado-de-brackets-durante-la-situacion-de-emergencia-sanitaria-por-covid-19-realizado-por-reliance-orthodontics\/\",\"name\":\"Protocolo para el cementado de brackets durante la situaci\u00f3n de emergencia sanitaria por COVID-19 realizado por Reliance\u00ae Orthodontics - Blog Proclinic\",\"isPartOf\":{\"@id\":\"https:\/\/www.proclinic.es\/blog\/#website\"},\"primaryImageOfPage\":{\"@id\":\"https:\/\/www.proclinic.es\/blog\/protocolo-para-el-cementado-de-brackets-durante-la-situacion-de-emergencia-sanitaria-por-covid-19-realizado-por-reliance-orthodontics\/#primaryimage\"},\"image\":{\"@id\":\"https:\/\/www.proclinic.es\/blog\/protocolo-para-el-cementado-de-brackets-durante-la-situacion-de-emergencia-sanitaria-por-covid-19-realizado-por-reliance-orthodontics\/#primaryimage\"},\"thumbnailUrl\":\"https:\/\/www.proclinic.es\/blog\/wp-content\/uploads\/2020\/05\/Mesa-de-trabajo-4.png\",\"datePublished\":\"2020-05-25T08:39:54+00:00\",\"dateModified\":\"2020-06-10T15:19:07+00:00\",\"author\":{\"@id\":\"https:\/\/www.proclinic.es\/blog\/#\/schema\/person\/85e304ea367ce3922003b0d8b388e527\"},\"description\":\"Para asegurar que se realice un cementado de brackets correcto y efectivo durante la situaci\u00f3n de emergencia provocada por el COVID-19\",\"breadcrumb\":{\"@id\":\"https:\/\/www.proclinic.es\/blog\/protocolo-para-el-cementado-de-brackets-durante-la-situacion-de-emergencia-sanitaria-por-covid-19-realizado-por-reliance-orthodontics\/#breadcrumb\"},\"inLanguage\":\"es\",\"potentialAction\":[{\"@type\":\"ReadAction\",\"target\":[\"https:\/\/www.proclinic.es\/blog\/protocolo-para-el-cementado-de-brackets-durante-la-situacion-de-emergencia-sanitaria-por-covid-19-realizado-por-reliance-orthodontics\/\"]}]},{\"@type\":\"ImageObject\",\"inLanguage\":\"es\",\"@id\":\"https:\/\/www.proclinic.es\/blog\/protocolo-para-el-cementado-de-brackets-durante-la-situacion-de-emergencia-sanitaria-por-covid-19-realizado-por-reliance-orthodontics\/#primaryimage\",\"url\":\"https:\/\/www.proclinic.es\/blog\/wp-content\/uploads\/2020\/05\/Mesa-de-trabajo-4.png\",\"contentUrl\":\"https:\/\/www.proclinic.es\/blog\/wp-content\/uploads\/2020\/05\/Mesa-de-trabajo-4.png\",\"width\":808,\"height\":601},{\"@type\":\"BreadcrumbList\",\"@id\":\"https:\/\/www.proclinic.es\/blog\/protocolo-para-el-cementado-de-brackets-durante-la-situacion-de-emergencia-sanitaria-por-covid-19-realizado-por-reliance-orthodontics\/#breadcrumb\",\"itemListElement\":[{\"@type\":\"ListItem\",\"position\":1,\"name\":\"Home\",\"item\":\"https:\/\/www.proclinic.es\/blog\/\"},{\"@type\":\"ListItem\",\"position\":2,\"name\":\"Protocolo para el cementado de brackets durante la situaci\u00f3n de emergencia sanitaria por COVID-19 realizado por Reliance\u00ae Orthodontics\"}]},{\"@type\":\"WebSite\",\"@id\":\"https:\/\/www.proclinic.es\/blog\/#website\",\"url\":\"https:\/\/www.proclinic.es\/blog\/\",\"name\":\"Blog Proclinic\",\"description\":\"\u00a1Bienvenido al blog de Proclinic! En este espacio, nos enfocamos en brindar informaci\u00f3n valiosa y actualizada para todos los profesionales del sector dental. Nuestra misi\u00f3n es mantenerte al d\u00eda de las \u00faltimas tendencias, investigaciones y t\u00e9cnicas en el campo de la odontolog\u00eda. Exploraremos temas que van desde las novedades en materiales odontol\u00f3gicos, consejos pr\u00e1cticos para la gesti\u00f3n de cl\u00ednicas dentales hasta casos cl\u00ednicos con base cient\u00edfica, eventos del sector y mucho m\u00e1s. Te invitamos a seguir nuestro contenido, dise\u00f1ado para mantener tu pr\u00e1ctica en la vanguardia de la odontolog\u00eda moderna.\",\"potentialAction\":[{\"@type\":\"SearchAction\",\"target\":{\"@type\":\"EntryPoint\",\"urlTemplate\":\"https:\/\/www.proclinic.es\/blog\/?s={search_term_string}\"},\"query-input\":{\"@type\":\"PropertyValueSpecification\",\"valueRequired\":true,\"valueName\":\"search_term_string\"}}],\"inLanguage\":\"es\"},{\"@type\":\"Person\",\"@id\":\"https:\/\/www.proclinic.es\/blog\/#\/schema\/person\/85e304ea367ce3922003b0d8b388e527\",\"name\":\"Anna\",\"image\":{\"@type\":\"ImageObject\",\"inLanguage\":\"es\",\"@id\":\"https:\/\/www.proclinic.es\/blog\/#\/schema\/person\/image\/\",\"url\":\"https:\/\/secure.gravatar.com\/avatar\/b8b19455b6924f97d0afcdeb2791066e8c8af798468c71e0fe7e686c5d0b49f4?s=96&d=mm&r=g\",\"contentUrl\":\"https:\/\/secure.gravatar.com\/avatar\/b8b19455b6924f97d0afcdeb2791066e8c8af798468c71e0fe7e686c5d0b49f4?s=96&d=mm&r=g\",\"caption\":\"Anna\"},\"description\":\"Community Manager\",\"url\":\"https:\/\/www.proclinic.es\/blog\/author\/anna\/\"}]}<\/script>\n<!-- \/ Yoast SEO plugin. -->","yoast_head_json":{"title":"Protocolo para el cementado de brackets durante la situaci\u00f3n de emergencia sanitaria por COVID-19 realizado por Reliance\u00ae Orthodontics - Blog Proclinic","description":"Para asegurar que se realice un cementado de brackets correcto y efectivo durante la situaci\u00f3n de emergencia provocada por el COVID-19","robots":{"index":"index","follow":"follow","max-snippet":"max-snippet:-1","max-image-preview":"max-image-preview:large","max-video-preview":"max-video-preview:-1"},"canonical":"https:\/\/www.proclinic.es\/blog\/protocolo-para-el-cementado-de-brackets-durante-la-situacion-de-emergencia-sanitaria-por-covid-19-realizado-por-reliance-orthodontics\/","og_locale":"es_ES","og_type":"article","og_title":"Protocolo para el cementado de brackets durante la situaci\u00f3n de emergencia sanitaria por COVID-19 realizado por Reliance\u00ae Orthodontics - Blog Proclinic","og_description":"Para asegurar que se realice un cementado de brackets correcto y efectivo durante la situaci\u00f3n de emergencia provocada por el COVID-19","og_url":"https:\/\/www.proclinic.es\/blog\/protocolo-para-el-cementado-de-brackets-durante-la-situacion-de-emergencia-sanitaria-por-covid-19-realizado-por-reliance-orthodontics\/","og_site_name":"Blog Proclinic","article_publisher":"https:\/\/www.facebook.com\/proclinicsa","article_published_time":"2020-05-25T08:39:54+00:00","article_modified_time":"2020-06-10T15:19:07+00:00","og_image":[{"width":808,"height":601,"url":"https:\/\/www.proclinic.es\/blog\/wp-content\/uploads\/2020\/05\/Mesa-de-trabajo-4.png","type":"image\/png"}],"author":"Anna","twitter_card":"summary_large_image","twitter_creator":"@Proclinic_SA","twitter_site":"@Proclinic_SA","twitter_misc":{"Escrito por":"Anna","Tiempo de lectura":"4 minutos"},"schema":{"@context":"https:\/\/schema.org","@graph":[{"@type":"WebPage","@id":"https:\/\/www.proclinic.es\/blog\/protocolo-para-el-cementado-de-brackets-durante-la-situacion-de-emergencia-sanitaria-por-covid-19-realizado-por-reliance-orthodontics\/","url":"https:\/\/www.proclinic.es\/blog\/protocolo-para-el-cementado-de-brackets-durante-la-situacion-de-emergencia-sanitaria-por-covid-19-realizado-por-reliance-orthodontics\/","name":"Protocolo para el cementado de brackets durante la situaci\u00f3n de emergencia sanitaria por COVID-19 realizado por Reliance\u00ae Orthodontics - Blog Proclinic","isPartOf":{"@id":"https:\/\/www.proclinic.es\/blog\/#website"},"primaryImageOfPage":{"@id":"https:\/\/www.proclinic.es\/blog\/protocolo-para-el-cementado-de-brackets-durante-la-situacion-de-emergencia-sanitaria-por-covid-19-realizado-por-reliance-orthodontics\/#primaryimage"},"image":{"@id":"https:\/\/www.proclinic.es\/blog\/protocolo-para-el-cementado-de-brackets-durante-la-situacion-de-emergencia-sanitaria-por-covid-19-realizado-por-reliance-orthodontics\/#primaryimage"},"thumbnailUrl":"https:\/\/www.proclinic.es\/blog\/wp-content\/uploads\/2020\/05\/Mesa-de-trabajo-4.png","datePublished":"2020-05-25T08:39:54+00:00","dateModified":"2020-06-10T15:19:07+00:00","author":{"@id":"https:\/\/www.proclinic.es\/blog\/#\/schema\/person\/85e304ea367ce3922003b0d8b388e527"},"description":"Para asegurar que se realice un cementado de brackets correcto y efectivo durante la situaci\u00f3n de emergencia provocada por el COVID-19","breadcrumb":{"@id":"https:\/\/www.proclinic.es\/blog\/protocolo-para-el-cementado-de-brackets-durante-la-situacion-de-emergencia-sanitaria-por-covid-19-realizado-por-reliance-orthodontics\/#breadcrumb"},"inLanguage":"es","potentialAction":[{"@type":"ReadAction","target":["https:\/\/www.proclinic.es\/blog\/protocolo-para-el-cementado-de-brackets-durante-la-situacion-de-emergencia-sanitaria-por-covid-19-realizado-por-reliance-orthodontics\/"]}]},{"@type":"ImageObject","inLanguage":"es","@id":"https:\/\/www.proclinic.es\/blog\/protocolo-para-el-cementado-de-brackets-durante-la-situacion-de-emergencia-sanitaria-por-covid-19-realizado-por-reliance-orthodontics\/#primaryimage","url":"https:\/\/www.proclinic.es\/blog\/wp-content\/uploads\/2020\/05\/Mesa-de-trabajo-4.png","contentUrl":"https:\/\/www.proclinic.es\/blog\/wp-content\/uploads\/2020\/05\/Mesa-de-trabajo-4.png","width":808,"height":601},{"@type":"BreadcrumbList","@id":"https:\/\/www.proclinic.es\/blog\/protocolo-para-el-cementado-de-brackets-durante-la-situacion-de-emergencia-sanitaria-por-covid-19-realizado-por-reliance-orthodontics\/#breadcrumb","itemListElement":[{"@type":"ListItem","position":1,"name":"Home","item":"https:\/\/www.proclinic.es\/blog\/"},{"@type":"ListItem","position":2,"name":"Protocolo para el cementado de brackets durante la situaci\u00f3n de emergencia sanitaria por COVID-19 realizado por Reliance\u00ae Orthodontics"}]},{"@type":"WebSite","@id":"https:\/\/www.proclinic.es\/blog\/#website","url":"https:\/\/www.proclinic.es\/blog\/","name":"Blog Proclinic","description":"\u00a1Bienvenido al blog de Proclinic! En este espacio, nos enfocamos en brindar informaci\u00f3n valiosa y actualizada para todos los profesionales del sector dental. Nuestra misi\u00f3n es mantenerte al d\u00eda de las \u00faltimas tendencias, investigaciones y t\u00e9cnicas en el campo de la odontolog\u00eda. Exploraremos temas que van desde las novedades en materiales odontol\u00f3gicos, consejos pr\u00e1cticos para la gesti\u00f3n de cl\u00ednicas dentales hasta casos cl\u00ednicos con base cient\u00edfica, eventos del sector y mucho m\u00e1s. Te invitamos a seguir nuestro contenido, dise\u00f1ado para mantener tu pr\u00e1ctica en la vanguardia de la odontolog\u00eda moderna.","potentialAction":[{"@type":"SearchAction","target":{"@type":"EntryPoint","urlTemplate":"https:\/\/www.proclinic.es\/blog\/?s={search_term_string}"},"query-input":{"@type":"PropertyValueSpecification","valueRequired":true,"valueName":"search_term_string"}}],"inLanguage":"es"},{"@type":"Person","@id":"https:\/\/www.proclinic.es\/blog\/#\/schema\/person\/85e304ea367ce3922003b0d8b388e527","name":"Anna","image":{"@type":"ImageObject","inLanguage":"es","@id":"https:\/\/www.proclinic.es\/blog\/#\/schema\/person\/image\/","url":"https:\/\/secure.gravatar.com\/avatar\/b8b19455b6924f97d0afcdeb2791066e8c8af798468c71e0fe7e686c5d0b49f4?s=96&d=mm&r=g","contentUrl":"https:\/\/secure.gravatar.com\/avatar\/b8b19455b6924f97d0afcdeb2791066e8c8af798468c71e0fe7e686c5d0b49f4?s=96&d=mm&r=g","caption":"Anna"},"description":"Community Manager","url":"https:\/\/www.proclinic.es\/blog\/author\/anna\/"}]}},"jetpack_featured_media_url":"https:\/\/www.proclinic.es\/blog\/wp-content\/uploads\/2020\/05\/Mesa-de-trabajo-4.png","_links":{"self":[{"href":"https:\/\/www.proclinic.es\/blog\/wp-json\/wp\/v2\/posts\/12242","targetHints":{"allow":["GET"]}}],"collection":[{"href":"https:\/\/www.proclinic.es\/blog\/wp-json\/wp\/v2\/posts"}],"about":[{"href":"https:\/\/www.proclinic.es\/blog\/wp-json\/wp\/v2\/types\/post"}],"author":[{"embeddable":true,"href":"https:\/\/www.proclinic.es\/blog\/wp-json\/wp\/v2\/users\/101011"}],"replies":[{"embeddable":true,"href":"https:\/\/www.proclinic.es\/blog\/wp-json\/wp\/v2\/comments?post=12242"}],"version-history":[{"count":11,"href":"https:\/\/www.proclinic.es\/blog\/wp-json\/wp\/v2\/posts\/12242\/revisions"}],"predecessor-version":[{"id":12356,"href":"https:\/\/www.proclinic.es\/blog\/wp-json\/wp\/v2\/posts\/12242\/revisions\/12356"}],"wp:featuredmedia":[{"embeddable":true,"href":"https:\/\/www.proclinic.es\/blog\/wp-json\/wp\/v2\/media\/12251"}],"wp:attachment":[{"href":"https:\/\/www.proclinic.es\/blog\/wp-json\/wp\/v2\/media?parent=12242"}],"wp:term":[{"taxonomy":"category","embeddable":true,"href":"https:\/\/www.proclinic.es\/blog\/wp-json\/wp\/v2\/categories?post=12242"},{"taxonomy":"post_tag","embeddable":true,"href":"https:\/\/www.proclinic.es\/blog\/wp-json\/wp\/v2\/tags?post=12242"}],"curies":[{"name":"wp","href":"https:\/\/api.w.org\/{rel}","templated":true}]}}