{"id":12004,"date":"2020-01-20T09:00:59","date_gmt":"2020-01-20T07:00:59","guid":{"rendered":"https:\/\/www.proclinic.es\/blog\/?p=12004"},"modified":"2023-02-13T11:42:56","modified_gmt":"2023-02-13T09:42:56","slug":"tratamientos-dentales-en-pacientes-celiacos","status":"publish","type":"post","link":"https:\/\/www.proclinic.es\/blog\/tratamientos-dentales-en-pacientes-celiacos\/","title":{"rendered":"Tratamientos dentales en pacientes cel\u00edacos."},"content":{"rendered":"\n<p>La enfermedad cel\u00edaca es una afecci\u00f3n del sistema inmunitario\nproducida por la ingesta de gluten que ataca a las c\u00e9lulas del propio organismo. <\/p>\n\n\n\n<p>El gluten produce una inflamaci\u00f3n inmunitaria en el\nintestino delgado a las personas que padecen la enfermedad cel\u00edaca. Si no se\ntrata, puede producir otros s\u00edntomas tales como anemia, fatiga cr\u00f3nica,\nosteoporosis, trastornos en el bazo, infertilidad, trastornos neurol\u00f3gicos,\nalergia cut\u00e1nea y c\u00e1ncer. <\/p>\n\n\n\n<p>Los cel\u00edacos deben evitar de forma absoluta y definitiva\ntoda clase de gluten en sus dietas.<\/p>\n\n\n\n<p>Algunos pacientes tienen s\u00edntomas de enfermedad cel\u00edaca,\npero sus an\u00e1lisis de sangre y sus endoscop\u00edas arrojan un resultado negativo o\nnormal. <\/p>\n\n\n\n<p>Este diagn\u00f3stico se denomina sensibilidad al gluten no cel\u00edaca (SGNC) y los s\u00edntomas pueden ser similares a los de la enfermedad cel\u00edaca, que incluye dolor abdominal, inflamaci\u00f3n, gases, diarrea, confusi\u00f3n mental, letargo o fatiga. <\/p>\n\n\n\n<p><\/p>\n\n\n\n<p><\/p>\n\n\n\n<div id=\"ez-toc-container\" class=\"ez-toc-v2_0_76 counter-hierarchy ez-toc-counter ez-toc-white ez-toc-container-direction\">\n<div class=\"ez-toc-title-container\">\n<p class=\"ez-toc-title\" style=\"cursor:inherit\">\u00cdndice de contenidos<\/p>\n<span class=\"ez-toc-title-toggle\"><a href=\"#\" class=\"ez-toc-pull-right ez-toc-btn ez-toc-btn-xs ez-toc-btn-default ez-toc-toggle\" aria-label=\"Toggle Table of Content\"><span class=\"ez-toc-js-icon-con\"><span class=\"\"><span class=\"eztoc-hide\" style=\"display:none;\">Toggle<\/span><span class=\"ez-toc-icon-toggle-span\"><svg style=\"fill: #0098a7;color:#0098a7\" xmlns=\"http:\/\/www.w3.org\/2000\/svg\" class=\"list-377408\" width=\"20px\" height=\"20px\" viewBox=\"0 0 24 24\" fill=\"none\"><path d=\"M6 6H4v2h2V6zm14 0H8v2h12V6zM4 11h2v2H4v-2zm16 0H8v2h12v-2zM4 16h2v2H4v-2zm16 0H8v2h12v-2z\" fill=\"currentColor\"><\/path><\/svg><svg style=\"fill: #0098a7;color:#0098a7\" class=\"arrow-unsorted-368013\" xmlns=\"http:\/\/www.w3.org\/2000\/svg\" width=\"10px\" height=\"10px\" viewBox=\"0 0 24 24\" version=\"1.2\" baseProfile=\"tiny\"><path d=\"M18.2 9.3l-6.2-6.3-6.2 6.3c-.2.2-.3.4-.3.7s.1.5.3.7c.2.2.4.3.7.3h11c.3 0 .5-.1.7-.3.2-.2.3-.5.3-.7s-.1-.5-.3-.7zM5.8 14.7l6.2 6.3 6.2-6.3c.2-.2.3-.5.3-.7s-.1-.5-.3-.7c-.2-.2-.4-.3-.7-.3h-11c-.3 0-.5.1-.7.3-.2.2-.3.5-.3.7s.1.5.3.7z\"\/><\/svg><\/span><\/span><\/span><\/a><\/span><\/div>\n<nav><ul class='ez-toc-list ez-toc-list-level-1 ' ><li class='ez-toc-page-1 ez-toc-heading-level-1'><a class=\"ez-toc-link ez-toc-heading-1\" href=\"https:\/\/www.proclinic.es\/blog\/tratamientos-dentales-en-pacientes-celiacos\/#Manifestaciones_orales_de_la_enfermedad_celiaca\" >Manifestaciones orales de la enfermedad cel\u00edaca.<\/a><\/li><li class='ez-toc-page-1 ez-toc-heading-level-1'><a class=\"ez-toc-link ez-toc-heading-2\" href=\"https:\/\/www.proclinic.es\/blog\/tratamientos-dentales-en-pacientes-celiacos\/#Productos_dentales_sin_gluten_para_usar_en_pacientes_celiacos\" >Productos dentales sin gluten para usar en\npacientes cel\u00edacos.<\/a><ul class='ez-toc-list-level-2' ><li class='ez-toc-heading-level-2'><a class=\"ez-toc-link ez-toc-heading-3\" href=\"https:\/\/www.proclinic.es\/blog\/tratamientos-dentales-en-pacientes-celiacos\/#Alginatos_y_siliconas\" >Alginatos y siliconas<\/a><\/li><li class='ez-toc-page-1 ez-toc-heading-level-2'><a class=\"ez-toc-link ez-toc-heading-4\" href=\"https:\/\/www.proclinic.es\/blog\/tratamientos-dentales-en-pacientes-celiacos\/#Blanqueamiento_dental\" >Blanqueamiento dental<\/a><\/li><li class='ez-toc-page-1 ez-toc-heading-level-2'><a class=\"ez-toc-link ez-toc-heading-5\" href=\"https:\/\/www.proclinic.es\/blog\/tratamientos-dentales-en-pacientes-celiacos\/#Enjuague_bucal\" >Enjuague bucal<\/a><\/li><li class='ez-toc-page-1 ez-toc-heading-level-2'><a class=\"ez-toc-link ez-toc-heading-6\" href=\"https:\/\/www.proclinic.es\/blog\/tratamientos-dentales-en-pacientes-celiacos\/#Composites\" >Composites<\/a><\/li><\/ul><\/li><\/ul><\/nav><\/div>\n<h1 class=\"wp-block-heading\"><span class=\"ez-toc-section\" id=\"Manifestaciones_orales_de_la_enfermedad_celiaca\"><\/span><strong>Manifestaciones orales de la enfermedad cel\u00edaca.<\/strong><span class=\"ez-toc-section-end\"><\/span><\/h1>\n\n\n\n<p><\/p>\n\n\n\n<p>La enfermedad cel\u00edaca suele presentarse de diferentes maneras\na nivel oral; <\/p>\n\n\n\n<ul class=\"wp-block-list\"><li>Anomal\u00edas\ndel esmalte, favoreciendo la sensibilidad dental y la caries. <\/li><li>Lesiones\nhipopl\u00e1sicas.<\/li><li>Estomatitis\naftosa recidivante, mayor prevalencia de aftas.<\/li><li>Glositis\natr\u00f3fica.<\/li><li>Erupci\u00f3n\nretardada.<\/li><li>Queilitis\nangular.<\/li><li>Liquen\nplano.<\/li><li>Xerostom\u00eda.<\/li><li>Lengua\ngeogr\u00e1fica.<\/li><\/ul>\n\n\n\n<p>Los pacientes que padezcan estos s\u00edntomas deben acudir a la\nconsulta para empezar a tratar las alteraciones.<\/p>\n\n\n\n<p>Las afectaciones orales de la enfermedad cel\u00edaca, pueden\ndetectarse incluso antes de que el paciente sepa que sufre dicha enfermedad.\nPara su tratamiento, el profesional deber\u00e1 proceder conforme a cada caso en\nparticular. <\/p>\n\n\n\n<p>No obstante, el odont\u00f3logo cobra un papel vital en el\ndiagn\u00f3stico. El profesional es capaz de <strong>diagnosticar<\/strong> <strong>precozmente una\nceliaqu\u00eda o una sensibilidad al gluten<\/strong> a trav\u00e9s de una adecuada historia\ncl\u00ednica y del reconocimiento de la sintomatolog\u00eda oral asociada a esta\nafecci\u00f3n.<\/p>\n\n\n\n<p>El tratamiento a estos pacientes empieza por los <strong>productos\nlibres de gluten<\/strong>, ya que nos aportar\u00e1n una mayor seguridad en el\ntratamiento. Dado que estamos trabajando en la cavidad oral, debemos tener en\ncuenta que siempre existe un peque\u00f1o riesgo de degluci\u00f3n de alguno de los\nproductos que usamos durante el tratamiento, por lo que los productos libres de\ngluten nos pueden aportar un extra de seguridad en caso de una m\u00ednima ingesti\u00f3n.<\/p>\n\n\n\n<p>En <strong>Proclinic encontrar\u00e1s una diversidad de productos aptos\npara pacientes cel\u00edacos<\/strong> ya que apostamos por el desarrollo de productos sin\ntrazas de gluten.<\/p>\n\n\n\n<p><\/p>\n\n\n\n<h1 class=\"wp-block-heading\"><span class=\"ez-toc-section\" id=\"Productos_dentales_sin_gluten_para_usar_en_pacientes_celiacos\"><\/span><strong>Productos dentales sin gluten para usar en\npacientes cel\u00edacos.<\/strong><span class=\"ez-toc-section-end\"><\/span><\/h1>\n\n\n\n<p><\/p>\n\n\n\n<h2 class=\"wp-block-heading\"><span class=\"ez-toc-section\" id=\"Alginatos_y_siliconas\"><\/span><strong>Alginatos y siliconas<\/strong><span class=\"ez-toc-section-end\"><\/span><\/h2>\n\n\n\n<p>Uno de los procedimientos en los que hay m\u00e1s riesgo de\ndegluci\u00f3n es <strong>la toma de impresiones<\/strong>, por lo que usar <strong>alginatos o\nsiliconas<\/strong> sin este componente es fundamental en estos pacientes. <\/p>\n\n\n\n<p><strong>Los alginatos Proclinic; <\/strong><a href=\"https:\/\/www.proclinic.es\/tienda\/alginato-normal-bolsa.html\"><strong>Alginato Regular Set<\/strong><\/a> y <a href=\"https:\/\/www.proclinic.es\/tienda\/alginato-de-ortodoncia-bolsa.html\"><strong>Alginato Fast Ortodoncia<\/strong><\/a>, adem\u00e1s de la gama completa de <strong><a href=\"https:\/\/www.proclinic.es\/tienda\/products\/search?q=silicona%20putty&amp;p=1&amp;limit=24&amp;orderBy[_score]=desc&amp;filters[family][]=Impresi%C3%B3n&amp;filters[subfamily][]=Siliconas%20de%20adici%C3%B3n&amp;filters[subfamily][]=Siliconas%20de%20adici%C3%B3n%20para%20mezcladoras%20autom%C3%A1ticas&amp;filters[brand][]=PROCLINIC%20EXPERT\" target=\"_blank\" rel=\"noreferrer noopener\" aria-label=\" (opens in a new tab)\">Siliconas Proclinic Expert<\/a><\/strong>, son materiales libres de gluten y por tanto no provocar\u00e1n una reacci\u00f3n inmunitaria en el caso de una ingesti\u00f3n m\u00ednima del producto.<\/p>\n\n\n\n<figure class=\"wp-block-image\"><img loading=\"lazy\" decoding=\"async\" width=\"900\" height=\"679\" src=\"https:\/\/www.proclinic.es\/blog\/wp-content\/uploads\/2020\/01\/compo-de-3.jpg\" alt=\"\" class=\"wp-image-12006\" srcset=\"https:\/\/www.proclinic.es\/blog\/wp-content\/uploads\/2020\/01\/compo-de-3.jpg 900w, https:\/\/www.proclinic.es\/blog\/wp-content\/uploads\/2020\/01\/compo-de-3-300x226.jpg 300w, https:\/\/www.proclinic.es\/blog\/wp-content\/uploads\/2020\/01\/compo-de-3-800x604.jpg 800w, https:\/\/www.proclinic.es\/blog\/wp-content\/uploads\/2020\/01\/compo-de-3-768x579.jpg 768w\" sizes=\"auto, (max-width: 900px) 100vw, 900px\" \/><figcaption>Siliconas Proclinic Expert<\/figcaption><\/figure>\n\n\n\n<h2 class=\"wp-block-heading\"><span class=\"ez-toc-section\" id=\"Blanqueamiento_dental\"><\/span><strong>Blanqueamiento dental<\/strong><span class=\"ez-toc-section-end\"><\/span><\/h2>\n\n\n\n<p>Otro ejemplo de productos que f\u00e1cilmente el paciente puede ingerir durante el tratamiento es el blanqueamiento, por lo que toda la gama de productos de <strong><a href=\"https:\/\/www.proclinic.es\/tienda\/blanqueamiento-35-ph-kit-3-pacientes.html\" target=\"_blank\" rel=\"noreferrer noopener\" aria-label=\" (opens in a new tab)\">blanqueamiento Proclinic Expert<\/a> <\/strong>est\u00e1n exentos de gluten. Desde el <a href=\"https:\/\/www.proclinic.es\/tienda\/blanqueamiento-35-ph-kit-3-pacientes.html\">tratamiento en cl\u00ednica<\/a> hasta el <a href=\"https:\/\/www.proclinic.es\/tienda\/blanqueamiento-casa.html\">blanqueamiento para casa<\/a> con f\u00e9rulas y el <a href=\"https:\/\/www.proclinic.es\/tienda\/pen-blanqueamiento-3ml-carbamida-16.html\">pen para mantenimiento<\/a>.<\/p>\n\n\n\n<p>El sistema de blanqueamiento <strong>Proclinic Expert es seguro\npara tus pacientes cel\u00edacos<\/strong>. <\/p>\n\n\n\n<figure class=\"wp-block-image\"><img loading=\"lazy\" decoding=\"async\" width=\"1275\" height=\"582\" src=\"https:\/\/www.proclinic.es\/blog\/wp-content\/uploads\/2020\/01\/blanquemaiento-proclinic-expert.jpg\" alt=\"\" class=\"wp-image-12009\"\/><\/figure>\n\n\n\n<h2 class=\"wp-block-heading\"><span class=\"ez-toc-section\" id=\"Enjuague_bucal\"><\/span><strong>Enjuague bucal<\/strong><span class=\"ez-toc-section-end\"><\/span><\/h2>\n\n\n\n<p>Dado que una de las manifestaciones orales m\u00e1s frecuentes en\ncel\u00edacos es la <a href=\"https:\/\/www.stanfordchildrens.org\/es\/topic\/default?id=estomatitisaftosa-90-P04946\">estomatitis\naftosa<\/a>, debemos tratar de forma sintomatol\u00f3gica las llagas con\nenjuagues bucales y clorhexidina. <\/p>\n\n\n\n<p>Uno de los enjuagues que puedes usar sin problema para este\ntratamiento es el <a href=\"https:\/\/www.proclinic.es\/tienda\/gingival-complex-colutorio.html\">colutorio\nGingival Complex<\/a> de KIN, ya que ning\u00fan producto de esta marca\ncontiene gluten en su composici\u00f3n.<\/p>\n\n\n\n\n\n<h2 class=\"wp-block-heading\"><span class=\"ez-toc-section\" id=\"Composites\"><\/span><strong>Composites<\/strong><span class=\"ez-toc-section-end\"><\/span><\/h2>\n\n\n\n<p>Toda la gama de <strong><a href=\"https:\/\/www.proclinic.es\/tienda\/products\/search?q=composite%20proclinic%20expert&amp;p=1&amp;limit=24&amp;orderBy[_score]=desc\" target=\"_blank\" rel=\"noreferrer noopener\" aria-label=\" (opens in a new tab)\">composites Proclinic Expert<\/a><\/strong> cuenta con una formulaci\u00f3n libre de gluten, ideal para los tratamientos de restauraci\u00f3n dental en pacientes cel\u00edacos.<\/p>\n\n\n\n<figure class=\"wp-block-image\"><img loading=\"lazy\" decoding=\"async\" width=\"900\" height=\"900\" src=\"https:\/\/www.proclinic.es\/blog\/wp-content\/uploads\/2020\/01\/Composite-001.3.jpg\" alt=\"\" class=\"wp-image-12010\" srcset=\"https:\/\/www.proclinic.es\/blog\/wp-content\/uploads\/2020\/01\/Composite-001.3.jpg 900w, https:\/\/www.proclinic.es\/blog\/wp-content\/uploads\/2020\/01\/Composite-001.3-300x300.jpg 300w, https:\/\/www.proclinic.es\/blog\/wp-content\/uploads\/2020\/01\/Composite-001.3-800x800.jpg 800w, https:\/\/www.proclinic.es\/blog\/wp-content\/uploads\/2020\/01\/Composite-001.3-150x150.jpg 150w, https:\/\/www.proclinic.es\/blog\/wp-content\/uploads\/2020\/01\/Composite-001.3-768x768.jpg 768w\" sizes=\"auto, (max-width: 900px) 100vw, 900px\" \/><figcaption>Composite dental Proclinic Expert<\/figcaption><\/figure>\n\n\n\n<p>Visita <a href=\"http:\/\/www.proclinic.es\/tienda\">nuestra web<\/a> y\nencontrar\u00e1s m\u00e1s productos libres de gluten como el barniz de fl\u00faor <strong>Enamelas de Ultradent<\/strong> y la pasta profil\u00e1ctica <strong>Detartrine\nde Septodont <\/strong>para que puedas realizar tus tratamientos dentales en\npacientes cel\u00edacos de forma c\u00f3moda y segura. <\/p>\n\n\n\n<p><\/p>\n\n\n\n<p><\/p>\n","protected":false},"excerpt":{"rendered":"<p>La enfermedad cel\u00edaca es una afecci\u00f3n del sistema inmunitario producida por la ingesta de gluten que ataca a las c\u00e9lulas del propio organismo. El gluten produce una inflamaci\u00f3n inmunitaria en el intestino delgado a las personas que padecen la enfermedad cel\u00edaca. Si no se trata, puede producir otros s\u00edntomas tales como anemia, fatiga cr\u00f3nica, osteoporosis, &#8230; <a title=\"Tratamientos dentales en pacientes cel\u00edacos.\" class=\"read-more\" href=\"https:\/\/www.proclinic.es\/blog\/tratamientos-dentales-en-pacientes-celiacos\/\" aria-label=\"More on Tratamientos dentales en pacientes cel\u00edacos.\">Read more<\/a><\/p>\n","protected":false},"author":101011,"featured_media":12082,"comment_status":"open","ping_status":"open","sticky":false,"template":"","format":"standard","meta":{"footnotes":""},"categories":[49],"tags":[517,520,60,518,57,63,519],"class_list":["post-12004","post","type-post","status-publish","format-standard","has-post-thumbnail","hentry","category-clinica-dental","tag-celiacos","tag-celiaquia","tag-clinica-dental","tag-gluten","tag-ortodoncia","tag-proclinic","tag-sin-gluten"],"yoast_head":"<!-- This site is optimized with the Yoast SEO plugin v27.4 - https:\/\/yoast.com\/product\/yoast-seo-wordpress\/ -->\n<title>Tratamientos dentales en pacientes cel\u00edacos. - Blog Proclinic<\/title>\n<meta name=\"robots\" content=\"index, follow, max-snippet:-1, max-image-preview:large, max-video-preview:-1\" \/>\n<link rel=\"canonical\" href=\"https:\/\/www.proclinic.es\/blog\/tratamientos-dentales-en-pacientes-celiacos\/\" \/>\n<meta property=\"og:locale\" content=\"es_ES\" \/>\n<meta property=\"og:type\" content=\"article\" \/>\n<meta property=\"og:title\" content=\"Tratamientos dentales en pacientes cel\u00edacos. - Blog Proclinic\" \/>\n<meta property=\"og:description\" content=\"La enfermedad cel\u00edaca es una afecci\u00f3n del sistema inmunitario producida por la ingesta de gluten que ataca a las c\u00e9lulas del propio organismo. El gluten produce una inflamaci\u00f3n inmunitaria en el intestino delgado a las personas que padecen la enfermedad cel\u00edaca. Si no se trata, puede producir otros s\u00edntomas tales como anemia, fatiga cr\u00f3nica, osteoporosis, ... Read more\" \/>\n<meta property=\"og:url\" content=\"https:\/\/www.proclinic.es\/blog\/tratamientos-dentales-en-pacientes-celiacos\/\" \/>\n<meta property=\"og:site_name\" content=\"Blog Proclinic\" \/>\n<meta property=\"article:publisher\" content=\"https:\/\/www.facebook.com\/proclinicsa\" \/>\n<meta property=\"article:published_time\" content=\"2020-01-20T07:00:59+00:00\" \/>\n<meta property=\"article:modified_time\" content=\"2023-02-13T09:42:56+00:00\" \/>\n<meta property=\"og:image\" content=\"https:\/\/www.proclinic.es\/blog\/wp-content\/uploads\/2020\/01\/Cel\u00edacos-en-la-consulta-dental.png\" \/>\n\t<meta property=\"og:image:width\" content=\"808\" \/>\n\t<meta property=\"og:image:height\" content=\"601\" \/>\n\t<meta property=\"og:image:type\" content=\"image\/png\" \/>\n<meta name=\"author\" content=\"Anna\" \/>\n<meta name=\"twitter:card\" content=\"summary_large_image\" \/>\n<meta name=\"twitter:creator\" content=\"@Proclinic_SA\" \/>\n<meta name=\"twitter:site\" content=\"@Proclinic_SA\" \/>\n<meta name=\"twitter:label1\" content=\"Escrito por\" \/>\n\t<meta name=\"twitter:data1\" content=\"Anna\" \/>\n\t<meta name=\"twitter:label2\" content=\"Tiempo de lectura\" \/>\n\t<meta name=\"twitter:data2\" content=\"4 minutos\" \/>\n<script type=\"application\/ld+json\" class=\"yoast-schema-graph\">{\"@context\":\"https:\\\/\\\/schema.org\",\"@graph\":[{\"@type\":\"Article\",\"@id\":\"https:\\\/\\\/www.proclinic.es\\\/blog\\\/tratamientos-dentales-en-pacientes-celiacos\\\/#article\",\"isPartOf\":{\"@id\":\"https:\\\/\\\/www.proclinic.es\\\/blog\\\/tratamientos-dentales-en-pacientes-celiacos\\\/\"},\"author\":{\"name\":\"Anna\",\"@id\":\"https:\\\/\\\/www.proclinic.es\\\/blog\\\/#\\\/schema\\\/person\\\/85e304ea367ce3922003b0d8b388e527\"},\"headline\":\"Tratamientos dentales en pacientes cel\u00edacos.\",\"datePublished\":\"2020-01-20T07:00:59+00:00\",\"dateModified\":\"2023-02-13T09:42:56+00:00\",\"mainEntityOfPage\":{\"@id\":\"https:\\\/\\\/www.proclinic.es\\\/blog\\\/tratamientos-dentales-en-pacientes-celiacos\\\/\"},\"wordCount\":731,\"commentCount\":0,\"image\":{\"@id\":\"https:\\\/\\\/www.proclinic.es\\\/blog\\\/tratamientos-dentales-en-pacientes-celiacos\\\/#primaryimage\"},\"thumbnailUrl\":\"https:\\\/\\\/www.proclinic.es\\\/blog\\\/wp-content\\\/uploads\\\/2020\\\/01\\\/Cel\u00edacos-en-la-consulta-dental.png\",\"keywords\":[\"celiacos\",\"celiaqu\u00eda\",\"cl\u00ednica dental\",\"gluten\",\"ortodoncia\",\"proclinic\",\"sin gluten\"],\"articleSection\":[\"Cl\u00ednica Dental\"],\"inLanguage\":\"es\",\"potentialAction\":[{\"@type\":\"CommentAction\",\"name\":\"Comment\",\"target\":[\"https:\\\/\\\/www.proclinic.es\\\/blog\\\/tratamientos-dentales-en-pacientes-celiacos\\\/#respond\"]}]},{\"@type\":\"WebPage\",\"@id\":\"https:\\\/\\\/www.proclinic.es\\\/blog\\\/tratamientos-dentales-en-pacientes-celiacos\\\/\",\"url\":\"https:\\\/\\\/www.proclinic.es\\\/blog\\\/tratamientos-dentales-en-pacientes-celiacos\\\/\",\"name\":\"Tratamientos dentales en pacientes cel\u00edacos. - Blog Proclinic\",\"isPartOf\":{\"@id\":\"https:\\\/\\\/www.proclinic.es\\\/blog\\\/#website\"},\"primaryImageOfPage\":{\"@id\":\"https:\\\/\\\/www.proclinic.es\\\/blog\\\/tratamientos-dentales-en-pacientes-celiacos\\\/#primaryimage\"},\"image\":{\"@id\":\"https:\\\/\\\/www.proclinic.es\\\/blog\\\/tratamientos-dentales-en-pacientes-celiacos\\\/#primaryimage\"},\"thumbnailUrl\":\"https:\\\/\\\/www.proclinic.es\\\/blog\\\/wp-content\\\/uploads\\\/2020\\\/01\\\/Cel\u00edacos-en-la-consulta-dental.png\",\"datePublished\":\"2020-01-20T07:00:59+00:00\",\"dateModified\":\"2023-02-13T09:42:56+00:00\",\"author\":{\"@id\":\"https:\\\/\\\/www.proclinic.es\\\/blog\\\/#\\\/schema\\\/person\\\/85e304ea367ce3922003b0d8b388e527\"},\"breadcrumb\":{\"@id\":\"https:\\\/\\\/www.proclinic.es\\\/blog\\\/tratamientos-dentales-en-pacientes-celiacos\\\/#breadcrumb\"},\"inLanguage\":\"es\",\"potentialAction\":[{\"@type\":\"ReadAction\",\"target\":[\"https:\\\/\\\/www.proclinic.es\\\/blog\\\/tratamientos-dentales-en-pacientes-celiacos\\\/\"]}]},{\"@type\":\"ImageObject\",\"inLanguage\":\"es\",\"@id\":\"https:\\\/\\\/www.proclinic.es\\\/blog\\\/tratamientos-dentales-en-pacientes-celiacos\\\/#primaryimage\",\"url\":\"https:\\\/\\\/www.proclinic.es\\\/blog\\\/wp-content\\\/uploads\\\/2020\\\/01\\\/Cel\u00edacos-en-la-consulta-dental.png\",\"contentUrl\":\"https:\\\/\\\/www.proclinic.es\\\/blog\\\/wp-content\\\/uploads\\\/2020\\\/01\\\/Cel\u00edacos-en-la-consulta-dental.png\",\"width\":808,\"height\":601},{\"@type\":\"BreadcrumbList\",\"@id\":\"https:\\\/\\\/www.proclinic.es\\\/blog\\\/tratamientos-dentales-en-pacientes-celiacos\\\/#breadcrumb\",\"itemListElement\":[{\"@type\":\"ListItem\",\"position\":1,\"name\":\"Home\",\"item\":\"https:\\\/\\\/www.proclinic.es\\\/blog\\\/\"},{\"@type\":\"ListItem\",\"position\":2,\"name\":\"Tratamientos dentales en pacientes cel\u00edacos.\"}]},{\"@type\":\"WebSite\",\"@id\":\"https:\\\/\\\/www.proclinic.es\\\/blog\\\/#website\",\"url\":\"https:\\\/\\\/www.proclinic.es\\\/blog\\\/\",\"name\":\"Blog Proclinic\",\"description\":\"\u00a1Bienvenido al blog de Proclinic! En este espacio, nos enfocamos en brindar informaci\u00f3n valiosa y actualizada para todos los profesionales del sector dental. Nuestra misi\u00f3n es mantenerte al d\u00eda de las \u00faltimas tendencias, investigaciones y t\u00e9cnicas en el campo de la odontolog\u00eda. Exploraremos temas que van desde las novedades en materiales odontol\u00f3gicos, consejos pr\u00e1cticos para la gesti\u00f3n de cl\u00ednicas dentales hasta casos cl\u00ednicos con base cient\u00edfica, eventos del sector y mucho m\u00e1s. Te invitamos a seguir nuestro contenido, dise\u00f1ado para mantener tu pr\u00e1ctica en la vanguardia de la odontolog\u00eda moderna.\",\"potentialAction\":[{\"@type\":\"SearchAction\",\"target\":{\"@type\":\"EntryPoint\",\"urlTemplate\":\"https:\\\/\\\/www.proclinic.es\\\/blog\\\/?s={search_term_string}\"},\"query-input\":{\"@type\":\"PropertyValueSpecification\",\"valueRequired\":true,\"valueName\":\"search_term_string\"}}],\"inLanguage\":\"es\"},{\"@type\":\"Person\",\"@id\":\"https:\\\/\\\/www.proclinic.es\\\/blog\\\/#\\\/schema\\\/person\\\/85e304ea367ce3922003b0d8b388e527\",\"name\":\"Anna\",\"image\":{\"@type\":\"ImageObject\",\"inLanguage\":\"es\",\"@id\":\"https:\\\/\\\/secure.gravatar.com\\\/avatar\\\/b8b19455b6924f97d0afcdeb2791066e8c8af798468c71e0fe7e686c5d0b49f4?s=96&d=mm&r=g\",\"url\":\"https:\\\/\\\/secure.gravatar.com\\\/avatar\\\/b8b19455b6924f97d0afcdeb2791066e8c8af798468c71e0fe7e686c5d0b49f4?s=96&d=mm&r=g\",\"contentUrl\":\"https:\\\/\\\/secure.gravatar.com\\\/avatar\\\/b8b19455b6924f97d0afcdeb2791066e8c8af798468c71e0fe7e686c5d0b49f4?s=96&d=mm&r=g\",\"caption\":\"Anna\"},\"description\":\"Community Manager\",\"url\":\"https:\\\/\\\/www.proclinic.es\\\/blog\\\/author\\\/anna\\\/\"}]}<\/script>\n<!-- \/ Yoast SEO plugin. -->","yoast_head_json":{"title":"Tratamientos dentales en pacientes cel\u00edacos. - Blog Proclinic","robots":{"index":"index","follow":"follow","max-snippet":"max-snippet:-1","max-image-preview":"max-image-preview:large","max-video-preview":"max-video-preview:-1"},"canonical":"https:\/\/www.proclinic.es\/blog\/tratamientos-dentales-en-pacientes-celiacos\/","og_locale":"es_ES","og_type":"article","og_title":"Tratamientos dentales en pacientes cel\u00edacos. - Blog Proclinic","og_description":"La enfermedad cel\u00edaca es una afecci\u00f3n del sistema inmunitario producida por la ingesta de gluten que ataca a las c\u00e9lulas del propio organismo. El gluten produce una inflamaci\u00f3n inmunitaria en el intestino delgado a las personas que padecen la enfermedad cel\u00edaca. Si no se trata, puede producir otros s\u00edntomas tales como anemia, fatiga cr\u00f3nica, osteoporosis, ... Read more","og_url":"https:\/\/www.proclinic.es\/blog\/tratamientos-dentales-en-pacientes-celiacos\/","og_site_name":"Blog Proclinic","article_publisher":"https:\/\/www.facebook.com\/proclinicsa","article_published_time":"2020-01-20T07:00:59+00:00","article_modified_time":"2023-02-13T09:42:56+00:00","og_image":[{"width":808,"height":601,"url":"https:\/\/www.proclinic.es\/blog\/wp-content\/uploads\/2020\/01\/Cel\u00edacos-en-la-consulta-dental.png","type":"image\/png"}],"author":"Anna","twitter_card":"summary_large_image","twitter_creator":"@Proclinic_SA","twitter_site":"@Proclinic_SA","twitter_misc":{"Escrito por":"Anna","Tiempo de lectura":"4 minutos"},"schema":{"@context":"https:\/\/schema.org","@graph":[{"@type":"Article","@id":"https:\/\/www.proclinic.es\/blog\/tratamientos-dentales-en-pacientes-celiacos\/#article","isPartOf":{"@id":"https:\/\/www.proclinic.es\/blog\/tratamientos-dentales-en-pacientes-celiacos\/"},"author":{"name":"Anna","@id":"https:\/\/www.proclinic.es\/blog\/#\/schema\/person\/85e304ea367ce3922003b0d8b388e527"},"headline":"Tratamientos dentales en pacientes cel\u00edacos.","datePublished":"2020-01-20T07:00:59+00:00","dateModified":"2023-02-13T09:42:56+00:00","mainEntityOfPage":{"@id":"https:\/\/www.proclinic.es\/blog\/tratamientos-dentales-en-pacientes-celiacos\/"},"wordCount":731,"commentCount":0,"image":{"@id":"https:\/\/www.proclinic.es\/blog\/tratamientos-dentales-en-pacientes-celiacos\/#primaryimage"},"thumbnailUrl":"https:\/\/www.proclinic.es\/blog\/wp-content\/uploads\/2020\/01\/Cel\u00edacos-en-la-consulta-dental.png","keywords":["celiacos","celiaqu\u00eda","cl\u00ednica dental","gluten","ortodoncia","proclinic","sin gluten"],"articleSection":["Cl\u00ednica Dental"],"inLanguage":"es","potentialAction":[{"@type":"CommentAction","name":"Comment","target":["https:\/\/www.proclinic.es\/blog\/tratamientos-dentales-en-pacientes-celiacos\/#respond"]}]},{"@type":"WebPage","@id":"https:\/\/www.proclinic.es\/blog\/tratamientos-dentales-en-pacientes-celiacos\/","url":"https:\/\/www.proclinic.es\/blog\/tratamientos-dentales-en-pacientes-celiacos\/","name":"Tratamientos dentales en pacientes cel\u00edacos. - Blog Proclinic","isPartOf":{"@id":"https:\/\/www.proclinic.es\/blog\/#website"},"primaryImageOfPage":{"@id":"https:\/\/www.proclinic.es\/blog\/tratamientos-dentales-en-pacientes-celiacos\/#primaryimage"},"image":{"@id":"https:\/\/www.proclinic.es\/blog\/tratamientos-dentales-en-pacientes-celiacos\/#primaryimage"},"thumbnailUrl":"https:\/\/www.proclinic.es\/blog\/wp-content\/uploads\/2020\/01\/Cel\u00edacos-en-la-consulta-dental.png","datePublished":"2020-01-20T07:00:59+00:00","dateModified":"2023-02-13T09:42:56+00:00","author":{"@id":"https:\/\/www.proclinic.es\/blog\/#\/schema\/person\/85e304ea367ce3922003b0d8b388e527"},"breadcrumb":{"@id":"https:\/\/www.proclinic.es\/blog\/tratamientos-dentales-en-pacientes-celiacos\/#breadcrumb"},"inLanguage":"es","potentialAction":[{"@type":"ReadAction","target":["https:\/\/www.proclinic.es\/blog\/tratamientos-dentales-en-pacientes-celiacos\/"]}]},{"@type":"ImageObject","inLanguage":"es","@id":"https:\/\/www.proclinic.es\/blog\/tratamientos-dentales-en-pacientes-celiacos\/#primaryimage","url":"https:\/\/www.proclinic.es\/blog\/wp-content\/uploads\/2020\/01\/Cel\u00edacos-en-la-consulta-dental.png","contentUrl":"https:\/\/www.proclinic.es\/blog\/wp-content\/uploads\/2020\/01\/Cel\u00edacos-en-la-consulta-dental.png","width":808,"height":601},{"@type":"BreadcrumbList","@id":"https:\/\/www.proclinic.es\/blog\/tratamientos-dentales-en-pacientes-celiacos\/#breadcrumb","itemListElement":[{"@type":"ListItem","position":1,"name":"Home","item":"https:\/\/www.proclinic.es\/blog\/"},{"@type":"ListItem","position":2,"name":"Tratamientos dentales en pacientes cel\u00edacos."}]},{"@type":"WebSite","@id":"https:\/\/www.proclinic.es\/blog\/#website","url":"https:\/\/www.proclinic.es\/blog\/","name":"Blog Proclinic","description":"\u00a1Bienvenido al blog de Proclinic! En este espacio, nos enfocamos en brindar informaci\u00f3n valiosa y actualizada para todos los profesionales del sector dental. Nuestra misi\u00f3n es mantenerte al d\u00eda de las \u00faltimas tendencias, investigaciones y t\u00e9cnicas en el campo de la odontolog\u00eda. Exploraremos temas que van desde las novedades en materiales odontol\u00f3gicos, consejos pr\u00e1cticos para la gesti\u00f3n de cl\u00ednicas dentales hasta casos cl\u00ednicos con base cient\u00edfica, eventos del sector y mucho m\u00e1s. Te invitamos a seguir nuestro contenido, dise\u00f1ado para mantener tu pr\u00e1ctica en la vanguardia de la odontolog\u00eda moderna.","potentialAction":[{"@type":"SearchAction","target":{"@type":"EntryPoint","urlTemplate":"https:\/\/www.proclinic.es\/blog\/?s={search_term_string}"},"query-input":{"@type":"PropertyValueSpecification","valueRequired":true,"valueName":"search_term_string"}}],"inLanguage":"es"},{"@type":"Person","@id":"https:\/\/www.proclinic.es\/blog\/#\/schema\/person\/85e304ea367ce3922003b0d8b388e527","name":"Anna","image":{"@type":"ImageObject","inLanguage":"es","@id":"https:\/\/secure.gravatar.com\/avatar\/b8b19455b6924f97d0afcdeb2791066e8c8af798468c71e0fe7e686c5d0b49f4?s=96&d=mm&r=g","url":"https:\/\/secure.gravatar.com\/avatar\/b8b19455b6924f97d0afcdeb2791066e8c8af798468c71e0fe7e686c5d0b49f4?s=96&d=mm&r=g","contentUrl":"https:\/\/secure.gravatar.com\/avatar\/b8b19455b6924f97d0afcdeb2791066e8c8af798468c71e0fe7e686c5d0b49f4?s=96&d=mm&r=g","caption":"Anna"},"description":"Community Manager","url":"https:\/\/www.proclinic.es\/blog\/author\/anna\/"}]}},"jetpack_featured_media_url":"https:\/\/www.proclinic.es\/blog\/wp-content\/uploads\/2020\/01\/Cel\u00edacos-en-la-consulta-dental.png","_links":{"self":[{"href":"https:\/\/www.proclinic.es\/blog\/wp-json\/wp\/v2\/posts\/12004","targetHints":{"allow":["GET"]}}],"collection":[{"href":"https:\/\/www.proclinic.es\/blog\/wp-json\/wp\/v2\/posts"}],"about":[{"href":"https:\/\/www.proclinic.es\/blog\/wp-json\/wp\/v2\/types\/post"}],"author":[{"embeddable":true,"href":"https:\/\/www.proclinic.es\/blog\/wp-json\/wp\/v2\/users\/101011"}],"replies":[{"embeddable":true,"href":"https:\/\/www.proclinic.es\/blog\/wp-json\/wp\/v2\/comments?post=12004"}],"version-history":[{"count":5,"href":"https:\/\/www.proclinic.es\/blog\/wp-json\/wp\/v2\/posts\/12004\/revisions"}],"predecessor-version":[{"id":12360,"href":"https:\/\/www.proclinic.es\/blog\/wp-json\/wp\/v2\/posts\/12004\/revisions\/12360"}],"wp:featuredmedia":[{"embeddable":true,"href":"https:\/\/www.proclinic.es\/blog\/wp-json\/wp\/v2\/media\/12082"}],"wp:attachment":[{"href":"https:\/\/www.proclinic.es\/blog\/wp-json\/wp\/v2\/media?parent=12004"}],"wp:term":[{"taxonomy":"category","embeddable":true,"href":"https:\/\/www.proclinic.es\/blog\/wp-json\/wp\/v2\/categories?post=12004"},{"taxonomy":"post_tag","embeddable":true,"href":"https:\/\/www.proclinic.es\/blog\/wp-json\/wp\/v2\/tags?post=12004"}],"curies":[{"name":"wp","href":"https:\/\/api.w.org\/{rel}","templated":true}]}}