{"id":11980,"date":"2020-01-09T11:14:57","date_gmt":"2020-01-09T09:14:57","guid":{"rendered":"https:\/\/www.proclinic.es\/blog\/?p=11980"},"modified":"2020-01-16T14:31:25","modified_gmt":"2020-01-16T12:31:25","slug":"zaragoza-equipa-sus-clinicas-dentales-con-tecnologia-planmeca","status":"publish","type":"post","link":"https:\/\/www.proclinic.es\/blog\/zaragoza-equipa-sus-clinicas-dentales-con-tecnologia-planmeca\/","title":{"rendered":"Zaragoza equipa sus cl\u00ednicas dentales con tecnolog\u00eda Planmeca."},"content":{"rendered":"\n<p>Os presentamos al <strong>Dr<\/strong>.\n<strong>Jos\u00e9 Antonio Jim\u00e9nez, un profesional en\nel campo odontol\u00f3gico <\/strong>que cuenta con m\u00e1s de 30 a\u00f1os de experiencia en el\nsector dental.<\/p>\n\n\n\n<p>Para el Dr. Jim\u00e9nez, <strong>la experiencia y la satisfacci\u00f3n del\npaciente siempre han sido prioridades<\/strong> clave y as\u00ed lo muestra d\u00eda tras d\u00eda\nen su cl\u00ednica dental; <a href=\"https:\/\/jimenezolite.com\/\"><strong>Cl\u00ednica Dental\nJim\u00e9nez Olite<\/strong><\/a><strong>. <\/strong><\/p>\n\n\n\n<p>La\ncl\u00ednica,situada en Zaragoza, est\u00e1 comprometida en ofrecer un servicio de alta calidad, as\u00ed como una\nexperiencia \u00fanica y superior al paciente. <\/p>\n\n\n\n<p>Parte de cumplir\nsus objetivos es gracias a los <strong>equipos odontol\u00f3gicos de vanguardia de\nPlanmeca<\/strong>.<\/p>\n\n\n\n<p>En la actualidad, la dirige junto a\nsu hijo. Hace tres a\u00f1os decidi\u00f3 actualizar y\nampliar su centro en t\u00e9rminos de tama\u00f1o, equipamiento y tecnolog\u00eda. <\/p>\n\n\n\n<p>Asimismo, se traslad\u00f3 a unas instalaciones de mayor amplitud\ny modernidad. <\/p>\n\n\n\n<p>\u201cLo hicimos con la idea de mantener la empresa en marcha\ndurante treinta a\u00f1os m\u00e1s,\u201d afirma el Dr. Jim\u00e9nez.<\/p>\n\n\n\n<div class=\"wp-block-image\"><figure class=\"aligncenter\"><img loading=\"lazy\" decoding=\"async\" width=\"569\" height=\"768\" src=\"https:\/\/www.proclinic.es\/blog\/wp-content\/uploads\/2020\/01\/Torrealba.jpg\" alt=\"\" class=\"wp-image-11982\" srcset=\"https:\/\/www.proclinic.es\/blog\/wp-content\/uploads\/2020\/01\/Torrealba.jpg 569w, https:\/\/www.proclinic.es\/blog\/wp-content\/uploads\/2020\/01\/Torrealba-222x300.jpg 222w\" sizes=\"auto, (max-width: 569px) 100vw, 569px\" \/><\/figure><\/div>\n\n\n\n<div id=\"ez-toc-container\" class=\"ez-toc-v2_0_76 counter-hierarchy ez-toc-counter ez-toc-white ez-toc-container-direction\">\n<div class=\"ez-toc-title-container\">\n<p class=\"ez-toc-title\" style=\"cursor:inherit\">\u00cdndice de contenidos<\/p>\n<span class=\"ez-toc-title-toggle\"><a href=\"#\" class=\"ez-toc-pull-right ez-toc-btn ez-toc-btn-xs ez-toc-btn-default ez-toc-toggle\" aria-label=\"Toggle Table of Content\"><span class=\"ez-toc-js-icon-con\"><span class=\"\"><span class=\"eztoc-hide\" style=\"display:none;\">Toggle<\/span><span class=\"ez-toc-icon-toggle-span\"><svg style=\"fill: #0098a7;color:#0098a7\" xmlns=\"http:\/\/www.w3.org\/2000\/svg\" class=\"list-377408\" width=\"20px\" height=\"20px\" viewBox=\"0 0 24 24\" fill=\"none\"><path d=\"M6 6H4v2h2V6zm14 0H8v2h12V6zM4 11h2v2H4v-2zm16 0H8v2h12v-2zM4 16h2v2H4v-2zm16 0H8v2h12v-2z\" fill=\"currentColor\"><\/path><\/svg><svg style=\"fill: #0098a7;color:#0098a7\" class=\"arrow-unsorted-368013\" xmlns=\"http:\/\/www.w3.org\/2000\/svg\" width=\"10px\" height=\"10px\" viewBox=\"0 0 24 24\" version=\"1.2\" baseProfile=\"tiny\"><path d=\"M18.2 9.3l-6.2-6.3-6.2 6.3c-.2.2-.3.4-.3.7s.1.5.3.7c.2.2.4.3.7.3h11c.3 0 .5-.1.7-.3.2-.2.3-.5.3-.7s-.1-.5-.3-.7zM5.8 14.7l6.2 6.3 6.2-6.3c.2-.2.3-.5.3-.7s-.1-.5-.3-.7c-.2-.2-.4-.3-.7-.3h-11c-.3 0-.5.1-.7.3-.2.2-.3.5-.3.7s.1.5.3.7z\"\/><\/svg><\/span><\/span><\/span><\/a><\/span><\/div>\n<nav><ul class='ez-toc-list ez-toc-list-level-1 ' ><ul class='ez-toc-list-level-2' ><li class='ez-toc-heading-level-2'><a class=\"ez-toc-link ez-toc-heading-1\" href=\"https:\/\/www.proclinic.es\/blog\/zaragoza-equipa-sus-clinicas-dentales-con-tecnologia-planmeca\/#i\" >&nbsp;<\/a><\/li><\/ul><\/li><li class='ez-toc-page-1 ez-toc-heading-level-1'><a class=\"ez-toc-link ez-toc-heading-2\" href=\"https:\/\/www.proclinic.es\/blog\/zaragoza-equipa-sus-clinicas-dentales-con-tecnologia-planmeca\/#Equipamiento_moderno_en_una_clinica_moderna\" >Equipamiento moderno en una cl\u00ednica moderna<\/a><\/li><\/ul><\/nav><\/div>\n<h2 class=\"wp-block-heading\"><span class=\"ez-toc-section\" id=\"i\"><\/span><strong>&nbsp;<\/strong><span class=\"ez-toc-section-end\"><\/span><\/h2>\n\n\n\n<h1 class=\"wp-block-heading\"><span class=\"ez-toc-section\" id=\"Equipamiento_moderno_en_una_clinica_moderna\"><\/span><strong>Equipamiento moderno en una cl\u00ednica moderna<\/strong><strong><\/strong><span class=\"ez-toc-section-end\"><\/span><\/h1>\n\n\n\n<p>A pesar de que en el pasado la cl\u00ednica se dedicaba a la Odontolog\u00eda\ngeneral, poco a poco fueron ampliando sus campos hasta el punto en que actualmente\ntambi\u00e9n realizan operaciones quir\u00fargicas.<\/p>\n\n\n\n<p>Durante el dise\u00f1o de la nueva cl\u00ednica, <strong>ambos deseaban\ncrear un ambiente c\u00f3modo y relajado<\/strong>, tanto para los pacientes como para el\npersonal trabajando en ella. Adem\u00e1s, la inversi\u00f3n en tecnolog\u00eda moderna y de\nvanguardia era algo de suma importancia\npara ellos.<\/p>\n\n\n\n<p>\u201cHab\u00eda o\u00eddo hablar bien de los equipos de Planmeca y del\nsoporte t\u00e9cnico que ofrece la empresa\u201d, se\u00f1ala el Dr. Jim\u00e9nez. \u201cLos testimonios\nde mis colegas y el hecho de que ya hab\u00eda trabajado con el distribuidor local\nen el pasado me animaron a decidirme por Planmeca\u201d, contin\u00faa. \u201cEstoy\nsinceramente agradecido por la orientaci\u00f3n y el soporte que he recibido de\nFadente\u201d.<\/p>\n\n\n\n<p>En la actualidad, la Cl\u00ednica Dental Jim\u00e9nez Olite cuenta con\nuna unidad dental <strong>Planmeca Compact\u2122 i\nClassic<\/strong>, un sill\u00f3n dental para el paciente <a href=\"http:\/\/www.fadente.es\/producto\/planmeca-chair\/\"><strong>Planmeca Chair\u2122<\/strong><\/a> en el quir\u00f3fano y una unidad CBCT <a href=\"http:\/\/www.fadente.es\/producto\/planmeca-promax-3d\/\"><strong>Planmeca ProMax\u00ae 3D Classic<\/strong><\/a>. <\/p>\n\n\n\n<p>La suavidad de la tapicer\u00eda de la unidad dental <a href=\"http:\/\/www.fadente.es\/producto\/planmeca-compact-classic\/\"><strong>Planmeca\nCompact i Classic<\/strong><\/a> con frecuencia es motivo de alabanza para los\npacientes del Dr Jim\u00e9nez. \u201c\u00a1Dicen que es el sill\u00f3n dental m\u00e1s c\u00f3modo en el que\nse han sentado!\u201d<\/p>\n\n\n\n<figure class=\"wp-block-image\"><img loading=\"lazy\" decoding=\"async\" width=\"1125\" height=\"1500\" src=\"https:\/\/www.proclinic.es\/blog\/wp-content\/uploads\/2020\/01\/Planmeca-compact-I-classic-Fadente.jpg\" alt=\"\" class=\"wp-image-11985\" srcset=\"https:\/\/www.proclinic.es\/blog\/wp-content\/uploads\/2020\/01\/Planmeca-compact-I-classic-Fadente.jpg 1125w, https:\/\/www.proclinic.es\/blog\/wp-content\/uploads\/2020\/01\/Planmeca-compact-I-classic-Fadente-225x300.jpg 225w, https:\/\/www.proclinic.es\/blog\/wp-content\/uploads\/2020\/01\/Planmeca-compact-I-classic-Fadente-600x800.jpg 600w, https:\/\/www.proclinic.es\/blog\/wp-content\/uploads\/2020\/01\/Planmeca-compact-I-classic-Fadente-768x1024.jpg 768w\" sizes=\"auto, (max-width: 1125px) 100vw, 1125px\" \/><\/figure>\n\n\n\n<p>La facilidad de uso de la unidad <strong><a href=\"http:\/\/www.fadente.es\/producto\/planmeca-promax-3d\/\" target=\"_blank\" rel=\"noreferrer noopener\" aria-label=\"Planmeca ProMax 3D Classic (opens in a new tab)\">Planmeca ProMax 3D Classic<\/a><\/strong> es otra ventaja clave que menciona el Dr. Jim\u00e9nez. \u201cSe coloca sin apenas esfuerzo, a diferencia de alg\u00fan otro dispositivo que he utilizado\u201d. Asimismo, aprecia enormemente el soporte de cabeza de la unidad, ya que contribuye en gran medida a que la experiencia de procesamiento de im\u00e1genes resulte m\u00e1s agradable para el paciente.<\/p>\n\n\n\n<div class=\"wp-block-image\"><figure class=\"aligncenter\"><img loading=\"lazy\" decoding=\"async\" width=\"1118\" height=\"620\" src=\"https:\/\/www.proclinic.es\/blog\/wp-content\/uploads\/2020\/01\/Planmeca-ProMax-Fadente.jpg\" alt=\"\" class=\"wp-image-11986\" srcset=\"https:\/\/www.proclinic.es\/blog\/wp-content\/uploads\/2020\/01\/Planmeca-ProMax-Fadente.jpg 1118w, https:\/\/www.proclinic.es\/blog\/wp-content\/uploads\/2020\/01\/Planmeca-ProMax-Fadente-300x166.jpg 300w, https:\/\/www.proclinic.es\/blog\/wp-content\/uploads\/2020\/01\/Planmeca-ProMax-Fadente-800x444.jpg 800w, https:\/\/www.proclinic.es\/blog\/wp-content\/uploads\/2020\/01\/Planmeca-ProMax-Fadente-768x426.jpg 768w\" sizes=\"auto, (max-width: 1118px) 100vw, 1118px\" \/><\/figure><\/div>\n\n\n\n<p>Durante los \u00faltimos tres a\u00f1os, el Dr. Jim\u00e9nez tambi\u00e9n ha utilizado la plataforma de software <strong><a href=\"http:\/\/www.fadente.es\/producto\/planmeca-romexis\/\" target=\"_blank\" rel=\"noreferrer noopener\" aria-label=\"Planmeca Romexis\u00ae (opens in a new tab)\">Planmeca Romexis\u00ae<\/a><\/strong>. Hasta ahora, ha utilizado el <strong>software para la planificaci\u00f3n de tratamientos y los rayos X<\/strong>, pero considera que tiene muchas m\u00e1s posibilidades que ofrecer adem\u00e1s de aquellas de las que se beneficia en la actualidad. \u201cLo que aprecio especialmente de Planmeca es que es una empresa innovadora que est\u00e1 en continuo avance. Estoy deseando ver qu\u00e9 vendr\u00e1 a continuaci\u00f3n\u201d, concluye.<\/p>\n\n\n\n<div class=\"wp-block-image\"><figure class=\"aligncenter is-resized\"><img loading=\"lazy\" decoding=\"async\" src=\"https:\/\/www.proclinic.es\/blog\/wp-content\/uploads\/2020\/01\/Planmeca-Romexis-Fadente.jpg\" alt=\"\" class=\"wp-image-11987\" width=\"556\" height=\"347\" srcset=\"https:\/\/www.proclinic.es\/blog\/wp-content\/uploads\/2020\/01\/Planmeca-Romexis-Fadente.jpg 442w, https:\/\/www.proclinic.es\/blog\/wp-content\/uploads\/2020\/01\/Planmeca-Romexis-Fadente-300x187.jpg 300w\" sizes=\"auto, (max-width: 556px) 100vw, 556px\" \/><\/figure><\/div>\n\n\n\n<p>Si est\u00e1s pensando en <strong>renovar los equipos de tu cl\u00ednica dental<\/strong>, no dudes en contactarnos y pedirnos m\u00e1s informaci\u00f3n.<\/p>\n\n\n\n<p>Estaremos encantados de ofrecerte el servicio integral que\nnecesites.<\/p>\n\n\n\n<div class=\"wp-block-button aligncenter\"><a class=\"wp-block-button__link has-text-color has-background\" href=\"http:\/\/www.fadente.es\/contacto\/\" style=\"background-color:#538f9b;color:#ffffff\">Contactar&gt; <\/a><\/div>\n","protected":false},"excerpt":{"rendered":"<p>Os presentamos al Dr. Jos\u00e9 Antonio Jim\u00e9nez, un profesional en el campo odontol\u00f3gico que cuenta con m\u00e1s de 30 a\u00f1os de experiencia en el sector dental. Para el Dr. Jim\u00e9nez, la experiencia y la satisfacci\u00f3n del paciente siempre han sido prioridades clave y as\u00ed lo muestra d\u00eda tras d\u00eda en su cl\u00ednica dental; Cl\u00ednica Dental &#8230; <a title=\"Zaragoza equipa sus cl\u00ednicas dentales con tecnolog\u00eda Planmeca.\" class=\"read-more\" href=\"https:\/\/www.proclinic.es\/blog\/zaragoza-equipa-sus-clinicas-dentales-con-tecnologia-planmeca\/\" aria-label=\"More on Zaragoza equipa sus cl\u00ednicas dentales con tecnolog\u00eda Planmeca.\">Read more<\/a><\/p>\n","protected":false},"author":101011,"featured_media":11991,"comment_status":"open","ping_status":"open","sticky":false,"template":"","format":"standard","meta":{"footnotes":""},"categories":[53],"tags":[],"class_list":["post-11980","post","type-post","status-publish","format-standard","has-post-thumbnail","hentry","category-equipamiento-dental"],"yoast_head":"<!-- This site is optimized with the Yoast SEO plugin v27.4 - https:\/\/yoast.com\/product\/yoast-seo-wordpress\/ -->\n<title>Zaragoza equipa sus cl\u00ednicas dentales con tecnolog\u00eda Planmeca. - Blog Proclinic<\/title>\n<meta name=\"robots\" content=\"index, follow, max-snippet:-1, max-image-preview:large, max-video-preview:-1\" \/>\n<link rel=\"canonical\" href=\"https:\/\/www.proclinic.es\/blog\/zaragoza-equipa-sus-clinicas-dentales-con-tecnologia-planmeca\/\" \/>\n<meta property=\"og:locale\" content=\"es_ES\" \/>\n<meta property=\"og:type\" content=\"article\" \/>\n<meta property=\"og:title\" content=\"Zaragoza equipa sus cl\u00ednicas dentales con tecnolog\u00eda Planmeca. - Blog Proclinic\" \/>\n<meta property=\"og:description\" content=\"Os presentamos al Dr. Jos\u00e9 Antonio Jim\u00e9nez, un profesional en el campo odontol\u00f3gico que cuenta con m\u00e1s de 30 a\u00f1os de experiencia en el sector dental. Para el Dr. Jim\u00e9nez, la experiencia y la satisfacci\u00f3n del paciente siempre han sido prioridades clave y as\u00ed lo muestra d\u00eda tras d\u00eda en su cl\u00ednica dental; Cl\u00ednica Dental ... Read more\" \/>\n<meta property=\"og:url\" content=\"https:\/\/www.proclinic.es\/blog\/zaragoza-equipa-sus-clinicas-dentales-con-tecnologia-planmeca\/\" \/>\n<meta property=\"og:site_name\" content=\"Blog Proclinic\" \/>\n<meta property=\"article:publisher\" content=\"https:\/\/www.facebook.com\/proclinicsa\" \/>\n<meta property=\"article:published_time\" content=\"2020-01-09T09:14:57+00:00\" \/>\n<meta property=\"article:modified_time\" content=\"2020-01-16T12:31:25+00:00\" \/>\n<meta property=\"og:image\" content=\"https:\/\/www.proclinic.es\/blog\/wp-content\/uploads\/2020\/01\/Equipamiento-dental-en-cl\u00ednica-Zaragoza-con-Fadente.jpg\" \/>\n\t<meta property=\"og:image:width\" content=\"808\" \/>\n\t<meta property=\"og:image:height\" content=\"601\" \/>\n\t<meta property=\"og:image:type\" content=\"image\/jpeg\" \/>\n<meta name=\"author\" content=\"Anna\" \/>\n<meta name=\"twitter:card\" content=\"summary_large_image\" \/>\n<meta name=\"twitter:creator\" content=\"@Proclinic_SA\" \/>\n<meta name=\"twitter:site\" content=\"@Proclinic_SA\" \/>\n<meta name=\"twitter:label1\" content=\"Escrito por\" \/>\n\t<meta name=\"twitter:data1\" content=\"Anna\" \/>\n\t<meta name=\"twitter:label2\" content=\"Tiempo de lectura\" \/>\n\t<meta name=\"twitter:data2\" content=\"3 minutos\" \/>\n<script type=\"application\/ld+json\" class=\"yoast-schema-graph\">{\"@context\":\"https:\\\/\\\/schema.org\",\"@graph\":[{\"@type\":\"Article\",\"@id\":\"https:\\\/\\\/www.proclinic.es\\\/blog\\\/zaragoza-equipa-sus-clinicas-dentales-con-tecnologia-planmeca\\\/#article\",\"isPartOf\":{\"@id\":\"https:\\\/\\\/www.proclinic.es\\\/blog\\\/zaragoza-equipa-sus-clinicas-dentales-con-tecnologia-planmeca\\\/\"},\"author\":{\"name\":\"Anna\",\"@id\":\"https:\\\/\\\/www.proclinic.es\\\/blog\\\/#\\\/schema\\\/person\\\/85e304ea367ce3922003b0d8b388e527\"},\"headline\":\"Zaragoza equipa sus cl\u00ednicas dentales con tecnolog\u00eda Planmeca.\",\"datePublished\":\"2020-01-09T09:14:57+00:00\",\"dateModified\":\"2020-01-16T12:31:25+00:00\",\"mainEntityOfPage\":{\"@id\":\"https:\\\/\\\/www.proclinic.es\\\/blog\\\/zaragoza-equipa-sus-clinicas-dentales-con-tecnologia-planmeca\\\/\"},\"wordCount\":611,\"commentCount\":0,\"image\":{\"@id\":\"https:\\\/\\\/www.proclinic.es\\\/blog\\\/zaragoza-equipa-sus-clinicas-dentales-con-tecnologia-planmeca\\\/#primaryimage\"},\"thumbnailUrl\":\"https:\\\/\\\/www.proclinic.es\\\/blog\\\/wp-content\\\/uploads\\\/2020\\\/01\\\/Equipamiento-dental-en-cl\u00ednica-Zaragoza-con-Fadente.jpg\",\"articleSection\":[\"Equipamiento dental\"],\"inLanguage\":\"es\",\"potentialAction\":[{\"@type\":\"CommentAction\",\"name\":\"Comment\",\"target\":[\"https:\\\/\\\/www.proclinic.es\\\/blog\\\/zaragoza-equipa-sus-clinicas-dentales-con-tecnologia-planmeca\\\/#respond\"]}]},{\"@type\":\"WebPage\",\"@id\":\"https:\\\/\\\/www.proclinic.es\\\/blog\\\/zaragoza-equipa-sus-clinicas-dentales-con-tecnologia-planmeca\\\/\",\"url\":\"https:\\\/\\\/www.proclinic.es\\\/blog\\\/zaragoza-equipa-sus-clinicas-dentales-con-tecnologia-planmeca\\\/\",\"name\":\"Zaragoza equipa sus cl\u00ednicas dentales con tecnolog\u00eda Planmeca. - Blog Proclinic\",\"isPartOf\":{\"@id\":\"https:\\\/\\\/www.proclinic.es\\\/blog\\\/#website\"},\"primaryImageOfPage\":{\"@id\":\"https:\\\/\\\/www.proclinic.es\\\/blog\\\/zaragoza-equipa-sus-clinicas-dentales-con-tecnologia-planmeca\\\/#primaryimage\"},\"image\":{\"@id\":\"https:\\\/\\\/www.proclinic.es\\\/blog\\\/zaragoza-equipa-sus-clinicas-dentales-con-tecnologia-planmeca\\\/#primaryimage\"},\"thumbnailUrl\":\"https:\\\/\\\/www.proclinic.es\\\/blog\\\/wp-content\\\/uploads\\\/2020\\\/01\\\/Equipamiento-dental-en-cl\u00ednica-Zaragoza-con-Fadente.jpg\",\"datePublished\":\"2020-01-09T09:14:57+00:00\",\"dateModified\":\"2020-01-16T12:31:25+00:00\",\"author\":{\"@id\":\"https:\\\/\\\/www.proclinic.es\\\/blog\\\/#\\\/schema\\\/person\\\/85e304ea367ce3922003b0d8b388e527\"},\"breadcrumb\":{\"@id\":\"https:\\\/\\\/www.proclinic.es\\\/blog\\\/zaragoza-equipa-sus-clinicas-dentales-con-tecnologia-planmeca\\\/#breadcrumb\"},\"inLanguage\":\"es\",\"potentialAction\":[{\"@type\":\"ReadAction\",\"target\":[\"https:\\\/\\\/www.proclinic.es\\\/blog\\\/zaragoza-equipa-sus-clinicas-dentales-con-tecnologia-planmeca\\\/\"]}]},{\"@type\":\"ImageObject\",\"inLanguage\":\"es\",\"@id\":\"https:\\\/\\\/www.proclinic.es\\\/blog\\\/zaragoza-equipa-sus-clinicas-dentales-con-tecnologia-planmeca\\\/#primaryimage\",\"url\":\"https:\\\/\\\/www.proclinic.es\\\/blog\\\/wp-content\\\/uploads\\\/2020\\\/01\\\/Equipamiento-dental-en-cl\u00ednica-Zaragoza-con-Fadente.jpg\",\"contentUrl\":\"https:\\\/\\\/www.proclinic.es\\\/blog\\\/wp-content\\\/uploads\\\/2020\\\/01\\\/Equipamiento-dental-en-cl\u00ednica-Zaragoza-con-Fadente.jpg\",\"width\":808,\"height\":601},{\"@type\":\"BreadcrumbList\",\"@id\":\"https:\\\/\\\/www.proclinic.es\\\/blog\\\/zaragoza-equipa-sus-clinicas-dentales-con-tecnologia-planmeca\\\/#breadcrumb\",\"itemListElement\":[{\"@type\":\"ListItem\",\"position\":1,\"name\":\"Home\",\"item\":\"https:\\\/\\\/www.proclinic.es\\\/blog\\\/\"},{\"@type\":\"ListItem\",\"position\":2,\"name\":\"Zaragoza equipa sus cl\u00ednicas dentales con tecnolog\u00eda Planmeca.\"}]},{\"@type\":\"WebSite\",\"@id\":\"https:\\\/\\\/www.proclinic.es\\\/blog\\\/#website\",\"url\":\"https:\\\/\\\/www.proclinic.es\\\/blog\\\/\",\"name\":\"Blog Proclinic\",\"description\":\"\u00a1Bienvenido al blog de Proclinic! En este espacio, nos enfocamos en brindar informaci\u00f3n valiosa y actualizada para todos los profesionales del sector dental. Nuestra misi\u00f3n es mantenerte al d\u00eda de las \u00faltimas tendencias, investigaciones y t\u00e9cnicas en el campo de la odontolog\u00eda. Exploraremos temas que van desde las novedades en materiales odontol\u00f3gicos, consejos pr\u00e1cticos para la gesti\u00f3n de cl\u00ednicas dentales hasta casos cl\u00ednicos con base cient\u00edfica, eventos del sector y mucho m\u00e1s. Te invitamos a seguir nuestro contenido, dise\u00f1ado para mantener tu pr\u00e1ctica en la vanguardia de la odontolog\u00eda moderna.\",\"potentialAction\":[{\"@type\":\"SearchAction\",\"target\":{\"@type\":\"EntryPoint\",\"urlTemplate\":\"https:\\\/\\\/www.proclinic.es\\\/blog\\\/?s={search_term_string}\"},\"query-input\":{\"@type\":\"PropertyValueSpecification\",\"valueRequired\":true,\"valueName\":\"search_term_string\"}}],\"inLanguage\":\"es\"},{\"@type\":\"Person\",\"@id\":\"https:\\\/\\\/www.proclinic.es\\\/blog\\\/#\\\/schema\\\/person\\\/85e304ea367ce3922003b0d8b388e527\",\"name\":\"Anna\",\"image\":{\"@type\":\"ImageObject\",\"inLanguage\":\"es\",\"@id\":\"https:\\\/\\\/secure.gravatar.com\\\/avatar\\\/b8b19455b6924f97d0afcdeb2791066e8c8af798468c71e0fe7e686c5d0b49f4?s=96&d=mm&r=g\",\"url\":\"https:\\\/\\\/secure.gravatar.com\\\/avatar\\\/b8b19455b6924f97d0afcdeb2791066e8c8af798468c71e0fe7e686c5d0b49f4?s=96&d=mm&r=g\",\"contentUrl\":\"https:\\\/\\\/secure.gravatar.com\\\/avatar\\\/b8b19455b6924f97d0afcdeb2791066e8c8af798468c71e0fe7e686c5d0b49f4?s=96&d=mm&r=g\",\"caption\":\"Anna\"},\"description\":\"Community Manager\",\"url\":\"https:\\\/\\\/www.proclinic.es\\\/blog\\\/author\\\/anna\\\/\"}]}<\/script>\n<!-- \/ Yoast SEO plugin. -->","yoast_head_json":{"title":"Zaragoza equipa sus cl\u00ednicas dentales con tecnolog\u00eda Planmeca. - Blog Proclinic","robots":{"index":"index","follow":"follow","max-snippet":"max-snippet:-1","max-image-preview":"max-image-preview:large","max-video-preview":"max-video-preview:-1"},"canonical":"https:\/\/www.proclinic.es\/blog\/zaragoza-equipa-sus-clinicas-dentales-con-tecnologia-planmeca\/","og_locale":"es_ES","og_type":"article","og_title":"Zaragoza equipa sus cl\u00ednicas dentales con tecnolog\u00eda Planmeca. - Blog Proclinic","og_description":"Os presentamos al Dr. Jos\u00e9 Antonio Jim\u00e9nez, un profesional en el campo odontol\u00f3gico que cuenta con m\u00e1s de 30 a\u00f1os de experiencia en el sector dental. Para el Dr. Jim\u00e9nez, la experiencia y la satisfacci\u00f3n del paciente siempre han sido prioridades clave y as\u00ed lo muestra d\u00eda tras d\u00eda en su cl\u00ednica dental; Cl\u00ednica Dental ... Read more","og_url":"https:\/\/www.proclinic.es\/blog\/zaragoza-equipa-sus-clinicas-dentales-con-tecnologia-planmeca\/","og_site_name":"Blog Proclinic","article_publisher":"https:\/\/www.facebook.com\/proclinicsa","article_published_time":"2020-01-09T09:14:57+00:00","article_modified_time":"2020-01-16T12:31:25+00:00","og_image":[{"width":808,"height":601,"url":"https:\/\/www.proclinic.es\/blog\/wp-content\/uploads\/2020\/01\/Equipamiento-dental-en-cl\u00ednica-Zaragoza-con-Fadente.jpg","type":"image\/jpeg"}],"author":"Anna","twitter_card":"summary_large_image","twitter_creator":"@Proclinic_SA","twitter_site":"@Proclinic_SA","twitter_misc":{"Escrito por":"Anna","Tiempo de lectura":"3 minutos"},"schema":{"@context":"https:\/\/schema.org","@graph":[{"@type":"Article","@id":"https:\/\/www.proclinic.es\/blog\/zaragoza-equipa-sus-clinicas-dentales-con-tecnologia-planmeca\/#article","isPartOf":{"@id":"https:\/\/www.proclinic.es\/blog\/zaragoza-equipa-sus-clinicas-dentales-con-tecnologia-planmeca\/"},"author":{"name":"Anna","@id":"https:\/\/www.proclinic.es\/blog\/#\/schema\/person\/85e304ea367ce3922003b0d8b388e527"},"headline":"Zaragoza equipa sus cl\u00ednicas dentales con tecnolog\u00eda Planmeca.","datePublished":"2020-01-09T09:14:57+00:00","dateModified":"2020-01-16T12:31:25+00:00","mainEntityOfPage":{"@id":"https:\/\/www.proclinic.es\/blog\/zaragoza-equipa-sus-clinicas-dentales-con-tecnologia-planmeca\/"},"wordCount":611,"commentCount":0,"image":{"@id":"https:\/\/www.proclinic.es\/blog\/zaragoza-equipa-sus-clinicas-dentales-con-tecnologia-planmeca\/#primaryimage"},"thumbnailUrl":"https:\/\/www.proclinic.es\/blog\/wp-content\/uploads\/2020\/01\/Equipamiento-dental-en-cl\u00ednica-Zaragoza-con-Fadente.jpg","articleSection":["Equipamiento dental"],"inLanguage":"es","potentialAction":[{"@type":"CommentAction","name":"Comment","target":["https:\/\/www.proclinic.es\/blog\/zaragoza-equipa-sus-clinicas-dentales-con-tecnologia-planmeca\/#respond"]}]},{"@type":"WebPage","@id":"https:\/\/www.proclinic.es\/blog\/zaragoza-equipa-sus-clinicas-dentales-con-tecnologia-planmeca\/","url":"https:\/\/www.proclinic.es\/blog\/zaragoza-equipa-sus-clinicas-dentales-con-tecnologia-planmeca\/","name":"Zaragoza equipa sus cl\u00ednicas dentales con tecnolog\u00eda Planmeca. - Blog Proclinic","isPartOf":{"@id":"https:\/\/www.proclinic.es\/blog\/#website"},"primaryImageOfPage":{"@id":"https:\/\/www.proclinic.es\/blog\/zaragoza-equipa-sus-clinicas-dentales-con-tecnologia-planmeca\/#primaryimage"},"image":{"@id":"https:\/\/www.proclinic.es\/blog\/zaragoza-equipa-sus-clinicas-dentales-con-tecnologia-planmeca\/#primaryimage"},"thumbnailUrl":"https:\/\/www.proclinic.es\/blog\/wp-content\/uploads\/2020\/01\/Equipamiento-dental-en-cl\u00ednica-Zaragoza-con-Fadente.jpg","datePublished":"2020-01-09T09:14:57+00:00","dateModified":"2020-01-16T12:31:25+00:00","author":{"@id":"https:\/\/www.proclinic.es\/blog\/#\/schema\/person\/85e304ea367ce3922003b0d8b388e527"},"breadcrumb":{"@id":"https:\/\/www.proclinic.es\/blog\/zaragoza-equipa-sus-clinicas-dentales-con-tecnologia-planmeca\/#breadcrumb"},"inLanguage":"es","potentialAction":[{"@type":"ReadAction","target":["https:\/\/www.proclinic.es\/blog\/zaragoza-equipa-sus-clinicas-dentales-con-tecnologia-planmeca\/"]}]},{"@type":"ImageObject","inLanguage":"es","@id":"https:\/\/www.proclinic.es\/blog\/zaragoza-equipa-sus-clinicas-dentales-con-tecnologia-planmeca\/#primaryimage","url":"https:\/\/www.proclinic.es\/blog\/wp-content\/uploads\/2020\/01\/Equipamiento-dental-en-cl\u00ednica-Zaragoza-con-Fadente.jpg","contentUrl":"https:\/\/www.proclinic.es\/blog\/wp-content\/uploads\/2020\/01\/Equipamiento-dental-en-cl\u00ednica-Zaragoza-con-Fadente.jpg","width":808,"height":601},{"@type":"BreadcrumbList","@id":"https:\/\/www.proclinic.es\/blog\/zaragoza-equipa-sus-clinicas-dentales-con-tecnologia-planmeca\/#breadcrumb","itemListElement":[{"@type":"ListItem","position":1,"name":"Home","item":"https:\/\/www.proclinic.es\/blog\/"},{"@type":"ListItem","position":2,"name":"Zaragoza equipa sus cl\u00ednicas dentales con tecnolog\u00eda Planmeca."}]},{"@type":"WebSite","@id":"https:\/\/www.proclinic.es\/blog\/#website","url":"https:\/\/www.proclinic.es\/blog\/","name":"Blog Proclinic","description":"\u00a1Bienvenido al blog de Proclinic! En este espacio, nos enfocamos en brindar informaci\u00f3n valiosa y actualizada para todos los profesionales del sector dental. Nuestra misi\u00f3n es mantenerte al d\u00eda de las \u00faltimas tendencias, investigaciones y t\u00e9cnicas en el campo de la odontolog\u00eda. Exploraremos temas que van desde las novedades en materiales odontol\u00f3gicos, consejos pr\u00e1cticos para la gesti\u00f3n de cl\u00ednicas dentales hasta casos cl\u00ednicos con base cient\u00edfica, eventos del sector y mucho m\u00e1s. Te invitamos a seguir nuestro contenido, dise\u00f1ado para mantener tu pr\u00e1ctica en la vanguardia de la odontolog\u00eda moderna.","potentialAction":[{"@type":"SearchAction","target":{"@type":"EntryPoint","urlTemplate":"https:\/\/www.proclinic.es\/blog\/?s={search_term_string}"},"query-input":{"@type":"PropertyValueSpecification","valueRequired":true,"valueName":"search_term_string"}}],"inLanguage":"es"},{"@type":"Person","@id":"https:\/\/www.proclinic.es\/blog\/#\/schema\/person\/85e304ea367ce3922003b0d8b388e527","name":"Anna","image":{"@type":"ImageObject","inLanguage":"es","@id":"https:\/\/secure.gravatar.com\/avatar\/b8b19455b6924f97d0afcdeb2791066e8c8af798468c71e0fe7e686c5d0b49f4?s=96&d=mm&r=g","url":"https:\/\/secure.gravatar.com\/avatar\/b8b19455b6924f97d0afcdeb2791066e8c8af798468c71e0fe7e686c5d0b49f4?s=96&d=mm&r=g","contentUrl":"https:\/\/secure.gravatar.com\/avatar\/b8b19455b6924f97d0afcdeb2791066e8c8af798468c71e0fe7e686c5d0b49f4?s=96&d=mm&r=g","caption":"Anna"},"description":"Community Manager","url":"https:\/\/www.proclinic.es\/blog\/author\/anna\/"}]}},"jetpack_featured_media_url":"https:\/\/www.proclinic.es\/blog\/wp-content\/uploads\/2020\/01\/Equipamiento-dental-en-cl\u00ednica-Zaragoza-con-Fadente.jpg","_links":{"self":[{"href":"https:\/\/www.proclinic.es\/blog\/wp-json\/wp\/v2\/posts\/11980","targetHints":{"allow":["GET"]}}],"collection":[{"href":"https:\/\/www.proclinic.es\/blog\/wp-json\/wp\/v2\/posts"}],"about":[{"href":"https:\/\/www.proclinic.es\/blog\/wp-json\/wp\/v2\/types\/post"}],"author":[{"embeddable":true,"href":"https:\/\/www.proclinic.es\/blog\/wp-json\/wp\/v2\/users\/101011"}],"replies":[{"embeddable":true,"href":"https:\/\/www.proclinic.es\/blog\/wp-json\/wp\/v2\/comments?post=11980"}],"version-history":[{"count":7,"href":"https:\/\/www.proclinic.es\/blog\/wp-json\/wp\/v2\/posts\/11980\/revisions"}],"predecessor-version":[{"id":11993,"href":"https:\/\/www.proclinic.es\/blog\/wp-json\/wp\/v2\/posts\/11980\/revisions\/11993"}],"wp:featuredmedia":[{"embeddable":true,"href":"https:\/\/www.proclinic.es\/blog\/wp-json\/wp\/v2\/media\/11991"}],"wp:attachment":[{"href":"https:\/\/www.proclinic.es\/blog\/wp-json\/wp\/v2\/media?parent=11980"}],"wp:term":[{"taxonomy":"category","embeddable":true,"href":"https:\/\/www.proclinic.es\/blog\/wp-json\/wp\/v2\/categories?post=11980"},{"taxonomy":"post_tag","embeddable":true,"href":"https:\/\/www.proclinic.es\/blog\/wp-json\/wp\/v2\/tags?post=11980"}],"curies":[{"name":"wp","href":"https:\/\/api.w.org\/{rel}","templated":true}]}}