{"id":1192,"date":"2014-04-17T08:23:50","date_gmt":"2014-04-17T07:23:50","guid":{"rendered":"http:\/\/localhost\/blogProclinic\/web\/?p=1192"},"modified":"2015-10-05T17:08:44","modified_gmt":"2015-10-05T15:08:44","slug":"capitulo-5-el-odontologo-y-sus-medidas-de-barrera","status":"publish","type":"post","link":"https:\/\/www.proclinic.es\/blog\/capitulo-5-el-odontologo-y-sus-medidas-de-barrera\/","title":{"rendered":"Cap\u00edtulo 5: El odont\u00f3logo y sus medidas de barrera"},"content":{"rendered":"<p><span style=\"line-height: 1.5em;\"><strong>El trabajo diario en la consulta odontol\u00f3gica con numerosos pacientes conlleva factores de riesgo asociados tanto a la propia consulta como al paciente, que pueden considerarse como riesgos laborales.<\/strong> <!--more--><\/span><\/p>\n<p><span style=\"line-height: 1.5em;\">As\u00ed pues, existen tres grandes factores de riesgo en la consulta dental: los propios del paciente, aquellos que est\u00e1n relacionados con el medio laboral y los que afectan a los profesionales.<\/span><\/p>\n<p>&nbsp;<\/p>\n<p><strong>Odontobook<\/strong>, es una gu\u00eda pr\u00e1ctica y publicaci\u00f3n de referencia en la Odontolog\u00eda del siglo XXI, tanto para el estudiante como para el profesional.<\/p>\n<p>&nbsp;<\/p>\n<p>&nbsp;<\/p>\n<p>&nbsp;<\/p>\n","protected":false},"excerpt":{"rendered":"<p>El trabajo diario en la consulta odontol\u00f3gica con numerosos pacientes conlleva factores de riesgo asociados tanto a la propia consulta como al paciente, que pueden considerarse como riesgos laborales.<\/p>\n","protected":false},"author":101011,"featured_media":1195,"comment_status":"open","ping_status":"open","sticky":false,"template":"","format":"video","meta":{"footnotes":""},"categories":[48,15],"tags":[],"class_list":["post-1192","post","type-post","status-publish","format-video","has-post-thumbnail","hentry","category-odontobook","category-videos","post_format-post-format-video"],"yoast_head":"<!-- This site is optimized with the Yoast SEO plugin v25.9 - https:\/\/yoast.com\/wordpress\/plugins\/seo\/ -->\n<title>Odontobook: las medidas de barrera - Blog Proclinic<\/title>\n<meta name=\"description\" content=\"El trabajo diario en la consulta odontol\u00f3gica con numerosos pacientes conlleva factores de riesgo asociados tanto a la propia consulta como al paciente.\" \/>\n<meta name=\"robots\" content=\"index, follow, max-snippet:-1, max-image-preview:large, max-video-preview:-1\" \/>\n<link rel=\"canonical\" href=\"https:\/\/www.proclinic.es\/blog\/capitulo-5-el-odontologo-y-sus-medidas-de-barrera\/\" \/>\n<meta property=\"og:locale\" content=\"es_ES\" \/>\n<meta property=\"og:type\" content=\"article\" \/>\n<meta property=\"og:title\" content=\"Odontobook: las medidas de barrera - Blog Proclinic\" \/>\n<meta property=\"og:description\" content=\"El trabajo diario en la consulta odontol\u00f3gica con numerosos pacientes conlleva factores de riesgo asociados tanto a la propia consulta como al paciente.\" \/>\n<meta property=\"og:url\" content=\"https:\/\/www.proclinic.es\/blog\/capitulo-5-el-odontologo-y-sus-medidas-de-barrera\/\" \/>\n<meta property=\"og:site_name\" content=\"Blog Proclinic\" \/>\n<meta property=\"article:publisher\" content=\"https:\/\/www.facebook.com\/proclinicsa\" \/>\n<meta property=\"article:published_time\" content=\"2014-04-17T07:23:50+00:00\" \/>\n<meta property=\"article:modified_time\" content=\"2015-10-05T15:08:44+00:00\" \/>\n<meta property=\"og:image\" content=\"https:\/\/www.proclinic.es\/blog\/wp-content\/uploads\/2014\/04\/odontobook5.jpg\" \/>\n\t<meta property=\"og:image:width\" content=\"886\" \/>\n\t<meta property=\"og:image:height\" content=\"425\" \/>\n\t<meta property=\"og:image:type\" content=\"image\/jpeg\" \/>\n<meta name=\"author\" content=\"Anna\" \/>\n<meta name=\"twitter:card\" content=\"summary_large_image\" \/>\n<meta name=\"twitter:creator\" content=\"@Proclinic_SA\" \/>\n<meta name=\"twitter:site\" content=\"@Proclinic_SA\" \/>\n<meta name=\"twitter:label1\" content=\"Escrito por\" \/>\n\t<meta name=\"twitter:data1\" content=\"Anna\" \/>\n<script type=\"application\/ld+json\" class=\"yoast-schema-graph\">{\"@context\":\"https:\/\/schema.org\",\"@graph\":[{\"@type\":\"WebPage\",\"@id\":\"https:\/\/www.proclinic.es\/blog\/capitulo-5-el-odontologo-y-sus-medidas-de-barrera\/\",\"url\":\"https:\/\/www.proclinic.es\/blog\/capitulo-5-el-odontologo-y-sus-medidas-de-barrera\/\",\"name\":\"Odontobook: las medidas de barrera - Blog Proclinic\",\"isPartOf\":{\"@id\":\"https:\/\/www.proclinic.es\/blog\/#website\"},\"primaryImageOfPage\":{\"@id\":\"https:\/\/www.proclinic.es\/blog\/capitulo-5-el-odontologo-y-sus-medidas-de-barrera\/#primaryimage\"},\"image\":{\"@id\":\"https:\/\/www.proclinic.es\/blog\/capitulo-5-el-odontologo-y-sus-medidas-de-barrera\/#primaryimage\"},\"thumbnailUrl\":\"https:\/\/www.proclinic.es\/blog\/wp-content\/uploads\/2014\/04\/odontobook5.jpg\",\"datePublished\":\"2014-04-17T07:23:50+00:00\",\"dateModified\":\"2015-10-05T15:08:44+00:00\",\"author\":{\"@id\":\"https:\/\/www.proclinic.es\/blog\/#\/schema\/person\/85e304ea367ce3922003b0d8b388e527\"},\"description\":\"El trabajo diario en la consulta odontol\u00f3gica con numerosos pacientes conlleva factores de riesgo asociados tanto a la propia consulta como al paciente.\",\"breadcrumb\":{\"@id\":\"https:\/\/www.proclinic.es\/blog\/capitulo-5-el-odontologo-y-sus-medidas-de-barrera\/#breadcrumb\"},\"inLanguage\":\"es\",\"potentialAction\":[{\"@type\":\"ReadAction\",\"target\":[\"https:\/\/www.proclinic.es\/blog\/capitulo-5-el-odontologo-y-sus-medidas-de-barrera\/\"]}]},{\"@type\":\"ImageObject\",\"inLanguage\":\"es\",\"@id\":\"https:\/\/www.proclinic.es\/blog\/capitulo-5-el-odontologo-y-sus-medidas-de-barrera\/#primaryimage\",\"url\":\"https:\/\/www.proclinic.es\/blog\/wp-content\/uploads\/2014\/04\/odontobook5.jpg\",\"contentUrl\":\"https:\/\/www.proclinic.es\/blog\/wp-content\/uploads\/2014\/04\/odontobook5.jpg\",\"width\":886,\"height\":425,\"caption\":\"Cap\u00edtulo 5 Odontobook\"},{\"@type\":\"BreadcrumbList\",\"@id\":\"https:\/\/www.proclinic.es\/blog\/capitulo-5-el-odontologo-y-sus-medidas-de-barrera\/#breadcrumb\",\"itemListElement\":[{\"@type\":\"ListItem\",\"position\":1,\"name\":\"Home\",\"item\":\"https:\/\/www.proclinic.es\/blog\/\"},{\"@type\":\"ListItem\",\"position\":2,\"name\":\"Cap\u00edtulo 5: El odont\u00f3logo y sus medidas de barrera\"}]},{\"@type\":\"WebSite\",\"@id\":\"https:\/\/www.proclinic.es\/blog\/#website\",\"url\":\"https:\/\/www.proclinic.es\/blog\/\",\"name\":\"Blog Proclinic\",\"description\":\"\u00a1Bienvenido al blog de Proclinic! En este espacio, nos enfocamos en brindar informaci\u00f3n valiosa y actualizada para todos los profesionales del sector dental. Nuestra misi\u00f3n es mantenerte al d\u00eda de las \u00faltimas tendencias, investigaciones y t\u00e9cnicas en el campo de la odontolog\u00eda. Exploraremos temas que van desde las novedades en materiales odontol\u00f3gicos, consejos pr\u00e1cticos para la gesti\u00f3n de cl\u00ednicas dentales hasta casos cl\u00ednicos con base cient\u00edfica, eventos del sector y mucho m\u00e1s. Te invitamos a seguir nuestro contenido, dise\u00f1ado para mantener tu pr\u00e1ctica en la vanguardia de la odontolog\u00eda moderna.\",\"potentialAction\":[{\"@type\":\"SearchAction\",\"target\":{\"@type\":\"EntryPoint\",\"urlTemplate\":\"https:\/\/www.proclinic.es\/blog\/?s={search_term_string}\"},\"query-input\":{\"@type\":\"PropertyValueSpecification\",\"valueRequired\":true,\"valueName\":\"search_term_string\"}}],\"inLanguage\":\"es\"},{\"@type\":\"Person\",\"@id\":\"https:\/\/www.proclinic.es\/blog\/#\/schema\/person\/85e304ea367ce3922003b0d8b388e527\",\"name\":\"Anna\",\"image\":{\"@type\":\"ImageObject\",\"inLanguage\":\"es\",\"@id\":\"https:\/\/www.proclinic.es\/blog\/#\/schema\/person\/image\/\",\"url\":\"https:\/\/secure.gravatar.com\/avatar\/b8b19455b6924f97d0afcdeb2791066e8c8af798468c71e0fe7e686c5d0b49f4?s=96&d=mm&r=g\",\"contentUrl\":\"https:\/\/secure.gravatar.com\/avatar\/b8b19455b6924f97d0afcdeb2791066e8c8af798468c71e0fe7e686c5d0b49f4?s=96&d=mm&r=g\",\"caption\":\"Anna\"},\"description\":\"Community Manager\",\"url\":\"https:\/\/www.proclinic.es\/blog\/author\/anna\/\"}]}<\/script>\n<!-- \/ Yoast SEO plugin. -->","yoast_head_json":{"title":"Odontobook: las medidas de barrera - Blog Proclinic","description":"El trabajo diario en la consulta odontol\u00f3gica con numerosos pacientes conlleva factores de riesgo asociados tanto a la propia consulta como al paciente.","robots":{"index":"index","follow":"follow","max-snippet":"max-snippet:-1","max-image-preview":"max-image-preview:large","max-video-preview":"max-video-preview:-1"},"canonical":"https:\/\/www.proclinic.es\/blog\/capitulo-5-el-odontologo-y-sus-medidas-de-barrera\/","og_locale":"es_ES","og_type":"article","og_title":"Odontobook: las medidas de barrera - Blog Proclinic","og_description":"El trabajo diario en la consulta odontol\u00f3gica con numerosos pacientes conlleva factores de riesgo asociados tanto a la propia consulta como al paciente.","og_url":"https:\/\/www.proclinic.es\/blog\/capitulo-5-el-odontologo-y-sus-medidas-de-barrera\/","og_site_name":"Blog Proclinic","article_publisher":"https:\/\/www.facebook.com\/proclinicsa","article_published_time":"2014-04-17T07:23:50+00:00","article_modified_time":"2015-10-05T15:08:44+00:00","og_image":[{"width":886,"height":425,"url":"https:\/\/www.proclinic.es\/blog\/wp-content\/uploads\/2014\/04\/odontobook5.jpg","type":"image\/jpeg"}],"author":"Anna","twitter_card":"summary_large_image","twitter_creator":"@Proclinic_SA","twitter_site":"@Proclinic_SA","twitter_misc":{"Escrito por":"Anna"},"schema":{"@context":"https:\/\/schema.org","@graph":[{"@type":"WebPage","@id":"https:\/\/www.proclinic.es\/blog\/capitulo-5-el-odontologo-y-sus-medidas-de-barrera\/","url":"https:\/\/www.proclinic.es\/blog\/capitulo-5-el-odontologo-y-sus-medidas-de-barrera\/","name":"Odontobook: las medidas de barrera - Blog Proclinic","isPartOf":{"@id":"https:\/\/www.proclinic.es\/blog\/#website"},"primaryImageOfPage":{"@id":"https:\/\/www.proclinic.es\/blog\/capitulo-5-el-odontologo-y-sus-medidas-de-barrera\/#primaryimage"},"image":{"@id":"https:\/\/www.proclinic.es\/blog\/capitulo-5-el-odontologo-y-sus-medidas-de-barrera\/#primaryimage"},"thumbnailUrl":"https:\/\/www.proclinic.es\/blog\/wp-content\/uploads\/2014\/04\/odontobook5.jpg","datePublished":"2014-04-17T07:23:50+00:00","dateModified":"2015-10-05T15:08:44+00:00","author":{"@id":"https:\/\/www.proclinic.es\/blog\/#\/schema\/person\/85e304ea367ce3922003b0d8b388e527"},"description":"El trabajo diario en la consulta odontol\u00f3gica con numerosos pacientes conlleva factores de riesgo asociados tanto a la propia consulta como al paciente.","breadcrumb":{"@id":"https:\/\/www.proclinic.es\/blog\/capitulo-5-el-odontologo-y-sus-medidas-de-barrera\/#breadcrumb"},"inLanguage":"es","potentialAction":[{"@type":"ReadAction","target":["https:\/\/www.proclinic.es\/blog\/capitulo-5-el-odontologo-y-sus-medidas-de-barrera\/"]}]},{"@type":"ImageObject","inLanguage":"es","@id":"https:\/\/www.proclinic.es\/blog\/capitulo-5-el-odontologo-y-sus-medidas-de-barrera\/#primaryimage","url":"https:\/\/www.proclinic.es\/blog\/wp-content\/uploads\/2014\/04\/odontobook5.jpg","contentUrl":"https:\/\/www.proclinic.es\/blog\/wp-content\/uploads\/2014\/04\/odontobook5.jpg","width":886,"height":425,"caption":"Cap\u00edtulo 5 Odontobook"},{"@type":"BreadcrumbList","@id":"https:\/\/www.proclinic.es\/blog\/capitulo-5-el-odontologo-y-sus-medidas-de-barrera\/#breadcrumb","itemListElement":[{"@type":"ListItem","position":1,"name":"Home","item":"https:\/\/www.proclinic.es\/blog\/"},{"@type":"ListItem","position":2,"name":"Cap\u00edtulo 5: El odont\u00f3logo y sus medidas de barrera"}]},{"@type":"WebSite","@id":"https:\/\/www.proclinic.es\/blog\/#website","url":"https:\/\/www.proclinic.es\/blog\/","name":"Blog Proclinic","description":"\u00a1Bienvenido al blog de Proclinic! En este espacio, nos enfocamos en brindar informaci\u00f3n valiosa y actualizada para todos los profesionales del sector dental. Nuestra misi\u00f3n es mantenerte al d\u00eda de las \u00faltimas tendencias, investigaciones y t\u00e9cnicas en el campo de la odontolog\u00eda. Exploraremos temas que van desde las novedades en materiales odontol\u00f3gicos, consejos pr\u00e1cticos para la gesti\u00f3n de cl\u00ednicas dentales hasta casos cl\u00ednicos con base cient\u00edfica, eventos del sector y mucho m\u00e1s. Te invitamos a seguir nuestro contenido, dise\u00f1ado para mantener tu pr\u00e1ctica en la vanguardia de la odontolog\u00eda moderna.","potentialAction":[{"@type":"SearchAction","target":{"@type":"EntryPoint","urlTemplate":"https:\/\/www.proclinic.es\/blog\/?s={search_term_string}"},"query-input":{"@type":"PropertyValueSpecification","valueRequired":true,"valueName":"search_term_string"}}],"inLanguage":"es"},{"@type":"Person","@id":"https:\/\/www.proclinic.es\/blog\/#\/schema\/person\/85e304ea367ce3922003b0d8b388e527","name":"Anna","image":{"@type":"ImageObject","inLanguage":"es","@id":"https:\/\/www.proclinic.es\/blog\/#\/schema\/person\/image\/","url":"https:\/\/secure.gravatar.com\/avatar\/b8b19455b6924f97d0afcdeb2791066e8c8af798468c71e0fe7e686c5d0b49f4?s=96&d=mm&r=g","contentUrl":"https:\/\/secure.gravatar.com\/avatar\/b8b19455b6924f97d0afcdeb2791066e8c8af798468c71e0fe7e686c5d0b49f4?s=96&d=mm&r=g","caption":"Anna"},"description":"Community Manager","url":"https:\/\/www.proclinic.es\/blog\/author\/anna\/"}]}},"jetpack_featured_media_url":"https:\/\/www.proclinic.es\/blog\/wp-content\/uploads\/2014\/04\/odontobook5.jpg","_links":{"self":[{"href":"https:\/\/www.proclinic.es\/blog\/wp-json\/wp\/v2\/posts\/1192","targetHints":{"allow":["GET"]}}],"collection":[{"href":"https:\/\/www.proclinic.es\/blog\/wp-json\/wp\/v2\/posts"}],"about":[{"href":"https:\/\/www.proclinic.es\/blog\/wp-json\/wp\/v2\/types\/post"}],"author":[{"embeddable":true,"href":"https:\/\/www.proclinic.es\/blog\/wp-json\/wp\/v2\/users\/101011"}],"replies":[{"embeddable":true,"href":"https:\/\/www.proclinic.es\/blog\/wp-json\/wp\/v2\/comments?post=1192"}],"version-history":[{"count":8,"href":"https:\/\/www.proclinic.es\/blog\/wp-json\/wp\/v2\/posts\/1192\/revisions"}],"predecessor-version":[{"id":2212,"href":"https:\/\/www.proclinic.es\/blog\/wp-json\/wp\/v2\/posts\/1192\/revisions\/2212"}],"wp:featuredmedia":[{"embeddable":true,"href":"https:\/\/www.proclinic.es\/blog\/wp-json\/wp\/v2\/media\/1195"}],"wp:attachment":[{"href":"https:\/\/www.proclinic.es\/blog\/wp-json\/wp\/v2\/media?parent=1192"}],"wp:term":[{"taxonomy":"category","embeddable":true,"href":"https:\/\/www.proclinic.es\/blog\/wp-json\/wp\/v2\/categories?post=1192"},{"taxonomy":"post_tag","embeddable":true,"href":"https:\/\/www.proclinic.es\/blog\/wp-json\/wp\/v2\/tags?post=1192"}],"curies":[{"name":"wp","href":"https:\/\/api.w.org\/{rel}","templated":true}]}}