{"id":11079,"date":"2019-06-17T16:19:55","date_gmt":"2019-06-17T14:19:55","guid":{"rendered":"https:\/\/www.proclinic.es\/blog\/?p=11079"},"modified":"2023-02-09T13:40:13","modified_gmt":"2023-02-09T11:40:13","slug":"acto-de-entrega-de-la-10a-edicion-de-las-becas-proclinic","status":"publish","type":"post","link":"https:\/\/www.proclinic.es\/blog\/acto-de-entrega-de-la-10a-edicion-de-las-becas-proclinic\/","title":{"rendered":"Acto de entrega de la 10\u00aa edici\u00f3n de las Becas Proclinic"},"content":{"rendered":"\n<p>El pasado s\u00e1bado 15 de junio tuvo lugar el <strong>Acto de entrega de la 10\u00aa edici\u00f3n de las Becas Proclinic<\/strong>,<strong> <\/strong>en la Facultad de Odontolog\u00eda de la Universidad Complutense de Madrid.<\/p>\n\n\n\n<figure class=\"wp-block-image\"><img loading=\"lazy\" decoding=\"async\" width=\"1600\" height=\"1200\" src=\"https:\/\/www.proclinic.es\/blog\/wp-content\/uploads\/2019\/06\/becaGSQV3317.jpg\" alt=\"Becas Proclinic 10\u00aa edici\u00f3n\" class=\"wp-image-11116\" srcset=\"https:\/\/www.proclinic.es\/blog\/wp-content\/uploads\/2019\/06\/becaGSQV3317.jpg 1600w, https:\/\/www.proclinic.es\/blog\/wp-content\/uploads\/2019\/06\/becaGSQV3317-300x225.jpg 300w, https:\/\/www.proclinic.es\/blog\/wp-content\/uploads\/2019\/06\/becaGSQV3317-800x600.jpg 800w, https:\/\/www.proclinic.es\/blog\/wp-content\/uploads\/2019\/06\/becaGSQV3317-768x576.jpg 768w, https:\/\/www.proclinic.es\/blog\/wp-content\/uploads\/2019\/06\/becaGSQV3317-1536x1152.jpg 1536w\" sizes=\"auto, (max-width: 1600px) 100vw, 1600px\" \/><\/figure>\n\n\n\n<p><\/p>\n\n\n\n<p>Los ganadores de esta edici\u00f3n, <strong>Juan Antonio Bollain Rodr\u00edguez<\/strong>, licenciado en Odontolog\u00eda por la <a rel=\"noreferrer noopener\" aria-label=\"Universidad del Pa\u00eds Vasco (opens in a new tab)\" href=\"https:\/\/www.ehu.eus\/es\/\" target=\"_blank\">Universidad del Pa\u00eds Vasco<\/a>, matriculado en la Facultad de Odontolog\u00eda de la Universidad Complutense de Madrid y cursando un<strong> M\u00e1ster propio en Periodoncia<\/strong>; e <strong>Ignacio Pedrinaci Pe\u00f1alver,<\/strong> licenciado en Odontolog\u00eda por la Universidad de Granada, matriculado en la <strong>Facultad de Odontolog\u00eda<\/strong> de la <a rel=\"noreferrer noopener\" aria-label=\"Universidad Complutense de Madrid (opens in a new tab)\" href=\"https:\/\/www.ucm.es\/\" target=\"_blank\">Universidad Complutense de Madrid<\/a> y cursando tambi\u00e9n un<strong> M\u00e1ster propio en Periodoncia,<\/strong> fueron galardonados con un cheque conmemorativo de la 1\u00aa y 2\u00aa beca, respectivamente.<\/p>\n\n\n\n<figure class=\"wp-block-image\"><img loading=\"lazy\" decoding=\"async\" width=\"1600\" height=\"1200\" src=\"https:\/\/www.proclinic.es\/blog\/wp-content\/uploads\/2019\/06\/becaNWRZ9011.jpg\" alt=\"Ganadores de las Becas Proclinic\" class=\"wp-image-11115\" srcset=\"https:\/\/www.proclinic.es\/blog\/wp-content\/uploads\/2019\/06\/becaNWRZ9011.jpg 1600w, https:\/\/www.proclinic.es\/blog\/wp-content\/uploads\/2019\/06\/becaNWRZ9011-300x225.jpg 300w, https:\/\/www.proclinic.es\/blog\/wp-content\/uploads\/2019\/06\/becaNWRZ9011-800x600.jpg 800w, https:\/\/www.proclinic.es\/blog\/wp-content\/uploads\/2019\/06\/becaNWRZ9011-768x576.jpg 768w, https:\/\/www.proclinic.es\/blog\/wp-content\/uploads\/2019\/06\/becaNWRZ9011-1536x1152.jpg 1536w\" sizes=\"auto, (max-width: 1600px) 100vw, 1600px\" \/><\/figure>\n\n\n\n<p><strong>Laura Moya,<\/strong> Coordinadora del \u00c1rea Institucional de<a href=\"http:\/\/www.proclinic.es\"> Proclinic<\/a> entreg\u00f3 los cheques a los galardonados. Adem\u00e1s, asistieron tambi\u00e9n al acto <strong>Guillermo de la Horra e Iv\u00e1n L\u00f3pez, <\/strong>como representantes del \u00e1rea comercial de <strong>Proclinic y Fadente.&nbsp;<\/strong> <\/p>\n\n\n\n<p><\/p>\n\n\n\n<p><\/p>\n\n\n\n<div id=\"ez-toc-container\" class=\"ez-toc-v2_0_76 counter-hierarchy ez-toc-counter ez-toc-white ez-toc-container-direction\">\n<div class=\"ez-toc-title-container\">\n<p class=\"ez-toc-title\" style=\"cursor:inherit\">\u00cdndice de contenidos<\/p>\n<span class=\"ez-toc-title-toggle\"><a href=\"#\" class=\"ez-toc-pull-right ez-toc-btn ez-toc-btn-xs ez-toc-btn-default ez-toc-toggle\" aria-label=\"Toggle Table of Content\"><span class=\"ez-toc-js-icon-con\"><span class=\"\"><span class=\"eztoc-hide\" style=\"display:none;\">Toggle<\/span><span class=\"ez-toc-icon-toggle-span\"><svg style=\"fill: #0098a7;color:#0098a7\" xmlns=\"http:\/\/www.w3.org\/2000\/svg\" class=\"list-377408\" width=\"20px\" height=\"20px\" viewBox=\"0 0 24 24\" fill=\"none\"><path d=\"M6 6H4v2h2V6zm14 0H8v2h12V6zM4 11h2v2H4v-2zm16 0H8v2h12v-2zM4 16h2v2H4v-2zm16 0H8v2h12v-2z\" fill=\"currentColor\"><\/path><\/svg><svg style=\"fill: #0098a7;color:#0098a7\" class=\"arrow-unsorted-368013\" xmlns=\"http:\/\/www.w3.org\/2000\/svg\" width=\"10px\" height=\"10px\" viewBox=\"0 0 24 24\" version=\"1.2\" baseProfile=\"tiny\"><path d=\"M18.2 9.3l-6.2-6.3-6.2 6.3c-.2.2-.3.4-.3.7s.1.5.3.7c.2.2.4.3.7.3h11c.3 0 .5-.1.7-.3.2-.2.3-.5.3-.7s-.1-.5-.3-.7zM5.8 14.7l6.2 6.3 6.2-6.3c.2-.2.3-.5.3-.7s-.1-.5-.3-.7c-.2-.2-.4-.3-.7-.3h-11c-.3 0-.5.1-.7.3-.2.2-.3.5-.3.7s.1.5.3.7z\"\/><\/svg><\/span><\/span><\/span><\/a><\/span><\/div>\n<nav><ul class='ez-toc-list ez-toc-list-level-1 ' ><li class='ez-toc-page-1 ez-toc-heading-level-2'><a class=\"ez-toc-link ez-toc-heading-1\" href=\"https:\/\/www.proclinic.es\/blog\/acto-de-entrega-de-la-10a-edicion-de-las-becas-proclinic\/#%C2%BFTe_gustaria_conseguir_una_de_las_becas_con_mayor_dotacion_economica_para_la_formacion_en_Odontologia_del_pais\" >\u00bfTe gustar\u00eda conseguir una de las becas con mayor dotaci\u00f3n econ\u00f3mica para la formaci\u00f3n en Odontolog\u00eda del pa\u00eds?<\/a><ul class='ez-toc-list-level-3' ><li class='ez-toc-heading-level-3'><a class=\"ez-toc-link ez-toc-heading-2\" href=\"https:\/\/www.proclinic.es\/blog\/acto-de-entrega-de-la-10a-edicion-de-las-becas-proclinic\/#%C2%A1Este_ano_puedes_ser_tu\" >\u00a1Este a\u00f1o puedes ser t\u00fa!<\/a><\/li><li class='ez-toc-page-1 ez-toc-heading-level-3'><a class=\"ez-toc-link ez-toc-heading-3\" href=\"https:\/\/www.proclinic.es\/blog\/acto-de-entrega-de-la-10a-edicion-de-las-becas-proclinic\/#Presenta_tu_candidatura_a_la_11a_edicion_de_las_Becas_Proclinic\" >Presenta tu candidatura a la 11\u00aa edici\u00f3n de las Becas Proclinic<\/a><\/li><\/ul><\/li><\/ul><\/nav><\/div>\n<h2 class=\"has-text-align-center wp-block-heading\"><span class=\"ez-toc-section\" id=\"%C2%BFTe_gustaria_conseguir_una_de_las_becas_con_mayor_dotacion_economica_para_la_formacion_en_Odontologia_del_pais\"><\/span>\u00bfTe gustar\u00eda conseguir una de las becas con mayor dotaci\u00f3n econ\u00f3mica para la formaci\u00f3n en Odontolog\u00eda del pa\u00eds? <span class=\"ez-toc-section-end\"><\/span><\/h2>\n\n\n\n<p><\/p>\n\n\n\n<h3 class=\"has-text-align-center wp-block-heading\"><span class=\"ez-toc-section\" id=\"%C2%A1Este_ano_puedes_ser_tu\"><\/span><strong>\u00a1Este a\u00f1o puedes ser t\u00fa!<\/strong><span class=\"ez-toc-section-end\"><\/span><\/h3>\n\n\n\n<h3 class=\"has-text-align-center wp-block-heading\"><span class=\"ez-toc-section\" id=\"Presenta_tu_candidatura_a_la_11a_edicion_de_las_Becas_Proclinic\"><\/span><a href=\"https:\/\/www.proclinic.es\/blog\/presenta-tu-candidatura-a-la-11a-edicion-de-las-becas-proclinic\/\">Presenta tu candidatura a la 11\u00aa edici\u00f3n de las Becas Proclinic<\/a><span class=\"ez-toc-section-end\"><\/span><\/h3>\n","protected":false},"excerpt":{"rendered":"<p>El pasado s\u00e1bado 15 de junio tuvo lugar el Acto de entrega de la 10\u00aa edici\u00f3n de las Becas Proclinic, en la Facultad de Odontolog\u00eda de la Universidad Complutense de Madrid. Los ganadores de esta edici\u00f3n, Juan Antonio Bollain Rodr\u00edguez, licenciado en Odontolog\u00eda por la Universidad del Pa\u00eds Vasco, matriculado en la Facultad de Odontolog\u00eda &#8230; <a title=\"Acto de entrega de la 10\u00aa edici\u00f3n de las Becas Proclinic\" class=\"read-more\" href=\"https:\/\/www.proclinic.es\/blog\/acto-de-entrega-de-la-10a-edicion-de-las-becas-proclinic\/\" aria-label=\"More on Acto de entrega de la 10\u00aa edici\u00f3n de las Becas Proclinic\">Read more<\/a><\/p>\n","protected":false},"author":101011,"featured_media":11119,"comment_status":"open","ping_status":"open","sticky":false,"template":"","format":"standard","meta":{"footnotes":""},"categories":[45],"tags":[],"class_list":["post-11079","post","type-post","status-publish","format-standard","has-post-thumbnail","hentry","category-actualidad"],"yoast_head":"<!-- This site is optimized with the Yoast SEO plugin v25.9 - https:\/\/yoast.com\/wordpress\/plugins\/seo\/ -->\n<title>Acto de entrega de la 10\u00aa edici\u00f3n de las Becas Proclinic - Blog Proclinic<\/title>\n<meta name=\"description\" content=\"Acto de entrega de la 10\u00aa edici\u00f3n de las Becas Proclinic, en la Facultad de Odontolog\u00eda de la Universidad Complutense de Madrid. \u00a1Conoce a los ganadores!\" \/>\n<meta name=\"robots\" content=\"index, follow, max-snippet:-1, max-image-preview:large, max-video-preview:-1\" \/>\n<link rel=\"canonical\" href=\"https:\/\/www.proclinic.es\/blog\/acto-de-entrega-de-la-10a-edicion-de-las-becas-proclinic\/\" \/>\n<meta property=\"og:locale\" content=\"es_ES\" \/>\n<meta property=\"og:type\" content=\"article\" \/>\n<meta property=\"og:title\" content=\"Acto de entrega de la 10\u00aa edici\u00f3n de las Becas Proclinic - Blog Proclinic\" \/>\n<meta property=\"og:description\" content=\"Acto de entrega de la 10\u00aa edici\u00f3n de las Becas Proclinic, en la Facultad de Odontolog\u00eda de la Universidad Complutense de Madrid. \u00a1Conoce a los ganadores!\" \/>\n<meta property=\"og:url\" content=\"https:\/\/www.proclinic.es\/blog\/acto-de-entrega-de-la-10a-edicion-de-las-becas-proclinic\/\" \/>\n<meta property=\"og:site_name\" content=\"Blog Proclinic\" \/>\n<meta property=\"article:publisher\" content=\"https:\/\/www.facebook.com\/proclinicsa\" \/>\n<meta property=\"article:published_time\" content=\"2019-06-17T14:19:55+00:00\" \/>\n<meta property=\"article:modified_time\" content=\"2023-02-09T11:40:13+00:00\" \/>\n<meta property=\"og:image\" content=\"https:\/\/www.proclinic.es\/blog\/wp-content\/uploads\/2019\/06\/entrega-beca-proclinic-10ma-edici\u00f3n.png\" \/>\n\t<meta property=\"og:image:width\" content=\"808\" \/>\n\t<meta property=\"og:image:height\" content=\"601\" \/>\n\t<meta property=\"og:image:type\" content=\"image\/png\" \/>\n<meta name=\"author\" content=\"Anna\" \/>\n<meta name=\"twitter:card\" content=\"summary_large_image\" \/>\n<meta name=\"twitter:creator\" content=\"@Proclinic_SA\" \/>\n<meta name=\"twitter:site\" content=\"@Proclinic_SA\" \/>\n<meta name=\"twitter:label1\" content=\"Escrito por\" \/>\n\t<meta name=\"twitter:data1\" content=\"Anna\" \/>\n\t<meta name=\"twitter:label2\" content=\"Tiempo de lectura\" \/>\n\t<meta name=\"twitter:data2\" content=\"1 minuto\" \/>\n<script type=\"application\/ld+json\" class=\"yoast-schema-graph\">{\"@context\":\"https:\/\/schema.org\",\"@graph\":[{\"@type\":\"WebPage\",\"@id\":\"https:\/\/www.proclinic.es\/blog\/acto-de-entrega-de-la-10a-edicion-de-las-becas-proclinic\/\",\"url\":\"https:\/\/www.proclinic.es\/blog\/acto-de-entrega-de-la-10a-edicion-de-las-becas-proclinic\/\",\"name\":\"Acto de entrega de la 10\u00aa edici\u00f3n de las Becas Proclinic - Blog Proclinic\",\"isPartOf\":{\"@id\":\"https:\/\/www.proclinic.es\/blog\/#website\"},\"primaryImageOfPage\":{\"@id\":\"https:\/\/www.proclinic.es\/blog\/acto-de-entrega-de-la-10a-edicion-de-las-becas-proclinic\/#primaryimage\"},\"image\":{\"@id\":\"https:\/\/www.proclinic.es\/blog\/acto-de-entrega-de-la-10a-edicion-de-las-becas-proclinic\/#primaryimage\"},\"thumbnailUrl\":\"https:\/\/www.proclinic.es\/blog\/wp-content\/uploads\/2019\/06\/entrega-beca-proclinic-10ma-edici\u00f3n.png\",\"datePublished\":\"2019-06-17T14:19:55+00:00\",\"dateModified\":\"2023-02-09T11:40:13+00:00\",\"author\":{\"@id\":\"https:\/\/www.proclinic.es\/blog\/#\/schema\/person\/85e304ea367ce3922003b0d8b388e527\"},\"description\":\"Acto de entrega de la 10\u00aa edici\u00f3n de las Becas Proclinic, en la Facultad de Odontolog\u00eda de la Universidad Complutense de Madrid. \u00a1Conoce a los ganadores!\",\"breadcrumb\":{\"@id\":\"https:\/\/www.proclinic.es\/blog\/acto-de-entrega-de-la-10a-edicion-de-las-becas-proclinic\/#breadcrumb\"},\"inLanguage\":\"es\",\"potentialAction\":[{\"@type\":\"ReadAction\",\"target\":[\"https:\/\/www.proclinic.es\/blog\/acto-de-entrega-de-la-10a-edicion-de-las-becas-proclinic\/\"]}]},{\"@type\":\"ImageObject\",\"inLanguage\":\"es\",\"@id\":\"https:\/\/www.proclinic.es\/blog\/acto-de-entrega-de-la-10a-edicion-de-las-becas-proclinic\/#primaryimage\",\"url\":\"https:\/\/www.proclinic.es\/blog\/wp-content\/uploads\/2019\/06\/entrega-beca-proclinic-10ma-edici\u00f3n.png\",\"contentUrl\":\"https:\/\/www.proclinic.es\/blog\/wp-content\/uploads\/2019\/06\/entrega-beca-proclinic-10ma-edici\u00f3n.png\",\"width\":808,\"height\":601},{\"@type\":\"BreadcrumbList\",\"@id\":\"https:\/\/www.proclinic.es\/blog\/acto-de-entrega-de-la-10a-edicion-de-las-becas-proclinic\/#breadcrumb\",\"itemListElement\":[{\"@type\":\"ListItem\",\"position\":1,\"name\":\"Home\",\"item\":\"https:\/\/www.proclinic.es\/blog\/\"},{\"@type\":\"ListItem\",\"position\":2,\"name\":\"Acto de entrega de la 10\u00aa edici\u00f3n de las Becas Proclinic\"}]},{\"@type\":\"WebSite\",\"@id\":\"https:\/\/www.proclinic.es\/blog\/#website\",\"url\":\"https:\/\/www.proclinic.es\/blog\/\",\"name\":\"Blog Proclinic\",\"description\":\"\u00a1Bienvenido al blog de Proclinic! En este espacio, nos enfocamos en brindar informaci\u00f3n valiosa y actualizada para todos los profesionales del sector dental. Nuestra misi\u00f3n es mantenerte al d\u00eda de las \u00faltimas tendencias, investigaciones y t\u00e9cnicas en el campo de la odontolog\u00eda. Exploraremos temas que van desde las novedades en materiales odontol\u00f3gicos, consejos pr\u00e1cticos para la gesti\u00f3n de cl\u00ednicas dentales hasta casos cl\u00ednicos con base cient\u00edfica, eventos del sector y mucho m\u00e1s. Te invitamos a seguir nuestro contenido, dise\u00f1ado para mantener tu pr\u00e1ctica en la vanguardia de la odontolog\u00eda moderna.\",\"potentialAction\":[{\"@type\":\"SearchAction\",\"target\":{\"@type\":\"EntryPoint\",\"urlTemplate\":\"https:\/\/www.proclinic.es\/blog\/?s={search_term_string}\"},\"query-input\":{\"@type\":\"PropertyValueSpecification\",\"valueRequired\":true,\"valueName\":\"search_term_string\"}}],\"inLanguage\":\"es\"},{\"@type\":\"Person\",\"@id\":\"https:\/\/www.proclinic.es\/blog\/#\/schema\/person\/85e304ea367ce3922003b0d8b388e527\",\"name\":\"Anna\",\"image\":{\"@type\":\"ImageObject\",\"inLanguage\":\"es\",\"@id\":\"https:\/\/www.proclinic.es\/blog\/#\/schema\/person\/image\/\",\"url\":\"https:\/\/secure.gravatar.com\/avatar\/b8b19455b6924f97d0afcdeb2791066e8c8af798468c71e0fe7e686c5d0b49f4?s=96&d=mm&r=g\",\"contentUrl\":\"https:\/\/secure.gravatar.com\/avatar\/b8b19455b6924f97d0afcdeb2791066e8c8af798468c71e0fe7e686c5d0b49f4?s=96&d=mm&r=g\",\"caption\":\"Anna\"},\"description\":\"Community Manager\",\"url\":\"https:\/\/www.proclinic.es\/blog\/author\/anna\/\"}]}<\/script>\n<!-- \/ Yoast SEO plugin. -->","yoast_head_json":{"title":"Acto de entrega de la 10\u00aa edici\u00f3n de las Becas Proclinic - Blog Proclinic","description":"Acto de entrega de la 10\u00aa edici\u00f3n de las Becas Proclinic, en la Facultad de Odontolog\u00eda de la Universidad Complutense de Madrid. \u00a1Conoce a los ganadores!","robots":{"index":"index","follow":"follow","max-snippet":"max-snippet:-1","max-image-preview":"max-image-preview:large","max-video-preview":"max-video-preview:-1"},"canonical":"https:\/\/www.proclinic.es\/blog\/acto-de-entrega-de-la-10a-edicion-de-las-becas-proclinic\/","og_locale":"es_ES","og_type":"article","og_title":"Acto de entrega de la 10\u00aa edici\u00f3n de las Becas Proclinic - Blog Proclinic","og_description":"Acto de entrega de la 10\u00aa edici\u00f3n de las Becas Proclinic, en la Facultad de Odontolog\u00eda de la Universidad Complutense de Madrid. \u00a1Conoce a los ganadores!","og_url":"https:\/\/www.proclinic.es\/blog\/acto-de-entrega-de-la-10a-edicion-de-las-becas-proclinic\/","og_site_name":"Blog Proclinic","article_publisher":"https:\/\/www.facebook.com\/proclinicsa","article_published_time":"2019-06-17T14:19:55+00:00","article_modified_time":"2023-02-09T11:40:13+00:00","og_image":[{"width":808,"height":601,"url":"https:\/\/www.proclinic.es\/blog\/wp-content\/uploads\/2019\/06\/entrega-beca-proclinic-10ma-edici\u00f3n.png","type":"image\/png"}],"author":"Anna","twitter_card":"summary_large_image","twitter_creator":"@Proclinic_SA","twitter_site":"@Proclinic_SA","twitter_misc":{"Escrito por":"Anna","Tiempo de lectura":"1 minuto"},"schema":{"@context":"https:\/\/schema.org","@graph":[{"@type":"WebPage","@id":"https:\/\/www.proclinic.es\/blog\/acto-de-entrega-de-la-10a-edicion-de-las-becas-proclinic\/","url":"https:\/\/www.proclinic.es\/blog\/acto-de-entrega-de-la-10a-edicion-de-las-becas-proclinic\/","name":"Acto de entrega de la 10\u00aa edici\u00f3n de las Becas Proclinic - Blog Proclinic","isPartOf":{"@id":"https:\/\/www.proclinic.es\/blog\/#website"},"primaryImageOfPage":{"@id":"https:\/\/www.proclinic.es\/blog\/acto-de-entrega-de-la-10a-edicion-de-las-becas-proclinic\/#primaryimage"},"image":{"@id":"https:\/\/www.proclinic.es\/blog\/acto-de-entrega-de-la-10a-edicion-de-las-becas-proclinic\/#primaryimage"},"thumbnailUrl":"https:\/\/www.proclinic.es\/blog\/wp-content\/uploads\/2019\/06\/entrega-beca-proclinic-10ma-edici\u00f3n.png","datePublished":"2019-06-17T14:19:55+00:00","dateModified":"2023-02-09T11:40:13+00:00","author":{"@id":"https:\/\/www.proclinic.es\/blog\/#\/schema\/person\/85e304ea367ce3922003b0d8b388e527"},"description":"Acto de entrega de la 10\u00aa edici\u00f3n de las Becas Proclinic, en la Facultad de Odontolog\u00eda de la Universidad Complutense de Madrid. \u00a1Conoce a los ganadores!","breadcrumb":{"@id":"https:\/\/www.proclinic.es\/blog\/acto-de-entrega-de-la-10a-edicion-de-las-becas-proclinic\/#breadcrumb"},"inLanguage":"es","potentialAction":[{"@type":"ReadAction","target":["https:\/\/www.proclinic.es\/blog\/acto-de-entrega-de-la-10a-edicion-de-las-becas-proclinic\/"]}]},{"@type":"ImageObject","inLanguage":"es","@id":"https:\/\/www.proclinic.es\/blog\/acto-de-entrega-de-la-10a-edicion-de-las-becas-proclinic\/#primaryimage","url":"https:\/\/www.proclinic.es\/blog\/wp-content\/uploads\/2019\/06\/entrega-beca-proclinic-10ma-edici\u00f3n.png","contentUrl":"https:\/\/www.proclinic.es\/blog\/wp-content\/uploads\/2019\/06\/entrega-beca-proclinic-10ma-edici\u00f3n.png","width":808,"height":601},{"@type":"BreadcrumbList","@id":"https:\/\/www.proclinic.es\/blog\/acto-de-entrega-de-la-10a-edicion-de-las-becas-proclinic\/#breadcrumb","itemListElement":[{"@type":"ListItem","position":1,"name":"Home","item":"https:\/\/www.proclinic.es\/blog\/"},{"@type":"ListItem","position":2,"name":"Acto de entrega de la 10\u00aa edici\u00f3n de las Becas Proclinic"}]},{"@type":"WebSite","@id":"https:\/\/www.proclinic.es\/blog\/#website","url":"https:\/\/www.proclinic.es\/blog\/","name":"Blog Proclinic","description":"\u00a1Bienvenido al blog de Proclinic! En este espacio, nos enfocamos en brindar informaci\u00f3n valiosa y actualizada para todos los profesionales del sector dental. Nuestra misi\u00f3n es mantenerte al d\u00eda de las \u00faltimas tendencias, investigaciones y t\u00e9cnicas en el campo de la odontolog\u00eda. Exploraremos temas que van desde las novedades en materiales odontol\u00f3gicos, consejos pr\u00e1cticos para la gesti\u00f3n de cl\u00ednicas dentales hasta casos cl\u00ednicos con base cient\u00edfica, eventos del sector y mucho m\u00e1s. Te invitamos a seguir nuestro contenido, dise\u00f1ado para mantener tu pr\u00e1ctica en la vanguardia de la odontolog\u00eda moderna.","potentialAction":[{"@type":"SearchAction","target":{"@type":"EntryPoint","urlTemplate":"https:\/\/www.proclinic.es\/blog\/?s={search_term_string}"},"query-input":{"@type":"PropertyValueSpecification","valueRequired":true,"valueName":"search_term_string"}}],"inLanguage":"es"},{"@type":"Person","@id":"https:\/\/www.proclinic.es\/blog\/#\/schema\/person\/85e304ea367ce3922003b0d8b388e527","name":"Anna","image":{"@type":"ImageObject","inLanguage":"es","@id":"https:\/\/www.proclinic.es\/blog\/#\/schema\/person\/image\/","url":"https:\/\/secure.gravatar.com\/avatar\/b8b19455b6924f97d0afcdeb2791066e8c8af798468c71e0fe7e686c5d0b49f4?s=96&d=mm&r=g","contentUrl":"https:\/\/secure.gravatar.com\/avatar\/b8b19455b6924f97d0afcdeb2791066e8c8af798468c71e0fe7e686c5d0b49f4?s=96&d=mm&r=g","caption":"Anna"},"description":"Community Manager","url":"https:\/\/www.proclinic.es\/blog\/author\/anna\/"}]}},"jetpack_featured_media_url":"https:\/\/www.proclinic.es\/blog\/wp-content\/uploads\/2019\/06\/entrega-beca-proclinic-10ma-edici\u00f3n.png","_links":{"self":[{"href":"https:\/\/www.proclinic.es\/blog\/wp-json\/wp\/v2\/posts\/11079","targetHints":{"allow":["GET"]}}],"collection":[{"href":"https:\/\/www.proclinic.es\/blog\/wp-json\/wp\/v2\/posts"}],"about":[{"href":"https:\/\/www.proclinic.es\/blog\/wp-json\/wp\/v2\/types\/post"}],"author":[{"embeddable":true,"href":"https:\/\/www.proclinic.es\/blog\/wp-json\/wp\/v2\/users\/101011"}],"replies":[{"embeddable":true,"href":"https:\/\/www.proclinic.es\/blog\/wp-json\/wp\/v2\/comments?post=11079"}],"version-history":[{"count":12,"href":"https:\/\/www.proclinic.es\/blog\/wp-json\/wp\/v2\/posts\/11079\/revisions"}],"predecessor-version":[{"id":13717,"href":"https:\/\/www.proclinic.es\/blog\/wp-json\/wp\/v2\/posts\/11079\/revisions\/13717"}],"wp:featuredmedia":[{"embeddable":true,"href":"https:\/\/www.proclinic.es\/blog\/wp-json\/wp\/v2\/media\/11119"}],"wp:attachment":[{"href":"https:\/\/www.proclinic.es\/blog\/wp-json\/wp\/v2\/media?parent=11079"}],"wp:term":[{"taxonomy":"category","embeddable":true,"href":"https:\/\/www.proclinic.es\/blog\/wp-json\/wp\/v2\/categories?post=11079"},{"taxonomy":"post_tag","embeddable":true,"href":"https:\/\/www.proclinic.es\/blog\/wp-json\/wp\/v2\/tags?post=11079"}],"curies":[{"name":"wp","href":"https:\/\/api.w.org\/{rel}","templated":true}]}}