{"id":10358,"date":"2019-02-14T18:17:01","date_gmt":"2019-02-14T16:17:01","guid":{"rendered":"https:\/\/www.proclinic.es\/blog\/?p=10358"},"modified":"2019-05-23T12:51:36","modified_gmt":"2019-05-23T10:51:36","slug":"fallo-del-jurado-de-la-10a-edicion-de-las-becas-proclinic","status":"publish","type":"post","link":"https:\/\/www.proclinic.es\/blog\/fallo-del-jurado-de-la-10a-edicion-de-las-becas-proclinic\/","title":{"rendered":"Fallo del jurado de la 10\u00aa edici\u00f3n de las Becas Proclinic"},"content":{"rendered":"\n<p>El <strong>d\u00eda 5 de febrero de 2019<\/strong>  tuvo lugar la reuni\u00f3n del Jurado para fallar los premios de la <strong>10\u00ba Edici\u00f3n de las Becas Proclinic.<\/strong><\/p>\n\n\n\n<p><br>El jurado estuvo presidido por <strong>Ilmo. Sr. Jos\u00e9 Carlos de la Macorra<\/strong> (Decano Facultad de Odontolog\u00eda de la<strong> <\/strong>Universidad Complutense de Madrid y presidente de la Conferencia de Decanos de Odontolog\u00eda), y formado por <strong>Ilma. Sra. Trinidad G\u00f3mez Taleg\u00f3n<\/strong> (Decana Facultad Ciencias de la Salud de la Universidad Europea Miguel de Cervantes de Valladolid), <strong>Ilma. Sra. B\u00e1rbara Ortega S\u00e1nchez<\/strong> (Directora de Odontolog\u00eda de la Facultad de Odontolog\u00eda CEU Cardenal Herrera), <strong>Ilmo. Sr. Jos\u00e9 Luis Guti\u00e9rrez P\u00e9rez <\/strong>(Decano de la Facultad de Odontolog\u00eda de la Universidad de Sevilla) e <strong>Ilma. Sra. Mar\u00eda Teresa Ruiz Navas <\/strong>(Vicedecana de Odontolog\u00eda de la <strong>Uni<\/strong>versidad de Murcia)<\/p>\n\n\n\n<div class=\"wp-block-image\"><figure class=\"aligncenter\"><img loading=\"lazy\" decoding=\"async\" width=\"316\" height=\"352\" src=\"https:\/\/www.proclinic.es\/blog\/wp-content\/uploads\/2019\/02\/logo-becas.jpg\" alt=\"\" class=\"wp-image-10362\" srcset=\"https:\/\/www.proclinic.es\/blog\/wp-content\/uploads\/2019\/02\/logo-becas.jpg 316w, https:\/\/www.proclinic.es\/blog\/wp-content\/uploads\/2019\/02\/logo-becas-269x300.jpg 269w\" sizes=\"auto, (max-width: 316px) 100vw, 316px\" \/><\/figure><\/div>\n\n\n\n<p><\/p>\n\n\n\n<p><br>Tras la oportuna deliberaci\u00f3n, y teniendo en cuenta la presentaci\u00f3n de las propuestas de todos los candidatos participantes, el jurado valor\u00f3 el excelente nivel de todas las candidaturas presentadas y eligi\u00f3 como vencedoras de la <strong><a rel=\"noreferrer noopener\" aria-label=\"10\u00ba Edici\u00f3n de la Beca Proclinic (opens in a new tab)\" href=\"https:\/\/www.proclinic.es\/blog\/presenta-tu-candidatura-a-la-10a-edicion-de-la-beca-proclinic-2018\/\" target=\"_blank\">10\u00ba Edici\u00f3n de las Becas Proclinic<\/a><\/strong> las siguientes candidaturas presentadas:<\/p>\n\n\n\n<p><\/p>\n\n\n\n<div id=\"ez-toc-container\" class=\"ez-toc-v2_0_76 counter-hierarchy ez-toc-counter ez-toc-white ez-toc-container-direction\">\n<div class=\"ez-toc-title-container\">\n<p class=\"ez-toc-title\" style=\"cursor:inherit\">\u00cdndice de contenidos<\/p>\n<span class=\"ez-toc-title-toggle\"><a href=\"#\" class=\"ez-toc-pull-right ez-toc-btn ez-toc-btn-xs ez-toc-btn-default ez-toc-toggle\" aria-label=\"Toggle Table of Content\"><span class=\"ez-toc-js-icon-con\"><span class=\"\"><span class=\"eztoc-hide\" style=\"display:none;\">Toggle<\/span><span class=\"ez-toc-icon-toggle-span\"><svg style=\"fill: #0098a7;color:#0098a7\" xmlns=\"http:\/\/www.w3.org\/2000\/svg\" class=\"list-377408\" width=\"20px\" height=\"20px\" viewBox=\"0 0 24 24\" fill=\"none\"><path d=\"M6 6H4v2h2V6zm14 0H8v2h12V6zM4 11h2v2H4v-2zm16 0H8v2h12v-2zM4 16h2v2H4v-2zm16 0H8v2h12v-2z\" fill=\"currentColor\"><\/path><\/svg><svg style=\"fill: #0098a7;color:#0098a7\" class=\"arrow-unsorted-368013\" xmlns=\"http:\/\/www.w3.org\/2000\/svg\" width=\"10px\" height=\"10px\" viewBox=\"0 0 24 24\" version=\"1.2\" baseProfile=\"tiny\"><path d=\"M18.2 9.3l-6.2-6.3-6.2 6.3c-.2.2-.3.4-.3.7s.1.5.3.7c.2.2.4.3.7.3h11c.3 0 .5-.1.7-.3.2-.2.3-.5.3-.7s-.1-.5-.3-.7zM5.8 14.7l6.2 6.3 6.2-6.3c.2-.2.3-.5.3-.7s-.1-.5-.3-.7c-.2-.2-.4-.3-.7-.3h-11c-.3 0-.5.1-.7.3-.2.2-.3.5-.3.7s.1.5.3.7z\"\/><\/svg><\/span><\/span><\/span><\/a><\/span><\/div>\n<nav><ul class='ez-toc-list ez-toc-list-level-1 ' ><li class='ez-toc-page-1 ez-toc-heading-level-2'><a class=\"ez-toc-link ez-toc-heading-1\" href=\"https:\/\/www.proclinic.es\/blog\/fallo-del-jurado-de-la-10a-edicion-de-las-becas-proclinic\/#Ganador_de_la_1a_Beca\" >Ganador de la 1\u00aa Beca<\/a><\/li><li class='ez-toc-page-1 ez-toc-heading-level-2'><a class=\"ez-toc-link ez-toc-heading-2\" href=\"https:\/\/www.proclinic.es\/blog\/fallo-del-jurado-de-la-10a-edicion-de-las-becas-proclinic\/#Ganador_de_la_2a_Beca\" >Ganador de la 2\u00aa Beca<\/a><\/li><\/ul><\/nav><\/div>\n<h2 class=\"wp-block-heading\"><span class=\"ez-toc-section\" id=\"Ganador_de_la_1a_Beca\"><\/span><br><strong>Ganador de la 1\u00aa Beca<\/strong><br><span class=\"ez-toc-section-end\"><\/span><\/h2>\n\n\n\n<p><strong>Don Juan Antonio Bollain Rodr\u00edguez, <\/strong>Licenciado en Odontolog\u00eda por la Universidad del Pa\u00eds Vasco, matriculado en la Facultad de Odontolog\u00eda de la Universidad Complutense de Madrid y cursando Master Propio en Periodoncia.<br> <\/p>\n\n\n\n<h2 class=\"wp-block-heading\"><span class=\"ez-toc-section\" id=\"Ganador_de_la_2a_Beca\"><\/span><strong>Ganador de la 2\u00aa Beca<\/strong><span class=\"ez-toc-section-end\"><\/span><\/h2>\n\n\n\n<p><br><strong>Don Ignacio Pedrinaci Pe\u00f1alver<\/strong>, Licenciado en Odontolog\u00eda por la Universidad de Granada, matriculado en la Facultad de Odontolog\u00eda de la <a rel=\"noreferrer noopener\" aria-label=\"Universidad Complutense de Madrid (opens in a new tab)\" href=\"https:\/\/www.ucm.es\/\" target=\"_blank\">Universidad Complutense de Madrid<\/a> y cursando M\u00e1ster Propio en Periodoncia.<\/p>\n\n\n\n<p><br>Ambas candidaturas aportan unos expedientes acad\u00e9micos excelentes, a la vez que proponen unas propuestas de desarrollo acad\u00e9mico y profesional muy interesantes, a consideraci\u00f3n del Jurado. <\/p>\n\n\n\n<p><br>Nuestra m\u00e1s sincera<strong> enhorabuena por haber sido merecedores de estas dos Becas<\/strong>; las m\u00e1s importantes que se conceden en el \u00e1mbito dental en Espa\u00f1a.<\/p>\n\n\n\n<p><br>Queremos transmitir, a todos y cada uno de los candidatos, nuestro m\u00e1s sincero <strong>reconocimiento por la confianza que han demostrado al presentar su candidatura a esta 10\u00aa Edici\u00f3n de las Becas<\/strong> y por su contribuci\u00f3n al prestigio de las mismas.<\/p>\n\n\n\n<p> Una vez m\u00e1s, mostramos nuestro agradecimiento al presidente y a los miembros de la<a rel=\"noreferrer noopener\" aria-label=\" Conferencia de Decano (opens in a new tab)\" href=\"http:\/\/www.conferenciadecanoseducacion.es\/\" target=\"_blank\"> Conferencia de Decano<\/a>s, cuya desinteresada colaboraci\u00f3n y esfuerzo honra y dota de valor nuestras Becas.<\/p>\n\n\n\n<p><br>As\u00ed mismo, consideramos importante destacar la labor de todos los <strong>Directores de M\u00e1ster, Tutores y Profesores que con su labor han contribuido en esta edici\u00f3n.<\/strong><\/p>\n","protected":false},"excerpt":{"rendered":"<p>El d\u00eda 5 de febrero de 2019 tuvo lugar la reuni\u00f3n del Jurado para fallar los premios de la 10\u00ba Edici\u00f3n de las Becas Proclinic. El jurado estuvo presidido por Ilmo. Sr. Jos\u00e9 Carlos de la Macorra (Decano Facultad de Odontolog\u00eda de la Universidad Complutense de Madrid y presidente de la Conferencia de Decanos de &#8230; <a title=\"Fallo del jurado de la 10\u00aa edici\u00f3n de las Becas Proclinic\" class=\"read-more\" href=\"https:\/\/www.proclinic.es\/blog\/fallo-del-jurado-de-la-10a-edicion-de-las-becas-proclinic\/\" aria-label=\"More on Fallo del jurado de la 10\u00aa edici\u00f3n de las Becas Proclinic\">Read more<\/a><\/p>\n","protected":false},"author":101011,"featured_media":10885,"comment_status":"open","ping_status":"open","sticky":false,"template":"","format":"standard","meta":{"footnotes":""},"categories":[43],"tags":[144,247,69,332,331,333,100,251,334],"class_list":["post-10358","post","type-post","status-publish","format-standard","has-post-thumbnail","hentry","category-formacion","tag-becas-proclinic","tag-estudiantes","tag-falcultad-de-odontologia","tag-fallo-10o-edicion","tag-fallo-becas","tag-ganadores-de-la-beca-proclinic","tag-odontologia","tag-periodoncia","tag-ucm"],"yoast_head":"<!-- This site is optimized with the Yoast SEO plugin v27.4 - https:\/\/yoast.com\/product\/yoast-seo-wordpress\/ -->\n<title>Fallo del jurado de la 10\u00aa edici\u00f3n de las Becas Proclinic - Blog Proclinic<\/title>\n<meta name=\"robots\" content=\"index, follow, max-snippet:-1, max-image-preview:large, max-video-preview:-1\" \/>\n<link rel=\"canonical\" href=\"https:\/\/www.proclinic.es\/blog\/fallo-del-jurado-de-la-10a-edicion-de-las-becas-proclinic\/\" \/>\n<meta property=\"og:locale\" content=\"es_ES\" \/>\n<meta property=\"og:type\" content=\"article\" \/>\n<meta property=\"og:title\" content=\"Fallo del jurado de la 10\u00aa edici\u00f3n de las Becas Proclinic - Blog Proclinic\" \/>\n<meta property=\"og:description\" content=\"El d\u00eda 5 de febrero de 2019 tuvo lugar la reuni\u00f3n del Jurado para fallar los premios de la 10\u00ba Edici\u00f3n de las Becas Proclinic. El jurado estuvo presidido por Ilmo. Sr. Jos\u00e9 Carlos de la Macorra (Decano Facultad de Odontolog\u00eda de la Universidad Complutense de Madrid y presidente de la Conferencia de Decanos de ... Read more\" \/>\n<meta property=\"og:url\" content=\"https:\/\/www.proclinic.es\/blog\/fallo-del-jurado-de-la-10a-edicion-de-las-becas-proclinic\/\" \/>\n<meta property=\"og:site_name\" content=\"Blog Proclinic\" \/>\n<meta property=\"article:publisher\" content=\"https:\/\/www.facebook.com\/proclinicsa\" \/>\n<meta property=\"article:published_time\" content=\"2019-02-14T16:17:01+00:00\" \/>\n<meta property=\"article:modified_time\" content=\"2019-05-23T10:51:36+00:00\" \/>\n<meta property=\"og:image\" content=\"https:\/\/www.proclinic.es\/blog\/wp-content\/uploads\/2019\/02\/Fallo_jurado_becas_proclinic_2018.png\" \/>\n\t<meta property=\"og:image:width\" content=\"808\" \/>\n\t<meta property=\"og:image:height\" content=\"601\" \/>\n\t<meta property=\"og:image:type\" content=\"image\/png\" \/>\n<meta name=\"author\" content=\"Anna\" \/>\n<meta name=\"twitter:card\" content=\"summary_large_image\" \/>\n<meta name=\"twitter:creator\" content=\"@Proclinic_SA\" \/>\n<meta name=\"twitter:site\" content=\"@Proclinic_SA\" \/>\n<meta name=\"twitter:label1\" content=\"Escrito por\" \/>\n\t<meta name=\"twitter:data1\" content=\"Anna\" \/>\n\t<meta name=\"twitter:label2\" content=\"Tiempo de lectura\" \/>\n\t<meta name=\"twitter:data2\" content=\"2 minutos\" \/>\n<script type=\"application\/ld+json\" class=\"yoast-schema-graph\">{\"@context\":\"https:\\\/\\\/schema.org\",\"@graph\":[{\"@type\":\"Article\",\"@id\":\"https:\\\/\\\/www.proclinic.es\\\/blog\\\/fallo-del-jurado-de-la-10a-edicion-de-las-becas-proclinic\\\/#article\",\"isPartOf\":{\"@id\":\"https:\\\/\\\/www.proclinic.es\\\/blog\\\/fallo-del-jurado-de-la-10a-edicion-de-las-becas-proclinic\\\/\"},\"author\":{\"name\":\"Anna\",\"@id\":\"https:\\\/\\\/www.proclinic.es\\\/blog\\\/#\\\/schema\\\/person\\\/85e304ea367ce3922003b0d8b388e527\"},\"headline\":\"Fallo del jurado de la 10\u00aa edici\u00f3n de las Becas Proclinic\",\"datePublished\":\"2019-02-14T16:17:01+00:00\",\"dateModified\":\"2019-05-23T10:51:36+00:00\",\"mainEntityOfPage\":{\"@id\":\"https:\\\/\\\/www.proclinic.es\\\/blog\\\/fallo-del-jurado-de-la-10a-edicion-de-las-becas-proclinic\\\/\"},\"wordCount\":431,\"commentCount\":0,\"image\":{\"@id\":\"https:\\\/\\\/www.proclinic.es\\\/blog\\\/fallo-del-jurado-de-la-10a-edicion-de-las-becas-proclinic\\\/#primaryimage\"},\"thumbnailUrl\":\"https:\\\/\\\/www.proclinic.es\\\/blog\\\/wp-content\\\/uploads\\\/2019\\\/02\\\/Fallo_jurado_becas_proclinic_2018.png\",\"keywords\":[\"Becas Proclinic\",\"estudiantes\",\"Falcultad de odontolog\u00eda\",\"Fallo 10\u00ba edici\u00f3n\",\"Fallo becas\",\"ganadores de la beca proclinic\",\"odontolog\u00eda\",\"Periodoncia\",\"UCM\"],\"articleSection\":[\"Formaci\u00f3n y Eventos\"],\"inLanguage\":\"es\",\"potentialAction\":[{\"@type\":\"CommentAction\",\"name\":\"Comment\",\"target\":[\"https:\\\/\\\/www.proclinic.es\\\/blog\\\/fallo-del-jurado-de-la-10a-edicion-de-las-becas-proclinic\\\/#respond\"]}]},{\"@type\":\"WebPage\",\"@id\":\"https:\\\/\\\/www.proclinic.es\\\/blog\\\/fallo-del-jurado-de-la-10a-edicion-de-las-becas-proclinic\\\/\",\"url\":\"https:\\\/\\\/www.proclinic.es\\\/blog\\\/fallo-del-jurado-de-la-10a-edicion-de-las-becas-proclinic\\\/\",\"name\":\"Fallo del jurado de la 10\u00aa edici\u00f3n de las Becas Proclinic - Blog Proclinic\",\"isPartOf\":{\"@id\":\"https:\\\/\\\/www.proclinic.es\\\/blog\\\/#website\"},\"primaryImageOfPage\":{\"@id\":\"https:\\\/\\\/www.proclinic.es\\\/blog\\\/fallo-del-jurado-de-la-10a-edicion-de-las-becas-proclinic\\\/#primaryimage\"},\"image\":{\"@id\":\"https:\\\/\\\/www.proclinic.es\\\/blog\\\/fallo-del-jurado-de-la-10a-edicion-de-las-becas-proclinic\\\/#primaryimage\"},\"thumbnailUrl\":\"https:\\\/\\\/www.proclinic.es\\\/blog\\\/wp-content\\\/uploads\\\/2019\\\/02\\\/Fallo_jurado_becas_proclinic_2018.png\",\"datePublished\":\"2019-02-14T16:17:01+00:00\",\"dateModified\":\"2019-05-23T10:51:36+00:00\",\"author\":{\"@id\":\"https:\\\/\\\/www.proclinic.es\\\/blog\\\/#\\\/schema\\\/person\\\/85e304ea367ce3922003b0d8b388e527\"},\"breadcrumb\":{\"@id\":\"https:\\\/\\\/www.proclinic.es\\\/blog\\\/fallo-del-jurado-de-la-10a-edicion-de-las-becas-proclinic\\\/#breadcrumb\"},\"inLanguage\":\"es\",\"potentialAction\":[{\"@type\":\"ReadAction\",\"target\":[\"https:\\\/\\\/www.proclinic.es\\\/blog\\\/fallo-del-jurado-de-la-10a-edicion-de-las-becas-proclinic\\\/\"]}]},{\"@type\":\"ImageObject\",\"inLanguage\":\"es\",\"@id\":\"https:\\\/\\\/www.proclinic.es\\\/blog\\\/fallo-del-jurado-de-la-10a-edicion-de-las-becas-proclinic\\\/#primaryimage\",\"url\":\"https:\\\/\\\/www.proclinic.es\\\/blog\\\/wp-content\\\/uploads\\\/2019\\\/02\\\/Fallo_jurado_becas_proclinic_2018.png\",\"contentUrl\":\"https:\\\/\\\/www.proclinic.es\\\/blog\\\/wp-content\\\/uploads\\\/2019\\\/02\\\/Fallo_jurado_becas_proclinic_2018.png\",\"width\":808,\"height\":601},{\"@type\":\"BreadcrumbList\",\"@id\":\"https:\\\/\\\/www.proclinic.es\\\/blog\\\/fallo-del-jurado-de-la-10a-edicion-de-las-becas-proclinic\\\/#breadcrumb\",\"itemListElement\":[{\"@type\":\"ListItem\",\"position\":1,\"name\":\"Home\",\"item\":\"https:\\\/\\\/www.proclinic.es\\\/blog\\\/\"},{\"@type\":\"ListItem\",\"position\":2,\"name\":\"Fallo del jurado de la 10\u00aa edici\u00f3n de las Becas Proclinic\"}]},{\"@type\":\"WebSite\",\"@id\":\"https:\\\/\\\/www.proclinic.es\\\/blog\\\/#website\",\"url\":\"https:\\\/\\\/www.proclinic.es\\\/blog\\\/\",\"name\":\"Blog Proclinic\",\"description\":\"\u00a1Bienvenido al blog de Proclinic! En este espacio, nos enfocamos en brindar informaci\u00f3n valiosa y actualizada para todos los profesionales del sector dental. Nuestra misi\u00f3n es mantenerte al d\u00eda de las \u00faltimas tendencias, investigaciones y t\u00e9cnicas en el campo de la odontolog\u00eda. Exploraremos temas que van desde las novedades en materiales odontol\u00f3gicos, consejos pr\u00e1cticos para la gesti\u00f3n de cl\u00ednicas dentales hasta casos cl\u00ednicos con base cient\u00edfica, eventos del sector y mucho m\u00e1s. Te invitamos a seguir nuestro contenido, dise\u00f1ado para mantener tu pr\u00e1ctica en la vanguardia de la odontolog\u00eda moderna.\",\"potentialAction\":[{\"@type\":\"SearchAction\",\"target\":{\"@type\":\"EntryPoint\",\"urlTemplate\":\"https:\\\/\\\/www.proclinic.es\\\/blog\\\/?s={search_term_string}\"},\"query-input\":{\"@type\":\"PropertyValueSpecification\",\"valueRequired\":true,\"valueName\":\"search_term_string\"}}],\"inLanguage\":\"es\"},{\"@type\":\"Person\",\"@id\":\"https:\\\/\\\/www.proclinic.es\\\/blog\\\/#\\\/schema\\\/person\\\/85e304ea367ce3922003b0d8b388e527\",\"name\":\"Anna\",\"image\":{\"@type\":\"ImageObject\",\"inLanguage\":\"es\",\"@id\":\"https:\\\/\\\/secure.gravatar.com\\\/avatar\\\/b8b19455b6924f97d0afcdeb2791066e8c8af798468c71e0fe7e686c5d0b49f4?s=96&d=mm&r=g\",\"url\":\"https:\\\/\\\/secure.gravatar.com\\\/avatar\\\/b8b19455b6924f97d0afcdeb2791066e8c8af798468c71e0fe7e686c5d0b49f4?s=96&d=mm&r=g\",\"contentUrl\":\"https:\\\/\\\/secure.gravatar.com\\\/avatar\\\/b8b19455b6924f97d0afcdeb2791066e8c8af798468c71e0fe7e686c5d0b49f4?s=96&d=mm&r=g\",\"caption\":\"Anna\"},\"description\":\"Community Manager\",\"url\":\"https:\\\/\\\/www.proclinic.es\\\/blog\\\/author\\\/anna\\\/\"}]}<\/script>\n<!-- \/ Yoast SEO plugin. -->","yoast_head_json":{"title":"Fallo del jurado de la 10\u00aa edici\u00f3n de las Becas Proclinic - Blog Proclinic","robots":{"index":"index","follow":"follow","max-snippet":"max-snippet:-1","max-image-preview":"max-image-preview:large","max-video-preview":"max-video-preview:-1"},"canonical":"https:\/\/www.proclinic.es\/blog\/fallo-del-jurado-de-la-10a-edicion-de-las-becas-proclinic\/","og_locale":"es_ES","og_type":"article","og_title":"Fallo del jurado de la 10\u00aa edici\u00f3n de las Becas Proclinic - Blog Proclinic","og_description":"El d\u00eda 5 de febrero de 2019 tuvo lugar la reuni\u00f3n del Jurado para fallar los premios de la 10\u00ba Edici\u00f3n de las Becas Proclinic. El jurado estuvo presidido por Ilmo. Sr. Jos\u00e9 Carlos de la Macorra (Decano Facultad de Odontolog\u00eda de la Universidad Complutense de Madrid y presidente de la Conferencia de Decanos de ... Read more","og_url":"https:\/\/www.proclinic.es\/blog\/fallo-del-jurado-de-la-10a-edicion-de-las-becas-proclinic\/","og_site_name":"Blog Proclinic","article_publisher":"https:\/\/www.facebook.com\/proclinicsa","article_published_time":"2019-02-14T16:17:01+00:00","article_modified_time":"2019-05-23T10:51:36+00:00","og_image":[{"width":808,"height":601,"url":"https:\/\/www.proclinic.es\/blog\/wp-content\/uploads\/2019\/02\/Fallo_jurado_becas_proclinic_2018.png","type":"image\/png"}],"author":"Anna","twitter_card":"summary_large_image","twitter_creator":"@Proclinic_SA","twitter_site":"@Proclinic_SA","twitter_misc":{"Escrito por":"Anna","Tiempo de lectura":"2 minutos"},"schema":{"@context":"https:\/\/schema.org","@graph":[{"@type":"Article","@id":"https:\/\/www.proclinic.es\/blog\/fallo-del-jurado-de-la-10a-edicion-de-las-becas-proclinic\/#article","isPartOf":{"@id":"https:\/\/www.proclinic.es\/blog\/fallo-del-jurado-de-la-10a-edicion-de-las-becas-proclinic\/"},"author":{"name":"Anna","@id":"https:\/\/www.proclinic.es\/blog\/#\/schema\/person\/85e304ea367ce3922003b0d8b388e527"},"headline":"Fallo del jurado de la 10\u00aa edici\u00f3n de las Becas Proclinic","datePublished":"2019-02-14T16:17:01+00:00","dateModified":"2019-05-23T10:51:36+00:00","mainEntityOfPage":{"@id":"https:\/\/www.proclinic.es\/blog\/fallo-del-jurado-de-la-10a-edicion-de-las-becas-proclinic\/"},"wordCount":431,"commentCount":0,"image":{"@id":"https:\/\/www.proclinic.es\/blog\/fallo-del-jurado-de-la-10a-edicion-de-las-becas-proclinic\/#primaryimage"},"thumbnailUrl":"https:\/\/www.proclinic.es\/blog\/wp-content\/uploads\/2019\/02\/Fallo_jurado_becas_proclinic_2018.png","keywords":["Becas Proclinic","estudiantes","Falcultad de odontolog\u00eda","Fallo 10\u00ba edici\u00f3n","Fallo becas","ganadores de la beca proclinic","odontolog\u00eda","Periodoncia","UCM"],"articleSection":["Formaci\u00f3n y Eventos"],"inLanguage":"es","potentialAction":[{"@type":"CommentAction","name":"Comment","target":["https:\/\/www.proclinic.es\/blog\/fallo-del-jurado-de-la-10a-edicion-de-las-becas-proclinic\/#respond"]}]},{"@type":"WebPage","@id":"https:\/\/www.proclinic.es\/blog\/fallo-del-jurado-de-la-10a-edicion-de-las-becas-proclinic\/","url":"https:\/\/www.proclinic.es\/blog\/fallo-del-jurado-de-la-10a-edicion-de-las-becas-proclinic\/","name":"Fallo del jurado de la 10\u00aa edici\u00f3n de las Becas Proclinic - Blog Proclinic","isPartOf":{"@id":"https:\/\/www.proclinic.es\/blog\/#website"},"primaryImageOfPage":{"@id":"https:\/\/www.proclinic.es\/blog\/fallo-del-jurado-de-la-10a-edicion-de-las-becas-proclinic\/#primaryimage"},"image":{"@id":"https:\/\/www.proclinic.es\/blog\/fallo-del-jurado-de-la-10a-edicion-de-las-becas-proclinic\/#primaryimage"},"thumbnailUrl":"https:\/\/www.proclinic.es\/blog\/wp-content\/uploads\/2019\/02\/Fallo_jurado_becas_proclinic_2018.png","datePublished":"2019-02-14T16:17:01+00:00","dateModified":"2019-05-23T10:51:36+00:00","author":{"@id":"https:\/\/www.proclinic.es\/blog\/#\/schema\/person\/85e304ea367ce3922003b0d8b388e527"},"breadcrumb":{"@id":"https:\/\/www.proclinic.es\/blog\/fallo-del-jurado-de-la-10a-edicion-de-las-becas-proclinic\/#breadcrumb"},"inLanguage":"es","potentialAction":[{"@type":"ReadAction","target":["https:\/\/www.proclinic.es\/blog\/fallo-del-jurado-de-la-10a-edicion-de-las-becas-proclinic\/"]}]},{"@type":"ImageObject","inLanguage":"es","@id":"https:\/\/www.proclinic.es\/blog\/fallo-del-jurado-de-la-10a-edicion-de-las-becas-proclinic\/#primaryimage","url":"https:\/\/www.proclinic.es\/blog\/wp-content\/uploads\/2019\/02\/Fallo_jurado_becas_proclinic_2018.png","contentUrl":"https:\/\/www.proclinic.es\/blog\/wp-content\/uploads\/2019\/02\/Fallo_jurado_becas_proclinic_2018.png","width":808,"height":601},{"@type":"BreadcrumbList","@id":"https:\/\/www.proclinic.es\/blog\/fallo-del-jurado-de-la-10a-edicion-de-las-becas-proclinic\/#breadcrumb","itemListElement":[{"@type":"ListItem","position":1,"name":"Home","item":"https:\/\/www.proclinic.es\/blog\/"},{"@type":"ListItem","position":2,"name":"Fallo del jurado de la 10\u00aa edici\u00f3n de las Becas Proclinic"}]},{"@type":"WebSite","@id":"https:\/\/www.proclinic.es\/blog\/#website","url":"https:\/\/www.proclinic.es\/blog\/","name":"Blog Proclinic","description":"\u00a1Bienvenido al blog de Proclinic! En este espacio, nos enfocamos en brindar informaci\u00f3n valiosa y actualizada para todos los profesionales del sector dental. Nuestra misi\u00f3n es mantenerte al d\u00eda de las \u00faltimas tendencias, investigaciones y t\u00e9cnicas en el campo de la odontolog\u00eda. Exploraremos temas que van desde las novedades en materiales odontol\u00f3gicos, consejos pr\u00e1cticos para la gesti\u00f3n de cl\u00ednicas dentales hasta casos cl\u00ednicos con base cient\u00edfica, eventos del sector y mucho m\u00e1s. Te invitamos a seguir nuestro contenido, dise\u00f1ado para mantener tu pr\u00e1ctica en la vanguardia de la odontolog\u00eda moderna.","potentialAction":[{"@type":"SearchAction","target":{"@type":"EntryPoint","urlTemplate":"https:\/\/www.proclinic.es\/blog\/?s={search_term_string}"},"query-input":{"@type":"PropertyValueSpecification","valueRequired":true,"valueName":"search_term_string"}}],"inLanguage":"es"},{"@type":"Person","@id":"https:\/\/www.proclinic.es\/blog\/#\/schema\/person\/85e304ea367ce3922003b0d8b388e527","name":"Anna","image":{"@type":"ImageObject","inLanguage":"es","@id":"https:\/\/secure.gravatar.com\/avatar\/b8b19455b6924f97d0afcdeb2791066e8c8af798468c71e0fe7e686c5d0b49f4?s=96&d=mm&r=g","url":"https:\/\/secure.gravatar.com\/avatar\/b8b19455b6924f97d0afcdeb2791066e8c8af798468c71e0fe7e686c5d0b49f4?s=96&d=mm&r=g","contentUrl":"https:\/\/secure.gravatar.com\/avatar\/b8b19455b6924f97d0afcdeb2791066e8c8af798468c71e0fe7e686c5d0b49f4?s=96&d=mm&r=g","caption":"Anna"},"description":"Community Manager","url":"https:\/\/www.proclinic.es\/blog\/author\/anna\/"}]}},"jetpack_featured_media_url":"https:\/\/www.proclinic.es\/blog\/wp-content\/uploads\/2019\/02\/Fallo_jurado_becas_proclinic_2018.png","_links":{"self":[{"href":"https:\/\/www.proclinic.es\/blog\/wp-json\/wp\/v2\/posts\/10358","targetHints":{"allow":["GET"]}}],"collection":[{"href":"https:\/\/www.proclinic.es\/blog\/wp-json\/wp\/v2\/posts"}],"about":[{"href":"https:\/\/www.proclinic.es\/blog\/wp-json\/wp\/v2\/types\/post"}],"author":[{"embeddable":true,"href":"https:\/\/www.proclinic.es\/blog\/wp-json\/wp\/v2\/users\/101011"}],"replies":[{"embeddable":true,"href":"https:\/\/www.proclinic.es\/blog\/wp-json\/wp\/v2\/comments?post=10358"}],"version-history":[{"count":5,"href":"https:\/\/www.proclinic.es\/blog\/wp-json\/wp\/v2\/posts\/10358\/revisions"}],"predecessor-version":[{"id":10367,"href":"https:\/\/www.proclinic.es\/blog\/wp-json\/wp\/v2\/posts\/10358\/revisions\/10367"}],"wp:featuredmedia":[{"embeddable":true,"href":"https:\/\/www.proclinic.es\/blog\/wp-json\/wp\/v2\/media\/10885"}],"wp:attachment":[{"href":"https:\/\/www.proclinic.es\/blog\/wp-json\/wp\/v2\/media?parent=10358"}],"wp:term":[{"taxonomy":"category","embeddable":true,"href":"https:\/\/www.proclinic.es\/blog\/wp-json\/wp\/v2\/categories?post=10358"},{"taxonomy":"post_tag","embeddable":true,"href":"https:\/\/www.proclinic.es\/blog\/wp-json\/wp\/v2\/tags?post=10358"}],"curies":[{"name":"wp","href":"https:\/\/api.w.org\/{rel}","templated":true}]}}